{"id":241662,"date":"2024-08-19T05:39:39","date_gmt":"2024-08-19T09:39:39","guid":{"rendered":"https:\/\/www.eldiario.net\/portal\/?p=241662"},"modified":"2024-08-19T05:39:39","modified_gmt":"2024-08-19T09:39:39","slug":"muere-alain-delon-un-icono-del-cine-frances","status":"publish","type":"post","link":"https:\/\/www.eldiario.net\/portal\/2024\/08\/19\/muere-alain-delon-un-icono-del-cine-frances\/","title":{"rendered":"Muere Alain Delon un \u00edcono del cine franc\u00e9s"},"content":{"rendered":"<p>El anuncio de la muerte del actor Alain Delon comenz\u00f3 a generar reacciones de homenaje, una de las primeras fue la del presidente franc\u00e9s, Emmanuel Macron, que lo ha calificado de \u201cmonumento franc\u00e9s\u201d.<br \/>\nEn un mensaje emitido en la red social X, Macron record\u00f3 algunos de los personajes que m\u00e1s marcaron su filmograf\u00eda: el se\u00f1or Klein, Rocco, el Guepardo o el Samurai.<br \/>\nAlain Delon, se\u00f1al\u00f3 el jefe del Estado, \u201cencarn\u00f3 papeles legendarios, e hizo so\u00f1ar a todo el mundo\u201d.<br \/>\n\u201cMelanc\u00f3lico, popular, secreto, era m\u00e1s que una estrella: un monumento franc\u00e9s\u201d, sostuvo Macron, que ilustr\u00f3 su mensaje con una foto del actor en sus a\u00f1os j\u00f3venes con el Arco de Triunfo de Par\u00eds de fondo.<br \/>\nJack Lang, que fue ministro de Cultura durante la presidencia del socialista Fran\u00e7ois Mitterrand, ha querido recordar, en una entrevista a la emisora de radio France Info, la gran amistad que le uni\u00f3 al que describe como un \u201cinmenso actor\u201d, y el homenaje que se le hab\u00eda organizado en el Festival de Cannes cuando estaba al frente del Ministerio.<br \/>\nLang asever\u00f3 que aunque era bien conocido que Alain Delon era de derechas, tuvo una \u201crelaci\u00f3n de respeto y m\u00e1s tarde de afecci\u00f3n\u201d con Fran\u00e7ois Mitterrand, al que rindi\u00f3 homenaje a su muerte en 1996.<br \/>\nDelon fue criticado en el pasado por su apoyo a Jean-Marie Le Pen, l\u00edder del ultraderechista Frente Nacional (m\u00e1s tarde rebautizado como Agrupaci\u00f3n Nacional), partidario de la pena de muerte y contrario a la homosexualidad.<br \/>\nPor su parte, Marine Le Pen, hija de Jean-Marie y l\u00edder de la Agrupaci\u00f3n Nacional, afirm\u00f3 que \u201cla leyenda ha fallecido\u201d. \u201cAlain Delon nos deja hu\u00e9rfanos de la edad de oro del cine franc\u00e9s que tan bien encarn\u00f3. Una peque\u00f1a parte de la Francia que amamos se va con \u00e9l\u201d.<br \/>\nMENSAJES DE CLAUDIA CARDINALE Y BRIGITTE BARDOT<br \/>\n\u201cSe acab\u00f3 el baile. Tancredi subi\u00f3 a bailar con las estrellas\u2026\u201d, reaccion\u00f3 la actriz italiana Claudia Cardinale ante la muerte de Delon, su compa\u00f1ero en El Gatopardo. Evocando la ic\u00f3nica escena del baile que protagoniz\u00f3 con el actor y al personaje interpretado por Alain Delon en la obra maestra de Luchino Visconti (1963), Cardinale a\u00f1adi\u00f3: \u201cMe piden que ponga palabras&#8230; pero la tristeza es demasiado intensa. Me uno al dolor de sus hijos, de sus seres queridos, de sus fans&#8230;\u201d.<br \/>\n\u201cPer sempre tua (Tuya para siempre), Ang\u00e9lica\u201d, concluy\u00f3 Cardinale, firmando el nombre de su propio personaje en la pel\u00edcula, que recibi\u00f3 la Palma de Oro en el Festival de Cannes.<br \/>\nLa m\u00edtica actriz francesa Brigitte Bardot menciona estar \u201cdevastada\u201d por la muerte de Delon. \u201cLa noticia de la muerte de Alain Delon, un hombre excepcional, un artista inolvidable y un gran amigo de los animales, nos entristeci\u00f3 el coraz\u00f3n. Alain era mucho m\u00e1s que un icono del cine; su compromiso dej\u00f3 una huella indeleble en nuestros corazones\u201d, escribi\u00f3 la Fundaci\u00f3n de la actriz, dedicada a la defensa de los animales, una causa en la que Delon estaba comprometido. El texto contin\u00faa: \u201cAlain tambi\u00e9n era un amigo \u00edntimo de nuestra presidenta Brigitte Bardot, que est\u00e1 devastada por su desaparici\u00f3n. Su amistad, basada en un amor com\u00fan por los animales y un compromiso compartido por su bienestar, era preciosa y sincera\u201d.<br \/>\nEl hijo del actor Jean-Paul Belmondo public\u00f3 en Instagram una foto de su padre junto a Alain Delon, acompa\u00f1ada de un breve mensaje: \u201cAlain, un d\u00eda me dijiste que extra\u00f1abas a mi padre, hoy eres t\u00fa a quien extra\u00f1aremos mucho\u201d.<br \/>\n\u201cArtista insaciable, el actor exigente fue tambi\u00e9n productor, director y coguionista. Su admirable carrera, marcada por la intensidad de su interpretaci\u00f3n y su absoluto carisma, lo han convertido en una de las leyendas inolvidables del S\u00e9ptimo Arte\u201d, escribi\u00f3 en Instagram, Olivier Henrard, director general y presidente interino del Centro Nacional de Cine de Francia.<br \/>\nAlain Delon, \u201cse ha convertido en un \u00edcono eterno del s\u00e9ptimo arte, la encarnaci\u00f3n del cine franc\u00e9s a nivel internacional\u201d, reaccion\u00f3 la Academia de Artes y T\u00e9cnicas Cinematogr\u00e1ficas que organiza cada a\u00f1o la ceremonia de los C\u00e9sar, premios del cine franc\u00e9s.<br \/>\n\u201cAlain Delon aport\u00f3 este talento inimitable y una elegancia irresistible a cada uno de sus papeles. Muchas de sus pel\u00edculas, rodadas bajo la c\u00e1mara de los m\u00e1s grandes, se convirtieron en cl\u00e1sicos\u201d, a\u00f1adi\u00f3 la academia en X. \u201cGracias a la variedad de papeles que interpret\u00f3 con pasi\u00f3n e intensidad, pero tambi\u00e9n a trav\u00e9s de su magnetismo \u00fanico, muchas de sus pel\u00edculas, rodadas bajo las c\u00e1maras de los m\u00e1s grandes, se han convertido en cl\u00e1sicos como \u2018Plein Soleil\u2019 de Ren\u00e9 Cl\u00e9ment, \u2018El Gatopardo\u2019, \u2018Rocco y sus hermanos\u2019 de Luchino Visconti, \u2018El Samur\u00e1i\u2019\u201d, record\u00f3 Los C\u00e9sar, por los que Alain Delon hab\u00eda sido nominado tres veces.<br \/>\nEl antiguo Presidente del Festival de Cannes, Gilles Jacob, rindi\u00f3 homenaje a Delon como \u201cun le\u00f3n&#8230; un actor de mirada f\u00e9rrea\u201d.<br \/>\nAlberto Barbera, director del festival de Venecia, dijo que era un \u201cicono\u201d que hab\u00eda subido \u201cal Olimpo de los inmortales\u201d.<br \/>\n\u201cAlain Delon triunf\u00f3 donde la mayor\u00eda de sus colegas fracasan: ser considerado el hombre m\u00e1s hermoso del mundo y al mismo tiempo un actor extraordinario, un icono del cine franc\u00e9s que debe parte de su \u00e9xito planetario a las pel\u00edculas rodadas en Italia\u201d, agreg\u00f3.<br \/>\n\u201cNos ha dejado un talento intemporal del cine mundial\u201d, sostuvo Chiara Sbarigia, presidenta de los estudios italianos de Cinecitt\u00e0, lugar en donde el actor realiz\u00f3 algunas de sus pel\u00edculas m\u00e1s importantes. (Infobae)<\/p>\n<p>&nbsp;<\/p>\n<p>&nbsp;<\/p>\n","protected":false},"excerpt":{"rendered":"<p>El anuncio de la muerte del actor Alain Delon comenz\u00f3 a generar reacciones de homenaje, una de las primeras fue la del presidente franc\u00e9s, Emmanuel Macron, que lo ha calificado de \u201cmonumento franc\u00e9s\u201d. En un mensaje emitido en la red social X, Macron record\u00f3 algunos de los personajes que m\u00e1s marcaron su filmograf\u00eda: el se\u00f1or [&hellip;]<\/p>\n","protected":false},"author":1,"featured_media":241663,"comment_status":"open","ping_status":"open","sticky":false,"template":"","format":"standard","meta":{"_acf_changed":false,"footnotes":""},"categories":[3],"tags":[],"class_list":["post-241662","post","type-post","status-publish","format-standard","has-post-thumbnail","category-internacional"],"acf":{"antetitulo":"El mundo llora su partida"},"yoast_head":"<!-- This site is optimized with the Yoast SEO plugin v28.3 - https:\/\/yoast.com\/product\/yoast-seo-wordpress\/ -->\n<title>Muere Alain Delon un \u00edcono del cine franc\u00e9s - El Diario - Bolivia<\/title>\n<meta name=\"robots\" content=\"index, follow, max-snippet:-1, max-image-preview:large, max-video-preview:-1\" \/>\n<link rel=\"canonical\" href=\"https:\/\/www.eldiario.net\/portal\/2024\/08\/19\/muere-alain-delon-un-icono-del-cine-frances\/\" \/>\n<meta property=\"og:locale\" content=\"es_ES\" \/>\n<meta property=\"og:type\" content=\"article\" \/>\n<meta property=\"og:title\" content=\"Muere Alain Delon un \u00edcono del cine franc\u00e9s - El Diario - Bolivia\" \/>\n<meta property=\"og:description\" content=\"El anuncio de la muerte del actor Alain Delon comenz\u00f3 a generar reacciones de homenaje, una de las primeras fue la del presidente franc\u00e9s, Emmanuel Macron, que lo ha calificado de \u201cmonumento franc\u00e9s\u201d. En un mensaje emitido en la red social X, Macron record\u00f3 algunos de los personajes que m\u00e1s marcaron su filmograf\u00eda: el se\u00f1or [&hellip;]\" \/>\n<meta property=\"og:url\" content=\"https:\/\/www.eldiario.net\/portal\/2024\/08\/19\/muere-alain-delon-un-icono-del-cine-frances\/\" \/>\n<meta property=\"og:site_name\" content=\"El Diario - Bolivia\" \/>\n<meta property=\"article:publisher\" content=\"https:\/\/www.facebook.com\/eldiario.bolivia\/\" \/>\n<meta property=\"article:published_time\" content=\"2024-08-19T09:39:39+00:00\" \/>\n<meta property=\"og:image\" content=\"https:\/\/www.eldiario.net\/portal\/wp-content\/uploads\/2024\/08\/ALAN-eL-Argentino-Diario.webp\" \/>\n\t<meta property=\"og:image:width\" content=\"1480\" \/>\n\t<meta property=\"og:image:height\" content=\"1056\" \/>\n\t<meta property=\"og:image:type\" content=\"image\/webp\" \/>\n<meta name=\"author\" content=\"Jeanette\" \/>\n<meta name=\"twitter:card\" content=\"summary_large_image\" \/>\n<meta name=\"twitter:creator\" content=\"@eldiario_net\" \/>\n<meta name=\"twitter:site\" content=\"@eldiario_net\" \/>\n<meta name=\"twitter:label1\" content=\"Escrito por\" \/>\n\t<meta name=\"twitter:data1\" content=\"Jeanette\" \/>\n\t<meta name=\"twitter:label2\" content=\"Tiempo de lectura\" \/>\n\t<meta name=\"twitter:data2\" content=\"5 minutos\" \/>\n<script type=\"application\/ld+json\" class=\"yoast-schema-graph\">{\"@context\":\"https:\\\/\\\/schema.org\",\"@graph\":[{\"@type\":\"Article\",\"@id\":\"https:\\\/\\\/www.eldiario.net\\\/portal\\\/2024\\\/08\\\/19\\\/muere-alain-delon-un-icono-del-cine-frances\\\/#article\",\"isPartOf\":{\"@id\":\"https:\\\/\\\/www.eldiario.net\\\/portal\\\/2024\\\/08\\\/19\\\/muere-alain-delon-un-icono-del-cine-frances\\\/\"},\"author\":{\"name\":\"Jeanette\",\"@id\":\"https:\\\/\\\/www.eldiario.net\\\/portal\\\/#\\\/schema\\\/person\\\/f46445640444750d7d753ccd04ae01b7\"},\"headline\":\"Muere Alain Delon un \u00edcono del cine franc\u00e9s\",\"datePublished\":\"2024-08-19T09:39:39+00:00\",\"mainEntityOfPage\":{\"@id\":\"https:\\\/\\\/www.eldiario.net\\\/portal\\\/2024\\\/08\\\/19\\\/muere-alain-delon-un-icono-del-cine-frances\\\/\"},\"wordCount\":974,\"commentCount\":0,\"publisher\":{\"@id\":\"https:\\\/\\\/www.eldiario.net\\\/portal\\\/#organization\"},\"image\":{\"@id\":\"https:\\\/\\\/www.eldiario.net\\\/portal\\\/2024\\\/08\\\/19\\\/muere-alain-delon-un-icono-del-cine-frances\\\/#primaryimage\"},\"thumbnailUrl\":\"https:\\\/\\\/www.eldiario.net\\\/portal\\\/wp-content\\\/uploads\\\/2024\\\/08\\\/ALAN-eL-Argentino-Diario.webp\",\"articleSection\":[\"Internacional\"],\"inLanguage\":\"es\",\"potentialAction\":[{\"@type\":\"CommentAction\",\"name\":\"Comment\",\"target\":[\"https:\\\/\\\/www.eldiario.net\\\/portal\\\/2024\\\/08\\\/19\\\/muere-alain-delon-un-icono-del-cine-frances\\\/#respond\"]}]},{\"@type\":\"WebPage\",\"@id\":\"https:\\\/\\\/www.eldiario.net\\\/portal\\\/2024\\\/08\\\/19\\\/muere-alain-delon-un-icono-del-cine-frances\\\/\",\"url\":\"https:\\\/\\\/www.eldiario.net\\\/portal\\\/2024\\\/08\\\/19\\\/muere-alain-delon-un-icono-del-cine-frances\\\/\",\"name\":\"Muere Alain Delon un \u00edcono del cine franc\u00e9s - El Diario - Bolivia\",\"isPartOf\":{\"@id\":\"https:\\\/\\\/www.eldiario.net\\\/portal\\\/#website\"},\"primaryImageOfPage\":{\"@id\":\"https:\\\/\\\/www.eldiario.net\\\/portal\\\/2024\\\/08\\\/19\\\/muere-alain-delon-un-icono-del-cine-frances\\\/#primaryimage\"},\"image\":{\"@id\":\"https:\\\/\\\/www.eldiario.net\\\/portal\\\/2024\\\/08\\\/19\\\/muere-alain-delon-un-icono-del-cine-frances\\\/#primaryimage\"},\"thumbnailUrl\":\"https:\\\/\\\/www.eldiario.net\\\/portal\\\/wp-content\\\/uploads\\\/2024\\\/08\\\/ALAN-eL-Argentino-Diario.webp\",\"datePublished\":\"2024-08-19T09:39:39+00:00\",\"breadcrumb\":{\"@id\":\"https:\\\/\\\/www.eldiario.net\\\/portal\\\/2024\\\/08\\\/19\\\/muere-alain-delon-un-icono-del-cine-frances\\\/#breadcrumb\"},\"inLanguage\":\"es\",\"potentialAction\":[{\"@type\":\"ReadAction\",\"target\":[\"https:\\\/\\\/www.eldiario.net\\\/portal\\\/2024\\\/08\\\/19\\\/muere-alain-delon-un-icono-del-cine-frances\\\/\"]}]},{\"@type\":\"ImageObject\",\"inLanguage\":\"es\",\"@id\":\"https:\\\/\\\/www.eldiario.net\\\/portal\\\/2024\\\/08\\\/19\\\/muere-alain-delon-un-icono-del-cine-frances\\\/#primaryimage\",\"url\":\"https:\\\/\\\/www.eldiario.net\\\/portal\\\/wp-content\\\/uploads\\\/2024\\\/08\\\/ALAN-eL-Argentino-Diario.webp\",\"contentUrl\":\"https:\\\/\\\/www.eldiario.net\\\/portal\\\/wp-content\\\/uploads\\\/2024\\\/08\\\/ALAN-eL-Argentino-Diario.webp\",\"width\":1480,\"height\":1056,\"caption\":\"El actor Alain Delon deja un enorme legado en el cine mundial.\"},{\"@type\":\"BreadcrumbList\",\"@id\":\"https:\\\/\\\/www.eldiario.net\\\/portal\\\/2024\\\/08\\\/19\\\/muere-alain-delon-un-icono-del-cine-frances\\\/#breadcrumb\",\"itemListElement\":[{\"@type\":\"ListItem\",\"position\":1,\"name\":\"Portada\",\"item\":\"https:\\\/\\\/www.eldiario.net\\\/portal\\\/\"},{\"@type\":\"ListItem\",\"position\":2,\"name\":\"Muere Alain Delon un \u00edcono del cine franc\u00e9s\"}]},{\"@type\":\"WebSite\",\"@id\":\"https:\\\/\\\/www.eldiario.net\\\/portal\\\/#website\",\"url\":\"https:\\\/\\\/www.eldiario.net\\\/portal\\\/\",\"name\":\"El Diario - Decano de la prensa nacional\",\"description\":\"El Diario - Decano de la prensa nacional\",\"publisher\":{\"@id\":\"https:\\\/\\\/www.eldiario.net\\\/portal\\\/#organization\"},\"potentialAction\":[{\"@type\":\"SearchAction\",\"target\":{\"@type\":\"EntryPoint\",\"urlTemplate\":\"https:\\\/\\\/www.eldiario.net\\\/portal\\\/?s={search_term_string}\"},\"query-input\":{\"@type\":\"PropertyValueSpecification\",\"valueRequired\":true,\"valueName\":\"search_term_string\"}}],\"inLanguage\":\"es\"},{\"@type\":\"Organization\",\"@id\":\"https:\\\/\\\/www.eldiario.net\\\/portal\\\/#organization\",\"name\":\"El Diario - Decano de la prensa nacional\",\"url\":\"https:\\\/\\\/www.eldiario.net\\\/portal\\\/\",\"logo\":{\"@type\":\"ImageObject\",\"inLanguage\":\"es\",\"@id\":\"https:\\\/\\\/www.eldiario.net\\\/portal\\\/#\\\/schema\\\/logo\\\/image\\\/\",\"url\":\"https:\\\/\\\/www.eldiario.net\\\/portal\\\/wp-content\\\/uploads\\\/2023\\\/07\\\/logo_ED.jpg\",\"contentUrl\":\"https:\\\/\\\/www.eldiario.net\\\/portal\\\/wp-content\\\/uploads\\\/2023\\\/07\\\/logo_ED.jpg\",\"width\":272,\"height\":52,\"caption\":\"El Diario - Decano de la prensa nacional\"},\"image\":{\"@id\":\"https:\\\/\\\/www.eldiario.net\\\/portal\\\/#\\\/schema\\\/logo\\\/image\\\/\"},\"sameAs\":[\"https:\\\/\\\/www.facebook.com\\\/eldiario.bolivia\\\/\",\"https:\\\/\\\/x.com\\\/eldiario_net\"]},{\"@type\":\"Person\",\"@id\":\"https:\\\/\\\/www.eldiario.net\\\/portal\\\/#\\\/schema\\\/person\\\/f46445640444750d7d753ccd04ae01b7\",\"name\":\"Jeanette\",\"image\":{\"@type\":\"ImageObject\",\"inLanguage\":\"es\",\"@id\":\"https:\\\/\\\/secure.gravatar.com\\\/avatar\\\/3ea2118a5f7dad2b7138b1187a6b7ee55f160b9968b66013c3a3ef39dd7e5798?s=96&d=mm&r=g\",\"url\":\"https:\\\/\\\/secure.gravatar.com\\\/avatar\\\/3ea2118a5f7dad2b7138b1187a6b7ee55f160b9968b66013c3a3ef39dd7e5798?s=96&d=mm&r=g\",\"contentUrl\":\"https:\\\/\\\/secure.gravatar.com\\\/avatar\\\/3ea2118a5f7dad2b7138b1187a6b7ee55f160b9968b66013c3a3ef39dd7e5798?s=96&d=mm&r=g\",\"caption\":\"Jeanette\"},\"sameAs\":[\"https:\\\/\\\/www.eldiario.net\\\/portal\"],\"url\":\"https:\\\/\\\/www.eldiario.net\\\/portal\\\/author\\\/jeanette\\\/\"}]}<\/script>\n<!-- \/ Yoast SEO plugin. -->","yoast_head_json":{"title":"Muere Alain Delon un \u00edcono del cine franc\u00e9s - El Diario - Bolivia","robots":{"index":"index","follow":"follow","max-snippet":"max-snippet:-1","max-image-preview":"max-image-preview:large","max-video-preview":"max-video-preview:-1"},"canonical":"https:\/\/www.eldiario.net\/portal\/2024\/08\/19\/muere-alain-delon-un-icono-del-cine-frances\/","og_locale":"es_ES","og_type":"article","og_title":"Muere Alain Delon un \u00edcono del cine franc\u00e9s - El Diario - Bolivia","og_description":"El anuncio de la muerte del actor Alain Delon comenz\u00f3 a generar reacciones de homenaje, una de las primeras fue la del presidente franc\u00e9s, Emmanuel Macron, que lo ha calificado de \u201cmonumento franc\u00e9s\u201d. En un mensaje emitido en la red social X, Macron record\u00f3 algunos de los personajes que m\u00e1s marcaron su filmograf\u00eda: el se\u00f1or [&hellip;]","og_url":"https:\/\/www.eldiario.net\/portal\/2024\/08\/19\/muere-alain-delon-un-icono-del-cine-frances\/","og_site_name":"El Diario - Bolivia","article_publisher":"https:\/\/www.facebook.com\/eldiario.bolivia\/","article_published_time":"2024-08-19T09:39:39+00:00","og_image":[{"width":1480,"height":1056,"url":"https:\/\/www.eldiario.net\/portal\/wp-content\/uploads\/2024\/08\/ALAN-eL-Argentino-Diario.webp","type":"image\/webp"}],"author":"Jeanette","twitter_card":"summary_large_image","twitter_creator":"@eldiario_net","twitter_site":"@eldiario_net","twitter_misc":{"Escrito por":"Jeanette","Tiempo de lectura":"5 minutos"},"schema":{"@context":"https:\/\/schema.org","@graph":[{"@type":"Article","@id":"https:\/\/www.eldiario.net\/portal\/2024\/08\/19\/muere-alain-delon-un-icono-del-cine-frances\/#article","isPartOf":{"@id":"https:\/\/www.eldiario.net\/portal\/2024\/08\/19\/muere-alain-delon-un-icono-del-cine-frances\/"},"author":{"name":"Jeanette","@id":"https:\/\/www.eldiario.net\/portal\/#\/schema\/person\/f46445640444750d7d753ccd04ae01b7"},"headline":"Muere Alain Delon un \u00edcono del cine franc\u00e9s","datePublished":"2024-08-19T09:39:39+00:00","mainEntityOfPage":{"@id":"https:\/\/www.eldiario.net\/portal\/2024\/08\/19\/muere-alain-delon-un-icono-del-cine-frances\/"},"wordCount":974,"commentCount":0,"publisher":{"@id":"https:\/\/www.eldiario.net\/portal\/#organization"},"image":{"@id":"https:\/\/www.eldiario.net\/portal\/2024\/08\/19\/muere-alain-delon-un-icono-del-cine-frances\/#primaryimage"},"thumbnailUrl":"https:\/\/www.eldiario.net\/portal\/wp-content\/uploads\/2024\/08\/ALAN-eL-Argentino-Diario.webp","articleSection":["Internacional"],"inLanguage":"es","potentialAction":[{"@type":"CommentAction","name":"Comment","target":["https:\/\/www.eldiario.net\/portal\/2024\/08\/19\/muere-alain-delon-un-icono-del-cine-frances\/#respond"]}]},{"@type":"WebPage","@id":"https:\/\/www.eldiario.net\/portal\/2024\/08\/19\/muere-alain-delon-un-icono-del-cine-frances\/","url":"https:\/\/www.eldiario.net\/portal\/2024\/08\/19\/muere-alain-delon-un-icono-del-cine-frances\/","name":"Muere Alain Delon un \u00edcono del cine franc\u00e9s - El Diario - Bolivia","isPartOf":{"@id":"https:\/\/www.eldiario.net\/portal\/#website"},"primaryImageOfPage":{"@id":"https:\/\/www.eldiario.net\/portal\/2024\/08\/19\/muere-alain-delon-un-icono-del-cine-frances\/#primaryimage"},"image":{"@id":"https:\/\/www.eldiario.net\/portal\/2024\/08\/19\/muere-alain-delon-un-icono-del-cine-frances\/#primaryimage"},"thumbnailUrl":"https:\/\/www.eldiario.net\/portal\/wp-content\/uploads\/2024\/08\/ALAN-eL-Argentino-Diario.webp","datePublished":"2024-08-19T09:39:39+00:00","breadcrumb":{"@id":"https:\/\/www.eldiario.net\/portal\/2024\/08\/19\/muere-alain-delon-un-icono-del-cine-frances\/#breadcrumb"},"inLanguage":"es","potentialAction":[{"@type":"ReadAction","target":["https:\/\/www.eldiario.net\/portal\/2024\/08\/19\/muere-alain-delon-un-icono-del-cine-frances\/"]}]},{"@type":"ImageObject","inLanguage":"es","@id":"https:\/\/www.eldiario.net\/portal\/2024\/08\/19\/muere-alain-delon-un-icono-del-cine-frances\/#primaryimage","url":"https:\/\/www.eldiario.net\/portal\/wp-content\/uploads\/2024\/08\/ALAN-eL-Argentino-Diario.webp","contentUrl":"https:\/\/www.eldiario.net\/portal\/wp-content\/uploads\/2024\/08\/ALAN-eL-Argentino-Diario.webp","width":1480,"height":1056,"caption":"El actor Alain Delon deja un enorme legado en el cine mundial."},{"@type":"BreadcrumbList","@id":"https:\/\/www.eldiario.net\/portal\/2024\/08\/19\/muere-alain-delon-un-icono-del-cine-frances\/#breadcrumb","itemListElement":[{"@type":"ListItem","position":1,"name":"Portada","item":"https:\/\/www.eldiario.net\/portal\/"},{"@type":"ListItem","position":2,"name":"Muere Alain Delon un \u00edcono del cine franc\u00e9s"}]},{"@type":"WebSite","@id":"https:\/\/www.eldiario.net\/portal\/#website","url":"https:\/\/www.eldiario.net\/portal\/","name":"El Diario - Decano de la prensa nacional","description":"El Diario - Decano de la prensa nacional","publisher":{"@id":"https:\/\/www.eldiario.net\/portal\/#organization"},"potentialAction":[{"@type":"SearchAction","target":{"@type":"EntryPoint","urlTemplate":"https:\/\/www.eldiario.net\/portal\/?s={search_term_string}"},"query-input":{"@type":"PropertyValueSpecification","valueRequired":true,"valueName":"search_term_string"}}],"inLanguage":"es"},{"@type":"Organization","@id":"https:\/\/www.eldiario.net\/portal\/#organization","name":"El Diario - Decano de la prensa nacional","url":"https:\/\/www.eldiario.net\/portal\/","logo":{"@type":"ImageObject","inLanguage":"es","@id":"https:\/\/www.eldiario.net\/portal\/#\/schema\/logo\/image\/","url":"https:\/\/www.eldiario.net\/portal\/wp-content\/uploads\/2023\/07\/logo_ED.jpg","contentUrl":"https:\/\/www.eldiario.net\/portal\/wp-content\/uploads\/2023\/07\/logo_ED.jpg","width":272,"height":52,"caption":"El Diario - Decano de la prensa nacional"},"image":{"@id":"https:\/\/www.eldiario.net\/portal\/#\/schema\/logo\/image\/"},"sameAs":["https:\/\/www.facebook.com\/eldiario.bolivia\/","https:\/\/x.com\/eldiario_net"]},{"@type":"Person","@id":"https:\/\/www.eldiario.net\/portal\/#\/schema\/person\/f46445640444750d7d753ccd04ae01b7","name":"Jeanette","image":{"@type":"ImageObject","inLanguage":"es","@id":"https:\/\/secure.gravatar.com\/avatar\/3ea2118a5f7dad2b7138b1187a6b7ee55f160b9968b66013c3a3ef39dd7e5798?s=96&d=mm&r=g","url":"https:\/\/secure.gravatar.com\/avatar\/3ea2118a5f7dad2b7138b1187a6b7ee55f160b9968b66013c3a3ef39dd7e5798?s=96&d=mm&r=g","contentUrl":"https:\/\/secure.gravatar.com\/avatar\/3ea2118a5f7dad2b7138b1187a6b7ee55f160b9968b66013c3a3ef39dd7e5798?s=96&d=mm&r=g","caption":"Jeanette"},"sameAs":["https:\/\/www.eldiario.net\/portal"],"url":"https:\/\/www.eldiario.net\/portal\/author\/jeanette\/"}]}},"_links":{"self":[{"href":"https:\/\/www.eldiario.net\/portal\/wp-json\/wp\/v2\/posts\/241662","targetHints":{"allow":["GET"]}}],"collection":[{"href":"https:\/\/www.eldiario.net\/portal\/wp-json\/wp\/v2\/posts"}],"about":[{"href":"https:\/\/www.eldiario.net\/portal\/wp-json\/wp\/v2\/types\/post"}],"author":[{"embeddable":true,"href":"https:\/\/www.eldiario.net\/portal\/wp-json\/wp\/v2\/users\/1"}],"replies":[{"embeddable":true,"href":"https:\/\/www.eldiario.net\/portal\/wp-json\/wp\/v2\/comments?post=241662"}],"version-history":[{"count":1,"href":"https:\/\/www.eldiario.net\/portal\/wp-json\/wp\/v2\/posts\/241662\/revisions"}],"predecessor-version":[{"id":241664,"href":"https:\/\/www.eldiario.net\/portal\/wp-json\/wp\/v2\/posts\/241662\/revisions\/241664"}],"wp:featuredmedia":[{"embeddable":true,"href":"https:\/\/www.eldiario.net\/portal\/wp-json\/wp\/v2\/media\/241663"}],"wp:attachment":[{"href":"https:\/\/www.eldiario.net\/portal\/wp-json\/wp\/v2\/media?parent=241662"}],"wp:term":[{"taxonomy":"category","embeddable":true,"href":"https:\/\/www.eldiario.net\/portal\/wp-json\/wp\/v2\/categories?post=241662"},{"taxonomy":"post_tag","embeddable":true,"href":"https:\/\/www.eldiario.net\/portal\/wp-json\/wp\/v2\/tags?post=241662"}],"curies":[{"name":"wp","href":"https:\/\/api.w.org\/{rel}","templated":true}]}}