{"id":24166,"date":"2021-08-18T06:14:37","date_gmt":"2021-08-18T10:14:37","guid":{"rendered":"https:\/\/www.eldiario.net\/portal\/?p=24166"},"modified":"2021-08-18T06:14:37","modified_gmt":"2021-08-18T10:14:37","slug":"conade-y-oposicion-anuncian-defensa-de-la-democracia-y-justicia","status":"publish","type":"post","link":"https:\/\/www.eldiario.net\/portal\/2021\/08\/18\/conade-y-oposicion-anuncian-defensa-de-la-democracia-y-justicia\/","title":{"rendered":"Conade y oposici\u00f3n anuncian  defensa de la democracia y justicia"},"content":{"rendered":"<p>Tras la entrega del informe elaborado por el Grupo Interdisciplinario de Expertos Independientes (GIEI) sobre los hechos de violencia en 2019, el Comit\u00e9 Nacional en Defensa de la Democracia (Conade), Comunidad Ciudadana (CC), Creemos y Plataformas 21F expresaron su decisi\u00f3n de impulsar acciones conjuntas por la defensa de la democracia, la b\u00fasqueda de justicia sin impunidad y por el respeto a la libertad de expresi\u00f3n sin censura a manifestaciones de protesta.<br \/>\nEstas organizaciones emitieron un comunicado conjunto en el que se hacen precisiones sobre el informe entregado por el GIEI, se\u00f1alando que las violaciones a los derechos humanos a los que se hace referencia buscaron generar terror y amedrentar a la poblaci\u00f3n en 2019.<br \/>\n\u201cDel Informe se evidencia que, entre los meses de septiembre y diciembre de 2019, se produjeron graves violaciones a los derechos humanos en varias zonas del pa\u00eds, con el resultado de muertes, personas heridas, agresiones; adem\u00e1s de destrucci\u00f3n de propiedad p\u00fablica y privada; acciones para generar terror y amenazas contra la vida y la integridad de las personas\u201d.<br \/>\nSe\u00f1alan que el estudio entregado en la v\u00edspera confirma que fue provocado por los intentos del expresidente Evo Morales para permanecer en el poder a toda costa, apelando a la violaci\u00f3n de la CPE y el desconocimiento de los resultados del refer\u00e9ndum vinculante del 21F.<br \/>\n\u201cEl informe confirma la certeza de que las causas determinantes de la crisis de violencia del 2019 es la desinstitucionalizaci\u00f3n del Estado y la aguda polarizaci\u00f3n provocada por acciones de Evo Morales y sus colaboradores para quedarse indefinidamente en el poder, vulnerando la CPE, el Referendo del 21-F, la institucionalidad democr\u00e1tica\u201d, se se\u00f1ala.<br \/>\nAgrega que en el Informe se infiere que las investigaciones en Bolivia por violaciones a los derechos humanos, especialmente con relaci\u00f3n a todas las muertes ocurridas, por acci\u00f3n directa de las fuerzas de seguridad del Estado o de particulares, podr\u00edan quedar en la impunidad y ser politizadas a trav\u00e9s de una fiscal\u00eda y justicia selectivas, si no se dejan sin efecto la amnist\u00eda e indulto discriminatoria del presidente Arce Catacora y el arbitrario sobreseimiento del caso fraude electoral anunciado por el Fiscal General del Estado.<br \/>\nSe\u00f1alan que para llevar adelante procesos de investigaci\u00f3n y sanci\u00f3n contra quienes resulten responsables de estos hechos, el cambio de operadores fiscales y judiciales que conocer\u00e1n estos hechos resulta imprescindible, porque el sistema judicial no cuenta con las condiciones m\u00ednimas de independencia, transparencia e idoneidad, para encontrar la verdad e imponer recta justicia, como condiciones para una paz verdadera.<br \/>\nDe esta manera, se sostiene que las organizaciones que firman el comunicado ratifican su decisi\u00f3n de impulsar acciones conjuntamente en defensa de la democracia, la b\u00fasqueda de justicia sin impunidad de ning\u00fan tipo, el respeto a la libertad de expresi\u00f3n y la no censura a la protesta.<\/p>\n","protected":false},"excerpt":{"rendered":"<p>Tras la entrega del informe elaborado por el Grupo Interdisciplinario de Expertos Independientes (GIEI) sobre los hechos de violencia en 2019, el Comit\u00e9 Nacional en Defensa de la Democracia (Conade), Comunidad Ciudadana (CC), Creemos y Plataformas 21F expresaron su decisi\u00f3n de impulsar acciones conjuntas por la defensa de la democracia, la b\u00fasqueda de justicia sin [&hellip;]<\/p>\n","protected":false},"author":1,"featured_media":24167,"comment_status":"closed","ping_status":"closed","sticky":false,"template":"","format":"standard","meta":{"_acf_changed":false,"footnotes":""},"categories":[14],"tags":[],"class_list":["post-24166","post","type-post","status-publish","format-standard","has-post-thumbnail","category-politica"],"acf":{"antetitulo":""},"yoast_head":"<!-- This site is optimized with the Yoast SEO plugin v28.4 - https:\/\/yoast.com\/product\/yoast-seo-wordpress\/ -->\n<title>Conade y oposici\u00f3n anuncian defensa de la democracia y justicia - El Diario - Bolivia<\/title>\n<meta name=\"robots\" content=\"index, follow, max-snippet:-1, max-image-preview:large, max-video-preview:-1\" \/>\n<link rel=\"canonical\" href=\"https:\/\/www.eldiario.net\/portal\/2021\/08\/18\/conade-y-oposicion-anuncian-defensa-de-la-democracia-y-justicia\/\" \/>\n<meta property=\"og:locale\" content=\"es_ES\" \/>\n<meta property=\"og:type\" content=\"article\" \/>\n<meta property=\"og:title\" content=\"Conade y oposici\u00f3n anuncian defensa de la democracia y justicia - El Diario - Bolivia\" \/>\n<meta property=\"og:description\" content=\"Tras la entrega del informe elaborado por el Grupo Interdisciplinario de Expertos Independientes (GIEI) sobre los hechos de violencia en 2019, el Comit\u00e9 Nacional en Defensa de la Democracia (Conade), Comunidad Ciudadana (CC), Creemos y Plataformas 21F expresaron su decisi\u00f3n de impulsar acciones conjuntas por la defensa de la democracia, la b\u00fasqueda de justicia sin [&hellip;]\" \/>\n<meta property=\"og:url\" content=\"https:\/\/www.eldiario.net\/portal\/2021\/08\/18\/conade-y-oposicion-anuncian-defensa-de-la-democracia-y-justicia\/\" \/>\n<meta property=\"og:site_name\" content=\"El Diario - Bolivia\" \/>\n<meta property=\"article:publisher\" content=\"https:\/\/www.facebook.com\/eldiario.bolivia\/\" \/>\n<meta property=\"article:published_time\" content=\"2021-08-18T10:14:37+00:00\" \/>\n<meta name=\"author\" content=\"Jeanette\" \/>\n<meta name=\"twitter:card\" content=\"summary_large_image\" \/>\n<meta name=\"twitter:creator\" content=\"@eldiario_net\" \/>\n<meta name=\"twitter:site\" content=\"@eldiario_net\" \/>\n<meta name=\"twitter:label1\" content=\"Escrito por\" \/>\n\t<meta name=\"twitter:data1\" content=\"Jeanette\" \/>\n\t<meta name=\"twitter:label2\" content=\"Tiempo de lectura\" \/>\n\t<meta name=\"twitter:data2\" content=\"3 minutos\" \/>\n<script type=\"application\/ld+json\" class=\"yoast-schema-graph\">{\"@context\":\"https:\\\/\\\/schema.org\",\"@graph\":[{\"@type\":\"Article\",\"@id\":\"https:\\\/\\\/www.eldiario.net\\\/portal\\\/2021\\\/08\\\/18\\\/conade-y-oposicion-anuncian-defensa-de-la-democracia-y-justicia\\\/#article\",\"isPartOf\":{\"@id\":\"https:\\\/\\\/www.eldiario.net\\\/portal\\\/2021\\\/08\\\/18\\\/conade-y-oposicion-anuncian-defensa-de-la-democracia-y-justicia\\\/\"},\"author\":{\"name\":\"Jeanette\",\"@id\":\"https:\\\/\\\/www.eldiario.net\\\/portal\\\/#\\\/schema\\\/person\\\/f46445640444750d7d753ccd04ae01b7\"},\"headline\":\"Conade y oposici\u00f3n anuncian defensa de la democracia y justicia\",\"datePublished\":\"2021-08-18T10:14:37+00:00\",\"mainEntityOfPage\":{\"@id\":\"https:\\\/\\\/www.eldiario.net\\\/portal\\\/2021\\\/08\\\/18\\\/conade-y-oposicion-anuncian-defensa-de-la-democracia-y-justicia\\\/\"},\"wordCount\":500,\"publisher\":{\"@id\":\"https:\\\/\\\/www.eldiario.net\\\/portal\\\/#organization\"},\"image\":{\"@id\":\"https:\\\/\\\/www.eldiario.net\\\/portal\\\/2021\\\/08\\\/18\\\/conade-y-oposicion-anuncian-defensa-de-la-democracia-y-justicia\\\/#primaryimage\"},\"thumbnailUrl\":\"\",\"articleSection\":[\"Pol\u00edtica\"],\"inLanguage\":\"es\"},{\"@type\":\"WebPage\",\"@id\":\"https:\\\/\\\/www.eldiario.net\\\/portal\\\/2021\\\/08\\\/18\\\/conade-y-oposicion-anuncian-defensa-de-la-democracia-y-justicia\\\/\",\"url\":\"https:\\\/\\\/www.eldiario.net\\\/portal\\\/2021\\\/08\\\/18\\\/conade-y-oposicion-anuncian-defensa-de-la-democracia-y-justicia\\\/\",\"name\":\"Conade y oposici\u00f3n anuncian defensa de la democracia y justicia - El Diario - Bolivia\",\"isPartOf\":{\"@id\":\"https:\\\/\\\/www.eldiario.net\\\/portal\\\/#website\"},\"primaryImageOfPage\":{\"@id\":\"https:\\\/\\\/www.eldiario.net\\\/portal\\\/2021\\\/08\\\/18\\\/conade-y-oposicion-anuncian-defensa-de-la-democracia-y-justicia\\\/#primaryimage\"},\"image\":{\"@id\":\"https:\\\/\\\/www.eldiario.net\\\/portal\\\/2021\\\/08\\\/18\\\/conade-y-oposicion-anuncian-defensa-de-la-democracia-y-justicia\\\/#primaryimage\"},\"thumbnailUrl\":\"\",\"datePublished\":\"2021-08-18T10:14:37+00:00\",\"breadcrumb\":{\"@id\":\"https:\\\/\\\/www.eldiario.net\\\/portal\\\/2021\\\/08\\\/18\\\/conade-y-oposicion-anuncian-defensa-de-la-democracia-y-justicia\\\/#breadcrumb\"},\"inLanguage\":\"es\",\"potentialAction\":[{\"@type\":\"ReadAction\",\"target\":[\"https:\\\/\\\/www.eldiario.net\\\/portal\\\/2021\\\/08\\\/18\\\/conade-y-oposicion-anuncian-defensa-de-la-democracia-y-justicia\\\/\"]}]},{\"@type\":\"ImageObject\",\"inLanguage\":\"es\",\"@id\":\"https:\\\/\\\/www.eldiario.net\\\/portal\\\/2021\\\/08\\\/18\\\/conade-y-oposicion-anuncian-defensa-de-la-democracia-y-justicia\\\/#primaryimage\",\"url\":\"\",\"contentUrl\":\"\"},{\"@type\":\"BreadcrumbList\",\"@id\":\"https:\\\/\\\/www.eldiario.net\\\/portal\\\/2021\\\/08\\\/18\\\/conade-y-oposicion-anuncian-defensa-de-la-democracia-y-justicia\\\/#breadcrumb\",\"itemListElement\":[{\"@type\":\"ListItem\",\"position\":1,\"name\":\"Portada\",\"item\":\"https:\\\/\\\/www.eldiario.net\\\/portal\\\/\"},{\"@type\":\"ListItem\",\"position\":2,\"name\":\"Conade y oposici\u00f3n anuncian defensa de la democracia y justicia\"}]},{\"@type\":\"WebSite\",\"@id\":\"https:\\\/\\\/www.eldiario.net\\\/portal\\\/#website\",\"url\":\"https:\\\/\\\/www.eldiario.net\\\/portal\\\/\",\"name\":\"El Diario - Decano de la prensa nacional\",\"description\":\"El Diario - Decano de la prensa nacional\",\"publisher\":{\"@id\":\"https:\\\/\\\/www.eldiario.net\\\/portal\\\/#organization\"},\"potentialAction\":[{\"@type\":\"SearchAction\",\"target\":{\"@type\":\"EntryPoint\",\"urlTemplate\":\"https:\\\/\\\/www.eldiario.net\\\/portal\\\/?s={search_term_string}\"},\"query-input\":{\"@type\":\"PropertyValueSpecification\",\"valueRequired\":true,\"valueName\":\"search_term_string\"}}],\"inLanguage\":\"es\"},{\"@type\":\"Organization\",\"@id\":\"https:\\\/\\\/www.eldiario.net\\\/portal\\\/#organization\",\"name\":\"El Diario - Decano de la prensa nacional\",\"url\":\"https:\\\/\\\/www.eldiario.net\\\/portal\\\/\",\"logo\":{\"@type\":\"ImageObject\",\"inLanguage\":\"es\",\"@id\":\"https:\\\/\\\/www.eldiario.net\\\/portal\\\/#\\\/schema\\\/logo\\\/image\\\/\",\"url\":\"https:\\\/\\\/www.eldiario.net\\\/portal\\\/wp-content\\\/uploads\\\/2023\\\/07\\\/logo_ED.jpg\",\"contentUrl\":\"https:\\\/\\\/www.eldiario.net\\\/portal\\\/wp-content\\\/uploads\\\/2023\\\/07\\\/logo_ED.jpg\",\"width\":272,\"height\":52,\"caption\":\"El Diario - Decano de la prensa nacional\"},\"image\":{\"@id\":\"https:\\\/\\\/www.eldiario.net\\\/portal\\\/#\\\/schema\\\/logo\\\/image\\\/\"},\"sameAs\":[\"https:\\\/\\\/www.facebook.com\\\/eldiario.bolivia\\\/\",\"https:\\\/\\\/x.com\\\/eldiario_net\"]},{\"@type\":\"Person\",\"@id\":\"https:\\\/\\\/www.eldiario.net\\\/portal\\\/#\\\/schema\\\/person\\\/f46445640444750d7d753ccd04ae01b7\",\"name\":\"Jeanette\",\"image\":{\"@type\":\"ImageObject\",\"inLanguage\":\"es\",\"@id\":\"https:\\\/\\\/secure.gravatar.com\\\/avatar\\\/3ea2118a5f7dad2b7138b1187a6b7ee55f160b9968b66013c3a3ef39dd7e5798?s=96&d=mm&r=g\",\"url\":\"https:\\\/\\\/secure.gravatar.com\\\/avatar\\\/3ea2118a5f7dad2b7138b1187a6b7ee55f160b9968b66013c3a3ef39dd7e5798?s=96&d=mm&r=g\",\"contentUrl\":\"https:\\\/\\\/secure.gravatar.com\\\/avatar\\\/3ea2118a5f7dad2b7138b1187a6b7ee55f160b9968b66013c3a3ef39dd7e5798?s=96&d=mm&r=g\",\"caption\":\"Jeanette\"},\"sameAs\":[\"https:\\\/\\\/www.eldiario.net\\\/portal\"],\"url\":\"https:\\\/\\\/www.eldiario.net\\\/portal\\\/author\\\/jeanette\\\/\"}]}<\/script>\n<!-- \/ Yoast SEO plugin. -->","yoast_head_json":{"title":"Conade y oposici\u00f3n anuncian defensa de la democracia y justicia - El Diario - Bolivia","robots":{"index":"index","follow":"follow","max-snippet":"max-snippet:-1","max-image-preview":"max-image-preview:large","max-video-preview":"max-video-preview:-1"},"canonical":"https:\/\/www.eldiario.net\/portal\/2021\/08\/18\/conade-y-oposicion-anuncian-defensa-de-la-democracia-y-justicia\/","og_locale":"es_ES","og_type":"article","og_title":"Conade y oposici\u00f3n anuncian defensa de la democracia y justicia - El Diario - Bolivia","og_description":"Tras la entrega del informe elaborado por el Grupo Interdisciplinario de Expertos Independientes (GIEI) sobre los hechos de violencia en 2019, el Comit\u00e9 Nacional en Defensa de la Democracia (Conade), Comunidad Ciudadana (CC), Creemos y Plataformas 21F expresaron su decisi\u00f3n de impulsar acciones conjuntas por la defensa de la democracia, la b\u00fasqueda de justicia sin [&hellip;]","og_url":"https:\/\/www.eldiario.net\/portal\/2021\/08\/18\/conade-y-oposicion-anuncian-defensa-de-la-democracia-y-justicia\/","og_site_name":"El Diario - Bolivia","article_publisher":"https:\/\/www.facebook.com\/eldiario.bolivia\/","article_published_time":"2021-08-18T10:14:37+00:00","author":"Jeanette","twitter_card":"summary_large_image","twitter_creator":"@eldiario_net","twitter_site":"@eldiario_net","twitter_misc":{"Escrito por":"Jeanette","Tiempo de lectura":"3 minutos"},"schema":{"@context":"https:\/\/schema.org","@graph":[{"@type":"Article","@id":"https:\/\/www.eldiario.net\/portal\/2021\/08\/18\/conade-y-oposicion-anuncian-defensa-de-la-democracia-y-justicia\/#article","isPartOf":{"@id":"https:\/\/www.eldiario.net\/portal\/2021\/08\/18\/conade-y-oposicion-anuncian-defensa-de-la-democracia-y-justicia\/"},"author":{"name":"Jeanette","@id":"https:\/\/www.eldiario.net\/portal\/#\/schema\/person\/f46445640444750d7d753ccd04ae01b7"},"headline":"Conade y oposici\u00f3n anuncian defensa de la democracia y justicia","datePublished":"2021-08-18T10:14:37+00:00","mainEntityOfPage":{"@id":"https:\/\/www.eldiario.net\/portal\/2021\/08\/18\/conade-y-oposicion-anuncian-defensa-de-la-democracia-y-justicia\/"},"wordCount":500,"publisher":{"@id":"https:\/\/www.eldiario.net\/portal\/#organization"},"image":{"@id":"https:\/\/www.eldiario.net\/portal\/2021\/08\/18\/conade-y-oposicion-anuncian-defensa-de-la-democracia-y-justicia\/#primaryimage"},"thumbnailUrl":"","articleSection":["Pol\u00edtica"],"inLanguage":"es"},{"@type":"WebPage","@id":"https:\/\/www.eldiario.net\/portal\/2021\/08\/18\/conade-y-oposicion-anuncian-defensa-de-la-democracia-y-justicia\/","url":"https:\/\/www.eldiario.net\/portal\/2021\/08\/18\/conade-y-oposicion-anuncian-defensa-de-la-democracia-y-justicia\/","name":"Conade y oposici\u00f3n anuncian defensa de la democracia y justicia - El Diario - Bolivia","isPartOf":{"@id":"https:\/\/www.eldiario.net\/portal\/#website"},"primaryImageOfPage":{"@id":"https:\/\/www.eldiario.net\/portal\/2021\/08\/18\/conade-y-oposicion-anuncian-defensa-de-la-democracia-y-justicia\/#primaryimage"},"image":{"@id":"https:\/\/www.eldiario.net\/portal\/2021\/08\/18\/conade-y-oposicion-anuncian-defensa-de-la-democracia-y-justicia\/#primaryimage"},"thumbnailUrl":"","datePublished":"2021-08-18T10:14:37+00:00","breadcrumb":{"@id":"https:\/\/www.eldiario.net\/portal\/2021\/08\/18\/conade-y-oposicion-anuncian-defensa-de-la-democracia-y-justicia\/#breadcrumb"},"inLanguage":"es","potentialAction":[{"@type":"ReadAction","target":["https:\/\/www.eldiario.net\/portal\/2021\/08\/18\/conade-y-oposicion-anuncian-defensa-de-la-democracia-y-justicia\/"]}]},{"@type":"ImageObject","inLanguage":"es","@id":"https:\/\/www.eldiario.net\/portal\/2021\/08\/18\/conade-y-oposicion-anuncian-defensa-de-la-democracia-y-justicia\/#primaryimage","url":"","contentUrl":""},{"@type":"BreadcrumbList","@id":"https:\/\/www.eldiario.net\/portal\/2021\/08\/18\/conade-y-oposicion-anuncian-defensa-de-la-democracia-y-justicia\/#breadcrumb","itemListElement":[{"@type":"ListItem","position":1,"name":"Portada","item":"https:\/\/www.eldiario.net\/portal\/"},{"@type":"ListItem","position":2,"name":"Conade y oposici\u00f3n anuncian defensa de la democracia y justicia"}]},{"@type":"WebSite","@id":"https:\/\/www.eldiario.net\/portal\/#website","url":"https:\/\/www.eldiario.net\/portal\/","name":"El Diario - Decano de la prensa nacional","description":"El Diario - Decano de la prensa nacional","publisher":{"@id":"https:\/\/www.eldiario.net\/portal\/#organization"},"potentialAction":[{"@type":"SearchAction","target":{"@type":"EntryPoint","urlTemplate":"https:\/\/www.eldiario.net\/portal\/?s={search_term_string}"},"query-input":{"@type":"PropertyValueSpecification","valueRequired":true,"valueName":"search_term_string"}}],"inLanguage":"es"},{"@type":"Organization","@id":"https:\/\/www.eldiario.net\/portal\/#organization","name":"El Diario - Decano de la prensa nacional","url":"https:\/\/www.eldiario.net\/portal\/","logo":{"@type":"ImageObject","inLanguage":"es","@id":"https:\/\/www.eldiario.net\/portal\/#\/schema\/logo\/image\/","url":"https:\/\/www.eldiario.net\/portal\/wp-content\/uploads\/2023\/07\/logo_ED.jpg","contentUrl":"https:\/\/www.eldiario.net\/portal\/wp-content\/uploads\/2023\/07\/logo_ED.jpg","width":272,"height":52,"caption":"El Diario - Decano de la prensa nacional"},"image":{"@id":"https:\/\/www.eldiario.net\/portal\/#\/schema\/logo\/image\/"},"sameAs":["https:\/\/www.facebook.com\/eldiario.bolivia\/","https:\/\/x.com\/eldiario_net"]},{"@type":"Person","@id":"https:\/\/www.eldiario.net\/portal\/#\/schema\/person\/f46445640444750d7d753ccd04ae01b7","name":"Jeanette","image":{"@type":"ImageObject","inLanguage":"es","@id":"https:\/\/secure.gravatar.com\/avatar\/3ea2118a5f7dad2b7138b1187a6b7ee55f160b9968b66013c3a3ef39dd7e5798?s=96&d=mm&r=g","url":"https:\/\/secure.gravatar.com\/avatar\/3ea2118a5f7dad2b7138b1187a6b7ee55f160b9968b66013c3a3ef39dd7e5798?s=96&d=mm&r=g","contentUrl":"https:\/\/secure.gravatar.com\/avatar\/3ea2118a5f7dad2b7138b1187a6b7ee55f160b9968b66013c3a3ef39dd7e5798?s=96&d=mm&r=g","caption":"Jeanette"},"sameAs":["https:\/\/www.eldiario.net\/portal"],"url":"https:\/\/www.eldiario.net\/portal\/author\/jeanette\/"}]}},"_links":{"self":[{"href":"https:\/\/www.eldiario.net\/portal\/wp-json\/wp\/v2\/posts\/24166","targetHints":{"allow":["GET"]}}],"collection":[{"href":"https:\/\/www.eldiario.net\/portal\/wp-json\/wp\/v2\/posts"}],"about":[{"href":"https:\/\/www.eldiario.net\/portal\/wp-json\/wp\/v2\/types\/post"}],"author":[{"embeddable":true,"href":"https:\/\/www.eldiario.net\/portal\/wp-json\/wp\/v2\/users\/1"}],"replies":[{"embeddable":true,"href":"https:\/\/www.eldiario.net\/portal\/wp-json\/wp\/v2\/comments?post=24166"}],"version-history":[{"count":0,"href":"https:\/\/www.eldiario.net\/portal\/wp-json\/wp\/v2\/posts\/24166\/revisions"}],"wp:attachment":[{"href":"https:\/\/www.eldiario.net\/portal\/wp-json\/wp\/v2\/media?parent=24166"}],"wp:term":[{"taxonomy":"category","embeddable":true,"href":"https:\/\/www.eldiario.net\/portal\/wp-json\/wp\/v2\/categories?post=24166"},{"taxonomy":"post_tag","embeddable":true,"href":"https:\/\/www.eldiario.net\/portal\/wp-json\/wp\/v2\/tags?post=24166"}],"curies":[{"name":"wp","href":"https:\/\/api.w.org\/{rel}","templated":true}]}}