{"id":241659,"date":"2024-08-19T05:38:44","date_gmt":"2024-08-19T09:38:44","guid":{"rendered":"https:\/\/www.eldiario.net\/portal\/?p=241659"},"modified":"2024-08-19T05:38:44","modified_gmt":"2024-08-19T09:38:44","slug":"onu-alerta-incremento-de-desnutricion-aguda-en-zonas-controladas-por-yemen","status":"publish","type":"post","link":"https:\/\/www.eldiario.net\/portal\/2024\/08\/19\/onu-alerta-incremento-de-desnutricion-aguda-en-zonas-controladas-por-yemen\/","title":{"rendered":"ONU alerta incremento de desnutrici\u00f3n aguda en zonas controladas por Yemen"},"content":{"rendered":"<p>La Organizaci\u00f3n de las Naciones Unidas (ONU) alert\u00f3 ayer de un r\u00e1pido incremento de la malnutrici\u00f3n aguda en las zonas bajo control del Gobierno de Yemen, en el marco del conflicto armado que enfrenta desde hace una d\u00e9cada a las autoridades contra la insurgencia hut\u00ed.<br \/>\nLa guerra de Yemen, que comenz\u00f3 a finales de 2014 y devast\u00f3 el pa\u00eds, disminuy\u00f3 en intensidad de un tiempo a esta parte por los acercamientos entre Arabia Saud\u00ed e Ir\u00e1n, aliados respectivos del Gobierno y de los insurgentes, pero ni mucho menos dej\u00f3 de representar un peligro extraordinario para la poblaci\u00f3n civil.<br \/>\nPrueba de ello, es la \u00faltima evaluaci\u00f3n presentada por el grupo t\u00e9cnico de la Clasificaci\u00f3n Integrada de las Fases de la Seguridad Alimentaria (IPC), por sus siglas en ingl\u00e9s), presentada ayer, y que alerta de la gravedad extrema de la situaci\u00f3n, en particular en la costa oeste del pa\u00eds, territorio todav\u00eda bajo control del Gobierno yemen\u00ed desplazado a la ciudad de Ad\u00e9n nada m\u00e1s comenzar la guerra.<br \/>\n\u201cM\u00e1s de 600.000 ni\u00f1os, de ellos 120.000 con malnutrici\u00f3n aguda grave\u201d son v\u00edctimas de este incremento registrado respecto a finales del a\u00f1o pasado por una combinaci\u00f3n de factores que se retroalimentan entre s\u00ed, como recientes brotes de c\u00f3lera y sarampi\u00f3n, una crisis econ\u00f3mica end\u00e9mica y galopante y la elevada inseguridad alimentaria que domina la zona desde entonces.<br \/>\nLa crisis, avisa el IPC, afecta tambi\u00e9n a 223.000 mujeres embarazadas o en per\u00edodo de lactancia \u201cgravemente malnutridas en 2024\u201d, seg\u00fan el organismo.<br \/>\nAhora mismo, el epicentro de la crisis son las tierras bajas de la provincia de Hodeida (donde la prevalencia de malnutrici\u00f3n aguda interanual ha subido del 25,9 por ciento al 33,9 por ciento), concretamente los municipios de Al Jauja y Hays, as\u00ed como Taiz, cuya capital hom\u00f3nima escenario desde hace a\u00f1os del asedio de las fuerzas hut\u00edes.<br \/>\nDe julio a octubre de 2024, meses de la temporada de escasez en los que hay una actividad agr\u00edcola m\u00ednima, se prev\u00e9 que los 117 municipios de las \u00e1reas controladas por el Gobierno de Yemen experimenten niveles \u201cgraves\u201d de desnutrici\u00f3n aguda o peores y tambi\u00e9n se prev\u00e9 que el municipio de Mawza, en las tierras bajas de Taiz caiga al nivel \u201cextremadamente cr\u00edtico\u201d.<br \/>\n\u201cEl informe confirma una tendencia alarmante de desnutrici\u00f3n aguda entre los ni\u00f1os del sur de Yemen\u201d, declar\u00f3 el representante de Unicef en Yemen, Peter Hawkins.<br \/>\n\u201cPara proteger a las mujeres, ni\u00f1as y ni\u00f1os m\u00e1s vulnerables, es m\u00e1s importante que nunca invertir y ampliar los esfuerzos de prevenci\u00f3n y tratamiento. Continuaremos haciendo todo lo que podamos, incluso aprovechando la respuesta multisectorial existente para luchar contra formas amenazantes de desnutrici\u00f3n que amenazan las vidas de los ni\u00f1os, para que puedan sobrevivir y crecer hasta alcanzar su m\u00e1ximo potencial\u201d, finaliz\u00f3. (Europa Press)<\/p>\n","protected":false},"excerpt":{"rendered":"<p>La Organizaci\u00f3n de las Naciones Unidas (ONU) alert\u00f3 ayer de un r\u00e1pido incremento de la malnutrici\u00f3n aguda en las zonas bajo control del Gobierno de Yemen, en el marco del conflicto armado que enfrenta desde hace una d\u00e9cada a las autoridades contra la insurgencia hut\u00ed. La guerra de Yemen, que comenz\u00f3 a finales de 2014 [&hellip;]<\/p>\n","protected":false},"author":1,"featured_media":241660,"comment_status":"open","ping_status":"open","sticky":false,"template":"","format":"standard","meta":{"_acf_changed":false,"footnotes":""},"categories":[3],"tags":[],"class_list":["post-241659","post","type-post","status-publish","format-standard","has-post-thumbnail","category-internacional"],"acf":{"antetitulo":"Una d\u00e9cada de conflicto armado"},"yoast_head":"<!-- This site is optimized with the Yoast SEO plugin v28.3 - https:\/\/yoast.com\/product\/yoast-seo-wordpress\/ -->\n<title>ONU alerta incremento de desnutrici\u00f3n aguda en zonas controladas por Yemen - El Diario - Bolivia<\/title>\n<meta name=\"robots\" content=\"index, follow, max-snippet:-1, max-image-preview:large, max-video-preview:-1\" \/>\n<link rel=\"canonical\" href=\"https:\/\/www.eldiario.net\/portal\/2024\/08\/19\/onu-alerta-incremento-de-desnutricion-aguda-en-zonas-controladas-por-yemen\/\" \/>\n<meta property=\"og:locale\" content=\"es_ES\" \/>\n<meta property=\"og:type\" content=\"article\" \/>\n<meta property=\"og:title\" content=\"ONU alerta incremento de desnutrici\u00f3n aguda en zonas controladas por Yemen - El Diario - Bolivia\" \/>\n<meta property=\"og:description\" content=\"La Organizaci\u00f3n de las Naciones Unidas (ONU) alert\u00f3 ayer de un r\u00e1pido incremento de la malnutrici\u00f3n aguda en las zonas bajo control del Gobierno de Yemen, en el marco del conflicto armado que enfrenta desde hace una d\u00e9cada a las autoridades contra la insurgencia hut\u00ed. La guerra de Yemen, que comenz\u00f3 a finales de 2014 [&hellip;]\" \/>\n<meta property=\"og:url\" content=\"https:\/\/www.eldiario.net\/portal\/2024\/08\/19\/onu-alerta-incremento-de-desnutricion-aguda-en-zonas-controladas-por-yemen\/\" \/>\n<meta property=\"og:site_name\" content=\"El Diario - Bolivia\" \/>\n<meta property=\"article:publisher\" content=\"https:\/\/www.facebook.com\/eldiario.bolivia\/\" \/>\n<meta property=\"article:published_time\" content=\"2024-08-19T09:38:44+00:00\" \/>\n<meta property=\"og:image\" content=\"https:\/\/www.eldiario.net\/portal\/wp-content\/uploads\/2024\/08\/YEMEN-Unfpa.jpg\" \/>\n\t<meta property=\"og:image:width\" content=\"1268\" \/>\n\t<meta property=\"og:image:height\" content=\"671\" \/>\n\t<meta property=\"og:image:type\" content=\"image\/jpeg\" \/>\n<meta name=\"author\" content=\"Jeanette\" \/>\n<meta name=\"twitter:card\" content=\"summary_large_image\" \/>\n<meta name=\"twitter:creator\" content=\"@eldiario_net\" \/>\n<meta name=\"twitter:site\" content=\"@eldiario_net\" \/>\n<meta name=\"twitter:label1\" content=\"Escrito por\" \/>\n\t<meta name=\"twitter:data1\" content=\"Jeanette\" \/>\n\t<meta name=\"twitter:label2\" content=\"Tiempo de lectura\" \/>\n\t<meta name=\"twitter:data2\" content=\"3 minutos\" \/>\n<script type=\"application\/ld+json\" class=\"yoast-schema-graph\">{\"@context\":\"https:\\\/\\\/schema.org\",\"@graph\":[{\"@type\":\"Article\",\"@id\":\"https:\\\/\\\/www.eldiario.net\\\/portal\\\/2024\\\/08\\\/19\\\/onu-alerta-incremento-de-desnutricion-aguda-en-zonas-controladas-por-yemen\\\/#article\",\"isPartOf\":{\"@id\":\"https:\\\/\\\/www.eldiario.net\\\/portal\\\/2024\\\/08\\\/19\\\/onu-alerta-incremento-de-desnutricion-aguda-en-zonas-controladas-por-yemen\\\/\"},\"author\":{\"name\":\"Jeanette\",\"@id\":\"https:\\\/\\\/www.eldiario.net\\\/portal\\\/#\\\/schema\\\/person\\\/f46445640444750d7d753ccd04ae01b7\"},\"headline\":\"ONU alerta incremento de desnutrici\u00f3n aguda en zonas controladas por Yemen\",\"datePublished\":\"2024-08-19T09:38:44+00:00\",\"mainEntityOfPage\":{\"@id\":\"https:\\\/\\\/www.eldiario.net\\\/portal\\\/2024\\\/08\\\/19\\\/onu-alerta-incremento-de-desnutricion-aguda-en-zonas-controladas-por-yemen\\\/\"},\"wordCount\":505,\"commentCount\":0,\"publisher\":{\"@id\":\"https:\\\/\\\/www.eldiario.net\\\/portal\\\/#organization\"},\"image\":{\"@id\":\"https:\\\/\\\/www.eldiario.net\\\/portal\\\/2024\\\/08\\\/19\\\/onu-alerta-incremento-de-desnutricion-aguda-en-zonas-controladas-por-yemen\\\/#primaryimage\"},\"thumbnailUrl\":\"https:\\\/\\\/www.eldiario.net\\\/portal\\\/wp-content\\\/uploads\\\/2024\\\/08\\\/YEMEN-Unfpa.jpg\",\"articleSection\":[\"Internacional\"],\"inLanguage\":\"es\",\"potentialAction\":[{\"@type\":\"CommentAction\",\"name\":\"Comment\",\"target\":[\"https:\\\/\\\/www.eldiario.net\\\/portal\\\/2024\\\/08\\\/19\\\/onu-alerta-incremento-de-desnutricion-aguda-en-zonas-controladas-por-yemen\\\/#respond\"]}]},{\"@type\":\"WebPage\",\"@id\":\"https:\\\/\\\/www.eldiario.net\\\/portal\\\/2024\\\/08\\\/19\\\/onu-alerta-incremento-de-desnutricion-aguda-en-zonas-controladas-por-yemen\\\/\",\"url\":\"https:\\\/\\\/www.eldiario.net\\\/portal\\\/2024\\\/08\\\/19\\\/onu-alerta-incremento-de-desnutricion-aguda-en-zonas-controladas-por-yemen\\\/\",\"name\":\"ONU alerta incremento de desnutrici\u00f3n aguda en zonas controladas por Yemen - El Diario - Bolivia\",\"isPartOf\":{\"@id\":\"https:\\\/\\\/www.eldiario.net\\\/portal\\\/#website\"},\"primaryImageOfPage\":{\"@id\":\"https:\\\/\\\/www.eldiario.net\\\/portal\\\/2024\\\/08\\\/19\\\/onu-alerta-incremento-de-desnutricion-aguda-en-zonas-controladas-por-yemen\\\/#primaryimage\"},\"image\":{\"@id\":\"https:\\\/\\\/www.eldiario.net\\\/portal\\\/2024\\\/08\\\/19\\\/onu-alerta-incremento-de-desnutricion-aguda-en-zonas-controladas-por-yemen\\\/#primaryimage\"},\"thumbnailUrl\":\"https:\\\/\\\/www.eldiario.net\\\/portal\\\/wp-content\\\/uploads\\\/2024\\\/08\\\/YEMEN-Unfpa.jpg\",\"datePublished\":\"2024-08-19T09:38:44+00:00\",\"breadcrumb\":{\"@id\":\"https:\\\/\\\/www.eldiario.net\\\/portal\\\/2024\\\/08\\\/19\\\/onu-alerta-incremento-de-desnutricion-aguda-en-zonas-controladas-por-yemen\\\/#breadcrumb\"},\"inLanguage\":\"es\",\"potentialAction\":[{\"@type\":\"ReadAction\",\"target\":[\"https:\\\/\\\/www.eldiario.net\\\/portal\\\/2024\\\/08\\\/19\\\/onu-alerta-incremento-de-desnutricion-aguda-en-zonas-controladas-por-yemen\\\/\"]}]},{\"@type\":\"ImageObject\",\"inLanguage\":\"es\",\"@id\":\"https:\\\/\\\/www.eldiario.net\\\/portal\\\/2024\\\/08\\\/19\\\/onu-alerta-incremento-de-desnutricion-aguda-en-zonas-controladas-por-yemen\\\/#primaryimage\",\"url\":\"https:\\\/\\\/www.eldiario.net\\\/portal\\\/wp-content\\\/uploads\\\/2024\\\/08\\\/YEMEN-Unfpa.jpg\",\"contentUrl\":\"https:\\\/\\\/www.eldiario.net\\\/portal\\\/wp-content\\\/uploads\\\/2024\\\/08\\\/YEMEN-Unfpa.jpg\",\"width\":1268,\"height\":671,\"caption\":\"Naciones Unidas alerta de incremento de desnutrici\u00f3n aguda en ni\u00f1os del sur de Yemen.\"},{\"@type\":\"BreadcrumbList\",\"@id\":\"https:\\\/\\\/www.eldiario.net\\\/portal\\\/2024\\\/08\\\/19\\\/onu-alerta-incremento-de-desnutricion-aguda-en-zonas-controladas-por-yemen\\\/#breadcrumb\",\"itemListElement\":[{\"@type\":\"ListItem\",\"position\":1,\"name\":\"Portada\",\"item\":\"https:\\\/\\\/www.eldiario.net\\\/portal\\\/\"},{\"@type\":\"ListItem\",\"position\":2,\"name\":\"ONU alerta incremento de desnutrici\u00f3n aguda en zonas controladas por Yemen\"}]},{\"@type\":\"WebSite\",\"@id\":\"https:\\\/\\\/www.eldiario.net\\\/portal\\\/#website\",\"url\":\"https:\\\/\\\/www.eldiario.net\\\/portal\\\/\",\"name\":\"El Diario - Decano de la prensa nacional\",\"description\":\"El Diario - Decano de la prensa nacional\",\"publisher\":{\"@id\":\"https:\\\/\\\/www.eldiario.net\\\/portal\\\/#organization\"},\"potentialAction\":[{\"@type\":\"SearchAction\",\"target\":{\"@type\":\"EntryPoint\",\"urlTemplate\":\"https:\\\/\\\/www.eldiario.net\\\/portal\\\/?s={search_term_string}\"},\"query-input\":{\"@type\":\"PropertyValueSpecification\",\"valueRequired\":true,\"valueName\":\"search_term_string\"}}],\"inLanguage\":\"es\"},{\"@type\":\"Organization\",\"@id\":\"https:\\\/\\\/www.eldiario.net\\\/portal\\\/#organization\",\"name\":\"El Diario - Decano de la prensa nacional\",\"url\":\"https:\\\/\\\/www.eldiario.net\\\/portal\\\/\",\"logo\":{\"@type\":\"ImageObject\",\"inLanguage\":\"es\",\"@id\":\"https:\\\/\\\/www.eldiario.net\\\/portal\\\/#\\\/schema\\\/logo\\\/image\\\/\",\"url\":\"https:\\\/\\\/www.eldiario.net\\\/portal\\\/wp-content\\\/uploads\\\/2023\\\/07\\\/logo_ED.jpg\",\"contentUrl\":\"https:\\\/\\\/www.eldiario.net\\\/portal\\\/wp-content\\\/uploads\\\/2023\\\/07\\\/logo_ED.jpg\",\"width\":272,\"height\":52,\"caption\":\"El Diario - Decano de la prensa nacional\"},\"image\":{\"@id\":\"https:\\\/\\\/www.eldiario.net\\\/portal\\\/#\\\/schema\\\/logo\\\/image\\\/\"},\"sameAs\":[\"https:\\\/\\\/www.facebook.com\\\/eldiario.bolivia\\\/\",\"https:\\\/\\\/x.com\\\/eldiario_net\"]},{\"@type\":\"Person\",\"@id\":\"https:\\\/\\\/www.eldiario.net\\\/portal\\\/#\\\/schema\\\/person\\\/f46445640444750d7d753ccd04ae01b7\",\"name\":\"Jeanette\",\"image\":{\"@type\":\"ImageObject\",\"inLanguage\":\"es\",\"@id\":\"https:\\\/\\\/secure.gravatar.com\\\/avatar\\\/3ea2118a5f7dad2b7138b1187a6b7ee55f160b9968b66013c3a3ef39dd7e5798?s=96&d=mm&r=g\",\"url\":\"https:\\\/\\\/secure.gravatar.com\\\/avatar\\\/3ea2118a5f7dad2b7138b1187a6b7ee55f160b9968b66013c3a3ef39dd7e5798?s=96&d=mm&r=g\",\"contentUrl\":\"https:\\\/\\\/secure.gravatar.com\\\/avatar\\\/3ea2118a5f7dad2b7138b1187a6b7ee55f160b9968b66013c3a3ef39dd7e5798?s=96&d=mm&r=g\",\"caption\":\"Jeanette\"},\"sameAs\":[\"https:\\\/\\\/www.eldiario.net\\\/portal\"],\"url\":\"https:\\\/\\\/www.eldiario.net\\\/portal\\\/author\\\/jeanette\\\/\"}]}<\/script>\n<!-- \/ Yoast SEO plugin. -->","yoast_head_json":{"title":"ONU alerta incremento de desnutrici\u00f3n aguda en zonas controladas por Yemen - El Diario - Bolivia","robots":{"index":"index","follow":"follow","max-snippet":"max-snippet:-1","max-image-preview":"max-image-preview:large","max-video-preview":"max-video-preview:-1"},"canonical":"https:\/\/www.eldiario.net\/portal\/2024\/08\/19\/onu-alerta-incremento-de-desnutricion-aguda-en-zonas-controladas-por-yemen\/","og_locale":"es_ES","og_type":"article","og_title":"ONU alerta incremento de desnutrici\u00f3n aguda en zonas controladas por Yemen - El Diario - Bolivia","og_description":"La Organizaci\u00f3n de las Naciones Unidas (ONU) alert\u00f3 ayer de un r\u00e1pido incremento de la malnutrici\u00f3n aguda en las zonas bajo control del Gobierno de Yemen, en el marco del conflicto armado que enfrenta desde hace una d\u00e9cada a las autoridades contra la insurgencia hut\u00ed. La guerra de Yemen, que comenz\u00f3 a finales de 2014 [&hellip;]","og_url":"https:\/\/www.eldiario.net\/portal\/2024\/08\/19\/onu-alerta-incremento-de-desnutricion-aguda-en-zonas-controladas-por-yemen\/","og_site_name":"El Diario - Bolivia","article_publisher":"https:\/\/www.facebook.com\/eldiario.bolivia\/","article_published_time":"2024-08-19T09:38:44+00:00","og_image":[{"width":1268,"height":671,"url":"https:\/\/www.eldiario.net\/portal\/wp-content\/uploads\/2024\/08\/YEMEN-Unfpa.jpg","type":"image\/jpeg"}],"author":"Jeanette","twitter_card":"summary_large_image","twitter_creator":"@eldiario_net","twitter_site":"@eldiario_net","twitter_misc":{"Escrito por":"Jeanette","Tiempo de lectura":"3 minutos"},"schema":{"@context":"https:\/\/schema.org","@graph":[{"@type":"Article","@id":"https:\/\/www.eldiario.net\/portal\/2024\/08\/19\/onu-alerta-incremento-de-desnutricion-aguda-en-zonas-controladas-por-yemen\/#article","isPartOf":{"@id":"https:\/\/www.eldiario.net\/portal\/2024\/08\/19\/onu-alerta-incremento-de-desnutricion-aguda-en-zonas-controladas-por-yemen\/"},"author":{"name":"Jeanette","@id":"https:\/\/www.eldiario.net\/portal\/#\/schema\/person\/f46445640444750d7d753ccd04ae01b7"},"headline":"ONU alerta incremento de desnutrici\u00f3n aguda en zonas controladas por Yemen","datePublished":"2024-08-19T09:38:44+00:00","mainEntityOfPage":{"@id":"https:\/\/www.eldiario.net\/portal\/2024\/08\/19\/onu-alerta-incremento-de-desnutricion-aguda-en-zonas-controladas-por-yemen\/"},"wordCount":505,"commentCount":0,"publisher":{"@id":"https:\/\/www.eldiario.net\/portal\/#organization"},"image":{"@id":"https:\/\/www.eldiario.net\/portal\/2024\/08\/19\/onu-alerta-incremento-de-desnutricion-aguda-en-zonas-controladas-por-yemen\/#primaryimage"},"thumbnailUrl":"https:\/\/www.eldiario.net\/portal\/wp-content\/uploads\/2024\/08\/YEMEN-Unfpa.jpg","articleSection":["Internacional"],"inLanguage":"es","potentialAction":[{"@type":"CommentAction","name":"Comment","target":["https:\/\/www.eldiario.net\/portal\/2024\/08\/19\/onu-alerta-incremento-de-desnutricion-aguda-en-zonas-controladas-por-yemen\/#respond"]}]},{"@type":"WebPage","@id":"https:\/\/www.eldiario.net\/portal\/2024\/08\/19\/onu-alerta-incremento-de-desnutricion-aguda-en-zonas-controladas-por-yemen\/","url":"https:\/\/www.eldiario.net\/portal\/2024\/08\/19\/onu-alerta-incremento-de-desnutricion-aguda-en-zonas-controladas-por-yemen\/","name":"ONU alerta incremento de desnutrici\u00f3n aguda en zonas controladas por Yemen - El Diario - Bolivia","isPartOf":{"@id":"https:\/\/www.eldiario.net\/portal\/#website"},"primaryImageOfPage":{"@id":"https:\/\/www.eldiario.net\/portal\/2024\/08\/19\/onu-alerta-incremento-de-desnutricion-aguda-en-zonas-controladas-por-yemen\/#primaryimage"},"image":{"@id":"https:\/\/www.eldiario.net\/portal\/2024\/08\/19\/onu-alerta-incremento-de-desnutricion-aguda-en-zonas-controladas-por-yemen\/#primaryimage"},"thumbnailUrl":"https:\/\/www.eldiario.net\/portal\/wp-content\/uploads\/2024\/08\/YEMEN-Unfpa.jpg","datePublished":"2024-08-19T09:38:44+00:00","breadcrumb":{"@id":"https:\/\/www.eldiario.net\/portal\/2024\/08\/19\/onu-alerta-incremento-de-desnutricion-aguda-en-zonas-controladas-por-yemen\/#breadcrumb"},"inLanguage":"es","potentialAction":[{"@type":"ReadAction","target":["https:\/\/www.eldiario.net\/portal\/2024\/08\/19\/onu-alerta-incremento-de-desnutricion-aguda-en-zonas-controladas-por-yemen\/"]}]},{"@type":"ImageObject","inLanguage":"es","@id":"https:\/\/www.eldiario.net\/portal\/2024\/08\/19\/onu-alerta-incremento-de-desnutricion-aguda-en-zonas-controladas-por-yemen\/#primaryimage","url":"https:\/\/www.eldiario.net\/portal\/wp-content\/uploads\/2024\/08\/YEMEN-Unfpa.jpg","contentUrl":"https:\/\/www.eldiario.net\/portal\/wp-content\/uploads\/2024\/08\/YEMEN-Unfpa.jpg","width":1268,"height":671,"caption":"Naciones Unidas alerta de incremento de desnutrici\u00f3n aguda en ni\u00f1os del sur de Yemen."},{"@type":"BreadcrumbList","@id":"https:\/\/www.eldiario.net\/portal\/2024\/08\/19\/onu-alerta-incremento-de-desnutricion-aguda-en-zonas-controladas-por-yemen\/#breadcrumb","itemListElement":[{"@type":"ListItem","position":1,"name":"Portada","item":"https:\/\/www.eldiario.net\/portal\/"},{"@type":"ListItem","position":2,"name":"ONU alerta incremento de desnutrici\u00f3n aguda en zonas controladas por Yemen"}]},{"@type":"WebSite","@id":"https:\/\/www.eldiario.net\/portal\/#website","url":"https:\/\/www.eldiario.net\/portal\/","name":"El Diario - Decano de la prensa nacional","description":"El Diario - Decano de la prensa nacional","publisher":{"@id":"https:\/\/www.eldiario.net\/portal\/#organization"},"potentialAction":[{"@type":"SearchAction","target":{"@type":"EntryPoint","urlTemplate":"https:\/\/www.eldiario.net\/portal\/?s={search_term_string}"},"query-input":{"@type":"PropertyValueSpecification","valueRequired":true,"valueName":"search_term_string"}}],"inLanguage":"es"},{"@type":"Organization","@id":"https:\/\/www.eldiario.net\/portal\/#organization","name":"El Diario - Decano de la prensa nacional","url":"https:\/\/www.eldiario.net\/portal\/","logo":{"@type":"ImageObject","inLanguage":"es","@id":"https:\/\/www.eldiario.net\/portal\/#\/schema\/logo\/image\/","url":"https:\/\/www.eldiario.net\/portal\/wp-content\/uploads\/2023\/07\/logo_ED.jpg","contentUrl":"https:\/\/www.eldiario.net\/portal\/wp-content\/uploads\/2023\/07\/logo_ED.jpg","width":272,"height":52,"caption":"El Diario - Decano de la prensa nacional"},"image":{"@id":"https:\/\/www.eldiario.net\/portal\/#\/schema\/logo\/image\/"},"sameAs":["https:\/\/www.facebook.com\/eldiario.bolivia\/","https:\/\/x.com\/eldiario_net"]},{"@type":"Person","@id":"https:\/\/www.eldiario.net\/portal\/#\/schema\/person\/f46445640444750d7d753ccd04ae01b7","name":"Jeanette","image":{"@type":"ImageObject","inLanguage":"es","@id":"https:\/\/secure.gravatar.com\/avatar\/3ea2118a5f7dad2b7138b1187a6b7ee55f160b9968b66013c3a3ef39dd7e5798?s=96&d=mm&r=g","url":"https:\/\/secure.gravatar.com\/avatar\/3ea2118a5f7dad2b7138b1187a6b7ee55f160b9968b66013c3a3ef39dd7e5798?s=96&d=mm&r=g","contentUrl":"https:\/\/secure.gravatar.com\/avatar\/3ea2118a5f7dad2b7138b1187a6b7ee55f160b9968b66013c3a3ef39dd7e5798?s=96&d=mm&r=g","caption":"Jeanette"},"sameAs":["https:\/\/www.eldiario.net\/portal"],"url":"https:\/\/www.eldiario.net\/portal\/author\/jeanette\/"}]}},"_links":{"self":[{"href":"https:\/\/www.eldiario.net\/portal\/wp-json\/wp\/v2\/posts\/241659","targetHints":{"allow":["GET"]}}],"collection":[{"href":"https:\/\/www.eldiario.net\/portal\/wp-json\/wp\/v2\/posts"}],"about":[{"href":"https:\/\/www.eldiario.net\/portal\/wp-json\/wp\/v2\/types\/post"}],"author":[{"embeddable":true,"href":"https:\/\/www.eldiario.net\/portal\/wp-json\/wp\/v2\/users\/1"}],"replies":[{"embeddable":true,"href":"https:\/\/www.eldiario.net\/portal\/wp-json\/wp\/v2\/comments?post=241659"}],"version-history":[{"count":1,"href":"https:\/\/www.eldiario.net\/portal\/wp-json\/wp\/v2\/posts\/241659\/revisions"}],"predecessor-version":[{"id":241661,"href":"https:\/\/www.eldiario.net\/portal\/wp-json\/wp\/v2\/posts\/241659\/revisions\/241661"}],"wp:featuredmedia":[{"embeddable":true,"href":"https:\/\/www.eldiario.net\/portal\/wp-json\/wp\/v2\/media\/241660"}],"wp:attachment":[{"href":"https:\/\/www.eldiario.net\/portal\/wp-json\/wp\/v2\/media?parent=241659"}],"wp:term":[{"taxonomy":"category","embeddable":true,"href":"https:\/\/www.eldiario.net\/portal\/wp-json\/wp\/v2\/categories?post=241659"},{"taxonomy":"post_tag","embeddable":true,"href":"https:\/\/www.eldiario.net\/portal\/wp-json\/wp\/v2\/tags?post=241659"}],"curies":[{"name":"wp","href":"https:\/\/api.w.org\/{rel}","templated":true}]}}