{"id":241657,"date":"2024-08-19T05:37:56","date_gmt":"2024-08-19T09:37:56","guid":{"rendered":"https:\/\/www.eldiario.net\/portal\/?p=241657"},"modified":"2024-08-19T05:37:56","modified_gmt":"2024-08-19T09:37:56","slug":"banco-de-libia-reanuda-operaciones-tras-liberacion-de-responsable-de-sistemas","status":"publish","type":"post","link":"https:\/\/www.eldiario.net\/portal\/2024\/08\/19\/banco-de-libia-reanuda-operaciones-tras-liberacion-de-responsable-de-sistemas\/","title":{"rendered":"Banco de Libia reanuda operaciones tras liberaci\u00f3n de responsable de sistemas"},"content":{"rendered":"<p>El Banco Central de Libia anunci\u00f3 ayer la reanudaci\u00f3n de sus operaciones tras unas horas suspendidas, despu\u00e9s del secuestro y posterior liberaci\u00f3n de su jefe de sistemas inform\u00e1ticos, Musab Emsalem.<br \/>\nTras el secuestro, la entidad anunci\u00f3 la paralizaci\u00f3n de las operaciones hasta que fuera puesto en libertad Emsalem, raptado en la ma\u00f1ana de ayer frente a su domicilio.<br \/>\nEl Banco denunci\u00f3 adem\u00e1s estos \u201cm\u00e9todos demag\u00f3gicos\u201d y \u201cfuera de la ley\u201d que van contra la seguridad de los trabajadores de la entidad y su labor, seg\u00fan recoge el portal Libya Observer. Ning\u00fan grupo asumi\u00f3 la responsabilidad del secuestro ni el banco ha dado m\u00e1s detalles sobre lo ocurrido.<br \/>\nTras el secuestro y posterior liberaci\u00f3n de Emsalem, el Consejo Presidencial anunci\u00f3 la destituci\u00f3n del gobernador del Banco Central de Libia, Sadiq al Kabir, y a todo el consejo directivo.<br \/>\nEl propio Al Kabir se hab\u00eda reunido con el embajador estadounidense, Richard Norland, a quien traslad\u00f3 \u201clas crecientes amenazas a la seguridad del Banco Central y la seguridad de sus trabajadores y sistemas\u201d.<br \/>\nNorland, por su parte, ha trasladado el \u201cpleno apoyo\u201d estadounidense al Banco Central de Libia ante estas amenazas e intercedi\u00f3 por fomentar la estabilidad en la instituci\u00f3n para ejercer plenamente sus funciones. Washington rechaz\u00f3, adem\u00e1s, \u201clos intentos de cambiar a la direcci\u00f3n del banco por la fuerza\u201d.<br \/>\nEn su comunicado, el Banco Central de Libia lamenta que las autoridades ignoren las advertencias que dio a principios de mes sobre las amenazas a las que se estaban enfrentando sus empleados, y que coment\u00f3 el propio gobernador, Al Kabir, con la jefa en funciones de la misi\u00f3n de la ONU en Libia, Stephanie Khoury, y con Norland.<br \/>\n\u201cEl banco rechaza los m\u00e9todos mafiosos que ponen en peligro la seguridad de los empleados e interrumpen las operaciones\u201d, a\u00f1adi\u00f3 el banco en su comunicado. (Europa Press)<\/p>\n","protected":false},"excerpt":{"rendered":"<p>El Banco Central de Libia anunci\u00f3 ayer la reanudaci\u00f3n de sus operaciones tras unas horas suspendidas, despu\u00e9s del secuestro y posterior liberaci\u00f3n de su jefe de sistemas inform\u00e1ticos, Musab Emsalem. Tras el secuestro, la entidad anunci\u00f3 la paralizaci\u00f3n de las operaciones hasta que fuera puesto en libertad Emsalem, raptado en la ma\u00f1ana de ayer frente [&hellip;]<\/p>\n","protected":false},"author":1,"featured_media":194703,"comment_status":"open","ping_status":"open","sticky":false,"template":"","format":"standard","meta":{"_acf_changed":false,"footnotes":""},"categories":[3],"tags":[],"class_list":["post-241657","post","type-post","status-publish","format-standard","has-post-thumbnail","category-internacional"],"acf":{"antetitulo":""},"yoast_head":"<!-- This site is optimized with the Yoast SEO plugin v28.4 - https:\/\/yoast.com\/product\/yoast-seo-wordpress\/ -->\n<title>Banco de Libia reanuda operaciones tras liberaci\u00f3n de responsable de sistemas - El Diario - Bolivia<\/title>\n<meta name=\"robots\" content=\"index, follow, max-snippet:-1, max-image-preview:large, max-video-preview:-1\" \/>\n<link rel=\"canonical\" href=\"https:\/\/www.eldiario.net\/portal\/2024\/08\/19\/banco-de-libia-reanuda-operaciones-tras-liberacion-de-responsable-de-sistemas\/\" \/>\n<meta property=\"og:locale\" content=\"es_ES\" \/>\n<meta property=\"og:type\" content=\"article\" \/>\n<meta property=\"og:title\" content=\"Banco de Libia reanuda operaciones tras liberaci\u00f3n de responsable de sistemas - El Diario - Bolivia\" \/>\n<meta property=\"og:description\" content=\"El Banco Central de Libia anunci\u00f3 ayer la reanudaci\u00f3n de sus operaciones tras unas horas suspendidas, despu\u00e9s del secuestro y posterior liberaci\u00f3n de su jefe de sistemas inform\u00e1ticos, Musab Emsalem. Tras el secuestro, la entidad anunci\u00f3 la paralizaci\u00f3n de las operaciones hasta que fuera puesto en libertad Emsalem, raptado en la ma\u00f1ana de ayer frente [&hellip;]\" \/>\n<meta property=\"og:url\" content=\"https:\/\/www.eldiario.net\/portal\/2024\/08\/19\/banco-de-libia-reanuda-operaciones-tras-liberacion-de-responsable-de-sistemas\/\" \/>\n<meta property=\"og:site_name\" content=\"El Diario - Bolivia\" \/>\n<meta property=\"article:publisher\" content=\"https:\/\/www.facebook.com\/eldiario.bolivia\/\" \/>\n<meta property=\"article:published_time\" content=\"2024-08-19T09:37:56+00:00\" \/>\n<meta property=\"og:image\" content=\"https:\/\/www.eldiario.net\/portal\/wp-content\/uploads\/2023\/12\/Internacional.jpg\" \/>\n\t<meta property=\"og:image:width\" content=\"800\" \/>\n\t<meta property=\"og:image:height\" content=\"500\" \/>\n\t<meta property=\"og:image:type\" content=\"image\/jpeg\" \/>\n<meta name=\"author\" content=\"Jeanette\" \/>\n<meta name=\"twitter:card\" content=\"summary_large_image\" \/>\n<meta name=\"twitter:creator\" content=\"@eldiario_net\" \/>\n<meta name=\"twitter:site\" content=\"@eldiario_net\" \/>\n<meta name=\"twitter:label1\" content=\"Escrito por\" \/>\n\t<meta name=\"twitter:data1\" content=\"Jeanette\" \/>\n\t<meta name=\"twitter:label2\" content=\"Tiempo de lectura\" \/>\n\t<meta name=\"twitter:data2\" content=\"2 minutos\" \/>\n<script type=\"application\/ld+json\" class=\"yoast-schema-graph\">{\"@context\":\"https:\\\/\\\/schema.org\",\"@graph\":[{\"@type\":\"Article\",\"@id\":\"https:\\\/\\\/www.eldiario.net\\\/portal\\\/2024\\\/08\\\/19\\\/banco-de-libia-reanuda-operaciones-tras-liberacion-de-responsable-de-sistemas\\\/#article\",\"isPartOf\":{\"@id\":\"https:\\\/\\\/www.eldiario.net\\\/portal\\\/2024\\\/08\\\/19\\\/banco-de-libia-reanuda-operaciones-tras-liberacion-de-responsable-de-sistemas\\\/\"},\"author\":{\"name\":\"Jeanette\",\"@id\":\"https:\\\/\\\/www.eldiario.net\\\/portal\\\/#\\\/schema\\\/person\\\/f46445640444750d7d753ccd04ae01b7\"},\"headline\":\"Banco de Libia reanuda operaciones tras liberaci\u00f3n de responsable de sistemas\",\"datePublished\":\"2024-08-19T09:37:56+00:00\",\"mainEntityOfPage\":{\"@id\":\"https:\\\/\\\/www.eldiario.net\\\/portal\\\/2024\\\/08\\\/19\\\/banco-de-libia-reanuda-operaciones-tras-liberacion-de-responsable-de-sistemas\\\/\"},\"wordCount\":335,\"commentCount\":0,\"publisher\":{\"@id\":\"https:\\\/\\\/www.eldiario.net\\\/portal\\\/#organization\"},\"image\":{\"@id\":\"https:\\\/\\\/www.eldiario.net\\\/portal\\\/2024\\\/08\\\/19\\\/banco-de-libia-reanuda-operaciones-tras-liberacion-de-responsable-de-sistemas\\\/#primaryimage\"},\"thumbnailUrl\":\"https:\\\/\\\/www.eldiario.net\\\/portal\\\/wp-content\\\/uploads\\\/2023\\\/12\\\/Internacional.jpg\",\"articleSection\":[\"Internacional\"],\"inLanguage\":\"es\",\"potentialAction\":[{\"@type\":\"CommentAction\",\"name\":\"Comment\",\"target\":[\"https:\\\/\\\/www.eldiario.net\\\/portal\\\/2024\\\/08\\\/19\\\/banco-de-libia-reanuda-operaciones-tras-liberacion-de-responsable-de-sistemas\\\/#respond\"]}]},{\"@type\":\"WebPage\",\"@id\":\"https:\\\/\\\/www.eldiario.net\\\/portal\\\/2024\\\/08\\\/19\\\/banco-de-libia-reanuda-operaciones-tras-liberacion-de-responsable-de-sistemas\\\/\",\"url\":\"https:\\\/\\\/www.eldiario.net\\\/portal\\\/2024\\\/08\\\/19\\\/banco-de-libia-reanuda-operaciones-tras-liberacion-de-responsable-de-sistemas\\\/\",\"name\":\"Banco de Libia reanuda operaciones tras liberaci\u00f3n de responsable de sistemas - El Diario - Bolivia\",\"isPartOf\":{\"@id\":\"https:\\\/\\\/www.eldiario.net\\\/portal\\\/#website\"},\"primaryImageOfPage\":{\"@id\":\"https:\\\/\\\/www.eldiario.net\\\/portal\\\/2024\\\/08\\\/19\\\/banco-de-libia-reanuda-operaciones-tras-liberacion-de-responsable-de-sistemas\\\/#primaryimage\"},\"image\":{\"@id\":\"https:\\\/\\\/www.eldiario.net\\\/portal\\\/2024\\\/08\\\/19\\\/banco-de-libia-reanuda-operaciones-tras-liberacion-de-responsable-de-sistemas\\\/#primaryimage\"},\"thumbnailUrl\":\"https:\\\/\\\/www.eldiario.net\\\/portal\\\/wp-content\\\/uploads\\\/2023\\\/12\\\/Internacional.jpg\",\"datePublished\":\"2024-08-19T09:37:56+00:00\",\"breadcrumb\":{\"@id\":\"https:\\\/\\\/www.eldiario.net\\\/portal\\\/2024\\\/08\\\/19\\\/banco-de-libia-reanuda-operaciones-tras-liberacion-de-responsable-de-sistemas\\\/#breadcrumb\"},\"inLanguage\":\"es\",\"potentialAction\":[{\"@type\":\"ReadAction\",\"target\":[\"https:\\\/\\\/www.eldiario.net\\\/portal\\\/2024\\\/08\\\/19\\\/banco-de-libia-reanuda-operaciones-tras-liberacion-de-responsable-de-sistemas\\\/\"]}]},{\"@type\":\"ImageObject\",\"inLanguage\":\"es\",\"@id\":\"https:\\\/\\\/www.eldiario.net\\\/portal\\\/2024\\\/08\\\/19\\\/banco-de-libia-reanuda-operaciones-tras-liberacion-de-responsable-de-sistemas\\\/#primaryimage\",\"url\":\"https:\\\/\\\/www.eldiario.net\\\/portal\\\/wp-content\\\/uploads\\\/2023\\\/12\\\/Internacional.jpg\",\"contentUrl\":\"https:\\\/\\\/www.eldiario.net\\\/portal\\\/wp-content\\\/uploads\\\/2023\\\/12\\\/Internacional.jpg\",\"width\":800,\"height\":500},{\"@type\":\"BreadcrumbList\",\"@id\":\"https:\\\/\\\/www.eldiario.net\\\/portal\\\/2024\\\/08\\\/19\\\/banco-de-libia-reanuda-operaciones-tras-liberacion-de-responsable-de-sistemas\\\/#breadcrumb\",\"itemListElement\":[{\"@type\":\"ListItem\",\"position\":1,\"name\":\"Portada\",\"item\":\"https:\\\/\\\/www.eldiario.net\\\/portal\\\/\"},{\"@type\":\"ListItem\",\"position\":2,\"name\":\"Banco de Libia reanuda operaciones tras liberaci\u00f3n de responsable de sistemas\"}]},{\"@type\":\"WebSite\",\"@id\":\"https:\\\/\\\/www.eldiario.net\\\/portal\\\/#website\",\"url\":\"https:\\\/\\\/www.eldiario.net\\\/portal\\\/\",\"name\":\"El Diario - Decano de la prensa nacional\",\"description\":\"El Diario - Decano de la prensa nacional\",\"publisher\":{\"@id\":\"https:\\\/\\\/www.eldiario.net\\\/portal\\\/#organization\"},\"potentialAction\":[{\"@type\":\"SearchAction\",\"target\":{\"@type\":\"EntryPoint\",\"urlTemplate\":\"https:\\\/\\\/www.eldiario.net\\\/portal\\\/?s={search_term_string}\"},\"query-input\":{\"@type\":\"PropertyValueSpecification\",\"valueRequired\":true,\"valueName\":\"search_term_string\"}}],\"inLanguage\":\"es\"},{\"@type\":\"Organization\",\"@id\":\"https:\\\/\\\/www.eldiario.net\\\/portal\\\/#organization\",\"name\":\"El Diario - Decano de la prensa nacional\",\"url\":\"https:\\\/\\\/www.eldiario.net\\\/portal\\\/\",\"logo\":{\"@type\":\"ImageObject\",\"inLanguage\":\"es\",\"@id\":\"https:\\\/\\\/www.eldiario.net\\\/portal\\\/#\\\/schema\\\/logo\\\/image\\\/\",\"url\":\"https:\\\/\\\/www.eldiario.net\\\/portal\\\/wp-content\\\/uploads\\\/2023\\\/07\\\/logo_ED.jpg\",\"contentUrl\":\"https:\\\/\\\/www.eldiario.net\\\/portal\\\/wp-content\\\/uploads\\\/2023\\\/07\\\/logo_ED.jpg\",\"width\":272,\"height\":52,\"caption\":\"El Diario - Decano de la prensa nacional\"},\"image\":{\"@id\":\"https:\\\/\\\/www.eldiario.net\\\/portal\\\/#\\\/schema\\\/logo\\\/image\\\/\"},\"sameAs\":[\"https:\\\/\\\/www.facebook.com\\\/eldiario.bolivia\\\/\",\"https:\\\/\\\/x.com\\\/eldiario_net\"]},{\"@type\":\"Person\",\"@id\":\"https:\\\/\\\/www.eldiario.net\\\/portal\\\/#\\\/schema\\\/person\\\/f46445640444750d7d753ccd04ae01b7\",\"name\":\"Jeanette\",\"image\":{\"@type\":\"ImageObject\",\"inLanguage\":\"es\",\"@id\":\"https:\\\/\\\/secure.gravatar.com\\\/avatar\\\/3ea2118a5f7dad2b7138b1187a6b7ee55f160b9968b66013c3a3ef39dd7e5798?s=96&d=mm&r=g\",\"url\":\"https:\\\/\\\/secure.gravatar.com\\\/avatar\\\/3ea2118a5f7dad2b7138b1187a6b7ee55f160b9968b66013c3a3ef39dd7e5798?s=96&d=mm&r=g\",\"contentUrl\":\"https:\\\/\\\/secure.gravatar.com\\\/avatar\\\/3ea2118a5f7dad2b7138b1187a6b7ee55f160b9968b66013c3a3ef39dd7e5798?s=96&d=mm&r=g\",\"caption\":\"Jeanette\"},\"sameAs\":[\"https:\\\/\\\/www.eldiario.net\\\/portal\"],\"url\":\"https:\\\/\\\/www.eldiario.net\\\/portal\\\/author\\\/jeanette\\\/\"}]}<\/script>\n<!-- \/ Yoast SEO plugin. -->","yoast_head_json":{"title":"Banco de Libia reanuda operaciones tras liberaci\u00f3n de responsable de sistemas - El Diario - Bolivia","robots":{"index":"index","follow":"follow","max-snippet":"max-snippet:-1","max-image-preview":"max-image-preview:large","max-video-preview":"max-video-preview:-1"},"canonical":"https:\/\/www.eldiario.net\/portal\/2024\/08\/19\/banco-de-libia-reanuda-operaciones-tras-liberacion-de-responsable-de-sistemas\/","og_locale":"es_ES","og_type":"article","og_title":"Banco de Libia reanuda operaciones tras liberaci\u00f3n de responsable de sistemas - El Diario - Bolivia","og_description":"El Banco Central de Libia anunci\u00f3 ayer la reanudaci\u00f3n de sus operaciones tras unas horas suspendidas, despu\u00e9s del secuestro y posterior liberaci\u00f3n de su jefe de sistemas inform\u00e1ticos, Musab Emsalem. Tras el secuestro, la entidad anunci\u00f3 la paralizaci\u00f3n de las operaciones hasta que fuera puesto en libertad Emsalem, raptado en la ma\u00f1ana de ayer frente [&hellip;]","og_url":"https:\/\/www.eldiario.net\/portal\/2024\/08\/19\/banco-de-libia-reanuda-operaciones-tras-liberacion-de-responsable-de-sistemas\/","og_site_name":"El Diario - Bolivia","article_publisher":"https:\/\/www.facebook.com\/eldiario.bolivia\/","article_published_time":"2024-08-19T09:37:56+00:00","og_image":[{"width":800,"height":500,"url":"https:\/\/www.eldiario.net\/portal\/wp-content\/uploads\/2023\/12\/Internacional.jpg","type":"image\/jpeg"}],"author":"Jeanette","twitter_card":"summary_large_image","twitter_creator":"@eldiario_net","twitter_site":"@eldiario_net","twitter_misc":{"Escrito por":"Jeanette","Tiempo de lectura":"2 minutos"},"schema":{"@context":"https:\/\/schema.org","@graph":[{"@type":"Article","@id":"https:\/\/www.eldiario.net\/portal\/2024\/08\/19\/banco-de-libia-reanuda-operaciones-tras-liberacion-de-responsable-de-sistemas\/#article","isPartOf":{"@id":"https:\/\/www.eldiario.net\/portal\/2024\/08\/19\/banco-de-libia-reanuda-operaciones-tras-liberacion-de-responsable-de-sistemas\/"},"author":{"name":"Jeanette","@id":"https:\/\/www.eldiario.net\/portal\/#\/schema\/person\/f46445640444750d7d753ccd04ae01b7"},"headline":"Banco de Libia reanuda operaciones tras liberaci\u00f3n de responsable de sistemas","datePublished":"2024-08-19T09:37:56+00:00","mainEntityOfPage":{"@id":"https:\/\/www.eldiario.net\/portal\/2024\/08\/19\/banco-de-libia-reanuda-operaciones-tras-liberacion-de-responsable-de-sistemas\/"},"wordCount":335,"commentCount":0,"publisher":{"@id":"https:\/\/www.eldiario.net\/portal\/#organization"},"image":{"@id":"https:\/\/www.eldiario.net\/portal\/2024\/08\/19\/banco-de-libia-reanuda-operaciones-tras-liberacion-de-responsable-de-sistemas\/#primaryimage"},"thumbnailUrl":"https:\/\/www.eldiario.net\/portal\/wp-content\/uploads\/2023\/12\/Internacional.jpg","articleSection":["Internacional"],"inLanguage":"es","potentialAction":[{"@type":"CommentAction","name":"Comment","target":["https:\/\/www.eldiario.net\/portal\/2024\/08\/19\/banco-de-libia-reanuda-operaciones-tras-liberacion-de-responsable-de-sistemas\/#respond"]}]},{"@type":"WebPage","@id":"https:\/\/www.eldiario.net\/portal\/2024\/08\/19\/banco-de-libia-reanuda-operaciones-tras-liberacion-de-responsable-de-sistemas\/","url":"https:\/\/www.eldiario.net\/portal\/2024\/08\/19\/banco-de-libia-reanuda-operaciones-tras-liberacion-de-responsable-de-sistemas\/","name":"Banco de Libia reanuda operaciones tras liberaci\u00f3n de responsable de sistemas - El Diario - Bolivia","isPartOf":{"@id":"https:\/\/www.eldiario.net\/portal\/#website"},"primaryImageOfPage":{"@id":"https:\/\/www.eldiario.net\/portal\/2024\/08\/19\/banco-de-libia-reanuda-operaciones-tras-liberacion-de-responsable-de-sistemas\/#primaryimage"},"image":{"@id":"https:\/\/www.eldiario.net\/portal\/2024\/08\/19\/banco-de-libia-reanuda-operaciones-tras-liberacion-de-responsable-de-sistemas\/#primaryimage"},"thumbnailUrl":"https:\/\/www.eldiario.net\/portal\/wp-content\/uploads\/2023\/12\/Internacional.jpg","datePublished":"2024-08-19T09:37:56+00:00","breadcrumb":{"@id":"https:\/\/www.eldiario.net\/portal\/2024\/08\/19\/banco-de-libia-reanuda-operaciones-tras-liberacion-de-responsable-de-sistemas\/#breadcrumb"},"inLanguage":"es","potentialAction":[{"@type":"ReadAction","target":["https:\/\/www.eldiario.net\/portal\/2024\/08\/19\/banco-de-libia-reanuda-operaciones-tras-liberacion-de-responsable-de-sistemas\/"]}]},{"@type":"ImageObject","inLanguage":"es","@id":"https:\/\/www.eldiario.net\/portal\/2024\/08\/19\/banco-de-libia-reanuda-operaciones-tras-liberacion-de-responsable-de-sistemas\/#primaryimage","url":"https:\/\/www.eldiario.net\/portal\/wp-content\/uploads\/2023\/12\/Internacional.jpg","contentUrl":"https:\/\/www.eldiario.net\/portal\/wp-content\/uploads\/2023\/12\/Internacional.jpg","width":800,"height":500},{"@type":"BreadcrumbList","@id":"https:\/\/www.eldiario.net\/portal\/2024\/08\/19\/banco-de-libia-reanuda-operaciones-tras-liberacion-de-responsable-de-sistemas\/#breadcrumb","itemListElement":[{"@type":"ListItem","position":1,"name":"Portada","item":"https:\/\/www.eldiario.net\/portal\/"},{"@type":"ListItem","position":2,"name":"Banco de Libia reanuda operaciones tras liberaci\u00f3n de responsable de sistemas"}]},{"@type":"WebSite","@id":"https:\/\/www.eldiario.net\/portal\/#website","url":"https:\/\/www.eldiario.net\/portal\/","name":"El Diario - Decano de la prensa nacional","description":"El Diario - Decano de la prensa nacional","publisher":{"@id":"https:\/\/www.eldiario.net\/portal\/#organization"},"potentialAction":[{"@type":"SearchAction","target":{"@type":"EntryPoint","urlTemplate":"https:\/\/www.eldiario.net\/portal\/?s={search_term_string}"},"query-input":{"@type":"PropertyValueSpecification","valueRequired":true,"valueName":"search_term_string"}}],"inLanguage":"es"},{"@type":"Organization","@id":"https:\/\/www.eldiario.net\/portal\/#organization","name":"El Diario - Decano de la prensa nacional","url":"https:\/\/www.eldiario.net\/portal\/","logo":{"@type":"ImageObject","inLanguage":"es","@id":"https:\/\/www.eldiario.net\/portal\/#\/schema\/logo\/image\/","url":"https:\/\/www.eldiario.net\/portal\/wp-content\/uploads\/2023\/07\/logo_ED.jpg","contentUrl":"https:\/\/www.eldiario.net\/portal\/wp-content\/uploads\/2023\/07\/logo_ED.jpg","width":272,"height":52,"caption":"El Diario - Decano de la prensa nacional"},"image":{"@id":"https:\/\/www.eldiario.net\/portal\/#\/schema\/logo\/image\/"},"sameAs":["https:\/\/www.facebook.com\/eldiario.bolivia\/","https:\/\/x.com\/eldiario_net"]},{"@type":"Person","@id":"https:\/\/www.eldiario.net\/portal\/#\/schema\/person\/f46445640444750d7d753ccd04ae01b7","name":"Jeanette","image":{"@type":"ImageObject","inLanguage":"es","@id":"https:\/\/secure.gravatar.com\/avatar\/3ea2118a5f7dad2b7138b1187a6b7ee55f160b9968b66013c3a3ef39dd7e5798?s=96&d=mm&r=g","url":"https:\/\/secure.gravatar.com\/avatar\/3ea2118a5f7dad2b7138b1187a6b7ee55f160b9968b66013c3a3ef39dd7e5798?s=96&d=mm&r=g","contentUrl":"https:\/\/secure.gravatar.com\/avatar\/3ea2118a5f7dad2b7138b1187a6b7ee55f160b9968b66013c3a3ef39dd7e5798?s=96&d=mm&r=g","caption":"Jeanette"},"sameAs":["https:\/\/www.eldiario.net\/portal"],"url":"https:\/\/www.eldiario.net\/portal\/author\/jeanette\/"}]}},"_links":{"self":[{"href":"https:\/\/www.eldiario.net\/portal\/wp-json\/wp\/v2\/posts\/241657","targetHints":{"allow":["GET"]}}],"collection":[{"href":"https:\/\/www.eldiario.net\/portal\/wp-json\/wp\/v2\/posts"}],"about":[{"href":"https:\/\/www.eldiario.net\/portal\/wp-json\/wp\/v2\/types\/post"}],"author":[{"embeddable":true,"href":"https:\/\/www.eldiario.net\/portal\/wp-json\/wp\/v2\/users\/1"}],"replies":[{"embeddable":true,"href":"https:\/\/www.eldiario.net\/portal\/wp-json\/wp\/v2\/comments?post=241657"}],"version-history":[{"count":1,"href":"https:\/\/www.eldiario.net\/portal\/wp-json\/wp\/v2\/posts\/241657\/revisions"}],"predecessor-version":[{"id":241658,"href":"https:\/\/www.eldiario.net\/portal\/wp-json\/wp\/v2\/posts\/241657\/revisions\/241658"}],"wp:featuredmedia":[{"embeddable":true,"href":"https:\/\/www.eldiario.net\/portal\/wp-json\/wp\/v2\/media\/194703"}],"wp:attachment":[{"href":"https:\/\/www.eldiario.net\/portal\/wp-json\/wp\/v2\/media?parent=241657"}],"wp:term":[{"taxonomy":"category","embeddable":true,"href":"https:\/\/www.eldiario.net\/portal\/wp-json\/wp\/v2\/categories?post=241657"},{"taxonomy":"post_tag","embeddable":true,"href":"https:\/\/www.eldiario.net\/portal\/wp-json\/wp\/v2\/tags?post=241657"}],"curies":[{"name":"wp","href":"https:\/\/api.w.org\/{rel}","templated":true}]}}