{"id":241653,"date":"2024-08-19T05:36:58","date_gmt":"2024-08-19T09:36:58","guid":{"rendered":"https:\/\/www.eldiario.net\/portal\/?p=241653"},"modified":"2024-08-19T05:36:58","modified_gmt":"2024-08-19T09:36:58","slug":"ernesto-sube-a-categoria-uno-en-su-paso-por-atlantico-norte","status":"publish","type":"post","link":"https:\/\/www.eldiario.net\/portal\/2024\/08\/19\/ernesto-sube-a-categoria-uno-en-su-paso-por-atlantico-norte\/","title":{"rendered":"Ernesto sube a categor\u00eda uno en su paso por Atl\u00e1ntico Norte"},"content":{"rendered":"<p>Ernesto, que lleg\u00f3 a ser un hurac\u00e1n de categor\u00eda 2 en su camino a las Bermudas y luego se degrad\u00f3 a tormenta tropical, se intensific\u00f3 de nuevo a la categor\u00eda de hurac\u00e1n en su paso por el Atl\u00e1ntico Norte, seg\u00fan inform\u00f3 ayer el Centro Nacional de Huracanes de Estados Unidos (NHC).<br \/>\nEl NHC, con sede en Miami, advirti\u00f3 que Ernesto contin\u00faa generando fuerte oleaje con peligrosas corrientes de resaca que siguen afectando de manera considerable la costa este estadounidense, donde provoc\u00f3 la muerte de tres personas seg\u00fan confirm\u00f3 USA Today, por lo que fue emitida una advertencia para los ba\u00f1istas, destacando que las condiciones de oleaje y las corrientes de resaca representan un riesgo \u201cmortal\u201d.<br \/>\nLas muertes atribuidas a Ernesto incluyen a dos hombres que se ahogaron el viernes 16 de agosto en Hilton Head Island, Carolina del Sur, y la de otro nadador inconsciente encontrado en las aguas de Surf City, Carolina del Norte, el s\u00e1bado. Ernesto tambi\u00e9n provoc\u00f3 graves inundaciones y apagones en Puerto Rico y azot\u00f3 luego a Bermudas, dejando al 75% del territorio brit\u00e1nico en el oc\u00e9ano Atl\u00e1ntico sin servicio el El cicl\u00f3n, de nuevo ahora de categor\u00eda 1 en la escala Saffir-Simpson, de un total de 5, se encuentra ubicado a 840 kil\u00f3metros al sur de Halifax, en Nueva Escocia, Canad\u00e1, ya 1.310 kil\u00f3metros al suroeste de Cape Race, Terranova, tal como indic\u00f3 el NHC en su bolet\u00edn m\u00e1s reciente. Ernesto se mueve r\u00e1pidamente en direcci\u00f3n oeste-noroeste a una velocidad de traslaci\u00f3n de 28 kil\u00f3metros por hora y presenta vientos m\u00e1ximos sostenidos de 120 kil\u00f3metros por hora.<br \/>\nEn la trayectoria de pron\u00f3sticos, el centro de Ernesto pasar\u00e1 cerca del sureste de Terranova el lunes 19 de agosto y martes 20 de agosto por la ma\u00f1ana y se prev\u00e9 \u201calguna intensificaci\u00f3n adicional durante las pr\u00f3ximas 12 horas\u201d, seguido de un debilitamiento antes de que se convertir\u00e1 el martes en un ciclo post-tropical. Las marejadas generadas por Ernesto contin\u00faan afectando porciones de las Bahamas, Bermuda, la costa este de Estados Unidos y Canad\u00e1, unas condiciones que podr\u00edan continuar todav\u00eda durante las pr\u00f3ximas 48 horas.<br \/>\nSe trata del tercer hurac\u00e1n en lo que va de temporada de huracanes en la cuenca atl\u00e1ntica, que comenz\u00f3 el pasado 1 de junio, y que ha producido cinco tormentas tropicales: Alberto, Beryl, Chris, Debby y Ernesto.<br \/>\nDe ellas Beryl, Debby y Ernesto se fortalecieron hasta llegar a huracanes. Beryl incluso alcanz\u00f3 la mayor categor\u00eda en la escalada Saffir-Simpson, la cinco, causando destrucci\u00f3n y muerte en el Caribe y en Estados Unidos. Se trata de una temporada que, seg\u00fan los pron\u00f3sticos de la Administraci\u00f3n Nacional Oce\u00e1nica y Atmosf\u00e9rica (NOAA), tendr\u00e1 entre 17 y 24 tormentas con nombre y entre 8 y 13 huracanes, de los cuales entre 4 y 7 podr\u00edan alcanzar la categor\u00eda 3 o superior. (Infobae)<\/p>\n","protected":false},"excerpt":{"rendered":"<p>Ernesto, que lleg\u00f3 a ser un hurac\u00e1n de categor\u00eda 2 en su camino a las Bermudas y luego se degrad\u00f3 a tormenta tropical, se intensific\u00f3 de nuevo a la categor\u00eda de hurac\u00e1n en su paso por el Atl\u00e1ntico Norte, seg\u00fan inform\u00f3 ayer el Centro Nacional de Huracanes de Estados Unidos (NHC). El NHC, con sede [&hellip;]<\/p>\n","protected":false},"author":1,"featured_media":194703,"comment_status":"open","ping_status":"open","sticky":false,"template":"","format":"standard","meta":{"_acf_changed":false,"footnotes":""},"categories":[3],"tags":[],"class_list":["post-241653","post","type-post","status-publish","format-standard","has-post-thumbnail","category-internacional"],"acf":{"antetitulo":"Estados Unidos"},"yoast_head":"<!-- This site is optimized with the Yoast SEO plugin v28.4 - https:\/\/yoast.com\/product\/yoast-seo-wordpress\/ -->\n<title>Ernesto sube a categor\u00eda uno en su paso por Atl\u00e1ntico Norte - El Diario - Bolivia<\/title>\n<meta name=\"robots\" content=\"index, follow, max-snippet:-1, max-image-preview:large, max-video-preview:-1\" \/>\n<link rel=\"canonical\" href=\"https:\/\/www.eldiario.net\/portal\/2024\/08\/19\/ernesto-sube-a-categoria-uno-en-su-paso-por-atlantico-norte\/\" \/>\n<meta property=\"og:locale\" content=\"es_ES\" \/>\n<meta property=\"og:type\" content=\"article\" \/>\n<meta property=\"og:title\" content=\"Ernesto sube a categor\u00eda uno en su paso por Atl\u00e1ntico Norte - El Diario - Bolivia\" \/>\n<meta property=\"og:description\" content=\"Ernesto, que lleg\u00f3 a ser un hurac\u00e1n de categor\u00eda 2 en su camino a las Bermudas y luego se degrad\u00f3 a tormenta tropical, se intensific\u00f3 de nuevo a la categor\u00eda de hurac\u00e1n en su paso por el Atl\u00e1ntico Norte, seg\u00fan inform\u00f3 ayer el Centro Nacional de Huracanes de Estados Unidos (NHC). El NHC, con sede [&hellip;]\" \/>\n<meta property=\"og:url\" content=\"https:\/\/www.eldiario.net\/portal\/2024\/08\/19\/ernesto-sube-a-categoria-uno-en-su-paso-por-atlantico-norte\/\" \/>\n<meta property=\"og:site_name\" content=\"El Diario - Bolivia\" \/>\n<meta property=\"article:publisher\" content=\"https:\/\/www.facebook.com\/eldiario.bolivia\/\" \/>\n<meta property=\"article:published_time\" content=\"2024-08-19T09:36:58+00:00\" \/>\n<meta property=\"og:image\" content=\"https:\/\/www.eldiario.net\/portal\/wp-content\/uploads\/2023\/12\/Internacional.jpg\" \/>\n\t<meta property=\"og:image:width\" content=\"800\" \/>\n\t<meta property=\"og:image:height\" content=\"500\" \/>\n\t<meta property=\"og:image:type\" content=\"image\/jpeg\" \/>\n<meta name=\"author\" content=\"Jeanette\" \/>\n<meta name=\"twitter:card\" content=\"summary_large_image\" \/>\n<meta name=\"twitter:creator\" content=\"@eldiario_net\" \/>\n<meta name=\"twitter:site\" content=\"@eldiario_net\" \/>\n<meta name=\"twitter:label1\" content=\"Escrito por\" \/>\n\t<meta name=\"twitter:data1\" content=\"Jeanette\" \/>\n\t<meta name=\"twitter:label2\" content=\"Tiempo de lectura\" \/>\n\t<meta name=\"twitter:data2\" content=\"3 minutos\" \/>\n<script type=\"application\/ld+json\" class=\"yoast-schema-graph\">{\"@context\":\"https:\\\/\\\/schema.org\",\"@graph\":[{\"@type\":\"Article\",\"@id\":\"https:\\\/\\\/www.eldiario.net\\\/portal\\\/2024\\\/08\\\/19\\\/ernesto-sube-a-categoria-uno-en-su-paso-por-atlantico-norte\\\/#article\",\"isPartOf\":{\"@id\":\"https:\\\/\\\/www.eldiario.net\\\/portal\\\/2024\\\/08\\\/19\\\/ernesto-sube-a-categoria-uno-en-su-paso-por-atlantico-norte\\\/\"},\"author\":{\"name\":\"Jeanette\",\"@id\":\"https:\\\/\\\/www.eldiario.net\\\/portal\\\/#\\\/schema\\\/person\\\/f46445640444750d7d753ccd04ae01b7\"},\"headline\":\"Ernesto sube a categor\u00eda uno en su paso por Atl\u00e1ntico Norte\",\"datePublished\":\"2024-08-19T09:36:58+00:00\",\"mainEntityOfPage\":{\"@id\":\"https:\\\/\\\/www.eldiario.net\\\/portal\\\/2024\\\/08\\\/19\\\/ernesto-sube-a-categoria-uno-en-su-paso-por-atlantico-norte\\\/\"},\"wordCount\":502,\"commentCount\":0,\"publisher\":{\"@id\":\"https:\\\/\\\/www.eldiario.net\\\/portal\\\/#organization\"},\"image\":{\"@id\":\"https:\\\/\\\/www.eldiario.net\\\/portal\\\/2024\\\/08\\\/19\\\/ernesto-sube-a-categoria-uno-en-su-paso-por-atlantico-norte\\\/#primaryimage\"},\"thumbnailUrl\":\"https:\\\/\\\/www.eldiario.net\\\/portal\\\/wp-content\\\/uploads\\\/2023\\\/12\\\/Internacional.jpg\",\"articleSection\":[\"Internacional\"],\"inLanguage\":\"es\",\"potentialAction\":[{\"@type\":\"CommentAction\",\"name\":\"Comment\",\"target\":[\"https:\\\/\\\/www.eldiario.net\\\/portal\\\/2024\\\/08\\\/19\\\/ernesto-sube-a-categoria-uno-en-su-paso-por-atlantico-norte\\\/#respond\"]}]},{\"@type\":\"WebPage\",\"@id\":\"https:\\\/\\\/www.eldiario.net\\\/portal\\\/2024\\\/08\\\/19\\\/ernesto-sube-a-categoria-uno-en-su-paso-por-atlantico-norte\\\/\",\"url\":\"https:\\\/\\\/www.eldiario.net\\\/portal\\\/2024\\\/08\\\/19\\\/ernesto-sube-a-categoria-uno-en-su-paso-por-atlantico-norte\\\/\",\"name\":\"Ernesto sube a categor\u00eda uno en su paso por Atl\u00e1ntico Norte - El Diario - Bolivia\",\"isPartOf\":{\"@id\":\"https:\\\/\\\/www.eldiario.net\\\/portal\\\/#website\"},\"primaryImageOfPage\":{\"@id\":\"https:\\\/\\\/www.eldiario.net\\\/portal\\\/2024\\\/08\\\/19\\\/ernesto-sube-a-categoria-uno-en-su-paso-por-atlantico-norte\\\/#primaryimage\"},\"image\":{\"@id\":\"https:\\\/\\\/www.eldiario.net\\\/portal\\\/2024\\\/08\\\/19\\\/ernesto-sube-a-categoria-uno-en-su-paso-por-atlantico-norte\\\/#primaryimage\"},\"thumbnailUrl\":\"https:\\\/\\\/www.eldiario.net\\\/portal\\\/wp-content\\\/uploads\\\/2023\\\/12\\\/Internacional.jpg\",\"datePublished\":\"2024-08-19T09:36:58+00:00\",\"breadcrumb\":{\"@id\":\"https:\\\/\\\/www.eldiario.net\\\/portal\\\/2024\\\/08\\\/19\\\/ernesto-sube-a-categoria-uno-en-su-paso-por-atlantico-norte\\\/#breadcrumb\"},\"inLanguage\":\"es\",\"potentialAction\":[{\"@type\":\"ReadAction\",\"target\":[\"https:\\\/\\\/www.eldiario.net\\\/portal\\\/2024\\\/08\\\/19\\\/ernesto-sube-a-categoria-uno-en-su-paso-por-atlantico-norte\\\/\"]}]},{\"@type\":\"ImageObject\",\"inLanguage\":\"es\",\"@id\":\"https:\\\/\\\/www.eldiario.net\\\/portal\\\/2024\\\/08\\\/19\\\/ernesto-sube-a-categoria-uno-en-su-paso-por-atlantico-norte\\\/#primaryimage\",\"url\":\"https:\\\/\\\/www.eldiario.net\\\/portal\\\/wp-content\\\/uploads\\\/2023\\\/12\\\/Internacional.jpg\",\"contentUrl\":\"https:\\\/\\\/www.eldiario.net\\\/portal\\\/wp-content\\\/uploads\\\/2023\\\/12\\\/Internacional.jpg\",\"width\":800,\"height\":500},{\"@type\":\"BreadcrumbList\",\"@id\":\"https:\\\/\\\/www.eldiario.net\\\/portal\\\/2024\\\/08\\\/19\\\/ernesto-sube-a-categoria-uno-en-su-paso-por-atlantico-norte\\\/#breadcrumb\",\"itemListElement\":[{\"@type\":\"ListItem\",\"position\":1,\"name\":\"Portada\",\"item\":\"https:\\\/\\\/www.eldiario.net\\\/portal\\\/\"},{\"@type\":\"ListItem\",\"position\":2,\"name\":\"Ernesto sube a categor\u00eda uno en su paso por Atl\u00e1ntico Norte\"}]},{\"@type\":\"WebSite\",\"@id\":\"https:\\\/\\\/www.eldiario.net\\\/portal\\\/#website\",\"url\":\"https:\\\/\\\/www.eldiario.net\\\/portal\\\/\",\"name\":\"El Diario - Decano de la prensa nacional\",\"description\":\"El Diario - Decano de la prensa nacional\",\"publisher\":{\"@id\":\"https:\\\/\\\/www.eldiario.net\\\/portal\\\/#organization\"},\"potentialAction\":[{\"@type\":\"SearchAction\",\"target\":{\"@type\":\"EntryPoint\",\"urlTemplate\":\"https:\\\/\\\/www.eldiario.net\\\/portal\\\/?s={search_term_string}\"},\"query-input\":{\"@type\":\"PropertyValueSpecification\",\"valueRequired\":true,\"valueName\":\"search_term_string\"}}],\"inLanguage\":\"es\"},{\"@type\":\"Organization\",\"@id\":\"https:\\\/\\\/www.eldiario.net\\\/portal\\\/#organization\",\"name\":\"El Diario - Decano de la prensa nacional\",\"url\":\"https:\\\/\\\/www.eldiario.net\\\/portal\\\/\",\"logo\":{\"@type\":\"ImageObject\",\"inLanguage\":\"es\",\"@id\":\"https:\\\/\\\/www.eldiario.net\\\/portal\\\/#\\\/schema\\\/logo\\\/image\\\/\",\"url\":\"https:\\\/\\\/www.eldiario.net\\\/portal\\\/wp-content\\\/uploads\\\/2023\\\/07\\\/logo_ED.jpg\",\"contentUrl\":\"https:\\\/\\\/www.eldiario.net\\\/portal\\\/wp-content\\\/uploads\\\/2023\\\/07\\\/logo_ED.jpg\",\"width\":272,\"height\":52,\"caption\":\"El Diario - Decano de la prensa nacional\"},\"image\":{\"@id\":\"https:\\\/\\\/www.eldiario.net\\\/portal\\\/#\\\/schema\\\/logo\\\/image\\\/\"},\"sameAs\":[\"https:\\\/\\\/www.facebook.com\\\/eldiario.bolivia\\\/\",\"https:\\\/\\\/x.com\\\/eldiario_net\"]},{\"@type\":\"Person\",\"@id\":\"https:\\\/\\\/www.eldiario.net\\\/portal\\\/#\\\/schema\\\/person\\\/f46445640444750d7d753ccd04ae01b7\",\"name\":\"Jeanette\",\"image\":{\"@type\":\"ImageObject\",\"inLanguage\":\"es\",\"@id\":\"https:\\\/\\\/secure.gravatar.com\\\/avatar\\\/3ea2118a5f7dad2b7138b1187a6b7ee55f160b9968b66013c3a3ef39dd7e5798?s=96&d=mm&r=g\",\"url\":\"https:\\\/\\\/secure.gravatar.com\\\/avatar\\\/3ea2118a5f7dad2b7138b1187a6b7ee55f160b9968b66013c3a3ef39dd7e5798?s=96&d=mm&r=g\",\"contentUrl\":\"https:\\\/\\\/secure.gravatar.com\\\/avatar\\\/3ea2118a5f7dad2b7138b1187a6b7ee55f160b9968b66013c3a3ef39dd7e5798?s=96&d=mm&r=g\",\"caption\":\"Jeanette\"},\"sameAs\":[\"https:\\\/\\\/www.eldiario.net\\\/portal\"],\"url\":\"https:\\\/\\\/www.eldiario.net\\\/portal\\\/author\\\/jeanette\\\/\"}]}<\/script>\n<!-- \/ Yoast SEO plugin. -->","yoast_head_json":{"title":"Ernesto sube a categor\u00eda uno en su paso por Atl\u00e1ntico Norte - El Diario - Bolivia","robots":{"index":"index","follow":"follow","max-snippet":"max-snippet:-1","max-image-preview":"max-image-preview:large","max-video-preview":"max-video-preview:-1"},"canonical":"https:\/\/www.eldiario.net\/portal\/2024\/08\/19\/ernesto-sube-a-categoria-uno-en-su-paso-por-atlantico-norte\/","og_locale":"es_ES","og_type":"article","og_title":"Ernesto sube a categor\u00eda uno en su paso por Atl\u00e1ntico Norte - El Diario - Bolivia","og_description":"Ernesto, que lleg\u00f3 a ser un hurac\u00e1n de categor\u00eda 2 en su camino a las Bermudas y luego se degrad\u00f3 a tormenta tropical, se intensific\u00f3 de nuevo a la categor\u00eda de hurac\u00e1n en su paso por el Atl\u00e1ntico Norte, seg\u00fan inform\u00f3 ayer el Centro Nacional de Huracanes de Estados Unidos (NHC). El NHC, con sede [&hellip;]","og_url":"https:\/\/www.eldiario.net\/portal\/2024\/08\/19\/ernesto-sube-a-categoria-uno-en-su-paso-por-atlantico-norte\/","og_site_name":"El Diario - Bolivia","article_publisher":"https:\/\/www.facebook.com\/eldiario.bolivia\/","article_published_time":"2024-08-19T09:36:58+00:00","og_image":[{"width":800,"height":500,"url":"https:\/\/www.eldiario.net\/portal\/wp-content\/uploads\/2023\/12\/Internacional.jpg","type":"image\/jpeg"}],"author":"Jeanette","twitter_card":"summary_large_image","twitter_creator":"@eldiario_net","twitter_site":"@eldiario_net","twitter_misc":{"Escrito por":"Jeanette","Tiempo de lectura":"3 minutos"},"schema":{"@context":"https:\/\/schema.org","@graph":[{"@type":"Article","@id":"https:\/\/www.eldiario.net\/portal\/2024\/08\/19\/ernesto-sube-a-categoria-uno-en-su-paso-por-atlantico-norte\/#article","isPartOf":{"@id":"https:\/\/www.eldiario.net\/portal\/2024\/08\/19\/ernesto-sube-a-categoria-uno-en-su-paso-por-atlantico-norte\/"},"author":{"name":"Jeanette","@id":"https:\/\/www.eldiario.net\/portal\/#\/schema\/person\/f46445640444750d7d753ccd04ae01b7"},"headline":"Ernesto sube a categor\u00eda uno en su paso por Atl\u00e1ntico Norte","datePublished":"2024-08-19T09:36:58+00:00","mainEntityOfPage":{"@id":"https:\/\/www.eldiario.net\/portal\/2024\/08\/19\/ernesto-sube-a-categoria-uno-en-su-paso-por-atlantico-norte\/"},"wordCount":502,"commentCount":0,"publisher":{"@id":"https:\/\/www.eldiario.net\/portal\/#organization"},"image":{"@id":"https:\/\/www.eldiario.net\/portal\/2024\/08\/19\/ernesto-sube-a-categoria-uno-en-su-paso-por-atlantico-norte\/#primaryimage"},"thumbnailUrl":"https:\/\/www.eldiario.net\/portal\/wp-content\/uploads\/2023\/12\/Internacional.jpg","articleSection":["Internacional"],"inLanguage":"es","potentialAction":[{"@type":"CommentAction","name":"Comment","target":["https:\/\/www.eldiario.net\/portal\/2024\/08\/19\/ernesto-sube-a-categoria-uno-en-su-paso-por-atlantico-norte\/#respond"]}]},{"@type":"WebPage","@id":"https:\/\/www.eldiario.net\/portal\/2024\/08\/19\/ernesto-sube-a-categoria-uno-en-su-paso-por-atlantico-norte\/","url":"https:\/\/www.eldiario.net\/portal\/2024\/08\/19\/ernesto-sube-a-categoria-uno-en-su-paso-por-atlantico-norte\/","name":"Ernesto sube a categor\u00eda uno en su paso por Atl\u00e1ntico Norte - El Diario - Bolivia","isPartOf":{"@id":"https:\/\/www.eldiario.net\/portal\/#website"},"primaryImageOfPage":{"@id":"https:\/\/www.eldiario.net\/portal\/2024\/08\/19\/ernesto-sube-a-categoria-uno-en-su-paso-por-atlantico-norte\/#primaryimage"},"image":{"@id":"https:\/\/www.eldiario.net\/portal\/2024\/08\/19\/ernesto-sube-a-categoria-uno-en-su-paso-por-atlantico-norte\/#primaryimage"},"thumbnailUrl":"https:\/\/www.eldiario.net\/portal\/wp-content\/uploads\/2023\/12\/Internacional.jpg","datePublished":"2024-08-19T09:36:58+00:00","breadcrumb":{"@id":"https:\/\/www.eldiario.net\/portal\/2024\/08\/19\/ernesto-sube-a-categoria-uno-en-su-paso-por-atlantico-norte\/#breadcrumb"},"inLanguage":"es","potentialAction":[{"@type":"ReadAction","target":["https:\/\/www.eldiario.net\/portal\/2024\/08\/19\/ernesto-sube-a-categoria-uno-en-su-paso-por-atlantico-norte\/"]}]},{"@type":"ImageObject","inLanguage":"es","@id":"https:\/\/www.eldiario.net\/portal\/2024\/08\/19\/ernesto-sube-a-categoria-uno-en-su-paso-por-atlantico-norte\/#primaryimage","url":"https:\/\/www.eldiario.net\/portal\/wp-content\/uploads\/2023\/12\/Internacional.jpg","contentUrl":"https:\/\/www.eldiario.net\/portal\/wp-content\/uploads\/2023\/12\/Internacional.jpg","width":800,"height":500},{"@type":"BreadcrumbList","@id":"https:\/\/www.eldiario.net\/portal\/2024\/08\/19\/ernesto-sube-a-categoria-uno-en-su-paso-por-atlantico-norte\/#breadcrumb","itemListElement":[{"@type":"ListItem","position":1,"name":"Portada","item":"https:\/\/www.eldiario.net\/portal\/"},{"@type":"ListItem","position":2,"name":"Ernesto sube a categor\u00eda uno en su paso por Atl\u00e1ntico Norte"}]},{"@type":"WebSite","@id":"https:\/\/www.eldiario.net\/portal\/#website","url":"https:\/\/www.eldiario.net\/portal\/","name":"El Diario - Decano de la prensa nacional","description":"El Diario - Decano de la prensa nacional","publisher":{"@id":"https:\/\/www.eldiario.net\/portal\/#organization"},"potentialAction":[{"@type":"SearchAction","target":{"@type":"EntryPoint","urlTemplate":"https:\/\/www.eldiario.net\/portal\/?s={search_term_string}"},"query-input":{"@type":"PropertyValueSpecification","valueRequired":true,"valueName":"search_term_string"}}],"inLanguage":"es"},{"@type":"Organization","@id":"https:\/\/www.eldiario.net\/portal\/#organization","name":"El Diario - Decano de la prensa nacional","url":"https:\/\/www.eldiario.net\/portal\/","logo":{"@type":"ImageObject","inLanguage":"es","@id":"https:\/\/www.eldiario.net\/portal\/#\/schema\/logo\/image\/","url":"https:\/\/www.eldiario.net\/portal\/wp-content\/uploads\/2023\/07\/logo_ED.jpg","contentUrl":"https:\/\/www.eldiario.net\/portal\/wp-content\/uploads\/2023\/07\/logo_ED.jpg","width":272,"height":52,"caption":"El Diario - Decano de la prensa nacional"},"image":{"@id":"https:\/\/www.eldiario.net\/portal\/#\/schema\/logo\/image\/"},"sameAs":["https:\/\/www.facebook.com\/eldiario.bolivia\/","https:\/\/x.com\/eldiario_net"]},{"@type":"Person","@id":"https:\/\/www.eldiario.net\/portal\/#\/schema\/person\/f46445640444750d7d753ccd04ae01b7","name":"Jeanette","image":{"@type":"ImageObject","inLanguage":"es","@id":"https:\/\/secure.gravatar.com\/avatar\/3ea2118a5f7dad2b7138b1187a6b7ee55f160b9968b66013c3a3ef39dd7e5798?s=96&d=mm&r=g","url":"https:\/\/secure.gravatar.com\/avatar\/3ea2118a5f7dad2b7138b1187a6b7ee55f160b9968b66013c3a3ef39dd7e5798?s=96&d=mm&r=g","contentUrl":"https:\/\/secure.gravatar.com\/avatar\/3ea2118a5f7dad2b7138b1187a6b7ee55f160b9968b66013c3a3ef39dd7e5798?s=96&d=mm&r=g","caption":"Jeanette"},"sameAs":["https:\/\/www.eldiario.net\/portal"],"url":"https:\/\/www.eldiario.net\/portal\/author\/jeanette\/"}]}},"_links":{"self":[{"href":"https:\/\/www.eldiario.net\/portal\/wp-json\/wp\/v2\/posts\/241653","targetHints":{"allow":["GET"]}}],"collection":[{"href":"https:\/\/www.eldiario.net\/portal\/wp-json\/wp\/v2\/posts"}],"about":[{"href":"https:\/\/www.eldiario.net\/portal\/wp-json\/wp\/v2\/types\/post"}],"author":[{"embeddable":true,"href":"https:\/\/www.eldiario.net\/portal\/wp-json\/wp\/v2\/users\/1"}],"replies":[{"embeddable":true,"href":"https:\/\/www.eldiario.net\/portal\/wp-json\/wp\/v2\/comments?post=241653"}],"version-history":[{"count":1,"href":"https:\/\/www.eldiario.net\/portal\/wp-json\/wp\/v2\/posts\/241653\/revisions"}],"predecessor-version":[{"id":241654,"href":"https:\/\/www.eldiario.net\/portal\/wp-json\/wp\/v2\/posts\/241653\/revisions\/241654"}],"wp:featuredmedia":[{"embeddable":true,"href":"https:\/\/www.eldiario.net\/portal\/wp-json\/wp\/v2\/media\/194703"}],"wp:attachment":[{"href":"https:\/\/www.eldiario.net\/portal\/wp-json\/wp\/v2\/media?parent=241653"}],"wp:term":[{"taxonomy":"category","embeddable":true,"href":"https:\/\/www.eldiario.net\/portal\/wp-json\/wp\/v2\/categories?post=241653"},{"taxonomy":"post_tag","embeddable":true,"href":"https:\/\/www.eldiario.net\/portal\/wp-json\/wp\/v2\/tags?post=241653"}],"curies":[{"name":"wp","href":"https:\/\/api.w.org\/{rel}","templated":true}]}}