{"id":241649,"date":"2024-08-19T05:36:26","date_gmt":"2024-08-19T09:36:26","guid":{"rendered":"https:\/\/www.eldiario.net\/portal\/?p=241649"},"modified":"2024-08-19T05:36:26","modified_gmt":"2024-08-19T09:36:26","slug":"advierten-que-catastrofe-climatica-llegaria-mas-pronto-de-lo-previsto","status":"publish","type":"post","link":"https:\/\/www.eldiario.net\/portal\/2024\/08\/19\/advierten-que-catastrofe-climatica-llegaria-mas-pronto-de-lo-previsto\/","title":{"rendered":"Advierten que cat\u00e1strofe clim\u00e1tica llegar\u00eda m\u00e1s pronto de lo previsto"},"content":{"rendered":"<p>Las observaciones desde la estaci\u00f3n de monitoreo clim\u00e1tico en Chacaltaya permiten ver un preocupante aumento de concentraciones de gases de efecto invernadero en las masas de aire, lo cual, combinado con la deforestaci\u00f3n y la miner\u00eda indiscriminada, dejan advertir que la regi\u00f3n se est\u00e1 acercando a uno de los escenarios m\u00e1s pesimistas, el cual puede llegar m\u00e1s pronto de lo que se cree, seg\u00fan observ\u00f3 el f\u00edsico e investigador, Marcos Andrade Flores.<br \/>\nEn entrevista exclusiva con EL DIARIO, el acad\u00e9mico explic\u00f3 que varios estudios sugieren que existe la posibilidad de que el sistema meteorol\u00f3gico actual cambie de un estado binario, donde llueve y no llueve, a uno en el cual \u201cnos quedemos casi en \u00e9poca seca, es decir, en la que no haya transporte de humedad\u201d, debido a la indiscriminada actividad humana en bosques y r\u00edos, con la deforestaci\u00f3n y la miner\u00eda no regulada.<br \/>\nPara el f\u00edsico e investigador, la deforestaci\u00f3n y el cambio clim\u00e1tico combinados pueden estar llegando a acelerar un efecto catastr\u00f3fico en la regi\u00f3n, la cual sugiri\u00f3 que puede ser \u201cuna de las m\u00e1s pesimistas\u201d.<br \/>\nAndrade record\u00f3 los problemas de las represas del 2016, cuando el agua escase\u00f3 en las ciudades durante varios d\u00edas. \u201cImaginemos que baje solo a la mitad la cantidad de lluvia cada a\u00f1o: no vamos a poder ni llenar las represas. Las personas que vivimos aqu\u00ed lo sentiremos directamente, y esto podr\u00eda suceder m\u00e1s pronto de lo que pensamos\u201d, advirti\u00f3.<br \/>\nDesde diciembre de 2011, el equipo del acad\u00e9mico, ubicado en Chacaltaya, observ\u00f3 un notorio incremento de concentraci\u00f3n de gases de efecto invernadero en la regi\u00f3n, como el di\u00f3xido de carbono (CO2) y el gas metano, dos de los m\u00e1s conocidos, aunque aclar\u00f3 que el incremento es a nivel mundial y cada gas presenta un comportamiento diferente.<br \/>\nCitando como ejemplo el vertiginoso crecimiento del parque automotor, rescat\u00f3 los esfuerzos de las autoridades regionales por regular la contaminaci\u00f3n y emisi\u00f3n de gases, pero advirti\u00f3 que este fen\u00f3meno f\u00edsico-qu\u00edmico en el aire, atribuible a otros factores, puede provocar cambios bruscos en la temperatura, lo cual resultar\u00eda en varias afectaciones a la calidad de vida de la poblaci\u00f3n.<br \/>\nAndrade tambi\u00e9n coment\u00f3 que las inundaciones en tierras bajas producen mucho gas metano. Seg\u00fan algunas estimaciones, las inundaciones de los llanos de Moxos podr\u00edan producir hasta el 10% del metano que se produce naturalmente en todo el subcontinente, explic\u00f3.<\/p>\n<p>HUMEDAD Y CALIDAD DEL AIRE<br \/>\n\u201cEstamos quemando mucho en tierras bajas, no solo en Bolivia, en Brasil y Paraguay tambi\u00e9n\u201d, resalt\u00f3 el entrevistado, a tiempo de destacar que la calidad del aire en la regi\u00f3n del oriente es mala.<br \/>\nEl profesional explic\u00f3 tambi\u00e9n que la humedad que llega a Bolivia proviene del Oc\u00e9ano Atl\u00e1ntico debido a un factor f\u00edsico del clima que es la inversi\u00f3n t\u00e9rmica existente sobre el Pac\u00edfico, fen\u00f3meno que impide el flujo de aire desde la costa oeste del mar. Por esta raz\u00f3n, en continentes grandes los lugares centrales son menos h\u00famedos que las costas.<br \/>\n\u201cLo que tenemos son vientos que vienen desde el Atl\u00e1ntico a 2.000 km, chocan contra Los Andes y bajan paralelo a la Cordillera. Esto atrae la humedad. En invierno, se va m\u00e1s al norte y no hay lluvia; en verano, los cuatro meses que tenemos, las masas de aire vienen m\u00e1s hacia el sur y as\u00ed es como tenemos humedad\u201d, expuso.<br \/>\nAndrade agreg\u00f3 que la observaci\u00f3n del aire requiere un estudio constante, pues las part\u00edculas en el aire cambian su composici\u00f3n qu\u00edmica y se hacen cada vez m\u00e1s peque\u00f1as, lo cual significa mayor riesgo para la salud, porque as\u00ed pueden penetrar m\u00e1s profundo en el organismo. \u201cHace a\u00f1os ve\u00edamos part\u00edculas menores a 10 micrones, luego vimos menores a 2,5 micrones, luego un d\u00e9cimo de eso. Cuanto m\u00e1s peque\u00f1a es la part\u00edcula, m\u00e1s profundo penetra en el sistema respiratorio y es m\u00e1s da\u00f1ina\u201d.<\/p>\n<p>PROPUESTAS<br \/>\nRecalcando que la depredaci\u00f3n humana \u201chace su parte\u201d en acelerar el venidero desastre clim\u00e1tico, Andrade considera que es imperante detener la deforestaci\u00f3n a nivel regional, pidiendo esfuerzos conjuntos a naciones vecinas. Asimismo, \u201cla miner\u00eda no puede ser indiscriminada, donde sea y donde se me ocurra, en el primer arroyo que encuentre\u201d, exhort\u00f3.<br \/>\n\u201cNo podemos decir que no contribuimos, no podemos echar la culpa a otros, por m\u00e1s peque\u00f1o pa\u00eds que seamos, ya somos m\u00e1s de 12 millones. Ya no somos un pueblo en el sentido de que somos poquitos y no importa lo que hagamos, somos un pa\u00eds que est\u00e1 creciendo, de mucha gente y tenemos que tener cuidado con lo que hacemos con el vecino. Hay que vivir pensando\u00a0en\u00a0el\u00a0resto\u201d, coment\u00f3.<br \/>\nEn su criterio, lo que se debe hacer es apostar por la educaci\u00f3n y la regulaci\u00f3n en temas de ciencia y medio ambiente. Tras socializar los resultados m\u00e1s concluyentes de sus investigaciones con pobladores locales, Andrade destac\u00f3 la recepci\u00f3n de estos temas en la poblaci\u00f3n joven y cree que no se aprovecha todo el potencial de ense\u00f1anza hacia ellos.<br \/>\n\u201cLa revoluci\u00f3n de pa\u00edses como Taiw\u00e1n o Noruega, la clave de cambiar su modelo extractivista es la educaci\u00f3n, tecnolog\u00eda y ciencia. No hemos hecho nuestro trabajo nunca. La educaci\u00f3n no es lo m\u00e1s importante en el gobierno\u201d, se\u00f1al\u00f3 Andrade, afirmando que \u201cel gran desaf\u00edo es educarse en el uso sabio de nuestros recursos\u201d.<\/p>\n<p>ESTACI\u00d3N ESTRAT\u00c9GICA<br \/>\nEl investigador enfatiz\u00f3 la posici\u00f3n estrat\u00e9gica y privilegiada de su estaci\u00f3n de monitoreo para el estudio de la composici\u00f3n atmosf\u00e9rica en los Andes tropicales. A 5.240 metros sobre el mar desde Chacaltaya, puede hacer mediciones del Amazonas, el Pac\u00edfico, el altiplano y la ciudad.<br \/>\nAunque la compleja topograf\u00eda de la regi\u00f3n dificulta colocar modelos y obtener ciertas mediciones, destac\u00f3 que probablemente son la m\u00e1s activa de la regi\u00f3n, entre apenas unas 30 estaciones globales, pues \u201cen casi 13 a\u00f1os de trabajo se ha avanzado mucho\u201d.<br \/>\nMarcos F. Andrade Flores es profesor titular en el Departamento de F\u00edsica de la Universidad Mayor de San Andr\u00e9s (UMSA), donde obtuvo una licenciatura en F\u00edsica; posee adem\u00e1s una maestr\u00eda y doctorado en Meteorolog\u00eda en AOSC de la Universidad de Maryland, Estados Unidos.<br \/>\nAndrade es fundador y director del Laboratorio de F\u00edsica de la Atm\u00f3sfera de la UMSA y el principal investigador en la estaci\u00f3n de monitoreo clim\u00e1tico de Chacaltaya, la cual es parte de Vigilancia Atmosf\u00e9rica Global (GAW) de la Organizaci\u00f3n Mundial de Meteorolog\u00eda.<\/p>\n<figure id=\"attachment_241651\" aria-describedby=\"caption-attachment-241651\" style=\"width: 199px\" class=\"wp-caption alignleft\"><img loading=\"lazy\" decoding=\"async\" class=\"wp-image-241651 size-medium\" src=\"https:\/\/www.eldiario.net\/portal\/wp-content\/uploads\/2024\/08\/19-CLIMA-2-199x300.jpg\" alt=\"\" width=\"199\" height=\"300\" srcset=\"https:\/\/www.eldiario.net\/portal\/wp-content\/uploads\/2024\/08\/19-CLIMA-2-199x300.jpg 199w, https:\/\/www.eldiario.net\/portal\/wp-content\/uploads\/2024\/08\/19-CLIMA-2-278x420.jpg 278w, https:\/\/www.eldiario.net\/portal\/wp-content\/uploads\/2024\/08\/19-CLIMA-2.jpg 527w\" sizes=\"auto, (max-width: 199px) 100vw, 199px\" \/><figcaption id=\"caption-attachment-241651\" class=\"wp-caption-text\">El investigador y f\u00edsico, Marcos Andrade Flores.<\/figcaption><\/figure>\n<p>&nbsp;<\/p>\n","protected":false},"excerpt":{"rendered":"<p>Las observaciones desde la estaci\u00f3n de monitoreo clim\u00e1tico en Chacaltaya permiten ver un preocupante aumento de concentraciones de gases de efecto invernadero en las masas de aire, lo cual, combinado con la deforestaci\u00f3n y la miner\u00eda indiscriminada, dejan advertir que la regi\u00f3n se est\u00e1 acercando a uno de los escenarios m\u00e1s pesimistas, el cual puede [&hellip;]<\/p>\n","protected":false},"author":1,"featured_media":241650,"comment_status":"open","ping_status":"open","sticky":false,"template":"","format":"standard","meta":{"_acf_changed":false,"footnotes":""},"categories":[39],"tags":[],"class_list":["post-241649","post","type-post","status-publish","format-standard","has-post-thumbnail","category-sociedad"],"acf":{"antetitulo":"Deforestaci\u00f3n y efecto invernadero"},"yoast_head":"<!-- This site is optimized with the Yoast SEO plugin v28.4 - https:\/\/yoast.com\/product\/yoast-seo-wordpress\/ -->\n<title>Advierten que cat\u00e1strofe clim\u00e1tica llegar\u00eda m\u00e1s pronto de lo previsto - El Diario - Bolivia<\/title>\n<meta name=\"robots\" content=\"index, follow, max-snippet:-1, max-image-preview:large, max-video-preview:-1\" \/>\n<link rel=\"canonical\" href=\"https:\/\/www.eldiario.net\/portal\/2024\/08\/19\/advierten-que-catastrofe-climatica-llegaria-mas-pronto-de-lo-previsto\/\" \/>\n<meta property=\"og:locale\" content=\"es_ES\" \/>\n<meta property=\"og:type\" content=\"article\" \/>\n<meta property=\"og:title\" content=\"Advierten que cat\u00e1strofe clim\u00e1tica llegar\u00eda m\u00e1s pronto de lo previsto - El Diario - Bolivia\" \/>\n<meta property=\"og:description\" content=\"Las observaciones desde la estaci\u00f3n de monitoreo clim\u00e1tico en Chacaltaya permiten ver un preocupante aumento de concentraciones de gases de efecto invernadero en las masas de aire, lo cual, combinado con la deforestaci\u00f3n y la miner\u00eda indiscriminada, dejan advertir que la regi\u00f3n se est\u00e1 acercando a uno de los escenarios m\u00e1s pesimistas, el cual puede [&hellip;]\" \/>\n<meta property=\"og:url\" content=\"https:\/\/www.eldiario.net\/portal\/2024\/08\/19\/advierten-que-catastrofe-climatica-llegaria-mas-pronto-de-lo-previsto\/\" \/>\n<meta property=\"og:site_name\" content=\"El Diario - Bolivia\" \/>\n<meta property=\"article:publisher\" content=\"https:\/\/www.facebook.com\/eldiario.bolivia\/\" \/>\n<meta property=\"article:published_time\" content=\"2024-08-19T09:36:26+00:00\" \/>\n<meta property=\"og:image\" content=\"https:\/\/www.eldiario.net\/portal\/wp-content\/uploads\/2024\/08\/19-CLIMA-1.jpg\" \/>\n\t<meta property=\"og:image:width\" content=\"1200\" \/>\n\t<meta property=\"og:image:height\" content=\"638\" \/>\n\t<meta property=\"og:image:type\" content=\"image\/jpeg\" \/>\n<meta name=\"author\" content=\"Jeanette\" \/>\n<meta name=\"twitter:card\" content=\"summary_large_image\" \/>\n<meta name=\"twitter:creator\" content=\"@eldiario_net\" \/>\n<meta name=\"twitter:site\" content=\"@eldiario_net\" \/>\n<meta name=\"twitter:label1\" content=\"Escrito por\" \/>\n\t<meta name=\"twitter:data1\" content=\"Jeanette\" \/>\n\t<meta name=\"twitter:label2\" content=\"Tiempo de lectura\" \/>\n\t<meta name=\"twitter:data2\" content=\"6 minutos\" \/>\n<script type=\"application\/ld+json\" class=\"yoast-schema-graph\">{\"@context\":\"https:\\\/\\\/schema.org\",\"@graph\":[{\"@type\":\"Article\",\"@id\":\"https:\\\/\\\/www.eldiario.net\\\/portal\\\/2024\\\/08\\\/19\\\/advierten-que-catastrofe-climatica-llegaria-mas-pronto-de-lo-previsto\\\/#article\",\"isPartOf\":{\"@id\":\"https:\\\/\\\/www.eldiario.net\\\/portal\\\/2024\\\/08\\\/19\\\/advierten-que-catastrofe-climatica-llegaria-mas-pronto-de-lo-previsto\\\/\"},\"author\":{\"name\":\"Jeanette\",\"@id\":\"https:\\\/\\\/www.eldiario.net\\\/portal\\\/#\\\/schema\\\/person\\\/f46445640444750d7d753ccd04ae01b7\"},\"headline\":\"Advierten que cat\u00e1strofe clim\u00e1tica llegar\u00eda m\u00e1s pronto de lo previsto\",\"datePublished\":\"2024-08-19T09:36:26+00:00\",\"mainEntityOfPage\":{\"@id\":\"https:\\\/\\\/www.eldiario.net\\\/portal\\\/2024\\\/08\\\/19\\\/advierten-que-catastrofe-climatica-llegaria-mas-pronto-de-lo-previsto\\\/\"},\"wordCount\":1180,\"commentCount\":0,\"publisher\":{\"@id\":\"https:\\\/\\\/www.eldiario.net\\\/portal\\\/#organization\"},\"image\":{\"@id\":\"https:\\\/\\\/www.eldiario.net\\\/portal\\\/2024\\\/08\\\/19\\\/advierten-que-catastrofe-climatica-llegaria-mas-pronto-de-lo-previsto\\\/#primaryimage\"},\"thumbnailUrl\":\"https:\\\/\\\/www.eldiario.net\\\/portal\\\/wp-content\\\/uploads\\\/2024\\\/08\\\/19-CLIMA-1.jpg\",\"articleSection\":[\"Sociedad - Seguridad\"],\"inLanguage\":\"es\",\"potentialAction\":[{\"@type\":\"CommentAction\",\"name\":\"Comment\",\"target\":[\"https:\\\/\\\/www.eldiario.net\\\/portal\\\/2024\\\/08\\\/19\\\/advierten-que-catastrofe-climatica-llegaria-mas-pronto-de-lo-previsto\\\/#respond\"]}]},{\"@type\":\"WebPage\",\"@id\":\"https:\\\/\\\/www.eldiario.net\\\/portal\\\/2024\\\/08\\\/19\\\/advierten-que-catastrofe-climatica-llegaria-mas-pronto-de-lo-previsto\\\/\",\"url\":\"https:\\\/\\\/www.eldiario.net\\\/portal\\\/2024\\\/08\\\/19\\\/advierten-que-catastrofe-climatica-llegaria-mas-pronto-de-lo-previsto\\\/\",\"name\":\"Advierten que cat\u00e1strofe clim\u00e1tica llegar\u00eda m\u00e1s pronto de lo previsto - El Diario - Bolivia\",\"isPartOf\":{\"@id\":\"https:\\\/\\\/www.eldiario.net\\\/portal\\\/#website\"},\"primaryImageOfPage\":{\"@id\":\"https:\\\/\\\/www.eldiario.net\\\/portal\\\/2024\\\/08\\\/19\\\/advierten-que-catastrofe-climatica-llegaria-mas-pronto-de-lo-previsto\\\/#primaryimage\"},\"image\":{\"@id\":\"https:\\\/\\\/www.eldiario.net\\\/portal\\\/2024\\\/08\\\/19\\\/advierten-que-catastrofe-climatica-llegaria-mas-pronto-de-lo-previsto\\\/#primaryimage\"},\"thumbnailUrl\":\"https:\\\/\\\/www.eldiario.net\\\/portal\\\/wp-content\\\/uploads\\\/2024\\\/08\\\/19-CLIMA-1.jpg\",\"datePublished\":\"2024-08-19T09:36:26+00:00\",\"breadcrumb\":{\"@id\":\"https:\\\/\\\/www.eldiario.net\\\/portal\\\/2024\\\/08\\\/19\\\/advierten-que-catastrofe-climatica-llegaria-mas-pronto-de-lo-previsto\\\/#breadcrumb\"},\"inLanguage\":\"es\",\"potentialAction\":[{\"@type\":\"ReadAction\",\"target\":[\"https:\\\/\\\/www.eldiario.net\\\/portal\\\/2024\\\/08\\\/19\\\/advierten-que-catastrofe-climatica-llegaria-mas-pronto-de-lo-previsto\\\/\"]}]},{\"@type\":\"ImageObject\",\"inLanguage\":\"es\",\"@id\":\"https:\\\/\\\/www.eldiario.net\\\/portal\\\/2024\\\/08\\\/19\\\/advierten-que-catastrofe-climatica-llegaria-mas-pronto-de-lo-previsto\\\/#primaryimage\",\"url\":\"https:\\\/\\\/www.eldiario.net\\\/portal\\\/wp-content\\\/uploads\\\/2024\\\/08\\\/19-CLIMA-1.jpg\",\"contentUrl\":\"https:\\\/\\\/www.eldiario.net\\\/portal\\\/wp-content\\\/uploads\\\/2024\\\/08\\\/19-CLIMA-1.jpg\",\"width\":1200,\"height\":638,\"caption\":\"Estaci\u00f3n de monitoreo meteorol\u00f3gico en Chacaltaya.\"},{\"@type\":\"BreadcrumbList\",\"@id\":\"https:\\\/\\\/www.eldiario.net\\\/portal\\\/2024\\\/08\\\/19\\\/advierten-que-catastrofe-climatica-llegaria-mas-pronto-de-lo-previsto\\\/#breadcrumb\",\"itemListElement\":[{\"@type\":\"ListItem\",\"position\":1,\"name\":\"Portada\",\"item\":\"https:\\\/\\\/www.eldiario.net\\\/portal\\\/\"},{\"@type\":\"ListItem\",\"position\":2,\"name\":\"Advierten que cat\u00e1strofe clim\u00e1tica llegar\u00eda m\u00e1s pronto de lo previsto\"}]},{\"@type\":\"WebSite\",\"@id\":\"https:\\\/\\\/www.eldiario.net\\\/portal\\\/#website\",\"url\":\"https:\\\/\\\/www.eldiario.net\\\/portal\\\/\",\"name\":\"El Diario - Decano de la prensa nacional\",\"description\":\"El Diario - Decano de la prensa nacional\",\"publisher\":{\"@id\":\"https:\\\/\\\/www.eldiario.net\\\/portal\\\/#organization\"},\"potentialAction\":[{\"@type\":\"SearchAction\",\"target\":{\"@type\":\"EntryPoint\",\"urlTemplate\":\"https:\\\/\\\/www.eldiario.net\\\/portal\\\/?s={search_term_string}\"},\"query-input\":{\"@type\":\"PropertyValueSpecification\",\"valueRequired\":true,\"valueName\":\"search_term_string\"}}],\"inLanguage\":\"es\"},{\"@type\":\"Organization\",\"@id\":\"https:\\\/\\\/www.eldiario.net\\\/portal\\\/#organization\",\"name\":\"El Diario - Decano de la prensa nacional\",\"url\":\"https:\\\/\\\/www.eldiario.net\\\/portal\\\/\",\"logo\":{\"@type\":\"ImageObject\",\"inLanguage\":\"es\",\"@id\":\"https:\\\/\\\/www.eldiario.net\\\/portal\\\/#\\\/schema\\\/logo\\\/image\\\/\",\"url\":\"https:\\\/\\\/www.eldiario.net\\\/portal\\\/wp-content\\\/uploads\\\/2023\\\/07\\\/logo_ED.jpg\",\"contentUrl\":\"https:\\\/\\\/www.eldiario.net\\\/portal\\\/wp-content\\\/uploads\\\/2023\\\/07\\\/logo_ED.jpg\",\"width\":272,\"height\":52,\"caption\":\"El Diario - Decano de la prensa nacional\"},\"image\":{\"@id\":\"https:\\\/\\\/www.eldiario.net\\\/portal\\\/#\\\/schema\\\/logo\\\/image\\\/\"},\"sameAs\":[\"https:\\\/\\\/www.facebook.com\\\/eldiario.bolivia\\\/\",\"https:\\\/\\\/x.com\\\/eldiario_net\"]},{\"@type\":\"Person\",\"@id\":\"https:\\\/\\\/www.eldiario.net\\\/portal\\\/#\\\/schema\\\/person\\\/f46445640444750d7d753ccd04ae01b7\",\"name\":\"Jeanette\",\"image\":{\"@type\":\"ImageObject\",\"inLanguage\":\"es\",\"@id\":\"https:\\\/\\\/secure.gravatar.com\\\/avatar\\\/3ea2118a5f7dad2b7138b1187a6b7ee55f160b9968b66013c3a3ef39dd7e5798?s=96&d=mm&r=g\",\"url\":\"https:\\\/\\\/secure.gravatar.com\\\/avatar\\\/3ea2118a5f7dad2b7138b1187a6b7ee55f160b9968b66013c3a3ef39dd7e5798?s=96&d=mm&r=g\",\"contentUrl\":\"https:\\\/\\\/secure.gravatar.com\\\/avatar\\\/3ea2118a5f7dad2b7138b1187a6b7ee55f160b9968b66013c3a3ef39dd7e5798?s=96&d=mm&r=g\",\"caption\":\"Jeanette\"},\"sameAs\":[\"https:\\\/\\\/www.eldiario.net\\\/portal\"],\"url\":\"https:\\\/\\\/www.eldiario.net\\\/portal\\\/author\\\/jeanette\\\/\"}]}<\/script>\n<!-- \/ Yoast SEO plugin. -->","yoast_head_json":{"title":"Advierten que cat\u00e1strofe clim\u00e1tica llegar\u00eda m\u00e1s pronto de lo previsto - El Diario - Bolivia","robots":{"index":"index","follow":"follow","max-snippet":"max-snippet:-1","max-image-preview":"max-image-preview:large","max-video-preview":"max-video-preview:-1"},"canonical":"https:\/\/www.eldiario.net\/portal\/2024\/08\/19\/advierten-que-catastrofe-climatica-llegaria-mas-pronto-de-lo-previsto\/","og_locale":"es_ES","og_type":"article","og_title":"Advierten que cat\u00e1strofe clim\u00e1tica llegar\u00eda m\u00e1s pronto de lo previsto - El Diario - Bolivia","og_description":"Las observaciones desde la estaci\u00f3n de monitoreo clim\u00e1tico en Chacaltaya permiten ver un preocupante aumento de concentraciones de gases de efecto invernadero en las masas de aire, lo cual, combinado con la deforestaci\u00f3n y la miner\u00eda indiscriminada, dejan advertir que la regi\u00f3n se est\u00e1 acercando a uno de los escenarios m\u00e1s pesimistas, el cual puede [&hellip;]","og_url":"https:\/\/www.eldiario.net\/portal\/2024\/08\/19\/advierten-que-catastrofe-climatica-llegaria-mas-pronto-de-lo-previsto\/","og_site_name":"El Diario - Bolivia","article_publisher":"https:\/\/www.facebook.com\/eldiario.bolivia\/","article_published_time":"2024-08-19T09:36:26+00:00","og_image":[{"width":1200,"height":638,"url":"https:\/\/www.eldiario.net\/portal\/wp-content\/uploads\/2024\/08\/19-CLIMA-1.jpg","type":"image\/jpeg"}],"author":"Jeanette","twitter_card":"summary_large_image","twitter_creator":"@eldiario_net","twitter_site":"@eldiario_net","twitter_misc":{"Escrito por":"Jeanette","Tiempo de lectura":"6 minutos"},"schema":{"@context":"https:\/\/schema.org","@graph":[{"@type":"Article","@id":"https:\/\/www.eldiario.net\/portal\/2024\/08\/19\/advierten-que-catastrofe-climatica-llegaria-mas-pronto-de-lo-previsto\/#article","isPartOf":{"@id":"https:\/\/www.eldiario.net\/portal\/2024\/08\/19\/advierten-que-catastrofe-climatica-llegaria-mas-pronto-de-lo-previsto\/"},"author":{"name":"Jeanette","@id":"https:\/\/www.eldiario.net\/portal\/#\/schema\/person\/f46445640444750d7d753ccd04ae01b7"},"headline":"Advierten que cat\u00e1strofe clim\u00e1tica llegar\u00eda m\u00e1s pronto de lo previsto","datePublished":"2024-08-19T09:36:26+00:00","mainEntityOfPage":{"@id":"https:\/\/www.eldiario.net\/portal\/2024\/08\/19\/advierten-que-catastrofe-climatica-llegaria-mas-pronto-de-lo-previsto\/"},"wordCount":1180,"commentCount":0,"publisher":{"@id":"https:\/\/www.eldiario.net\/portal\/#organization"},"image":{"@id":"https:\/\/www.eldiario.net\/portal\/2024\/08\/19\/advierten-que-catastrofe-climatica-llegaria-mas-pronto-de-lo-previsto\/#primaryimage"},"thumbnailUrl":"https:\/\/www.eldiario.net\/portal\/wp-content\/uploads\/2024\/08\/19-CLIMA-1.jpg","articleSection":["Sociedad - Seguridad"],"inLanguage":"es","potentialAction":[{"@type":"CommentAction","name":"Comment","target":["https:\/\/www.eldiario.net\/portal\/2024\/08\/19\/advierten-que-catastrofe-climatica-llegaria-mas-pronto-de-lo-previsto\/#respond"]}]},{"@type":"WebPage","@id":"https:\/\/www.eldiario.net\/portal\/2024\/08\/19\/advierten-que-catastrofe-climatica-llegaria-mas-pronto-de-lo-previsto\/","url":"https:\/\/www.eldiario.net\/portal\/2024\/08\/19\/advierten-que-catastrofe-climatica-llegaria-mas-pronto-de-lo-previsto\/","name":"Advierten que cat\u00e1strofe clim\u00e1tica llegar\u00eda m\u00e1s pronto de lo previsto - El Diario - Bolivia","isPartOf":{"@id":"https:\/\/www.eldiario.net\/portal\/#website"},"primaryImageOfPage":{"@id":"https:\/\/www.eldiario.net\/portal\/2024\/08\/19\/advierten-que-catastrofe-climatica-llegaria-mas-pronto-de-lo-previsto\/#primaryimage"},"image":{"@id":"https:\/\/www.eldiario.net\/portal\/2024\/08\/19\/advierten-que-catastrofe-climatica-llegaria-mas-pronto-de-lo-previsto\/#primaryimage"},"thumbnailUrl":"https:\/\/www.eldiario.net\/portal\/wp-content\/uploads\/2024\/08\/19-CLIMA-1.jpg","datePublished":"2024-08-19T09:36:26+00:00","breadcrumb":{"@id":"https:\/\/www.eldiario.net\/portal\/2024\/08\/19\/advierten-que-catastrofe-climatica-llegaria-mas-pronto-de-lo-previsto\/#breadcrumb"},"inLanguage":"es","potentialAction":[{"@type":"ReadAction","target":["https:\/\/www.eldiario.net\/portal\/2024\/08\/19\/advierten-que-catastrofe-climatica-llegaria-mas-pronto-de-lo-previsto\/"]}]},{"@type":"ImageObject","inLanguage":"es","@id":"https:\/\/www.eldiario.net\/portal\/2024\/08\/19\/advierten-que-catastrofe-climatica-llegaria-mas-pronto-de-lo-previsto\/#primaryimage","url":"https:\/\/www.eldiario.net\/portal\/wp-content\/uploads\/2024\/08\/19-CLIMA-1.jpg","contentUrl":"https:\/\/www.eldiario.net\/portal\/wp-content\/uploads\/2024\/08\/19-CLIMA-1.jpg","width":1200,"height":638,"caption":"Estaci\u00f3n de monitoreo meteorol\u00f3gico en Chacaltaya."},{"@type":"BreadcrumbList","@id":"https:\/\/www.eldiario.net\/portal\/2024\/08\/19\/advierten-que-catastrofe-climatica-llegaria-mas-pronto-de-lo-previsto\/#breadcrumb","itemListElement":[{"@type":"ListItem","position":1,"name":"Portada","item":"https:\/\/www.eldiario.net\/portal\/"},{"@type":"ListItem","position":2,"name":"Advierten que cat\u00e1strofe clim\u00e1tica llegar\u00eda m\u00e1s pronto de lo previsto"}]},{"@type":"WebSite","@id":"https:\/\/www.eldiario.net\/portal\/#website","url":"https:\/\/www.eldiario.net\/portal\/","name":"El Diario - Decano de la prensa nacional","description":"El Diario - Decano de la prensa nacional","publisher":{"@id":"https:\/\/www.eldiario.net\/portal\/#organization"},"potentialAction":[{"@type":"SearchAction","target":{"@type":"EntryPoint","urlTemplate":"https:\/\/www.eldiario.net\/portal\/?s={search_term_string}"},"query-input":{"@type":"PropertyValueSpecification","valueRequired":true,"valueName":"search_term_string"}}],"inLanguage":"es"},{"@type":"Organization","@id":"https:\/\/www.eldiario.net\/portal\/#organization","name":"El Diario - Decano de la prensa nacional","url":"https:\/\/www.eldiario.net\/portal\/","logo":{"@type":"ImageObject","inLanguage":"es","@id":"https:\/\/www.eldiario.net\/portal\/#\/schema\/logo\/image\/","url":"https:\/\/www.eldiario.net\/portal\/wp-content\/uploads\/2023\/07\/logo_ED.jpg","contentUrl":"https:\/\/www.eldiario.net\/portal\/wp-content\/uploads\/2023\/07\/logo_ED.jpg","width":272,"height":52,"caption":"El Diario - Decano de la prensa nacional"},"image":{"@id":"https:\/\/www.eldiario.net\/portal\/#\/schema\/logo\/image\/"},"sameAs":["https:\/\/www.facebook.com\/eldiario.bolivia\/","https:\/\/x.com\/eldiario_net"]},{"@type":"Person","@id":"https:\/\/www.eldiario.net\/portal\/#\/schema\/person\/f46445640444750d7d753ccd04ae01b7","name":"Jeanette","image":{"@type":"ImageObject","inLanguage":"es","@id":"https:\/\/secure.gravatar.com\/avatar\/3ea2118a5f7dad2b7138b1187a6b7ee55f160b9968b66013c3a3ef39dd7e5798?s=96&d=mm&r=g","url":"https:\/\/secure.gravatar.com\/avatar\/3ea2118a5f7dad2b7138b1187a6b7ee55f160b9968b66013c3a3ef39dd7e5798?s=96&d=mm&r=g","contentUrl":"https:\/\/secure.gravatar.com\/avatar\/3ea2118a5f7dad2b7138b1187a6b7ee55f160b9968b66013c3a3ef39dd7e5798?s=96&d=mm&r=g","caption":"Jeanette"},"sameAs":["https:\/\/www.eldiario.net\/portal"],"url":"https:\/\/www.eldiario.net\/portal\/author\/jeanette\/"}]}},"_links":{"self":[{"href":"https:\/\/www.eldiario.net\/portal\/wp-json\/wp\/v2\/posts\/241649","targetHints":{"allow":["GET"]}}],"collection":[{"href":"https:\/\/www.eldiario.net\/portal\/wp-json\/wp\/v2\/posts"}],"about":[{"href":"https:\/\/www.eldiario.net\/portal\/wp-json\/wp\/v2\/types\/post"}],"author":[{"embeddable":true,"href":"https:\/\/www.eldiario.net\/portal\/wp-json\/wp\/v2\/users\/1"}],"replies":[{"embeddable":true,"href":"https:\/\/www.eldiario.net\/portal\/wp-json\/wp\/v2\/comments?post=241649"}],"version-history":[{"count":1,"href":"https:\/\/www.eldiario.net\/portal\/wp-json\/wp\/v2\/posts\/241649\/revisions"}],"predecessor-version":[{"id":241652,"href":"https:\/\/www.eldiario.net\/portal\/wp-json\/wp\/v2\/posts\/241649\/revisions\/241652"}],"wp:featuredmedia":[{"embeddable":true,"href":"https:\/\/www.eldiario.net\/portal\/wp-json\/wp\/v2\/media\/241650"}],"wp:attachment":[{"href":"https:\/\/www.eldiario.net\/portal\/wp-json\/wp\/v2\/media?parent=241649"}],"wp:term":[{"taxonomy":"category","embeddable":true,"href":"https:\/\/www.eldiario.net\/portal\/wp-json\/wp\/v2\/categories?post=241649"},{"taxonomy":"post_tag","embeddable":true,"href":"https:\/\/www.eldiario.net\/portal\/wp-json\/wp\/v2\/tags?post=241649"}],"curies":[{"name":"wp","href":"https:\/\/api.w.org\/{rel}","templated":true}]}}