{"id":24164,"date":"2021-08-18T06:13:32","date_gmt":"2021-08-18T10:13:32","guid":{"rendered":"https:\/\/www.eldiario.net\/portal\/?p=24164"},"modified":"2021-08-18T06:13:32","modified_gmt":"2021-08-18T10:13:32","slug":"legisladores-en-contra-de-pedidos-de-nacionalizacion-de-vehiculos","status":"publish","type":"post","link":"https:\/\/www.eldiario.net\/portal\/2021\/08\/18\/legisladores-en-contra-de-pedidos-de-nacionalizacion-de-vehiculos\/","title":{"rendered":"Legisladores en contra de pedidos  de nacionalizaci\u00f3n de veh\u00edculos"},"content":{"rendered":"<p>Ante insistentes solicitudes de sectores que exigen al Gobierno permitir una nueva nacionalizaci\u00f3n de veh\u00edculos indocumentados, legisladores de oposici\u00f3n y oficialismo coinciden en se\u00f1alar que una determinaci\u00f3n de este tipo no beneficia al pa\u00eds y no es una opci\u00f3n para la reactivaci\u00f3n econ\u00f3mica.<br \/>\nParlamentarios cuestionaron los pedidos por una nueva nacionalizaci\u00f3n de veh\u00edculos que ingresaron al pa\u00eds de forma irregular, por considerar que con este pedido se intenta dar legalidad a una actividad que no la tiene.<br \/>\nAl respecto, el diputado por Comunidad Ciudadana, Alejandro Reyes, descart\u00f3 esta posibilidad se\u00f1alando que la nacionalizaci\u00f3n de estos veh\u00edculos, lejos de ser una medida econ\u00f3mica acertada, se convierte en una forma de convertir algo ilegal en legal, acto que va contra la norma.<br \/>\n\u201cNosotros les hemos dicho que nacionalizar lo ilegal es como legalizar, es como convertir lo ilegal en legal y esto no es parte de la reactivaci\u00f3n econ\u00f3mica\u201d, manifest\u00f3 el legislador.<br \/>\nSe\u00f1al\u00f3 que una medida de estas caracter\u00edsticas va en contra de lo que podr\u00eda considerarse una pol\u00edtica para favorecer a la reactivaci\u00f3n econ\u00f3mica que requiere el pa\u00eds, por lo que dirigentes del Movimiento al Socialismo deber\u00e1n buscar otra forma para cumplir con una clara promesa electoral que no pueden cumplir.<\/p>\n","protected":false},"excerpt":{"rendered":"<p>Ante insistentes solicitudes de sectores que exigen al Gobierno permitir una nueva nacionalizaci\u00f3n de veh\u00edculos indocumentados, legisladores de oposici\u00f3n y oficialismo coinciden en se\u00f1alar que una determinaci\u00f3n de este tipo no beneficia al pa\u00eds y no es una opci\u00f3n para la reactivaci\u00f3n econ\u00f3mica. Parlamentarios cuestionaron los pedidos por una nueva nacionalizaci\u00f3n de veh\u00edculos que ingresaron [&hellip;]<\/p>\n","protected":false},"author":1,"featured_media":0,"comment_status":"closed","ping_status":"closed","sticky":false,"template":"","format":"standard","meta":{"_acf_changed":false,"footnotes":""},"categories":[14],"tags":[],"class_list":["post-24164","post","type-post","status-publish","format-standard","category-politica"],"acf":{"antetitulo":""},"yoast_head":"<!-- This site is optimized with the Yoast SEO plugin v28.4 - https:\/\/yoast.com\/product\/yoast-seo-wordpress\/ -->\n<title>Legisladores en contra de pedidos de nacionalizaci\u00f3n de veh\u00edculos - El Diario - Bolivia<\/title>\n<meta name=\"robots\" content=\"index, follow, max-snippet:-1, max-image-preview:large, max-video-preview:-1\" \/>\n<link rel=\"canonical\" href=\"https:\/\/www.eldiario.net\/portal\/2021\/08\/18\/legisladores-en-contra-de-pedidos-de-nacionalizacion-de-vehiculos\/\" \/>\n<meta property=\"og:locale\" content=\"es_ES\" \/>\n<meta property=\"og:type\" content=\"article\" \/>\n<meta property=\"og:title\" content=\"Legisladores en contra de pedidos de nacionalizaci\u00f3n de veh\u00edculos - El Diario - Bolivia\" \/>\n<meta property=\"og:description\" content=\"Ante insistentes solicitudes de sectores que exigen al Gobierno permitir una nueva nacionalizaci\u00f3n de veh\u00edculos indocumentados, legisladores de oposici\u00f3n y oficialismo coinciden en se\u00f1alar que una determinaci\u00f3n de este tipo no beneficia al pa\u00eds y no es una opci\u00f3n para la reactivaci\u00f3n econ\u00f3mica. Parlamentarios cuestionaron los pedidos por una nueva nacionalizaci\u00f3n de veh\u00edculos que ingresaron [&hellip;]\" \/>\n<meta property=\"og:url\" content=\"https:\/\/www.eldiario.net\/portal\/2021\/08\/18\/legisladores-en-contra-de-pedidos-de-nacionalizacion-de-vehiculos\/\" \/>\n<meta property=\"og:site_name\" content=\"El Diario - Bolivia\" \/>\n<meta property=\"article:publisher\" content=\"https:\/\/www.facebook.com\/eldiario.bolivia\/\" \/>\n<meta property=\"article:published_time\" content=\"2021-08-18T10:13:32+00:00\" \/>\n<meta name=\"author\" content=\"Jeanette\" \/>\n<meta name=\"twitter:card\" content=\"summary_large_image\" \/>\n<meta name=\"twitter:creator\" content=\"@eldiario_net\" \/>\n<meta name=\"twitter:site\" content=\"@eldiario_net\" \/>\n<meta name=\"twitter:label1\" content=\"Escrito por\" \/>\n\t<meta name=\"twitter:data1\" content=\"Jeanette\" \/>\n\t<meta name=\"twitter:label2\" content=\"Tiempo de lectura\" \/>\n\t<meta name=\"twitter:data2\" content=\"1 minuto\" \/>\n<script type=\"application\/ld+json\" class=\"yoast-schema-graph\">{\"@context\":\"https:\\\/\\\/schema.org\",\"@graph\":[{\"@type\":\"Article\",\"@id\":\"https:\\\/\\\/www.eldiario.net\\\/portal\\\/2021\\\/08\\\/18\\\/legisladores-en-contra-de-pedidos-de-nacionalizacion-de-vehiculos\\\/#article\",\"isPartOf\":{\"@id\":\"https:\\\/\\\/www.eldiario.net\\\/portal\\\/2021\\\/08\\\/18\\\/legisladores-en-contra-de-pedidos-de-nacionalizacion-de-vehiculos\\\/\"},\"author\":{\"name\":\"Jeanette\",\"@id\":\"https:\\\/\\\/www.eldiario.net\\\/portal\\\/#\\\/schema\\\/person\\\/f46445640444750d7d753ccd04ae01b7\"},\"headline\":\"Legisladores en contra de pedidos de nacionalizaci\u00f3n de veh\u00edculos\",\"datePublished\":\"2021-08-18T10:13:32+00:00\",\"mainEntityOfPage\":{\"@id\":\"https:\\\/\\\/www.eldiario.net\\\/portal\\\/2021\\\/08\\\/18\\\/legisladores-en-contra-de-pedidos-de-nacionalizacion-de-vehiculos\\\/\"},\"wordCount\":237,\"publisher\":{\"@id\":\"https:\\\/\\\/www.eldiario.net\\\/portal\\\/#organization\"},\"articleSection\":[\"Pol\u00edtica\"],\"inLanguage\":\"es\"},{\"@type\":\"WebPage\",\"@id\":\"https:\\\/\\\/www.eldiario.net\\\/portal\\\/2021\\\/08\\\/18\\\/legisladores-en-contra-de-pedidos-de-nacionalizacion-de-vehiculos\\\/\",\"url\":\"https:\\\/\\\/www.eldiario.net\\\/portal\\\/2021\\\/08\\\/18\\\/legisladores-en-contra-de-pedidos-de-nacionalizacion-de-vehiculos\\\/\",\"name\":\"Legisladores en contra de pedidos de nacionalizaci\u00f3n de veh\u00edculos - El Diario - Bolivia\",\"isPartOf\":{\"@id\":\"https:\\\/\\\/www.eldiario.net\\\/portal\\\/#website\"},\"datePublished\":\"2021-08-18T10:13:32+00:00\",\"breadcrumb\":{\"@id\":\"https:\\\/\\\/www.eldiario.net\\\/portal\\\/2021\\\/08\\\/18\\\/legisladores-en-contra-de-pedidos-de-nacionalizacion-de-vehiculos\\\/#breadcrumb\"},\"inLanguage\":\"es\",\"potentialAction\":[{\"@type\":\"ReadAction\",\"target\":[\"https:\\\/\\\/www.eldiario.net\\\/portal\\\/2021\\\/08\\\/18\\\/legisladores-en-contra-de-pedidos-de-nacionalizacion-de-vehiculos\\\/\"]}]},{\"@type\":\"BreadcrumbList\",\"@id\":\"https:\\\/\\\/www.eldiario.net\\\/portal\\\/2021\\\/08\\\/18\\\/legisladores-en-contra-de-pedidos-de-nacionalizacion-de-vehiculos\\\/#breadcrumb\",\"itemListElement\":[{\"@type\":\"ListItem\",\"position\":1,\"name\":\"Portada\",\"item\":\"https:\\\/\\\/www.eldiario.net\\\/portal\\\/\"},{\"@type\":\"ListItem\",\"position\":2,\"name\":\"Legisladores en contra de pedidos de nacionalizaci\u00f3n de veh\u00edculos\"}]},{\"@type\":\"WebSite\",\"@id\":\"https:\\\/\\\/www.eldiario.net\\\/portal\\\/#website\",\"url\":\"https:\\\/\\\/www.eldiario.net\\\/portal\\\/\",\"name\":\"El Diario - Decano de la prensa nacional\",\"description\":\"El Diario - Decano de la prensa nacional\",\"publisher\":{\"@id\":\"https:\\\/\\\/www.eldiario.net\\\/portal\\\/#organization\"},\"potentialAction\":[{\"@type\":\"SearchAction\",\"target\":{\"@type\":\"EntryPoint\",\"urlTemplate\":\"https:\\\/\\\/www.eldiario.net\\\/portal\\\/?s={search_term_string}\"},\"query-input\":{\"@type\":\"PropertyValueSpecification\",\"valueRequired\":true,\"valueName\":\"search_term_string\"}}],\"inLanguage\":\"es\"},{\"@type\":\"Organization\",\"@id\":\"https:\\\/\\\/www.eldiario.net\\\/portal\\\/#organization\",\"name\":\"El Diario - Decano de la prensa nacional\",\"url\":\"https:\\\/\\\/www.eldiario.net\\\/portal\\\/\",\"logo\":{\"@type\":\"ImageObject\",\"inLanguage\":\"es\",\"@id\":\"https:\\\/\\\/www.eldiario.net\\\/portal\\\/#\\\/schema\\\/logo\\\/image\\\/\",\"url\":\"https:\\\/\\\/www.eldiario.net\\\/portal\\\/wp-content\\\/uploads\\\/2023\\\/07\\\/logo_ED.jpg\",\"contentUrl\":\"https:\\\/\\\/www.eldiario.net\\\/portal\\\/wp-content\\\/uploads\\\/2023\\\/07\\\/logo_ED.jpg\",\"width\":272,\"height\":52,\"caption\":\"El Diario - Decano de la prensa nacional\"},\"image\":{\"@id\":\"https:\\\/\\\/www.eldiario.net\\\/portal\\\/#\\\/schema\\\/logo\\\/image\\\/\"},\"sameAs\":[\"https:\\\/\\\/www.facebook.com\\\/eldiario.bolivia\\\/\",\"https:\\\/\\\/x.com\\\/eldiario_net\"]},{\"@type\":\"Person\",\"@id\":\"https:\\\/\\\/www.eldiario.net\\\/portal\\\/#\\\/schema\\\/person\\\/f46445640444750d7d753ccd04ae01b7\",\"name\":\"Jeanette\",\"image\":{\"@type\":\"ImageObject\",\"inLanguage\":\"es\",\"@id\":\"https:\\\/\\\/secure.gravatar.com\\\/avatar\\\/3ea2118a5f7dad2b7138b1187a6b7ee55f160b9968b66013c3a3ef39dd7e5798?s=96&d=mm&r=g\",\"url\":\"https:\\\/\\\/secure.gravatar.com\\\/avatar\\\/3ea2118a5f7dad2b7138b1187a6b7ee55f160b9968b66013c3a3ef39dd7e5798?s=96&d=mm&r=g\",\"contentUrl\":\"https:\\\/\\\/secure.gravatar.com\\\/avatar\\\/3ea2118a5f7dad2b7138b1187a6b7ee55f160b9968b66013c3a3ef39dd7e5798?s=96&d=mm&r=g\",\"caption\":\"Jeanette\"},\"sameAs\":[\"https:\\\/\\\/www.eldiario.net\\\/portal\"],\"url\":\"https:\\\/\\\/www.eldiario.net\\\/portal\\\/author\\\/jeanette\\\/\"}]}<\/script>\n<!-- \/ Yoast SEO plugin. -->","yoast_head_json":{"title":"Legisladores en contra de pedidos de nacionalizaci\u00f3n de veh\u00edculos - El Diario - Bolivia","robots":{"index":"index","follow":"follow","max-snippet":"max-snippet:-1","max-image-preview":"max-image-preview:large","max-video-preview":"max-video-preview:-1"},"canonical":"https:\/\/www.eldiario.net\/portal\/2021\/08\/18\/legisladores-en-contra-de-pedidos-de-nacionalizacion-de-vehiculos\/","og_locale":"es_ES","og_type":"article","og_title":"Legisladores en contra de pedidos de nacionalizaci\u00f3n de veh\u00edculos - El Diario - Bolivia","og_description":"Ante insistentes solicitudes de sectores que exigen al Gobierno permitir una nueva nacionalizaci\u00f3n de veh\u00edculos indocumentados, legisladores de oposici\u00f3n y oficialismo coinciden en se\u00f1alar que una determinaci\u00f3n de este tipo no beneficia al pa\u00eds y no es una opci\u00f3n para la reactivaci\u00f3n econ\u00f3mica. Parlamentarios cuestionaron los pedidos por una nueva nacionalizaci\u00f3n de veh\u00edculos que ingresaron [&hellip;]","og_url":"https:\/\/www.eldiario.net\/portal\/2021\/08\/18\/legisladores-en-contra-de-pedidos-de-nacionalizacion-de-vehiculos\/","og_site_name":"El Diario - Bolivia","article_publisher":"https:\/\/www.facebook.com\/eldiario.bolivia\/","article_published_time":"2021-08-18T10:13:32+00:00","author":"Jeanette","twitter_card":"summary_large_image","twitter_creator":"@eldiario_net","twitter_site":"@eldiario_net","twitter_misc":{"Escrito por":"Jeanette","Tiempo de lectura":"1 minuto"},"schema":{"@context":"https:\/\/schema.org","@graph":[{"@type":"Article","@id":"https:\/\/www.eldiario.net\/portal\/2021\/08\/18\/legisladores-en-contra-de-pedidos-de-nacionalizacion-de-vehiculos\/#article","isPartOf":{"@id":"https:\/\/www.eldiario.net\/portal\/2021\/08\/18\/legisladores-en-contra-de-pedidos-de-nacionalizacion-de-vehiculos\/"},"author":{"name":"Jeanette","@id":"https:\/\/www.eldiario.net\/portal\/#\/schema\/person\/f46445640444750d7d753ccd04ae01b7"},"headline":"Legisladores en contra de pedidos de nacionalizaci\u00f3n de veh\u00edculos","datePublished":"2021-08-18T10:13:32+00:00","mainEntityOfPage":{"@id":"https:\/\/www.eldiario.net\/portal\/2021\/08\/18\/legisladores-en-contra-de-pedidos-de-nacionalizacion-de-vehiculos\/"},"wordCount":237,"publisher":{"@id":"https:\/\/www.eldiario.net\/portal\/#organization"},"articleSection":["Pol\u00edtica"],"inLanguage":"es"},{"@type":"WebPage","@id":"https:\/\/www.eldiario.net\/portal\/2021\/08\/18\/legisladores-en-contra-de-pedidos-de-nacionalizacion-de-vehiculos\/","url":"https:\/\/www.eldiario.net\/portal\/2021\/08\/18\/legisladores-en-contra-de-pedidos-de-nacionalizacion-de-vehiculos\/","name":"Legisladores en contra de pedidos de nacionalizaci\u00f3n de veh\u00edculos - El Diario - Bolivia","isPartOf":{"@id":"https:\/\/www.eldiario.net\/portal\/#website"},"datePublished":"2021-08-18T10:13:32+00:00","breadcrumb":{"@id":"https:\/\/www.eldiario.net\/portal\/2021\/08\/18\/legisladores-en-contra-de-pedidos-de-nacionalizacion-de-vehiculos\/#breadcrumb"},"inLanguage":"es","potentialAction":[{"@type":"ReadAction","target":["https:\/\/www.eldiario.net\/portal\/2021\/08\/18\/legisladores-en-contra-de-pedidos-de-nacionalizacion-de-vehiculos\/"]}]},{"@type":"BreadcrumbList","@id":"https:\/\/www.eldiario.net\/portal\/2021\/08\/18\/legisladores-en-contra-de-pedidos-de-nacionalizacion-de-vehiculos\/#breadcrumb","itemListElement":[{"@type":"ListItem","position":1,"name":"Portada","item":"https:\/\/www.eldiario.net\/portal\/"},{"@type":"ListItem","position":2,"name":"Legisladores en contra de pedidos de nacionalizaci\u00f3n de veh\u00edculos"}]},{"@type":"WebSite","@id":"https:\/\/www.eldiario.net\/portal\/#website","url":"https:\/\/www.eldiario.net\/portal\/","name":"El Diario - Decano de la prensa nacional","description":"El Diario - Decano de la prensa nacional","publisher":{"@id":"https:\/\/www.eldiario.net\/portal\/#organization"},"potentialAction":[{"@type":"SearchAction","target":{"@type":"EntryPoint","urlTemplate":"https:\/\/www.eldiario.net\/portal\/?s={search_term_string}"},"query-input":{"@type":"PropertyValueSpecification","valueRequired":true,"valueName":"search_term_string"}}],"inLanguage":"es"},{"@type":"Organization","@id":"https:\/\/www.eldiario.net\/portal\/#organization","name":"El Diario - Decano de la prensa nacional","url":"https:\/\/www.eldiario.net\/portal\/","logo":{"@type":"ImageObject","inLanguage":"es","@id":"https:\/\/www.eldiario.net\/portal\/#\/schema\/logo\/image\/","url":"https:\/\/www.eldiario.net\/portal\/wp-content\/uploads\/2023\/07\/logo_ED.jpg","contentUrl":"https:\/\/www.eldiario.net\/portal\/wp-content\/uploads\/2023\/07\/logo_ED.jpg","width":272,"height":52,"caption":"El Diario - Decano de la prensa nacional"},"image":{"@id":"https:\/\/www.eldiario.net\/portal\/#\/schema\/logo\/image\/"},"sameAs":["https:\/\/www.facebook.com\/eldiario.bolivia\/","https:\/\/x.com\/eldiario_net"]},{"@type":"Person","@id":"https:\/\/www.eldiario.net\/portal\/#\/schema\/person\/f46445640444750d7d753ccd04ae01b7","name":"Jeanette","image":{"@type":"ImageObject","inLanguage":"es","@id":"https:\/\/secure.gravatar.com\/avatar\/3ea2118a5f7dad2b7138b1187a6b7ee55f160b9968b66013c3a3ef39dd7e5798?s=96&d=mm&r=g","url":"https:\/\/secure.gravatar.com\/avatar\/3ea2118a5f7dad2b7138b1187a6b7ee55f160b9968b66013c3a3ef39dd7e5798?s=96&d=mm&r=g","contentUrl":"https:\/\/secure.gravatar.com\/avatar\/3ea2118a5f7dad2b7138b1187a6b7ee55f160b9968b66013c3a3ef39dd7e5798?s=96&d=mm&r=g","caption":"Jeanette"},"sameAs":["https:\/\/www.eldiario.net\/portal"],"url":"https:\/\/www.eldiario.net\/portal\/author\/jeanette\/"}]}},"_links":{"self":[{"href":"https:\/\/www.eldiario.net\/portal\/wp-json\/wp\/v2\/posts\/24164","targetHints":{"allow":["GET"]}}],"collection":[{"href":"https:\/\/www.eldiario.net\/portal\/wp-json\/wp\/v2\/posts"}],"about":[{"href":"https:\/\/www.eldiario.net\/portal\/wp-json\/wp\/v2\/types\/post"}],"author":[{"embeddable":true,"href":"https:\/\/www.eldiario.net\/portal\/wp-json\/wp\/v2\/users\/1"}],"replies":[{"embeddable":true,"href":"https:\/\/www.eldiario.net\/portal\/wp-json\/wp\/v2\/comments?post=24164"}],"version-history":[{"count":0,"href":"https:\/\/www.eldiario.net\/portal\/wp-json\/wp\/v2\/posts\/24164\/revisions"}],"wp:attachment":[{"href":"https:\/\/www.eldiario.net\/portal\/wp-json\/wp\/v2\/media?parent=24164"}],"wp:term":[{"taxonomy":"category","embeddable":true,"href":"https:\/\/www.eldiario.net\/portal\/wp-json\/wp\/v2\/categories?post=24164"},{"taxonomy":"post_tag","embeddable":true,"href":"https:\/\/www.eldiario.net\/portal\/wp-json\/wp\/v2\/tags?post=24164"}],"curies":[{"name":"wp","href":"https:\/\/api.w.org\/{rel}","templated":true}]}}