{"id":24160,"date":"2021-08-18T06:12:55","date_gmt":"2021-08-18T10:12:55","guid":{"rendered":"https:\/\/www.eldiario.net\/portal\/?p=24160"},"modified":"2021-08-18T06:12:55","modified_gmt":"2021-08-18T10:12:55","slug":"si-jeanine-anez-es-enjuiciada-evo-tambien-debe-ser-procesado","status":"publish","type":"post","link":"https:\/\/www.eldiario.net\/portal\/2021\/08\/18\/si-jeanine-anez-es-enjuiciada-evo-tambien-debe-ser-procesado\/","title":{"rendered":"\u201cSi Jeanine A\u00f1ez es enjuiciada,  Evo tambi\u00e9n debe ser procesado\u201d"},"content":{"rendered":"<p class=\"v1MsoNormal\">Luego del informe final del Grupo Interdisciplinario de Expertos Independientes (GIEI), el gobernador de Santa Cruz, Luis Fernando Camacho, afirm\u00f3 este martes que si la expresidenta Jeanine A\u00f1ez es enjuiciada, el expresidente Evo Morales tambi\u00e9n deber\u00eda enfrentar un proceso.<\/p>\n<p class=\"v1MsoNormal\">En una serie de publicaciones difundidas en sus redes sociales, el exc\u00edvico cruce\u00f1o dijo que el informe del organismo fue \u201cclaro\u201d y que las vulneraciones a los derechos humanos comenzaron en primera instancia en el gobierno de Morales.<\/p>\n<p class=\"v1MsoNormal\">\u00a0\u201c@LuchoXBolivia, el informe del GIEI es claro: los muertos y las violaciones a los DDHH empezaron en el gobierno de Evo Morales y concluyeron en el gobierno de J. A\u00f1ez con la masacre de Sacaba y Senkata, si Jeanine \u00c1\u00f1ez es enjuiciada, Evo tambi\u00e9n debe ser procesado (sic)\u201d, se lee en la publicaci\u00f3n.<\/p>\n<p class=\"v1MsoNormal\">Seg\u00fan Camacho, en el informe se se\u00f1ala que hubo \u201cvac\u00edo de poder\u201d y no tesis que maneja el oficialismo de un \u201cgolpe de Estado\u201d.<\/p>\n<p class=\"v1MsoNormal\">\u201cPor la catarata de tweets que usted public\u00f3, vemos que lamentablemente no entendi\u00f3 el mensaje del GIEI y pretende usar ese informe para confrontar, perseguir y continuar con la divisi\u00f3n del pa\u00eds. (sic)\u201d, se lee en otro tuit.<\/p>\n<p class=\"v1MsoNormal\">En el documento, el GIEI estableci\u00f3 en Bolivia hubo \u201cgraves violaciones a los derechos humanos\u201d entre octubre y diciembre de 2019 y seg\u00fan Patricia Tappat\u00e1, miembro de este organismo lo ocurrido en Senkata, El Alto, y Sacaba, Cochabamba, fueron \u201cmasacres\u201d.<\/p>\n<p class=\"v1MsoNormal\">En aquellas jornadas perdieron la vida unas 38 personas producto de disparos de armas de fuego, durante los operativos combinados entre la Polic\u00eda y las Fuerzas Armadas.<\/p>\n<p class=\"v1MsoNormal\">La exmandataria Jeanine A\u00f1ez se encuentra detenida preventivamente en la c\u00e1rcel de Miraflores por los delitos de sedici\u00f3n, terrorismo y conspiraci\u00f3n en el denominado caso \u201cgolpe de Estado\u201d. Dos de sus exministros tambi\u00e9n guardan detenci\u00f3n en diferentes c\u00e1rceles al igual que exjefes militares. (Erbol)<\/p>\n<p class=\"v1MsoNormal\">\n","protected":false},"excerpt":{"rendered":"<p>Luego del informe final del Grupo Interdisciplinario de Expertos Independientes (GIEI), el gobernador de Santa Cruz, Luis Fernando Camacho, afirm\u00f3 este martes que si la expresidenta Jeanine A\u00f1ez es enjuiciada, el expresidente Evo Morales tambi\u00e9n deber\u00eda enfrentar un proceso. En una serie de publicaciones difundidas en sus redes sociales, el exc\u00edvico cruce\u00f1o dijo que el [&hellip;]<\/p>\n","protected":false},"author":1,"featured_media":24161,"comment_status":"closed","ping_status":"closed","sticky":false,"template":"","format":"standard","meta":{"_acf_changed":false,"footnotes":""},"categories":[14],"tags":[],"class_list":["post-24160","post","type-post","status-publish","format-standard","has-post-thumbnail","category-politica"],"acf":{"antetitulo":""},"yoast_head":"<!-- This site is optimized with the Yoast SEO plugin v28.4 - https:\/\/yoast.com\/product\/yoast-seo-wordpress\/ -->\n<title>\u201cSi Jeanine A\u00f1ez es enjuiciada, Evo tambi\u00e9n debe ser procesado\u201d - El Diario - Bolivia<\/title>\n<meta name=\"robots\" content=\"index, follow, max-snippet:-1, max-image-preview:large, max-video-preview:-1\" \/>\n<link rel=\"canonical\" href=\"https:\/\/www.eldiario.net\/portal\/2021\/08\/18\/si-jeanine-anez-es-enjuiciada-evo-tambien-debe-ser-procesado\/\" \/>\n<meta property=\"og:locale\" content=\"es_ES\" \/>\n<meta property=\"og:type\" content=\"article\" \/>\n<meta property=\"og:title\" content=\"\u201cSi Jeanine A\u00f1ez es enjuiciada, Evo tambi\u00e9n debe ser procesado\u201d - El Diario - Bolivia\" \/>\n<meta property=\"og:description\" content=\"Luego del informe final del Grupo Interdisciplinario de Expertos Independientes (GIEI), el gobernador de Santa Cruz, Luis Fernando Camacho, afirm\u00f3 este martes que si la expresidenta Jeanine A\u00f1ez es enjuiciada, el expresidente Evo Morales tambi\u00e9n deber\u00eda enfrentar un proceso. En una serie de publicaciones difundidas en sus redes sociales, el exc\u00edvico cruce\u00f1o dijo que el [&hellip;]\" \/>\n<meta property=\"og:url\" content=\"https:\/\/www.eldiario.net\/portal\/2021\/08\/18\/si-jeanine-anez-es-enjuiciada-evo-tambien-debe-ser-procesado\/\" \/>\n<meta property=\"og:site_name\" content=\"El Diario - Bolivia\" \/>\n<meta property=\"article:publisher\" content=\"https:\/\/www.facebook.com\/eldiario.bolivia\/\" \/>\n<meta property=\"article:published_time\" content=\"2021-08-18T10:12:55+00:00\" \/>\n<meta name=\"author\" content=\"Jeanette\" \/>\n<meta name=\"twitter:card\" content=\"summary_large_image\" \/>\n<meta name=\"twitter:creator\" content=\"@eldiario_net\" \/>\n<meta name=\"twitter:site\" content=\"@eldiario_net\" \/>\n<meta name=\"twitter:label1\" content=\"Escrito por\" \/>\n\t<meta name=\"twitter:data1\" content=\"Jeanette\" \/>\n\t<meta name=\"twitter:label2\" content=\"Tiempo de lectura\" \/>\n\t<meta name=\"twitter:data2\" content=\"2 minutos\" \/>\n<script type=\"application\/ld+json\" class=\"yoast-schema-graph\">{\"@context\":\"https:\\\/\\\/schema.org\",\"@graph\":[{\"@type\":\"Article\",\"@id\":\"https:\\\/\\\/www.eldiario.net\\\/portal\\\/2021\\\/08\\\/18\\\/si-jeanine-anez-es-enjuiciada-evo-tambien-debe-ser-procesado\\\/#article\",\"isPartOf\":{\"@id\":\"https:\\\/\\\/www.eldiario.net\\\/portal\\\/2021\\\/08\\\/18\\\/si-jeanine-anez-es-enjuiciada-evo-tambien-debe-ser-procesado\\\/\"},\"author\":{\"name\":\"Jeanette\",\"@id\":\"https:\\\/\\\/www.eldiario.net\\\/portal\\\/#\\\/schema\\\/person\\\/f46445640444750d7d753ccd04ae01b7\"},\"headline\":\"\u201cSi Jeanine A\u00f1ez es enjuiciada, Evo tambi\u00e9n debe ser procesado\u201d\",\"datePublished\":\"2021-08-18T10:12:55+00:00\",\"mainEntityOfPage\":{\"@id\":\"https:\\\/\\\/www.eldiario.net\\\/portal\\\/2021\\\/08\\\/18\\\/si-jeanine-anez-es-enjuiciada-evo-tambien-debe-ser-procesado\\\/\"},\"wordCount\":335,\"publisher\":{\"@id\":\"https:\\\/\\\/www.eldiario.net\\\/portal\\\/#organization\"},\"image\":{\"@id\":\"https:\\\/\\\/www.eldiario.net\\\/portal\\\/2021\\\/08\\\/18\\\/si-jeanine-anez-es-enjuiciada-evo-tambien-debe-ser-procesado\\\/#primaryimage\"},\"thumbnailUrl\":\"\",\"articleSection\":[\"Pol\u00edtica\"],\"inLanguage\":\"es\"},{\"@type\":\"WebPage\",\"@id\":\"https:\\\/\\\/www.eldiario.net\\\/portal\\\/2021\\\/08\\\/18\\\/si-jeanine-anez-es-enjuiciada-evo-tambien-debe-ser-procesado\\\/\",\"url\":\"https:\\\/\\\/www.eldiario.net\\\/portal\\\/2021\\\/08\\\/18\\\/si-jeanine-anez-es-enjuiciada-evo-tambien-debe-ser-procesado\\\/\",\"name\":\"\u201cSi Jeanine A\u00f1ez es enjuiciada, Evo tambi\u00e9n debe ser procesado\u201d - El Diario - Bolivia\",\"isPartOf\":{\"@id\":\"https:\\\/\\\/www.eldiario.net\\\/portal\\\/#website\"},\"primaryImageOfPage\":{\"@id\":\"https:\\\/\\\/www.eldiario.net\\\/portal\\\/2021\\\/08\\\/18\\\/si-jeanine-anez-es-enjuiciada-evo-tambien-debe-ser-procesado\\\/#primaryimage\"},\"image\":{\"@id\":\"https:\\\/\\\/www.eldiario.net\\\/portal\\\/2021\\\/08\\\/18\\\/si-jeanine-anez-es-enjuiciada-evo-tambien-debe-ser-procesado\\\/#primaryimage\"},\"thumbnailUrl\":\"\",\"datePublished\":\"2021-08-18T10:12:55+00:00\",\"breadcrumb\":{\"@id\":\"https:\\\/\\\/www.eldiario.net\\\/portal\\\/2021\\\/08\\\/18\\\/si-jeanine-anez-es-enjuiciada-evo-tambien-debe-ser-procesado\\\/#breadcrumb\"},\"inLanguage\":\"es\",\"potentialAction\":[{\"@type\":\"ReadAction\",\"target\":[\"https:\\\/\\\/www.eldiario.net\\\/portal\\\/2021\\\/08\\\/18\\\/si-jeanine-anez-es-enjuiciada-evo-tambien-debe-ser-procesado\\\/\"]}]},{\"@type\":\"ImageObject\",\"inLanguage\":\"es\",\"@id\":\"https:\\\/\\\/www.eldiario.net\\\/portal\\\/2021\\\/08\\\/18\\\/si-jeanine-anez-es-enjuiciada-evo-tambien-debe-ser-procesado\\\/#primaryimage\",\"url\":\"\",\"contentUrl\":\"\"},{\"@type\":\"BreadcrumbList\",\"@id\":\"https:\\\/\\\/www.eldiario.net\\\/portal\\\/2021\\\/08\\\/18\\\/si-jeanine-anez-es-enjuiciada-evo-tambien-debe-ser-procesado\\\/#breadcrumb\",\"itemListElement\":[{\"@type\":\"ListItem\",\"position\":1,\"name\":\"Portada\",\"item\":\"https:\\\/\\\/www.eldiario.net\\\/portal\\\/\"},{\"@type\":\"ListItem\",\"position\":2,\"name\":\"\u201cSi Jeanine A\u00f1ez es enjuiciada, Evo tambi\u00e9n debe ser procesado\u201d\"}]},{\"@type\":\"WebSite\",\"@id\":\"https:\\\/\\\/www.eldiario.net\\\/portal\\\/#website\",\"url\":\"https:\\\/\\\/www.eldiario.net\\\/portal\\\/\",\"name\":\"El Diario - Decano de la prensa nacional\",\"description\":\"El Diario - Decano de la prensa nacional\",\"publisher\":{\"@id\":\"https:\\\/\\\/www.eldiario.net\\\/portal\\\/#organization\"},\"potentialAction\":[{\"@type\":\"SearchAction\",\"target\":{\"@type\":\"EntryPoint\",\"urlTemplate\":\"https:\\\/\\\/www.eldiario.net\\\/portal\\\/?s={search_term_string}\"},\"query-input\":{\"@type\":\"PropertyValueSpecification\",\"valueRequired\":true,\"valueName\":\"search_term_string\"}}],\"inLanguage\":\"es\"},{\"@type\":\"Organization\",\"@id\":\"https:\\\/\\\/www.eldiario.net\\\/portal\\\/#organization\",\"name\":\"El Diario - Decano de la prensa nacional\",\"url\":\"https:\\\/\\\/www.eldiario.net\\\/portal\\\/\",\"logo\":{\"@type\":\"ImageObject\",\"inLanguage\":\"es\",\"@id\":\"https:\\\/\\\/www.eldiario.net\\\/portal\\\/#\\\/schema\\\/logo\\\/image\\\/\",\"url\":\"https:\\\/\\\/www.eldiario.net\\\/portal\\\/wp-content\\\/uploads\\\/2023\\\/07\\\/logo_ED.jpg\",\"contentUrl\":\"https:\\\/\\\/www.eldiario.net\\\/portal\\\/wp-content\\\/uploads\\\/2023\\\/07\\\/logo_ED.jpg\",\"width\":272,\"height\":52,\"caption\":\"El Diario - Decano de la prensa nacional\"},\"image\":{\"@id\":\"https:\\\/\\\/www.eldiario.net\\\/portal\\\/#\\\/schema\\\/logo\\\/image\\\/\"},\"sameAs\":[\"https:\\\/\\\/www.facebook.com\\\/eldiario.bolivia\\\/\",\"https:\\\/\\\/x.com\\\/eldiario_net\"]},{\"@type\":\"Person\",\"@id\":\"https:\\\/\\\/www.eldiario.net\\\/portal\\\/#\\\/schema\\\/person\\\/f46445640444750d7d753ccd04ae01b7\",\"name\":\"Jeanette\",\"image\":{\"@type\":\"ImageObject\",\"inLanguage\":\"es\",\"@id\":\"https:\\\/\\\/secure.gravatar.com\\\/avatar\\\/3ea2118a5f7dad2b7138b1187a6b7ee55f160b9968b66013c3a3ef39dd7e5798?s=96&d=mm&r=g\",\"url\":\"https:\\\/\\\/secure.gravatar.com\\\/avatar\\\/3ea2118a5f7dad2b7138b1187a6b7ee55f160b9968b66013c3a3ef39dd7e5798?s=96&d=mm&r=g\",\"contentUrl\":\"https:\\\/\\\/secure.gravatar.com\\\/avatar\\\/3ea2118a5f7dad2b7138b1187a6b7ee55f160b9968b66013c3a3ef39dd7e5798?s=96&d=mm&r=g\",\"caption\":\"Jeanette\"},\"sameAs\":[\"https:\\\/\\\/www.eldiario.net\\\/portal\"],\"url\":\"https:\\\/\\\/www.eldiario.net\\\/portal\\\/author\\\/jeanette\\\/\"}]}<\/script>\n<!-- \/ Yoast SEO plugin. -->","yoast_head_json":{"title":"\u201cSi Jeanine A\u00f1ez es enjuiciada, Evo tambi\u00e9n debe ser procesado\u201d - El Diario - Bolivia","robots":{"index":"index","follow":"follow","max-snippet":"max-snippet:-1","max-image-preview":"max-image-preview:large","max-video-preview":"max-video-preview:-1"},"canonical":"https:\/\/www.eldiario.net\/portal\/2021\/08\/18\/si-jeanine-anez-es-enjuiciada-evo-tambien-debe-ser-procesado\/","og_locale":"es_ES","og_type":"article","og_title":"\u201cSi Jeanine A\u00f1ez es enjuiciada, Evo tambi\u00e9n debe ser procesado\u201d - El Diario - Bolivia","og_description":"Luego del informe final del Grupo Interdisciplinario de Expertos Independientes (GIEI), el gobernador de Santa Cruz, Luis Fernando Camacho, afirm\u00f3 este martes que si la expresidenta Jeanine A\u00f1ez es enjuiciada, el expresidente Evo Morales tambi\u00e9n deber\u00eda enfrentar un proceso. En una serie de publicaciones difundidas en sus redes sociales, el exc\u00edvico cruce\u00f1o dijo que el [&hellip;]","og_url":"https:\/\/www.eldiario.net\/portal\/2021\/08\/18\/si-jeanine-anez-es-enjuiciada-evo-tambien-debe-ser-procesado\/","og_site_name":"El Diario - Bolivia","article_publisher":"https:\/\/www.facebook.com\/eldiario.bolivia\/","article_published_time":"2021-08-18T10:12:55+00:00","author":"Jeanette","twitter_card":"summary_large_image","twitter_creator":"@eldiario_net","twitter_site":"@eldiario_net","twitter_misc":{"Escrito por":"Jeanette","Tiempo de lectura":"2 minutos"},"schema":{"@context":"https:\/\/schema.org","@graph":[{"@type":"Article","@id":"https:\/\/www.eldiario.net\/portal\/2021\/08\/18\/si-jeanine-anez-es-enjuiciada-evo-tambien-debe-ser-procesado\/#article","isPartOf":{"@id":"https:\/\/www.eldiario.net\/portal\/2021\/08\/18\/si-jeanine-anez-es-enjuiciada-evo-tambien-debe-ser-procesado\/"},"author":{"name":"Jeanette","@id":"https:\/\/www.eldiario.net\/portal\/#\/schema\/person\/f46445640444750d7d753ccd04ae01b7"},"headline":"\u201cSi Jeanine A\u00f1ez es enjuiciada, Evo tambi\u00e9n debe ser procesado\u201d","datePublished":"2021-08-18T10:12:55+00:00","mainEntityOfPage":{"@id":"https:\/\/www.eldiario.net\/portal\/2021\/08\/18\/si-jeanine-anez-es-enjuiciada-evo-tambien-debe-ser-procesado\/"},"wordCount":335,"publisher":{"@id":"https:\/\/www.eldiario.net\/portal\/#organization"},"image":{"@id":"https:\/\/www.eldiario.net\/portal\/2021\/08\/18\/si-jeanine-anez-es-enjuiciada-evo-tambien-debe-ser-procesado\/#primaryimage"},"thumbnailUrl":"","articleSection":["Pol\u00edtica"],"inLanguage":"es"},{"@type":"WebPage","@id":"https:\/\/www.eldiario.net\/portal\/2021\/08\/18\/si-jeanine-anez-es-enjuiciada-evo-tambien-debe-ser-procesado\/","url":"https:\/\/www.eldiario.net\/portal\/2021\/08\/18\/si-jeanine-anez-es-enjuiciada-evo-tambien-debe-ser-procesado\/","name":"\u201cSi Jeanine A\u00f1ez es enjuiciada, Evo tambi\u00e9n debe ser procesado\u201d - El Diario - Bolivia","isPartOf":{"@id":"https:\/\/www.eldiario.net\/portal\/#website"},"primaryImageOfPage":{"@id":"https:\/\/www.eldiario.net\/portal\/2021\/08\/18\/si-jeanine-anez-es-enjuiciada-evo-tambien-debe-ser-procesado\/#primaryimage"},"image":{"@id":"https:\/\/www.eldiario.net\/portal\/2021\/08\/18\/si-jeanine-anez-es-enjuiciada-evo-tambien-debe-ser-procesado\/#primaryimage"},"thumbnailUrl":"","datePublished":"2021-08-18T10:12:55+00:00","breadcrumb":{"@id":"https:\/\/www.eldiario.net\/portal\/2021\/08\/18\/si-jeanine-anez-es-enjuiciada-evo-tambien-debe-ser-procesado\/#breadcrumb"},"inLanguage":"es","potentialAction":[{"@type":"ReadAction","target":["https:\/\/www.eldiario.net\/portal\/2021\/08\/18\/si-jeanine-anez-es-enjuiciada-evo-tambien-debe-ser-procesado\/"]}]},{"@type":"ImageObject","inLanguage":"es","@id":"https:\/\/www.eldiario.net\/portal\/2021\/08\/18\/si-jeanine-anez-es-enjuiciada-evo-tambien-debe-ser-procesado\/#primaryimage","url":"","contentUrl":""},{"@type":"BreadcrumbList","@id":"https:\/\/www.eldiario.net\/portal\/2021\/08\/18\/si-jeanine-anez-es-enjuiciada-evo-tambien-debe-ser-procesado\/#breadcrumb","itemListElement":[{"@type":"ListItem","position":1,"name":"Portada","item":"https:\/\/www.eldiario.net\/portal\/"},{"@type":"ListItem","position":2,"name":"\u201cSi Jeanine A\u00f1ez es enjuiciada, Evo tambi\u00e9n debe ser procesado\u201d"}]},{"@type":"WebSite","@id":"https:\/\/www.eldiario.net\/portal\/#website","url":"https:\/\/www.eldiario.net\/portal\/","name":"El Diario - Decano de la prensa nacional","description":"El Diario - Decano de la prensa nacional","publisher":{"@id":"https:\/\/www.eldiario.net\/portal\/#organization"},"potentialAction":[{"@type":"SearchAction","target":{"@type":"EntryPoint","urlTemplate":"https:\/\/www.eldiario.net\/portal\/?s={search_term_string}"},"query-input":{"@type":"PropertyValueSpecification","valueRequired":true,"valueName":"search_term_string"}}],"inLanguage":"es"},{"@type":"Organization","@id":"https:\/\/www.eldiario.net\/portal\/#organization","name":"El Diario - Decano de la prensa nacional","url":"https:\/\/www.eldiario.net\/portal\/","logo":{"@type":"ImageObject","inLanguage":"es","@id":"https:\/\/www.eldiario.net\/portal\/#\/schema\/logo\/image\/","url":"https:\/\/www.eldiario.net\/portal\/wp-content\/uploads\/2023\/07\/logo_ED.jpg","contentUrl":"https:\/\/www.eldiario.net\/portal\/wp-content\/uploads\/2023\/07\/logo_ED.jpg","width":272,"height":52,"caption":"El Diario - Decano de la prensa nacional"},"image":{"@id":"https:\/\/www.eldiario.net\/portal\/#\/schema\/logo\/image\/"},"sameAs":["https:\/\/www.facebook.com\/eldiario.bolivia\/","https:\/\/x.com\/eldiario_net"]},{"@type":"Person","@id":"https:\/\/www.eldiario.net\/portal\/#\/schema\/person\/f46445640444750d7d753ccd04ae01b7","name":"Jeanette","image":{"@type":"ImageObject","inLanguage":"es","@id":"https:\/\/secure.gravatar.com\/avatar\/3ea2118a5f7dad2b7138b1187a6b7ee55f160b9968b66013c3a3ef39dd7e5798?s=96&d=mm&r=g","url":"https:\/\/secure.gravatar.com\/avatar\/3ea2118a5f7dad2b7138b1187a6b7ee55f160b9968b66013c3a3ef39dd7e5798?s=96&d=mm&r=g","contentUrl":"https:\/\/secure.gravatar.com\/avatar\/3ea2118a5f7dad2b7138b1187a6b7ee55f160b9968b66013c3a3ef39dd7e5798?s=96&d=mm&r=g","caption":"Jeanette"},"sameAs":["https:\/\/www.eldiario.net\/portal"],"url":"https:\/\/www.eldiario.net\/portal\/author\/jeanette\/"}]}},"_links":{"self":[{"href":"https:\/\/www.eldiario.net\/portal\/wp-json\/wp\/v2\/posts\/24160","targetHints":{"allow":["GET"]}}],"collection":[{"href":"https:\/\/www.eldiario.net\/portal\/wp-json\/wp\/v2\/posts"}],"about":[{"href":"https:\/\/www.eldiario.net\/portal\/wp-json\/wp\/v2\/types\/post"}],"author":[{"embeddable":true,"href":"https:\/\/www.eldiario.net\/portal\/wp-json\/wp\/v2\/users\/1"}],"replies":[{"embeddable":true,"href":"https:\/\/www.eldiario.net\/portal\/wp-json\/wp\/v2\/comments?post=24160"}],"version-history":[{"count":0,"href":"https:\/\/www.eldiario.net\/portal\/wp-json\/wp\/v2\/posts\/24160\/revisions"}],"wp:attachment":[{"href":"https:\/\/www.eldiario.net\/portal\/wp-json\/wp\/v2\/media?parent=24160"}],"wp:term":[{"taxonomy":"category","embeddable":true,"href":"https:\/\/www.eldiario.net\/portal\/wp-json\/wp\/v2\/categories?post=24160"},{"taxonomy":"post_tag","embeddable":true,"href":"https:\/\/www.eldiario.net\/portal\/wp-json\/wp\/v2\/tags?post=24160"}],"curies":[{"name":"wp","href":"https:\/\/api.w.org\/{rel}","templated":true}]}}