{"id":24157,"date":"2021-08-18T06:11:57","date_gmt":"2021-08-18T10:11:57","guid":{"rendered":"https:\/\/www.eldiario.net\/portal\/?p=24157"},"modified":"2021-08-18T06:11:57","modified_gmt":"2021-08-18T10:11:57","slug":"quiroga-desmiente-al-mas-y-senala-que-corte-idh-hace-referencia-al-pais","status":"publish","type":"post","link":"https:\/\/www.eldiario.net\/portal\/2021\/08\/18\/quiroga-desmiente-al-mas-y-senala-que-corte-idh-hace-referencia-al-pais\/","title":{"rendered":"Quiroga desmiente al MAS y se\u00f1ala  que Corte IDH hace referencia al pa\u00eds"},"content":{"rendered":"<p class=\"v1MsoNormal\">Ante versiones que se\u00f1alan que la opini\u00f3n consultiva emitida por la Corte Interamericana de Derechos Humanos (C-IDH) no hace referencia a Bolivia, el expresidente Jorge Quiroga Ram\u00edrez, cuestion\u00f3 al Movimiento al Socialismo (MAS)\u00a0<span lang=\"ES-BO\">por tratar de\u00a0ocultar la verdad, se\u00f1alando que si hace\u00a0<\/span>referencia al pa\u00eds y al fallo judicial que permiti\u00f3 la candidatura irregular de Morales el 2019.<\/p>\n<p class=\"v1MsoNormal\">Mediante su cuenta de Twitter, el exmandatario se\u00f1al\u00f3 que en el documento elaborado por la Corte IDH se nombra varias veces el caso bolivianos, adem\u00e1s de ser espec\u00edficos, al momento de se\u00f1alar que existieron interpretaciones judiciales que consideraron que esta disposici\u00f3n era discriminatoria y exist\u00eda necesidad de eliminarla.<\/p>\n<p class=\"v1MsoNormal\">\u201cSe proh\u00edbe reelecci\u00f3n indefinida y en punto 98 dice que somos uno de 4 pa\u00edses que permite, por fallo judicial, esta violaci\u00f3n Interamericana\u201d,\u00a0 sostuvo.<\/p>\n<p class=\"v1MsoNormal\">Conden\u00f3 que desde el partido gobernante se intente negar la realidad y se\u00f1alar que la opini\u00f3n consultiva es general y no hace referencia directa al pa\u00eds y al fallo emitido por el TCP para permitir la candidatura de Morales el 2019.<\/p>\n<p class=\"v1MsoNormal\">\u201cEl Movimiento al Socialismo dice que la Opini\u00f3n Consultiva 28\/21 de la Corte Interamericana de Derechos Humanos no menciona a Bolivia. S\u00ed lo hace, varias veces, incluyendo el fallo prevaricador del Tribunal Constitucional Plurinacional 84\/2017\u201d, expres\u00f3 Quiroga.<\/p>\n<p class=\"v1MsoNormal\">Como se\u00f1ala el expresidente, en el documento que acompa\u00f1a la opini\u00f3n consultiva sobre la reelecci\u00f3n presidencial indefinida, la corte IDH hace referencia a los 4 pa\u00edses en los que se han permitido interpretaciones judiciales para avalar candidaturas.<\/p>\n<p class=\"v1MsoNormal\">\u201cEsta corte reitera que la mayor\u00eda de los estado miembros de la OEA impone restricciones a la reelecci\u00f3n presidencial. Solo cuatro estados carecen de limitaciones en la cantidad y frecuencia de las reelecciones presidenciales, permitiendo as\u00ed la reelecci\u00f3n presidencial indefinida (Bolivia, Honduras, Nicaragua y Venezuela)\u201d, se\u00f1ala el documento, mismo que indica como principal argumento que la normativa es discriminatoria y desproporcionada.<\/p>\n<p class=\"v1MsoNormal\">D\u00edas atr\u00e1s el presidente de la C\u00e1mara de Diputados, Freddy Mamani Laura, hab\u00eda manifestado que la opini\u00f3n consultiva emitida por la Corte IDH no hace referencia al pa\u00eds y que se debe esperar a que el TCP emita alg\u00fan pronunciamiento sobre sus alcances.<\/p>\n<p class=\"v1MsoNormal\">\u201cSe trata de una opini\u00f3n consultiva a pedido de un pa\u00eds que se llama Colombia, el a\u00f1o 2019. No se refiere a Bolivia ni recomienda ning\u00fan proceso legal. Sobre este tema el Tribunal Constitucional debe dar su opini\u00f3n acerca del documento\u201d, indic\u00f3 Mamani.<\/p>\n","protected":false},"excerpt":{"rendered":"<p>Ante versiones que se\u00f1alan que la opini\u00f3n consultiva emitida por la Corte Interamericana de Derechos Humanos (C-IDH) no hace referencia a Bolivia, el expresidente Jorge Quiroga Ram\u00edrez, cuestion\u00f3 al Movimiento al Socialismo (MAS)\u00a0por tratar de\u00a0ocultar la verdad, se\u00f1alando que si hace\u00a0referencia al pa\u00eds y al fallo judicial que permiti\u00f3 la candidatura irregular de Morales el [&hellip;]<\/p>\n","protected":false},"author":1,"featured_media":24158,"comment_status":"closed","ping_status":"closed","sticky":false,"template":"","format":"standard","meta":{"_acf_changed":false,"footnotes":""},"categories":[14],"tags":[],"class_list":["post-24157","post","type-post","status-publish","format-standard","has-post-thumbnail","category-politica"],"acf":{"antetitulo":""},"yoast_head":"<!-- This site is optimized with the Yoast SEO plugin v28.4 - https:\/\/yoast.com\/product\/yoast-seo-wordpress\/ -->\n<title>Quiroga desmiente al MAS y se\u00f1ala que Corte IDH hace referencia al pa\u00eds - El Diario - Bolivia<\/title>\n<meta name=\"robots\" content=\"index, follow, max-snippet:-1, max-image-preview:large, max-video-preview:-1\" \/>\n<link rel=\"canonical\" href=\"https:\/\/www.eldiario.net\/portal\/2021\/08\/18\/quiroga-desmiente-al-mas-y-senala-que-corte-idh-hace-referencia-al-pais\/\" \/>\n<meta property=\"og:locale\" content=\"es_ES\" \/>\n<meta property=\"og:type\" content=\"article\" \/>\n<meta property=\"og:title\" content=\"Quiroga desmiente al MAS y se\u00f1ala que Corte IDH hace referencia al pa\u00eds - El Diario - Bolivia\" \/>\n<meta property=\"og:description\" content=\"Ante versiones que se\u00f1alan que la opini\u00f3n consultiva emitida por la Corte Interamericana de Derechos Humanos (C-IDH) no hace referencia a Bolivia, el expresidente Jorge Quiroga Ram\u00edrez, cuestion\u00f3 al Movimiento al Socialismo (MAS)\u00a0por tratar de\u00a0ocultar la verdad, se\u00f1alando que si hace\u00a0referencia al pa\u00eds y al fallo judicial que permiti\u00f3 la candidatura irregular de Morales el [&hellip;]\" \/>\n<meta property=\"og:url\" content=\"https:\/\/www.eldiario.net\/portal\/2021\/08\/18\/quiroga-desmiente-al-mas-y-senala-que-corte-idh-hace-referencia-al-pais\/\" \/>\n<meta property=\"og:site_name\" content=\"El Diario - Bolivia\" \/>\n<meta property=\"article:publisher\" content=\"https:\/\/www.facebook.com\/eldiario.bolivia\/\" \/>\n<meta property=\"article:published_time\" content=\"2021-08-18T10:11:57+00:00\" \/>\n<meta property=\"og:image\" content=\"https:\/\/www.eldiario.net\/portal\/wp-content\/uploads\/2021\/08\/FOTO-TUTO-2-1.jpg\" \/>\n\t<meta property=\"og:image:width\" content=\"746\" \/>\n\t<meta property=\"og:image:height\" content=\"497\" \/>\n\t<meta property=\"og:image:type\" content=\"image\/jpeg\" \/>\n<meta name=\"author\" content=\"Jeanette\" \/>\n<meta name=\"twitter:card\" content=\"summary_large_image\" \/>\n<meta name=\"twitter:creator\" content=\"@eldiario_net\" \/>\n<meta name=\"twitter:site\" content=\"@eldiario_net\" \/>\n<meta name=\"twitter:label1\" content=\"Escrito por\" \/>\n\t<meta name=\"twitter:data1\" content=\"Jeanette\" \/>\n\t<meta name=\"twitter:label2\" content=\"Tiempo de lectura\" \/>\n\t<meta name=\"twitter:data2\" content=\"2 minutos\" \/>\n<script type=\"application\/ld+json\" class=\"yoast-schema-graph\">{\"@context\":\"https:\\\/\\\/schema.org\",\"@graph\":[{\"@type\":\"Article\",\"@id\":\"https:\\\/\\\/www.eldiario.net\\\/portal\\\/2021\\\/08\\\/18\\\/quiroga-desmiente-al-mas-y-senala-que-corte-idh-hace-referencia-al-pais\\\/#article\",\"isPartOf\":{\"@id\":\"https:\\\/\\\/www.eldiario.net\\\/portal\\\/2021\\\/08\\\/18\\\/quiroga-desmiente-al-mas-y-senala-que-corte-idh-hace-referencia-al-pais\\\/\"},\"author\":{\"name\":\"Jeanette\",\"@id\":\"https:\\\/\\\/www.eldiario.net\\\/portal\\\/#\\\/schema\\\/person\\\/f46445640444750d7d753ccd04ae01b7\"},\"headline\":\"Quiroga desmiente al MAS y se\u00f1ala que Corte IDH hace referencia al pa\u00eds\",\"datePublished\":\"2021-08-18T10:11:57+00:00\",\"mainEntityOfPage\":{\"@id\":\"https:\\\/\\\/www.eldiario.net\\\/portal\\\/2021\\\/08\\\/18\\\/quiroga-desmiente-al-mas-y-senala-que-corte-idh-hace-referencia-al-pais\\\/\"},\"wordCount\":440,\"publisher\":{\"@id\":\"https:\\\/\\\/www.eldiario.net\\\/portal\\\/#organization\"},\"image\":{\"@id\":\"https:\\\/\\\/www.eldiario.net\\\/portal\\\/2021\\\/08\\\/18\\\/quiroga-desmiente-al-mas-y-senala-que-corte-idh-hace-referencia-al-pais\\\/#primaryimage\"},\"thumbnailUrl\":\"https:\\\/\\\/www.eldiario.net\\\/portal\\\/wp-content\\\/uploads\\\/2021\\\/08\\\/FOTO-TUTO-2-1.jpg\",\"articleSection\":[\"Pol\u00edtica\"],\"inLanguage\":\"es\"},{\"@type\":\"WebPage\",\"@id\":\"https:\\\/\\\/www.eldiario.net\\\/portal\\\/2021\\\/08\\\/18\\\/quiroga-desmiente-al-mas-y-senala-que-corte-idh-hace-referencia-al-pais\\\/\",\"url\":\"https:\\\/\\\/www.eldiario.net\\\/portal\\\/2021\\\/08\\\/18\\\/quiroga-desmiente-al-mas-y-senala-que-corte-idh-hace-referencia-al-pais\\\/\",\"name\":\"Quiroga desmiente al MAS y se\u00f1ala que Corte IDH hace referencia al pa\u00eds - El Diario - Bolivia\",\"isPartOf\":{\"@id\":\"https:\\\/\\\/www.eldiario.net\\\/portal\\\/#website\"},\"primaryImageOfPage\":{\"@id\":\"https:\\\/\\\/www.eldiario.net\\\/portal\\\/2021\\\/08\\\/18\\\/quiroga-desmiente-al-mas-y-senala-que-corte-idh-hace-referencia-al-pais\\\/#primaryimage\"},\"image\":{\"@id\":\"https:\\\/\\\/www.eldiario.net\\\/portal\\\/2021\\\/08\\\/18\\\/quiroga-desmiente-al-mas-y-senala-que-corte-idh-hace-referencia-al-pais\\\/#primaryimage\"},\"thumbnailUrl\":\"https:\\\/\\\/www.eldiario.net\\\/portal\\\/wp-content\\\/uploads\\\/2021\\\/08\\\/FOTO-TUTO-2-1.jpg\",\"datePublished\":\"2021-08-18T10:11:57+00:00\",\"breadcrumb\":{\"@id\":\"https:\\\/\\\/www.eldiario.net\\\/portal\\\/2021\\\/08\\\/18\\\/quiroga-desmiente-al-mas-y-senala-que-corte-idh-hace-referencia-al-pais\\\/#breadcrumb\"},\"inLanguage\":\"es\",\"potentialAction\":[{\"@type\":\"ReadAction\",\"target\":[\"https:\\\/\\\/www.eldiario.net\\\/portal\\\/2021\\\/08\\\/18\\\/quiroga-desmiente-al-mas-y-senala-que-corte-idh-hace-referencia-al-pais\\\/\"]}]},{\"@type\":\"ImageObject\",\"inLanguage\":\"es\",\"@id\":\"https:\\\/\\\/www.eldiario.net\\\/portal\\\/2021\\\/08\\\/18\\\/quiroga-desmiente-al-mas-y-senala-que-corte-idh-hace-referencia-al-pais\\\/#primaryimage\",\"url\":\"https:\\\/\\\/www.eldiario.net\\\/portal\\\/wp-content\\\/uploads\\\/2021\\\/08\\\/FOTO-TUTO-2-1.jpg\",\"contentUrl\":\"https:\\\/\\\/www.eldiario.net\\\/portal\\\/wp-content\\\/uploads\\\/2021\\\/08\\\/FOTO-TUTO-2-1.jpg\",\"width\":746,\"height\":497},{\"@type\":\"BreadcrumbList\",\"@id\":\"https:\\\/\\\/www.eldiario.net\\\/portal\\\/2021\\\/08\\\/18\\\/quiroga-desmiente-al-mas-y-senala-que-corte-idh-hace-referencia-al-pais\\\/#breadcrumb\",\"itemListElement\":[{\"@type\":\"ListItem\",\"position\":1,\"name\":\"Portada\",\"item\":\"https:\\\/\\\/www.eldiario.net\\\/portal\\\/\"},{\"@type\":\"ListItem\",\"position\":2,\"name\":\"Quiroga desmiente al MAS y se\u00f1ala que Corte IDH hace referencia al pa\u00eds\"}]},{\"@type\":\"WebSite\",\"@id\":\"https:\\\/\\\/www.eldiario.net\\\/portal\\\/#website\",\"url\":\"https:\\\/\\\/www.eldiario.net\\\/portal\\\/\",\"name\":\"El Diario - Decano de la prensa nacional\",\"description\":\"El Diario - Decano de la prensa nacional\",\"publisher\":{\"@id\":\"https:\\\/\\\/www.eldiario.net\\\/portal\\\/#organization\"},\"potentialAction\":[{\"@type\":\"SearchAction\",\"target\":{\"@type\":\"EntryPoint\",\"urlTemplate\":\"https:\\\/\\\/www.eldiario.net\\\/portal\\\/?s={search_term_string}\"},\"query-input\":{\"@type\":\"PropertyValueSpecification\",\"valueRequired\":true,\"valueName\":\"search_term_string\"}}],\"inLanguage\":\"es\"},{\"@type\":\"Organization\",\"@id\":\"https:\\\/\\\/www.eldiario.net\\\/portal\\\/#organization\",\"name\":\"El Diario - Decano de la prensa nacional\",\"url\":\"https:\\\/\\\/www.eldiario.net\\\/portal\\\/\",\"logo\":{\"@type\":\"ImageObject\",\"inLanguage\":\"es\",\"@id\":\"https:\\\/\\\/www.eldiario.net\\\/portal\\\/#\\\/schema\\\/logo\\\/image\\\/\",\"url\":\"https:\\\/\\\/www.eldiario.net\\\/portal\\\/wp-content\\\/uploads\\\/2023\\\/07\\\/logo_ED.jpg\",\"contentUrl\":\"https:\\\/\\\/www.eldiario.net\\\/portal\\\/wp-content\\\/uploads\\\/2023\\\/07\\\/logo_ED.jpg\",\"width\":272,\"height\":52,\"caption\":\"El Diario - Decano de la prensa nacional\"},\"image\":{\"@id\":\"https:\\\/\\\/www.eldiario.net\\\/portal\\\/#\\\/schema\\\/logo\\\/image\\\/\"},\"sameAs\":[\"https:\\\/\\\/www.facebook.com\\\/eldiario.bolivia\\\/\",\"https:\\\/\\\/x.com\\\/eldiario_net\"]},{\"@type\":\"Person\",\"@id\":\"https:\\\/\\\/www.eldiario.net\\\/portal\\\/#\\\/schema\\\/person\\\/f46445640444750d7d753ccd04ae01b7\",\"name\":\"Jeanette\",\"image\":{\"@type\":\"ImageObject\",\"inLanguage\":\"es\",\"@id\":\"https:\\\/\\\/secure.gravatar.com\\\/avatar\\\/3ea2118a5f7dad2b7138b1187a6b7ee55f160b9968b66013c3a3ef39dd7e5798?s=96&d=mm&r=g\",\"url\":\"https:\\\/\\\/secure.gravatar.com\\\/avatar\\\/3ea2118a5f7dad2b7138b1187a6b7ee55f160b9968b66013c3a3ef39dd7e5798?s=96&d=mm&r=g\",\"contentUrl\":\"https:\\\/\\\/secure.gravatar.com\\\/avatar\\\/3ea2118a5f7dad2b7138b1187a6b7ee55f160b9968b66013c3a3ef39dd7e5798?s=96&d=mm&r=g\",\"caption\":\"Jeanette\"},\"sameAs\":[\"https:\\\/\\\/www.eldiario.net\\\/portal\"],\"url\":\"https:\\\/\\\/www.eldiario.net\\\/portal\\\/author\\\/jeanette\\\/\"}]}<\/script>\n<!-- \/ Yoast SEO plugin. -->","yoast_head_json":{"title":"Quiroga desmiente al MAS y se\u00f1ala que Corte IDH hace referencia al pa\u00eds - El Diario - Bolivia","robots":{"index":"index","follow":"follow","max-snippet":"max-snippet:-1","max-image-preview":"max-image-preview:large","max-video-preview":"max-video-preview:-1"},"canonical":"https:\/\/www.eldiario.net\/portal\/2021\/08\/18\/quiroga-desmiente-al-mas-y-senala-que-corte-idh-hace-referencia-al-pais\/","og_locale":"es_ES","og_type":"article","og_title":"Quiroga desmiente al MAS y se\u00f1ala que Corte IDH hace referencia al pa\u00eds - El Diario - Bolivia","og_description":"Ante versiones que se\u00f1alan que la opini\u00f3n consultiva emitida por la Corte Interamericana de Derechos Humanos (C-IDH) no hace referencia a Bolivia, el expresidente Jorge Quiroga Ram\u00edrez, cuestion\u00f3 al Movimiento al Socialismo (MAS)\u00a0por tratar de\u00a0ocultar la verdad, se\u00f1alando que si hace\u00a0referencia al pa\u00eds y al fallo judicial que permiti\u00f3 la candidatura irregular de Morales el [&hellip;]","og_url":"https:\/\/www.eldiario.net\/portal\/2021\/08\/18\/quiroga-desmiente-al-mas-y-senala-que-corte-idh-hace-referencia-al-pais\/","og_site_name":"El Diario - Bolivia","article_publisher":"https:\/\/www.facebook.com\/eldiario.bolivia\/","article_published_time":"2021-08-18T10:11:57+00:00","og_image":[{"width":746,"height":497,"url":"https:\/\/www.eldiario.net\/portal\/wp-content\/uploads\/2021\/08\/FOTO-TUTO-2-1.jpg","type":"image\/jpeg"}],"author":"Jeanette","twitter_card":"summary_large_image","twitter_creator":"@eldiario_net","twitter_site":"@eldiario_net","twitter_misc":{"Escrito por":"Jeanette","Tiempo de lectura":"2 minutos"},"schema":{"@context":"https:\/\/schema.org","@graph":[{"@type":"Article","@id":"https:\/\/www.eldiario.net\/portal\/2021\/08\/18\/quiroga-desmiente-al-mas-y-senala-que-corte-idh-hace-referencia-al-pais\/#article","isPartOf":{"@id":"https:\/\/www.eldiario.net\/portal\/2021\/08\/18\/quiroga-desmiente-al-mas-y-senala-que-corte-idh-hace-referencia-al-pais\/"},"author":{"name":"Jeanette","@id":"https:\/\/www.eldiario.net\/portal\/#\/schema\/person\/f46445640444750d7d753ccd04ae01b7"},"headline":"Quiroga desmiente al MAS y se\u00f1ala que Corte IDH hace referencia al pa\u00eds","datePublished":"2021-08-18T10:11:57+00:00","mainEntityOfPage":{"@id":"https:\/\/www.eldiario.net\/portal\/2021\/08\/18\/quiroga-desmiente-al-mas-y-senala-que-corte-idh-hace-referencia-al-pais\/"},"wordCount":440,"publisher":{"@id":"https:\/\/www.eldiario.net\/portal\/#organization"},"image":{"@id":"https:\/\/www.eldiario.net\/portal\/2021\/08\/18\/quiroga-desmiente-al-mas-y-senala-que-corte-idh-hace-referencia-al-pais\/#primaryimage"},"thumbnailUrl":"https:\/\/www.eldiario.net\/portal\/wp-content\/uploads\/2021\/08\/FOTO-TUTO-2-1.jpg","articleSection":["Pol\u00edtica"],"inLanguage":"es"},{"@type":"WebPage","@id":"https:\/\/www.eldiario.net\/portal\/2021\/08\/18\/quiroga-desmiente-al-mas-y-senala-que-corte-idh-hace-referencia-al-pais\/","url":"https:\/\/www.eldiario.net\/portal\/2021\/08\/18\/quiroga-desmiente-al-mas-y-senala-que-corte-idh-hace-referencia-al-pais\/","name":"Quiroga desmiente al MAS y se\u00f1ala que Corte IDH hace referencia al pa\u00eds - El Diario - Bolivia","isPartOf":{"@id":"https:\/\/www.eldiario.net\/portal\/#website"},"primaryImageOfPage":{"@id":"https:\/\/www.eldiario.net\/portal\/2021\/08\/18\/quiroga-desmiente-al-mas-y-senala-que-corte-idh-hace-referencia-al-pais\/#primaryimage"},"image":{"@id":"https:\/\/www.eldiario.net\/portal\/2021\/08\/18\/quiroga-desmiente-al-mas-y-senala-que-corte-idh-hace-referencia-al-pais\/#primaryimage"},"thumbnailUrl":"https:\/\/www.eldiario.net\/portal\/wp-content\/uploads\/2021\/08\/FOTO-TUTO-2-1.jpg","datePublished":"2021-08-18T10:11:57+00:00","breadcrumb":{"@id":"https:\/\/www.eldiario.net\/portal\/2021\/08\/18\/quiroga-desmiente-al-mas-y-senala-que-corte-idh-hace-referencia-al-pais\/#breadcrumb"},"inLanguage":"es","potentialAction":[{"@type":"ReadAction","target":["https:\/\/www.eldiario.net\/portal\/2021\/08\/18\/quiroga-desmiente-al-mas-y-senala-que-corte-idh-hace-referencia-al-pais\/"]}]},{"@type":"ImageObject","inLanguage":"es","@id":"https:\/\/www.eldiario.net\/portal\/2021\/08\/18\/quiroga-desmiente-al-mas-y-senala-que-corte-idh-hace-referencia-al-pais\/#primaryimage","url":"https:\/\/www.eldiario.net\/portal\/wp-content\/uploads\/2021\/08\/FOTO-TUTO-2-1.jpg","contentUrl":"https:\/\/www.eldiario.net\/portal\/wp-content\/uploads\/2021\/08\/FOTO-TUTO-2-1.jpg","width":746,"height":497},{"@type":"BreadcrumbList","@id":"https:\/\/www.eldiario.net\/portal\/2021\/08\/18\/quiroga-desmiente-al-mas-y-senala-que-corte-idh-hace-referencia-al-pais\/#breadcrumb","itemListElement":[{"@type":"ListItem","position":1,"name":"Portada","item":"https:\/\/www.eldiario.net\/portal\/"},{"@type":"ListItem","position":2,"name":"Quiroga desmiente al MAS y se\u00f1ala que Corte IDH hace referencia al pa\u00eds"}]},{"@type":"WebSite","@id":"https:\/\/www.eldiario.net\/portal\/#website","url":"https:\/\/www.eldiario.net\/portal\/","name":"El Diario - Decano de la prensa nacional","description":"El Diario - Decano de la prensa nacional","publisher":{"@id":"https:\/\/www.eldiario.net\/portal\/#organization"},"potentialAction":[{"@type":"SearchAction","target":{"@type":"EntryPoint","urlTemplate":"https:\/\/www.eldiario.net\/portal\/?s={search_term_string}"},"query-input":{"@type":"PropertyValueSpecification","valueRequired":true,"valueName":"search_term_string"}}],"inLanguage":"es"},{"@type":"Organization","@id":"https:\/\/www.eldiario.net\/portal\/#organization","name":"El Diario - Decano de la prensa nacional","url":"https:\/\/www.eldiario.net\/portal\/","logo":{"@type":"ImageObject","inLanguage":"es","@id":"https:\/\/www.eldiario.net\/portal\/#\/schema\/logo\/image\/","url":"https:\/\/www.eldiario.net\/portal\/wp-content\/uploads\/2023\/07\/logo_ED.jpg","contentUrl":"https:\/\/www.eldiario.net\/portal\/wp-content\/uploads\/2023\/07\/logo_ED.jpg","width":272,"height":52,"caption":"El Diario - Decano de la prensa nacional"},"image":{"@id":"https:\/\/www.eldiario.net\/portal\/#\/schema\/logo\/image\/"},"sameAs":["https:\/\/www.facebook.com\/eldiario.bolivia\/","https:\/\/x.com\/eldiario_net"]},{"@type":"Person","@id":"https:\/\/www.eldiario.net\/portal\/#\/schema\/person\/f46445640444750d7d753ccd04ae01b7","name":"Jeanette","image":{"@type":"ImageObject","inLanguage":"es","@id":"https:\/\/secure.gravatar.com\/avatar\/3ea2118a5f7dad2b7138b1187a6b7ee55f160b9968b66013c3a3ef39dd7e5798?s=96&d=mm&r=g","url":"https:\/\/secure.gravatar.com\/avatar\/3ea2118a5f7dad2b7138b1187a6b7ee55f160b9968b66013c3a3ef39dd7e5798?s=96&d=mm&r=g","contentUrl":"https:\/\/secure.gravatar.com\/avatar\/3ea2118a5f7dad2b7138b1187a6b7ee55f160b9968b66013c3a3ef39dd7e5798?s=96&d=mm&r=g","caption":"Jeanette"},"sameAs":["https:\/\/www.eldiario.net\/portal"],"url":"https:\/\/www.eldiario.net\/portal\/author\/jeanette\/"}]}},"_links":{"self":[{"href":"https:\/\/www.eldiario.net\/portal\/wp-json\/wp\/v2\/posts\/24157","targetHints":{"allow":["GET"]}}],"collection":[{"href":"https:\/\/www.eldiario.net\/portal\/wp-json\/wp\/v2\/posts"}],"about":[{"href":"https:\/\/www.eldiario.net\/portal\/wp-json\/wp\/v2\/types\/post"}],"author":[{"embeddable":true,"href":"https:\/\/www.eldiario.net\/portal\/wp-json\/wp\/v2\/users\/1"}],"replies":[{"embeddable":true,"href":"https:\/\/www.eldiario.net\/portal\/wp-json\/wp\/v2\/comments?post=24157"}],"version-history":[{"count":0,"href":"https:\/\/www.eldiario.net\/portal\/wp-json\/wp\/v2\/posts\/24157\/revisions"}],"wp:featuredmedia":[{"embeddable":true,"href":"https:\/\/www.eldiario.net\/portal\/wp-json\/wp\/v2\/media\/24158"}],"wp:attachment":[{"href":"https:\/\/www.eldiario.net\/portal\/wp-json\/wp\/v2\/media?parent=24157"}],"wp:term":[{"taxonomy":"category","embeddable":true,"href":"https:\/\/www.eldiario.net\/portal\/wp-json\/wp\/v2\/categories?post=24157"},{"taxonomy":"post_tag","embeddable":true,"href":"https:\/\/www.eldiario.net\/portal\/wp-json\/wp\/v2\/tags?post=24157"}],"curies":[{"name":"wp","href":"https:\/\/api.w.org\/{rel}","templated":true}]}}