{"id":240202,"date":"2024-08-12T06:04:42","date_gmt":"2024-08-12T10:04:42","guid":{"rendered":"https:\/\/www.eldiario.net\/portal\/?p=240202"},"modified":"2024-08-12T06:04:42","modified_gmt":"2024-08-12T10:04:42","slug":"concierto-por-los-30-anos-del-mariachi-los-reales","status":"publish","type":"post","link":"https:\/\/www.eldiario.net\/portal\/2024\/08\/12\/concierto-por-los-30-anos-del-mariachi-los-reales\/","title":{"rendered":"Concierto por los 30 a\u00f1os del Mariachi Los Reales"},"content":{"rendered":"<p>El Mariachi Los Reales celebrar\u00e1 sus 30 a\u00f1os de vida art\u00edstica el jueves 15 de agosto en el concierto que brindar\u00e1 en el Teatro Municipal \u201cAlberto Saavedra P\u00e9rez\u201d, a partir de las 19:00 horas.<\/p>\n<p>\u201cFestejaremos compartiendo lo que hemos hecho en estos 30 a\u00f1os de m\u00fasica. En esta ocasi\u00f3n no tendremos invitados en escenario. El invitado es el p\u00fablico que hizo posible que estuvi\u00e9ramos vigentes hasta ahora\u201d, afirm\u00f3 el director y fundador de la agrupaci\u00f3n nacional, Jos\u00e9 Luis Aban, en la entrevista que le hizo La Gu\u00eda.<\/p>\n<p><strong>LG:<\/strong><strong> \u00bfQu\u00e9 significa para el Mariachi Los Reales celebrar 30 a\u00f1os de trayectoria?<\/strong><\/p>\n<p>JL: Un logro alcanzado con perseverancia y dedicaci\u00f3n.<\/p>\n<p><strong>LG: \u00bfQu\u00e9 canciones escuchar\u00e1 el p\u00fablico el jueves 15 en el Teatro Municipal?<\/strong><\/p>\n<p>JL: Interpretaremos lo mejor de nuestro repertorio, haciendo un homenaje a varios artistas que han trascendido y que son del gusto de nuestro p\u00fablico.<\/p>\n<p><strong>LG: \u00bfC\u00f3mo llega art\u00edsticamente el Mariachi Los Reales a este concierto?<\/strong><\/p>\n<p>JL: Llegamos a nuestros 30 a\u00f1os con un repertorio renovado, con grandes maestros en las filas del Mariachi Los Reales, haciendo una fusi\u00f3n entre dos generaciones de m\u00fasicos para deleitar a nuestro p\u00fablico. Consagrando una instituci\u00f3n musical en nuestro medio como mariachi, que al no ser un g\u00e9nero tan reconocido, es para nosotros un privilegio presentarnos en la Casa Mayor del Artista en Bolivia, como es el Teatro Municipal \u201cAlberto Saavedra P\u00e9rez\u201d.<\/p>\n<p><strong>LG: Cuando nacieron a la vida art\u00edstica, el 12 de agosto de 1994, \u00bfimaginaron cumplir 30 a\u00f1os? <\/strong><\/p>\n<p>JL: Cuando iniciamos, \u00e9ramos cuatro j\u00f3venes que nos conocimos por azares de la vida (y) yo en particular so\u00f1\u00e9 con hacer un grupo que se destaque art\u00edstica y musicalmente y no pasar desapercibido como sucede con muchos grupos que no se dan a conocer por falta de apoyo y muchas veces por la voluntad de los mismos integrantes. Anhel\u00e9 lo que es ahora Mariachi Los Reales, un referente de nuestro g\u00e9nero y quiero que sean muchos a\u00f1os m\u00e1s.<\/p>\n<p><strong>LG:<\/strong><strong> \u00bfQu\u00e9 fue lo m\u00e1s destacado de estas tres d\u00e9cadas?<\/strong><\/p>\n<p>JL: Lo m\u00e1s destacado ha sido haber podido representar a nuestro pa\u00eds en el Encuentro Internacional del Mariachi y la Charrer\u00eda en cuatro ocasiones, haber compartido el escenario con grandes artistas internacionales de nuestro g\u00e9nero y, lo m\u00e1s importante, seguir vigentes gracias a la preferencia del p\u00fablico.<\/p>\n<p><strong>LG:<\/strong><strong> \u00bfQu\u00e9 qued\u00f3 pendiente?<\/strong><\/p>\n<p>JL: Hacer un trabajo discogr\u00e1fico de duetos con voces consagradas de nuestro medio art\u00edstico y otro trabajo con m\u00fasica religiosa dedicada a Dios, a nuestra Madre la Virgen Mar\u00eda y a nuestra Santa Cecilia.<\/p>\n<p><strong>LG:<\/strong><strong> \u00bfEl mejor momento y el m\u00e1s triste del mariachi?<\/strong><\/p>\n<p>JL: Es dif\u00edcil decirlo, pues hubo muchos momentos buenos y malos. Entre los buenos est\u00e1n las oportunidades que se presentaron de estar en grandes escenarios, de poder compartir con artistas nacionales e internacionales y los momentos malos tambi\u00e9n fueron muchos, entre ellos est\u00e1 la ruptura o alejamiento de varios de los que integraron el mariachi, que ocurri\u00f3 en varias ocasiones.<\/p>\n<p><strong>LG: \u00bfA cu\u00e1les canciones les tienen m\u00e1s cari\u00f1o?<\/strong><\/p>\n<p>JL: Es dif\u00edcil escoger, pero puedo decir que las canciones de Vicente Fern\u00e1ndez, Alejandro Fern\u00e1ndez, Javier Sol\u00eds, Juan Gabriel, Leo Dan, etc., son las que m\u00e1s hemos entrepretado en estos a\u00f1os y nos han permitido llegar a nuestro p\u00fablico.<\/p>\n<p><strong>LG: \u00bfC\u00f3mo sintetizar\u00eda los 30 a\u00f1os de Los Reales?<\/strong><\/p>\n<p>JL: Un sue\u00f1o hecho realidad.<\/p>\n<p><strong>LG: Hace cinco a\u00f1os, el deseo de Jos\u00e9 Luis Aban era dejar una nueva generaci\u00f3n del Mariachi Los Reales. \u00bfEs un sue\u00f1o realizado con la incorporaci\u00f3n de sus dos hijos? <\/strong><\/p>\n<p>JL: Hace cinco a\u00f1os, mis 2 hijos, Nathalie y Luis Fernando, me mostraron su talento en el escenario, logrando la aceptaci\u00f3n del p\u00fablico, pero faltaba alguien m\u00e1s y por circunstancias de la vida se dio. La humanidad atraves\u00f3 la pandemia del COVID y en lo particular casi perd\u00ed a mi hijo mayor, Jos\u00e9 Ignacio, pero a \u00e9l Dios le dio la oportunidad de seguir y ahora es parte del Mariachi Los Reales. Por eso veo mi sue\u00f1o hecho realidad, con la bendici\u00f3n de Dios, porque mis tres hijos me acompa\u00f1an, Jos\u00e9 Ignacio en el Guitarr\u00f3n, Nathalie en la voz y Luis Fernando en la Guitarra y voz.<\/p>\n<p><strong>LG: Despu\u00e9s del concierto del 15 de agosto, \u00bfqu\u00e9 planes tienen?<\/strong><\/p>\n<p>JL: Lo primero que se viene es nuestro viaje a M\u00e9xico, una vez m\u00e1s representando a nuestro pa\u00eds en el Encuentro Internacional del Mariachi en Guadalajara, que comienza este 23 de agosto, y entre nuestros planes est\u00e1 concluir con la grabaci\u00f3n de un nuevo material discogr\u00e1fico, que ya iniciamos, tenemos cuatro cortes que los difundiremos en los medios que nos brinden cobertura para anunciar nuestro concierto.<\/p>\n<p><strong>LG: \u00bfQui\u00e9nes son hoy los integrantes del mariachi?<\/strong><\/p>\n<p>JL: Actualmente estamos conformados por Nathalie Aban en la voz femenina, Luis Fernando Aban en la guitarra y voz; Jos\u00e9 Ignacio Aban en el guitarr\u00f3n; Cristian Guti\u00e9rrez, vihuela; Freddy Yujra, trompeta; Wilson Cussi, trompeta; Diego Yujra, trompeta; V\u00edctor Choque, viol\u00edn; \u00c1lvaro T\u00f3rrez, viol\u00edn; Carlos Lima, viol\u00edn y su servidor Jos\u00e9 Luis Aban en la direcci\u00f3n.<\/p>\n<p><strong>LG: \u00bfQu\u00e9 le prometen al p\u00fablico de La Paz?<\/strong><\/p>\n<p>JL: Nuestro compromiso es seguir ofreciendo lo mejor de nosotros con la calidad y profesionalismo que nos caracteriza.<\/p>\n<p><strong>LG: \u00bfDesea agregar algo?<\/strong><\/p>\n<p>JL: Agradecer primero a Dios y a nuestro p\u00fablico por el apoyo que me han brindado en estos 30 a\u00f1os.<\/p>\n\r\n                <style type=\"text\/css\">\r\n                    \r\n                    #tdi_1  .td-doubleSlider-2 .td-item1 {\r\n                        background: url(https:\/\/www.eldiario.net\/portal\/wp-content\/uploads\/2024\/08\/1-PRINCIPAL-5-80x60.jpg) 0 0 no-repeat;\r\n                    }\r\n                    #tdi_1  .td-doubleSlider-2 .td-item2 {\r\n                        background: url(https:\/\/www.eldiario.net\/portal\/wp-content\/uploads\/2024\/08\/2-4-80x60.jpg) 0 0 no-repeat;\r\n                    }\r\n                    #tdi_1  .td-doubleSlider-2 .td-item3 {\r\n                        background: url(https:\/\/www.eldiario.net\/portal\/wp-content\/uploads\/2024\/08\/3-2-1-80x60.jpg) 0 0 no-repeat;\r\n                    }\r\n                    #tdi_1  .td-doubleSlider-2 .td-item4 {\r\n                        background: url(https:\/\/www.eldiario.net\/portal\/wp-content\/uploads\/2024\/08\/4-3-80x60.jpg) 0 0 no-repeat;\r\n                    }\r\n                    #tdi_1  .td-doubleSlider-2 .td-item5 {\r\n                        background: url(https:\/\/www.eldiario.net\/portal\/wp-content\/uploads\/2024\/08\/5-3-80x60.jpg) 0 0 no-repeat;\r\n                    }\r\n                    #tdi_1  .td-doubleSlider-2 .td-item6 {\r\n                        background: url(https:\/\/www.eldiario.net\/portal\/wp-content\/uploads\/2024\/08\/6-1-80x60.jpg) 0 0 no-repeat;\r\n                    }\r\n                <\/style>\r\n\r\n                <div id=\"tdi_1\" class=\"td-gallery td-slide-on-2-columns\">\r\n                    <div class=\"post_td_gallery\">\r\n                        <div class=\"td-gallery-slide-top\">\r\n                           <div class=\"td-gallery-title\"><\/div>\r\n\r\n                            <div class=\"td-gallery-controls-wrapper\">\r\n                                <div class=\"td-gallery-slide-count\"><span class=\"td-gallery-slide-item-focus\">1<\/span> de 6<\/div>\r\n                                <div class=\"td-gallery-slide-prev-next-but\">\r\n                                    <i class = \"td-icon-left doubleSliderPrevButton\"><\/i>\r\n                                    <i class = \"td-icon-right doubleSliderNextButton\"><\/i>\r\n                                <\/div>\r\n                            <\/div>\r\n                        <\/div>\r\n\r\n                        <div class = \"td-doubleSlider-1 \">\r\n                            <div class = \"td-slider\">\r\n                                \r\n                    <div class = \"td-slide-item td-item1\">\r\n                        <figure class=\"td-slide-galery-figure td-slide-popup-gallery\">\r\n                            <a class=\"slide-gallery-image-link\" href=\"https:\/\/www.eldiario.net\/portal\/wp-content\/uploads\/2024\/08\/1-PRINCIPAL-5.jpg\" title=\"1--PRINCIPAL\"  data-caption=\"\"  data-description=\"\">\r\n                                <img decoding=\"async\" src=\"https:\/\/www.eldiario.net\/portal\/wp-content\/uploads\/2024\/08\/1-PRINCIPAL-5-867x420.jpg\" srcset=\"https:\/\/www.eldiario.net\/portal\/wp-content\/uploads\/2024\/08\/1-PRINCIPAL-5-867x420.jpg 867w, https:\/\/www.eldiario.net\/portal\/wp-content\/uploads\/2024\/08\/1-PRINCIPAL-5-300x145.jpg 300w, https:\/\/www.eldiario.net\/portal\/wp-content\/uploads\/2024\/08\/1-PRINCIPAL-5-1024x496.jpg 1024w, https:\/\/www.eldiario.net\/portal\/wp-content\/uploads\/2024\/08\/1-PRINCIPAL-5-768x372.jpg 768w, https:\/\/www.eldiario.net\/portal\/wp-content\/uploads\/2024\/08\/1-PRINCIPAL-5-696x337.jpg 696w, https:\/\/www.eldiario.net\/portal\/wp-content\/uploads\/2024\/08\/1-PRINCIPAL-5-1068x517.jpg 1068w, https:\/\/www.eldiario.net\/portal\/wp-content\/uploads\/2024\/08\/1-PRINCIPAL-5.jpg 1200w\" sizes=\"(max-width: 867px) 100vw, 867px\" alt=\"\">\r\n                            <\/a>\r\n                            \r\n                        <\/figure>\r\n                    <\/div>\r\n                    <div class = \"td-slide-item td-item2\">\r\n                        <figure class=\"td-slide-galery-figure td-slide-popup-gallery\">\r\n                            <a class=\"slide-gallery-image-link\" href=\"https:\/\/www.eldiario.net\/portal\/wp-content\/uploads\/2024\/08\/2-4.jpg\" title=\"2\"  data-caption=\"\"  data-description=\"\">\r\n                                <img decoding=\"async\" src=\"https:\/\/www.eldiario.net\/portal\/wp-content\/uploads\/2024\/08\/2-4-420x420.jpg\" srcset=\"https:\/\/www.eldiario.net\/portal\/wp-content\/uploads\/2024\/08\/2-4-420x420.jpg 420w, https:\/\/www.eldiario.net\/portal\/wp-content\/uploads\/2024\/08\/2-4-300x300.jpg 300w, https:\/\/www.eldiario.net\/portal\/wp-content\/uploads\/2024\/08\/2-4-150x150.jpg 150w, https:\/\/www.eldiario.net\/portal\/wp-content\/uploads\/2024\/08\/2-4-768x768.jpg 768w, https:\/\/www.eldiario.net\/portal\/wp-content\/uploads\/2024\/08\/2-4-696x696.jpg 696w, https:\/\/www.eldiario.net\/portal\/wp-content\/uploads\/2024\/08\/2-4.jpg 946w\" sizes=\"(max-width: 420px) 100vw, 420px\" alt=\"\">\r\n                            <\/a>\r\n                            \r\n                        <\/figure>\r\n                    <\/div>\r\n                    <div class = \"td-slide-item td-item3\">\r\n                        <figure class=\"td-slide-galery-figure td-slide-popup-gallery\">\r\n                            <a class=\"slide-gallery-image-link\" href=\"https:\/\/www.eldiario.net\/portal\/wp-content\/uploads\/2024\/08\/3-2-1.jpg\" title=\"3-(2)\"  data-caption=\"\"  data-description=\"\">\r\n                                <img decoding=\"async\" src=\"https:\/\/www.eldiario.net\/portal\/wp-content\/uploads\/2024\/08\/3-2-1-630x420.jpg\" srcset=\"https:\/\/www.eldiario.net\/portal\/wp-content\/uploads\/2024\/08\/3-2-1-630x420.jpg 630w, https:\/\/www.eldiario.net\/portal\/wp-content\/uploads\/2024\/08\/3-2-1-300x200.jpg 300w, https:\/\/www.eldiario.net\/portal\/wp-content\/uploads\/2024\/08\/3-2-1-1024x683.jpg 1024w, https:\/\/www.eldiario.net\/portal\/wp-content\/uploads\/2024\/08\/3-2-1-768x512.jpg 768w, https:\/\/www.eldiario.net\/portal\/wp-content\/uploads\/2024\/08\/3-2-1-696x464.jpg 696w, https:\/\/www.eldiario.net\/portal\/wp-content\/uploads\/2024\/08\/3-2-1-1068x712.jpg 1068w, https:\/\/www.eldiario.net\/portal\/wp-content\/uploads\/2024\/08\/3-2-1.jpg 1200w\" sizes=\"(max-width: 630px) 100vw, 630px\" alt=\"\">\r\n                            <\/a>\r\n                            \r\n                        <\/figure>\r\n                    <\/div>\r\n                    <div class = \"td-slide-item td-item4\">\r\n                        <figure class=\"td-slide-galery-figure td-slide-popup-gallery\">\r\n                            <a class=\"slide-gallery-image-link\" href=\"https:\/\/www.eldiario.net\/portal\/wp-content\/uploads\/2024\/08\/4-3.jpg\" title=\"4\"  data-caption=\"\"  data-description=\"\">\r\n                                <img decoding=\"async\" src=\"https:\/\/www.eldiario.net\/portal\/wp-content\/uploads\/2024\/08\/4-3-312x420.jpg\" srcset=\"https:\/\/www.eldiario.net\/portal\/wp-content\/uploads\/2024\/08\/4-3-312x420.jpg 312w, https:\/\/www.eldiario.net\/portal\/wp-content\/uploads\/2024\/08\/4-3-223x300.jpg 223w, https:\/\/www.eldiario.net\/portal\/wp-content\/uploads\/2024\/08\/4-3-762x1024.jpg 762w, https:\/\/www.eldiario.net\/portal\/wp-content\/uploads\/2024\/08\/4-3-768x1032.jpg 768w, https:\/\/www.eldiario.net\/portal\/wp-content\/uploads\/2024\/08\/4-3-1143x1536.jpg 1143w, https:\/\/www.eldiario.net\/portal\/wp-content\/uploads\/2024\/08\/4-3-696x936.jpg 696w, https:\/\/www.eldiario.net\/portal\/wp-content\/uploads\/2024\/08\/4-3-1068x1436.jpg 1068w, https:\/\/www.eldiario.net\/portal\/wp-content\/uploads\/2024\/08\/4-3.jpg 1200w\" sizes=\"(max-width: 312px) 100vw, 312px\" alt=\"\">\r\n                            <\/a>\r\n                            \r\n                        <\/figure>\r\n                    <\/div>\r\n                    <div class = \"td-slide-item td-item5\">\r\n                        <figure class=\"td-slide-galery-figure td-slide-popup-gallery\">\r\n                            <a class=\"slide-gallery-image-link\" href=\"https:\/\/www.eldiario.net\/portal\/wp-content\/uploads\/2024\/08\/5-3.jpg\" title=\"5\"  data-caption=\"\"  data-description=\"\">\r\n                                <img decoding=\"async\" src=\"https:\/\/www.eldiario.net\/portal\/wp-content\/uploads\/2024\/08\/5-3-560x420.jpg\" srcset=\"https:\/\/www.eldiario.net\/portal\/wp-content\/uploads\/2024\/08\/5-3-560x420.jpg 560w, https:\/\/www.eldiario.net\/portal\/wp-content\/uploads\/2024\/08\/5-3-300x225.jpg 300w, https:\/\/www.eldiario.net\/portal\/wp-content\/uploads\/2024\/08\/5-3-1024x768.jpg 1024w, https:\/\/www.eldiario.net\/portal\/wp-content\/uploads\/2024\/08\/5-3-768x576.jpg 768w, https:\/\/www.eldiario.net\/portal\/wp-content\/uploads\/2024\/08\/5-3-80x60.jpg 80w, https:\/\/www.eldiario.net\/portal\/wp-content\/uploads\/2024\/08\/5-3-696x522.jpg 696w, https:\/\/www.eldiario.net\/portal\/wp-content\/uploads\/2024\/08\/5-3.jpg 1032w\" sizes=\"(max-width: 560px) 100vw, 560px\" alt=\"\">\r\n                            <\/a>\r\n                            \r\n                        <\/figure>\r\n                    <\/div>\r\n                    <div class = \"td-slide-item td-item6\">\r\n                        <figure class=\"td-slide-galery-figure td-slide-popup-gallery\">\r\n                            <a class=\"slide-gallery-image-link\" href=\"https:\/\/www.eldiario.net\/portal\/wp-content\/uploads\/2024\/08\/6-1.jpg\" title=\"6\"  data-caption=\"\"  data-description=\"\">\r\n                                <img decoding=\"async\" src=\"https:\/\/www.eldiario.net\/portal\/wp-content\/uploads\/2024\/08\/6-1-756x420.jpg\" srcset=\"https:\/\/www.eldiario.net\/portal\/wp-content\/uploads\/2024\/08\/6-1-756x420.jpg 756w, https:\/\/www.eldiario.net\/portal\/wp-content\/uploads\/2024\/08\/6-1-300x167.jpg 300w, https:\/\/www.eldiario.net\/portal\/wp-content\/uploads\/2024\/08\/6-1-1024x569.jpg 1024w, https:\/\/www.eldiario.net\/portal\/wp-content\/uploads\/2024\/08\/6-1-768x427.jpg 768w, https:\/\/www.eldiario.net\/portal\/wp-content\/uploads\/2024\/08\/6-1-696x387.jpg 696w, https:\/\/www.eldiario.net\/portal\/wp-content\/uploads\/2024\/08\/6-1-1068x593.jpg 1068w, https:\/\/www.eldiario.net\/portal\/wp-content\/uploads\/2024\/08\/6-1.jpg 1118w\" sizes=\"(max-width: 756px) 100vw, 756px\" alt=\"\">\r\n                            <\/a>\r\n                            \r\n                        <\/figure>\r\n                    <\/div>\r\n                            <\/div>\r\n                        <\/div>\r\n\r\n                        <div class = \"td-doubleSlider-2\">\r\n                            <div class = \"td-slider\">\r\n                                \r\n                    <div class = \"td-button td-item1\">\r\n                        <div class = \"td-border\"><\/div>\r\n                    <\/div>\r\n                    <div class = \"td-button td-item2\">\r\n                        <div class = \"td-border\"><\/div>\r\n                    <\/div>\r\n                    <div class = \"td-button td-item3\">\r\n                        <div class = \"td-border\"><\/div>\r\n                    <\/div>\r\n                    <div class = \"td-button td-item4\">\r\n                        <div class = \"td-border\"><\/div>\r\n                    <\/div>\r\n                    <div class = \"td-button td-item5\">\r\n                        <div class = \"td-border\"><\/div>\r\n                    <\/div>\r\n                    <div class = \"td-button td-item6\">\r\n                        <div class = \"td-border\"><\/div>\r\n                    <\/div>\r\n                            <\/div>\r\n                        <\/div>\r\n\r\n                    <\/div>\r\n\r\n                <\/div>\r\n                \n","protected":false},"excerpt":{"rendered":"<p>El Mariachi Los Reales celebrar\u00e1 sus 30 a\u00f1os de vida art\u00edstica el jueves 15 de agosto en el concierto que brindar\u00e1 en el Teatro Municipal \u201cAlberto Saavedra P\u00e9rez\u201d, a partir de las 19:00 horas. \u201cFestejaremos compartiendo lo que hemos hecho en estos 30 a\u00f1os de m\u00fasica. En esta ocasi\u00f3n no tendremos invitados en escenario. El [&hellip;]<\/p>\n","protected":false},"author":1,"featured_media":240203,"comment_status":"open","ping_status":"open","sticky":false,"template":"","format":"standard","meta":{"_acf_changed":false,"footnotes":""},"categories":[41],"tags":[],"class_list":["post-240202","post","type-post","status-publish","format-standard","has-post-thumbnail","category-la-guia"],"acf":{"antetitulo":""},"yoast_head":"<!-- This site is optimized with the Yoast SEO plugin v28.3 - https:\/\/yoast.com\/product\/yoast-seo-wordpress\/ -->\n<title>Concierto por los 30 a\u00f1os del Mariachi Los Reales - El Diario - Bolivia<\/title>\n<meta name=\"robots\" content=\"index, follow, max-snippet:-1, max-image-preview:large, max-video-preview:-1\" \/>\n<link rel=\"canonical\" href=\"https:\/\/www.eldiario.net\/portal\/2024\/08\/12\/concierto-por-los-30-anos-del-mariachi-los-reales\/\" \/>\n<meta property=\"og:locale\" content=\"es_ES\" \/>\n<meta property=\"og:type\" content=\"article\" \/>\n<meta property=\"og:title\" content=\"Concierto por los 30 a\u00f1os del Mariachi Los Reales - El Diario - Bolivia\" \/>\n<meta property=\"og:description\" content=\"El Mariachi Los Reales celebrar\u00e1 sus 30 a\u00f1os de vida art\u00edstica el jueves 15 de agosto en el concierto que brindar\u00e1 en el Teatro Municipal \u201cAlberto Saavedra P\u00e9rez\u201d, a partir de las 19:00 horas. \u201cFestejaremos compartiendo lo que hemos hecho en estos 30 a\u00f1os de m\u00fasica. En esta ocasi\u00f3n no tendremos invitados en escenario. El [&hellip;]\" \/>\n<meta property=\"og:url\" content=\"https:\/\/www.eldiario.net\/portal\/2024\/08\/12\/concierto-por-los-30-anos-del-mariachi-los-reales\/\" \/>\n<meta property=\"og:site_name\" content=\"El Diario - Bolivia\" \/>\n<meta property=\"article:publisher\" content=\"https:\/\/www.facebook.com\/eldiario.bolivia\/\" \/>\n<meta property=\"article:published_time\" content=\"2024-08-12T10:04:42+00:00\" \/>\n<meta property=\"og:image\" content=\"https:\/\/www.eldiario.net\/portal\/wp-content\/uploads\/2024\/08\/1-PRINCIPAL-5.jpg\" \/>\n\t<meta property=\"og:image:width\" content=\"1200\" \/>\n\t<meta property=\"og:image:height\" content=\"581\" \/>\n\t<meta property=\"og:image:type\" content=\"image\/jpeg\" \/>\n<meta name=\"author\" content=\"Jeanette\" \/>\n<meta name=\"twitter:card\" content=\"summary_large_image\" \/>\n<meta name=\"twitter:creator\" content=\"@eldiario_net\" \/>\n<meta name=\"twitter:site\" content=\"@eldiario_net\" \/>\n<meta name=\"twitter:label1\" content=\"Escrito por\" \/>\n\t<meta name=\"twitter:data1\" content=\"Jeanette\" \/>\n\t<meta name=\"twitter:label2\" content=\"Tiempo de lectura\" \/>\n\t<meta name=\"twitter:data2\" content=\"5 minutos\" \/>\n<script type=\"application\/ld+json\" class=\"yoast-schema-graph\">{\"@context\":\"https:\\\/\\\/schema.org\",\"@graph\":[{\"@type\":\"Article\",\"@id\":\"https:\\\/\\\/www.eldiario.net\\\/portal\\\/2024\\\/08\\\/12\\\/concierto-por-los-30-anos-del-mariachi-los-reales\\\/#article\",\"isPartOf\":{\"@id\":\"https:\\\/\\\/www.eldiario.net\\\/portal\\\/2024\\\/08\\\/12\\\/concierto-por-los-30-anos-del-mariachi-los-reales\\\/\"},\"author\":{\"name\":\"Jeanette\",\"@id\":\"https:\\\/\\\/www.eldiario.net\\\/portal\\\/#\\\/schema\\\/person\\\/f46445640444750d7d753ccd04ae01b7\"},\"headline\":\"Concierto por los 30 a\u00f1os del Mariachi Los Reales\",\"datePublished\":\"2024-08-12T10:04:42+00:00\",\"mainEntityOfPage\":{\"@id\":\"https:\\\/\\\/www.eldiario.net\\\/portal\\\/2024\\\/08\\\/12\\\/concierto-por-los-30-anos-del-mariachi-los-reales\\\/\"},\"wordCount\":970,\"commentCount\":0,\"publisher\":{\"@id\":\"https:\\\/\\\/www.eldiario.net\\\/portal\\\/#organization\"},\"image\":{\"@id\":\"https:\\\/\\\/www.eldiario.net\\\/portal\\\/2024\\\/08\\\/12\\\/concierto-por-los-30-anos-del-mariachi-los-reales\\\/#primaryimage\"},\"thumbnailUrl\":\"https:\\\/\\\/www.eldiario.net\\\/portal\\\/wp-content\\\/uploads\\\/2024\\\/08\\\/1-PRINCIPAL-5.jpg\",\"articleSection\":[\"La Gu\u00eda\"],\"inLanguage\":\"es\",\"potentialAction\":[{\"@type\":\"CommentAction\",\"name\":\"Comment\",\"target\":[\"https:\\\/\\\/www.eldiario.net\\\/portal\\\/2024\\\/08\\\/12\\\/concierto-por-los-30-anos-del-mariachi-los-reales\\\/#respond\"]}]},{\"@type\":\"WebPage\",\"@id\":\"https:\\\/\\\/www.eldiario.net\\\/portal\\\/2024\\\/08\\\/12\\\/concierto-por-los-30-anos-del-mariachi-los-reales\\\/\",\"url\":\"https:\\\/\\\/www.eldiario.net\\\/portal\\\/2024\\\/08\\\/12\\\/concierto-por-los-30-anos-del-mariachi-los-reales\\\/\",\"name\":\"Concierto por los 30 a\u00f1os del Mariachi Los Reales - El Diario - Bolivia\",\"isPartOf\":{\"@id\":\"https:\\\/\\\/www.eldiario.net\\\/portal\\\/#website\"},\"primaryImageOfPage\":{\"@id\":\"https:\\\/\\\/www.eldiario.net\\\/portal\\\/2024\\\/08\\\/12\\\/concierto-por-los-30-anos-del-mariachi-los-reales\\\/#primaryimage\"},\"image\":{\"@id\":\"https:\\\/\\\/www.eldiario.net\\\/portal\\\/2024\\\/08\\\/12\\\/concierto-por-los-30-anos-del-mariachi-los-reales\\\/#primaryimage\"},\"thumbnailUrl\":\"https:\\\/\\\/www.eldiario.net\\\/portal\\\/wp-content\\\/uploads\\\/2024\\\/08\\\/1-PRINCIPAL-5.jpg\",\"datePublished\":\"2024-08-12T10:04:42+00:00\",\"breadcrumb\":{\"@id\":\"https:\\\/\\\/www.eldiario.net\\\/portal\\\/2024\\\/08\\\/12\\\/concierto-por-los-30-anos-del-mariachi-los-reales\\\/#breadcrumb\"},\"inLanguage\":\"es\",\"potentialAction\":[{\"@type\":\"ReadAction\",\"target\":[\"https:\\\/\\\/www.eldiario.net\\\/portal\\\/2024\\\/08\\\/12\\\/concierto-por-los-30-anos-del-mariachi-los-reales\\\/\"]}]},{\"@type\":\"ImageObject\",\"inLanguage\":\"es\",\"@id\":\"https:\\\/\\\/www.eldiario.net\\\/portal\\\/2024\\\/08\\\/12\\\/concierto-por-los-30-anos-del-mariachi-los-reales\\\/#primaryimage\",\"url\":\"https:\\\/\\\/www.eldiario.net\\\/portal\\\/wp-content\\\/uploads\\\/2024\\\/08\\\/1-PRINCIPAL-5.jpg\",\"contentUrl\":\"https:\\\/\\\/www.eldiario.net\\\/portal\\\/wp-content\\\/uploads\\\/2024\\\/08\\\/1-PRINCIPAL-5.jpg\",\"width\":1200,\"height\":581},{\"@type\":\"BreadcrumbList\",\"@id\":\"https:\\\/\\\/www.eldiario.net\\\/portal\\\/2024\\\/08\\\/12\\\/concierto-por-los-30-anos-del-mariachi-los-reales\\\/#breadcrumb\",\"itemListElement\":[{\"@type\":\"ListItem\",\"position\":1,\"name\":\"Portada\",\"item\":\"https:\\\/\\\/www.eldiario.net\\\/portal\\\/\"},{\"@type\":\"ListItem\",\"position\":2,\"name\":\"Concierto por los 30 a\u00f1os del Mariachi Los Reales\"}]},{\"@type\":\"WebSite\",\"@id\":\"https:\\\/\\\/www.eldiario.net\\\/portal\\\/#website\",\"url\":\"https:\\\/\\\/www.eldiario.net\\\/portal\\\/\",\"name\":\"El Diario - Decano de la prensa nacional\",\"description\":\"El Diario - Decano de la prensa nacional\",\"publisher\":{\"@id\":\"https:\\\/\\\/www.eldiario.net\\\/portal\\\/#organization\"},\"potentialAction\":[{\"@type\":\"SearchAction\",\"target\":{\"@type\":\"EntryPoint\",\"urlTemplate\":\"https:\\\/\\\/www.eldiario.net\\\/portal\\\/?s={search_term_string}\"},\"query-input\":{\"@type\":\"PropertyValueSpecification\",\"valueRequired\":true,\"valueName\":\"search_term_string\"}}],\"inLanguage\":\"es\"},{\"@type\":\"Organization\",\"@id\":\"https:\\\/\\\/www.eldiario.net\\\/portal\\\/#organization\",\"name\":\"El Diario - Decano de la prensa nacional\",\"url\":\"https:\\\/\\\/www.eldiario.net\\\/portal\\\/\",\"logo\":{\"@type\":\"ImageObject\",\"inLanguage\":\"es\",\"@id\":\"https:\\\/\\\/www.eldiario.net\\\/portal\\\/#\\\/schema\\\/logo\\\/image\\\/\",\"url\":\"https:\\\/\\\/www.eldiario.net\\\/portal\\\/wp-content\\\/uploads\\\/2023\\\/07\\\/logo_ED.jpg\",\"contentUrl\":\"https:\\\/\\\/www.eldiario.net\\\/portal\\\/wp-content\\\/uploads\\\/2023\\\/07\\\/logo_ED.jpg\",\"width\":272,\"height\":52,\"caption\":\"El Diario - Decano de la prensa nacional\"},\"image\":{\"@id\":\"https:\\\/\\\/www.eldiario.net\\\/portal\\\/#\\\/schema\\\/logo\\\/image\\\/\"},\"sameAs\":[\"https:\\\/\\\/www.facebook.com\\\/eldiario.bolivia\\\/\",\"https:\\\/\\\/x.com\\\/eldiario_net\"]},{\"@type\":\"Person\",\"@id\":\"https:\\\/\\\/www.eldiario.net\\\/portal\\\/#\\\/schema\\\/person\\\/f46445640444750d7d753ccd04ae01b7\",\"name\":\"Jeanette\",\"image\":{\"@type\":\"ImageObject\",\"inLanguage\":\"es\",\"@id\":\"https:\\\/\\\/secure.gravatar.com\\\/avatar\\\/3ea2118a5f7dad2b7138b1187a6b7ee55f160b9968b66013c3a3ef39dd7e5798?s=96&d=mm&r=g\",\"url\":\"https:\\\/\\\/secure.gravatar.com\\\/avatar\\\/3ea2118a5f7dad2b7138b1187a6b7ee55f160b9968b66013c3a3ef39dd7e5798?s=96&d=mm&r=g\",\"contentUrl\":\"https:\\\/\\\/secure.gravatar.com\\\/avatar\\\/3ea2118a5f7dad2b7138b1187a6b7ee55f160b9968b66013c3a3ef39dd7e5798?s=96&d=mm&r=g\",\"caption\":\"Jeanette\"},\"sameAs\":[\"https:\\\/\\\/www.eldiario.net\\\/portal\"],\"url\":\"https:\\\/\\\/www.eldiario.net\\\/portal\\\/author\\\/jeanette\\\/\"}]}<\/script>\n<!-- \/ Yoast SEO plugin. -->","yoast_head_json":{"title":"Concierto por los 30 a\u00f1os del Mariachi Los Reales - El Diario - Bolivia","robots":{"index":"index","follow":"follow","max-snippet":"max-snippet:-1","max-image-preview":"max-image-preview:large","max-video-preview":"max-video-preview:-1"},"canonical":"https:\/\/www.eldiario.net\/portal\/2024\/08\/12\/concierto-por-los-30-anos-del-mariachi-los-reales\/","og_locale":"es_ES","og_type":"article","og_title":"Concierto por los 30 a\u00f1os del Mariachi Los Reales - El Diario - Bolivia","og_description":"El Mariachi Los Reales celebrar\u00e1 sus 30 a\u00f1os de vida art\u00edstica el jueves 15 de agosto en el concierto que brindar\u00e1 en el Teatro Municipal \u201cAlberto Saavedra P\u00e9rez\u201d, a partir de las 19:00 horas. \u201cFestejaremos compartiendo lo que hemos hecho en estos 30 a\u00f1os de m\u00fasica. En esta ocasi\u00f3n no tendremos invitados en escenario. El [&hellip;]","og_url":"https:\/\/www.eldiario.net\/portal\/2024\/08\/12\/concierto-por-los-30-anos-del-mariachi-los-reales\/","og_site_name":"El Diario - Bolivia","article_publisher":"https:\/\/www.facebook.com\/eldiario.bolivia\/","article_published_time":"2024-08-12T10:04:42+00:00","og_image":[{"width":1200,"height":581,"url":"https:\/\/www.eldiario.net\/portal\/wp-content\/uploads\/2024\/08\/1-PRINCIPAL-5.jpg","type":"image\/jpeg"}],"author":"Jeanette","twitter_card":"summary_large_image","twitter_creator":"@eldiario_net","twitter_site":"@eldiario_net","twitter_misc":{"Escrito por":"Jeanette","Tiempo de lectura":"5 minutos"},"schema":{"@context":"https:\/\/schema.org","@graph":[{"@type":"Article","@id":"https:\/\/www.eldiario.net\/portal\/2024\/08\/12\/concierto-por-los-30-anos-del-mariachi-los-reales\/#article","isPartOf":{"@id":"https:\/\/www.eldiario.net\/portal\/2024\/08\/12\/concierto-por-los-30-anos-del-mariachi-los-reales\/"},"author":{"name":"Jeanette","@id":"https:\/\/www.eldiario.net\/portal\/#\/schema\/person\/f46445640444750d7d753ccd04ae01b7"},"headline":"Concierto por los 30 a\u00f1os del Mariachi Los Reales","datePublished":"2024-08-12T10:04:42+00:00","mainEntityOfPage":{"@id":"https:\/\/www.eldiario.net\/portal\/2024\/08\/12\/concierto-por-los-30-anos-del-mariachi-los-reales\/"},"wordCount":970,"commentCount":0,"publisher":{"@id":"https:\/\/www.eldiario.net\/portal\/#organization"},"image":{"@id":"https:\/\/www.eldiario.net\/portal\/2024\/08\/12\/concierto-por-los-30-anos-del-mariachi-los-reales\/#primaryimage"},"thumbnailUrl":"https:\/\/www.eldiario.net\/portal\/wp-content\/uploads\/2024\/08\/1-PRINCIPAL-5.jpg","articleSection":["La Gu\u00eda"],"inLanguage":"es","potentialAction":[{"@type":"CommentAction","name":"Comment","target":["https:\/\/www.eldiario.net\/portal\/2024\/08\/12\/concierto-por-los-30-anos-del-mariachi-los-reales\/#respond"]}]},{"@type":"WebPage","@id":"https:\/\/www.eldiario.net\/portal\/2024\/08\/12\/concierto-por-los-30-anos-del-mariachi-los-reales\/","url":"https:\/\/www.eldiario.net\/portal\/2024\/08\/12\/concierto-por-los-30-anos-del-mariachi-los-reales\/","name":"Concierto por los 30 a\u00f1os del Mariachi Los Reales - El Diario - Bolivia","isPartOf":{"@id":"https:\/\/www.eldiario.net\/portal\/#website"},"primaryImageOfPage":{"@id":"https:\/\/www.eldiario.net\/portal\/2024\/08\/12\/concierto-por-los-30-anos-del-mariachi-los-reales\/#primaryimage"},"image":{"@id":"https:\/\/www.eldiario.net\/portal\/2024\/08\/12\/concierto-por-los-30-anos-del-mariachi-los-reales\/#primaryimage"},"thumbnailUrl":"https:\/\/www.eldiario.net\/portal\/wp-content\/uploads\/2024\/08\/1-PRINCIPAL-5.jpg","datePublished":"2024-08-12T10:04:42+00:00","breadcrumb":{"@id":"https:\/\/www.eldiario.net\/portal\/2024\/08\/12\/concierto-por-los-30-anos-del-mariachi-los-reales\/#breadcrumb"},"inLanguage":"es","potentialAction":[{"@type":"ReadAction","target":["https:\/\/www.eldiario.net\/portal\/2024\/08\/12\/concierto-por-los-30-anos-del-mariachi-los-reales\/"]}]},{"@type":"ImageObject","inLanguage":"es","@id":"https:\/\/www.eldiario.net\/portal\/2024\/08\/12\/concierto-por-los-30-anos-del-mariachi-los-reales\/#primaryimage","url":"https:\/\/www.eldiario.net\/portal\/wp-content\/uploads\/2024\/08\/1-PRINCIPAL-5.jpg","contentUrl":"https:\/\/www.eldiario.net\/portal\/wp-content\/uploads\/2024\/08\/1-PRINCIPAL-5.jpg","width":1200,"height":581},{"@type":"BreadcrumbList","@id":"https:\/\/www.eldiario.net\/portal\/2024\/08\/12\/concierto-por-los-30-anos-del-mariachi-los-reales\/#breadcrumb","itemListElement":[{"@type":"ListItem","position":1,"name":"Portada","item":"https:\/\/www.eldiario.net\/portal\/"},{"@type":"ListItem","position":2,"name":"Concierto por los 30 a\u00f1os del Mariachi Los Reales"}]},{"@type":"WebSite","@id":"https:\/\/www.eldiario.net\/portal\/#website","url":"https:\/\/www.eldiario.net\/portal\/","name":"El Diario - Decano de la prensa nacional","description":"El Diario - Decano de la prensa nacional","publisher":{"@id":"https:\/\/www.eldiario.net\/portal\/#organization"},"potentialAction":[{"@type":"SearchAction","target":{"@type":"EntryPoint","urlTemplate":"https:\/\/www.eldiario.net\/portal\/?s={search_term_string}"},"query-input":{"@type":"PropertyValueSpecification","valueRequired":true,"valueName":"search_term_string"}}],"inLanguage":"es"},{"@type":"Organization","@id":"https:\/\/www.eldiario.net\/portal\/#organization","name":"El Diario - Decano de la prensa nacional","url":"https:\/\/www.eldiario.net\/portal\/","logo":{"@type":"ImageObject","inLanguage":"es","@id":"https:\/\/www.eldiario.net\/portal\/#\/schema\/logo\/image\/","url":"https:\/\/www.eldiario.net\/portal\/wp-content\/uploads\/2023\/07\/logo_ED.jpg","contentUrl":"https:\/\/www.eldiario.net\/portal\/wp-content\/uploads\/2023\/07\/logo_ED.jpg","width":272,"height":52,"caption":"El Diario - Decano de la prensa nacional"},"image":{"@id":"https:\/\/www.eldiario.net\/portal\/#\/schema\/logo\/image\/"},"sameAs":["https:\/\/www.facebook.com\/eldiario.bolivia\/","https:\/\/x.com\/eldiario_net"]},{"@type":"Person","@id":"https:\/\/www.eldiario.net\/portal\/#\/schema\/person\/f46445640444750d7d753ccd04ae01b7","name":"Jeanette","image":{"@type":"ImageObject","inLanguage":"es","@id":"https:\/\/secure.gravatar.com\/avatar\/3ea2118a5f7dad2b7138b1187a6b7ee55f160b9968b66013c3a3ef39dd7e5798?s=96&d=mm&r=g","url":"https:\/\/secure.gravatar.com\/avatar\/3ea2118a5f7dad2b7138b1187a6b7ee55f160b9968b66013c3a3ef39dd7e5798?s=96&d=mm&r=g","contentUrl":"https:\/\/secure.gravatar.com\/avatar\/3ea2118a5f7dad2b7138b1187a6b7ee55f160b9968b66013c3a3ef39dd7e5798?s=96&d=mm&r=g","caption":"Jeanette"},"sameAs":["https:\/\/www.eldiario.net\/portal"],"url":"https:\/\/www.eldiario.net\/portal\/author\/jeanette\/"}]}},"_links":{"self":[{"href":"https:\/\/www.eldiario.net\/portal\/wp-json\/wp\/v2\/posts\/240202","targetHints":{"allow":["GET"]}}],"collection":[{"href":"https:\/\/www.eldiario.net\/portal\/wp-json\/wp\/v2\/posts"}],"about":[{"href":"https:\/\/www.eldiario.net\/portal\/wp-json\/wp\/v2\/types\/post"}],"author":[{"embeddable":true,"href":"https:\/\/www.eldiario.net\/portal\/wp-json\/wp\/v2\/users\/1"}],"replies":[{"embeddable":true,"href":"https:\/\/www.eldiario.net\/portal\/wp-json\/wp\/v2\/comments?post=240202"}],"version-history":[{"count":1,"href":"https:\/\/www.eldiario.net\/portal\/wp-json\/wp\/v2\/posts\/240202\/revisions"}],"predecessor-version":[{"id":240209,"href":"https:\/\/www.eldiario.net\/portal\/wp-json\/wp\/v2\/posts\/240202\/revisions\/240209"}],"wp:featuredmedia":[{"embeddable":true,"href":"https:\/\/www.eldiario.net\/portal\/wp-json\/wp\/v2\/media\/240203"}],"wp:attachment":[{"href":"https:\/\/www.eldiario.net\/portal\/wp-json\/wp\/v2\/media?parent=240202"}],"wp:term":[{"taxonomy":"category","embeddable":true,"href":"https:\/\/www.eldiario.net\/portal\/wp-json\/wp\/v2\/categories?post=240202"},{"taxonomy":"post_tag","embeddable":true,"href":"https:\/\/www.eldiario.net\/portal\/wp-json\/wp\/v2\/tags?post=240202"}],"curies":[{"name":"wp","href":"https:\/\/api.w.org\/{rel}","templated":true}]}}