{"id":239802,"date":"2024-08-10T07:17:58","date_gmt":"2024-08-10T11:17:58","guid":{"rendered":"https:\/\/www.eldiario.net\/portal\/?p=239802"},"modified":"2024-08-10T07:17:58","modified_gmt":"2024-08-10T11:17:58","slug":"garibay-dejare-todo-por-mi-pais","status":"publish","type":"post","link":"https:\/\/www.eldiario.net\/portal\/2024\/08\/10\/garibay-dejare-todo-por-mi-pais\/","title":{"rendered":"GARIBAY: \u00abdejar\u00e9 todo por mi pa\u00eds\u00bb"},"content":{"rendered":"<p>Lleg\u00f3 la hora. El fondista orure\u00f1o, H\u00e9ctor Garibay arrancar\u00e1 la competencia de su vida al presentarse en la Marat\u00f3n de los Juegos Ol\u00edmpicos, este s\u00e1bado, desde las 02:00 HB. Ser\u00e1 el \u00faltimo atleta boliviano en presentarse en la cita ol\u00edmpica luego de los pasos de Esteban N\u00fa\u00f1ez, Guadalupe Torrez y Mar\u00eda Jos\u00e9 Ribera.<br \/>\nEl maratonista nacional fue el \u00fanico del pa\u00eds en clasificarse a los Juegos Ol\u00edmpicos por la marca m\u00ednima. Una haza\u00f1a hoy en d\u00eda, ya que las pruebas clasificatorias a los JJOO son cada vez m\u00e1s exigentes.<br \/>\nGaribay se clasific\u00f3 con un tiempo de dos horas, siete minutos y 44 segundos (2h07\u201944\u201d), prueba hecha en M\u00e9xico. Las expectativas son muchas, de tal manera que el orure\u00f1o de 36 a\u00f1os tiene la misi\u00f3n de brindar un buen papel en la cita mundial.<br \/>\nLOS RIVALES<br \/>\nEl boliviano tendr\u00e1 a varios rivales de alto nivel. Varios de ellos con grandes logros en esta rama. Cabe a\u00f1adir que a partir de ah\u00ed se puede esperar que no ser\u00e1 nada f\u00e1cil para Garibay.<br \/>\nEl ganador de la marat\u00f3n en las dos \u00faltimas ediciones de los Juegos Ol\u00edmpicos fue el keniano Eliud Kipchoge, que en R\u00edo 2016 hizo un tiempo de 2h08\u201944\u201d y en Tokio 2020 par\u00f3 el cron\u00f3metro en 2h08\u201938\u201d.<br \/>\nPero el mejor tiempo de Eliud Kipchoge para la marat\u00f3n es de 2h01\u201909\u201d, marca que impuso el 25 de septiembre de 2022, en la Marat\u00f3n de Berl\u00edn.<br \/>\nEliud Kipchoge competir\u00e1 en Par\u00eds 2024 buscando su tercera medalla de oro consecutiva en la marat\u00f3n.<br \/>\nEl r\u00e9cord ol\u00edmpico en esta competencia de 42.195 metros est\u00e1 en poder de Samuel Kamau Wanjiru, con 2h06\u201932\u201d, realiz\u00f3 el 23 de agosto de 2008 en Pek\u00edn. El keniano ya no compite y no est\u00e1 presente en Par\u00eds 2024.<br \/>\nEl r\u00e9cord mundial fue logrado por el keniano Kelvin Kiptum, el 7 de octubre de 2023, en Chicago, donde par\u00f3 el cron\u00f3metro en 2h00\u201935\u201d. Kiptum tampoco tomar\u00e1 parte en la marat\u00f3n de Par\u00eds, debido a que perdi\u00f3 la vida en febrero de este a\u00f1o en un accidente de tr\u00e1nsito.<br \/>\nEL N\u00daMERO<br \/>\nGaribay tendr\u00e1 el dorsal 404. El boliviano est\u00e1 en el puesto 53 a nivel mundial, dentro de los inscritos a la prueba de la Marat\u00f3n. Su tiempo es el tercero en cuanto a los latinos, ya que Christian Pacheco, de Per\u00fa (2:07:38) y Alberto Gonzalez de Panam\u00e1 (2:07:40), llevan mejores marcas que el orure\u00f1o.<br \/>\n\u201cDEJAR\u00c9 TODO POR MI PA\u00cdS\u201d<br \/>\n\u201cLleg\u00f3 el d\u00eda, dejar\u00e9 todo por mi pa\u00eds, me prepar\u00e9 para esto\u2026 Ser\u00e1 la marat\u00f3n de mi vida\u2026\u201d, expres\u00f3 el fondista H\u00e9ctor Garibay antes de dormir anoche en Par\u00eds. El orure\u00f1o pas\u00f3 por una ola de cr\u00edticas por su tard\u00eda llegada a la sede del evento.<br \/>\nGaribay perdi\u00f3 la conexi\u00f3n del vuelo que lo llevar\u00eda a Par\u00eds el jueves, en Bogot\u00e1 (Colombia), donde tuvo que entrenarse para no perder forma.<br \/>\nJavier Mej\u00eda, jefe de la delegaci\u00f3n boliviana en Par\u00eds, hab\u00eda explicado: \u201cPor lo que pudimos conocer del grupo t\u00e9cnico que acompa\u00f1a a H\u00e9ctor Garibay, nos afirmaron que perdieron el vuelo a Par\u00eds. H\u00e9ctor necesita una alimentaci\u00f3n especial en un restaurante del aeropuerto; sin embargo, no se percataron de la proximidad del vuelo y llegaron un poco atrasados a la puerta de embarque; no les permitieron subir a la nave\u201d.<br \/>\nYa todo superado, Garibay se encuentra motivado por la prueba. \u201cLo importante es que yo voy a estar en el punto de partida, nadie va a correr por m\u00ed, entonces todo depende de m\u00ed. Demostrar de qu\u00e9 estoy hecho y demostrar todos los entrenamientos que he tenido. En una marat\u00f3n como esta, que es un deporte individual, empiezo yo y tengo que terminar yo\u201d.<\/p>\n\r\n                <style type=\"text\/css\">\r\n                    \r\n                    #tdi_1  .td-doubleSlider-2 .td-item1 {\r\n                        background: url(https:\/\/www.eldiario.net\/portal\/wp-content\/uploads\/2024\/08\/foto-2-1-80x60.jpg) 0 0 no-repeat;\r\n                    }\r\n                    #tdi_1  .td-doubleSlider-2 .td-item2 {\r\n                        background: url(https:\/\/www.eldiario.net\/portal\/wp-content\/uploads\/2024\/08\/garibay-80x60.jpg) 0 0 no-repeat;\r\n                    }\r\n                    #tdi_1  .td-doubleSlider-2 .td-item3 {\r\n                        background: url(https:\/\/www.eldiario.net\/portal\/wp-content\/uploads\/2024\/08\/MAPA-80x60.jpg) 0 0 no-repeat;\r\n                    }\r\n                <\/style>\r\n\r\n                <div id=\"tdi_1\" class=\"td-gallery td-slide-on-2-columns\">\r\n                    <div class=\"post_td_gallery\">\r\n                        <div class=\"td-gallery-slide-top\">\r\n                           <div class=\"td-gallery-title\"><\/div>\r\n\r\n                            <div class=\"td-gallery-controls-wrapper\">\r\n                                <div class=\"td-gallery-slide-count\"><span class=\"td-gallery-slide-item-focus\">1<\/span> de 3<\/div>\r\n                                <div class=\"td-gallery-slide-prev-next-but\">\r\n                                    <i class = \"td-icon-left doubleSliderPrevButton\"><\/i>\r\n                                    <i class = \"td-icon-right doubleSliderNextButton\"><\/i>\r\n                                <\/div>\r\n                            <\/div>\r\n                        <\/div>\r\n\r\n                        <div class = \"td-doubleSlider-1 \">\r\n                            <div class = \"td-slider\">\r\n                                \r\n                    <div class = \"td-slide-item td-item1\">\r\n                        <figure class=\"td-slide-galery-figure td-slide-popup-gallery\">\r\n                            <a class=\"slide-gallery-image-link\" href=\"https:\/\/www.eldiario.net\/portal\/wp-content\/uploads\/2024\/08\/foto-2-1.jpg\" title=\"foto-2\"  data-caption=\"\"  data-description=\"\">\r\n                                <img decoding=\"async\" src=\"https:\/\/www.eldiario.net\/portal\/wp-content\/uploads\/2024\/08\/foto-2-1.jpg\" srcset=\"https:\/\/www.eldiario.net\/portal\/wp-content\/uploads\/2024\/08\/foto-2-1.jpg 720w, https:\/\/www.eldiario.net\/portal\/wp-content\/uploads\/2024\/08\/foto-2-1-300x168.jpg 300w, https:\/\/www.eldiario.net\/portal\/wp-content\/uploads\/2024\/08\/foto-2-1-696x391.jpg 696w\" sizes=\"(max-width: 720px) 100vw, 720px\" alt=\"\">\r\n                            <\/a>\r\n                            \r\n                        <\/figure>\r\n                    <\/div>\r\n                    <div class = \"td-slide-item td-item2\">\r\n                        <figure class=\"td-slide-galery-figure td-slide-popup-gallery\">\r\n                            <a class=\"slide-gallery-image-link\" href=\"https:\/\/www.eldiario.net\/portal\/wp-content\/uploads\/2024\/08\/garibay.jpg\" title=\"garibay\"  data-caption=\"\"  data-description=\"\">\r\n                                <img decoding=\"async\" src=\"https:\/\/www.eldiario.net\/portal\/wp-content\/uploads\/2024\/08\/garibay-487x420.jpg\" srcset=\"https:\/\/www.eldiario.net\/portal\/wp-content\/uploads\/2024\/08\/garibay-487x420.jpg 487w, https:\/\/www.eldiario.net\/portal\/wp-content\/uploads\/2024\/08\/garibay-300x259.jpg 300w, https:\/\/www.eldiario.net\/portal\/wp-content\/uploads\/2024\/08\/garibay-1024x883.jpg 1024w, https:\/\/www.eldiario.net\/portal\/wp-content\/uploads\/2024\/08\/garibay-768x662.jpg 768w, https:\/\/www.eldiario.net\/portal\/wp-content\/uploads\/2024\/08\/garibay-696x600.jpg 696w, https:\/\/www.eldiario.net\/portal\/wp-content\/uploads\/2024\/08\/garibay-1068x921.jpg 1068w, https:\/\/www.eldiario.net\/portal\/wp-content\/uploads\/2024\/08\/garibay.jpg 1170w\" sizes=\"(max-width: 487px) 100vw, 487px\" alt=\"\">\r\n                            <\/a>\r\n                            \r\n                        <\/figure>\r\n                    <\/div>\r\n                    <div class = \"td-slide-item td-item3\">\r\n                        <figure class=\"td-slide-galery-figure td-slide-popup-gallery\">\r\n                            <a class=\"slide-gallery-image-link\" href=\"https:\/\/www.eldiario.net\/portal\/wp-content\/uploads\/2024\/08\/MAPA.jpg\" title=\"MAPA\"  data-caption=\"\"  data-description=\"\">\r\n                                <img decoding=\"async\" src=\"https:\/\/www.eldiario.net\/portal\/wp-content\/uploads\/2024\/08\/MAPA-743x420.jpg\" srcset=\"https:\/\/www.eldiario.net\/portal\/wp-content\/uploads\/2024\/08\/MAPA-743x420.jpg 743w, https:\/\/www.eldiario.net\/portal\/wp-content\/uploads\/2024\/08\/MAPA-300x170.jpg 300w, https:\/\/www.eldiario.net\/portal\/wp-content\/uploads\/2024\/08\/MAPA-1024x579.jpg 1024w, https:\/\/www.eldiario.net\/portal\/wp-content\/uploads\/2024\/08\/MAPA-768x434.jpg 768w, https:\/\/www.eldiario.net\/portal\/wp-content\/uploads\/2024\/08\/MAPA-696x393.jpg 696w, https:\/\/www.eldiario.net\/portal\/wp-content\/uploads\/2024\/08\/MAPA-1068x604.jpg 1068w, https:\/\/www.eldiario.net\/portal\/wp-content\/uploads\/2024\/08\/MAPA.jpg 1251w\" sizes=\"(max-width: 743px) 100vw, 743px\" alt=\"\">\r\n                            <\/a>\r\n                            \r\n                        <\/figure>\r\n                    <\/div>\r\n                            <\/div>\r\n                        <\/div>\r\n\r\n                        <div class = \"td-doubleSlider-2\">\r\n                            <div class = \"td-slider\">\r\n                                \r\n                    <div class = \"td-button td-item1\">\r\n                        <div class = \"td-border\"><\/div>\r\n                    <\/div>\r\n                    <div class = \"td-button td-item2\">\r\n                        <div class = \"td-border\"><\/div>\r\n                    <\/div>\r\n                    <div class = \"td-button td-item3\">\r\n                        <div class = \"td-border\"><\/div>\r\n                    <\/div>\r\n                            <\/div>\r\n                        <\/div>\r\n\r\n                    <\/div>\r\n\r\n                <\/div>\r\n                \n","protected":false},"excerpt":{"rendered":"<p>Lleg\u00f3 la hora. El fondista orure\u00f1o, H\u00e9ctor Garibay arrancar\u00e1 la competencia de su vida al presentarse en la Marat\u00f3n de los Juegos Ol\u00edmpicos, este s\u00e1bado, desde las 02:00 HB. Ser\u00e1 el \u00faltimo atleta boliviano en presentarse en la cita ol\u00edmpica luego de los pasos de Esteban N\u00fa\u00f1ez, Guadalupe Torrez y Mar\u00eda Jos\u00e9 Ribera. El maratonista [&hellip;]<\/p>\n","protected":false},"author":1,"featured_media":239804,"comment_status":"open","ping_status":"open","sticky":false,"template":"","format":"standard","meta":{"_acf_changed":false,"footnotes":""},"categories":[6,54],"tags":[],"class_list":["post-239802","post","type-post","status-publish","format-standard","has-post-thumbnail","category-deportes","category-olimpiadas-paris-2024"],"acf":{"antetitulo":""},"yoast_head":"<!-- This site is optimized with the Yoast SEO plugin v28.3 - https:\/\/yoast.com\/product\/yoast-seo-wordpress\/ -->\n<title>GARIBAY: &quot;dejar\u00e9 todo por mi pa\u00eds&quot; - El Diario - Bolivia<\/title>\n<meta name=\"robots\" content=\"index, follow, max-snippet:-1, max-image-preview:large, max-video-preview:-1\" \/>\n<link rel=\"canonical\" href=\"https:\/\/www.eldiario.net\/portal\/2024\/08\/10\/garibay-dejare-todo-por-mi-pais\/\" \/>\n<meta property=\"og:locale\" content=\"es_ES\" \/>\n<meta property=\"og:type\" content=\"article\" \/>\n<meta property=\"og:title\" content=\"GARIBAY: &quot;dejar\u00e9 todo por mi pa\u00eds&quot; - El Diario - Bolivia\" \/>\n<meta property=\"og:description\" content=\"Lleg\u00f3 la hora. El fondista orure\u00f1o, H\u00e9ctor Garibay arrancar\u00e1 la competencia de su vida al presentarse en la Marat\u00f3n de los Juegos Ol\u00edmpicos, este s\u00e1bado, desde las 02:00 HB. Ser\u00e1 el \u00faltimo atleta boliviano en presentarse en la cita ol\u00edmpica luego de los pasos de Esteban N\u00fa\u00f1ez, Guadalupe Torrez y Mar\u00eda Jos\u00e9 Ribera. El maratonista [&hellip;]\" \/>\n<meta property=\"og:url\" content=\"https:\/\/www.eldiario.net\/portal\/2024\/08\/10\/garibay-dejare-todo-por-mi-pais\/\" \/>\n<meta property=\"og:site_name\" content=\"El Diario - Bolivia\" \/>\n<meta property=\"article:publisher\" content=\"https:\/\/www.facebook.com\/eldiario.bolivia\/\" \/>\n<meta property=\"article:published_time\" content=\"2024-08-10T11:17:58+00:00\" \/>\n<meta property=\"og:image\" content=\"https:\/\/www.eldiario.net\/portal\/wp-content\/uploads\/2024\/08\/garibay.jpg\" \/>\n\t<meta property=\"og:image:width\" content=\"1170\" \/>\n\t<meta property=\"og:image:height\" content=\"1009\" \/>\n\t<meta property=\"og:image:type\" content=\"image\/jpeg\" \/>\n<meta name=\"author\" content=\"Jeanette\" \/>\n<meta name=\"twitter:card\" content=\"summary_large_image\" \/>\n<meta name=\"twitter:creator\" content=\"@eldiario_net\" \/>\n<meta name=\"twitter:site\" content=\"@eldiario_net\" \/>\n<meta name=\"twitter:label1\" content=\"Escrito por\" \/>\n\t<meta name=\"twitter:data1\" content=\"Jeanette\" \/>\n\t<meta name=\"twitter:label2\" content=\"Tiempo de lectura\" \/>\n\t<meta name=\"twitter:data2\" content=\"3 minutos\" \/>\n<script type=\"application\/ld+json\" class=\"yoast-schema-graph\">{\"@context\":\"https:\\\/\\\/schema.org\",\"@graph\":[{\"@type\":\"Article\",\"@id\":\"https:\\\/\\\/www.eldiario.net\\\/portal\\\/2024\\\/08\\\/10\\\/garibay-dejare-todo-por-mi-pais\\\/#article\",\"isPartOf\":{\"@id\":\"https:\\\/\\\/www.eldiario.net\\\/portal\\\/2024\\\/08\\\/10\\\/garibay-dejare-todo-por-mi-pais\\\/\"},\"author\":{\"name\":\"Jeanette\",\"@id\":\"https:\\\/\\\/www.eldiario.net\\\/portal\\\/#\\\/schema\\\/person\\\/f46445640444750d7d753ccd04ae01b7\"},\"headline\":\"GARIBAY: \u00abdejar\u00e9 todo por mi pa\u00eds\u00bb\",\"datePublished\":\"2024-08-10T11:17:58+00:00\",\"mainEntityOfPage\":{\"@id\":\"https:\\\/\\\/www.eldiario.net\\\/portal\\\/2024\\\/08\\\/10\\\/garibay-dejare-todo-por-mi-pais\\\/\"},\"wordCount\":665,\"commentCount\":0,\"publisher\":{\"@id\":\"https:\\\/\\\/www.eldiario.net\\\/portal\\\/#organization\"},\"image\":{\"@id\":\"https:\\\/\\\/www.eldiario.net\\\/portal\\\/2024\\\/08\\\/10\\\/garibay-dejare-todo-por-mi-pais\\\/#primaryimage\"},\"thumbnailUrl\":\"https:\\\/\\\/www.eldiario.net\\\/portal\\\/wp-content\\\/uploads\\\/2024\\\/08\\\/garibay.jpg\",\"articleSection\":[\"Deportes\",\"Olimpiadas Paris 2024\"],\"inLanguage\":\"es\",\"potentialAction\":[{\"@type\":\"CommentAction\",\"name\":\"Comment\",\"target\":[\"https:\\\/\\\/www.eldiario.net\\\/portal\\\/2024\\\/08\\\/10\\\/garibay-dejare-todo-por-mi-pais\\\/#respond\"]}]},{\"@type\":\"WebPage\",\"@id\":\"https:\\\/\\\/www.eldiario.net\\\/portal\\\/2024\\\/08\\\/10\\\/garibay-dejare-todo-por-mi-pais\\\/\",\"url\":\"https:\\\/\\\/www.eldiario.net\\\/portal\\\/2024\\\/08\\\/10\\\/garibay-dejare-todo-por-mi-pais\\\/\",\"name\":\"GARIBAY: \\\"dejar\u00e9 todo por mi pa\u00eds\\\" - El Diario - Bolivia\",\"isPartOf\":{\"@id\":\"https:\\\/\\\/www.eldiario.net\\\/portal\\\/#website\"},\"primaryImageOfPage\":{\"@id\":\"https:\\\/\\\/www.eldiario.net\\\/portal\\\/2024\\\/08\\\/10\\\/garibay-dejare-todo-por-mi-pais\\\/#primaryimage\"},\"image\":{\"@id\":\"https:\\\/\\\/www.eldiario.net\\\/portal\\\/2024\\\/08\\\/10\\\/garibay-dejare-todo-por-mi-pais\\\/#primaryimage\"},\"thumbnailUrl\":\"https:\\\/\\\/www.eldiario.net\\\/portal\\\/wp-content\\\/uploads\\\/2024\\\/08\\\/garibay.jpg\",\"datePublished\":\"2024-08-10T11:17:58+00:00\",\"breadcrumb\":{\"@id\":\"https:\\\/\\\/www.eldiario.net\\\/portal\\\/2024\\\/08\\\/10\\\/garibay-dejare-todo-por-mi-pais\\\/#breadcrumb\"},\"inLanguage\":\"es\",\"potentialAction\":[{\"@type\":\"ReadAction\",\"target\":[\"https:\\\/\\\/www.eldiario.net\\\/portal\\\/2024\\\/08\\\/10\\\/garibay-dejare-todo-por-mi-pais\\\/\"]}]},{\"@type\":\"ImageObject\",\"inLanguage\":\"es\",\"@id\":\"https:\\\/\\\/www.eldiario.net\\\/portal\\\/2024\\\/08\\\/10\\\/garibay-dejare-todo-por-mi-pais\\\/#primaryimage\",\"url\":\"https:\\\/\\\/www.eldiario.net\\\/portal\\\/wp-content\\\/uploads\\\/2024\\\/08\\\/garibay.jpg\",\"contentUrl\":\"https:\\\/\\\/www.eldiario.net\\\/portal\\\/wp-content\\\/uploads\\\/2024\\\/08\\\/garibay.jpg\",\"width\":1170,\"height\":1009},{\"@type\":\"BreadcrumbList\",\"@id\":\"https:\\\/\\\/www.eldiario.net\\\/portal\\\/2024\\\/08\\\/10\\\/garibay-dejare-todo-por-mi-pais\\\/#breadcrumb\",\"itemListElement\":[{\"@type\":\"ListItem\",\"position\":1,\"name\":\"Portada\",\"item\":\"https:\\\/\\\/www.eldiario.net\\\/portal\\\/\"},{\"@type\":\"ListItem\",\"position\":2,\"name\":\"GARIBAY: \u00abdejar\u00e9 todo por mi pa\u00eds\u00bb\"}]},{\"@type\":\"WebSite\",\"@id\":\"https:\\\/\\\/www.eldiario.net\\\/portal\\\/#website\",\"url\":\"https:\\\/\\\/www.eldiario.net\\\/portal\\\/\",\"name\":\"El Diario - Decano de la prensa nacional\",\"description\":\"El Diario - Decano de la prensa nacional\",\"publisher\":{\"@id\":\"https:\\\/\\\/www.eldiario.net\\\/portal\\\/#organization\"},\"potentialAction\":[{\"@type\":\"SearchAction\",\"target\":{\"@type\":\"EntryPoint\",\"urlTemplate\":\"https:\\\/\\\/www.eldiario.net\\\/portal\\\/?s={search_term_string}\"},\"query-input\":{\"@type\":\"PropertyValueSpecification\",\"valueRequired\":true,\"valueName\":\"search_term_string\"}}],\"inLanguage\":\"es\"},{\"@type\":\"Organization\",\"@id\":\"https:\\\/\\\/www.eldiario.net\\\/portal\\\/#organization\",\"name\":\"El Diario - Decano de la prensa nacional\",\"url\":\"https:\\\/\\\/www.eldiario.net\\\/portal\\\/\",\"logo\":{\"@type\":\"ImageObject\",\"inLanguage\":\"es\",\"@id\":\"https:\\\/\\\/www.eldiario.net\\\/portal\\\/#\\\/schema\\\/logo\\\/image\\\/\",\"url\":\"https:\\\/\\\/www.eldiario.net\\\/portal\\\/wp-content\\\/uploads\\\/2023\\\/07\\\/logo_ED.jpg\",\"contentUrl\":\"https:\\\/\\\/www.eldiario.net\\\/portal\\\/wp-content\\\/uploads\\\/2023\\\/07\\\/logo_ED.jpg\",\"width\":272,\"height\":52,\"caption\":\"El Diario - Decano de la prensa nacional\"},\"image\":{\"@id\":\"https:\\\/\\\/www.eldiario.net\\\/portal\\\/#\\\/schema\\\/logo\\\/image\\\/\"},\"sameAs\":[\"https:\\\/\\\/www.facebook.com\\\/eldiario.bolivia\\\/\",\"https:\\\/\\\/x.com\\\/eldiario_net\"]},{\"@type\":\"Person\",\"@id\":\"https:\\\/\\\/www.eldiario.net\\\/portal\\\/#\\\/schema\\\/person\\\/f46445640444750d7d753ccd04ae01b7\",\"name\":\"Jeanette\",\"image\":{\"@type\":\"ImageObject\",\"inLanguage\":\"es\",\"@id\":\"https:\\\/\\\/secure.gravatar.com\\\/avatar\\\/3ea2118a5f7dad2b7138b1187a6b7ee55f160b9968b66013c3a3ef39dd7e5798?s=96&d=mm&r=g\",\"url\":\"https:\\\/\\\/secure.gravatar.com\\\/avatar\\\/3ea2118a5f7dad2b7138b1187a6b7ee55f160b9968b66013c3a3ef39dd7e5798?s=96&d=mm&r=g\",\"contentUrl\":\"https:\\\/\\\/secure.gravatar.com\\\/avatar\\\/3ea2118a5f7dad2b7138b1187a6b7ee55f160b9968b66013c3a3ef39dd7e5798?s=96&d=mm&r=g\",\"caption\":\"Jeanette\"},\"sameAs\":[\"https:\\\/\\\/www.eldiario.net\\\/portal\"],\"url\":\"https:\\\/\\\/www.eldiario.net\\\/portal\\\/author\\\/jeanette\\\/\"}]}<\/script>\n<!-- \/ Yoast SEO plugin. -->","yoast_head_json":{"title":"GARIBAY: \"dejar\u00e9 todo por mi pa\u00eds\" - El Diario - Bolivia","robots":{"index":"index","follow":"follow","max-snippet":"max-snippet:-1","max-image-preview":"max-image-preview:large","max-video-preview":"max-video-preview:-1"},"canonical":"https:\/\/www.eldiario.net\/portal\/2024\/08\/10\/garibay-dejare-todo-por-mi-pais\/","og_locale":"es_ES","og_type":"article","og_title":"GARIBAY: \"dejar\u00e9 todo por mi pa\u00eds\" - El Diario - Bolivia","og_description":"Lleg\u00f3 la hora. El fondista orure\u00f1o, H\u00e9ctor Garibay arrancar\u00e1 la competencia de su vida al presentarse en la Marat\u00f3n de los Juegos Ol\u00edmpicos, este s\u00e1bado, desde las 02:00 HB. Ser\u00e1 el \u00faltimo atleta boliviano en presentarse en la cita ol\u00edmpica luego de los pasos de Esteban N\u00fa\u00f1ez, Guadalupe Torrez y Mar\u00eda Jos\u00e9 Ribera. El maratonista [&hellip;]","og_url":"https:\/\/www.eldiario.net\/portal\/2024\/08\/10\/garibay-dejare-todo-por-mi-pais\/","og_site_name":"El Diario - Bolivia","article_publisher":"https:\/\/www.facebook.com\/eldiario.bolivia\/","article_published_time":"2024-08-10T11:17:58+00:00","og_image":[{"width":1170,"height":1009,"url":"https:\/\/www.eldiario.net\/portal\/wp-content\/uploads\/2024\/08\/garibay.jpg","type":"image\/jpeg"}],"author":"Jeanette","twitter_card":"summary_large_image","twitter_creator":"@eldiario_net","twitter_site":"@eldiario_net","twitter_misc":{"Escrito por":"Jeanette","Tiempo de lectura":"3 minutos"},"schema":{"@context":"https:\/\/schema.org","@graph":[{"@type":"Article","@id":"https:\/\/www.eldiario.net\/portal\/2024\/08\/10\/garibay-dejare-todo-por-mi-pais\/#article","isPartOf":{"@id":"https:\/\/www.eldiario.net\/portal\/2024\/08\/10\/garibay-dejare-todo-por-mi-pais\/"},"author":{"name":"Jeanette","@id":"https:\/\/www.eldiario.net\/portal\/#\/schema\/person\/f46445640444750d7d753ccd04ae01b7"},"headline":"GARIBAY: \u00abdejar\u00e9 todo por mi pa\u00eds\u00bb","datePublished":"2024-08-10T11:17:58+00:00","mainEntityOfPage":{"@id":"https:\/\/www.eldiario.net\/portal\/2024\/08\/10\/garibay-dejare-todo-por-mi-pais\/"},"wordCount":665,"commentCount":0,"publisher":{"@id":"https:\/\/www.eldiario.net\/portal\/#organization"},"image":{"@id":"https:\/\/www.eldiario.net\/portal\/2024\/08\/10\/garibay-dejare-todo-por-mi-pais\/#primaryimage"},"thumbnailUrl":"https:\/\/www.eldiario.net\/portal\/wp-content\/uploads\/2024\/08\/garibay.jpg","articleSection":["Deportes","Olimpiadas Paris 2024"],"inLanguage":"es","potentialAction":[{"@type":"CommentAction","name":"Comment","target":["https:\/\/www.eldiario.net\/portal\/2024\/08\/10\/garibay-dejare-todo-por-mi-pais\/#respond"]}]},{"@type":"WebPage","@id":"https:\/\/www.eldiario.net\/portal\/2024\/08\/10\/garibay-dejare-todo-por-mi-pais\/","url":"https:\/\/www.eldiario.net\/portal\/2024\/08\/10\/garibay-dejare-todo-por-mi-pais\/","name":"GARIBAY: \"dejar\u00e9 todo por mi pa\u00eds\" - El Diario - Bolivia","isPartOf":{"@id":"https:\/\/www.eldiario.net\/portal\/#website"},"primaryImageOfPage":{"@id":"https:\/\/www.eldiario.net\/portal\/2024\/08\/10\/garibay-dejare-todo-por-mi-pais\/#primaryimage"},"image":{"@id":"https:\/\/www.eldiario.net\/portal\/2024\/08\/10\/garibay-dejare-todo-por-mi-pais\/#primaryimage"},"thumbnailUrl":"https:\/\/www.eldiario.net\/portal\/wp-content\/uploads\/2024\/08\/garibay.jpg","datePublished":"2024-08-10T11:17:58+00:00","breadcrumb":{"@id":"https:\/\/www.eldiario.net\/portal\/2024\/08\/10\/garibay-dejare-todo-por-mi-pais\/#breadcrumb"},"inLanguage":"es","potentialAction":[{"@type":"ReadAction","target":["https:\/\/www.eldiario.net\/portal\/2024\/08\/10\/garibay-dejare-todo-por-mi-pais\/"]}]},{"@type":"ImageObject","inLanguage":"es","@id":"https:\/\/www.eldiario.net\/portal\/2024\/08\/10\/garibay-dejare-todo-por-mi-pais\/#primaryimage","url":"https:\/\/www.eldiario.net\/portal\/wp-content\/uploads\/2024\/08\/garibay.jpg","contentUrl":"https:\/\/www.eldiario.net\/portal\/wp-content\/uploads\/2024\/08\/garibay.jpg","width":1170,"height":1009},{"@type":"BreadcrumbList","@id":"https:\/\/www.eldiario.net\/portal\/2024\/08\/10\/garibay-dejare-todo-por-mi-pais\/#breadcrumb","itemListElement":[{"@type":"ListItem","position":1,"name":"Portada","item":"https:\/\/www.eldiario.net\/portal\/"},{"@type":"ListItem","position":2,"name":"GARIBAY: \u00abdejar\u00e9 todo por mi pa\u00eds\u00bb"}]},{"@type":"WebSite","@id":"https:\/\/www.eldiario.net\/portal\/#website","url":"https:\/\/www.eldiario.net\/portal\/","name":"El Diario - Decano de la prensa nacional","description":"El Diario - Decano de la prensa nacional","publisher":{"@id":"https:\/\/www.eldiario.net\/portal\/#organization"},"potentialAction":[{"@type":"SearchAction","target":{"@type":"EntryPoint","urlTemplate":"https:\/\/www.eldiario.net\/portal\/?s={search_term_string}"},"query-input":{"@type":"PropertyValueSpecification","valueRequired":true,"valueName":"search_term_string"}}],"inLanguage":"es"},{"@type":"Organization","@id":"https:\/\/www.eldiario.net\/portal\/#organization","name":"El Diario - Decano de la prensa nacional","url":"https:\/\/www.eldiario.net\/portal\/","logo":{"@type":"ImageObject","inLanguage":"es","@id":"https:\/\/www.eldiario.net\/portal\/#\/schema\/logo\/image\/","url":"https:\/\/www.eldiario.net\/portal\/wp-content\/uploads\/2023\/07\/logo_ED.jpg","contentUrl":"https:\/\/www.eldiario.net\/portal\/wp-content\/uploads\/2023\/07\/logo_ED.jpg","width":272,"height":52,"caption":"El Diario - Decano de la prensa nacional"},"image":{"@id":"https:\/\/www.eldiario.net\/portal\/#\/schema\/logo\/image\/"},"sameAs":["https:\/\/www.facebook.com\/eldiario.bolivia\/","https:\/\/x.com\/eldiario_net"]},{"@type":"Person","@id":"https:\/\/www.eldiario.net\/portal\/#\/schema\/person\/f46445640444750d7d753ccd04ae01b7","name":"Jeanette","image":{"@type":"ImageObject","inLanguage":"es","@id":"https:\/\/secure.gravatar.com\/avatar\/3ea2118a5f7dad2b7138b1187a6b7ee55f160b9968b66013c3a3ef39dd7e5798?s=96&d=mm&r=g","url":"https:\/\/secure.gravatar.com\/avatar\/3ea2118a5f7dad2b7138b1187a6b7ee55f160b9968b66013c3a3ef39dd7e5798?s=96&d=mm&r=g","contentUrl":"https:\/\/secure.gravatar.com\/avatar\/3ea2118a5f7dad2b7138b1187a6b7ee55f160b9968b66013c3a3ef39dd7e5798?s=96&d=mm&r=g","caption":"Jeanette"},"sameAs":["https:\/\/www.eldiario.net\/portal"],"url":"https:\/\/www.eldiario.net\/portal\/author\/jeanette\/"}]}},"_links":{"self":[{"href":"https:\/\/www.eldiario.net\/portal\/wp-json\/wp\/v2\/posts\/239802","targetHints":{"allow":["GET"]}}],"collection":[{"href":"https:\/\/www.eldiario.net\/portal\/wp-json\/wp\/v2\/posts"}],"about":[{"href":"https:\/\/www.eldiario.net\/portal\/wp-json\/wp\/v2\/types\/post"}],"author":[{"embeddable":true,"href":"https:\/\/www.eldiario.net\/portal\/wp-json\/wp\/v2\/users\/1"}],"replies":[{"embeddable":true,"href":"https:\/\/www.eldiario.net\/portal\/wp-json\/wp\/v2\/comments?post=239802"}],"version-history":[{"count":1,"href":"https:\/\/www.eldiario.net\/portal\/wp-json\/wp\/v2\/posts\/239802\/revisions"}],"predecessor-version":[{"id":239806,"href":"https:\/\/www.eldiario.net\/portal\/wp-json\/wp\/v2\/posts\/239802\/revisions\/239806"}],"wp:featuredmedia":[{"embeddable":true,"href":"https:\/\/www.eldiario.net\/portal\/wp-json\/wp\/v2\/media\/239804"}],"wp:attachment":[{"href":"https:\/\/www.eldiario.net\/portal\/wp-json\/wp\/v2\/media?parent=239802"}],"wp:term":[{"taxonomy":"category","embeddable":true,"href":"https:\/\/www.eldiario.net\/portal\/wp-json\/wp\/v2\/categories?post=239802"},{"taxonomy":"post_tag","embeddable":true,"href":"https:\/\/www.eldiario.net\/portal\/wp-json\/wp\/v2\/tags?post=239802"}],"curies":[{"name":"wp","href":"https:\/\/api.w.org\/{rel}","templated":true}]}}