{"id":239787,"date":"2024-08-10T07:11:52","date_gmt":"2024-08-10T11:11:52","guid":{"rendered":"https:\/\/www.eldiario.net\/portal\/?p=239787"},"modified":"2024-08-10T07:11:52","modified_gmt":"2024-08-10T11:11:52","slug":"nacional-se-reencuentra-con-el-triunfo","status":"publish","type":"post","link":"https:\/\/www.eldiario.net\/portal\/2024\/08\/10\/nacional-se-reencuentra-con-el-triunfo\/","title":{"rendered":"Nacional se reencuentra con el triunfo"},"content":{"rendered":"<p>D\u00edas despu\u00e9s del alejamiento del entrenador Alberto Illanes del cargo, Nacional Potos\u00ed tuvo un reencuentro con el triunfo, tras vencer a San Antonio por 3-1, en el estadio V\u00edctor Agust\u00edn Ugarte, permiti\u00e9ndose caminar con la cabeza levantada en la d\u00e9cima fecha del torneo Clausura.<br \/>\nBajo el interinato de Dayler Guti\u00e9rrez, Nacional Potos\u00ed sum\u00f3 tres puntos con los cuales lleg\u00f3 a las 11 unidades, alej\u00e1ndose circunstancialmente de los \u00faltimos puestos en la tabla, pero la amenaza persiste y con el anuncio del colombiano Flavio Torres como el nuevo director t\u00e9cnico, el club espera seguir en ascenso.<br \/>\nLa cuenta fue abierta a los 31 minutos con un remate de larga distancia de Jorge Rojas, aprovechando un rebote que le qued\u00f3, luego de un error del arquero Jhunior Vera, quien en su intento por corregir su falla dej\u00f3 el bal\u00f3n servido para el contrario con el arco desprotegido.<br \/>\nEl segundo gol lleg\u00f3 a los 65 minutos, por intermedio de Saulo Guerra, con una ejecuci\u00f3n de tiro libre, por encima de la barrera y el bal\u00f3n estrell\u00e1ndose en la cara interna del travesa\u00f1o ante la impotencia de Vera.<br \/>\nEl marcador fue estirado por el cuadro rancho guitarra con el remate de zurda de Erik Correa delante del arco, despu\u00e9s de recibir una asistencia de cabeza de William \u00c1lvarez, a los 81 minutos, ante una defensa que dej\u00f3 espacios.<br \/>\nSan Antonio sigue mostrando sus fallas, jugando a un nivel lejano a lo que mostr\u00f3 en el anterior certamen cuando fue campe\u00f3n. El descuento del elenco del tr\u00f3pico cochabambino lleg\u00f3 a los 85 minutos con Luis Jald\u00edn conectado un centro dentro del \u00e1rea peque\u00f1a.<br \/>\nLos diez puntos que sum\u00f3, hasta ahora, San Antonio, le dejan un puesto por debajo de Nacional Potos\u00ed sin lugar en la mesa de la discusi\u00f3n por el t\u00edtulo, mostrando una mala impresi\u00f3n en el campeonato.<\/p>\n","protected":false},"excerpt":{"rendered":"<p>D\u00edas despu\u00e9s del alejamiento del entrenador Alberto Illanes del cargo, Nacional Potos\u00ed tuvo un reencuentro con el triunfo, tras vencer a San Antonio por 3-1, en el estadio V\u00edctor Agust\u00edn Ugarte, permiti\u00e9ndose caminar con la cabeza levantada en la d\u00e9cima fecha del torneo Clausura. Bajo el interinato de Dayler Guti\u00e9rrez, Nacional Potos\u00ed sum\u00f3 tres puntos [&hellip;]<\/p>\n","protected":false},"author":1,"featured_media":239788,"comment_status":"open","ping_status":"open","sticky":false,"template":"","format":"standard","meta":{"_acf_changed":false,"footnotes":""},"categories":[6],"tags":[],"class_list":["post-239787","post","type-post","status-publish","format-standard","has-post-thumbnail","category-deportes"],"acf":{"antetitulo":""},"yoast_head":"<!-- This site is optimized with the Yoast SEO plugin v28.3 - https:\/\/yoast.com\/product\/yoast-seo-wordpress\/ -->\n<title>Nacional se reencuentra con el triunfo - El Diario - Bolivia<\/title>\n<meta name=\"robots\" content=\"index, follow, max-snippet:-1, max-image-preview:large, max-video-preview:-1\" \/>\n<link rel=\"canonical\" href=\"https:\/\/www.eldiario.net\/portal\/2024\/08\/10\/nacional-se-reencuentra-con-el-triunfo\/\" \/>\n<meta property=\"og:locale\" content=\"es_ES\" \/>\n<meta property=\"og:type\" content=\"article\" \/>\n<meta property=\"og:title\" content=\"Nacional se reencuentra con el triunfo - El Diario - Bolivia\" \/>\n<meta property=\"og:description\" content=\"D\u00edas despu\u00e9s del alejamiento del entrenador Alberto Illanes del cargo, Nacional Potos\u00ed tuvo un reencuentro con el triunfo, tras vencer a San Antonio por 3-1, en el estadio V\u00edctor Agust\u00edn Ugarte, permiti\u00e9ndose caminar con la cabeza levantada en la d\u00e9cima fecha del torneo Clausura. Bajo el interinato de Dayler Guti\u00e9rrez, Nacional Potos\u00ed sum\u00f3 tres puntos [&hellip;]\" \/>\n<meta property=\"og:url\" content=\"https:\/\/www.eldiario.net\/portal\/2024\/08\/10\/nacional-se-reencuentra-con-el-triunfo\/\" \/>\n<meta property=\"og:site_name\" content=\"El Diario - Bolivia\" \/>\n<meta property=\"article:publisher\" content=\"https:\/\/www.facebook.com\/eldiario.bolivia\/\" \/>\n<meta property=\"article:published_time\" content=\"2024-08-10T11:11:52+00:00\" \/>\n<meta property=\"og:image\" content=\"https:\/\/www.eldiario.net\/portal\/wp-content\/uploads\/2024\/08\/NACIONAL.jpg\" \/>\n\t<meta property=\"og:image:width\" content=\"1200\" \/>\n\t<meta property=\"og:image:height\" content=\"903\" \/>\n\t<meta property=\"og:image:type\" content=\"image\/jpeg\" \/>\n<meta name=\"author\" content=\"Jeanette\" \/>\n<meta name=\"twitter:card\" content=\"summary_large_image\" \/>\n<meta name=\"twitter:creator\" content=\"@eldiario_net\" \/>\n<meta name=\"twitter:site\" content=\"@eldiario_net\" \/>\n<meta name=\"twitter:label1\" content=\"Escrito por\" \/>\n\t<meta name=\"twitter:data1\" content=\"Jeanette\" \/>\n\t<meta name=\"twitter:label2\" content=\"Tiempo de lectura\" \/>\n\t<meta name=\"twitter:data2\" content=\"2 minutos\" \/>\n<script type=\"application\/ld+json\" class=\"yoast-schema-graph\">{\"@context\":\"https:\\\/\\\/schema.org\",\"@graph\":[{\"@type\":\"Article\",\"@id\":\"https:\\\/\\\/www.eldiario.net\\\/portal\\\/2024\\\/08\\\/10\\\/nacional-se-reencuentra-con-el-triunfo\\\/#article\",\"isPartOf\":{\"@id\":\"https:\\\/\\\/www.eldiario.net\\\/portal\\\/2024\\\/08\\\/10\\\/nacional-se-reencuentra-con-el-triunfo\\\/\"},\"author\":{\"name\":\"Jeanette\",\"@id\":\"https:\\\/\\\/www.eldiario.net\\\/portal\\\/#\\\/schema\\\/person\\\/f46445640444750d7d753ccd04ae01b7\"},\"headline\":\"Nacional se reencuentra con el triunfo\",\"datePublished\":\"2024-08-10T11:11:52+00:00\",\"mainEntityOfPage\":{\"@id\":\"https:\\\/\\\/www.eldiario.net\\\/portal\\\/2024\\\/08\\\/10\\\/nacional-se-reencuentra-con-el-triunfo\\\/\"},\"wordCount\":327,\"commentCount\":0,\"publisher\":{\"@id\":\"https:\\\/\\\/www.eldiario.net\\\/portal\\\/#organization\"},\"image\":{\"@id\":\"https:\\\/\\\/www.eldiario.net\\\/portal\\\/2024\\\/08\\\/10\\\/nacional-se-reencuentra-con-el-triunfo\\\/#primaryimage\"},\"thumbnailUrl\":\"https:\\\/\\\/www.eldiario.net\\\/portal\\\/wp-content\\\/uploads\\\/2024\\\/08\\\/NACIONAL.jpg\",\"articleSection\":[\"Deportes\"],\"inLanguage\":\"es\",\"potentialAction\":[{\"@type\":\"CommentAction\",\"name\":\"Comment\",\"target\":[\"https:\\\/\\\/www.eldiario.net\\\/portal\\\/2024\\\/08\\\/10\\\/nacional-se-reencuentra-con-el-triunfo\\\/#respond\"]}]},{\"@type\":\"WebPage\",\"@id\":\"https:\\\/\\\/www.eldiario.net\\\/portal\\\/2024\\\/08\\\/10\\\/nacional-se-reencuentra-con-el-triunfo\\\/\",\"url\":\"https:\\\/\\\/www.eldiario.net\\\/portal\\\/2024\\\/08\\\/10\\\/nacional-se-reencuentra-con-el-triunfo\\\/\",\"name\":\"Nacional se reencuentra con el triunfo - El Diario - Bolivia\",\"isPartOf\":{\"@id\":\"https:\\\/\\\/www.eldiario.net\\\/portal\\\/#website\"},\"primaryImageOfPage\":{\"@id\":\"https:\\\/\\\/www.eldiario.net\\\/portal\\\/2024\\\/08\\\/10\\\/nacional-se-reencuentra-con-el-triunfo\\\/#primaryimage\"},\"image\":{\"@id\":\"https:\\\/\\\/www.eldiario.net\\\/portal\\\/2024\\\/08\\\/10\\\/nacional-se-reencuentra-con-el-triunfo\\\/#primaryimage\"},\"thumbnailUrl\":\"https:\\\/\\\/www.eldiario.net\\\/portal\\\/wp-content\\\/uploads\\\/2024\\\/08\\\/NACIONAL.jpg\",\"datePublished\":\"2024-08-10T11:11:52+00:00\",\"breadcrumb\":{\"@id\":\"https:\\\/\\\/www.eldiario.net\\\/portal\\\/2024\\\/08\\\/10\\\/nacional-se-reencuentra-con-el-triunfo\\\/#breadcrumb\"},\"inLanguage\":\"es\",\"potentialAction\":[{\"@type\":\"ReadAction\",\"target\":[\"https:\\\/\\\/www.eldiario.net\\\/portal\\\/2024\\\/08\\\/10\\\/nacional-se-reencuentra-con-el-triunfo\\\/\"]}]},{\"@type\":\"ImageObject\",\"inLanguage\":\"es\",\"@id\":\"https:\\\/\\\/www.eldiario.net\\\/portal\\\/2024\\\/08\\\/10\\\/nacional-se-reencuentra-con-el-triunfo\\\/#primaryimage\",\"url\":\"https:\\\/\\\/www.eldiario.net\\\/portal\\\/wp-content\\\/uploads\\\/2024\\\/08\\\/NACIONAL.jpg\",\"contentUrl\":\"https:\\\/\\\/www.eldiario.net\\\/portal\\\/wp-content\\\/uploads\\\/2024\\\/08\\\/NACIONAL.jpg\",\"width\":1200,\"height\":903},{\"@type\":\"BreadcrumbList\",\"@id\":\"https:\\\/\\\/www.eldiario.net\\\/portal\\\/2024\\\/08\\\/10\\\/nacional-se-reencuentra-con-el-triunfo\\\/#breadcrumb\",\"itemListElement\":[{\"@type\":\"ListItem\",\"position\":1,\"name\":\"Portada\",\"item\":\"https:\\\/\\\/www.eldiario.net\\\/portal\\\/\"},{\"@type\":\"ListItem\",\"position\":2,\"name\":\"Nacional se reencuentra con el triunfo\"}]},{\"@type\":\"WebSite\",\"@id\":\"https:\\\/\\\/www.eldiario.net\\\/portal\\\/#website\",\"url\":\"https:\\\/\\\/www.eldiario.net\\\/portal\\\/\",\"name\":\"El Diario - Decano de la prensa nacional\",\"description\":\"El Diario - Decano de la prensa nacional\",\"publisher\":{\"@id\":\"https:\\\/\\\/www.eldiario.net\\\/portal\\\/#organization\"},\"potentialAction\":[{\"@type\":\"SearchAction\",\"target\":{\"@type\":\"EntryPoint\",\"urlTemplate\":\"https:\\\/\\\/www.eldiario.net\\\/portal\\\/?s={search_term_string}\"},\"query-input\":{\"@type\":\"PropertyValueSpecification\",\"valueRequired\":true,\"valueName\":\"search_term_string\"}}],\"inLanguage\":\"es\"},{\"@type\":\"Organization\",\"@id\":\"https:\\\/\\\/www.eldiario.net\\\/portal\\\/#organization\",\"name\":\"El Diario - Decano de la prensa nacional\",\"url\":\"https:\\\/\\\/www.eldiario.net\\\/portal\\\/\",\"logo\":{\"@type\":\"ImageObject\",\"inLanguage\":\"es\",\"@id\":\"https:\\\/\\\/www.eldiario.net\\\/portal\\\/#\\\/schema\\\/logo\\\/image\\\/\",\"url\":\"https:\\\/\\\/www.eldiario.net\\\/portal\\\/wp-content\\\/uploads\\\/2023\\\/07\\\/logo_ED.jpg\",\"contentUrl\":\"https:\\\/\\\/www.eldiario.net\\\/portal\\\/wp-content\\\/uploads\\\/2023\\\/07\\\/logo_ED.jpg\",\"width\":272,\"height\":52,\"caption\":\"El Diario - Decano de la prensa nacional\"},\"image\":{\"@id\":\"https:\\\/\\\/www.eldiario.net\\\/portal\\\/#\\\/schema\\\/logo\\\/image\\\/\"},\"sameAs\":[\"https:\\\/\\\/www.facebook.com\\\/eldiario.bolivia\\\/\",\"https:\\\/\\\/x.com\\\/eldiario_net\"]},{\"@type\":\"Person\",\"@id\":\"https:\\\/\\\/www.eldiario.net\\\/portal\\\/#\\\/schema\\\/person\\\/f46445640444750d7d753ccd04ae01b7\",\"name\":\"Jeanette\",\"image\":{\"@type\":\"ImageObject\",\"inLanguage\":\"es\",\"@id\":\"https:\\\/\\\/secure.gravatar.com\\\/avatar\\\/3ea2118a5f7dad2b7138b1187a6b7ee55f160b9968b66013c3a3ef39dd7e5798?s=96&d=mm&r=g\",\"url\":\"https:\\\/\\\/secure.gravatar.com\\\/avatar\\\/3ea2118a5f7dad2b7138b1187a6b7ee55f160b9968b66013c3a3ef39dd7e5798?s=96&d=mm&r=g\",\"contentUrl\":\"https:\\\/\\\/secure.gravatar.com\\\/avatar\\\/3ea2118a5f7dad2b7138b1187a6b7ee55f160b9968b66013c3a3ef39dd7e5798?s=96&d=mm&r=g\",\"caption\":\"Jeanette\"},\"sameAs\":[\"https:\\\/\\\/www.eldiario.net\\\/portal\"],\"url\":\"https:\\\/\\\/www.eldiario.net\\\/portal\\\/author\\\/jeanette\\\/\"}]}<\/script>\n<!-- \/ Yoast SEO plugin. -->","yoast_head_json":{"title":"Nacional se reencuentra con el triunfo - El Diario - Bolivia","robots":{"index":"index","follow":"follow","max-snippet":"max-snippet:-1","max-image-preview":"max-image-preview:large","max-video-preview":"max-video-preview:-1"},"canonical":"https:\/\/www.eldiario.net\/portal\/2024\/08\/10\/nacional-se-reencuentra-con-el-triunfo\/","og_locale":"es_ES","og_type":"article","og_title":"Nacional se reencuentra con el triunfo - El Diario - Bolivia","og_description":"D\u00edas despu\u00e9s del alejamiento del entrenador Alberto Illanes del cargo, Nacional Potos\u00ed tuvo un reencuentro con el triunfo, tras vencer a San Antonio por 3-1, en el estadio V\u00edctor Agust\u00edn Ugarte, permiti\u00e9ndose caminar con la cabeza levantada en la d\u00e9cima fecha del torneo Clausura. Bajo el interinato de Dayler Guti\u00e9rrez, Nacional Potos\u00ed sum\u00f3 tres puntos [&hellip;]","og_url":"https:\/\/www.eldiario.net\/portal\/2024\/08\/10\/nacional-se-reencuentra-con-el-triunfo\/","og_site_name":"El Diario - Bolivia","article_publisher":"https:\/\/www.facebook.com\/eldiario.bolivia\/","article_published_time":"2024-08-10T11:11:52+00:00","og_image":[{"width":1200,"height":903,"url":"https:\/\/www.eldiario.net\/portal\/wp-content\/uploads\/2024\/08\/NACIONAL.jpg","type":"image\/jpeg"}],"author":"Jeanette","twitter_card":"summary_large_image","twitter_creator":"@eldiario_net","twitter_site":"@eldiario_net","twitter_misc":{"Escrito por":"Jeanette","Tiempo de lectura":"2 minutos"},"schema":{"@context":"https:\/\/schema.org","@graph":[{"@type":"Article","@id":"https:\/\/www.eldiario.net\/portal\/2024\/08\/10\/nacional-se-reencuentra-con-el-triunfo\/#article","isPartOf":{"@id":"https:\/\/www.eldiario.net\/portal\/2024\/08\/10\/nacional-se-reencuentra-con-el-triunfo\/"},"author":{"name":"Jeanette","@id":"https:\/\/www.eldiario.net\/portal\/#\/schema\/person\/f46445640444750d7d753ccd04ae01b7"},"headline":"Nacional se reencuentra con el triunfo","datePublished":"2024-08-10T11:11:52+00:00","mainEntityOfPage":{"@id":"https:\/\/www.eldiario.net\/portal\/2024\/08\/10\/nacional-se-reencuentra-con-el-triunfo\/"},"wordCount":327,"commentCount":0,"publisher":{"@id":"https:\/\/www.eldiario.net\/portal\/#organization"},"image":{"@id":"https:\/\/www.eldiario.net\/portal\/2024\/08\/10\/nacional-se-reencuentra-con-el-triunfo\/#primaryimage"},"thumbnailUrl":"https:\/\/www.eldiario.net\/portal\/wp-content\/uploads\/2024\/08\/NACIONAL.jpg","articleSection":["Deportes"],"inLanguage":"es","potentialAction":[{"@type":"CommentAction","name":"Comment","target":["https:\/\/www.eldiario.net\/portal\/2024\/08\/10\/nacional-se-reencuentra-con-el-triunfo\/#respond"]}]},{"@type":"WebPage","@id":"https:\/\/www.eldiario.net\/portal\/2024\/08\/10\/nacional-se-reencuentra-con-el-triunfo\/","url":"https:\/\/www.eldiario.net\/portal\/2024\/08\/10\/nacional-se-reencuentra-con-el-triunfo\/","name":"Nacional se reencuentra con el triunfo - El Diario - Bolivia","isPartOf":{"@id":"https:\/\/www.eldiario.net\/portal\/#website"},"primaryImageOfPage":{"@id":"https:\/\/www.eldiario.net\/portal\/2024\/08\/10\/nacional-se-reencuentra-con-el-triunfo\/#primaryimage"},"image":{"@id":"https:\/\/www.eldiario.net\/portal\/2024\/08\/10\/nacional-se-reencuentra-con-el-triunfo\/#primaryimage"},"thumbnailUrl":"https:\/\/www.eldiario.net\/portal\/wp-content\/uploads\/2024\/08\/NACIONAL.jpg","datePublished":"2024-08-10T11:11:52+00:00","breadcrumb":{"@id":"https:\/\/www.eldiario.net\/portal\/2024\/08\/10\/nacional-se-reencuentra-con-el-triunfo\/#breadcrumb"},"inLanguage":"es","potentialAction":[{"@type":"ReadAction","target":["https:\/\/www.eldiario.net\/portal\/2024\/08\/10\/nacional-se-reencuentra-con-el-triunfo\/"]}]},{"@type":"ImageObject","inLanguage":"es","@id":"https:\/\/www.eldiario.net\/portal\/2024\/08\/10\/nacional-se-reencuentra-con-el-triunfo\/#primaryimage","url":"https:\/\/www.eldiario.net\/portal\/wp-content\/uploads\/2024\/08\/NACIONAL.jpg","contentUrl":"https:\/\/www.eldiario.net\/portal\/wp-content\/uploads\/2024\/08\/NACIONAL.jpg","width":1200,"height":903},{"@type":"BreadcrumbList","@id":"https:\/\/www.eldiario.net\/portal\/2024\/08\/10\/nacional-se-reencuentra-con-el-triunfo\/#breadcrumb","itemListElement":[{"@type":"ListItem","position":1,"name":"Portada","item":"https:\/\/www.eldiario.net\/portal\/"},{"@type":"ListItem","position":2,"name":"Nacional se reencuentra con el triunfo"}]},{"@type":"WebSite","@id":"https:\/\/www.eldiario.net\/portal\/#website","url":"https:\/\/www.eldiario.net\/portal\/","name":"El Diario - Decano de la prensa nacional","description":"El Diario - Decano de la prensa nacional","publisher":{"@id":"https:\/\/www.eldiario.net\/portal\/#organization"},"potentialAction":[{"@type":"SearchAction","target":{"@type":"EntryPoint","urlTemplate":"https:\/\/www.eldiario.net\/portal\/?s={search_term_string}"},"query-input":{"@type":"PropertyValueSpecification","valueRequired":true,"valueName":"search_term_string"}}],"inLanguage":"es"},{"@type":"Organization","@id":"https:\/\/www.eldiario.net\/portal\/#organization","name":"El Diario - Decano de la prensa nacional","url":"https:\/\/www.eldiario.net\/portal\/","logo":{"@type":"ImageObject","inLanguage":"es","@id":"https:\/\/www.eldiario.net\/portal\/#\/schema\/logo\/image\/","url":"https:\/\/www.eldiario.net\/portal\/wp-content\/uploads\/2023\/07\/logo_ED.jpg","contentUrl":"https:\/\/www.eldiario.net\/portal\/wp-content\/uploads\/2023\/07\/logo_ED.jpg","width":272,"height":52,"caption":"El Diario - Decano de la prensa nacional"},"image":{"@id":"https:\/\/www.eldiario.net\/portal\/#\/schema\/logo\/image\/"},"sameAs":["https:\/\/www.facebook.com\/eldiario.bolivia\/","https:\/\/x.com\/eldiario_net"]},{"@type":"Person","@id":"https:\/\/www.eldiario.net\/portal\/#\/schema\/person\/f46445640444750d7d753ccd04ae01b7","name":"Jeanette","image":{"@type":"ImageObject","inLanguage":"es","@id":"https:\/\/secure.gravatar.com\/avatar\/3ea2118a5f7dad2b7138b1187a6b7ee55f160b9968b66013c3a3ef39dd7e5798?s=96&d=mm&r=g","url":"https:\/\/secure.gravatar.com\/avatar\/3ea2118a5f7dad2b7138b1187a6b7ee55f160b9968b66013c3a3ef39dd7e5798?s=96&d=mm&r=g","contentUrl":"https:\/\/secure.gravatar.com\/avatar\/3ea2118a5f7dad2b7138b1187a6b7ee55f160b9968b66013c3a3ef39dd7e5798?s=96&d=mm&r=g","caption":"Jeanette"},"sameAs":["https:\/\/www.eldiario.net\/portal"],"url":"https:\/\/www.eldiario.net\/portal\/author\/jeanette\/"}]}},"_links":{"self":[{"href":"https:\/\/www.eldiario.net\/portal\/wp-json\/wp\/v2\/posts\/239787","targetHints":{"allow":["GET"]}}],"collection":[{"href":"https:\/\/www.eldiario.net\/portal\/wp-json\/wp\/v2\/posts"}],"about":[{"href":"https:\/\/www.eldiario.net\/portal\/wp-json\/wp\/v2\/types\/post"}],"author":[{"embeddable":true,"href":"https:\/\/www.eldiario.net\/portal\/wp-json\/wp\/v2\/users\/1"}],"replies":[{"embeddable":true,"href":"https:\/\/www.eldiario.net\/portal\/wp-json\/wp\/v2\/comments?post=239787"}],"version-history":[{"count":1,"href":"https:\/\/www.eldiario.net\/portal\/wp-json\/wp\/v2\/posts\/239787\/revisions"}],"predecessor-version":[{"id":239789,"href":"https:\/\/www.eldiario.net\/portal\/wp-json\/wp\/v2\/posts\/239787\/revisions\/239789"}],"wp:featuredmedia":[{"embeddable":true,"href":"https:\/\/www.eldiario.net\/portal\/wp-json\/wp\/v2\/media\/239788"}],"wp:attachment":[{"href":"https:\/\/www.eldiario.net\/portal\/wp-json\/wp\/v2\/media?parent=239787"}],"wp:term":[{"taxonomy":"category","embeddable":true,"href":"https:\/\/www.eldiario.net\/portal\/wp-json\/wp\/v2\/categories?post=239787"},{"taxonomy":"post_tag","embeddable":true,"href":"https:\/\/www.eldiario.net\/portal\/wp-json\/wp\/v2\/tags?post=239787"}],"curies":[{"name":"wp","href":"https:\/\/api.w.org\/{rel}","templated":true}]}}