{"id":23974,"date":"2021-08-17T06:37:49","date_gmt":"2021-08-17T10:37:49","guid":{"rendered":"https:\/\/www.eldiario.net\/portal\/?p=23974"},"modified":"2021-08-17T06:37:49","modified_gmt":"2021-08-17T10:37:49","slug":"196-anos-de-creacion-de-la-bandera-nacional","status":"publish","type":"post","link":"https:\/\/www.eldiario.net\/portal\/2021\/08\/17\/196-anos-de-creacion-de-la-bandera-nacional\/","title":{"rendered":"196 a\u00f1os de creaci\u00f3n de la Bandera Nacional"},"content":{"rendered":"<p class=\"v1MsoNormal\"><span lang=\"ES\">Bolivia recuerda hoy el 196 aniversario de la creaci\u00f3n de la ense\u00f1a nacional, aunque no se anunciaron actos oficiales por la ocasi\u00f3n, pero se prev\u00e9n ceremonias en medio de restricciones sanitarias debido a la pandemia por coronavirus, especialmente en unidades militares de todo el pa\u00eds con patriotismo.<\/span><\/p>\n<p class=\"v1MsoNormal\"><span lang=\"ES\">Un 17 de agosto de 1825, la Asamblea Deliberante, cre\u00f3 mediante decreto, la primera Bandera, consistente en dos franjas verdes en los extremos, superior e inferior, y una roja, m\u00e1s ancha que las verdes, al centro. Al centro de la franja roja, se colocaron cinco medios \u00f3valos verdes formados por ramas de olivo y laurel, uno en el medio y cuatro en los costados, y dentro de cada uno de estos \u00f3valos, se colocaron una estrella de color oro.<\/span><\/p>\n<p class=\"v1MsoNormal\"><span lang=\"ES\">De esta manera, la primera Bandera Nacional, expresaba el contenido de la Rep\u00fablica, en sus tres reinos de la naturaleza.<\/span><\/p>\n<p class=\"v1MsoNormal\"><span lang=\"ES\">El 25 de julio de 1826, se modific\u00f3 la bandera, se cambi\u00f3 el verde de la parte superior por un amarillo, seguida de la roja al centro y el verde abajo. En lugar de las cinco estrellas de oro, las armas de la Rep\u00fablica al centro rodeada por dos ramas de olivo y laurel.<\/span><\/p>\n<p class=\"v1MsoNormal\"><span lang=\"ES\">Finalmente, el 30 de noviembre de 1851, a instancias del Presidente Belzu, la Convenci\u00f3n Nacional, reform\u00f3 definitivamente la Bandera boliviana, con los colores, rojo en la parte superior, amarillo al centro y verde en la parte inferior. As\u00ed qued\u00f3 la formaci\u00f3n de nuestra hermosa y sin par ense\u00f1a patria.<\/span><\/p>\n<p class=\"v1MsoNormal\"><span lang=\"ES\">\u00a0<\/span><\/p>\n","protected":false},"excerpt":{"rendered":"<p>Bolivia recuerda hoy el 196 aniversario de la creaci\u00f3n de la ense\u00f1a nacional, aunque no se anunciaron actos oficiales por la ocasi\u00f3n, pero se prev\u00e9n ceremonias en medio de restricciones sanitarias debido a la pandemia por coronavirus, especialmente en unidades militares de todo el pa\u00eds con patriotismo. Un 17 de agosto de 1825, la Asamblea [&hellip;]<\/p>\n","protected":false},"author":1,"featured_media":23975,"comment_status":"closed","ping_status":"closed","sticky":false,"template":"","format":"standard","meta":{"_acf_changed":false,"footnotes":""},"categories":[15],"tags":[],"class_list":["post-23974","post","type-post","status-publish","format-standard","has-post-thumbnail","category-portada"],"acf":{"antetitulo":""},"yoast_head":"<!-- This site is optimized with the Yoast SEO plugin v28.4 - https:\/\/yoast.com\/product\/yoast-seo-wordpress\/ -->\n<title>196 a\u00f1os de creaci\u00f3n de la Bandera Nacional - El Diario - Bolivia<\/title>\n<meta name=\"robots\" content=\"index, follow, max-snippet:-1, max-image-preview:large, max-video-preview:-1\" \/>\n<link rel=\"canonical\" href=\"https:\/\/www.eldiario.net\/portal\/2021\/08\/17\/196-anos-de-creacion-de-la-bandera-nacional\/\" \/>\n<meta property=\"og:locale\" content=\"es_ES\" \/>\n<meta property=\"og:type\" content=\"article\" \/>\n<meta property=\"og:title\" content=\"196 a\u00f1os de creaci\u00f3n de la Bandera Nacional - El Diario - Bolivia\" \/>\n<meta property=\"og:description\" content=\"Bolivia recuerda hoy el 196 aniversario de la creaci\u00f3n de la ense\u00f1a nacional, aunque no se anunciaron actos oficiales por la ocasi\u00f3n, pero se prev\u00e9n ceremonias en medio de restricciones sanitarias debido a la pandemia por coronavirus, especialmente en unidades militares de todo el pa\u00eds con patriotismo. Un 17 de agosto de 1825, la Asamblea [&hellip;]\" \/>\n<meta property=\"og:url\" content=\"https:\/\/www.eldiario.net\/portal\/2021\/08\/17\/196-anos-de-creacion-de-la-bandera-nacional\/\" \/>\n<meta property=\"og:site_name\" content=\"El Diario - Bolivia\" \/>\n<meta property=\"article:publisher\" content=\"https:\/\/www.facebook.com\/eldiario.bolivia\/\" \/>\n<meta property=\"article:published_time\" content=\"2021-08-17T10:37:49+00:00\" \/>\n<meta name=\"author\" content=\"Jeanette\" \/>\n<meta name=\"twitter:card\" content=\"summary_large_image\" \/>\n<meta name=\"twitter:creator\" content=\"@eldiario_net\" \/>\n<meta name=\"twitter:site\" content=\"@eldiario_net\" \/>\n<meta name=\"twitter:label1\" content=\"Escrito por\" \/>\n\t<meta name=\"twitter:data1\" content=\"Jeanette\" \/>\n\t<meta name=\"twitter:label2\" content=\"Tiempo de lectura\" \/>\n\t<meta name=\"twitter:data2\" content=\"2 minutos\" \/>\n<script type=\"application\/ld+json\" class=\"yoast-schema-graph\">{\"@context\":\"https:\\\/\\\/schema.org\",\"@graph\":[{\"@type\":\"Article\",\"@id\":\"https:\\\/\\\/www.eldiario.net\\\/portal\\\/2021\\\/08\\\/17\\\/196-anos-de-creacion-de-la-bandera-nacional\\\/#article\",\"isPartOf\":{\"@id\":\"https:\\\/\\\/www.eldiario.net\\\/portal\\\/2021\\\/08\\\/17\\\/196-anos-de-creacion-de-la-bandera-nacional\\\/\"},\"author\":{\"name\":\"Jeanette\",\"@id\":\"https:\\\/\\\/www.eldiario.net\\\/portal\\\/#\\\/schema\\\/person\\\/2c57cf2b7a7ae032e449e4c9b1019eac\"},\"headline\":\"196 a\u00f1os de creaci\u00f3n de la Bandera Nacional\",\"datePublished\":\"2021-08-17T10:37:49+00:00\",\"mainEntityOfPage\":{\"@id\":\"https:\\\/\\\/www.eldiario.net\\\/portal\\\/2021\\\/08\\\/17\\\/196-anos-de-creacion-de-la-bandera-nacional\\\/\"},\"wordCount\":262,\"publisher\":{\"@id\":\"https:\\\/\\\/www.eldiario.net\\\/portal\\\/#organization\"},\"image\":{\"@id\":\"https:\\\/\\\/www.eldiario.net\\\/portal\\\/2021\\\/08\\\/17\\\/196-anos-de-creacion-de-la-bandera-nacional\\\/#primaryimage\"},\"thumbnailUrl\":\"\",\"articleSection\":[\"Portada\"],\"inLanguage\":\"es\"},{\"@type\":\"WebPage\",\"@id\":\"https:\\\/\\\/www.eldiario.net\\\/portal\\\/2021\\\/08\\\/17\\\/196-anos-de-creacion-de-la-bandera-nacional\\\/\",\"url\":\"https:\\\/\\\/www.eldiario.net\\\/portal\\\/2021\\\/08\\\/17\\\/196-anos-de-creacion-de-la-bandera-nacional\\\/\",\"name\":\"196 a\u00f1os de creaci\u00f3n de la Bandera Nacional - El Diario - Bolivia\",\"isPartOf\":{\"@id\":\"https:\\\/\\\/www.eldiario.net\\\/portal\\\/#website\"},\"primaryImageOfPage\":{\"@id\":\"https:\\\/\\\/www.eldiario.net\\\/portal\\\/2021\\\/08\\\/17\\\/196-anos-de-creacion-de-la-bandera-nacional\\\/#primaryimage\"},\"image\":{\"@id\":\"https:\\\/\\\/www.eldiario.net\\\/portal\\\/2021\\\/08\\\/17\\\/196-anos-de-creacion-de-la-bandera-nacional\\\/#primaryimage\"},\"thumbnailUrl\":\"\",\"datePublished\":\"2021-08-17T10:37:49+00:00\",\"breadcrumb\":{\"@id\":\"https:\\\/\\\/www.eldiario.net\\\/portal\\\/2021\\\/08\\\/17\\\/196-anos-de-creacion-de-la-bandera-nacional\\\/#breadcrumb\"},\"inLanguage\":\"es\",\"potentialAction\":[{\"@type\":\"ReadAction\",\"target\":[\"https:\\\/\\\/www.eldiario.net\\\/portal\\\/2021\\\/08\\\/17\\\/196-anos-de-creacion-de-la-bandera-nacional\\\/\"]}]},{\"@type\":\"ImageObject\",\"inLanguage\":\"es\",\"@id\":\"https:\\\/\\\/www.eldiario.net\\\/portal\\\/2021\\\/08\\\/17\\\/196-anos-de-creacion-de-la-bandera-nacional\\\/#primaryimage\",\"url\":\"\",\"contentUrl\":\"\"},{\"@type\":\"BreadcrumbList\",\"@id\":\"https:\\\/\\\/www.eldiario.net\\\/portal\\\/2021\\\/08\\\/17\\\/196-anos-de-creacion-de-la-bandera-nacional\\\/#breadcrumb\",\"itemListElement\":[{\"@type\":\"ListItem\",\"position\":1,\"name\":\"Portada\",\"item\":\"https:\\\/\\\/www.eldiario.net\\\/portal\\\/\"},{\"@type\":\"ListItem\",\"position\":2,\"name\":\"196 a\u00f1os de creaci\u00f3n de la Bandera Nacional\"}]},{\"@type\":\"WebSite\",\"@id\":\"https:\\\/\\\/www.eldiario.net\\\/portal\\\/#website\",\"url\":\"https:\\\/\\\/www.eldiario.net\\\/portal\\\/\",\"name\":\"El Diario - Decano de la prensa nacional\",\"description\":\"El Diario - Decano de la prensa nacional\",\"publisher\":{\"@id\":\"https:\\\/\\\/www.eldiario.net\\\/portal\\\/#organization\"},\"potentialAction\":[{\"@type\":\"SearchAction\",\"target\":{\"@type\":\"EntryPoint\",\"urlTemplate\":\"https:\\\/\\\/www.eldiario.net\\\/portal\\\/?s={search_term_string}\"},\"query-input\":{\"@type\":\"PropertyValueSpecification\",\"valueRequired\":true,\"valueName\":\"search_term_string\"}}],\"inLanguage\":\"es\"},{\"@type\":\"Organization\",\"@id\":\"https:\\\/\\\/www.eldiario.net\\\/portal\\\/#organization\",\"name\":\"El Diario - Decano de la prensa nacional\",\"url\":\"https:\\\/\\\/www.eldiario.net\\\/portal\\\/\",\"logo\":{\"@type\":\"ImageObject\",\"inLanguage\":\"es\",\"@id\":\"https:\\\/\\\/www.eldiario.net\\\/portal\\\/#\\\/schema\\\/logo\\\/image\\\/\",\"url\":\"https:\\\/\\\/www.eldiario.net\\\/portal\\\/wp-content\\\/uploads\\\/2023\\\/07\\\/logo_ED.jpg\",\"contentUrl\":\"https:\\\/\\\/www.eldiario.net\\\/portal\\\/wp-content\\\/uploads\\\/2023\\\/07\\\/logo_ED.jpg\",\"width\":272,\"height\":52,\"caption\":\"El Diario - Decano de la prensa nacional\"},\"image\":{\"@id\":\"https:\\\/\\\/www.eldiario.net\\\/portal\\\/#\\\/schema\\\/logo\\\/image\\\/\"},\"sameAs\":[\"https:\\\/\\\/www.facebook.com\\\/eldiario.bolivia\\\/\",\"https:\\\/\\\/x.com\\\/eldiario_net\"]},{\"@type\":\"Person\",\"@id\":\"https:\\\/\\\/www.eldiario.net\\\/portal\\\/#\\\/schema\\\/person\\\/2c57cf2b7a7ae032e449e4c9b1019eac\",\"name\":\"Jeanette\",\"image\":{\"@type\":\"ImageObject\",\"inLanguage\":\"es\",\"@id\":\"https:\\\/\\\/secure.gravatar.com\\\/avatar\\\/3ea2118a5f7dad2b7138b1187a6b7ee55f160b9968b66013c3a3ef39dd7e5798?s=96&d=mm&r=g\",\"url\":\"https:\\\/\\\/secure.gravatar.com\\\/avatar\\\/3ea2118a5f7dad2b7138b1187a6b7ee55f160b9968b66013c3a3ef39dd7e5798?s=96&d=mm&r=g\",\"contentUrl\":\"https:\\\/\\\/secure.gravatar.com\\\/avatar\\\/3ea2118a5f7dad2b7138b1187a6b7ee55f160b9968b66013c3a3ef39dd7e5798?s=96&d=mm&r=g\",\"caption\":\"Jeanette\"},\"sameAs\":[\"https:\\\/\\\/www.eldiario.net\\\/portal\"],\"url\":\"https:\\\/\\\/www.eldiario.net\\\/portal\\\/author\\\/jeanette\\\/\"}]}<\/script>\n<!-- \/ Yoast SEO plugin. -->","yoast_head_json":{"title":"196 a\u00f1os de creaci\u00f3n de la Bandera Nacional - El Diario - Bolivia","robots":{"index":"index","follow":"follow","max-snippet":"max-snippet:-1","max-image-preview":"max-image-preview:large","max-video-preview":"max-video-preview:-1"},"canonical":"https:\/\/www.eldiario.net\/portal\/2021\/08\/17\/196-anos-de-creacion-de-la-bandera-nacional\/","og_locale":"es_ES","og_type":"article","og_title":"196 a\u00f1os de creaci\u00f3n de la Bandera Nacional - El Diario - Bolivia","og_description":"Bolivia recuerda hoy el 196 aniversario de la creaci\u00f3n de la ense\u00f1a nacional, aunque no se anunciaron actos oficiales por la ocasi\u00f3n, pero se prev\u00e9n ceremonias en medio de restricciones sanitarias debido a la pandemia por coronavirus, especialmente en unidades militares de todo el pa\u00eds con patriotismo. Un 17 de agosto de 1825, la Asamblea [&hellip;]","og_url":"https:\/\/www.eldiario.net\/portal\/2021\/08\/17\/196-anos-de-creacion-de-la-bandera-nacional\/","og_site_name":"El Diario - Bolivia","article_publisher":"https:\/\/www.facebook.com\/eldiario.bolivia\/","article_published_time":"2021-08-17T10:37:49+00:00","author":"Jeanette","twitter_card":"summary_large_image","twitter_creator":"@eldiario_net","twitter_site":"@eldiario_net","twitter_misc":{"Escrito por":"Jeanette","Tiempo de lectura":"2 minutos"},"schema":{"@context":"https:\/\/schema.org","@graph":[{"@type":"Article","@id":"https:\/\/www.eldiario.net\/portal\/2021\/08\/17\/196-anos-de-creacion-de-la-bandera-nacional\/#article","isPartOf":{"@id":"https:\/\/www.eldiario.net\/portal\/2021\/08\/17\/196-anos-de-creacion-de-la-bandera-nacional\/"},"author":{"name":"Jeanette","@id":"https:\/\/www.eldiario.net\/portal\/#\/schema\/person\/2c57cf2b7a7ae032e449e4c9b1019eac"},"headline":"196 a\u00f1os de creaci\u00f3n de la Bandera Nacional","datePublished":"2021-08-17T10:37:49+00:00","mainEntityOfPage":{"@id":"https:\/\/www.eldiario.net\/portal\/2021\/08\/17\/196-anos-de-creacion-de-la-bandera-nacional\/"},"wordCount":262,"publisher":{"@id":"https:\/\/www.eldiario.net\/portal\/#organization"},"image":{"@id":"https:\/\/www.eldiario.net\/portal\/2021\/08\/17\/196-anos-de-creacion-de-la-bandera-nacional\/#primaryimage"},"thumbnailUrl":"","articleSection":["Portada"],"inLanguage":"es"},{"@type":"WebPage","@id":"https:\/\/www.eldiario.net\/portal\/2021\/08\/17\/196-anos-de-creacion-de-la-bandera-nacional\/","url":"https:\/\/www.eldiario.net\/portal\/2021\/08\/17\/196-anos-de-creacion-de-la-bandera-nacional\/","name":"196 a\u00f1os de creaci\u00f3n de la Bandera Nacional - El Diario - Bolivia","isPartOf":{"@id":"https:\/\/www.eldiario.net\/portal\/#website"},"primaryImageOfPage":{"@id":"https:\/\/www.eldiario.net\/portal\/2021\/08\/17\/196-anos-de-creacion-de-la-bandera-nacional\/#primaryimage"},"image":{"@id":"https:\/\/www.eldiario.net\/portal\/2021\/08\/17\/196-anos-de-creacion-de-la-bandera-nacional\/#primaryimage"},"thumbnailUrl":"","datePublished":"2021-08-17T10:37:49+00:00","breadcrumb":{"@id":"https:\/\/www.eldiario.net\/portal\/2021\/08\/17\/196-anos-de-creacion-de-la-bandera-nacional\/#breadcrumb"},"inLanguage":"es","potentialAction":[{"@type":"ReadAction","target":["https:\/\/www.eldiario.net\/portal\/2021\/08\/17\/196-anos-de-creacion-de-la-bandera-nacional\/"]}]},{"@type":"ImageObject","inLanguage":"es","@id":"https:\/\/www.eldiario.net\/portal\/2021\/08\/17\/196-anos-de-creacion-de-la-bandera-nacional\/#primaryimage","url":"","contentUrl":""},{"@type":"BreadcrumbList","@id":"https:\/\/www.eldiario.net\/portal\/2021\/08\/17\/196-anos-de-creacion-de-la-bandera-nacional\/#breadcrumb","itemListElement":[{"@type":"ListItem","position":1,"name":"Portada","item":"https:\/\/www.eldiario.net\/portal\/"},{"@type":"ListItem","position":2,"name":"196 a\u00f1os de creaci\u00f3n de la Bandera Nacional"}]},{"@type":"WebSite","@id":"https:\/\/www.eldiario.net\/portal\/#website","url":"https:\/\/www.eldiario.net\/portal\/","name":"El Diario - Decano de la prensa nacional","description":"El Diario - Decano de la prensa nacional","publisher":{"@id":"https:\/\/www.eldiario.net\/portal\/#organization"},"potentialAction":[{"@type":"SearchAction","target":{"@type":"EntryPoint","urlTemplate":"https:\/\/www.eldiario.net\/portal\/?s={search_term_string}"},"query-input":{"@type":"PropertyValueSpecification","valueRequired":true,"valueName":"search_term_string"}}],"inLanguage":"es"},{"@type":"Organization","@id":"https:\/\/www.eldiario.net\/portal\/#organization","name":"El Diario - Decano de la prensa nacional","url":"https:\/\/www.eldiario.net\/portal\/","logo":{"@type":"ImageObject","inLanguage":"es","@id":"https:\/\/www.eldiario.net\/portal\/#\/schema\/logo\/image\/","url":"https:\/\/www.eldiario.net\/portal\/wp-content\/uploads\/2023\/07\/logo_ED.jpg","contentUrl":"https:\/\/www.eldiario.net\/portal\/wp-content\/uploads\/2023\/07\/logo_ED.jpg","width":272,"height":52,"caption":"El Diario - Decano de la prensa nacional"},"image":{"@id":"https:\/\/www.eldiario.net\/portal\/#\/schema\/logo\/image\/"},"sameAs":["https:\/\/www.facebook.com\/eldiario.bolivia\/","https:\/\/x.com\/eldiario_net"]},{"@type":"Person","@id":"https:\/\/www.eldiario.net\/portal\/#\/schema\/person\/2c57cf2b7a7ae032e449e4c9b1019eac","name":"Jeanette","image":{"@type":"ImageObject","inLanguage":"es","@id":"https:\/\/secure.gravatar.com\/avatar\/3ea2118a5f7dad2b7138b1187a6b7ee55f160b9968b66013c3a3ef39dd7e5798?s=96&d=mm&r=g","url":"https:\/\/secure.gravatar.com\/avatar\/3ea2118a5f7dad2b7138b1187a6b7ee55f160b9968b66013c3a3ef39dd7e5798?s=96&d=mm&r=g","contentUrl":"https:\/\/secure.gravatar.com\/avatar\/3ea2118a5f7dad2b7138b1187a6b7ee55f160b9968b66013c3a3ef39dd7e5798?s=96&d=mm&r=g","caption":"Jeanette"},"sameAs":["https:\/\/www.eldiario.net\/portal"],"url":"https:\/\/www.eldiario.net\/portal\/author\/jeanette\/"}]}},"_links":{"self":[{"href":"https:\/\/www.eldiario.net\/portal\/wp-json\/wp\/v2\/posts\/23974","targetHints":{"allow":["GET"]}}],"collection":[{"href":"https:\/\/www.eldiario.net\/portal\/wp-json\/wp\/v2\/posts"}],"about":[{"href":"https:\/\/www.eldiario.net\/portal\/wp-json\/wp\/v2\/types\/post"}],"author":[{"embeddable":true,"href":"https:\/\/www.eldiario.net\/portal\/wp-json\/wp\/v2\/users\/1"}],"replies":[{"embeddable":true,"href":"https:\/\/www.eldiario.net\/portal\/wp-json\/wp\/v2\/comments?post=23974"}],"version-history":[{"count":0,"href":"https:\/\/www.eldiario.net\/portal\/wp-json\/wp\/v2\/posts\/23974\/revisions"}],"wp:attachment":[{"href":"https:\/\/www.eldiario.net\/portal\/wp-json\/wp\/v2\/media?parent=23974"}],"wp:term":[{"taxonomy":"category","embeddable":true,"href":"https:\/\/www.eldiario.net\/portal\/wp-json\/wp\/v2\/categories?post=23974"},{"taxonomy":"post_tag","embeddable":true,"href":"https:\/\/www.eldiario.net\/portal\/wp-json\/wp\/v2\/tags?post=23974"}],"curies":[{"name":"wp","href":"https:\/\/api.w.org\/{rel}","templated":true}]}}