{"id":23971,"date":"2021-08-17T06:35:57","date_gmt":"2021-08-17T10:35:57","guid":{"rendered":"https:\/\/www.eldiario.net\/portal\/?p=23971"},"modified":"2021-08-17T06:35:57","modified_gmt":"2021-08-17T10:35:57","slug":"conade-espera-que-informe-del-giei-sea-completo-e-imparcial","status":"publish","type":"post","link":"https:\/\/www.eldiario.net\/portal\/2021\/08\/17\/conade-espera-que-informe-del-giei-sea-completo-e-imparcial\/","title":{"rendered":"Conade espera que informe del  GIEI sea completo e imparcial"},"content":{"rendered":"<p>El Comit\u00e9 Nacional en Defensa de la Democracia (Conade) espera que el informe que ser\u00e1 entregado por el Grupo Interdisciplinario de Expertos Independientes (GIEI) sea completo e imparcial, para iniciar procesos legales a los autores, c\u00f3mplices y beneficiarios de todos los delitos y violaciones a los derechos humanos generados antes, durante y despu\u00e9s de los comicios anulados de 2019.<\/p>\n<p>Mediante un comunicado, el ente defensor de la democracia expres\u00f3 que a horas de la entrega de informe final del GIEI Bolivia sobre los hechos de violencia y violaciones a los derechos humanos en 2019, el estudio permita identificar todos los delitos cometidos entre octubre y diciembre del 2019, producto de las irregularidades en las elecciones generales de ese a\u00f1o.<\/p>\n<p>\u201cUn informe completo e imparcial, en ausencia de un organismo nacional que tenga la competencia para hacerlo (ni el Ministerio Publico ni la interina Defensor\u00eda del Pueblo pudieron hacerlo), generara los procesos legales correspondientes para la sanci\u00f3n a los autores, c\u00f3mplices y beneficiarios de las violaciones a los derechos humanos. Se entiende que la reparaci\u00f3n es parte constitutiva de este proceso\u201d se\u00f1ala parte del comunicado.<\/p>\n<p>La nota se\u00f1ala como el inicio de todo el conflicto al desconocimiento de los resultados del refer\u00e9ndum del 21F, pues a partir de este momento tuvieron lugar una serie de eventos que provocaron e incrementaron la confrontaci\u00f3n en el pa\u00eds.<\/p>\n<p>\u201cFue la acci\u00f3n ilegal de impulsar el referendo constitucional del 16 de febrero de 2016 y de desconocer su car\u00e1cter vinculante, el que llev\u00f3 a generar la polarizaci\u00f3n que vivi\u00f3 el pa\u00eds desde ese a\u00f1o hasta el 2019. A ello se sum\u00f3 la vulneraci\u00f3n de derechos pol\u00edticos y electorales consignada en el fraude electoral del 2019 que crisparon las posiciones entre el campo ciudadano, democr\u00e1tico y reivindicador de la democracia y de la Constituci\u00f3n Pol\u00edtica del Estado frente al MAS\u201d se se\u00f1ala.<\/p>\n<p>Desde el Conade, adem\u00e1s, se indica que para que el informe del GIEI-CIDH sea viable en su efecto penal, debe abrogarse el Decreto Presidencial de Amnist\u00eda e Indulto, pues con esta normativa se libera de toda acusaci\u00f3n penal a los autores de violaciones de derechos humanos y agresiones a la ciudadan\u00eda y los bienes del Estado, de manera parcializada e ilegal.<\/p>\n<p>\u201cEl informe del GIEI-CIDH ser\u00e1 insumo de un Juicio de Responsabilidades contra Evo Morales y sus colaboradores por delitos cometidos en el ejercicio de sus funciones. El CONADE recibe este informe con la aspiraci\u00f3n de que se haga justicia y se supere esta campa\u00f1a de odio y fanatismo con el cual se ha manipulado los hechos del 2019 desde el \u00e1mbito gubernamental\u201d.<\/p>\n<p>&nbsp;<\/p>\n","protected":false},"excerpt":{"rendered":"<p>El Comit\u00e9 Nacional en Defensa de la Democracia (Conade) espera que el informe que ser\u00e1 entregado por el Grupo Interdisciplinario de Expertos Independientes (GIEI) sea completo e imparcial, para iniciar procesos legales a los autores, c\u00f3mplices y beneficiarios de todos los delitos y violaciones a los derechos humanos generados antes, durante y despu\u00e9s de los [&hellip;]<\/p>\n","protected":false},"author":1,"featured_media":23972,"comment_status":"closed","ping_status":"closed","sticky":false,"template":"","format":"standard","meta":{"_acf_changed":false,"footnotes":""},"categories":[15],"tags":[],"class_list":["post-23971","post","type-post","status-publish","format-standard","has-post-thumbnail","category-portada"],"acf":{"antetitulo":""},"yoast_head":"<!-- This site is optimized with the Yoast SEO plugin v28.4 - https:\/\/yoast.com\/product\/yoast-seo-wordpress\/ -->\n<title>Conade espera que informe del GIEI sea completo e imparcial - El Diario - Bolivia<\/title>\n<meta name=\"robots\" content=\"index, follow, max-snippet:-1, max-image-preview:large, max-video-preview:-1\" \/>\n<link rel=\"canonical\" href=\"https:\/\/www.eldiario.net\/portal\/2021\/08\/17\/conade-espera-que-informe-del-giei-sea-completo-e-imparcial\/\" \/>\n<meta property=\"og:locale\" content=\"es_ES\" \/>\n<meta property=\"og:type\" content=\"article\" \/>\n<meta property=\"og:title\" content=\"Conade espera que informe del GIEI sea completo e imparcial - El Diario - Bolivia\" \/>\n<meta property=\"og:description\" content=\"El Comit\u00e9 Nacional en Defensa de la Democracia (Conade) espera que el informe que ser\u00e1 entregado por el Grupo Interdisciplinario de Expertos Independientes (GIEI) sea completo e imparcial, para iniciar procesos legales a los autores, c\u00f3mplices y beneficiarios de todos los delitos y violaciones a los derechos humanos generados antes, durante y despu\u00e9s de los [&hellip;]\" \/>\n<meta property=\"og:url\" content=\"https:\/\/www.eldiario.net\/portal\/2021\/08\/17\/conade-espera-que-informe-del-giei-sea-completo-e-imparcial\/\" \/>\n<meta property=\"og:site_name\" content=\"El Diario - Bolivia\" \/>\n<meta property=\"article:publisher\" content=\"https:\/\/www.facebook.com\/eldiario.bolivia\/\" \/>\n<meta property=\"article:published_time\" content=\"2021-08-17T10:35:57+00:00\" \/>\n<meta name=\"author\" content=\"Jeanette\" \/>\n<meta name=\"twitter:card\" content=\"summary_large_image\" \/>\n<meta name=\"twitter:creator\" content=\"@eldiario_net\" \/>\n<meta name=\"twitter:site\" content=\"@eldiario_net\" \/>\n<meta name=\"twitter:label1\" content=\"Escrito por\" \/>\n\t<meta name=\"twitter:data1\" content=\"Jeanette\" \/>\n\t<meta name=\"twitter:label2\" content=\"Tiempo de lectura\" \/>\n\t<meta name=\"twitter:data2\" content=\"2 minutos\" \/>\n<script type=\"application\/ld+json\" class=\"yoast-schema-graph\">{\"@context\":\"https:\\\/\\\/schema.org\",\"@graph\":[{\"@type\":\"Article\",\"@id\":\"https:\\\/\\\/www.eldiario.net\\\/portal\\\/2021\\\/08\\\/17\\\/conade-espera-que-informe-del-giei-sea-completo-e-imparcial\\\/#article\",\"isPartOf\":{\"@id\":\"https:\\\/\\\/www.eldiario.net\\\/portal\\\/2021\\\/08\\\/17\\\/conade-espera-que-informe-del-giei-sea-completo-e-imparcial\\\/\"},\"author\":{\"name\":\"Jeanette\",\"@id\":\"https:\\\/\\\/www.eldiario.net\\\/portal\\\/#\\\/schema\\\/person\\\/2c57cf2b7a7ae032e449e4c9b1019eac\"},\"headline\":\"Conade espera que informe del GIEI sea completo e imparcial\",\"datePublished\":\"2021-08-17T10:35:57+00:00\",\"mainEntityOfPage\":{\"@id\":\"https:\\\/\\\/www.eldiario.net\\\/portal\\\/2021\\\/08\\\/17\\\/conade-espera-que-informe-del-giei-sea-completo-e-imparcial\\\/\"},\"wordCount\":461,\"publisher\":{\"@id\":\"https:\\\/\\\/www.eldiario.net\\\/portal\\\/#organization\"},\"image\":{\"@id\":\"https:\\\/\\\/www.eldiario.net\\\/portal\\\/2021\\\/08\\\/17\\\/conade-espera-que-informe-del-giei-sea-completo-e-imparcial\\\/#primaryimage\"},\"thumbnailUrl\":\"\",\"articleSection\":[\"Portada\"],\"inLanguage\":\"es\"},{\"@type\":\"WebPage\",\"@id\":\"https:\\\/\\\/www.eldiario.net\\\/portal\\\/2021\\\/08\\\/17\\\/conade-espera-que-informe-del-giei-sea-completo-e-imparcial\\\/\",\"url\":\"https:\\\/\\\/www.eldiario.net\\\/portal\\\/2021\\\/08\\\/17\\\/conade-espera-que-informe-del-giei-sea-completo-e-imparcial\\\/\",\"name\":\"Conade espera que informe del GIEI sea completo e imparcial - El Diario - Bolivia\",\"isPartOf\":{\"@id\":\"https:\\\/\\\/www.eldiario.net\\\/portal\\\/#website\"},\"primaryImageOfPage\":{\"@id\":\"https:\\\/\\\/www.eldiario.net\\\/portal\\\/2021\\\/08\\\/17\\\/conade-espera-que-informe-del-giei-sea-completo-e-imparcial\\\/#primaryimage\"},\"image\":{\"@id\":\"https:\\\/\\\/www.eldiario.net\\\/portal\\\/2021\\\/08\\\/17\\\/conade-espera-que-informe-del-giei-sea-completo-e-imparcial\\\/#primaryimage\"},\"thumbnailUrl\":\"\",\"datePublished\":\"2021-08-17T10:35:57+00:00\",\"breadcrumb\":{\"@id\":\"https:\\\/\\\/www.eldiario.net\\\/portal\\\/2021\\\/08\\\/17\\\/conade-espera-que-informe-del-giei-sea-completo-e-imparcial\\\/#breadcrumb\"},\"inLanguage\":\"es\",\"potentialAction\":[{\"@type\":\"ReadAction\",\"target\":[\"https:\\\/\\\/www.eldiario.net\\\/portal\\\/2021\\\/08\\\/17\\\/conade-espera-que-informe-del-giei-sea-completo-e-imparcial\\\/\"]}]},{\"@type\":\"ImageObject\",\"inLanguage\":\"es\",\"@id\":\"https:\\\/\\\/www.eldiario.net\\\/portal\\\/2021\\\/08\\\/17\\\/conade-espera-que-informe-del-giei-sea-completo-e-imparcial\\\/#primaryimage\",\"url\":\"\",\"contentUrl\":\"\"},{\"@type\":\"BreadcrumbList\",\"@id\":\"https:\\\/\\\/www.eldiario.net\\\/portal\\\/2021\\\/08\\\/17\\\/conade-espera-que-informe-del-giei-sea-completo-e-imparcial\\\/#breadcrumb\",\"itemListElement\":[{\"@type\":\"ListItem\",\"position\":1,\"name\":\"Portada\",\"item\":\"https:\\\/\\\/www.eldiario.net\\\/portal\\\/\"},{\"@type\":\"ListItem\",\"position\":2,\"name\":\"Conade espera que informe del GIEI sea completo e imparcial\"}]},{\"@type\":\"WebSite\",\"@id\":\"https:\\\/\\\/www.eldiario.net\\\/portal\\\/#website\",\"url\":\"https:\\\/\\\/www.eldiario.net\\\/portal\\\/\",\"name\":\"El Diario - Decano de la prensa nacional\",\"description\":\"El Diario - Decano de la prensa nacional\",\"publisher\":{\"@id\":\"https:\\\/\\\/www.eldiario.net\\\/portal\\\/#organization\"},\"potentialAction\":[{\"@type\":\"SearchAction\",\"target\":{\"@type\":\"EntryPoint\",\"urlTemplate\":\"https:\\\/\\\/www.eldiario.net\\\/portal\\\/?s={search_term_string}\"},\"query-input\":{\"@type\":\"PropertyValueSpecification\",\"valueRequired\":true,\"valueName\":\"search_term_string\"}}],\"inLanguage\":\"es\"},{\"@type\":\"Organization\",\"@id\":\"https:\\\/\\\/www.eldiario.net\\\/portal\\\/#organization\",\"name\":\"El Diario - Decano de la prensa nacional\",\"url\":\"https:\\\/\\\/www.eldiario.net\\\/portal\\\/\",\"logo\":{\"@type\":\"ImageObject\",\"inLanguage\":\"es\",\"@id\":\"https:\\\/\\\/www.eldiario.net\\\/portal\\\/#\\\/schema\\\/logo\\\/image\\\/\",\"url\":\"https:\\\/\\\/www.eldiario.net\\\/portal\\\/wp-content\\\/uploads\\\/2023\\\/07\\\/logo_ED.jpg\",\"contentUrl\":\"https:\\\/\\\/www.eldiario.net\\\/portal\\\/wp-content\\\/uploads\\\/2023\\\/07\\\/logo_ED.jpg\",\"width\":272,\"height\":52,\"caption\":\"El Diario - Decano de la prensa nacional\"},\"image\":{\"@id\":\"https:\\\/\\\/www.eldiario.net\\\/portal\\\/#\\\/schema\\\/logo\\\/image\\\/\"},\"sameAs\":[\"https:\\\/\\\/www.facebook.com\\\/eldiario.bolivia\\\/\",\"https:\\\/\\\/x.com\\\/eldiario_net\"]},{\"@type\":\"Person\",\"@id\":\"https:\\\/\\\/www.eldiario.net\\\/portal\\\/#\\\/schema\\\/person\\\/2c57cf2b7a7ae032e449e4c9b1019eac\",\"name\":\"Jeanette\",\"image\":{\"@type\":\"ImageObject\",\"inLanguage\":\"es\",\"@id\":\"https:\\\/\\\/secure.gravatar.com\\\/avatar\\\/3ea2118a5f7dad2b7138b1187a6b7ee55f160b9968b66013c3a3ef39dd7e5798?s=96&d=mm&r=g\",\"url\":\"https:\\\/\\\/secure.gravatar.com\\\/avatar\\\/3ea2118a5f7dad2b7138b1187a6b7ee55f160b9968b66013c3a3ef39dd7e5798?s=96&d=mm&r=g\",\"contentUrl\":\"https:\\\/\\\/secure.gravatar.com\\\/avatar\\\/3ea2118a5f7dad2b7138b1187a6b7ee55f160b9968b66013c3a3ef39dd7e5798?s=96&d=mm&r=g\",\"caption\":\"Jeanette\"},\"sameAs\":[\"https:\\\/\\\/www.eldiario.net\\\/portal\"],\"url\":\"https:\\\/\\\/www.eldiario.net\\\/portal\\\/author\\\/jeanette\\\/\"}]}<\/script>\n<!-- \/ Yoast SEO plugin. -->","yoast_head_json":{"title":"Conade espera que informe del GIEI sea completo e imparcial - El Diario - Bolivia","robots":{"index":"index","follow":"follow","max-snippet":"max-snippet:-1","max-image-preview":"max-image-preview:large","max-video-preview":"max-video-preview:-1"},"canonical":"https:\/\/www.eldiario.net\/portal\/2021\/08\/17\/conade-espera-que-informe-del-giei-sea-completo-e-imparcial\/","og_locale":"es_ES","og_type":"article","og_title":"Conade espera que informe del GIEI sea completo e imparcial - El Diario - Bolivia","og_description":"El Comit\u00e9 Nacional en Defensa de la Democracia (Conade) espera que el informe que ser\u00e1 entregado por el Grupo Interdisciplinario de Expertos Independientes (GIEI) sea completo e imparcial, para iniciar procesos legales a los autores, c\u00f3mplices y beneficiarios de todos los delitos y violaciones a los derechos humanos generados antes, durante y despu\u00e9s de los [&hellip;]","og_url":"https:\/\/www.eldiario.net\/portal\/2021\/08\/17\/conade-espera-que-informe-del-giei-sea-completo-e-imparcial\/","og_site_name":"El Diario - Bolivia","article_publisher":"https:\/\/www.facebook.com\/eldiario.bolivia\/","article_published_time":"2021-08-17T10:35:57+00:00","author":"Jeanette","twitter_card":"summary_large_image","twitter_creator":"@eldiario_net","twitter_site":"@eldiario_net","twitter_misc":{"Escrito por":"Jeanette","Tiempo de lectura":"2 minutos"},"schema":{"@context":"https:\/\/schema.org","@graph":[{"@type":"Article","@id":"https:\/\/www.eldiario.net\/portal\/2021\/08\/17\/conade-espera-que-informe-del-giei-sea-completo-e-imparcial\/#article","isPartOf":{"@id":"https:\/\/www.eldiario.net\/portal\/2021\/08\/17\/conade-espera-que-informe-del-giei-sea-completo-e-imparcial\/"},"author":{"name":"Jeanette","@id":"https:\/\/www.eldiario.net\/portal\/#\/schema\/person\/2c57cf2b7a7ae032e449e4c9b1019eac"},"headline":"Conade espera que informe del GIEI sea completo e imparcial","datePublished":"2021-08-17T10:35:57+00:00","mainEntityOfPage":{"@id":"https:\/\/www.eldiario.net\/portal\/2021\/08\/17\/conade-espera-que-informe-del-giei-sea-completo-e-imparcial\/"},"wordCount":461,"publisher":{"@id":"https:\/\/www.eldiario.net\/portal\/#organization"},"image":{"@id":"https:\/\/www.eldiario.net\/portal\/2021\/08\/17\/conade-espera-que-informe-del-giei-sea-completo-e-imparcial\/#primaryimage"},"thumbnailUrl":"","articleSection":["Portada"],"inLanguage":"es"},{"@type":"WebPage","@id":"https:\/\/www.eldiario.net\/portal\/2021\/08\/17\/conade-espera-que-informe-del-giei-sea-completo-e-imparcial\/","url":"https:\/\/www.eldiario.net\/portal\/2021\/08\/17\/conade-espera-que-informe-del-giei-sea-completo-e-imparcial\/","name":"Conade espera que informe del GIEI sea completo e imparcial - El Diario - Bolivia","isPartOf":{"@id":"https:\/\/www.eldiario.net\/portal\/#website"},"primaryImageOfPage":{"@id":"https:\/\/www.eldiario.net\/portal\/2021\/08\/17\/conade-espera-que-informe-del-giei-sea-completo-e-imparcial\/#primaryimage"},"image":{"@id":"https:\/\/www.eldiario.net\/portal\/2021\/08\/17\/conade-espera-que-informe-del-giei-sea-completo-e-imparcial\/#primaryimage"},"thumbnailUrl":"","datePublished":"2021-08-17T10:35:57+00:00","breadcrumb":{"@id":"https:\/\/www.eldiario.net\/portal\/2021\/08\/17\/conade-espera-que-informe-del-giei-sea-completo-e-imparcial\/#breadcrumb"},"inLanguage":"es","potentialAction":[{"@type":"ReadAction","target":["https:\/\/www.eldiario.net\/portal\/2021\/08\/17\/conade-espera-que-informe-del-giei-sea-completo-e-imparcial\/"]}]},{"@type":"ImageObject","inLanguage":"es","@id":"https:\/\/www.eldiario.net\/portal\/2021\/08\/17\/conade-espera-que-informe-del-giei-sea-completo-e-imparcial\/#primaryimage","url":"","contentUrl":""},{"@type":"BreadcrumbList","@id":"https:\/\/www.eldiario.net\/portal\/2021\/08\/17\/conade-espera-que-informe-del-giei-sea-completo-e-imparcial\/#breadcrumb","itemListElement":[{"@type":"ListItem","position":1,"name":"Portada","item":"https:\/\/www.eldiario.net\/portal\/"},{"@type":"ListItem","position":2,"name":"Conade espera que informe del GIEI sea completo e imparcial"}]},{"@type":"WebSite","@id":"https:\/\/www.eldiario.net\/portal\/#website","url":"https:\/\/www.eldiario.net\/portal\/","name":"El Diario - Decano de la prensa nacional","description":"El Diario - Decano de la prensa nacional","publisher":{"@id":"https:\/\/www.eldiario.net\/portal\/#organization"},"potentialAction":[{"@type":"SearchAction","target":{"@type":"EntryPoint","urlTemplate":"https:\/\/www.eldiario.net\/portal\/?s={search_term_string}"},"query-input":{"@type":"PropertyValueSpecification","valueRequired":true,"valueName":"search_term_string"}}],"inLanguage":"es"},{"@type":"Organization","@id":"https:\/\/www.eldiario.net\/portal\/#organization","name":"El Diario - Decano de la prensa nacional","url":"https:\/\/www.eldiario.net\/portal\/","logo":{"@type":"ImageObject","inLanguage":"es","@id":"https:\/\/www.eldiario.net\/portal\/#\/schema\/logo\/image\/","url":"https:\/\/www.eldiario.net\/portal\/wp-content\/uploads\/2023\/07\/logo_ED.jpg","contentUrl":"https:\/\/www.eldiario.net\/portal\/wp-content\/uploads\/2023\/07\/logo_ED.jpg","width":272,"height":52,"caption":"El Diario - Decano de la prensa nacional"},"image":{"@id":"https:\/\/www.eldiario.net\/portal\/#\/schema\/logo\/image\/"},"sameAs":["https:\/\/www.facebook.com\/eldiario.bolivia\/","https:\/\/x.com\/eldiario_net"]},{"@type":"Person","@id":"https:\/\/www.eldiario.net\/portal\/#\/schema\/person\/2c57cf2b7a7ae032e449e4c9b1019eac","name":"Jeanette","image":{"@type":"ImageObject","inLanguage":"es","@id":"https:\/\/secure.gravatar.com\/avatar\/3ea2118a5f7dad2b7138b1187a6b7ee55f160b9968b66013c3a3ef39dd7e5798?s=96&d=mm&r=g","url":"https:\/\/secure.gravatar.com\/avatar\/3ea2118a5f7dad2b7138b1187a6b7ee55f160b9968b66013c3a3ef39dd7e5798?s=96&d=mm&r=g","contentUrl":"https:\/\/secure.gravatar.com\/avatar\/3ea2118a5f7dad2b7138b1187a6b7ee55f160b9968b66013c3a3ef39dd7e5798?s=96&d=mm&r=g","caption":"Jeanette"},"sameAs":["https:\/\/www.eldiario.net\/portal"],"url":"https:\/\/www.eldiario.net\/portal\/author\/jeanette\/"}]}},"_links":{"self":[{"href":"https:\/\/www.eldiario.net\/portal\/wp-json\/wp\/v2\/posts\/23971","targetHints":{"allow":["GET"]}}],"collection":[{"href":"https:\/\/www.eldiario.net\/portal\/wp-json\/wp\/v2\/posts"}],"about":[{"href":"https:\/\/www.eldiario.net\/portal\/wp-json\/wp\/v2\/types\/post"}],"author":[{"embeddable":true,"href":"https:\/\/www.eldiario.net\/portal\/wp-json\/wp\/v2\/users\/1"}],"replies":[{"embeddable":true,"href":"https:\/\/www.eldiario.net\/portal\/wp-json\/wp\/v2\/comments?post=23971"}],"version-history":[{"count":0,"href":"https:\/\/www.eldiario.net\/portal\/wp-json\/wp\/v2\/posts\/23971\/revisions"}],"wp:attachment":[{"href":"https:\/\/www.eldiario.net\/portal\/wp-json\/wp\/v2\/media?parent=23971"}],"wp:term":[{"taxonomy":"category","embeddable":true,"href":"https:\/\/www.eldiario.net\/portal\/wp-json\/wp\/v2\/categories?post=23971"},{"taxonomy":"post_tag","embeddable":true,"href":"https:\/\/www.eldiario.net\/portal\/wp-json\/wp\/v2\/tags?post=23971"}],"curies":[{"name":"wp","href":"https:\/\/api.w.org\/{rel}","templated":true}]}}