{"id":239632,"date":"2024-08-09T09:29:10","date_gmt":"2024-08-09T13:29:10","guid":{"rendered":"https:\/\/www.eldiario.net\/portal\/?p=239632"},"modified":"2024-08-09T09:29:10","modified_gmt":"2024-08-09T13:29:10","slug":"cierran-parte-de-la-calle-21-de-calacoto-de-la-paz-para-obras-en-la-ciclovia-sur","status":"publish","type":"post","link":"https:\/\/www.eldiario.net\/portal\/2024\/08\/09\/cierran-parte-de-la-calle-21-de-calacoto-de-la-paz-para-obras-en-la-ciclovia-sur\/","title":{"rendered":"Cierran parte de la calle 21 de Calacoto de La Paz para obras en la Ciclov\u00eda Sur"},"content":{"rendered":"<p>Un carril de la calle 21 de la zona de Calacoto de la ciudad de La Paz fue cerrada, para la realizaci\u00f3n de obra en la Ciclov\u00eda Sur.<\/p>\n<p>Seg\u00fan un comunicado oficial, el tr\u00e1nsito vehicular estar\u00e1 cortado por la v\u00eda hasta las 18:00 horas, entre la avenida Julio Pati\u00f1o y la calle Ignacio Cordero.<\/p>\n<p>Los propietarios de veh\u00edculos particulares y p\u00fablicos tienen desv\u00edos habilitados para evitar problemas en su circulaci\u00f3n por la zona sur.<\/p>\n<p>&nbsp;<\/p>\n","protected":false},"excerpt":{"rendered":"<p>Un carril de la calle 21 de la zona de Calacoto de la ciudad de La Paz fue cerrada, para la realizaci\u00f3n de obra en la Ciclov\u00eda Sur. Seg\u00fan un comunicado oficial, el tr\u00e1nsito vehicular estar\u00e1 cortado por la v\u00eda hasta las 18:00 horas, entre la avenida Julio Pati\u00f1o y la calle Ignacio Cordero. Los [&hellip;]<\/p>\n","protected":false},"author":2,"featured_media":239633,"comment_status":"open","ping_status":"open","sticky":false,"template":"","format":"standard","meta":{"_acf_changed":false,"footnotes":""},"categories":[51],"tags":[],"class_list":["post-239632","post","type-post","status-publish","format-standard","has-post-thumbnail","category-ultima-hora"],"acf":{"antetitulo":""},"yoast_head":"<!-- This site is optimized with the Yoast SEO plugin v28.3 - https:\/\/yoast.com\/product\/yoast-seo-wordpress\/ -->\n<title>Cierran parte de la calle 21 de Calacoto de La Paz para obras en la Ciclov\u00eda Sur - El Diario - Bolivia<\/title>\n<meta name=\"robots\" content=\"index, follow, max-snippet:-1, max-image-preview:large, max-video-preview:-1\" \/>\n<link rel=\"canonical\" href=\"https:\/\/www.eldiario.net\/portal\/2024\/08\/09\/cierran-parte-de-la-calle-21-de-calacoto-de-la-paz-para-obras-en-la-ciclovia-sur\/\" \/>\n<meta property=\"og:locale\" content=\"es_ES\" \/>\n<meta property=\"og:type\" content=\"article\" \/>\n<meta property=\"og:title\" content=\"Cierran parte de la calle 21 de Calacoto de La Paz para obras en la Ciclov\u00eda Sur - El Diario - Bolivia\" \/>\n<meta property=\"og:description\" content=\"Un carril de la calle 21 de la zona de Calacoto de la ciudad de La Paz fue cerrada, para la realizaci\u00f3n de obra en la Ciclov\u00eda Sur. Seg\u00fan un comunicado oficial, el tr\u00e1nsito vehicular estar\u00e1 cortado por la v\u00eda hasta las 18:00 horas, entre la avenida Julio Pati\u00f1o y la calle Ignacio Cordero. Los [&hellip;]\" \/>\n<meta property=\"og:url\" content=\"https:\/\/www.eldiario.net\/portal\/2024\/08\/09\/cierran-parte-de-la-calle-21-de-calacoto-de-la-paz-para-obras-en-la-ciclovia-sur\/\" \/>\n<meta property=\"og:site_name\" content=\"El Diario - Bolivia\" \/>\n<meta property=\"article:publisher\" content=\"https:\/\/www.facebook.com\/eldiario.bolivia\/\" \/>\n<meta property=\"article:published_time\" content=\"2024-08-09T13:29:10+00:00\" \/>\n<meta property=\"og:image\" content=\"https:\/\/www.eldiario.net\/portal\/wp-content\/uploads\/2024\/08\/CICLOVIA-9.jpg\" \/>\n\t<meta property=\"og:image:width\" content=\"899\" \/>\n\t<meta property=\"og:image:height\" content=\"663\" \/>\n\t<meta property=\"og:image:type\" content=\"image\/jpeg\" \/>\n<meta name=\"author\" content=\"luis Camacho\" \/>\n<meta name=\"twitter:card\" content=\"summary_large_image\" \/>\n<meta name=\"twitter:creator\" content=\"@eldiario_net\" \/>\n<meta name=\"twitter:site\" content=\"@eldiario_net\" \/>\n<meta name=\"twitter:label1\" content=\"Escrito por\" \/>\n\t<meta name=\"twitter:data1\" content=\"luis Camacho\" \/>\n\t<meta name=\"twitter:label2\" content=\"Tiempo de lectura\" \/>\n\t<meta name=\"twitter:data2\" content=\"1 minuto\" \/>\n<script type=\"application\/ld+json\" class=\"yoast-schema-graph\">{\"@context\":\"https:\\\/\\\/schema.org\",\"@graph\":[{\"@type\":\"Article\",\"@id\":\"https:\\\/\\\/www.eldiario.net\\\/portal\\\/2024\\\/08\\\/09\\\/cierran-parte-de-la-calle-21-de-calacoto-de-la-paz-para-obras-en-la-ciclovia-sur\\\/#article\",\"isPartOf\":{\"@id\":\"https:\\\/\\\/www.eldiario.net\\\/portal\\\/2024\\\/08\\\/09\\\/cierran-parte-de-la-calle-21-de-calacoto-de-la-paz-para-obras-en-la-ciclovia-sur\\\/\"},\"author\":{\"name\":\"luis Camacho\",\"@id\":\"https:\\\/\\\/www.eldiario.net\\\/portal\\\/#\\\/schema\\\/person\\\/cab1ae4db27e5f008a62cbffb05fbfee\"},\"headline\":\"Cierran parte de la calle 21 de Calacoto de La Paz para obras en la Ciclov\u00eda Sur\",\"datePublished\":\"2024-08-09T13:29:10+00:00\",\"mainEntityOfPage\":{\"@id\":\"https:\\\/\\\/www.eldiario.net\\\/portal\\\/2024\\\/08\\\/09\\\/cierran-parte-de-la-calle-21-de-calacoto-de-la-paz-para-obras-en-la-ciclovia-sur\\\/\"},\"wordCount\":100,\"commentCount\":0,\"publisher\":{\"@id\":\"https:\\\/\\\/www.eldiario.net\\\/portal\\\/#organization\"},\"image\":{\"@id\":\"https:\\\/\\\/www.eldiario.net\\\/portal\\\/2024\\\/08\\\/09\\\/cierran-parte-de-la-calle-21-de-calacoto-de-la-paz-para-obras-en-la-ciclovia-sur\\\/#primaryimage\"},\"thumbnailUrl\":\"https:\\\/\\\/www.eldiario.net\\\/portal\\\/wp-content\\\/uploads\\\/2024\\\/08\\\/CICLOVIA-9.jpg\",\"articleSection\":[\"\u00daltima Hora\"],\"inLanguage\":\"es\",\"potentialAction\":[{\"@type\":\"CommentAction\",\"name\":\"Comment\",\"target\":[\"https:\\\/\\\/www.eldiario.net\\\/portal\\\/2024\\\/08\\\/09\\\/cierran-parte-de-la-calle-21-de-calacoto-de-la-paz-para-obras-en-la-ciclovia-sur\\\/#respond\"]}]},{\"@type\":\"WebPage\",\"@id\":\"https:\\\/\\\/www.eldiario.net\\\/portal\\\/2024\\\/08\\\/09\\\/cierran-parte-de-la-calle-21-de-calacoto-de-la-paz-para-obras-en-la-ciclovia-sur\\\/\",\"url\":\"https:\\\/\\\/www.eldiario.net\\\/portal\\\/2024\\\/08\\\/09\\\/cierran-parte-de-la-calle-21-de-calacoto-de-la-paz-para-obras-en-la-ciclovia-sur\\\/\",\"name\":\"Cierran parte de la calle 21 de Calacoto de La Paz para obras en la Ciclov\u00eda Sur - El Diario - Bolivia\",\"isPartOf\":{\"@id\":\"https:\\\/\\\/www.eldiario.net\\\/portal\\\/#website\"},\"primaryImageOfPage\":{\"@id\":\"https:\\\/\\\/www.eldiario.net\\\/portal\\\/2024\\\/08\\\/09\\\/cierran-parte-de-la-calle-21-de-calacoto-de-la-paz-para-obras-en-la-ciclovia-sur\\\/#primaryimage\"},\"image\":{\"@id\":\"https:\\\/\\\/www.eldiario.net\\\/portal\\\/2024\\\/08\\\/09\\\/cierran-parte-de-la-calle-21-de-calacoto-de-la-paz-para-obras-en-la-ciclovia-sur\\\/#primaryimage\"},\"thumbnailUrl\":\"https:\\\/\\\/www.eldiario.net\\\/portal\\\/wp-content\\\/uploads\\\/2024\\\/08\\\/CICLOVIA-9.jpg\",\"datePublished\":\"2024-08-09T13:29:10+00:00\",\"breadcrumb\":{\"@id\":\"https:\\\/\\\/www.eldiario.net\\\/portal\\\/2024\\\/08\\\/09\\\/cierran-parte-de-la-calle-21-de-calacoto-de-la-paz-para-obras-en-la-ciclovia-sur\\\/#breadcrumb\"},\"inLanguage\":\"es\",\"potentialAction\":[{\"@type\":\"ReadAction\",\"target\":[\"https:\\\/\\\/www.eldiario.net\\\/portal\\\/2024\\\/08\\\/09\\\/cierran-parte-de-la-calle-21-de-calacoto-de-la-paz-para-obras-en-la-ciclovia-sur\\\/\"]}]},{\"@type\":\"ImageObject\",\"inLanguage\":\"es\",\"@id\":\"https:\\\/\\\/www.eldiario.net\\\/portal\\\/2024\\\/08\\\/09\\\/cierran-parte-de-la-calle-21-de-calacoto-de-la-paz-para-obras-en-la-ciclovia-sur\\\/#primaryimage\",\"url\":\"https:\\\/\\\/www.eldiario.net\\\/portal\\\/wp-content\\\/uploads\\\/2024\\\/08\\\/CICLOVIA-9.jpg\",\"contentUrl\":\"https:\\\/\\\/www.eldiario.net\\\/portal\\\/wp-content\\\/uploads\\\/2024\\\/08\\\/CICLOVIA-9.jpg\",\"width\":899,\"height\":663,\"caption\":\"Foto: Alcald\u00eda de La Paz.\"},{\"@type\":\"BreadcrumbList\",\"@id\":\"https:\\\/\\\/www.eldiario.net\\\/portal\\\/2024\\\/08\\\/09\\\/cierran-parte-de-la-calle-21-de-calacoto-de-la-paz-para-obras-en-la-ciclovia-sur\\\/#breadcrumb\",\"itemListElement\":[{\"@type\":\"ListItem\",\"position\":1,\"name\":\"Portada\",\"item\":\"https:\\\/\\\/www.eldiario.net\\\/portal\\\/\"},{\"@type\":\"ListItem\",\"position\":2,\"name\":\"Cierran parte de la calle 21 de Calacoto de La Paz para obras en la Ciclov\u00eda Sur\"}]},{\"@type\":\"WebSite\",\"@id\":\"https:\\\/\\\/www.eldiario.net\\\/portal\\\/#website\",\"url\":\"https:\\\/\\\/www.eldiario.net\\\/portal\\\/\",\"name\":\"El Diario - Decano de la prensa nacional\",\"description\":\"El Diario - Decano de la prensa nacional\",\"publisher\":{\"@id\":\"https:\\\/\\\/www.eldiario.net\\\/portal\\\/#organization\"},\"potentialAction\":[{\"@type\":\"SearchAction\",\"target\":{\"@type\":\"EntryPoint\",\"urlTemplate\":\"https:\\\/\\\/www.eldiario.net\\\/portal\\\/?s={search_term_string}\"},\"query-input\":{\"@type\":\"PropertyValueSpecification\",\"valueRequired\":true,\"valueName\":\"search_term_string\"}}],\"inLanguage\":\"es\"},{\"@type\":\"Organization\",\"@id\":\"https:\\\/\\\/www.eldiario.net\\\/portal\\\/#organization\",\"name\":\"El Diario - Decano de la prensa nacional\",\"url\":\"https:\\\/\\\/www.eldiario.net\\\/portal\\\/\",\"logo\":{\"@type\":\"ImageObject\",\"inLanguage\":\"es\",\"@id\":\"https:\\\/\\\/www.eldiario.net\\\/portal\\\/#\\\/schema\\\/logo\\\/image\\\/\",\"url\":\"https:\\\/\\\/www.eldiario.net\\\/portal\\\/wp-content\\\/uploads\\\/2023\\\/07\\\/logo_ED.jpg\",\"contentUrl\":\"https:\\\/\\\/www.eldiario.net\\\/portal\\\/wp-content\\\/uploads\\\/2023\\\/07\\\/logo_ED.jpg\",\"width\":272,\"height\":52,\"caption\":\"El Diario - Decano de la prensa nacional\"},\"image\":{\"@id\":\"https:\\\/\\\/www.eldiario.net\\\/portal\\\/#\\\/schema\\\/logo\\\/image\\\/\"},\"sameAs\":[\"https:\\\/\\\/www.facebook.com\\\/eldiario.bolivia\\\/\",\"https:\\\/\\\/x.com\\\/eldiario_net\"]},{\"@type\":\"Person\",\"@id\":\"https:\\\/\\\/www.eldiario.net\\\/portal\\\/#\\\/schema\\\/person\\\/cab1ae4db27e5f008a62cbffb05fbfee\",\"name\":\"luis Camacho\",\"image\":{\"@type\":\"ImageObject\",\"inLanguage\":\"es\",\"@id\":\"https:\\\/\\\/secure.gravatar.com\\\/avatar\\\/69ecb836b3826d5a2501bf06ab2a2f2c8ab211cc846758f395df21684cb38313?s=96&d=mm&r=g\",\"url\":\"https:\\\/\\\/secure.gravatar.com\\\/avatar\\\/69ecb836b3826d5a2501bf06ab2a2f2c8ab211cc846758f395df21684cb38313?s=96&d=mm&r=g\",\"contentUrl\":\"https:\\\/\\\/secure.gravatar.com\\\/avatar\\\/69ecb836b3826d5a2501bf06ab2a2f2c8ab211cc846758f395df21684cb38313?s=96&d=mm&r=g\",\"caption\":\"luis Camacho\"},\"url\":\"https:\\\/\\\/www.eldiario.net\\\/portal\\\/author\\\/luis\\\/\"}]}<\/script>\n<!-- \/ Yoast SEO plugin. -->","yoast_head_json":{"title":"Cierran parte de la calle 21 de Calacoto de La Paz para obras en la Ciclov\u00eda Sur - El Diario - Bolivia","robots":{"index":"index","follow":"follow","max-snippet":"max-snippet:-1","max-image-preview":"max-image-preview:large","max-video-preview":"max-video-preview:-1"},"canonical":"https:\/\/www.eldiario.net\/portal\/2024\/08\/09\/cierran-parte-de-la-calle-21-de-calacoto-de-la-paz-para-obras-en-la-ciclovia-sur\/","og_locale":"es_ES","og_type":"article","og_title":"Cierran parte de la calle 21 de Calacoto de La Paz para obras en la Ciclov\u00eda Sur - El Diario - Bolivia","og_description":"Un carril de la calle 21 de la zona de Calacoto de la ciudad de La Paz fue cerrada, para la realizaci\u00f3n de obra en la Ciclov\u00eda Sur. Seg\u00fan un comunicado oficial, el tr\u00e1nsito vehicular estar\u00e1 cortado por la v\u00eda hasta las 18:00 horas, entre la avenida Julio Pati\u00f1o y la calle Ignacio Cordero. Los [&hellip;]","og_url":"https:\/\/www.eldiario.net\/portal\/2024\/08\/09\/cierran-parte-de-la-calle-21-de-calacoto-de-la-paz-para-obras-en-la-ciclovia-sur\/","og_site_name":"El Diario - Bolivia","article_publisher":"https:\/\/www.facebook.com\/eldiario.bolivia\/","article_published_time":"2024-08-09T13:29:10+00:00","og_image":[{"width":899,"height":663,"url":"https:\/\/www.eldiario.net\/portal\/wp-content\/uploads\/2024\/08\/CICLOVIA-9.jpg","type":"image\/jpeg"}],"author":"luis Camacho","twitter_card":"summary_large_image","twitter_creator":"@eldiario_net","twitter_site":"@eldiario_net","twitter_misc":{"Escrito por":"luis Camacho","Tiempo de lectura":"1 minuto"},"schema":{"@context":"https:\/\/schema.org","@graph":[{"@type":"Article","@id":"https:\/\/www.eldiario.net\/portal\/2024\/08\/09\/cierran-parte-de-la-calle-21-de-calacoto-de-la-paz-para-obras-en-la-ciclovia-sur\/#article","isPartOf":{"@id":"https:\/\/www.eldiario.net\/portal\/2024\/08\/09\/cierran-parte-de-la-calle-21-de-calacoto-de-la-paz-para-obras-en-la-ciclovia-sur\/"},"author":{"name":"luis Camacho","@id":"https:\/\/www.eldiario.net\/portal\/#\/schema\/person\/cab1ae4db27e5f008a62cbffb05fbfee"},"headline":"Cierran parte de la calle 21 de Calacoto de La Paz para obras en la Ciclov\u00eda Sur","datePublished":"2024-08-09T13:29:10+00:00","mainEntityOfPage":{"@id":"https:\/\/www.eldiario.net\/portal\/2024\/08\/09\/cierran-parte-de-la-calle-21-de-calacoto-de-la-paz-para-obras-en-la-ciclovia-sur\/"},"wordCount":100,"commentCount":0,"publisher":{"@id":"https:\/\/www.eldiario.net\/portal\/#organization"},"image":{"@id":"https:\/\/www.eldiario.net\/portal\/2024\/08\/09\/cierran-parte-de-la-calle-21-de-calacoto-de-la-paz-para-obras-en-la-ciclovia-sur\/#primaryimage"},"thumbnailUrl":"https:\/\/www.eldiario.net\/portal\/wp-content\/uploads\/2024\/08\/CICLOVIA-9.jpg","articleSection":["\u00daltima Hora"],"inLanguage":"es","potentialAction":[{"@type":"CommentAction","name":"Comment","target":["https:\/\/www.eldiario.net\/portal\/2024\/08\/09\/cierran-parte-de-la-calle-21-de-calacoto-de-la-paz-para-obras-en-la-ciclovia-sur\/#respond"]}]},{"@type":"WebPage","@id":"https:\/\/www.eldiario.net\/portal\/2024\/08\/09\/cierran-parte-de-la-calle-21-de-calacoto-de-la-paz-para-obras-en-la-ciclovia-sur\/","url":"https:\/\/www.eldiario.net\/portal\/2024\/08\/09\/cierran-parte-de-la-calle-21-de-calacoto-de-la-paz-para-obras-en-la-ciclovia-sur\/","name":"Cierran parte de la calle 21 de Calacoto de La Paz para obras en la Ciclov\u00eda Sur - El Diario - Bolivia","isPartOf":{"@id":"https:\/\/www.eldiario.net\/portal\/#website"},"primaryImageOfPage":{"@id":"https:\/\/www.eldiario.net\/portal\/2024\/08\/09\/cierran-parte-de-la-calle-21-de-calacoto-de-la-paz-para-obras-en-la-ciclovia-sur\/#primaryimage"},"image":{"@id":"https:\/\/www.eldiario.net\/portal\/2024\/08\/09\/cierran-parte-de-la-calle-21-de-calacoto-de-la-paz-para-obras-en-la-ciclovia-sur\/#primaryimage"},"thumbnailUrl":"https:\/\/www.eldiario.net\/portal\/wp-content\/uploads\/2024\/08\/CICLOVIA-9.jpg","datePublished":"2024-08-09T13:29:10+00:00","breadcrumb":{"@id":"https:\/\/www.eldiario.net\/portal\/2024\/08\/09\/cierran-parte-de-la-calle-21-de-calacoto-de-la-paz-para-obras-en-la-ciclovia-sur\/#breadcrumb"},"inLanguage":"es","potentialAction":[{"@type":"ReadAction","target":["https:\/\/www.eldiario.net\/portal\/2024\/08\/09\/cierran-parte-de-la-calle-21-de-calacoto-de-la-paz-para-obras-en-la-ciclovia-sur\/"]}]},{"@type":"ImageObject","inLanguage":"es","@id":"https:\/\/www.eldiario.net\/portal\/2024\/08\/09\/cierran-parte-de-la-calle-21-de-calacoto-de-la-paz-para-obras-en-la-ciclovia-sur\/#primaryimage","url":"https:\/\/www.eldiario.net\/portal\/wp-content\/uploads\/2024\/08\/CICLOVIA-9.jpg","contentUrl":"https:\/\/www.eldiario.net\/portal\/wp-content\/uploads\/2024\/08\/CICLOVIA-9.jpg","width":899,"height":663,"caption":"Foto: Alcald\u00eda de La Paz."},{"@type":"BreadcrumbList","@id":"https:\/\/www.eldiario.net\/portal\/2024\/08\/09\/cierran-parte-de-la-calle-21-de-calacoto-de-la-paz-para-obras-en-la-ciclovia-sur\/#breadcrumb","itemListElement":[{"@type":"ListItem","position":1,"name":"Portada","item":"https:\/\/www.eldiario.net\/portal\/"},{"@type":"ListItem","position":2,"name":"Cierran parte de la calle 21 de Calacoto de La Paz para obras en la Ciclov\u00eda Sur"}]},{"@type":"WebSite","@id":"https:\/\/www.eldiario.net\/portal\/#website","url":"https:\/\/www.eldiario.net\/portal\/","name":"El Diario - Decano de la prensa nacional","description":"El Diario - Decano de la prensa nacional","publisher":{"@id":"https:\/\/www.eldiario.net\/portal\/#organization"},"potentialAction":[{"@type":"SearchAction","target":{"@type":"EntryPoint","urlTemplate":"https:\/\/www.eldiario.net\/portal\/?s={search_term_string}"},"query-input":{"@type":"PropertyValueSpecification","valueRequired":true,"valueName":"search_term_string"}}],"inLanguage":"es"},{"@type":"Organization","@id":"https:\/\/www.eldiario.net\/portal\/#organization","name":"El Diario - Decano de la prensa nacional","url":"https:\/\/www.eldiario.net\/portal\/","logo":{"@type":"ImageObject","inLanguage":"es","@id":"https:\/\/www.eldiario.net\/portal\/#\/schema\/logo\/image\/","url":"https:\/\/www.eldiario.net\/portal\/wp-content\/uploads\/2023\/07\/logo_ED.jpg","contentUrl":"https:\/\/www.eldiario.net\/portal\/wp-content\/uploads\/2023\/07\/logo_ED.jpg","width":272,"height":52,"caption":"El Diario - Decano de la prensa nacional"},"image":{"@id":"https:\/\/www.eldiario.net\/portal\/#\/schema\/logo\/image\/"},"sameAs":["https:\/\/www.facebook.com\/eldiario.bolivia\/","https:\/\/x.com\/eldiario_net"]},{"@type":"Person","@id":"https:\/\/www.eldiario.net\/portal\/#\/schema\/person\/cab1ae4db27e5f008a62cbffb05fbfee","name":"luis Camacho","image":{"@type":"ImageObject","inLanguage":"es","@id":"https:\/\/secure.gravatar.com\/avatar\/69ecb836b3826d5a2501bf06ab2a2f2c8ab211cc846758f395df21684cb38313?s=96&d=mm&r=g","url":"https:\/\/secure.gravatar.com\/avatar\/69ecb836b3826d5a2501bf06ab2a2f2c8ab211cc846758f395df21684cb38313?s=96&d=mm&r=g","contentUrl":"https:\/\/secure.gravatar.com\/avatar\/69ecb836b3826d5a2501bf06ab2a2f2c8ab211cc846758f395df21684cb38313?s=96&d=mm&r=g","caption":"luis Camacho"},"url":"https:\/\/www.eldiario.net\/portal\/author\/luis\/"}]}},"_links":{"self":[{"href":"https:\/\/www.eldiario.net\/portal\/wp-json\/wp\/v2\/posts\/239632","targetHints":{"allow":["GET"]}}],"collection":[{"href":"https:\/\/www.eldiario.net\/portal\/wp-json\/wp\/v2\/posts"}],"about":[{"href":"https:\/\/www.eldiario.net\/portal\/wp-json\/wp\/v2\/types\/post"}],"author":[{"embeddable":true,"href":"https:\/\/www.eldiario.net\/portal\/wp-json\/wp\/v2\/users\/2"}],"replies":[{"embeddable":true,"href":"https:\/\/www.eldiario.net\/portal\/wp-json\/wp\/v2\/comments?post=239632"}],"version-history":[{"count":1,"href":"https:\/\/www.eldiario.net\/portal\/wp-json\/wp\/v2\/posts\/239632\/revisions"}],"predecessor-version":[{"id":239634,"href":"https:\/\/www.eldiario.net\/portal\/wp-json\/wp\/v2\/posts\/239632\/revisions\/239634"}],"wp:featuredmedia":[{"embeddable":true,"href":"https:\/\/www.eldiario.net\/portal\/wp-json\/wp\/v2\/media\/239633"}],"wp:attachment":[{"href":"https:\/\/www.eldiario.net\/portal\/wp-json\/wp\/v2\/media?parent=239632"}],"wp:term":[{"taxonomy":"category","embeddable":true,"href":"https:\/\/www.eldiario.net\/portal\/wp-json\/wp\/v2\/categories?post=239632"},{"taxonomy":"post_tag","embeddable":true,"href":"https:\/\/www.eldiario.net\/portal\/wp-json\/wp\/v2\/tags?post=239632"}],"curies":[{"name":"wp","href":"https:\/\/api.w.org\/{rel}","templated":true}]}}