{"id":239625,"date":"2024-08-09T07:02:03","date_gmt":"2024-08-09T11:02:03","guid":{"rendered":"https:\/\/www.eldiario.net\/portal\/?p=239625"},"modified":"2024-08-09T07:02:03","modified_gmt":"2024-08-09T11:02:03","slug":"unicef-denuncia-dura-realidad-de-ninos-por-violencia-en-region-asiatica","status":"publish","type":"post","link":"https:\/\/www.eldiario.net\/portal\/2024\/08\/09\/unicef-denuncia-dura-realidad-de-ninos-por-violencia-en-region-asiatica\/","title":{"rendered":"Unicef denuncia \u00abdura realidad\u00bb de  ni\u00f1os por violencia en regi\u00f3n asi\u00e1tica"},"content":{"rendered":"<p class=\"v1MsoNormal\">Los ni\u00f1os de Oriente Pr\u00f3ximo llevan \u00abuna vida envuelta en la incertidumbre y la violencia\u00bb, lament\u00f3 el Fondo de Naciones Unidas para la Infancia (Unicef), que teme que la situaci\u00f3n empeore \u00abmuch\u00edsimo\u00bb en caso de un estallido definitivo de las tensiones en la regi\u00f3n asi\u00e1tica. \u00abM\u00e1s all\u00e1 de tr\u00e1gicas muertes\u00bb, miles de menores sufren heridas que marcan sus vidas.<\/p>\n<p class=\"v1MsoNormal\">\u00abCualquier escalada de violencia en la regi\u00f3n tendr\u00e1 graves consecuencias humanitarias y pondr\u00e1 en peligro la vida y el bienestar de muchos m\u00e1s ni\u00f1os y ni\u00f1as\u00bb, advirt\u00f3 la directora de Unicef para la zona, Adele Khodr, que teme \u00abefectos duraderos\u00bb para las perspectivas de paz y llama a rebajar las tensiones de manera \u00abinmediata\u00bb.<\/p>\n<p class=\"v1MsoNormal\">La alternativa a esta potencial desescalada es, en palabras de Khodr, \u00abinconcebible\u00bb. La responsable de Unicef ha subrayado que \u00ablo que la infancia realmente necesita es paz y seguridad, la oportunidad de una vida digna y libre de privaciones y miedo\u00bb y ha recordado que los civiles deber\u00edan gozar de una especial protecci\u00f3n.<\/p>\n<p class=\"v1MsoNormal\">Khodr sostuvo que pr\u00e1cticamente cada ataque deja a ni\u00f1os entre sus v\u00edctimas, pero \u00abm\u00e1s all\u00e1 de esas tr\u00e1gicas muertes\u00bb, ha recordado que miles de menores han sufrido heridas que \u00abhan marcado para siempre sus cuerpos y causado da\u00f1os inconmensurables en su salud mental\u00bb, mientras que otros muchos viven al l\u00edmite fuera de sus hogares.<\/p>\n<p class=\"v1MsoNormal\">Por este motivo, ha reclamado \u00abla m\u00e1xima moderaci\u00f3n a todas las partes\u00bb. \u00abLos ni\u00f1os y ni\u00f1as tienen derecho a ser protegidos de la violencia y esto debe respetarse siempre\u00bb, ha recalcado. (Europa Press)<\/p>\n","protected":false},"excerpt":{"rendered":"<p>Los ni\u00f1os de Oriente Pr\u00f3ximo llevan \u00abuna vida envuelta en la incertidumbre y la violencia\u00bb, lament\u00f3 el Fondo de Naciones Unidas para la Infancia (Unicef), que teme que la situaci\u00f3n empeore \u00abmuch\u00edsimo\u00bb en caso de un estallido definitivo de las tensiones en la regi\u00f3n asi\u00e1tica. \u00abM\u00e1s all\u00e1 de tr\u00e1gicas muertes\u00bb, miles de menores sufren heridas [&hellip;]<\/p>\n","protected":false},"author":1,"featured_media":239626,"comment_status":"open","ping_status":"open","sticky":false,"template":"","format":"standard","meta":{"_acf_changed":false,"footnotes":""},"categories":[3],"tags":[],"class_list":["post-239625","post","type-post","status-publish","format-standard","has-post-thumbnail","category-internacional"],"acf":{"antetitulo":"Temen que situaci\u00f3n empeore"},"yoast_head":"<!-- This site is optimized with the Yoast SEO plugin v28.3 - https:\/\/yoast.com\/product\/yoast-seo-wordpress\/ -->\n<title>Unicef denuncia &quot;dura realidad&quot; de ni\u00f1os por violencia en regi\u00f3n asi\u00e1tica - El Diario - Bolivia<\/title>\n<meta name=\"robots\" content=\"index, follow, max-snippet:-1, max-image-preview:large, max-video-preview:-1\" \/>\n<link rel=\"canonical\" href=\"https:\/\/www.eldiario.net\/portal\/2024\/08\/09\/unicef-denuncia-dura-realidad-de-ninos-por-violencia-en-region-asiatica\/\" \/>\n<meta property=\"og:locale\" content=\"es_ES\" \/>\n<meta property=\"og:type\" content=\"article\" \/>\n<meta property=\"og:title\" content=\"Unicef denuncia &quot;dura realidad&quot; de ni\u00f1os por violencia en regi\u00f3n asi\u00e1tica - El Diario - Bolivia\" \/>\n<meta property=\"og:description\" content=\"Los ni\u00f1os de Oriente Pr\u00f3ximo llevan \u00abuna vida envuelta en la incertidumbre y la violencia\u00bb, lament\u00f3 el Fondo de Naciones Unidas para la Infancia (Unicef), que teme que la situaci\u00f3n empeore \u00abmuch\u00edsimo\u00bb en caso de un estallido definitivo de las tensiones en la regi\u00f3n asi\u00e1tica. \u00abM\u00e1s all\u00e1 de tr\u00e1gicas muertes\u00bb, miles de menores sufren heridas [&hellip;]\" \/>\n<meta property=\"og:url\" content=\"https:\/\/www.eldiario.net\/portal\/2024\/08\/09\/unicef-denuncia-dura-realidad-de-ninos-por-violencia-en-region-asiatica\/\" \/>\n<meta property=\"og:site_name\" content=\"El Diario - Bolivia\" \/>\n<meta property=\"article:publisher\" content=\"https:\/\/www.facebook.com\/eldiario.bolivia\/\" \/>\n<meta property=\"article:published_time\" content=\"2024-08-09T11:02:03+00:00\" \/>\n<meta property=\"og:image\" content=\"https:\/\/www.eldiario.net\/portal\/wp-content\/uploads\/2024\/08\/Menores-Unicef.jpg\" \/>\n\t<meta property=\"og:image:width\" content=\"258\" \/>\n\t<meta property=\"og:image:height\" content=\"195\" \/>\n\t<meta property=\"og:image:type\" content=\"image\/jpeg\" \/>\n<meta name=\"author\" content=\"Jeanette\" \/>\n<meta name=\"twitter:card\" content=\"summary_large_image\" \/>\n<meta name=\"twitter:creator\" content=\"@eldiario_net\" \/>\n<meta name=\"twitter:site\" content=\"@eldiario_net\" \/>\n<meta name=\"twitter:label1\" content=\"Escrito por\" \/>\n\t<meta name=\"twitter:data1\" content=\"Jeanette\" \/>\n\t<meta name=\"twitter:label2\" content=\"Tiempo de lectura\" \/>\n\t<meta name=\"twitter:data2\" content=\"2 minutos\" \/>\n<script type=\"application\/ld+json\" class=\"yoast-schema-graph\">{\"@context\":\"https:\\\/\\\/schema.org\",\"@graph\":[{\"@type\":\"Article\",\"@id\":\"https:\\\/\\\/www.eldiario.net\\\/portal\\\/2024\\\/08\\\/09\\\/unicef-denuncia-dura-realidad-de-ninos-por-violencia-en-region-asiatica\\\/#article\",\"isPartOf\":{\"@id\":\"https:\\\/\\\/www.eldiario.net\\\/portal\\\/2024\\\/08\\\/09\\\/unicef-denuncia-dura-realidad-de-ninos-por-violencia-en-region-asiatica\\\/\"},\"author\":{\"name\":\"Jeanette\",\"@id\":\"https:\\\/\\\/www.eldiario.net\\\/portal\\\/#\\\/schema\\\/person\\\/f46445640444750d7d753ccd04ae01b7\"},\"headline\":\"Unicef denuncia \u00abdura realidad\u00bb de ni\u00f1os por violencia en regi\u00f3n asi\u00e1tica\",\"datePublished\":\"2024-08-09T11:02:03+00:00\",\"mainEntityOfPage\":{\"@id\":\"https:\\\/\\\/www.eldiario.net\\\/portal\\\/2024\\\/08\\\/09\\\/unicef-denuncia-dura-realidad-de-ninos-por-violencia-en-region-asiatica\\\/\"},\"wordCount\":292,\"commentCount\":0,\"publisher\":{\"@id\":\"https:\\\/\\\/www.eldiario.net\\\/portal\\\/#organization\"},\"image\":{\"@id\":\"https:\\\/\\\/www.eldiario.net\\\/portal\\\/2024\\\/08\\\/09\\\/unicef-denuncia-dura-realidad-de-ninos-por-violencia-en-region-asiatica\\\/#primaryimage\"},\"thumbnailUrl\":\"https:\\\/\\\/www.eldiario.net\\\/portal\\\/wp-content\\\/uploads\\\/2024\\\/08\\\/Menores-Unicef.jpg\",\"articleSection\":[\"Internacional\"],\"inLanguage\":\"es\",\"potentialAction\":[{\"@type\":\"CommentAction\",\"name\":\"Comment\",\"target\":[\"https:\\\/\\\/www.eldiario.net\\\/portal\\\/2024\\\/08\\\/09\\\/unicef-denuncia-dura-realidad-de-ninos-por-violencia-en-region-asiatica\\\/#respond\"]}]},{\"@type\":\"WebPage\",\"@id\":\"https:\\\/\\\/www.eldiario.net\\\/portal\\\/2024\\\/08\\\/09\\\/unicef-denuncia-dura-realidad-de-ninos-por-violencia-en-region-asiatica\\\/\",\"url\":\"https:\\\/\\\/www.eldiario.net\\\/portal\\\/2024\\\/08\\\/09\\\/unicef-denuncia-dura-realidad-de-ninos-por-violencia-en-region-asiatica\\\/\",\"name\":\"Unicef denuncia \\\"dura realidad\\\" de ni\u00f1os por violencia en regi\u00f3n asi\u00e1tica - El Diario - Bolivia\",\"isPartOf\":{\"@id\":\"https:\\\/\\\/www.eldiario.net\\\/portal\\\/#website\"},\"primaryImageOfPage\":{\"@id\":\"https:\\\/\\\/www.eldiario.net\\\/portal\\\/2024\\\/08\\\/09\\\/unicef-denuncia-dura-realidad-de-ninos-por-violencia-en-region-asiatica\\\/#primaryimage\"},\"image\":{\"@id\":\"https:\\\/\\\/www.eldiario.net\\\/portal\\\/2024\\\/08\\\/09\\\/unicef-denuncia-dura-realidad-de-ninos-por-violencia-en-region-asiatica\\\/#primaryimage\"},\"thumbnailUrl\":\"https:\\\/\\\/www.eldiario.net\\\/portal\\\/wp-content\\\/uploads\\\/2024\\\/08\\\/Menores-Unicef.jpg\",\"datePublished\":\"2024-08-09T11:02:03+00:00\",\"breadcrumb\":{\"@id\":\"https:\\\/\\\/www.eldiario.net\\\/portal\\\/2024\\\/08\\\/09\\\/unicef-denuncia-dura-realidad-de-ninos-por-violencia-en-region-asiatica\\\/#breadcrumb\"},\"inLanguage\":\"es\",\"potentialAction\":[{\"@type\":\"ReadAction\",\"target\":[\"https:\\\/\\\/www.eldiario.net\\\/portal\\\/2024\\\/08\\\/09\\\/unicef-denuncia-dura-realidad-de-ninos-por-violencia-en-region-asiatica\\\/\"]}]},{\"@type\":\"ImageObject\",\"inLanguage\":\"es\",\"@id\":\"https:\\\/\\\/www.eldiario.net\\\/portal\\\/2024\\\/08\\\/09\\\/unicef-denuncia-dura-realidad-de-ninos-por-violencia-en-region-asiatica\\\/#primaryimage\",\"url\":\"https:\\\/\\\/www.eldiario.net\\\/portal\\\/wp-content\\\/uploads\\\/2024\\\/08\\\/Menores-Unicef.jpg\",\"contentUrl\":\"https:\\\/\\\/www.eldiario.net\\\/portal\\\/wp-content\\\/uploads\\\/2024\\\/08\\\/Menores-Unicef.jpg\",\"width\":258,\"height\":195,\"caption\":\"Los menores sobreviven entre la violencia y la incertidumbre en Oriente Pr\u00f3ximo. CR\u00c9DITO: Unicef\"},{\"@type\":\"BreadcrumbList\",\"@id\":\"https:\\\/\\\/www.eldiario.net\\\/portal\\\/2024\\\/08\\\/09\\\/unicef-denuncia-dura-realidad-de-ninos-por-violencia-en-region-asiatica\\\/#breadcrumb\",\"itemListElement\":[{\"@type\":\"ListItem\",\"position\":1,\"name\":\"Portada\",\"item\":\"https:\\\/\\\/www.eldiario.net\\\/portal\\\/\"},{\"@type\":\"ListItem\",\"position\":2,\"name\":\"Unicef denuncia \u00abdura realidad\u00bb de ni\u00f1os por violencia en regi\u00f3n asi\u00e1tica\"}]},{\"@type\":\"WebSite\",\"@id\":\"https:\\\/\\\/www.eldiario.net\\\/portal\\\/#website\",\"url\":\"https:\\\/\\\/www.eldiario.net\\\/portal\\\/\",\"name\":\"El Diario - Decano de la prensa nacional\",\"description\":\"El Diario - Decano de la prensa nacional\",\"publisher\":{\"@id\":\"https:\\\/\\\/www.eldiario.net\\\/portal\\\/#organization\"},\"potentialAction\":[{\"@type\":\"SearchAction\",\"target\":{\"@type\":\"EntryPoint\",\"urlTemplate\":\"https:\\\/\\\/www.eldiario.net\\\/portal\\\/?s={search_term_string}\"},\"query-input\":{\"@type\":\"PropertyValueSpecification\",\"valueRequired\":true,\"valueName\":\"search_term_string\"}}],\"inLanguage\":\"es\"},{\"@type\":\"Organization\",\"@id\":\"https:\\\/\\\/www.eldiario.net\\\/portal\\\/#organization\",\"name\":\"El Diario - Decano de la prensa nacional\",\"url\":\"https:\\\/\\\/www.eldiario.net\\\/portal\\\/\",\"logo\":{\"@type\":\"ImageObject\",\"inLanguage\":\"es\",\"@id\":\"https:\\\/\\\/www.eldiario.net\\\/portal\\\/#\\\/schema\\\/logo\\\/image\\\/\",\"url\":\"https:\\\/\\\/www.eldiario.net\\\/portal\\\/wp-content\\\/uploads\\\/2023\\\/07\\\/logo_ED.jpg\",\"contentUrl\":\"https:\\\/\\\/www.eldiario.net\\\/portal\\\/wp-content\\\/uploads\\\/2023\\\/07\\\/logo_ED.jpg\",\"width\":272,\"height\":52,\"caption\":\"El Diario - Decano de la prensa nacional\"},\"image\":{\"@id\":\"https:\\\/\\\/www.eldiario.net\\\/portal\\\/#\\\/schema\\\/logo\\\/image\\\/\"},\"sameAs\":[\"https:\\\/\\\/www.facebook.com\\\/eldiario.bolivia\\\/\",\"https:\\\/\\\/x.com\\\/eldiario_net\"]},{\"@type\":\"Person\",\"@id\":\"https:\\\/\\\/www.eldiario.net\\\/portal\\\/#\\\/schema\\\/person\\\/f46445640444750d7d753ccd04ae01b7\",\"name\":\"Jeanette\",\"image\":{\"@type\":\"ImageObject\",\"inLanguage\":\"es\",\"@id\":\"https:\\\/\\\/secure.gravatar.com\\\/avatar\\\/3ea2118a5f7dad2b7138b1187a6b7ee55f160b9968b66013c3a3ef39dd7e5798?s=96&d=mm&r=g\",\"url\":\"https:\\\/\\\/secure.gravatar.com\\\/avatar\\\/3ea2118a5f7dad2b7138b1187a6b7ee55f160b9968b66013c3a3ef39dd7e5798?s=96&d=mm&r=g\",\"contentUrl\":\"https:\\\/\\\/secure.gravatar.com\\\/avatar\\\/3ea2118a5f7dad2b7138b1187a6b7ee55f160b9968b66013c3a3ef39dd7e5798?s=96&d=mm&r=g\",\"caption\":\"Jeanette\"},\"sameAs\":[\"https:\\\/\\\/www.eldiario.net\\\/portal\"],\"url\":\"https:\\\/\\\/www.eldiario.net\\\/portal\\\/author\\\/jeanette\\\/\"}]}<\/script>\n<!-- \/ Yoast SEO plugin. -->","yoast_head_json":{"title":"Unicef denuncia \"dura realidad\" de ni\u00f1os por violencia en regi\u00f3n asi\u00e1tica - El Diario - Bolivia","robots":{"index":"index","follow":"follow","max-snippet":"max-snippet:-1","max-image-preview":"max-image-preview:large","max-video-preview":"max-video-preview:-1"},"canonical":"https:\/\/www.eldiario.net\/portal\/2024\/08\/09\/unicef-denuncia-dura-realidad-de-ninos-por-violencia-en-region-asiatica\/","og_locale":"es_ES","og_type":"article","og_title":"Unicef denuncia \"dura realidad\" de ni\u00f1os por violencia en regi\u00f3n asi\u00e1tica - El Diario - Bolivia","og_description":"Los ni\u00f1os de Oriente Pr\u00f3ximo llevan \u00abuna vida envuelta en la incertidumbre y la violencia\u00bb, lament\u00f3 el Fondo de Naciones Unidas para la Infancia (Unicef), que teme que la situaci\u00f3n empeore \u00abmuch\u00edsimo\u00bb en caso de un estallido definitivo de las tensiones en la regi\u00f3n asi\u00e1tica. \u00abM\u00e1s all\u00e1 de tr\u00e1gicas muertes\u00bb, miles de menores sufren heridas [&hellip;]","og_url":"https:\/\/www.eldiario.net\/portal\/2024\/08\/09\/unicef-denuncia-dura-realidad-de-ninos-por-violencia-en-region-asiatica\/","og_site_name":"El Diario - Bolivia","article_publisher":"https:\/\/www.facebook.com\/eldiario.bolivia\/","article_published_time":"2024-08-09T11:02:03+00:00","og_image":[{"width":258,"height":195,"url":"https:\/\/www.eldiario.net\/portal\/wp-content\/uploads\/2024\/08\/Menores-Unicef.jpg","type":"image\/jpeg"}],"author":"Jeanette","twitter_card":"summary_large_image","twitter_creator":"@eldiario_net","twitter_site":"@eldiario_net","twitter_misc":{"Escrito por":"Jeanette","Tiempo de lectura":"2 minutos"},"schema":{"@context":"https:\/\/schema.org","@graph":[{"@type":"Article","@id":"https:\/\/www.eldiario.net\/portal\/2024\/08\/09\/unicef-denuncia-dura-realidad-de-ninos-por-violencia-en-region-asiatica\/#article","isPartOf":{"@id":"https:\/\/www.eldiario.net\/portal\/2024\/08\/09\/unicef-denuncia-dura-realidad-de-ninos-por-violencia-en-region-asiatica\/"},"author":{"name":"Jeanette","@id":"https:\/\/www.eldiario.net\/portal\/#\/schema\/person\/f46445640444750d7d753ccd04ae01b7"},"headline":"Unicef denuncia \u00abdura realidad\u00bb de ni\u00f1os por violencia en regi\u00f3n asi\u00e1tica","datePublished":"2024-08-09T11:02:03+00:00","mainEntityOfPage":{"@id":"https:\/\/www.eldiario.net\/portal\/2024\/08\/09\/unicef-denuncia-dura-realidad-de-ninos-por-violencia-en-region-asiatica\/"},"wordCount":292,"commentCount":0,"publisher":{"@id":"https:\/\/www.eldiario.net\/portal\/#organization"},"image":{"@id":"https:\/\/www.eldiario.net\/portal\/2024\/08\/09\/unicef-denuncia-dura-realidad-de-ninos-por-violencia-en-region-asiatica\/#primaryimage"},"thumbnailUrl":"https:\/\/www.eldiario.net\/portal\/wp-content\/uploads\/2024\/08\/Menores-Unicef.jpg","articleSection":["Internacional"],"inLanguage":"es","potentialAction":[{"@type":"CommentAction","name":"Comment","target":["https:\/\/www.eldiario.net\/portal\/2024\/08\/09\/unicef-denuncia-dura-realidad-de-ninos-por-violencia-en-region-asiatica\/#respond"]}]},{"@type":"WebPage","@id":"https:\/\/www.eldiario.net\/portal\/2024\/08\/09\/unicef-denuncia-dura-realidad-de-ninos-por-violencia-en-region-asiatica\/","url":"https:\/\/www.eldiario.net\/portal\/2024\/08\/09\/unicef-denuncia-dura-realidad-de-ninos-por-violencia-en-region-asiatica\/","name":"Unicef denuncia \"dura realidad\" de ni\u00f1os por violencia en regi\u00f3n asi\u00e1tica - El Diario - Bolivia","isPartOf":{"@id":"https:\/\/www.eldiario.net\/portal\/#website"},"primaryImageOfPage":{"@id":"https:\/\/www.eldiario.net\/portal\/2024\/08\/09\/unicef-denuncia-dura-realidad-de-ninos-por-violencia-en-region-asiatica\/#primaryimage"},"image":{"@id":"https:\/\/www.eldiario.net\/portal\/2024\/08\/09\/unicef-denuncia-dura-realidad-de-ninos-por-violencia-en-region-asiatica\/#primaryimage"},"thumbnailUrl":"https:\/\/www.eldiario.net\/portal\/wp-content\/uploads\/2024\/08\/Menores-Unicef.jpg","datePublished":"2024-08-09T11:02:03+00:00","breadcrumb":{"@id":"https:\/\/www.eldiario.net\/portal\/2024\/08\/09\/unicef-denuncia-dura-realidad-de-ninos-por-violencia-en-region-asiatica\/#breadcrumb"},"inLanguage":"es","potentialAction":[{"@type":"ReadAction","target":["https:\/\/www.eldiario.net\/portal\/2024\/08\/09\/unicef-denuncia-dura-realidad-de-ninos-por-violencia-en-region-asiatica\/"]}]},{"@type":"ImageObject","inLanguage":"es","@id":"https:\/\/www.eldiario.net\/portal\/2024\/08\/09\/unicef-denuncia-dura-realidad-de-ninos-por-violencia-en-region-asiatica\/#primaryimage","url":"https:\/\/www.eldiario.net\/portal\/wp-content\/uploads\/2024\/08\/Menores-Unicef.jpg","contentUrl":"https:\/\/www.eldiario.net\/portal\/wp-content\/uploads\/2024\/08\/Menores-Unicef.jpg","width":258,"height":195,"caption":"Los menores sobreviven entre la violencia y la incertidumbre en Oriente Pr\u00f3ximo. CR\u00c9DITO: Unicef"},{"@type":"BreadcrumbList","@id":"https:\/\/www.eldiario.net\/portal\/2024\/08\/09\/unicef-denuncia-dura-realidad-de-ninos-por-violencia-en-region-asiatica\/#breadcrumb","itemListElement":[{"@type":"ListItem","position":1,"name":"Portada","item":"https:\/\/www.eldiario.net\/portal\/"},{"@type":"ListItem","position":2,"name":"Unicef denuncia \u00abdura realidad\u00bb de ni\u00f1os por violencia en regi\u00f3n asi\u00e1tica"}]},{"@type":"WebSite","@id":"https:\/\/www.eldiario.net\/portal\/#website","url":"https:\/\/www.eldiario.net\/portal\/","name":"El Diario - Decano de la prensa nacional","description":"El Diario - Decano de la prensa nacional","publisher":{"@id":"https:\/\/www.eldiario.net\/portal\/#organization"},"potentialAction":[{"@type":"SearchAction","target":{"@type":"EntryPoint","urlTemplate":"https:\/\/www.eldiario.net\/portal\/?s={search_term_string}"},"query-input":{"@type":"PropertyValueSpecification","valueRequired":true,"valueName":"search_term_string"}}],"inLanguage":"es"},{"@type":"Organization","@id":"https:\/\/www.eldiario.net\/portal\/#organization","name":"El Diario - Decano de la prensa nacional","url":"https:\/\/www.eldiario.net\/portal\/","logo":{"@type":"ImageObject","inLanguage":"es","@id":"https:\/\/www.eldiario.net\/portal\/#\/schema\/logo\/image\/","url":"https:\/\/www.eldiario.net\/portal\/wp-content\/uploads\/2023\/07\/logo_ED.jpg","contentUrl":"https:\/\/www.eldiario.net\/portal\/wp-content\/uploads\/2023\/07\/logo_ED.jpg","width":272,"height":52,"caption":"El Diario - Decano de la prensa nacional"},"image":{"@id":"https:\/\/www.eldiario.net\/portal\/#\/schema\/logo\/image\/"},"sameAs":["https:\/\/www.facebook.com\/eldiario.bolivia\/","https:\/\/x.com\/eldiario_net"]},{"@type":"Person","@id":"https:\/\/www.eldiario.net\/portal\/#\/schema\/person\/f46445640444750d7d753ccd04ae01b7","name":"Jeanette","image":{"@type":"ImageObject","inLanguage":"es","@id":"https:\/\/secure.gravatar.com\/avatar\/3ea2118a5f7dad2b7138b1187a6b7ee55f160b9968b66013c3a3ef39dd7e5798?s=96&d=mm&r=g","url":"https:\/\/secure.gravatar.com\/avatar\/3ea2118a5f7dad2b7138b1187a6b7ee55f160b9968b66013c3a3ef39dd7e5798?s=96&d=mm&r=g","contentUrl":"https:\/\/secure.gravatar.com\/avatar\/3ea2118a5f7dad2b7138b1187a6b7ee55f160b9968b66013c3a3ef39dd7e5798?s=96&d=mm&r=g","caption":"Jeanette"},"sameAs":["https:\/\/www.eldiario.net\/portal"],"url":"https:\/\/www.eldiario.net\/portal\/author\/jeanette\/"}]}},"_links":{"self":[{"href":"https:\/\/www.eldiario.net\/portal\/wp-json\/wp\/v2\/posts\/239625","targetHints":{"allow":["GET"]}}],"collection":[{"href":"https:\/\/www.eldiario.net\/portal\/wp-json\/wp\/v2\/posts"}],"about":[{"href":"https:\/\/www.eldiario.net\/portal\/wp-json\/wp\/v2\/types\/post"}],"author":[{"embeddable":true,"href":"https:\/\/www.eldiario.net\/portal\/wp-json\/wp\/v2\/users\/1"}],"replies":[{"embeddable":true,"href":"https:\/\/www.eldiario.net\/portal\/wp-json\/wp\/v2\/comments?post=239625"}],"version-history":[{"count":1,"href":"https:\/\/www.eldiario.net\/portal\/wp-json\/wp\/v2\/posts\/239625\/revisions"}],"predecessor-version":[{"id":239627,"href":"https:\/\/www.eldiario.net\/portal\/wp-json\/wp\/v2\/posts\/239625\/revisions\/239627"}],"wp:featuredmedia":[{"embeddable":true,"href":"https:\/\/www.eldiario.net\/portal\/wp-json\/wp\/v2\/media\/239626"}],"wp:attachment":[{"href":"https:\/\/www.eldiario.net\/portal\/wp-json\/wp\/v2\/media?parent=239625"}],"wp:term":[{"taxonomy":"category","embeddable":true,"href":"https:\/\/www.eldiario.net\/portal\/wp-json\/wp\/v2\/categories?post=239625"},{"taxonomy":"post_tag","embeddable":true,"href":"https:\/\/www.eldiario.net\/portal\/wp-json\/wp\/v2\/tags?post=239625"}],"curies":[{"name":"wp","href":"https:\/\/api.w.org\/{rel}","templated":true}]}}