{"id":239341,"date":"2024-08-08T05:58:51","date_gmt":"2024-08-08T09:58:51","guid":{"rendered":"https:\/\/www.eldiario.net\/portal\/?p=239341"},"modified":"2024-08-08T05:58:51","modified_gmt":"2024-08-08T09:58:51","slug":"atleta-polaca-es-furor-en-paris-2024-por-sus-tatuajes","status":"publish","type":"post","link":"https:\/\/www.eldiario.net\/portal\/2024\/08\/08\/atleta-polaca-es-furor-en-paris-2024-por-sus-tatuajes\/","title":{"rendered":"Atleta polaca es furor en Par\u00eds 2024 por sus tatuajes"},"content":{"rendered":"<p>Ewa Swoboda, una de las atletas m\u00e1s destacadas en el mundo del atletismo, caus\u00f3 furor en redes sociales tras su participaci\u00f3n en una reciente competencia en los Juegos Ol\u00edmpicos de Par\u00eds 2024. Durante una prueba de velocidad, Swoboda realiz\u00f3 un peculiar gesto ante las c\u00e1maras: tras hacer un saludo militar hacia la derecha, se detuvo, mostr\u00f3 un gesto de arrepentimiento y repiti\u00f3 el saludo, esta vez hacia la izquierda.<\/p>\n<p>Nacida el 26 de julio de 1997 en \u017bory, Polonia, Swoboda se ha consolidado como una fuerza imponente en las pruebas de 60 y 100 metros planos en el \u00e1mbito internacional del atletismo. Desde sus inicios en la escena del atletismo juvenil, Ewa ha mostrado un rendimiento superior que le ha valido m\u00faltiples reconocimientos. Uno de sus primeros logros significativos fue su participaci\u00f3n en el Campeonato Mundial Juvenil de Atletismo de 2015, donde logr\u00f3 una medalla de bronce en los 100 metros planos, marcando el comienzo de una carrera prometedora.<\/p>\n<p>En el Campeonato Mundial de Atletismo en Pista Cubierta de 2024, Swoboda se colg\u00f3 una medalla de plata, ratificando a\u00fan m\u00e1s su posici\u00f3n entre las mejores del mundo en su disciplina. Adem\u00e1s, su desempe\u00f1o en el Campeonato Europeo de Atletismo fue sobresaliente, donde obtuvo dos medallas de plata en los a\u00f1os 2022 y 2024. En el Campeonato Europeo de Atletismo en Pista Cubierta, acumula un total de tres medallas ganadas entre los a\u00f1os 2017 y 2023.<\/p>\n<p>No obstante, uno de sus hitos m\u00e1s notables ocurri\u00f3 en los Juegos Europeos de Cracovia 2023, donde Ewa Swoboda se convirti\u00f3 en una aut\u00e9ntica estrella al ganar dos medallas: una de oro en los 100 metros y una de plata en el relevo 4 \u00d7 100 metros. Este triunfo consolid\u00f3 a\u00fan m\u00e1s su estatus como una de las atletas m\u00e1s importantes del continente europeo y la proyect\u00f3 al estrellato internacional.<\/p>\n<p>Ewa Swoboda tambi\u00e9n ha sorprendido en el mundo del atletismo por sus exuberantes tatuajes que no pasaron desapercibidos tampoco en los Juegos Ol\u00edmpicos de Par\u00eds 2024. Fue tal el alcance medi\u00e1tico que alcanz\u00f3 la deportista polaca a lo largo de su carrera que semanas atr\u00e1s comparti\u00f3 su felicidad por tener su propia Barbie.<\/p>\n<p>\u201cTan feliz de que Barbie reconociera mi historia y me honrara junto a otros 8 atletas incre\u00edbles de todo el mundo para la Barbie Role Model. \u00a1Todav\u00eda no puedo creer esto! Cuando era ni\u00f1a jugaba con mu\u00f1ecas y ahora tengo mi propia mu\u00f1eca Barbie que se parece a m\u00ed, la \u00fanica en el mundo. Quiero que mi historia muestre que siempre vale la pena ser t\u00fa mismo. No tienes que estar a la altura de las expectativas de nadie ni ajustarte a marcos impuestos para alcanzar tus metas. Todo el mundo tiene derecho a expresarnos a nuestra manera. \u00a1Gracias Barbie!\u201d, public\u00f3 en su cuenta de Instagram, logrando m\u00e1s de 133 mil likes y cientos de comentarios.<\/p>\n<p><strong>(INFOBAE)<\/strong><\/p>\n","protected":false},"excerpt":{"rendered":"<p>Ewa Swoboda, una de las atletas m\u00e1s destacadas en el mundo del atletismo, caus\u00f3 furor en redes sociales tras su participaci\u00f3n en una reciente competencia en los Juegos Ol\u00edmpicos de Par\u00eds 2024. Durante una prueba de velocidad, Swoboda realiz\u00f3 un peculiar gesto ante las c\u00e1maras: tras hacer un saludo militar hacia la derecha, se detuvo, [&hellip;]<\/p>\n","protected":false},"author":1,"featured_media":239342,"comment_status":"open","ping_status":"open","sticky":false,"template":"","format":"standard","meta":{"_acf_changed":false,"footnotes":""},"categories":[6],"tags":[],"class_list":["post-239341","post","type-post","status-publish","format-standard","has-post-thumbnail","category-deportes"],"acf":{"antetitulo":""},"yoast_head":"<!-- This site is optimized with the Yoast SEO plugin v28.3 - https:\/\/yoast.com\/product\/yoast-seo-wordpress\/ -->\n<title>Atleta polaca es furor en Par\u00eds 2024 por sus tatuajes - El Diario - Bolivia<\/title>\n<meta name=\"robots\" content=\"index, follow, max-snippet:-1, max-image-preview:large, max-video-preview:-1\" \/>\n<link rel=\"canonical\" href=\"https:\/\/www.eldiario.net\/portal\/2024\/08\/08\/atleta-polaca-es-furor-en-paris-2024-por-sus-tatuajes\/\" \/>\n<meta property=\"og:locale\" content=\"es_ES\" \/>\n<meta property=\"og:type\" content=\"article\" \/>\n<meta property=\"og:title\" content=\"Atleta polaca es furor en Par\u00eds 2024 por sus tatuajes - El Diario - Bolivia\" \/>\n<meta property=\"og:description\" content=\"Ewa Swoboda, una de las atletas m\u00e1s destacadas en el mundo del atletismo, caus\u00f3 furor en redes sociales tras su participaci\u00f3n en una reciente competencia en los Juegos Ol\u00edmpicos de Par\u00eds 2024. Durante una prueba de velocidad, Swoboda realiz\u00f3 un peculiar gesto ante las c\u00e1maras: tras hacer un saludo militar hacia la derecha, se detuvo, [&hellip;]\" \/>\n<meta property=\"og:url\" content=\"https:\/\/www.eldiario.net\/portal\/2024\/08\/08\/atleta-polaca-es-furor-en-paris-2024-por-sus-tatuajes\/\" \/>\n<meta property=\"og:site_name\" content=\"El Diario - Bolivia\" \/>\n<meta property=\"article:publisher\" content=\"https:\/\/www.facebook.com\/eldiario.bolivia\/\" \/>\n<meta property=\"article:published_time\" content=\"2024-08-08T09:58:51+00:00\" \/>\n<meta property=\"og:image\" content=\"https:\/\/www.eldiario.net\/portal\/wp-content\/uploads\/2024\/08\/Tatuajes-07.jpg\" \/>\n\t<meta property=\"og:image:width\" content=\"720\" \/>\n\t<meta property=\"og:image:height\" content=\"816\" \/>\n\t<meta property=\"og:image:type\" content=\"image\/jpeg\" \/>\n<meta name=\"author\" content=\"Jeanette\" \/>\n<meta name=\"twitter:card\" content=\"summary_large_image\" \/>\n<meta name=\"twitter:creator\" content=\"@eldiario_net\" \/>\n<meta name=\"twitter:site\" content=\"@eldiario_net\" \/>\n<meta name=\"twitter:label1\" content=\"Escrito por\" \/>\n\t<meta name=\"twitter:data1\" content=\"Jeanette\" \/>\n\t<meta name=\"twitter:label2\" content=\"Tiempo de lectura\" \/>\n\t<meta name=\"twitter:data2\" content=\"3 minutos\" \/>\n<script type=\"application\/ld+json\" class=\"yoast-schema-graph\">{\"@context\":\"https:\\\/\\\/schema.org\",\"@graph\":[{\"@type\":\"Article\",\"@id\":\"https:\\\/\\\/www.eldiario.net\\\/portal\\\/2024\\\/08\\\/08\\\/atleta-polaca-es-furor-en-paris-2024-por-sus-tatuajes\\\/#article\",\"isPartOf\":{\"@id\":\"https:\\\/\\\/www.eldiario.net\\\/portal\\\/2024\\\/08\\\/08\\\/atleta-polaca-es-furor-en-paris-2024-por-sus-tatuajes\\\/\"},\"author\":{\"name\":\"Jeanette\",\"@id\":\"https:\\\/\\\/www.eldiario.net\\\/portal\\\/#\\\/schema\\\/person\\\/f46445640444750d7d753ccd04ae01b7\"},\"headline\":\"Atleta polaca es furor en Par\u00eds 2024 por sus tatuajes\",\"datePublished\":\"2024-08-08T09:58:51+00:00\",\"mainEntityOfPage\":{\"@id\":\"https:\\\/\\\/www.eldiario.net\\\/portal\\\/2024\\\/08\\\/08\\\/atleta-polaca-es-furor-en-paris-2024-por-sus-tatuajes\\\/\"},\"wordCount\":495,\"commentCount\":0,\"publisher\":{\"@id\":\"https:\\\/\\\/www.eldiario.net\\\/portal\\\/#organization\"},\"image\":{\"@id\":\"https:\\\/\\\/www.eldiario.net\\\/portal\\\/2024\\\/08\\\/08\\\/atleta-polaca-es-furor-en-paris-2024-por-sus-tatuajes\\\/#primaryimage\"},\"thumbnailUrl\":\"https:\\\/\\\/www.eldiario.net\\\/portal\\\/wp-content\\\/uploads\\\/2024\\\/08\\\/Tatuajes-07.jpg\",\"articleSection\":[\"Deportes\"],\"inLanguage\":\"es\",\"potentialAction\":[{\"@type\":\"CommentAction\",\"name\":\"Comment\",\"target\":[\"https:\\\/\\\/www.eldiario.net\\\/portal\\\/2024\\\/08\\\/08\\\/atleta-polaca-es-furor-en-paris-2024-por-sus-tatuajes\\\/#respond\"]}]},{\"@type\":\"WebPage\",\"@id\":\"https:\\\/\\\/www.eldiario.net\\\/portal\\\/2024\\\/08\\\/08\\\/atleta-polaca-es-furor-en-paris-2024-por-sus-tatuajes\\\/\",\"url\":\"https:\\\/\\\/www.eldiario.net\\\/portal\\\/2024\\\/08\\\/08\\\/atleta-polaca-es-furor-en-paris-2024-por-sus-tatuajes\\\/\",\"name\":\"Atleta polaca es furor en Par\u00eds 2024 por sus tatuajes - El Diario - Bolivia\",\"isPartOf\":{\"@id\":\"https:\\\/\\\/www.eldiario.net\\\/portal\\\/#website\"},\"primaryImageOfPage\":{\"@id\":\"https:\\\/\\\/www.eldiario.net\\\/portal\\\/2024\\\/08\\\/08\\\/atleta-polaca-es-furor-en-paris-2024-por-sus-tatuajes\\\/#primaryimage\"},\"image\":{\"@id\":\"https:\\\/\\\/www.eldiario.net\\\/portal\\\/2024\\\/08\\\/08\\\/atleta-polaca-es-furor-en-paris-2024-por-sus-tatuajes\\\/#primaryimage\"},\"thumbnailUrl\":\"https:\\\/\\\/www.eldiario.net\\\/portal\\\/wp-content\\\/uploads\\\/2024\\\/08\\\/Tatuajes-07.jpg\",\"datePublished\":\"2024-08-08T09:58:51+00:00\",\"breadcrumb\":{\"@id\":\"https:\\\/\\\/www.eldiario.net\\\/portal\\\/2024\\\/08\\\/08\\\/atleta-polaca-es-furor-en-paris-2024-por-sus-tatuajes\\\/#breadcrumb\"},\"inLanguage\":\"es\",\"potentialAction\":[{\"@type\":\"ReadAction\",\"target\":[\"https:\\\/\\\/www.eldiario.net\\\/portal\\\/2024\\\/08\\\/08\\\/atleta-polaca-es-furor-en-paris-2024-por-sus-tatuajes\\\/\"]}]},{\"@type\":\"ImageObject\",\"inLanguage\":\"es\",\"@id\":\"https:\\\/\\\/www.eldiario.net\\\/portal\\\/2024\\\/08\\\/08\\\/atleta-polaca-es-furor-en-paris-2024-por-sus-tatuajes\\\/#primaryimage\",\"url\":\"https:\\\/\\\/www.eldiario.net\\\/portal\\\/wp-content\\\/uploads\\\/2024\\\/08\\\/Tatuajes-07.jpg\",\"contentUrl\":\"https:\\\/\\\/www.eldiario.net\\\/portal\\\/wp-content\\\/uploads\\\/2024\\\/08\\\/Tatuajes-07.jpg\",\"width\":720,\"height\":816},{\"@type\":\"BreadcrumbList\",\"@id\":\"https:\\\/\\\/www.eldiario.net\\\/portal\\\/2024\\\/08\\\/08\\\/atleta-polaca-es-furor-en-paris-2024-por-sus-tatuajes\\\/#breadcrumb\",\"itemListElement\":[{\"@type\":\"ListItem\",\"position\":1,\"name\":\"Portada\",\"item\":\"https:\\\/\\\/www.eldiario.net\\\/portal\\\/\"},{\"@type\":\"ListItem\",\"position\":2,\"name\":\"Atleta polaca es furor en Par\u00eds 2024 por sus tatuajes\"}]},{\"@type\":\"WebSite\",\"@id\":\"https:\\\/\\\/www.eldiario.net\\\/portal\\\/#website\",\"url\":\"https:\\\/\\\/www.eldiario.net\\\/portal\\\/\",\"name\":\"El Diario - Decano de la prensa nacional\",\"description\":\"El Diario - Decano de la prensa nacional\",\"publisher\":{\"@id\":\"https:\\\/\\\/www.eldiario.net\\\/portal\\\/#organization\"},\"potentialAction\":[{\"@type\":\"SearchAction\",\"target\":{\"@type\":\"EntryPoint\",\"urlTemplate\":\"https:\\\/\\\/www.eldiario.net\\\/portal\\\/?s={search_term_string}\"},\"query-input\":{\"@type\":\"PropertyValueSpecification\",\"valueRequired\":true,\"valueName\":\"search_term_string\"}}],\"inLanguage\":\"es\"},{\"@type\":\"Organization\",\"@id\":\"https:\\\/\\\/www.eldiario.net\\\/portal\\\/#organization\",\"name\":\"El Diario - Decano de la prensa nacional\",\"url\":\"https:\\\/\\\/www.eldiario.net\\\/portal\\\/\",\"logo\":{\"@type\":\"ImageObject\",\"inLanguage\":\"es\",\"@id\":\"https:\\\/\\\/www.eldiario.net\\\/portal\\\/#\\\/schema\\\/logo\\\/image\\\/\",\"url\":\"https:\\\/\\\/www.eldiario.net\\\/portal\\\/wp-content\\\/uploads\\\/2023\\\/07\\\/logo_ED.jpg\",\"contentUrl\":\"https:\\\/\\\/www.eldiario.net\\\/portal\\\/wp-content\\\/uploads\\\/2023\\\/07\\\/logo_ED.jpg\",\"width\":272,\"height\":52,\"caption\":\"El Diario - Decano de la prensa nacional\"},\"image\":{\"@id\":\"https:\\\/\\\/www.eldiario.net\\\/portal\\\/#\\\/schema\\\/logo\\\/image\\\/\"},\"sameAs\":[\"https:\\\/\\\/www.facebook.com\\\/eldiario.bolivia\\\/\",\"https:\\\/\\\/x.com\\\/eldiario_net\"]},{\"@type\":\"Person\",\"@id\":\"https:\\\/\\\/www.eldiario.net\\\/portal\\\/#\\\/schema\\\/person\\\/f46445640444750d7d753ccd04ae01b7\",\"name\":\"Jeanette\",\"image\":{\"@type\":\"ImageObject\",\"inLanguage\":\"es\",\"@id\":\"https:\\\/\\\/secure.gravatar.com\\\/avatar\\\/3ea2118a5f7dad2b7138b1187a6b7ee55f160b9968b66013c3a3ef39dd7e5798?s=96&d=mm&r=g\",\"url\":\"https:\\\/\\\/secure.gravatar.com\\\/avatar\\\/3ea2118a5f7dad2b7138b1187a6b7ee55f160b9968b66013c3a3ef39dd7e5798?s=96&d=mm&r=g\",\"contentUrl\":\"https:\\\/\\\/secure.gravatar.com\\\/avatar\\\/3ea2118a5f7dad2b7138b1187a6b7ee55f160b9968b66013c3a3ef39dd7e5798?s=96&d=mm&r=g\",\"caption\":\"Jeanette\"},\"sameAs\":[\"https:\\\/\\\/www.eldiario.net\\\/portal\"],\"url\":\"https:\\\/\\\/www.eldiario.net\\\/portal\\\/author\\\/jeanette\\\/\"}]}<\/script>\n<!-- \/ Yoast SEO plugin. -->","yoast_head_json":{"title":"Atleta polaca es furor en Par\u00eds 2024 por sus tatuajes - El Diario - Bolivia","robots":{"index":"index","follow":"follow","max-snippet":"max-snippet:-1","max-image-preview":"max-image-preview:large","max-video-preview":"max-video-preview:-1"},"canonical":"https:\/\/www.eldiario.net\/portal\/2024\/08\/08\/atleta-polaca-es-furor-en-paris-2024-por-sus-tatuajes\/","og_locale":"es_ES","og_type":"article","og_title":"Atleta polaca es furor en Par\u00eds 2024 por sus tatuajes - El Diario - Bolivia","og_description":"Ewa Swoboda, una de las atletas m\u00e1s destacadas en el mundo del atletismo, caus\u00f3 furor en redes sociales tras su participaci\u00f3n en una reciente competencia en los Juegos Ol\u00edmpicos de Par\u00eds 2024. Durante una prueba de velocidad, Swoboda realiz\u00f3 un peculiar gesto ante las c\u00e1maras: tras hacer un saludo militar hacia la derecha, se detuvo, [&hellip;]","og_url":"https:\/\/www.eldiario.net\/portal\/2024\/08\/08\/atleta-polaca-es-furor-en-paris-2024-por-sus-tatuajes\/","og_site_name":"El Diario - Bolivia","article_publisher":"https:\/\/www.facebook.com\/eldiario.bolivia\/","article_published_time":"2024-08-08T09:58:51+00:00","og_image":[{"width":720,"height":816,"url":"https:\/\/www.eldiario.net\/portal\/wp-content\/uploads\/2024\/08\/Tatuajes-07.jpg","type":"image\/jpeg"}],"author":"Jeanette","twitter_card":"summary_large_image","twitter_creator":"@eldiario_net","twitter_site":"@eldiario_net","twitter_misc":{"Escrito por":"Jeanette","Tiempo de lectura":"3 minutos"},"schema":{"@context":"https:\/\/schema.org","@graph":[{"@type":"Article","@id":"https:\/\/www.eldiario.net\/portal\/2024\/08\/08\/atleta-polaca-es-furor-en-paris-2024-por-sus-tatuajes\/#article","isPartOf":{"@id":"https:\/\/www.eldiario.net\/portal\/2024\/08\/08\/atleta-polaca-es-furor-en-paris-2024-por-sus-tatuajes\/"},"author":{"name":"Jeanette","@id":"https:\/\/www.eldiario.net\/portal\/#\/schema\/person\/f46445640444750d7d753ccd04ae01b7"},"headline":"Atleta polaca es furor en Par\u00eds 2024 por sus tatuajes","datePublished":"2024-08-08T09:58:51+00:00","mainEntityOfPage":{"@id":"https:\/\/www.eldiario.net\/portal\/2024\/08\/08\/atleta-polaca-es-furor-en-paris-2024-por-sus-tatuajes\/"},"wordCount":495,"commentCount":0,"publisher":{"@id":"https:\/\/www.eldiario.net\/portal\/#organization"},"image":{"@id":"https:\/\/www.eldiario.net\/portal\/2024\/08\/08\/atleta-polaca-es-furor-en-paris-2024-por-sus-tatuajes\/#primaryimage"},"thumbnailUrl":"https:\/\/www.eldiario.net\/portal\/wp-content\/uploads\/2024\/08\/Tatuajes-07.jpg","articleSection":["Deportes"],"inLanguage":"es","potentialAction":[{"@type":"CommentAction","name":"Comment","target":["https:\/\/www.eldiario.net\/portal\/2024\/08\/08\/atleta-polaca-es-furor-en-paris-2024-por-sus-tatuajes\/#respond"]}]},{"@type":"WebPage","@id":"https:\/\/www.eldiario.net\/portal\/2024\/08\/08\/atleta-polaca-es-furor-en-paris-2024-por-sus-tatuajes\/","url":"https:\/\/www.eldiario.net\/portal\/2024\/08\/08\/atleta-polaca-es-furor-en-paris-2024-por-sus-tatuajes\/","name":"Atleta polaca es furor en Par\u00eds 2024 por sus tatuajes - El Diario - Bolivia","isPartOf":{"@id":"https:\/\/www.eldiario.net\/portal\/#website"},"primaryImageOfPage":{"@id":"https:\/\/www.eldiario.net\/portal\/2024\/08\/08\/atleta-polaca-es-furor-en-paris-2024-por-sus-tatuajes\/#primaryimage"},"image":{"@id":"https:\/\/www.eldiario.net\/portal\/2024\/08\/08\/atleta-polaca-es-furor-en-paris-2024-por-sus-tatuajes\/#primaryimage"},"thumbnailUrl":"https:\/\/www.eldiario.net\/portal\/wp-content\/uploads\/2024\/08\/Tatuajes-07.jpg","datePublished":"2024-08-08T09:58:51+00:00","breadcrumb":{"@id":"https:\/\/www.eldiario.net\/portal\/2024\/08\/08\/atleta-polaca-es-furor-en-paris-2024-por-sus-tatuajes\/#breadcrumb"},"inLanguage":"es","potentialAction":[{"@type":"ReadAction","target":["https:\/\/www.eldiario.net\/portal\/2024\/08\/08\/atleta-polaca-es-furor-en-paris-2024-por-sus-tatuajes\/"]}]},{"@type":"ImageObject","inLanguage":"es","@id":"https:\/\/www.eldiario.net\/portal\/2024\/08\/08\/atleta-polaca-es-furor-en-paris-2024-por-sus-tatuajes\/#primaryimage","url":"https:\/\/www.eldiario.net\/portal\/wp-content\/uploads\/2024\/08\/Tatuajes-07.jpg","contentUrl":"https:\/\/www.eldiario.net\/portal\/wp-content\/uploads\/2024\/08\/Tatuajes-07.jpg","width":720,"height":816},{"@type":"BreadcrumbList","@id":"https:\/\/www.eldiario.net\/portal\/2024\/08\/08\/atleta-polaca-es-furor-en-paris-2024-por-sus-tatuajes\/#breadcrumb","itemListElement":[{"@type":"ListItem","position":1,"name":"Portada","item":"https:\/\/www.eldiario.net\/portal\/"},{"@type":"ListItem","position":2,"name":"Atleta polaca es furor en Par\u00eds 2024 por sus tatuajes"}]},{"@type":"WebSite","@id":"https:\/\/www.eldiario.net\/portal\/#website","url":"https:\/\/www.eldiario.net\/portal\/","name":"El Diario - Decano de la prensa nacional","description":"El Diario - Decano de la prensa nacional","publisher":{"@id":"https:\/\/www.eldiario.net\/portal\/#organization"},"potentialAction":[{"@type":"SearchAction","target":{"@type":"EntryPoint","urlTemplate":"https:\/\/www.eldiario.net\/portal\/?s={search_term_string}"},"query-input":{"@type":"PropertyValueSpecification","valueRequired":true,"valueName":"search_term_string"}}],"inLanguage":"es"},{"@type":"Organization","@id":"https:\/\/www.eldiario.net\/portal\/#organization","name":"El Diario - Decano de la prensa nacional","url":"https:\/\/www.eldiario.net\/portal\/","logo":{"@type":"ImageObject","inLanguage":"es","@id":"https:\/\/www.eldiario.net\/portal\/#\/schema\/logo\/image\/","url":"https:\/\/www.eldiario.net\/portal\/wp-content\/uploads\/2023\/07\/logo_ED.jpg","contentUrl":"https:\/\/www.eldiario.net\/portal\/wp-content\/uploads\/2023\/07\/logo_ED.jpg","width":272,"height":52,"caption":"El Diario - Decano de la prensa nacional"},"image":{"@id":"https:\/\/www.eldiario.net\/portal\/#\/schema\/logo\/image\/"},"sameAs":["https:\/\/www.facebook.com\/eldiario.bolivia\/","https:\/\/x.com\/eldiario_net"]},{"@type":"Person","@id":"https:\/\/www.eldiario.net\/portal\/#\/schema\/person\/f46445640444750d7d753ccd04ae01b7","name":"Jeanette","image":{"@type":"ImageObject","inLanguage":"es","@id":"https:\/\/secure.gravatar.com\/avatar\/3ea2118a5f7dad2b7138b1187a6b7ee55f160b9968b66013c3a3ef39dd7e5798?s=96&d=mm&r=g","url":"https:\/\/secure.gravatar.com\/avatar\/3ea2118a5f7dad2b7138b1187a6b7ee55f160b9968b66013c3a3ef39dd7e5798?s=96&d=mm&r=g","contentUrl":"https:\/\/secure.gravatar.com\/avatar\/3ea2118a5f7dad2b7138b1187a6b7ee55f160b9968b66013c3a3ef39dd7e5798?s=96&d=mm&r=g","caption":"Jeanette"},"sameAs":["https:\/\/www.eldiario.net\/portal"],"url":"https:\/\/www.eldiario.net\/portal\/author\/jeanette\/"}]}},"_links":{"self":[{"href":"https:\/\/www.eldiario.net\/portal\/wp-json\/wp\/v2\/posts\/239341","targetHints":{"allow":["GET"]}}],"collection":[{"href":"https:\/\/www.eldiario.net\/portal\/wp-json\/wp\/v2\/posts"}],"about":[{"href":"https:\/\/www.eldiario.net\/portal\/wp-json\/wp\/v2\/types\/post"}],"author":[{"embeddable":true,"href":"https:\/\/www.eldiario.net\/portal\/wp-json\/wp\/v2\/users\/1"}],"replies":[{"embeddable":true,"href":"https:\/\/www.eldiario.net\/portal\/wp-json\/wp\/v2\/comments?post=239341"}],"version-history":[{"count":1,"href":"https:\/\/www.eldiario.net\/portal\/wp-json\/wp\/v2\/posts\/239341\/revisions"}],"predecessor-version":[{"id":239343,"href":"https:\/\/www.eldiario.net\/portal\/wp-json\/wp\/v2\/posts\/239341\/revisions\/239343"}],"wp:featuredmedia":[{"embeddable":true,"href":"https:\/\/www.eldiario.net\/portal\/wp-json\/wp\/v2\/media\/239342"}],"wp:attachment":[{"href":"https:\/\/www.eldiario.net\/portal\/wp-json\/wp\/v2\/media?parent=239341"}],"wp:term":[{"taxonomy":"category","embeddable":true,"href":"https:\/\/www.eldiario.net\/portal\/wp-json\/wp\/v2\/categories?post=239341"},{"taxonomy":"post_tag","embeddable":true,"href":"https:\/\/www.eldiario.net\/portal\/wp-json\/wp\/v2\/tags?post=239341"}],"curies":[{"name":"wp","href":"https:\/\/api.w.org\/{rel}","templated":true}]}}