{"id":239150,"date":"2024-08-07T08:58:04","date_gmt":"2024-08-07T12:58:04","guid":{"rendered":"https:\/\/www.eldiario.net\/portal\/?p=239150"},"modified":"2024-08-07T08:58:04","modified_gmt":"2024-08-07T12:58:04","slug":"julian-alvarez-sera-el-nuevo-jugador-del-atletico-de-madrid","status":"publish","type":"post","link":"https:\/\/www.eldiario.net\/portal\/2024\/08\/07\/julian-alvarez-sera-el-nuevo-jugador-del-atletico-de-madrid\/","title":{"rendered":"Juli\u00e1n \u00c1lvarez ser\u00e1 el nuevo jugador del Atl\u00e9tico de Madrid"},"content":{"rendered":"<p>El Atl\u00e9tico de Madrid fich\u00f3 a Juli\u00e1n \u00c1lvarez y pagar\u00e1 75 millones de euros -y 20 millones m\u00e1s en bonus- al Manchester City ingl\u00e9s por el pase del jugador, seg\u00fan inform\u00f3 ayer el diario deportivo argentino Ol\u00e9.<br \/>\nEl acuerdo por el pase del jugador se termin\u00f3 de cerrar ayer, tras definirse cuestiones del contrato de \u00c1lvarez con el conjunto &#8216;colchonero&#8217;, con el que firmar\u00e1 un contrato por cinco a\u00f1os. El argentino dejar\u00e1 as\u00ed el club ingl\u00e9s.<\/p>\n","protected":false},"excerpt":{"rendered":"<p>El Atl\u00e9tico de Madrid fich\u00f3 a Juli\u00e1n \u00c1lvarez y pagar\u00e1 75 millones de euros -y 20 millones m\u00e1s en bonus- al Manchester City ingl\u00e9s por el pase del jugador, seg\u00fan inform\u00f3 ayer el diario deportivo argentino Ol\u00e9. El acuerdo por el pase del jugador se termin\u00f3 de cerrar ayer, tras definirse cuestiones del contrato de [&hellip;]<\/p>\n","protected":false},"author":2,"featured_media":239151,"comment_status":"open","ping_status":"open","sticky":false,"template":"","format":"standard","meta":{"_acf_changed":false,"footnotes":""},"categories":[6],"tags":[],"class_list":["post-239150","post","type-post","status-publish","format-standard","has-post-thumbnail","category-deportes"],"acf":{"antetitulo":"F\u00fatbol"},"yoast_head":"<!-- This site is optimized with the Yoast SEO plugin v28.3 - https:\/\/yoast.com\/product\/yoast-seo-wordpress\/ -->\n<title>Juli\u00e1n \u00c1lvarez ser\u00e1 el nuevo jugador del Atl\u00e9tico de Madrid - El Diario - Bolivia<\/title>\n<meta name=\"robots\" content=\"index, follow, max-snippet:-1, max-image-preview:large, max-video-preview:-1\" \/>\n<link rel=\"canonical\" href=\"https:\/\/www.eldiario.net\/portal\/2024\/08\/07\/julian-alvarez-sera-el-nuevo-jugador-del-atletico-de-madrid\/\" \/>\n<meta property=\"og:locale\" content=\"es_ES\" \/>\n<meta property=\"og:type\" content=\"article\" \/>\n<meta property=\"og:title\" content=\"Juli\u00e1n \u00c1lvarez ser\u00e1 el nuevo jugador del Atl\u00e9tico de Madrid - El Diario - Bolivia\" \/>\n<meta property=\"og:description\" content=\"El Atl\u00e9tico de Madrid fich\u00f3 a Juli\u00e1n \u00c1lvarez y pagar\u00e1 75 millones de euros -y 20 millones m\u00e1s en bonus- al Manchester City ingl\u00e9s por el pase del jugador, seg\u00fan inform\u00f3 ayer el diario deportivo argentino Ol\u00e9. El acuerdo por el pase del jugador se termin\u00f3 de cerrar ayer, tras definirse cuestiones del contrato de [&hellip;]\" \/>\n<meta property=\"og:url\" content=\"https:\/\/www.eldiario.net\/portal\/2024\/08\/07\/julian-alvarez-sera-el-nuevo-jugador-del-atletico-de-madrid\/\" \/>\n<meta property=\"og:site_name\" content=\"El Diario - Bolivia\" \/>\n<meta property=\"article:publisher\" content=\"https:\/\/www.facebook.com\/eldiario.bolivia\/\" \/>\n<meta property=\"article:published_time\" content=\"2024-08-07T12:58:04+00:00\" \/>\n<meta property=\"og:image\" content=\"https:\/\/www.eldiario.net\/portal\/wp-content\/uploads\/2024\/08\/julian-alvarez.jpg\" \/>\n\t<meta property=\"og:image:width\" content=\"751\" \/>\n\t<meta property=\"og:image:height\" content=\"417\" \/>\n\t<meta property=\"og:image:type\" content=\"image\/jpeg\" \/>\n<meta name=\"author\" content=\"luis Camacho\" \/>\n<meta name=\"twitter:card\" content=\"summary_large_image\" \/>\n<meta name=\"twitter:creator\" content=\"@eldiario_net\" \/>\n<meta name=\"twitter:site\" content=\"@eldiario_net\" \/>\n<meta name=\"twitter:label1\" content=\"Escrito por\" \/>\n\t<meta name=\"twitter:data1\" content=\"luis Camacho\" \/>\n\t<meta name=\"twitter:label2\" content=\"Tiempo de lectura\" \/>\n\t<meta name=\"twitter:data2\" content=\"1 minuto\" \/>\n<script type=\"application\/ld+json\" class=\"yoast-schema-graph\">{\"@context\":\"https:\\\/\\\/schema.org\",\"@graph\":[{\"@type\":\"Article\",\"@id\":\"https:\\\/\\\/www.eldiario.net\\\/portal\\\/2024\\\/08\\\/07\\\/julian-alvarez-sera-el-nuevo-jugador-del-atletico-de-madrid\\\/#article\",\"isPartOf\":{\"@id\":\"https:\\\/\\\/www.eldiario.net\\\/portal\\\/2024\\\/08\\\/07\\\/julian-alvarez-sera-el-nuevo-jugador-del-atletico-de-madrid\\\/\"},\"author\":{\"name\":\"luis Camacho\",\"@id\":\"https:\\\/\\\/www.eldiario.net\\\/portal\\\/#\\\/schema\\\/person\\\/cab1ae4db27e5f008a62cbffb05fbfee\"},\"headline\":\"Juli\u00e1n \u00c1lvarez ser\u00e1 el nuevo jugador del Atl\u00e9tico de Madrid\",\"datePublished\":\"2024-08-07T12:58:04+00:00\",\"mainEntityOfPage\":{\"@id\":\"https:\\\/\\\/www.eldiario.net\\\/portal\\\/2024\\\/08\\\/07\\\/julian-alvarez-sera-el-nuevo-jugador-del-atletico-de-madrid\\\/\"},\"wordCount\":93,\"commentCount\":0,\"publisher\":{\"@id\":\"https:\\\/\\\/www.eldiario.net\\\/portal\\\/#organization\"},\"image\":{\"@id\":\"https:\\\/\\\/www.eldiario.net\\\/portal\\\/2024\\\/08\\\/07\\\/julian-alvarez-sera-el-nuevo-jugador-del-atletico-de-madrid\\\/#primaryimage\"},\"thumbnailUrl\":\"https:\\\/\\\/www.eldiario.net\\\/portal\\\/wp-content\\\/uploads\\\/2024\\\/08\\\/julian-alvarez.jpg\",\"articleSection\":[\"Deportes\"],\"inLanguage\":\"es\",\"potentialAction\":[{\"@type\":\"CommentAction\",\"name\":\"Comment\",\"target\":[\"https:\\\/\\\/www.eldiario.net\\\/portal\\\/2024\\\/08\\\/07\\\/julian-alvarez-sera-el-nuevo-jugador-del-atletico-de-madrid\\\/#respond\"]}]},{\"@type\":\"WebPage\",\"@id\":\"https:\\\/\\\/www.eldiario.net\\\/portal\\\/2024\\\/08\\\/07\\\/julian-alvarez-sera-el-nuevo-jugador-del-atletico-de-madrid\\\/\",\"url\":\"https:\\\/\\\/www.eldiario.net\\\/portal\\\/2024\\\/08\\\/07\\\/julian-alvarez-sera-el-nuevo-jugador-del-atletico-de-madrid\\\/\",\"name\":\"Juli\u00e1n \u00c1lvarez ser\u00e1 el nuevo jugador del Atl\u00e9tico de Madrid - El Diario - Bolivia\",\"isPartOf\":{\"@id\":\"https:\\\/\\\/www.eldiario.net\\\/portal\\\/#website\"},\"primaryImageOfPage\":{\"@id\":\"https:\\\/\\\/www.eldiario.net\\\/portal\\\/2024\\\/08\\\/07\\\/julian-alvarez-sera-el-nuevo-jugador-del-atletico-de-madrid\\\/#primaryimage\"},\"image\":{\"@id\":\"https:\\\/\\\/www.eldiario.net\\\/portal\\\/2024\\\/08\\\/07\\\/julian-alvarez-sera-el-nuevo-jugador-del-atletico-de-madrid\\\/#primaryimage\"},\"thumbnailUrl\":\"https:\\\/\\\/www.eldiario.net\\\/portal\\\/wp-content\\\/uploads\\\/2024\\\/08\\\/julian-alvarez.jpg\",\"datePublished\":\"2024-08-07T12:58:04+00:00\",\"breadcrumb\":{\"@id\":\"https:\\\/\\\/www.eldiario.net\\\/portal\\\/2024\\\/08\\\/07\\\/julian-alvarez-sera-el-nuevo-jugador-del-atletico-de-madrid\\\/#breadcrumb\"},\"inLanguage\":\"es\",\"potentialAction\":[{\"@type\":\"ReadAction\",\"target\":[\"https:\\\/\\\/www.eldiario.net\\\/portal\\\/2024\\\/08\\\/07\\\/julian-alvarez-sera-el-nuevo-jugador-del-atletico-de-madrid\\\/\"]}]},{\"@type\":\"ImageObject\",\"inLanguage\":\"es\",\"@id\":\"https:\\\/\\\/www.eldiario.net\\\/portal\\\/2024\\\/08\\\/07\\\/julian-alvarez-sera-el-nuevo-jugador-del-atletico-de-madrid\\\/#primaryimage\",\"url\":\"https:\\\/\\\/www.eldiario.net\\\/portal\\\/wp-content\\\/uploads\\\/2024\\\/08\\\/julian-alvarez.jpg\",\"contentUrl\":\"https:\\\/\\\/www.eldiario.net\\\/portal\\\/wp-content\\\/uploads\\\/2024\\\/08\\\/julian-alvarez.jpg\",\"width\":751,\"height\":417},{\"@type\":\"BreadcrumbList\",\"@id\":\"https:\\\/\\\/www.eldiario.net\\\/portal\\\/2024\\\/08\\\/07\\\/julian-alvarez-sera-el-nuevo-jugador-del-atletico-de-madrid\\\/#breadcrumb\",\"itemListElement\":[{\"@type\":\"ListItem\",\"position\":1,\"name\":\"Portada\",\"item\":\"https:\\\/\\\/www.eldiario.net\\\/portal\\\/\"},{\"@type\":\"ListItem\",\"position\":2,\"name\":\"Juli\u00e1n \u00c1lvarez ser\u00e1 el nuevo jugador del Atl\u00e9tico de Madrid\"}]},{\"@type\":\"WebSite\",\"@id\":\"https:\\\/\\\/www.eldiario.net\\\/portal\\\/#website\",\"url\":\"https:\\\/\\\/www.eldiario.net\\\/portal\\\/\",\"name\":\"El Diario - Decano de la prensa nacional\",\"description\":\"El Diario - Decano de la prensa nacional\",\"publisher\":{\"@id\":\"https:\\\/\\\/www.eldiario.net\\\/portal\\\/#organization\"},\"potentialAction\":[{\"@type\":\"SearchAction\",\"target\":{\"@type\":\"EntryPoint\",\"urlTemplate\":\"https:\\\/\\\/www.eldiario.net\\\/portal\\\/?s={search_term_string}\"},\"query-input\":{\"@type\":\"PropertyValueSpecification\",\"valueRequired\":true,\"valueName\":\"search_term_string\"}}],\"inLanguage\":\"es\"},{\"@type\":\"Organization\",\"@id\":\"https:\\\/\\\/www.eldiario.net\\\/portal\\\/#organization\",\"name\":\"El Diario - Decano de la prensa nacional\",\"url\":\"https:\\\/\\\/www.eldiario.net\\\/portal\\\/\",\"logo\":{\"@type\":\"ImageObject\",\"inLanguage\":\"es\",\"@id\":\"https:\\\/\\\/www.eldiario.net\\\/portal\\\/#\\\/schema\\\/logo\\\/image\\\/\",\"url\":\"https:\\\/\\\/www.eldiario.net\\\/portal\\\/wp-content\\\/uploads\\\/2023\\\/07\\\/logo_ED.jpg\",\"contentUrl\":\"https:\\\/\\\/www.eldiario.net\\\/portal\\\/wp-content\\\/uploads\\\/2023\\\/07\\\/logo_ED.jpg\",\"width\":272,\"height\":52,\"caption\":\"El Diario - Decano de la prensa nacional\"},\"image\":{\"@id\":\"https:\\\/\\\/www.eldiario.net\\\/portal\\\/#\\\/schema\\\/logo\\\/image\\\/\"},\"sameAs\":[\"https:\\\/\\\/www.facebook.com\\\/eldiario.bolivia\\\/\",\"https:\\\/\\\/x.com\\\/eldiario_net\"]},{\"@type\":\"Person\",\"@id\":\"https:\\\/\\\/www.eldiario.net\\\/portal\\\/#\\\/schema\\\/person\\\/cab1ae4db27e5f008a62cbffb05fbfee\",\"name\":\"luis Camacho\",\"image\":{\"@type\":\"ImageObject\",\"inLanguage\":\"es\",\"@id\":\"https:\\\/\\\/secure.gravatar.com\\\/avatar\\\/69ecb836b3826d5a2501bf06ab2a2f2c8ab211cc846758f395df21684cb38313?s=96&d=mm&r=g\",\"url\":\"https:\\\/\\\/secure.gravatar.com\\\/avatar\\\/69ecb836b3826d5a2501bf06ab2a2f2c8ab211cc846758f395df21684cb38313?s=96&d=mm&r=g\",\"contentUrl\":\"https:\\\/\\\/secure.gravatar.com\\\/avatar\\\/69ecb836b3826d5a2501bf06ab2a2f2c8ab211cc846758f395df21684cb38313?s=96&d=mm&r=g\",\"caption\":\"luis Camacho\"},\"url\":\"https:\\\/\\\/www.eldiario.net\\\/portal\\\/author\\\/luis\\\/\"}]}<\/script>\n<!-- \/ Yoast SEO plugin. -->","yoast_head_json":{"title":"Juli\u00e1n \u00c1lvarez ser\u00e1 el nuevo jugador del Atl\u00e9tico de Madrid - El Diario - Bolivia","robots":{"index":"index","follow":"follow","max-snippet":"max-snippet:-1","max-image-preview":"max-image-preview:large","max-video-preview":"max-video-preview:-1"},"canonical":"https:\/\/www.eldiario.net\/portal\/2024\/08\/07\/julian-alvarez-sera-el-nuevo-jugador-del-atletico-de-madrid\/","og_locale":"es_ES","og_type":"article","og_title":"Juli\u00e1n \u00c1lvarez ser\u00e1 el nuevo jugador del Atl\u00e9tico de Madrid - El Diario - Bolivia","og_description":"El Atl\u00e9tico de Madrid fich\u00f3 a Juli\u00e1n \u00c1lvarez y pagar\u00e1 75 millones de euros -y 20 millones m\u00e1s en bonus- al Manchester City ingl\u00e9s por el pase del jugador, seg\u00fan inform\u00f3 ayer el diario deportivo argentino Ol\u00e9. El acuerdo por el pase del jugador se termin\u00f3 de cerrar ayer, tras definirse cuestiones del contrato de [&hellip;]","og_url":"https:\/\/www.eldiario.net\/portal\/2024\/08\/07\/julian-alvarez-sera-el-nuevo-jugador-del-atletico-de-madrid\/","og_site_name":"El Diario - Bolivia","article_publisher":"https:\/\/www.facebook.com\/eldiario.bolivia\/","article_published_time":"2024-08-07T12:58:04+00:00","og_image":[{"width":751,"height":417,"url":"https:\/\/www.eldiario.net\/portal\/wp-content\/uploads\/2024\/08\/julian-alvarez.jpg","type":"image\/jpeg"}],"author":"luis Camacho","twitter_card":"summary_large_image","twitter_creator":"@eldiario_net","twitter_site":"@eldiario_net","twitter_misc":{"Escrito por":"luis Camacho","Tiempo de lectura":"1 minuto"},"schema":{"@context":"https:\/\/schema.org","@graph":[{"@type":"Article","@id":"https:\/\/www.eldiario.net\/portal\/2024\/08\/07\/julian-alvarez-sera-el-nuevo-jugador-del-atletico-de-madrid\/#article","isPartOf":{"@id":"https:\/\/www.eldiario.net\/portal\/2024\/08\/07\/julian-alvarez-sera-el-nuevo-jugador-del-atletico-de-madrid\/"},"author":{"name":"luis Camacho","@id":"https:\/\/www.eldiario.net\/portal\/#\/schema\/person\/cab1ae4db27e5f008a62cbffb05fbfee"},"headline":"Juli\u00e1n \u00c1lvarez ser\u00e1 el nuevo jugador del Atl\u00e9tico de Madrid","datePublished":"2024-08-07T12:58:04+00:00","mainEntityOfPage":{"@id":"https:\/\/www.eldiario.net\/portal\/2024\/08\/07\/julian-alvarez-sera-el-nuevo-jugador-del-atletico-de-madrid\/"},"wordCount":93,"commentCount":0,"publisher":{"@id":"https:\/\/www.eldiario.net\/portal\/#organization"},"image":{"@id":"https:\/\/www.eldiario.net\/portal\/2024\/08\/07\/julian-alvarez-sera-el-nuevo-jugador-del-atletico-de-madrid\/#primaryimage"},"thumbnailUrl":"https:\/\/www.eldiario.net\/portal\/wp-content\/uploads\/2024\/08\/julian-alvarez.jpg","articleSection":["Deportes"],"inLanguage":"es","potentialAction":[{"@type":"CommentAction","name":"Comment","target":["https:\/\/www.eldiario.net\/portal\/2024\/08\/07\/julian-alvarez-sera-el-nuevo-jugador-del-atletico-de-madrid\/#respond"]}]},{"@type":"WebPage","@id":"https:\/\/www.eldiario.net\/portal\/2024\/08\/07\/julian-alvarez-sera-el-nuevo-jugador-del-atletico-de-madrid\/","url":"https:\/\/www.eldiario.net\/portal\/2024\/08\/07\/julian-alvarez-sera-el-nuevo-jugador-del-atletico-de-madrid\/","name":"Juli\u00e1n \u00c1lvarez ser\u00e1 el nuevo jugador del Atl\u00e9tico de Madrid - El Diario - Bolivia","isPartOf":{"@id":"https:\/\/www.eldiario.net\/portal\/#website"},"primaryImageOfPage":{"@id":"https:\/\/www.eldiario.net\/portal\/2024\/08\/07\/julian-alvarez-sera-el-nuevo-jugador-del-atletico-de-madrid\/#primaryimage"},"image":{"@id":"https:\/\/www.eldiario.net\/portal\/2024\/08\/07\/julian-alvarez-sera-el-nuevo-jugador-del-atletico-de-madrid\/#primaryimage"},"thumbnailUrl":"https:\/\/www.eldiario.net\/portal\/wp-content\/uploads\/2024\/08\/julian-alvarez.jpg","datePublished":"2024-08-07T12:58:04+00:00","breadcrumb":{"@id":"https:\/\/www.eldiario.net\/portal\/2024\/08\/07\/julian-alvarez-sera-el-nuevo-jugador-del-atletico-de-madrid\/#breadcrumb"},"inLanguage":"es","potentialAction":[{"@type":"ReadAction","target":["https:\/\/www.eldiario.net\/portal\/2024\/08\/07\/julian-alvarez-sera-el-nuevo-jugador-del-atletico-de-madrid\/"]}]},{"@type":"ImageObject","inLanguage":"es","@id":"https:\/\/www.eldiario.net\/portal\/2024\/08\/07\/julian-alvarez-sera-el-nuevo-jugador-del-atletico-de-madrid\/#primaryimage","url":"https:\/\/www.eldiario.net\/portal\/wp-content\/uploads\/2024\/08\/julian-alvarez.jpg","contentUrl":"https:\/\/www.eldiario.net\/portal\/wp-content\/uploads\/2024\/08\/julian-alvarez.jpg","width":751,"height":417},{"@type":"BreadcrumbList","@id":"https:\/\/www.eldiario.net\/portal\/2024\/08\/07\/julian-alvarez-sera-el-nuevo-jugador-del-atletico-de-madrid\/#breadcrumb","itemListElement":[{"@type":"ListItem","position":1,"name":"Portada","item":"https:\/\/www.eldiario.net\/portal\/"},{"@type":"ListItem","position":2,"name":"Juli\u00e1n \u00c1lvarez ser\u00e1 el nuevo jugador del Atl\u00e9tico de Madrid"}]},{"@type":"WebSite","@id":"https:\/\/www.eldiario.net\/portal\/#website","url":"https:\/\/www.eldiario.net\/portal\/","name":"El Diario - Decano de la prensa nacional","description":"El Diario - Decano de la prensa nacional","publisher":{"@id":"https:\/\/www.eldiario.net\/portal\/#organization"},"potentialAction":[{"@type":"SearchAction","target":{"@type":"EntryPoint","urlTemplate":"https:\/\/www.eldiario.net\/portal\/?s={search_term_string}"},"query-input":{"@type":"PropertyValueSpecification","valueRequired":true,"valueName":"search_term_string"}}],"inLanguage":"es"},{"@type":"Organization","@id":"https:\/\/www.eldiario.net\/portal\/#organization","name":"El Diario - Decano de la prensa nacional","url":"https:\/\/www.eldiario.net\/portal\/","logo":{"@type":"ImageObject","inLanguage":"es","@id":"https:\/\/www.eldiario.net\/portal\/#\/schema\/logo\/image\/","url":"https:\/\/www.eldiario.net\/portal\/wp-content\/uploads\/2023\/07\/logo_ED.jpg","contentUrl":"https:\/\/www.eldiario.net\/portal\/wp-content\/uploads\/2023\/07\/logo_ED.jpg","width":272,"height":52,"caption":"El Diario - Decano de la prensa nacional"},"image":{"@id":"https:\/\/www.eldiario.net\/portal\/#\/schema\/logo\/image\/"},"sameAs":["https:\/\/www.facebook.com\/eldiario.bolivia\/","https:\/\/x.com\/eldiario_net"]},{"@type":"Person","@id":"https:\/\/www.eldiario.net\/portal\/#\/schema\/person\/cab1ae4db27e5f008a62cbffb05fbfee","name":"luis Camacho","image":{"@type":"ImageObject","inLanguage":"es","@id":"https:\/\/secure.gravatar.com\/avatar\/69ecb836b3826d5a2501bf06ab2a2f2c8ab211cc846758f395df21684cb38313?s=96&d=mm&r=g","url":"https:\/\/secure.gravatar.com\/avatar\/69ecb836b3826d5a2501bf06ab2a2f2c8ab211cc846758f395df21684cb38313?s=96&d=mm&r=g","contentUrl":"https:\/\/secure.gravatar.com\/avatar\/69ecb836b3826d5a2501bf06ab2a2f2c8ab211cc846758f395df21684cb38313?s=96&d=mm&r=g","caption":"luis Camacho"},"url":"https:\/\/www.eldiario.net\/portal\/author\/luis\/"}]}},"_links":{"self":[{"href":"https:\/\/www.eldiario.net\/portal\/wp-json\/wp\/v2\/posts\/239150","targetHints":{"allow":["GET"]}}],"collection":[{"href":"https:\/\/www.eldiario.net\/portal\/wp-json\/wp\/v2\/posts"}],"about":[{"href":"https:\/\/www.eldiario.net\/portal\/wp-json\/wp\/v2\/types\/post"}],"author":[{"embeddable":true,"href":"https:\/\/www.eldiario.net\/portal\/wp-json\/wp\/v2\/users\/2"}],"replies":[{"embeddable":true,"href":"https:\/\/www.eldiario.net\/portal\/wp-json\/wp\/v2\/comments?post=239150"}],"version-history":[{"count":1,"href":"https:\/\/www.eldiario.net\/portal\/wp-json\/wp\/v2\/posts\/239150\/revisions"}],"predecessor-version":[{"id":239152,"href":"https:\/\/www.eldiario.net\/portal\/wp-json\/wp\/v2\/posts\/239150\/revisions\/239152"}],"wp:featuredmedia":[{"embeddable":true,"href":"https:\/\/www.eldiario.net\/portal\/wp-json\/wp\/v2\/media\/239151"}],"wp:attachment":[{"href":"https:\/\/www.eldiario.net\/portal\/wp-json\/wp\/v2\/media?parent=239150"}],"wp:term":[{"taxonomy":"category","embeddable":true,"href":"https:\/\/www.eldiario.net\/portal\/wp-json\/wp\/v2\/categories?post=239150"},{"taxonomy":"post_tag","embeddable":true,"href":"https:\/\/www.eldiario.net\/portal\/wp-json\/wp\/v2\/tags?post=239150"}],"curies":[{"name":"wp","href":"https:\/\/api.w.org\/{rel}","templated":true}]}}