{"id":238987,"date":"2024-08-06T07:08:18","date_gmt":"2024-08-06T11:08:18","guid":{"rendered":"https:\/\/www.eldiario.net\/portal\/?p=238987"},"modified":"2024-08-06T07:08:18","modified_gmt":"2024-08-06T11:08:18","slug":"estados-unidos-completa-la-retirada-de-tropas-de-su-ultima-base-en-niger","status":"publish","type":"post","link":"https:\/\/www.eldiario.net\/portal\/2024\/08\/06\/estados-unidos-completa-la-retirada-de-tropas-de-su-ultima-base-en-niger\/","title":{"rendered":"Estados Unidos completa la retirada  de tropas de su \u00faltima base en N\u00edger"},"content":{"rendered":"<p class=\"v1MsoNormal\">Estados Unidos complet\u00f3 ayer la retirada de tropas de su \u00faltima base militar en N\u00edger tras una petici\u00f3n por parte de la junta liderada por el general Abdourahamane Tchiani, responsable del golpe de Estado de junio de 2023 que supuso el derrocamiento del entonces presidente Mohamed Bazoum.<\/p>\n<p class=\"v1MsoNormal\">\u00abEl Departamento de Defensa de Estados Unidos y el Ministerio de Defensa Nacional de la Rep\u00fablica de N\u00edger anuncian que se ha completado la retirada de las fuerzas y activos estadounidenses de la base a\u00e9rea 201 en Agadez\u00bb, comunic\u00f3 el Pent\u00e1gono.<\/p>\n<p class=\"v1MsoNormal\">Washington ha resaltado que gracias a \u00abla cooperaci\u00f3n y comunicaci\u00f3n efectiva\u00bb entre ambas fuerzas armadas el traspaso se ha realizado \u00abantes de lo previsto y sin complicaciones\u00bb. Asimismo, ha indicado que seguir\u00e1 en contacto con las fuerzas nigerianas \u00abpara garantizar que la retirada total se complete seg\u00fan lo previsto\u00bb.<\/p>\n<p class=\"v1MsoNormal\">\u00abDurante la \u00faltima d\u00e9cada, las tropas estadounidenses han entrenado a las fuerzas de N\u00edger y apoyado misiones antiterroristas lideradas por socios contra Estado Isl\u00e1mico y Al Qaeda en la regi\u00f3n\u00bb, ha dicho, agregando que la base a\u00e9rea 201 se puso en marcha para apoyar a las Fuerzas Armadas nigerianas en contraterrorismo.<\/p>\n<p class=\"v1MsoNormal\">Esto se produce despu\u00e9s de que a principios del mes de julio Estados Unidos complet\u00f3 su retirada de la base a\u00e9rea 101, ubicada en la capital de N\u00edger, Niamey, seg\u00fan inform\u00f3 entonces el Mando \u00c1frica de Estados Unidos (Africom). La retirada total tiene como fecha l\u00edmite el 15 de septiembre.<\/p>\n<p class=\"v1MsoNormal\">\n<p class=\"v1MsoNormal\">REPLIEGUE DE 1.000 EFECTIVOS<\/p>\n<p class=\"v1MsoNormal\">La Administraci\u00f3n de Joe Biden se hab\u00eda resistido a dar un paso que hab\u00eda pedido la junta de N\u00edger y que implicaba el repliegue de unos 1.000 efectivos. La base a\u00e9rea de Niamey fue construida hace apenas seis a\u00f1os y est\u00e1 valorada en unos 110 millones de d\u00f3lares.<\/p>\n<p class=\"v1MsoNormal\">La actividad militar ya estaba muy limitada despu\u00e9s de que Washington rompiese sus acuerdos de cooperaci\u00f3n con N\u00edger y pararse, entre otros programas, el vuelo de drones, clave para la recogida de informaci\u00f3n de Inteligencia y la preparaci\u00f3n de ataques no s\u00f3lo en territorio nigerino sino tambi\u00e9n en zonas de la regi\u00f3n del Sahel.<\/p>\n<p class=\"v1MsoNormal\">El golpe de Estado de 2023 aup\u00f3 al poder a una junta militar e incluy\u00f3 a N\u00edger dentro de un grupo cada vez m\u00e1s numeroso de reg\u00edmenes africanos cr\u00edticos con la presencia occidental y proclives, en cambio, a acercamientos a Rusia, incluido el despliegue de mercenarios del Grupo Wagner, ahora conocido como \u00c1frica Corps. (Europa Press)<\/p>\n<p class=\"v1MsoNormal\">\n","protected":false},"excerpt":{"rendered":"<p>Estados Unidos complet\u00f3 ayer la retirada de tropas de su \u00faltima base militar en N\u00edger tras una petici\u00f3n por parte de la junta liderada por el general Abdourahamane Tchiani, responsable del golpe de Estado de junio de 2023 que supuso el derrocamiento del entonces presidente Mohamed Bazoum. \u00abEl Departamento de Defensa de Estados Unidos y [&hellip;]<\/p>\n","protected":false},"author":1,"featured_media":238988,"comment_status":"open","ping_status":"open","sticky":false,"template":"","format":"standard","meta":{"_acf_changed":false,"footnotes":""},"categories":[3],"tags":[],"class_list":["post-238987","post","type-post","status-publish","format-standard","has-post-thumbnail","category-internacional"],"acf":{"antetitulo":"Mediante declaraci\u00f3n conjunta"},"yoast_head":"<!-- This site is optimized with the Yoast SEO plugin v28.3 - https:\/\/yoast.com\/product\/yoast-seo-wordpress\/ -->\n<title>Estados Unidos completa la retirada de tropas de su \u00faltima base en N\u00edger - El Diario - Bolivia<\/title>\n<meta name=\"robots\" content=\"index, follow, max-snippet:-1, max-image-preview:large, max-video-preview:-1\" \/>\n<link rel=\"canonical\" href=\"https:\/\/www.eldiario.net\/portal\/2024\/08\/06\/estados-unidos-completa-la-retirada-de-tropas-de-su-ultima-base-en-niger\/\" \/>\n<meta property=\"og:locale\" content=\"es_ES\" \/>\n<meta property=\"og:type\" content=\"article\" \/>\n<meta property=\"og:title\" content=\"Estados Unidos completa la retirada de tropas de su \u00faltima base en N\u00edger - El Diario - Bolivia\" \/>\n<meta property=\"og:description\" content=\"Estados Unidos complet\u00f3 ayer la retirada de tropas de su \u00faltima base militar en N\u00edger tras una petici\u00f3n por parte de la junta liderada por el general Abdourahamane Tchiani, responsable del golpe de Estado de junio de 2023 que supuso el derrocamiento del entonces presidente Mohamed Bazoum. \u00abEl Departamento de Defensa de Estados Unidos y [&hellip;]\" \/>\n<meta property=\"og:url\" content=\"https:\/\/www.eldiario.net\/portal\/2024\/08\/06\/estados-unidos-completa-la-retirada-de-tropas-de-su-ultima-base-en-niger\/\" \/>\n<meta property=\"og:site_name\" content=\"El Diario - Bolivia\" \/>\n<meta property=\"article:publisher\" content=\"https:\/\/www.facebook.com\/eldiario.bolivia\/\" \/>\n<meta property=\"article:published_time\" content=\"2024-08-06T11:08:18+00:00\" \/>\n<meta property=\"og:image\" content=\"https:\/\/www.eldiario.net\/portal\/wp-content\/uploads\/2024\/08\/EEUU-Niger-Europa-Press.webp\" \/>\n\t<meta property=\"og:image:width\" content=\"1000\" \/>\n\t<meta property=\"og:image:height\" content=\"750\" \/>\n\t<meta property=\"og:image:type\" content=\"image\/webp\" \/>\n<meta name=\"author\" content=\"Jeanette\" \/>\n<meta name=\"twitter:card\" content=\"summary_large_image\" \/>\n<meta name=\"twitter:creator\" content=\"@eldiario_net\" \/>\n<meta name=\"twitter:site\" content=\"@eldiario_net\" \/>\n<meta name=\"twitter:label1\" content=\"Escrito por\" \/>\n\t<meta name=\"twitter:data1\" content=\"Jeanette\" \/>\n\t<meta name=\"twitter:label2\" content=\"Tiempo de lectura\" \/>\n\t<meta name=\"twitter:data2\" content=\"3 minutos\" \/>\n<script type=\"application\/ld+json\" class=\"yoast-schema-graph\">{\"@context\":\"https:\\\/\\\/schema.org\",\"@graph\":[{\"@type\":\"Article\",\"@id\":\"https:\\\/\\\/www.eldiario.net\\\/portal\\\/2024\\\/08\\\/06\\\/estados-unidos-completa-la-retirada-de-tropas-de-su-ultima-base-en-niger\\\/#article\",\"isPartOf\":{\"@id\":\"https:\\\/\\\/www.eldiario.net\\\/portal\\\/2024\\\/08\\\/06\\\/estados-unidos-completa-la-retirada-de-tropas-de-su-ultima-base-en-niger\\\/\"},\"author\":{\"name\":\"Jeanette\",\"@id\":\"https:\\\/\\\/www.eldiario.net\\\/portal\\\/#\\\/schema\\\/person\\\/f46445640444750d7d753ccd04ae01b7\"},\"headline\":\"Estados Unidos completa la retirada de tropas de su \u00faltima base en N\u00edger\",\"datePublished\":\"2024-08-06T11:08:18+00:00\",\"mainEntityOfPage\":{\"@id\":\"https:\\\/\\\/www.eldiario.net\\\/portal\\\/2024\\\/08\\\/06\\\/estados-unidos-completa-la-retirada-de-tropas-de-su-ultima-base-en-niger\\\/\"},\"wordCount\":443,\"commentCount\":0,\"publisher\":{\"@id\":\"https:\\\/\\\/www.eldiario.net\\\/portal\\\/#organization\"},\"image\":{\"@id\":\"https:\\\/\\\/www.eldiario.net\\\/portal\\\/2024\\\/08\\\/06\\\/estados-unidos-completa-la-retirada-de-tropas-de-su-ultima-base-en-niger\\\/#primaryimage\"},\"thumbnailUrl\":\"https:\\\/\\\/www.eldiario.net\\\/portal\\\/wp-content\\\/uploads\\\/2024\\\/08\\\/EEUU-Niger-Europa-Press.webp\",\"articleSection\":[\"Internacional\"],\"inLanguage\":\"es\",\"potentialAction\":[{\"@type\":\"CommentAction\",\"name\":\"Comment\",\"target\":[\"https:\\\/\\\/www.eldiario.net\\\/portal\\\/2024\\\/08\\\/06\\\/estados-unidos-completa-la-retirada-de-tropas-de-su-ultima-base-en-niger\\\/#respond\"]}]},{\"@type\":\"WebPage\",\"@id\":\"https:\\\/\\\/www.eldiario.net\\\/portal\\\/2024\\\/08\\\/06\\\/estados-unidos-completa-la-retirada-de-tropas-de-su-ultima-base-en-niger\\\/\",\"url\":\"https:\\\/\\\/www.eldiario.net\\\/portal\\\/2024\\\/08\\\/06\\\/estados-unidos-completa-la-retirada-de-tropas-de-su-ultima-base-en-niger\\\/\",\"name\":\"Estados Unidos completa la retirada de tropas de su \u00faltima base en N\u00edger - El Diario - Bolivia\",\"isPartOf\":{\"@id\":\"https:\\\/\\\/www.eldiario.net\\\/portal\\\/#website\"},\"primaryImageOfPage\":{\"@id\":\"https:\\\/\\\/www.eldiario.net\\\/portal\\\/2024\\\/08\\\/06\\\/estados-unidos-completa-la-retirada-de-tropas-de-su-ultima-base-en-niger\\\/#primaryimage\"},\"image\":{\"@id\":\"https:\\\/\\\/www.eldiario.net\\\/portal\\\/2024\\\/08\\\/06\\\/estados-unidos-completa-la-retirada-de-tropas-de-su-ultima-base-en-niger\\\/#primaryimage\"},\"thumbnailUrl\":\"https:\\\/\\\/www.eldiario.net\\\/portal\\\/wp-content\\\/uploads\\\/2024\\\/08\\\/EEUU-Niger-Europa-Press.webp\",\"datePublished\":\"2024-08-06T11:08:18+00:00\",\"breadcrumb\":{\"@id\":\"https:\\\/\\\/www.eldiario.net\\\/portal\\\/2024\\\/08\\\/06\\\/estados-unidos-completa-la-retirada-de-tropas-de-su-ultima-base-en-niger\\\/#breadcrumb\"},\"inLanguage\":\"es\",\"potentialAction\":[{\"@type\":\"ReadAction\",\"target\":[\"https:\\\/\\\/www.eldiario.net\\\/portal\\\/2024\\\/08\\\/06\\\/estados-unidos-completa-la-retirada-de-tropas-de-su-ultima-base-en-niger\\\/\"]}]},{\"@type\":\"ImageObject\",\"inLanguage\":\"es\",\"@id\":\"https:\\\/\\\/www.eldiario.net\\\/portal\\\/2024\\\/08\\\/06\\\/estados-unidos-completa-la-retirada-de-tropas-de-su-ultima-base-en-niger\\\/#primaryimage\",\"url\":\"https:\\\/\\\/www.eldiario.net\\\/portal\\\/wp-content\\\/uploads\\\/2024\\\/08\\\/EEUU-Niger-Europa-Press.webp\",\"contentUrl\":\"https:\\\/\\\/www.eldiario.net\\\/portal\\\/wp-content\\\/uploads\\\/2024\\\/08\\\/EEUU-Niger-Europa-Press.webp\",\"width\":1000,\"height\":750,\"caption\":\"Tropas estadounidenses en N\u00edger. CR\u00c9DITO: Europa Press\"},{\"@type\":\"BreadcrumbList\",\"@id\":\"https:\\\/\\\/www.eldiario.net\\\/portal\\\/2024\\\/08\\\/06\\\/estados-unidos-completa-la-retirada-de-tropas-de-su-ultima-base-en-niger\\\/#breadcrumb\",\"itemListElement\":[{\"@type\":\"ListItem\",\"position\":1,\"name\":\"Portada\",\"item\":\"https:\\\/\\\/www.eldiario.net\\\/portal\\\/\"},{\"@type\":\"ListItem\",\"position\":2,\"name\":\"Estados Unidos completa la retirada de tropas de su \u00faltima base en N\u00edger\"}]},{\"@type\":\"WebSite\",\"@id\":\"https:\\\/\\\/www.eldiario.net\\\/portal\\\/#website\",\"url\":\"https:\\\/\\\/www.eldiario.net\\\/portal\\\/\",\"name\":\"El Diario - Decano de la prensa nacional\",\"description\":\"El Diario - Decano de la prensa nacional\",\"publisher\":{\"@id\":\"https:\\\/\\\/www.eldiario.net\\\/portal\\\/#organization\"},\"potentialAction\":[{\"@type\":\"SearchAction\",\"target\":{\"@type\":\"EntryPoint\",\"urlTemplate\":\"https:\\\/\\\/www.eldiario.net\\\/portal\\\/?s={search_term_string}\"},\"query-input\":{\"@type\":\"PropertyValueSpecification\",\"valueRequired\":true,\"valueName\":\"search_term_string\"}}],\"inLanguage\":\"es\"},{\"@type\":\"Organization\",\"@id\":\"https:\\\/\\\/www.eldiario.net\\\/portal\\\/#organization\",\"name\":\"El Diario - Decano de la prensa nacional\",\"url\":\"https:\\\/\\\/www.eldiario.net\\\/portal\\\/\",\"logo\":{\"@type\":\"ImageObject\",\"inLanguage\":\"es\",\"@id\":\"https:\\\/\\\/www.eldiario.net\\\/portal\\\/#\\\/schema\\\/logo\\\/image\\\/\",\"url\":\"https:\\\/\\\/www.eldiario.net\\\/portal\\\/wp-content\\\/uploads\\\/2023\\\/07\\\/logo_ED.jpg\",\"contentUrl\":\"https:\\\/\\\/www.eldiario.net\\\/portal\\\/wp-content\\\/uploads\\\/2023\\\/07\\\/logo_ED.jpg\",\"width\":272,\"height\":52,\"caption\":\"El Diario - Decano de la prensa nacional\"},\"image\":{\"@id\":\"https:\\\/\\\/www.eldiario.net\\\/portal\\\/#\\\/schema\\\/logo\\\/image\\\/\"},\"sameAs\":[\"https:\\\/\\\/www.facebook.com\\\/eldiario.bolivia\\\/\",\"https:\\\/\\\/x.com\\\/eldiario_net\"]},{\"@type\":\"Person\",\"@id\":\"https:\\\/\\\/www.eldiario.net\\\/portal\\\/#\\\/schema\\\/person\\\/f46445640444750d7d753ccd04ae01b7\",\"name\":\"Jeanette\",\"image\":{\"@type\":\"ImageObject\",\"inLanguage\":\"es\",\"@id\":\"https:\\\/\\\/secure.gravatar.com\\\/avatar\\\/3ea2118a5f7dad2b7138b1187a6b7ee55f160b9968b66013c3a3ef39dd7e5798?s=96&d=mm&r=g\",\"url\":\"https:\\\/\\\/secure.gravatar.com\\\/avatar\\\/3ea2118a5f7dad2b7138b1187a6b7ee55f160b9968b66013c3a3ef39dd7e5798?s=96&d=mm&r=g\",\"contentUrl\":\"https:\\\/\\\/secure.gravatar.com\\\/avatar\\\/3ea2118a5f7dad2b7138b1187a6b7ee55f160b9968b66013c3a3ef39dd7e5798?s=96&d=mm&r=g\",\"caption\":\"Jeanette\"},\"sameAs\":[\"https:\\\/\\\/www.eldiario.net\\\/portal\"],\"url\":\"https:\\\/\\\/www.eldiario.net\\\/portal\\\/author\\\/jeanette\\\/\"}]}<\/script>\n<!-- \/ Yoast SEO plugin. -->","yoast_head_json":{"title":"Estados Unidos completa la retirada de tropas de su \u00faltima base en N\u00edger - El Diario - Bolivia","robots":{"index":"index","follow":"follow","max-snippet":"max-snippet:-1","max-image-preview":"max-image-preview:large","max-video-preview":"max-video-preview:-1"},"canonical":"https:\/\/www.eldiario.net\/portal\/2024\/08\/06\/estados-unidos-completa-la-retirada-de-tropas-de-su-ultima-base-en-niger\/","og_locale":"es_ES","og_type":"article","og_title":"Estados Unidos completa la retirada de tropas de su \u00faltima base en N\u00edger - El Diario - Bolivia","og_description":"Estados Unidos complet\u00f3 ayer la retirada de tropas de su \u00faltima base militar en N\u00edger tras una petici\u00f3n por parte de la junta liderada por el general Abdourahamane Tchiani, responsable del golpe de Estado de junio de 2023 que supuso el derrocamiento del entonces presidente Mohamed Bazoum. \u00abEl Departamento de Defensa de Estados Unidos y [&hellip;]","og_url":"https:\/\/www.eldiario.net\/portal\/2024\/08\/06\/estados-unidos-completa-la-retirada-de-tropas-de-su-ultima-base-en-niger\/","og_site_name":"El Diario - Bolivia","article_publisher":"https:\/\/www.facebook.com\/eldiario.bolivia\/","article_published_time":"2024-08-06T11:08:18+00:00","og_image":[{"width":1000,"height":750,"url":"https:\/\/www.eldiario.net\/portal\/wp-content\/uploads\/2024\/08\/EEUU-Niger-Europa-Press.webp","type":"image\/webp"}],"author":"Jeanette","twitter_card":"summary_large_image","twitter_creator":"@eldiario_net","twitter_site":"@eldiario_net","twitter_misc":{"Escrito por":"Jeanette","Tiempo de lectura":"3 minutos"},"schema":{"@context":"https:\/\/schema.org","@graph":[{"@type":"Article","@id":"https:\/\/www.eldiario.net\/portal\/2024\/08\/06\/estados-unidos-completa-la-retirada-de-tropas-de-su-ultima-base-en-niger\/#article","isPartOf":{"@id":"https:\/\/www.eldiario.net\/portal\/2024\/08\/06\/estados-unidos-completa-la-retirada-de-tropas-de-su-ultima-base-en-niger\/"},"author":{"name":"Jeanette","@id":"https:\/\/www.eldiario.net\/portal\/#\/schema\/person\/f46445640444750d7d753ccd04ae01b7"},"headline":"Estados Unidos completa la retirada de tropas de su \u00faltima base en N\u00edger","datePublished":"2024-08-06T11:08:18+00:00","mainEntityOfPage":{"@id":"https:\/\/www.eldiario.net\/portal\/2024\/08\/06\/estados-unidos-completa-la-retirada-de-tropas-de-su-ultima-base-en-niger\/"},"wordCount":443,"commentCount":0,"publisher":{"@id":"https:\/\/www.eldiario.net\/portal\/#organization"},"image":{"@id":"https:\/\/www.eldiario.net\/portal\/2024\/08\/06\/estados-unidos-completa-la-retirada-de-tropas-de-su-ultima-base-en-niger\/#primaryimage"},"thumbnailUrl":"https:\/\/www.eldiario.net\/portal\/wp-content\/uploads\/2024\/08\/EEUU-Niger-Europa-Press.webp","articleSection":["Internacional"],"inLanguage":"es","potentialAction":[{"@type":"CommentAction","name":"Comment","target":["https:\/\/www.eldiario.net\/portal\/2024\/08\/06\/estados-unidos-completa-la-retirada-de-tropas-de-su-ultima-base-en-niger\/#respond"]}]},{"@type":"WebPage","@id":"https:\/\/www.eldiario.net\/portal\/2024\/08\/06\/estados-unidos-completa-la-retirada-de-tropas-de-su-ultima-base-en-niger\/","url":"https:\/\/www.eldiario.net\/portal\/2024\/08\/06\/estados-unidos-completa-la-retirada-de-tropas-de-su-ultima-base-en-niger\/","name":"Estados Unidos completa la retirada de tropas de su \u00faltima base en N\u00edger - El Diario - Bolivia","isPartOf":{"@id":"https:\/\/www.eldiario.net\/portal\/#website"},"primaryImageOfPage":{"@id":"https:\/\/www.eldiario.net\/portal\/2024\/08\/06\/estados-unidos-completa-la-retirada-de-tropas-de-su-ultima-base-en-niger\/#primaryimage"},"image":{"@id":"https:\/\/www.eldiario.net\/portal\/2024\/08\/06\/estados-unidos-completa-la-retirada-de-tropas-de-su-ultima-base-en-niger\/#primaryimage"},"thumbnailUrl":"https:\/\/www.eldiario.net\/portal\/wp-content\/uploads\/2024\/08\/EEUU-Niger-Europa-Press.webp","datePublished":"2024-08-06T11:08:18+00:00","breadcrumb":{"@id":"https:\/\/www.eldiario.net\/portal\/2024\/08\/06\/estados-unidos-completa-la-retirada-de-tropas-de-su-ultima-base-en-niger\/#breadcrumb"},"inLanguage":"es","potentialAction":[{"@type":"ReadAction","target":["https:\/\/www.eldiario.net\/portal\/2024\/08\/06\/estados-unidos-completa-la-retirada-de-tropas-de-su-ultima-base-en-niger\/"]}]},{"@type":"ImageObject","inLanguage":"es","@id":"https:\/\/www.eldiario.net\/portal\/2024\/08\/06\/estados-unidos-completa-la-retirada-de-tropas-de-su-ultima-base-en-niger\/#primaryimage","url":"https:\/\/www.eldiario.net\/portal\/wp-content\/uploads\/2024\/08\/EEUU-Niger-Europa-Press.webp","contentUrl":"https:\/\/www.eldiario.net\/portal\/wp-content\/uploads\/2024\/08\/EEUU-Niger-Europa-Press.webp","width":1000,"height":750,"caption":"Tropas estadounidenses en N\u00edger. CR\u00c9DITO: Europa Press"},{"@type":"BreadcrumbList","@id":"https:\/\/www.eldiario.net\/portal\/2024\/08\/06\/estados-unidos-completa-la-retirada-de-tropas-de-su-ultima-base-en-niger\/#breadcrumb","itemListElement":[{"@type":"ListItem","position":1,"name":"Portada","item":"https:\/\/www.eldiario.net\/portal\/"},{"@type":"ListItem","position":2,"name":"Estados Unidos completa la retirada de tropas de su \u00faltima base en N\u00edger"}]},{"@type":"WebSite","@id":"https:\/\/www.eldiario.net\/portal\/#website","url":"https:\/\/www.eldiario.net\/portal\/","name":"El Diario - Decano de la prensa nacional","description":"El Diario - Decano de la prensa nacional","publisher":{"@id":"https:\/\/www.eldiario.net\/portal\/#organization"},"potentialAction":[{"@type":"SearchAction","target":{"@type":"EntryPoint","urlTemplate":"https:\/\/www.eldiario.net\/portal\/?s={search_term_string}"},"query-input":{"@type":"PropertyValueSpecification","valueRequired":true,"valueName":"search_term_string"}}],"inLanguage":"es"},{"@type":"Organization","@id":"https:\/\/www.eldiario.net\/portal\/#organization","name":"El Diario - Decano de la prensa nacional","url":"https:\/\/www.eldiario.net\/portal\/","logo":{"@type":"ImageObject","inLanguage":"es","@id":"https:\/\/www.eldiario.net\/portal\/#\/schema\/logo\/image\/","url":"https:\/\/www.eldiario.net\/portal\/wp-content\/uploads\/2023\/07\/logo_ED.jpg","contentUrl":"https:\/\/www.eldiario.net\/portal\/wp-content\/uploads\/2023\/07\/logo_ED.jpg","width":272,"height":52,"caption":"El Diario - Decano de la prensa nacional"},"image":{"@id":"https:\/\/www.eldiario.net\/portal\/#\/schema\/logo\/image\/"},"sameAs":["https:\/\/www.facebook.com\/eldiario.bolivia\/","https:\/\/x.com\/eldiario_net"]},{"@type":"Person","@id":"https:\/\/www.eldiario.net\/portal\/#\/schema\/person\/f46445640444750d7d753ccd04ae01b7","name":"Jeanette","image":{"@type":"ImageObject","inLanguage":"es","@id":"https:\/\/secure.gravatar.com\/avatar\/3ea2118a5f7dad2b7138b1187a6b7ee55f160b9968b66013c3a3ef39dd7e5798?s=96&d=mm&r=g","url":"https:\/\/secure.gravatar.com\/avatar\/3ea2118a5f7dad2b7138b1187a6b7ee55f160b9968b66013c3a3ef39dd7e5798?s=96&d=mm&r=g","contentUrl":"https:\/\/secure.gravatar.com\/avatar\/3ea2118a5f7dad2b7138b1187a6b7ee55f160b9968b66013c3a3ef39dd7e5798?s=96&d=mm&r=g","caption":"Jeanette"},"sameAs":["https:\/\/www.eldiario.net\/portal"],"url":"https:\/\/www.eldiario.net\/portal\/author\/jeanette\/"}]}},"_links":{"self":[{"href":"https:\/\/www.eldiario.net\/portal\/wp-json\/wp\/v2\/posts\/238987","targetHints":{"allow":["GET"]}}],"collection":[{"href":"https:\/\/www.eldiario.net\/portal\/wp-json\/wp\/v2\/posts"}],"about":[{"href":"https:\/\/www.eldiario.net\/portal\/wp-json\/wp\/v2\/types\/post"}],"author":[{"embeddable":true,"href":"https:\/\/www.eldiario.net\/portal\/wp-json\/wp\/v2\/users\/1"}],"replies":[{"embeddable":true,"href":"https:\/\/www.eldiario.net\/portal\/wp-json\/wp\/v2\/comments?post=238987"}],"version-history":[{"count":1,"href":"https:\/\/www.eldiario.net\/portal\/wp-json\/wp\/v2\/posts\/238987\/revisions"}],"predecessor-version":[{"id":238989,"href":"https:\/\/www.eldiario.net\/portal\/wp-json\/wp\/v2\/posts\/238987\/revisions\/238989"}],"wp:featuredmedia":[{"embeddable":true,"href":"https:\/\/www.eldiario.net\/portal\/wp-json\/wp\/v2\/media\/238988"}],"wp:attachment":[{"href":"https:\/\/www.eldiario.net\/portal\/wp-json\/wp\/v2\/media?parent=238987"}],"wp:term":[{"taxonomy":"category","embeddable":true,"href":"https:\/\/www.eldiario.net\/portal\/wp-json\/wp\/v2\/categories?post=238987"},{"taxonomy":"post_tag","embeddable":true,"href":"https:\/\/www.eldiario.net\/portal\/wp-json\/wp\/v2\/tags?post=238987"}],"curies":[{"name":"wp","href":"https:\/\/api.w.org\/{rel}","templated":true}]}}