{"id":238984,"date":"2024-08-06T07:07:39","date_gmt":"2024-08-06T11:07:39","guid":{"rendered":"https:\/\/www.eldiario.net\/portal\/?p=238984"},"modified":"2024-08-06T07:07:39","modified_gmt":"2024-08-06T11:07:39","slug":"lula-da-silva-y-gabriel-boric-se-centraron-en-su-agenda-bilateral","status":"publish","type":"post","link":"https:\/\/www.eldiario.net\/portal\/2024\/08\/06\/lula-da-silva-y-gabriel-boric-se-centraron-en-su-agenda-bilateral\/","title":{"rendered":"Lula da Silva y Gabriel Boric se  centraron en su agenda bilateral"},"content":{"rendered":"<p class=\"v1MsoNormal\">Santiago de Chile (EFE).- Los presidentes de Brasil, Luiz In\u00e1cio Lula da Silva, y Chile, Gabriel Boric, relegaron ayer la crisis desatada tras las elecciones en Venezuela y centraron su comparecencia p\u00fablica en Santiago en temas relacionados con la agenda bilateral.<\/p>\n<p class=\"v1MsoNormal\">Lula da Silva, considerado un actor clave en la resoluci\u00f3n de la crisis por su influencia regional y su antigua cercan\u00eda con el chavismo, se limit\u00f3 a recordar que Brasil, junto a M\u00e9xico y Colombia, se comprometieron a buscar una salida negociada a un conflicto que mantiene en vilo a la regi\u00f3n.<\/p>\n<p class=\"v1MsoNormal\">\u00abEl respeto por la soberan\u00eda popular es lo que nos mueve para defender la transparencia. El compromiso con la paz es el que nos lleva a promover el di\u00e1logo y el entendimiento entre Gobierno y oposici\u00f3n\u00bb, indic\u00f3 el gobernante brasile\u00f1o desde el palacio de La Moneda, sede del Gobierno chileno.<\/p>\n<p class=\"v1MsoNormal\">Se trata de la primera declaraci\u00f3n p\u00fablica de Lula da Silva desde que el pasado 1 de agosto los Gobiernos de Brasil, M\u00e9xico y Colombia pidieron publicar de forma \u00abexpedita\u00bb los datos \u00abdesglosados por mesa de votaci\u00f3n\u00bb de las elecciones del 28 de julio e hicieron un llamado a \u00abmantener la paz social y proteger las vidas humanas\u00bb.<\/p>\n<p class=\"v1MsoNormal\">\n<p class=\"v1MsoNormal\">REELECCI\u00d3N DE MADURO SEG\u00daN EL CNE<\/p>\n<p class=\"v1MsoNormal\">El Consejo Nacional Electoral (CNE) de Venezuela le atribuy\u00f3 la victoria al actual presidente, Nicol\u00e1s Maduro (51,95 %), frente al exdiplom\u00e1tico opositor Edmundo Gonz\u00e1lez Urrutia (43,18 %), pero m\u00e1s de una semana despu\u00e9s a\u00fan no ha publicado las actas que prueban el triunfo.<\/p>\n<p class=\"v1MsoNormal\">La oposici\u00f3n y parte de la comunidad internacional sospechan que el Gobierno chavista cometi\u00f3 un fraude y ya hay pa\u00edses como Estados Unidos, Argentina, Uruguay o Per\u00fa que han reconocido a Gonz\u00e1lez Urrutia como ganador.<\/p>\n<p class=\"v1MsoNormal\">Boric, que fue el primer l\u00edder internacional en exigir transparencia y que insiste en que no validar\u00e1 ning\u00fan resultado que no est\u00e9 verificado por \u00aborganismos internacionales independientes\u00bb, evit\u00f3 referirse a la crisis venezolana durante su declaraci\u00f3n p\u00fablica e indic\u00f3 que har\u00e1 una declaraci\u00f3n \u00abma\u00f1ana (martes) en la tarde\u00bb.<\/p>\n<p class=\"v1MsoNormal\">Chile es uno de los siete pa\u00edses latinoamericanos que tuvieron que retirar sus misiones diplom\u00e1ticas de Venezuela tras la orden de Maduro en rechazo a sus \u00abinjerencistas\u00bb declaraciones sobre las presidenciales.<\/p>\n<p class=\"v1MsoNormal\">\n<p class=\"v1MsoNormal\">19 ACUERDOS BILATERALES<\/p>\n<p class=\"v1MsoNormal\">Esta es la primera visita de Lula da Silva a Chile desde que retorn\u00f3 al poder en enero de 2023, tras el mandato del ultraderechista Jair Bolsonaro, un per\u00edodo en el que, asegur\u00f3, Brasil \u00absufri\u00f3 un retroceso muy grande\u00bb.<\/p>\n<p class=\"v1MsoNormal\">\u00abBrasil sali\u00f3 de un apag\u00f3n diplom\u00e1tico en el que estuvo desde el 2018 hasta el 2022. Brasil no ten\u00eda relaciones con nadie y Brasil buscaba incluso ofender a otros pa\u00edses aliados\u00bb, apunt\u00f3 el gobernante brasile\u00f1o, quien ensalz\u00f3 la buena relaci\u00f3n que mantiene con Boric y le extendi\u00f3 una invitaci\u00f3n a participar en la cumbre del G20, que se celebrar\u00e1 en noviembre en Brasil.<\/p>\n<p class=\"v1MsoNormal\">Ambos l\u00edderes progresistas firmaron 19 acuerdos bilaterales, entre ellos un tratado de extradici\u00f3n, y se comprometieron a impulsar proyectos de integraci\u00f3n \u00abreales\u00bb, como -dijo Boric- el Corredor Bioce\u00e1nico Vial, que busca unir por v\u00eda terrestre el sur de Brasil con puertos del norte de Chile, pasando por Paraguay y Argentina.<\/p>\n<p class=\"v1MsoNormal\">\u00abNos propusimos inaugurar el corredor durante nuestros mandatos\u00bb, subray\u00f3 el exl\u00edder estudiantil, quien dio las gracias a Lula da Silva por \u00abconstruir una izquierda y un progresismo que sea democr\u00e1tico y que siempre, a todo evento, respete y haga respetar los derechos humanos\u00bb.<\/p>\n<p class=\"v1MsoNormal\">\u00abBrasil puede ser la puerta de entrada de Chile para \u00c1frica y Chile la puerta de entrada para Asia\u00bb, agreg\u00f3 por su parte el brasile\u00f1o, quien clausurar\u00e1 un foro comercial la tarde de este lunes con empresarios de ambos pa\u00edses.<\/p>\n<p class=\"v1MsoNormal\">\n<p class=\"v1MsoNormal\">SOCIO COMERCIAL<\/p>\n<p class=\"v1MsoNormal\">En 2023, Brasil fue el primer socio comercial de Chile en la regi\u00f3n y el tercero a nivel mundial, mientras que el intercambio comercial entre ambos pa\u00edses lleg\u00f3 a los 12.250 millones de d\u00f3lares (unos 11.177 millones de euros), superior al comercio de Brasil con Francia o Italia.<\/p>\n<p class=\"v1MsoNormal\">Lula da Silva, que estuvo acompa\u00f1ado por 13 de sus ministros, concluir\u00e1 su visita oficial a Chile el martes con reuniones con la alcaldesa de Santiago, la comunista Irac\u00ed Hassler, y el expresidente socialista Ricardo Lagos (2000-2006), adem\u00e1s de una visita a las obras del futuro Centro Nacional Espacial que la Fuerza A\u00e9rea de Chile (FACh) est\u00e1 construyendo en la periferia de la capital. (EFE)<\/p>\n","protected":false},"excerpt":{"rendered":"<p>Santiago de Chile (EFE).- Los presidentes de Brasil, Luiz In\u00e1cio Lula da Silva, y Chile, Gabriel Boric, relegaron ayer la crisis desatada tras las elecciones en Venezuela y centraron su comparecencia p\u00fablica en Santiago en temas relacionados con la agenda bilateral. Lula da Silva, considerado un actor clave en la resoluci\u00f3n de la crisis por [&hellip;]<\/p>\n","protected":false},"author":1,"featured_media":238985,"comment_status":"open","ping_status":"open","sticky":false,"template":"","format":"standard","meta":{"_acf_changed":false,"footnotes":""},"categories":[3],"tags":[],"class_list":["post-238984","post","type-post","status-publish","format-standard","has-post-thumbnail","category-internacional"],"acf":{"antetitulo":"Reuni\u00f3n releg\u00f3 crisis en Venezuela"},"yoast_head":"<!-- This site is optimized with the Yoast SEO plugin v28.3 - https:\/\/yoast.com\/product\/yoast-seo-wordpress\/ -->\n<title>Lula da Silva y Gabriel Boric se centraron en su agenda bilateral - El Diario - Bolivia<\/title>\n<meta name=\"robots\" content=\"index, follow, max-snippet:-1, max-image-preview:large, max-video-preview:-1\" \/>\n<link rel=\"canonical\" href=\"https:\/\/www.eldiario.net\/portal\/2024\/08\/06\/lula-da-silva-y-gabriel-boric-se-centraron-en-su-agenda-bilateral\/\" \/>\n<meta property=\"og:locale\" content=\"es_ES\" \/>\n<meta property=\"og:type\" content=\"article\" \/>\n<meta property=\"og:title\" content=\"Lula da Silva y Gabriel Boric se centraron en su agenda bilateral - El Diario - Bolivia\" \/>\n<meta property=\"og:description\" content=\"Santiago de Chile (EFE).- Los presidentes de Brasil, Luiz In\u00e1cio Lula da Silva, y Chile, Gabriel Boric, relegaron ayer la crisis desatada tras las elecciones en Venezuela y centraron su comparecencia p\u00fablica en Santiago en temas relacionados con la agenda bilateral. Lula da Silva, considerado un actor clave en la resoluci\u00f3n de la crisis por [&hellip;]\" \/>\n<meta property=\"og:url\" content=\"https:\/\/www.eldiario.net\/portal\/2024\/08\/06\/lula-da-silva-y-gabriel-boric-se-centraron-en-su-agenda-bilateral\/\" \/>\n<meta property=\"og:site_name\" content=\"El Diario - Bolivia\" \/>\n<meta property=\"article:publisher\" content=\"https:\/\/www.facebook.com\/eldiario.bolivia\/\" \/>\n<meta property=\"article:published_time\" content=\"2024-08-06T11:07:39+00:00\" \/>\n<meta property=\"og:image\" content=\"https:\/\/www.eldiario.net\/portal\/wp-content\/uploads\/2024\/08\/reunion-Lula-Boric.webp\" \/>\n\t<meta property=\"og:image:width\" content=\"1024\" \/>\n\t<meta property=\"og:image:height\" content=\"683\" \/>\n\t<meta property=\"og:image:type\" content=\"image\/webp\" \/>\n<meta name=\"author\" content=\"Jeanette\" \/>\n<meta name=\"twitter:card\" content=\"summary_large_image\" \/>\n<meta name=\"twitter:creator\" content=\"@eldiario_net\" \/>\n<meta name=\"twitter:site\" content=\"@eldiario_net\" \/>\n<meta name=\"twitter:label1\" content=\"Escrito por\" \/>\n\t<meta name=\"twitter:data1\" content=\"Jeanette\" \/>\n\t<meta name=\"twitter:label2\" content=\"Tiempo de lectura\" \/>\n\t<meta name=\"twitter:data2\" content=\"4 minutos\" \/>\n<script type=\"application\/ld+json\" class=\"yoast-schema-graph\">{\"@context\":\"https:\\\/\\\/schema.org\",\"@graph\":[{\"@type\":\"Article\",\"@id\":\"https:\\\/\\\/www.eldiario.net\\\/portal\\\/2024\\\/08\\\/06\\\/lula-da-silva-y-gabriel-boric-se-centraron-en-su-agenda-bilateral\\\/#article\",\"isPartOf\":{\"@id\":\"https:\\\/\\\/www.eldiario.net\\\/portal\\\/2024\\\/08\\\/06\\\/lula-da-silva-y-gabriel-boric-se-centraron-en-su-agenda-bilateral\\\/\"},\"author\":{\"name\":\"Jeanette\",\"@id\":\"https:\\\/\\\/www.eldiario.net\\\/portal\\\/#\\\/schema\\\/person\\\/f46445640444750d7d753ccd04ae01b7\"},\"headline\":\"Lula da Silva y Gabriel Boric se centraron en su agenda bilateral\",\"datePublished\":\"2024-08-06T11:07:39+00:00\",\"mainEntityOfPage\":{\"@id\":\"https:\\\/\\\/www.eldiario.net\\\/portal\\\/2024\\\/08\\\/06\\\/lula-da-silva-y-gabriel-boric-se-centraron-en-su-agenda-bilateral\\\/\"},\"wordCount\":771,\"commentCount\":0,\"publisher\":{\"@id\":\"https:\\\/\\\/www.eldiario.net\\\/portal\\\/#organization\"},\"image\":{\"@id\":\"https:\\\/\\\/www.eldiario.net\\\/portal\\\/2024\\\/08\\\/06\\\/lula-da-silva-y-gabriel-boric-se-centraron-en-su-agenda-bilateral\\\/#primaryimage\"},\"thumbnailUrl\":\"https:\\\/\\\/www.eldiario.net\\\/portal\\\/wp-content\\\/uploads\\\/2024\\\/08\\\/reunion-Lula-Boric.webp\",\"articleSection\":[\"Internacional\"],\"inLanguage\":\"es\",\"potentialAction\":[{\"@type\":\"CommentAction\",\"name\":\"Comment\",\"target\":[\"https:\\\/\\\/www.eldiario.net\\\/portal\\\/2024\\\/08\\\/06\\\/lula-da-silva-y-gabriel-boric-se-centraron-en-su-agenda-bilateral\\\/#respond\"]}]},{\"@type\":\"WebPage\",\"@id\":\"https:\\\/\\\/www.eldiario.net\\\/portal\\\/2024\\\/08\\\/06\\\/lula-da-silva-y-gabriel-boric-se-centraron-en-su-agenda-bilateral\\\/\",\"url\":\"https:\\\/\\\/www.eldiario.net\\\/portal\\\/2024\\\/08\\\/06\\\/lula-da-silva-y-gabriel-boric-se-centraron-en-su-agenda-bilateral\\\/\",\"name\":\"Lula da Silva y Gabriel Boric se centraron en su agenda bilateral - El Diario - Bolivia\",\"isPartOf\":{\"@id\":\"https:\\\/\\\/www.eldiario.net\\\/portal\\\/#website\"},\"primaryImageOfPage\":{\"@id\":\"https:\\\/\\\/www.eldiario.net\\\/portal\\\/2024\\\/08\\\/06\\\/lula-da-silva-y-gabriel-boric-se-centraron-en-su-agenda-bilateral\\\/#primaryimage\"},\"image\":{\"@id\":\"https:\\\/\\\/www.eldiario.net\\\/portal\\\/2024\\\/08\\\/06\\\/lula-da-silva-y-gabriel-boric-se-centraron-en-su-agenda-bilateral\\\/#primaryimage\"},\"thumbnailUrl\":\"https:\\\/\\\/www.eldiario.net\\\/portal\\\/wp-content\\\/uploads\\\/2024\\\/08\\\/reunion-Lula-Boric.webp\",\"datePublished\":\"2024-08-06T11:07:39+00:00\",\"breadcrumb\":{\"@id\":\"https:\\\/\\\/www.eldiario.net\\\/portal\\\/2024\\\/08\\\/06\\\/lula-da-silva-y-gabriel-boric-se-centraron-en-su-agenda-bilateral\\\/#breadcrumb\"},\"inLanguage\":\"es\",\"potentialAction\":[{\"@type\":\"ReadAction\",\"target\":[\"https:\\\/\\\/www.eldiario.net\\\/portal\\\/2024\\\/08\\\/06\\\/lula-da-silva-y-gabriel-boric-se-centraron-en-su-agenda-bilateral\\\/\"]}]},{\"@type\":\"ImageObject\",\"inLanguage\":\"es\",\"@id\":\"https:\\\/\\\/www.eldiario.net\\\/portal\\\/2024\\\/08\\\/06\\\/lula-da-silva-y-gabriel-boric-se-centraron-en-su-agenda-bilateral\\\/#primaryimage\",\"url\":\"https:\\\/\\\/www.eldiario.net\\\/portal\\\/wp-content\\\/uploads\\\/2024\\\/08\\\/reunion-Lula-Boric.webp\",\"contentUrl\":\"https:\\\/\\\/www.eldiario.net\\\/portal\\\/wp-content\\\/uploads\\\/2024\\\/08\\\/reunion-Lula-Boric.webp\",\"width\":1024,\"height\":683,\"caption\":\"El presidente de Chile, Gabriel Boric (c2), y el presidente de Brasil, Luiz In\u00e1cio Lula da Silva (c1), participan en un acto conjunto este lunes en el palacio de La Moneda, en Santiago (Chile). CR\u00c9DITO: EFE\"},{\"@type\":\"BreadcrumbList\",\"@id\":\"https:\\\/\\\/www.eldiario.net\\\/portal\\\/2024\\\/08\\\/06\\\/lula-da-silva-y-gabriel-boric-se-centraron-en-su-agenda-bilateral\\\/#breadcrumb\",\"itemListElement\":[{\"@type\":\"ListItem\",\"position\":1,\"name\":\"Portada\",\"item\":\"https:\\\/\\\/www.eldiario.net\\\/portal\\\/\"},{\"@type\":\"ListItem\",\"position\":2,\"name\":\"Lula da Silva y Gabriel Boric se centraron en su agenda bilateral\"}]},{\"@type\":\"WebSite\",\"@id\":\"https:\\\/\\\/www.eldiario.net\\\/portal\\\/#website\",\"url\":\"https:\\\/\\\/www.eldiario.net\\\/portal\\\/\",\"name\":\"El Diario - Decano de la prensa nacional\",\"description\":\"El Diario - Decano de la prensa nacional\",\"publisher\":{\"@id\":\"https:\\\/\\\/www.eldiario.net\\\/portal\\\/#organization\"},\"potentialAction\":[{\"@type\":\"SearchAction\",\"target\":{\"@type\":\"EntryPoint\",\"urlTemplate\":\"https:\\\/\\\/www.eldiario.net\\\/portal\\\/?s={search_term_string}\"},\"query-input\":{\"@type\":\"PropertyValueSpecification\",\"valueRequired\":true,\"valueName\":\"search_term_string\"}}],\"inLanguage\":\"es\"},{\"@type\":\"Organization\",\"@id\":\"https:\\\/\\\/www.eldiario.net\\\/portal\\\/#organization\",\"name\":\"El Diario - Decano de la prensa nacional\",\"url\":\"https:\\\/\\\/www.eldiario.net\\\/portal\\\/\",\"logo\":{\"@type\":\"ImageObject\",\"inLanguage\":\"es\",\"@id\":\"https:\\\/\\\/www.eldiario.net\\\/portal\\\/#\\\/schema\\\/logo\\\/image\\\/\",\"url\":\"https:\\\/\\\/www.eldiario.net\\\/portal\\\/wp-content\\\/uploads\\\/2023\\\/07\\\/logo_ED.jpg\",\"contentUrl\":\"https:\\\/\\\/www.eldiario.net\\\/portal\\\/wp-content\\\/uploads\\\/2023\\\/07\\\/logo_ED.jpg\",\"width\":272,\"height\":52,\"caption\":\"El Diario - Decano de la prensa nacional\"},\"image\":{\"@id\":\"https:\\\/\\\/www.eldiario.net\\\/portal\\\/#\\\/schema\\\/logo\\\/image\\\/\"},\"sameAs\":[\"https:\\\/\\\/www.facebook.com\\\/eldiario.bolivia\\\/\",\"https:\\\/\\\/x.com\\\/eldiario_net\"]},{\"@type\":\"Person\",\"@id\":\"https:\\\/\\\/www.eldiario.net\\\/portal\\\/#\\\/schema\\\/person\\\/f46445640444750d7d753ccd04ae01b7\",\"name\":\"Jeanette\",\"image\":{\"@type\":\"ImageObject\",\"inLanguage\":\"es\",\"@id\":\"https:\\\/\\\/secure.gravatar.com\\\/avatar\\\/3ea2118a5f7dad2b7138b1187a6b7ee55f160b9968b66013c3a3ef39dd7e5798?s=96&d=mm&r=g\",\"url\":\"https:\\\/\\\/secure.gravatar.com\\\/avatar\\\/3ea2118a5f7dad2b7138b1187a6b7ee55f160b9968b66013c3a3ef39dd7e5798?s=96&d=mm&r=g\",\"contentUrl\":\"https:\\\/\\\/secure.gravatar.com\\\/avatar\\\/3ea2118a5f7dad2b7138b1187a6b7ee55f160b9968b66013c3a3ef39dd7e5798?s=96&d=mm&r=g\",\"caption\":\"Jeanette\"},\"sameAs\":[\"https:\\\/\\\/www.eldiario.net\\\/portal\"],\"url\":\"https:\\\/\\\/www.eldiario.net\\\/portal\\\/author\\\/jeanette\\\/\"}]}<\/script>\n<!-- \/ Yoast SEO plugin. -->","yoast_head_json":{"title":"Lula da Silva y Gabriel Boric se centraron en su agenda bilateral - El Diario - Bolivia","robots":{"index":"index","follow":"follow","max-snippet":"max-snippet:-1","max-image-preview":"max-image-preview:large","max-video-preview":"max-video-preview:-1"},"canonical":"https:\/\/www.eldiario.net\/portal\/2024\/08\/06\/lula-da-silva-y-gabriel-boric-se-centraron-en-su-agenda-bilateral\/","og_locale":"es_ES","og_type":"article","og_title":"Lula da Silva y Gabriel Boric se centraron en su agenda bilateral - El Diario - Bolivia","og_description":"Santiago de Chile (EFE).- Los presidentes de Brasil, Luiz In\u00e1cio Lula da Silva, y Chile, Gabriel Boric, relegaron ayer la crisis desatada tras las elecciones en Venezuela y centraron su comparecencia p\u00fablica en Santiago en temas relacionados con la agenda bilateral. Lula da Silva, considerado un actor clave en la resoluci\u00f3n de la crisis por [&hellip;]","og_url":"https:\/\/www.eldiario.net\/portal\/2024\/08\/06\/lula-da-silva-y-gabriel-boric-se-centraron-en-su-agenda-bilateral\/","og_site_name":"El Diario - Bolivia","article_publisher":"https:\/\/www.facebook.com\/eldiario.bolivia\/","article_published_time":"2024-08-06T11:07:39+00:00","og_image":[{"width":1024,"height":683,"url":"https:\/\/www.eldiario.net\/portal\/wp-content\/uploads\/2024\/08\/reunion-Lula-Boric.webp","type":"image\/webp"}],"author":"Jeanette","twitter_card":"summary_large_image","twitter_creator":"@eldiario_net","twitter_site":"@eldiario_net","twitter_misc":{"Escrito por":"Jeanette","Tiempo de lectura":"4 minutos"},"schema":{"@context":"https:\/\/schema.org","@graph":[{"@type":"Article","@id":"https:\/\/www.eldiario.net\/portal\/2024\/08\/06\/lula-da-silva-y-gabriel-boric-se-centraron-en-su-agenda-bilateral\/#article","isPartOf":{"@id":"https:\/\/www.eldiario.net\/portal\/2024\/08\/06\/lula-da-silva-y-gabriel-boric-se-centraron-en-su-agenda-bilateral\/"},"author":{"name":"Jeanette","@id":"https:\/\/www.eldiario.net\/portal\/#\/schema\/person\/f46445640444750d7d753ccd04ae01b7"},"headline":"Lula da Silva y Gabriel Boric se centraron en su agenda bilateral","datePublished":"2024-08-06T11:07:39+00:00","mainEntityOfPage":{"@id":"https:\/\/www.eldiario.net\/portal\/2024\/08\/06\/lula-da-silva-y-gabriel-boric-se-centraron-en-su-agenda-bilateral\/"},"wordCount":771,"commentCount":0,"publisher":{"@id":"https:\/\/www.eldiario.net\/portal\/#organization"},"image":{"@id":"https:\/\/www.eldiario.net\/portal\/2024\/08\/06\/lula-da-silva-y-gabriel-boric-se-centraron-en-su-agenda-bilateral\/#primaryimage"},"thumbnailUrl":"https:\/\/www.eldiario.net\/portal\/wp-content\/uploads\/2024\/08\/reunion-Lula-Boric.webp","articleSection":["Internacional"],"inLanguage":"es","potentialAction":[{"@type":"CommentAction","name":"Comment","target":["https:\/\/www.eldiario.net\/portal\/2024\/08\/06\/lula-da-silva-y-gabriel-boric-se-centraron-en-su-agenda-bilateral\/#respond"]}]},{"@type":"WebPage","@id":"https:\/\/www.eldiario.net\/portal\/2024\/08\/06\/lula-da-silva-y-gabriel-boric-se-centraron-en-su-agenda-bilateral\/","url":"https:\/\/www.eldiario.net\/portal\/2024\/08\/06\/lula-da-silva-y-gabriel-boric-se-centraron-en-su-agenda-bilateral\/","name":"Lula da Silva y Gabriel Boric se centraron en su agenda bilateral - El Diario - Bolivia","isPartOf":{"@id":"https:\/\/www.eldiario.net\/portal\/#website"},"primaryImageOfPage":{"@id":"https:\/\/www.eldiario.net\/portal\/2024\/08\/06\/lula-da-silva-y-gabriel-boric-se-centraron-en-su-agenda-bilateral\/#primaryimage"},"image":{"@id":"https:\/\/www.eldiario.net\/portal\/2024\/08\/06\/lula-da-silva-y-gabriel-boric-se-centraron-en-su-agenda-bilateral\/#primaryimage"},"thumbnailUrl":"https:\/\/www.eldiario.net\/portal\/wp-content\/uploads\/2024\/08\/reunion-Lula-Boric.webp","datePublished":"2024-08-06T11:07:39+00:00","breadcrumb":{"@id":"https:\/\/www.eldiario.net\/portal\/2024\/08\/06\/lula-da-silva-y-gabriel-boric-se-centraron-en-su-agenda-bilateral\/#breadcrumb"},"inLanguage":"es","potentialAction":[{"@type":"ReadAction","target":["https:\/\/www.eldiario.net\/portal\/2024\/08\/06\/lula-da-silva-y-gabriel-boric-se-centraron-en-su-agenda-bilateral\/"]}]},{"@type":"ImageObject","inLanguage":"es","@id":"https:\/\/www.eldiario.net\/portal\/2024\/08\/06\/lula-da-silva-y-gabriel-boric-se-centraron-en-su-agenda-bilateral\/#primaryimage","url":"https:\/\/www.eldiario.net\/portal\/wp-content\/uploads\/2024\/08\/reunion-Lula-Boric.webp","contentUrl":"https:\/\/www.eldiario.net\/portal\/wp-content\/uploads\/2024\/08\/reunion-Lula-Boric.webp","width":1024,"height":683,"caption":"El presidente de Chile, Gabriel Boric (c2), y el presidente de Brasil, Luiz In\u00e1cio Lula da Silva (c1), participan en un acto conjunto este lunes en el palacio de La Moneda, en Santiago (Chile). CR\u00c9DITO: EFE"},{"@type":"BreadcrumbList","@id":"https:\/\/www.eldiario.net\/portal\/2024\/08\/06\/lula-da-silva-y-gabriel-boric-se-centraron-en-su-agenda-bilateral\/#breadcrumb","itemListElement":[{"@type":"ListItem","position":1,"name":"Portada","item":"https:\/\/www.eldiario.net\/portal\/"},{"@type":"ListItem","position":2,"name":"Lula da Silva y Gabriel Boric se centraron en su agenda bilateral"}]},{"@type":"WebSite","@id":"https:\/\/www.eldiario.net\/portal\/#website","url":"https:\/\/www.eldiario.net\/portal\/","name":"El Diario - Decano de la prensa nacional","description":"El Diario - Decano de la prensa nacional","publisher":{"@id":"https:\/\/www.eldiario.net\/portal\/#organization"},"potentialAction":[{"@type":"SearchAction","target":{"@type":"EntryPoint","urlTemplate":"https:\/\/www.eldiario.net\/portal\/?s={search_term_string}"},"query-input":{"@type":"PropertyValueSpecification","valueRequired":true,"valueName":"search_term_string"}}],"inLanguage":"es"},{"@type":"Organization","@id":"https:\/\/www.eldiario.net\/portal\/#organization","name":"El Diario - Decano de la prensa nacional","url":"https:\/\/www.eldiario.net\/portal\/","logo":{"@type":"ImageObject","inLanguage":"es","@id":"https:\/\/www.eldiario.net\/portal\/#\/schema\/logo\/image\/","url":"https:\/\/www.eldiario.net\/portal\/wp-content\/uploads\/2023\/07\/logo_ED.jpg","contentUrl":"https:\/\/www.eldiario.net\/portal\/wp-content\/uploads\/2023\/07\/logo_ED.jpg","width":272,"height":52,"caption":"El Diario - Decano de la prensa nacional"},"image":{"@id":"https:\/\/www.eldiario.net\/portal\/#\/schema\/logo\/image\/"},"sameAs":["https:\/\/www.facebook.com\/eldiario.bolivia\/","https:\/\/x.com\/eldiario_net"]},{"@type":"Person","@id":"https:\/\/www.eldiario.net\/portal\/#\/schema\/person\/f46445640444750d7d753ccd04ae01b7","name":"Jeanette","image":{"@type":"ImageObject","inLanguage":"es","@id":"https:\/\/secure.gravatar.com\/avatar\/3ea2118a5f7dad2b7138b1187a6b7ee55f160b9968b66013c3a3ef39dd7e5798?s=96&d=mm&r=g","url":"https:\/\/secure.gravatar.com\/avatar\/3ea2118a5f7dad2b7138b1187a6b7ee55f160b9968b66013c3a3ef39dd7e5798?s=96&d=mm&r=g","contentUrl":"https:\/\/secure.gravatar.com\/avatar\/3ea2118a5f7dad2b7138b1187a6b7ee55f160b9968b66013c3a3ef39dd7e5798?s=96&d=mm&r=g","caption":"Jeanette"},"sameAs":["https:\/\/www.eldiario.net\/portal"],"url":"https:\/\/www.eldiario.net\/portal\/author\/jeanette\/"}]}},"_links":{"self":[{"href":"https:\/\/www.eldiario.net\/portal\/wp-json\/wp\/v2\/posts\/238984","targetHints":{"allow":["GET"]}}],"collection":[{"href":"https:\/\/www.eldiario.net\/portal\/wp-json\/wp\/v2\/posts"}],"about":[{"href":"https:\/\/www.eldiario.net\/portal\/wp-json\/wp\/v2\/types\/post"}],"author":[{"embeddable":true,"href":"https:\/\/www.eldiario.net\/portal\/wp-json\/wp\/v2\/users\/1"}],"replies":[{"embeddable":true,"href":"https:\/\/www.eldiario.net\/portal\/wp-json\/wp\/v2\/comments?post=238984"}],"version-history":[{"count":1,"href":"https:\/\/www.eldiario.net\/portal\/wp-json\/wp\/v2\/posts\/238984\/revisions"}],"predecessor-version":[{"id":238986,"href":"https:\/\/www.eldiario.net\/portal\/wp-json\/wp\/v2\/posts\/238984\/revisions\/238986"}],"wp:featuredmedia":[{"embeddable":true,"href":"https:\/\/www.eldiario.net\/portal\/wp-json\/wp\/v2\/media\/238985"}],"wp:attachment":[{"href":"https:\/\/www.eldiario.net\/portal\/wp-json\/wp\/v2\/media?parent=238984"}],"wp:term":[{"taxonomy":"category","embeddable":true,"href":"https:\/\/www.eldiario.net\/portal\/wp-json\/wp\/v2\/categories?post=238984"},{"taxonomy":"post_tag","embeddable":true,"href":"https:\/\/www.eldiario.net\/portal\/wp-json\/wp\/v2\/tags?post=238984"}],"curies":[{"name":"wp","href":"https:\/\/api.w.org\/{rel}","templated":true}]}}