{"id":238981,"date":"2024-08-06T07:06:55","date_gmt":"2024-08-06T11:06:55","guid":{"rendered":"https:\/\/www.eldiario.net\/portal\/?p=238981"},"modified":"2024-08-06T07:06:55","modified_gmt":"2024-08-06T11:06:55","slug":"guterres-pidio-volver-a-la-calma-tras-renuncia-y-huida-de-primera-ministra","status":"publish","type":"post","link":"https:\/\/www.eldiario.net\/portal\/2024\/08\/06\/guterres-pidio-volver-a-la-calma-tras-renuncia-y-huida-de-primera-ministra\/","title":{"rendered":"Guterres pidi\u00f3 volver a la calma tras  renuncia y huida de primera ministra"},"content":{"rendered":"<p class=\"v1MsoNormal\">El secretario general de Naciones Unidas, Ant\u00f3nio Guterres, pidi\u00f3 ayer a todas las partes volver a la calma y a la moderaci\u00f3n en Bangladesh en medio de las fuertes protestas contra el Gobierno de la primera ministra Sheij Hasina, que ha huido del pa\u00eds, en unas manifestaciones que dejan unos 300 fallecidos.<\/p>\n<p class=\"v1MsoNormal\">\u00abContin\u00faa siguiendo de cerca los acontecimientos en el pa\u00eds, incluido el anuncio del jefe del Estado Mayor del Ej\u00e9rcito sobre la dimisi\u00f3n de la primera ministra Sheij Hasina y los planes para la formaci\u00f3n de un gobierno interino\u00bb, ha indicado su portavoz adjunto, Farhan Haq, en un comunicado.<\/p>\n<p class=\"v1MsoNormal\">Asimismo, enfatiz\u00f3 \u00abla importancia de una transici\u00f3n democr\u00e1tica pac\u00edfica y ordenada\u00bb. \u00abEl secretario general se solidariza con la poblaci\u00f3n de Bangladesh y hace un llamamiento para el pleno respeto de sus derechos humanos\u00bb, agreg\u00f3.<\/p>\n<p class=\"v1MsoNormal\">Finalmente, Guterres deplor\u00f3 las nuevas p\u00e9rdidas de vidas durante el fin de semana y ha subrayado \u00abla necesidad de una investigaci\u00f3n completa, independiente, imparcial y transparente de todos los actos de violencia\u00bb.<\/p>\n<p class=\"v1MsoNormal\">Las protestas han dejado de dirigirse \u00fanicamente al sistema de cuotas &#8211;que establece que un 30 por ciento de plazas p\u00fablicas quedan en manos de hijos de veteranos de la guerra de la Independencia&#8211;, un criterio que para los estudiantes supon\u00eda un acto de discriminaci\u00f3n. Ahora, se centran tambi\u00e9n en la figura de Hasina y sirven para denunciar una represi\u00f3n policial y el uso excesivo de la fuerza. (Europa Press)<\/p>\n","protected":false},"excerpt":{"rendered":"<p>El secretario general de Naciones Unidas, Ant\u00f3nio Guterres, pidi\u00f3 ayer a todas las partes volver a la calma y a la moderaci\u00f3n en Bangladesh en medio de las fuertes protestas contra el Gobierno de la primera ministra Sheij Hasina, que ha huido del pa\u00eds, en unas manifestaciones que dejan unos 300 fallecidos. \u00abContin\u00faa siguiendo de [&hellip;]<\/p>\n","protected":false},"author":1,"featured_media":238982,"comment_status":"open","ping_status":"open","sticky":false,"template":"","format":"standard","meta":{"_acf_changed":false,"footnotes":""},"categories":[3],"tags":[],"class_list":["post-238981","post","type-post","status-publish","format-standard","has-post-thumbnail","category-internacional"],"acf":{"antetitulo":"Bangladesh"},"yoast_head":"<!-- This site is optimized with the Yoast SEO plugin v28.3 - https:\/\/yoast.com\/product\/yoast-seo-wordpress\/ -->\n<title>Guterres pidi\u00f3 volver a la calma tras renuncia y huida de primera ministra - El Diario - Bolivia<\/title>\n<meta name=\"robots\" content=\"index, follow, max-snippet:-1, max-image-preview:large, max-video-preview:-1\" \/>\n<link rel=\"canonical\" href=\"https:\/\/www.eldiario.net\/portal\/2024\/08\/06\/guterres-pidio-volver-a-la-calma-tras-renuncia-y-huida-de-primera-ministra\/\" \/>\n<meta property=\"og:locale\" content=\"es_ES\" \/>\n<meta property=\"og:type\" content=\"article\" \/>\n<meta property=\"og:title\" content=\"Guterres pidi\u00f3 volver a la calma tras renuncia y huida de primera ministra - El Diario - Bolivia\" \/>\n<meta property=\"og:description\" content=\"El secretario general de Naciones Unidas, Ant\u00f3nio Guterres, pidi\u00f3 ayer a todas las partes volver a la calma y a la moderaci\u00f3n en Bangladesh en medio de las fuertes protestas contra el Gobierno de la primera ministra Sheij Hasina, que ha huido del pa\u00eds, en unas manifestaciones que dejan unos 300 fallecidos. \u00abContin\u00faa siguiendo de [&hellip;]\" \/>\n<meta property=\"og:url\" content=\"https:\/\/www.eldiario.net\/portal\/2024\/08\/06\/guterres-pidio-volver-a-la-calma-tras-renuncia-y-huida-de-primera-ministra\/\" \/>\n<meta property=\"og:site_name\" content=\"El Diario - Bolivia\" \/>\n<meta property=\"article:publisher\" content=\"https:\/\/www.facebook.com\/eldiario.bolivia\/\" \/>\n<meta property=\"article:published_time\" content=\"2024-08-06T11:06:55+00:00\" \/>\n<meta property=\"og:image\" content=\"https:\/\/www.eldiario.net\/portal\/wp-content\/uploads\/2024\/08\/protestas-Bangladesh-EFE.jpg\" \/>\n\t<meta property=\"og:image:width\" content=\"1200\" \/>\n\t<meta property=\"og:image:height\" content=\"764\" \/>\n\t<meta property=\"og:image:type\" content=\"image\/jpeg\" \/>\n<meta name=\"author\" content=\"Jeanette\" \/>\n<meta name=\"twitter:card\" content=\"summary_large_image\" \/>\n<meta name=\"twitter:creator\" content=\"@eldiario_net\" \/>\n<meta name=\"twitter:site\" content=\"@eldiario_net\" \/>\n<meta name=\"twitter:label1\" content=\"Escrito por\" \/>\n\t<meta name=\"twitter:data1\" content=\"Jeanette\" \/>\n\t<meta name=\"twitter:label2\" content=\"Tiempo de lectura\" \/>\n\t<meta name=\"twitter:data2\" content=\"2 minutos\" \/>\n<script type=\"application\/ld+json\" class=\"yoast-schema-graph\">{\"@context\":\"https:\\\/\\\/schema.org\",\"@graph\":[{\"@type\":\"Article\",\"@id\":\"https:\\\/\\\/www.eldiario.net\\\/portal\\\/2024\\\/08\\\/06\\\/guterres-pidio-volver-a-la-calma-tras-renuncia-y-huida-de-primera-ministra\\\/#article\",\"isPartOf\":{\"@id\":\"https:\\\/\\\/www.eldiario.net\\\/portal\\\/2024\\\/08\\\/06\\\/guterres-pidio-volver-a-la-calma-tras-renuncia-y-huida-de-primera-ministra\\\/\"},\"author\":{\"name\":\"Jeanette\",\"@id\":\"https:\\\/\\\/www.eldiario.net\\\/portal\\\/#\\\/schema\\\/person\\\/f46445640444750d7d753ccd04ae01b7\"},\"headline\":\"Guterres pidi\u00f3 volver a la calma tras renuncia y huida de primera ministra\",\"datePublished\":\"2024-08-06T11:06:55+00:00\",\"mainEntityOfPage\":{\"@id\":\"https:\\\/\\\/www.eldiario.net\\\/portal\\\/2024\\\/08\\\/06\\\/guterres-pidio-volver-a-la-calma-tras-renuncia-y-huida-de-primera-ministra\\\/\"},\"wordCount\":266,\"commentCount\":0,\"publisher\":{\"@id\":\"https:\\\/\\\/www.eldiario.net\\\/portal\\\/#organization\"},\"image\":{\"@id\":\"https:\\\/\\\/www.eldiario.net\\\/portal\\\/2024\\\/08\\\/06\\\/guterres-pidio-volver-a-la-calma-tras-renuncia-y-huida-de-primera-ministra\\\/#primaryimage\"},\"thumbnailUrl\":\"https:\\\/\\\/www.eldiario.net\\\/portal\\\/wp-content\\\/uploads\\\/2024\\\/08\\\/protestas-Bangladesh-EFE.jpg\",\"articleSection\":[\"Internacional\"],\"inLanguage\":\"es\",\"potentialAction\":[{\"@type\":\"CommentAction\",\"name\":\"Comment\",\"target\":[\"https:\\\/\\\/www.eldiario.net\\\/portal\\\/2024\\\/08\\\/06\\\/guterres-pidio-volver-a-la-calma-tras-renuncia-y-huida-de-primera-ministra\\\/#respond\"]}]},{\"@type\":\"WebPage\",\"@id\":\"https:\\\/\\\/www.eldiario.net\\\/portal\\\/2024\\\/08\\\/06\\\/guterres-pidio-volver-a-la-calma-tras-renuncia-y-huida-de-primera-ministra\\\/\",\"url\":\"https:\\\/\\\/www.eldiario.net\\\/portal\\\/2024\\\/08\\\/06\\\/guterres-pidio-volver-a-la-calma-tras-renuncia-y-huida-de-primera-ministra\\\/\",\"name\":\"Guterres pidi\u00f3 volver a la calma tras renuncia y huida de primera ministra - El Diario - Bolivia\",\"isPartOf\":{\"@id\":\"https:\\\/\\\/www.eldiario.net\\\/portal\\\/#website\"},\"primaryImageOfPage\":{\"@id\":\"https:\\\/\\\/www.eldiario.net\\\/portal\\\/2024\\\/08\\\/06\\\/guterres-pidio-volver-a-la-calma-tras-renuncia-y-huida-de-primera-ministra\\\/#primaryimage\"},\"image\":{\"@id\":\"https:\\\/\\\/www.eldiario.net\\\/portal\\\/2024\\\/08\\\/06\\\/guterres-pidio-volver-a-la-calma-tras-renuncia-y-huida-de-primera-ministra\\\/#primaryimage\"},\"thumbnailUrl\":\"https:\\\/\\\/www.eldiario.net\\\/portal\\\/wp-content\\\/uploads\\\/2024\\\/08\\\/protestas-Bangladesh-EFE.jpg\",\"datePublished\":\"2024-08-06T11:06:55+00:00\",\"breadcrumb\":{\"@id\":\"https:\\\/\\\/www.eldiario.net\\\/portal\\\/2024\\\/08\\\/06\\\/guterres-pidio-volver-a-la-calma-tras-renuncia-y-huida-de-primera-ministra\\\/#breadcrumb\"},\"inLanguage\":\"es\",\"potentialAction\":[{\"@type\":\"ReadAction\",\"target\":[\"https:\\\/\\\/www.eldiario.net\\\/portal\\\/2024\\\/08\\\/06\\\/guterres-pidio-volver-a-la-calma-tras-renuncia-y-huida-de-primera-ministra\\\/\"]}]},{\"@type\":\"ImageObject\",\"inLanguage\":\"es\",\"@id\":\"https:\\\/\\\/www.eldiario.net\\\/portal\\\/2024\\\/08\\\/06\\\/guterres-pidio-volver-a-la-calma-tras-renuncia-y-huida-de-primera-ministra\\\/#primaryimage\",\"url\":\"https:\\\/\\\/www.eldiario.net\\\/portal\\\/wp-content\\\/uploads\\\/2024\\\/08\\\/protestas-Bangladesh-EFE.jpg\",\"contentUrl\":\"https:\\\/\\\/www.eldiario.net\\\/portal\\\/wp-content\\\/uploads\\\/2024\\\/08\\\/protestas-Bangladesh-EFE.jpg\",\"width\":1200,\"height\":764,\"caption\":\"Protesta de ciudadanos recrudecen en Bangladesh. CR\u00c9DITO: EFE\"},{\"@type\":\"BreadcrumbList\",\"@id\":\"https:\\\/\\\/www.eldiario.net\\\/portal\\\/2024\\\/08\\\/06\\\/guterres-pidio-volver-a-la-calma-tras-renuncia-y-huida-de-primera-ministra\\\/#breadcrumb\",\"itemListElement\":[{\"@type\":\"ListItem\",\"position\":1,\"name\":\"Portada\",\"item\":\"https:\\\/\\\/www.eldiario.net\\\/portal\\\/\"},{\"@type\":\"ListItem\",\"position\":2,\"name\":\"Guterres pidi\u00f3 volver a la calma tras renuncia y huida de primera ministra\"}]},{\"@type\":\"WebSite\",\"@id\":\"https:\\\/\\\/www.eldiario.net\\\/portal\\\/#website\",\"url\":\"https:\\\/\\\/www.eldiario.net\\\/portal\\\/\",\"name\":\"El Diario - Decano de la prensa nacional\",\"description\":\"El Diario - Decano de la prensa nacional\",\"publisher\":{\"@id\":\"https:\\\/\\\/www.eldiario.net\\\/portal\\\/#organization\"},\"potentialAction\":[{\"@type\":\"SearchAction\",\"target\":{\"@type\":\"EntryPoint\",\"urlTemplate\":\"https:\\\/\\\/www.eldiario.net\\\/portal\\\/?s={search_term_string}\"},\"query-input\":{\"@type\":\"PropertyValueSpecification\",\"valueRequired\":true,\"valueName\":\"search_term_string\"}}],\"inLanguage\":\"es\"},{\"@type\":\"Organization\",\"@id\":\"https:\\\/\\\/www.eldiario.net\\\/portal\\\/#organization\",\"name\":\"El Diario - Decano de la prensa nacional\",\"url\":\"https:\\\/\\\/www.eldiario.net\\\/portal\\\/\",\"logo\":{\"@type\":\"ImageObject\",\"inLanguage\":\"es\",\"@id\":\"https:\\\/\\\/www.eldiario.net\\\/portal\\\/#\\\/schema\\\/logo\\\/image\\\/\",\"url\":\"https:\\\/\\\/www.eldiario.net\\\/portal\\\/wp-content\\\/uploads\\\/2023\\\/07\\\/logo_ED.jpg\",\"contentUrl\":\"https:\\\/\\\/www.eldiario.net\\\/portal\\\/wp-content\\\/uploads\\\/2023\\\/07\\\/logo_ED.jpg\",\"width\":272,\"height\":52,\"caption\":\"El Diario - Decano de la prensa nacional\"},\"image\":{\"@id\":\"https:\\\/\\\/www.eldiario.net\\\/portal\\\/#\\\/schema\\\/logo\\\/image\\\/\"},\"sameAs\":[\"https:\\\/\\\/www.facebook.com\\\/eldiario.bolivia\\\/\",\"https:\\\/\\\/x.com\\\/eldiario_net\"]},{\"@type\":\"Person\",\"@id\":\"https:\\\/\\\/www.eldiario.net\\\/portal\\\/#\\\/schema\\\/person\\\/f46445640444750d7d753ccd04ae01b7\",\"name\":\"Jeanette\",\"image\":{\"@type\":\"ImageObject\",\"inLanguage\":\"es\",\"@id\":\"https:\\\/\\\/secure.gravatar.com\\\/avatar\\\/3ea2118a5f7dad2b7138b1187a6b7ee55f160b9968b66013c3a3ef39dd7e5798?s=96&d=mm&r=g\",\"url\":\"https:\\\/\\\/secure.gravatar.com\\\/avatar\\\/3ea2118a5f7dad2b7138b1187a6b7ee55f160b9968b66013c3a3ef39dd7e5798?s=96&d=mm&r=g\",\"contentUrl\":\"https:\\\/\\\/secure.gravatar.com\\\/avatar\\\/3ea2118a5f7dad2b7138b1187a6b7ee55f160b9968b66013c3a3ef39dd7e5798?s=96&d=mm&r=g\",\"caption\":\"Jeanette\"},\"sameAs\":[\"https:\\\/\\\/www.eldiario.net\\\/portal\"],\"url\":\"https:\\\/\\\/www.eldiario.net\\\/portal\\\/author\\\/jeanette\\\/\"}]}<\/script>\n<!-- \/ Yoast SEO plugin. -->","yoast_head_json":{"title":"Guterres pidi\u00f3 volver a la calma tras renuncia y huida de primera ministra - El Diario - Bolivia","robots":{"index":"index","follow":"follow","max-snippet":"max-snippet:-1","max-image-preview":"max-image-preview:large","max-video-preview":"max-video-preview:-1"},"canonical":"https:\/\/www.eldiario.net\/portal\/2024\/08\/06\/guterres-pidio-volver-a-la-calma-tras-renuncia-y-huida-de-primera-ministra\/","og_locale":"es_ES","og_type":"article","og_title":"Guterres pidi\u00f3 volver a la calma tras renuncia y huida de primera ministra - El Diario - Bolivia","og_description":"El secretario general de Naciones Unidas, Ant\u00f3nio Guterres, pidi\u00f3 ayer a todas las partes volver a la calma y a la moderaci\u00f3n en Bangladesh en medio de las fuertes protestas contra el Gobierno de la primera ministra Sheij Hasina, que ha huido del pa\u00eds, en unas manifestaciones que dejan unos 300 fallecidos. \u00abContin\u00faa siguiendo de [&hellip;]","og_url":"https:\/\/www.eldiario.net\/portal\/2024\/08\/06\/guterres-pidio-volver-a-la-calma-tras-renuncia-y-huida-de-primera-ministra\/","og_site_name":"El Diario - Bolivia","article_publisher":"https:\/\/www.facebook.com\/eldiario.bolivia\/","article_published_time":"2024-08-06T11:06:55+00:00","og_image":[{"width":1200,"height":764,"url":"https:\/\/www.eldiario.net\/portal\/wp-content\/uploads\/2024\/08\/protestas-Bangladesh-EFE.jpg","type":"image\/jpeg"}],"author":"Jeanette","twitter_card":"summary_large_image","twitter_creator":"@eldiario_net","twitter_site":"@eldiario_net","twitter_misc":{"Escrito por":"Jeanette","Tiempo de lectura":"2 minutos"},"schema":{"@context":"https:\/\/schema.org","@graph":[{"@type":"Article","@id":"https:\/\/www.eldiario.net\/portal\/2024\/08\/06\/guterres-pidio-volver-a-la-calma-tras-renuncia-y-huida-de-primera-ministra\/#article","isPartOf":{"@id":"https:\/\/www.eldiario.net\/portal\/2024\/08\/06\/guterres-pidio-volver-a-la-calma-tras-renuncia-y-huida-de-primera-ministra\/"},"author":{"name":"Jeanette","@id":"https:\/\/www.eldiario.net\/portal\/#\/schema\/person\/f46445640444750d7d753ccd04ae01b7"},"headline":"Guterres pidi\u00f3 volver a la calma tras renuncia y huida de primera ministra","datePublished":"2024-08-06T11:06:55+00:00","mainEntityOfPage":{"@id":"https:\/\/www.eldiario.net\/portal\/2024\/08\/06\/guterres-pidio-volver-a-la-calma-tras-renuncia-y-huida-de-primera-ministra\/"},"wordCount":266,"commentCount":0,"publisher":{"@id":"https:\/\/www.eldiario.net\/portal\/#organization"},"image":{"@id":"https:\/\/www.eldiario.net\/portal\/2024\/08\/06\/guterres-pidio-volver-a-la-calma-tras-renuncia-y-huida-de-primera-ministra\/#primaryimage"},"thumbnailUrl":"https:\/\/www.eldiario.net\/portal\/wp-content\/uploads\/2024\/08\/protestas-Bangladesh-EFE.jpg","articleSection":["Internacional"],"inLanguage":"es","potentialAction":[{"@type":"CommentAction","name":"Comment","target":["https:\/\/www.eldiario.net\/portal\/2024\/08\/06\/guterres-pidio-volver-a-la-calma-tras-renuncia-y-huida-de-primera-ministra\/#respond"]}]},{"@type":"WebPage","@id":"https:\/\/www.eldiario.net\/portal\/2024\/08\/06\/guterres-pidio-volver-a-la-calma-tras-renuncia-y-huida-de-primera-ministra\/","url":"https:\/\/www.eldiario.net\/portal\/2024\/08\/06\/guterres-pidio-volver-a-la-calma-tras-renuncia-y-huida-de-primera-ministra\/","name":"Guterres pidi\u00f3 volver a la calma tras renuncia y huida de primera ministra - El Diario - Bolivia","isPartOf":{"@id":"https:\/\/www.eldiario.net\/portal\/#website"},"primaryImageOfPage":{"@id":"https:\/\/www.eldiario.net\/portal\/2024\/08\/06\/guterres-pidio-volver-a-la-calma-tras-renuncia-y-huida-de-primera-ministra\/#primaryimage"},"image":{"@id":"https:\/\/www.eldiario.net\/portal\/2024\/08\/06\/guterres-pidio-volver-a-la-calma-tras-renuncia-y-huida-de-primera-ministra\/#primaryimage"},"thumbnailUrl":"https:\/\/www.eldiario.net\/portal\/wp-content\/uploads\/2024\/08\/protestas-Bangladesh-EFE.jpg","datePublished":"2024-08-06T11:06:55+00:00","breadcrumb":{"@id":"https:\/\/www.eldiario.net\/portal\/2024\/08\/06\/guterres-pidio-volver-a-la-calma-tras-renuncia-y-huida-de-primera-ministra\/#breadcrumb"},"inLanguage":"es","potentialAction":[{"@type":"ReadAction","target":["https:\/\/www.eldiario.net\/portal\/2024\/08\/06\/guterres-pidio-volver-a-la-calma-tras-renuncia-y-huida-de-primera-ministra\/"]}]},{"@type":"ImageObject","inLanguage":"es","@id":"https:\/\/www.eldiario.net\/portal\/2024\/08\/06\/guterres-pidio-volver-a-la-calma-tras-renuncia-y-huida-de-primera-ministra\/#primaryimage","url":"https:\/\/www.eldiario.net\/portal\/wp-content\/uploads\/2024\/08\/protestas-Bangladesh-EFE.jpg","contentUrl":"https:\/\/www.eldiario.net\/portal\/wp-content\/uploads\/2024\/08\/protestas-Bangladesh-EFE.jpg","width":1200,"height":764,"caption":"Protesta de ciudadanos recrudecen en Bangladesh. CR\u00c9DITO: EFE"},{"@type":"BreadcrumbList","@id":"https:\/\/www.eldiario.net\/portal\/2024\/08\/06\/guterres-pidio-volver-a-la-calma-tras-renuncia-y-huida-de-primera-ministra\/#breadcrumb","itemListElement":[{"@type":"ListItem","position":1,"name":"Portada","item":"https:\/\/www.eldiario.net\/portal\/"},{"@type":"ListItem","position":2,"name":"Guterres pidi\u00f3 volver a la calma tras renuncia y huida de primera ministra"}]},{"@type":"WebSite","@id":"https:\/\/www.eldiario.net\/portal\/#website","url":"https:\/\/www.eldiario.net\/portal\/","name":"El Diario - Decano de la prensa nacional","description":"El Diario - Decano de la prensa nacional","publisher":{"@id":"https:\/\/www.eldiario.net\/portal\/#organization"},"potentialAction":[{"@type":"SearchAction","target":{"@type":"EntryPoint","urlTemplate":"https:\/\/www.eldiario.net\/portal\/?s={search_term_string}"},"query-input":{"@type":"PropertyValueSpecification","valueRequired":true,"valueName":"search_term_string"}}],"inLanguage":"es"},{"@type":"Organization","@id":"https:\/\/www.eldiario.net\/portal\/#organization","name":"El Diario - Decano de la prensa nacional","url":"https:\/\/www.eldiario.net\/portal\/","logo":{"@type":"ImageObject","inLanguage":"es","@id":"https:\/\/www.eldiario.net\/portal\/#\/schema\/logo\/image\/","url":"https:\/\/www.eldiario.net\/portal\/wp-content\/uploads\/2023\/07\/logo_ED.jpg","contentUrl":"https:\/\/www.eldiario.net\/portal\/wp-content\/uploads\/2023\/07\/logo_ED.jpg","width":272,"height":52,"caption":"El Diario - Decano de la prensa nacional"},"image":{"@id":"https:\/\/www.eldiario.net\/portal\/#\/schema\/logo\/image\/"},"sameAs":["https:\/\/www.facebook.com\/eldiario.bolivia\/","https:\/\/x.com\/eldiario_net"]},{"@type":"Person","@id":"https:\/\/www.eldiario.net\/portal\/#\/schema\/person\/f46445640444750d7d753ccd04ae01b7","name":"Jeanette","image":{"@type":"ImageObject","inLanguage":"es","@id":"https:\/\/secure.gravatar.com\/avatar\/3ea2118a5f7dad2b7138b1187a6b7ee55f160b9968b66013c3a3ef39dd7e5798?s=96&d=mm&r=g","url":"https:\/\/secure.gravatar.com\/avatar\/3ea2118a5f7dad2b7138b1187a6b7ee55f160b9968b66013c3a3ef39dd7e5798?s=96&d=mm&r=g","contentUrl":"https:\/\/secure.gravatar.com\/avatar\/3ea2118a5f7dad2b7138b1187a6b7ee55f160b9968b66013c3a3ef39dd7e5798?s=96&d=mm&r=g","caption":"Jeanette"},"sameAs":["https:\/\/www.eldiario.net\/portal"],"url":"https:\/\/www.eldiario.net\/portal\/author\/jeanette\/"}]}},"_links":{"self":[{"href":"https:\/\/www.eldiario.net\/portal\/wp-json\/wp\/v2\/posts\/238981","targetHints":{"allow":["GET"]}}],"collection":[{"href":"https:\/\/www.eldiario.net\/portal\/wp-json\/wp\/v2\/posts"}],"about":[{"href":"https:\/\/www.eldiario.net\/portal\/wp-json\/wp\/v2\/types\/post"}],"author":[{"embeddable":true,"href":"https:\/\/www.eldiario.net\/portal\/wp-json\/wp\/v2\/users\/1"}],"replies":[{"embeddable":true,"href":"https:\/\/www.eldiario.net\/portal\/wp-json\/wp\/v2\/comments?post=238981"}],"version-history":[{"count":1,"href":"https:\/\/www.eldiario.net\/portal\/wp-json\/wp\/v2\/posts\/238981\/revisions"}],"predecessor-version":[{"id":238983,"href":"https:\/\/www.eldiario.net\/portal\/wp-json\/wp\/v2\/posts\/238981\/revisions\/238983"}],"wp:featuredmedia":[{"embeddable":true,"href":"https:\/\/www.eldiario.net\/portal\/wp-json\/wp\/v2\/media\/238982"}],"wp:attachment":[{"href":"https:\/\/www.eldiario.net\/portal\/wp-json\/wp\/v2\/media?parent=238981"}],"wp:term":[{"taxonomy":"category","embeddable":true,"href":"https:\/\/www.eldiario.net\/portal\/wp-json\/wp\/v2\/categories?post=238981"},{"taxonomy":"post_tag","embeddable":true,"href":"https:\/\/www.eldiario.net\/portal\/wp-json\/wp\/v2\/tags?post=238981"}],"curies":[{"name":"wp","href":"https:\/\/api.w.org\/{rel}","templated":true}]}}