{"id":238978,"date":"2024-08-06T07:05:46","date_gmt":"2024-08-06T11:05:46","guid":{"rendered":"https:\/\/www.eldiario.net\/portal\/?p=238978"},"modified":"2024-08-06T07:05:46","modified_gmt":"2024-08-06T11:05:46","slug":"presidente-anuncia-que-principal-lider-de-oposicion-sera-liberada","status":"publish","type":"post","link":"https:\/\/www.eldiario.net\/portal\/2024\/08\/06\/presidente-anuncia-que-principal-lider-de-oposicion-sera-liberada\/","title":{"rendered":"Presidente anuncia que principal  l\u00edder de oposici\u00f3n ser\u00e1 liberada"},"content":{"rendered":"<p class=\"v1MsoNormal\">El presidente de Bangladesh, Mohamed Shahabuddin, anunci\u00f3 ayer que la l\u00edder del principal partido de la oposici\u00f3n, Begum Jaleda Zia, ser\u00e1 liberada poco despu\u00e9s de que la primera ministra del pa\u00eds, Sheij Hasina, haya huido del pa\u00eds para refugiarse en India en medio de las protestas antigubernamentales.<\/p>\n<p class=\"v1MsoNormal\">La decisi\u00f3n se ha producido tras una reuni\u00f3n con el secretario general del Partido Nacionalista de Bangladesh (BNP), Mirza Fajrul, quien ha confirmado la decisi\u00f3n y ha indicado que se ha acordado liberar a los activistas estudiantiles arrestados durante las protestas, seg\u00fan ha recogido el portal de noticias Bdnews24.<\/p>\n<p class=\"v1MsoNormal\">Zia, quien fuera primera ministra del pa\u00eds, fue condenada en 2015 a cinco a\u00f1os de prisi\u00f3n en un caso de corrupci\u00f3n durante el gobierno de la Liga Awami de Hasina. La Justicia elev\u00f3 su pena de prisi\u00f3n a diez a\u00f1os varios meses m\u00e1s tarde.<\/p>\n<p class=\"v1MsoNormal\">Fajrul hab\u00eda instado con anterioridad a sus seguidores a \u00abmantener la calma\u00bb tras reunirse con el jefe de las Fuerzas Armadas de Bangladesh, Waker Uz Zaman, quien ha asegurado en un discurso que est\u00e1 previsto que se forme un gobierno interino cuanto antes.<\/p>\n<p class=\"v1MsoNormal\">Esto se produce despu\u00e9s de que la primera ministra de Bangladesh haya huido a India, donde el primer ministro indio, Narendra Modi, ha celebrado una reuni\u00f3n centrada en seguridad para tratar los \u00faltimos acontecimientos en el pa\u00eds vecino.<\/p>\n<p class=\"v1MsoNormal\">Varios medios indios han deslizado que Hasina podr\u00eda estar pensando en solicitar asilo en Reino Unido tras aterrizar en India y que, por tanto, no tiene pensado volver, seg\u00fan ha recogido el diario &#8216;The Times of India&#8217;.<\/p>\n<p class=\"v1MsoNormal\">Las protestas han dejado de dirigirse \u00fanicamente al sistema de cuotas &#8211;que establece que un 30 por ciento de plazas p\u00fablicas quedan en manos de hijos de veteranos de la guerra de la Independencia&#8211;, un criterio que para los estudiantes supon\u00eda un acto de discriminaci\u00f3n. Ahora, se centran tambi\u00e9n en la figura de Hasina y sirven para denunciar una represi\u00f3n policial y el uso excesivo de la fuerza. (Europa Press)<\/p>\n","protected":false},"excerpt":{"rendered":"<p>El presidente de Bangladesh, Mohamed Shahabuddin, anunci\u00f3 ayer que la l\u00edder del principal partido de la oposici\u00f3n, Begum Jaleda Zia, ser\u00e1 liberada poco despu\u00e9s de que la primera ministra del pa\u00eds, Sheij Hasina, haya huido del pa\u00eds para refugiarse en India en medio de las protestas antigubernamentales. La decisi\u00f3n se ha producido tras una reuni\u00f3n [&hellip;]<\/p>\n","protected":false},"author":1,"featured_media":238979,"comment_status":"open","ping_status":"open","sticky":false,"template":"","format":"standard","meta":{"_acf_changed":false,"footnotes":""},"categories":[3],"tags":[],"class_list":["post-238978","post","type-post","status-publish","format-standard","has-post-thumbnail","category-internacional"],"acf":{"antetitulo":"Bangladesh"},"yoast_head":"<!-- This site is optimized with the Yoast SEO plugin v28.3 - https:\/\/yoast.com\/product\/yoast-seo-wordpress\/ -->\n<title>Presidente anuncia que principal l\u00edder de oposici\u00f3n ser\u00e1 liberada - El Diario - Bolivia<\/title>\n<meta name=\"robots\" content=\"index, follow, max-snippet:-1, max-image-preview:large, max-video-preview:-1\" \/>\n<link rel=\"canonical\" href=\"https:\/\/www.eldiario.net\/portal\/2024\/08\/06\/presidente-anuncia-que-principal-lider-de-oposicion-sera-liberada\/\" \/>\n<meta property=\"og:locale\" content=\"es_ES\" \/>\n<meta property=\"og:type\" content=\"article\" \/>\n<meta property=\"og:title\" content=\"Presidente anuncia que principal l\u00edder de oposici\u00f3n ser\u00e1 liberada - El Diario - Bolivia\" \/>\n<meta property=\"og:description\" content=\"El presidente de Bangladesh, Mohamed Shahabuddin, anunci\u00f3 ayer que la l\u00edder del principal partido de la oposici\u00f3n, Begum Jaleda Zia, ser\u00e1 liberada poco despu\u00e9s de que la primera ministra del pa\u00eds, Sheij Hasina, haya huido del pa\u00eds para refugiarse en India en medio de las protestas antigubernamentales. La decisi\u00f3n se ha producido tras una reuni\u00f3n [&hellip;]\" \/>\n<meta property=\"og:url\" content=\"https:\/\/www.eldiario.net\/portal\/2024\/08\/06\/presidente-anuncia-que-principal-lider-de-oposicion-sera-liberada\/\" \/>\n<meta property=\"og:site_name\" content=\"El Diario - Bolivia\" \/>\n<meta property=\"article:publisher\" content=\"https:\/\/www.facebook.com\/eldiario.bolivia\/\" \/>\n<meta property=\"article:published_time\" content=\"2024-08-06T11:05:46+00:00\" \/>\n<meta property=\"og:image\" content=\"https:\/\/www.eldiario.net\/portal\/wp-content\/uploads\/2024\/08\/Lider-opositora-EP.jpg\" \/>\n\t<meta property=\"og:image:width\" content=\"1200\" \/>\n\t<meta property=\"og:image:height\" content=\"800\" \/>\n\t<meta property=\"og:image:type\" content=\"image\/jpeg\" \/>\n<meta name=\"author\" content=\"Jeanette\" \/>\n<meta name=\"twitter:card\" content=\"summary_large_image\" \/>\n<meta name=\"twitter:creator\" content=\"@eldiario_net\" \/>\n<meta name=\"twitter:site\" content=\"@eldiario_net\" \/>\n<meta name=\"twitter:label1\" content=\"Escrito por\" \/>\n\t<meta name=\"twitter:data1\" content=\"Jeanette\" \/>\n\t<meta name=\"twitter:label2\" content=\"Tiempo de lectura\" \/>\n\t<meta name=\"twitter:data2\" content=\"2 minutos\" \/>\n<script type=\"application\/ld+json\" class=\"yoast-schema-graph\">{\"@context\":\"https:\\\/\\\/schema.org\",\"@graph\":[{\"@type\":\"Article\",\"@id\":\"https:\\\/\\\/www.eldiario.net\\\/portal\\\/2024\\\/08\\\/06\\\/presidente-anuncia-que-principal-lider-de-oposicion-sera-liberada\\\/#article\",\"isPartOf\":{\"@id\":\"https:\\\/\\\/www.eldiario.net\\\/portal\\\/2024\\\/08\\\/06\\\/presidente-anuncia-que-principal-lider-de-oposicion-sera-liberada\\\/\"},\"author\":{\"name\":\"Jeanette\",\"@id\":\"https:\\\/\\\/www.eldiario.net\\\/portal\\\/#\\\/schema\\\/person\\\/f46445640444750d7d753ccd04ae01b7\"},\"headline\":\"Presidente anuncia que principal l\u00edder de oposici\u00f3n ser\u00e1 liberada\",\"datePublished\":\"2024-08-06T11:05:46+00:00\",\"mainEntityOfPage\":{\"@id\":\"https:\\\/\\\/www.eldiario.net\\\/portal\\\/2024\\\/08\\\/06\\\/presidente-anuncia-que-principal-lider-de-oposicion-sera-liberada\\\/\"},\"wordCount\":364,\"commentCount\":0,\"publisher\":{\"@id\":\"https:\\\/\\\/www.eldiario.net\\\/portal\\\/#organization\"},\"image\":{\"@id\":\"https:\\\/\\\/www.eldiario.net\\\/portal\\\/2024\\\/08\\\/06\\\/presidente-anuncia-que-principal-lider-de-oposicion-sera-liberada\\\/#primaryimage\"},\"thumbnailUrl\":\"https:\\\/\\\/www.eldiario.net\\\/portal\\\/wp-content\\\/uploads\\\/2024\\\/08\\\/Lider-opositora-EP.jpg\",\"articleSection\":[\"Internacional\"],\"inLanguage\":\"es\",\"potentialAction\":[{\"@type\":\"CommentAction\",\"name\":\"Comment\",\"target\":[\"https:\\\/\\\/www.eldiario.net\\\/portal\\\/2024\\\/08\\\/06\\\/presidente-anuncia-que-principal-lider-de-oposicion-sera-liberada\\\/#respond\"]}]},{\"@type\":\"WebPage\",\"@id\":\"https:\\\/\\\/www.eldiario.net\\\/portal\\\/2024\\\/08\\\/06\\\/presidente-anuncia-que-principal-lider-de-oposicion-sera-liberada\\\/\",\"url\":\"https:\\\/\\\/www.eldiario.net\\\/portal\\\/2024\\\/08\\\/06\\\/presidente-anuncia-que-principal-lider-de-oposicion-sera-liberada\\\/\",\"name\":\"Presidente anuncia que principal l\u00edder de oposici\u00f3n ser\u00e1 liberada - El Diario - Bolivia\",\"isPartOf\":{\"@id\":\"https:\\\/\\\/www.eldiario.net\\\/portal\\\/#website\"},\"primaryImageOfPage\":{\"@id\":\"https:\\\/\\\/www.eldiario.net\\\/portal\\\/2024\\\/08\\\/06\\\/presidente-anuncia-que-principal-lider-de-oposicion-sera-liberada\\\/#primaryimage\"},\"image\":{\"@id\":\"https:\\\/\\\/www.eldiario.net\\\/portal\\\/2024\\\/08\\\/06\\\/presidente-anuncia-que-principal-lider-de-oposicion-sera-liberada\\\/#primaryimage\"},\"thumbnailUrl\":\"https:\\\/\\\/www.eldiario.net\\\/portal\\\/wp-content\\\/uploads\\\/2024\\\/08\\\/Lider-opositora-EP.jpg\",\"datePublished\":\"2024-08-06T11:05:46+00:00\",\"breadcrumb\":{\"@id\":\"https:\\\/\\\/www.eldiario.net\\\/portal\\\/2024\\\/08\\\/06\\\/presidente-anuncia-que-principal-lider-de-oposicion-sera-liberada\\\/#breadcrumb\"},\"inLanguage\":\"es\",\"potentialAction\":[{\"@type\":\"ReadAction\",\"target\":[\"https:\\\/\\\/www.eldiario.net\\\/portal\\\/2024\\\/08\\\/06\\\/presidente-anuncia-que-principal-lider-de-oposicion-sera-liberada\\\/\"]}]},{\"@type\":\"ImageObject\",\"inLanguage\":\"es\",\"@id\":\"https:\\\/\\\/www.eldiario.net\\\/portal\\\/2024\\\/08\\\/06\\\/presidente-anuncia-que-principal-lider-de-oposicion-sera-liberada\\\/#primaryimage\",\"url\":\"https:\\\/\\\/www.eldiario.net\\\/portal\\\/wp-content\\\/uploads\\\/2024\\\/08\\\/Lider-opositora-EP.jpg\",\"contentUrl\":\"https:\\\/\\\/www.eldiario.net\\\/portal\\\/wp-content\\\/uploads\\\/2024\\\/08\\\/Lider-opositora-EP.jpg\",\"width\":1200,\"height\":800,\"caption\":\"La principal l\u00edder de oposici\u00f3n ser\u00e1 liberada en Bangladesh. CR\u00c9DITO: Europa Press\"},{\"@type\":\"BreadcrumbList\",\"@id\":\"https:\\\/\\\/www.eldiario.net\\\/portal\\\/2024\\\/08\\\/06\\\/presidente-anuncia-que-principal-lider-de-oposicion-sera-liberada\\\/#breadcrumb\",\"itemListElement\":[{\"@type\":\"ListItem\",\"position\":1,\"name\":\"Portada\",\"item\":\"https:\\\/\\\/www.eldiario.net\\\/portal\\\/\"},{\"@type\":\"ListItem\",\"position\":2,\"name\":\"Presidente anuncia que principal l\u00edder de oposici\u00f3n ser\u00e1 liberada\"}]},{\"@type\":\"WebSite\",\"@id\":\"https:\\\/\\\/www.eldiario.net\\\/portal\\\/#website\",\"url\":\"https:\\\/\\\/www.eldiario.net\\\/portal\\\/\",\"name\":\"El Diario - Decano de la prensa nacional\",\"description\":\"El Diario - Decano de la prensa nacional\",\"publisher\":{\"@id\":\"https:\\\/\\\/www.eldiario.net\\\/portal\\\/#organization\"},\"potentialAction\":[{\"@type\":\"SearchAction\",\"target\":{\"@type\":\"EntryPoint\",\"urlTemplate\":\"https:\\\/\\\/www.eldiario.net\\\/portal\\\/?s={search_term_string}\"},\"query-input\":{\"@type\":\"PropertyValueSpecification\",\"valueRequired\":true,\"valueName\":\"search_term_string\"}}],\"inLanguage\":\"es\"},{\"@type\":\"Organization\",\"@id\":\"https:\\\/\\\/www.eldiario.net\\\/portal\\\/#organization\",\"name\":\"El Diario - Decano de la prensa nacional\",\"url\":\"https:\\\/\\\/www.eldiario.net\\\/portal\\\/\",\"logo\":{\"@type\":\"ImageObject\",\"inLanguage\":\"es\",\"@id\":\"https:\\\/\\\/www.eldiario.net\\\/portal\\\/#\\\/schema\\\/logo\\\/image\\\/\",\"url\":\"https:\\\/\\\/www.eldiario.net\\\/portal\\\/wp-content\\\/uploads\\\/2023\\\/07\\\/logo_ED.jpg\",\"contentUrl\":\"https:\\\/\\\/www.eldiario.net\\\/portal\\\/wp-content\\\/uploads\\\/2023\\\/07\\\/logo_ED.jpg\",\"width\":272,\"height\":52,\"caption\":\"El Diario - Decano de la prensa nacional\"},\"image\":{\"@id\":\"https:\\\/\\\/www.eldiario.net\\\/portal\\\/#\\\/schema\\\/logo\\\/image\\\/\"},\"sameAs\":[\"https:\\\/\\\/www.facebook.com\\\/eldiario.bolivia\\\/\",\"https:\\\/\\\/x.com\\\/eldiario_net\"]},{\"@type\":\"Person\",\"@id\":\"https:\\\/\\\/www.eldiario.net\\\/portal\\\/#\\\/schema\\\/person\\\/f46445640444750d7d753ccd04ae01b7\",\"name\":\"Jeanette\",\"image\":{\"@type\":\"ImageObject\",\"inLanguage\":\"es\",\"@id\":\"https:\\\/\\\/secure.gravatar.com\\\/avatar\\\/3ea2118a5f7dad2b7138b1187a6b7ee55f160b9968b66013c3a3ef39dd7e5798?s=96&d=mm&r=g\",\"url\":\"https:\\\/\\\/secure.gravatar.com\\\/avatar\\\/3ea2118a5f7dad2b7138b1187a6b7ee55f160b9968b66013c3a3ef39dd7e5798?s=96&d=mm&r=g\",\"contentUrl\":\"https:\\\/\\\/secure.gravatar.com\\\/avatar\\\/3ea2118a5f7dad2b7138b1187a6b7ee55f160b9968b66013c3a3ef39dd7e5798?s=96&d=mm&r=g\",\"caption\":\"Jeanette\"},\"sameAs\":[\"https:\\\/\\\/www.eldiario.net\\\/portal\"],\"url\":\"https:\\\/\\\/www.eldiario.net\\\/portal\\\/author\\\/jeanette\\\/\"}]}<\/script>\n<!-- \/ Yoast SEO plugin. -->","yoast_head_json":{"title":"Presidente anuncia que principal l\u00edder de oposici\u00f3n ser\u00e1 liberada - El Diario - Bolivia","robots":{"index":"index","follow":"follow","max-snippet":"max-snippet:-1","max-image-preview":"max-image-preview:large","max-video-preview":"max-video-preview:-1"},"canonical":"https:\/\/www.eldiario.net\/portal\/2024\/08\/06\/presidente-anuncia-que-principal-lider-de-oposicion-sera-liberada\/","og_locale":"es_ES","og_type":"article","og_title":"Presidente anuncia que principal l\u00edder de oposici\u00f3n ser\u00e1 liberada - El Diario - Bolivia","og_description":"El presidente de Bangladesh, Mohamed Shahabuddin, anunci\u00f3 ayer que la l\u00edder del principal partido de la oposici\u00f3n, Begum Jaleda Zia, ser\u00e1 liberada poco despu\u00e9s de que la primera ministra del pa\u00eds, Sheij Hasina, haya huido del pa\u00eds para refugiarse en India en medio de las protestas antigubernamentales. La decisi\u00f3n se ha producido tras una reuni\u00f3n [&hellip;]","og_url":"https:\/\/www.eldiario.net\/portal\/2024\/08\/06\/presidente-anuncia-que-principal-lider-de-oposicion-sera-liberada\/","og_site_name":"El Diario - Bolivia","article_publisher":"https:\/\/www.facebook.com\/eldiario.bolivia\/","article_published_time":"2024-08-06T11:05:46+00:00","og_image":[{"width":1200,"height":800,"url":"https:\/\/www.eldiario.net\/portal\/wp-content\/uploads\/2024\/08\/Lider-opositora-EP.jpg","type":"image\/jpeg"}],"author":"Jeanette","twitter_card":"summary_large_image","twitter_creator":"@eldiario_net","twitter_site":"@eldiario_net","twitter_misc":{"Escrito por":"Jeanette","Tiempo de lectura":"2 minutos"},"schema":{"@context":"https:\/\/schema.org","@graph":[{"@type":"Article","@id":"https:\/\/www.eldiario.net\/portal\/2024\/08\/06\/presidente-anuncia-que-principal-lider-de-oposicion-sera-liberada\/#article","isPartOf":{"@id":"https:\/\/www.eldiario.net\/portal\/2024\/08\/06\/presidente-anuncia-que-principal-lider-de-oposicion-sera-liberada\/"},"author":{"name":"Jeanette","@id":"https:\/\/www.eldiario.net\/portal\/#\/schema\/person\/f46445640444750d7d753ccd04ae01b7"},"headline":"Presidente anuncia que principal l\u00edder de oposici\u00f3n ser\u00e1 liberada","datePublished":"2024-08-06T11:05:46+00:00","mainEntityOfPage":{"@id":"https:\/\/www.eldiario.net\/portal\/2024\/08\/06\/presidente-anuncia-que-principal-lider-de-oposicion-sera-liberada\/"},"wordCount":364,"commentCount":0,"publisher":{"@id":"https:\/\/www.eldiario.net\/portal\/#organization"},"image":{"@id":"https:\/\/www.eldiario.net\/portal\/2024\/08\/06\/presidente-anuncia-que-principal-lider-de-oposicion-sera-liberada\/#primaryimage"},"thumbnailUrl":"https:\/\/www.eldiario.net\/portal\/wp-content\/uploads\/2024\/08\/Lider-opositora-EP.jpg","articleSection":["Internacional"],"inLanguage":"es","potentialAction":[{"@type":"CommentAction","name":"Comment","target":["https:\/\/www.eldiario.net\/portal\/2024\/08\/06\/presidente-anuncia-que-principal-lider-de-oposicion-sera-liberada\/#respond"]}]},{"@type":"WebPage","@id":"https:\/\/www.eldiario.net\/portal\/2024\/08\/06\/presidente-anuncia-que-principal-lider-de-oposicion-sera-liberada\/","url":"https:\/\/www.eldiario.net\/portal\/2024\/08\/06\/presidente-anuncia-que-principal-lider-de-oposicion-sera-liberada\/","name":"Presidente anuncia que principal l\u00edder de oposici\u00f3n ser\u00e1 liberada - El Diario - Bolivia","isPartOf":{"@id":"https:\/\/www.eldiario.net\/portal\/#website"},"primaryImageOfPage":{"@id":"https:\/\/www.eldiario.net\/portal\/2024\/08\/06\/presidente-anuncia-que-principal-lider-de-oposicion-sera-liberada\/#primaryimage"},"image":{"@id":"https:\/\/www.eldiario.net\/portal\/2024\/08\/06\/presidente-anuncia-que-principal-lider-de-oposicion-sera-liberada\/#primaryimage"},"thumbnailUrl":"https:\/\/www.eldiario.net\/portal\/wp-content\/uploads\/2024\/08\/Lider-opositora-EP.jpg","datePublished":"2024-08-06T11:05:46+00:00","breadcrumb":{"@id":"https:\/\/www.eldiario.net\/portal\/2024\/08\/06\/presidente-anuncia-que-principal-lider-de-oposicion-sera-liberada\/#breadcrumb"},"inLanguage":"es","potentialAction":[{"@type":"ReadAction","target":["https:\/\/www.eldiario.net\/portal\/2024\/08\/06\/presidente-anuncia-que-principal-lider-de-oposicion-sera-liberada\/"]}]},{"@type":"ImageObject","inLanguage":"es","@id":"https:\/\/www.eldiario.net\/portal\/2024\/08\/06\/presidente-anuncia-que-principal-lider-de-oposicion-sera-liberada\/#primaryimage","url":"https:\/\/www.eldiario.net\/portal\/wp-content\/uploads\/2024\/08\/Lider-opositora-EP.jpg","contentUrl":"https:\/\/www.eldiario.net\/portal\/wp-content\/uploads\/2024\/08\/Lider-opositora-EP.jpg","width":1200,"height":800,"caption":"La principal l\u00edder de oposici\u00f3n ser\u00e1 liberada en Bangladesh. CR\u00c9DITO: Europa Press"},{"@type":"BreadcrumbList","@id":"https:\/\/www.eldiario.net\/portal\/2024\/08\/06\/presidente-anuncia-que-principal-lider-de-oposicion-sera-liberada\/#breadcrumb","itemListElement":[{"@type":"ListItem","position":1,"name":"Portada","item":"https:\/\/www.eldiario.net\/portal\/"},{"@type":"ListItem","position":2,"name":"Presidente anuncia que principal l\u00edder de oposici\u00f3n ser\u00e1 liberada"}]},{"@type":"WebSite","@id":"https:\/\/www.eldiario.net\/portal\/#website","url":"https:\/\/www.eldiario.net\/portal\/","name":"El Diario - Decano de la prensa nacional","description":"El Diario - Decano de la prensa nacional","publisher":{"@id":"https:\/\/www.eldiario.net\/portal\/#organization"},"potentialAction":[{"@type":"SearchAction","target":{"@type":"EntryPoint","urlTemplate":"https:\/\/www.eldiario.net\/portal\/?s={search_term_string}"},"query-input":{"@type":"PropertyValueSpecification","valueRequired":true,"valueName":"search_term_string"}}],"inLanguage":"es"},{"@type":"Organization","@id":"https:\/\/www.eldiario.net\/portal\/#organization","name":"El Diario - Decano de la prensa nacional","url":"https:\/\/www.eldiario.net\/portal\/","logo":{"@type":"ImageObject","inLanguage":"es","@id":"https:\/\/www.eldiario.net\/portal\/#\/schema\/logo\/image\/","url":"https:\/\/www.eldiario.net\/portal\/wp-content\/uploads\/2023\/07\/logo_ED.jpg","contentUrl":"https:\/\/www.eldiario.net\/portal\/wp-content\/uploads\/2023\/07\/logo_ED.jpg","width":272,"height":52,"caption":"El Diario - Decano de la prensa nacional"},"image":{"@id":"https:\/\/www.eldiario.net\/portal\/#\/schema\/logo\/image\/"},"sameAs":["https:\/\/www.facebook.com\/eldiario.bolivia\/","https:\/\/x.com\/eldiario_net"]},{"@type":"Person","@id":"https:\/\/www.eldiario.net\/portal\/#\/schema\/person\/f46445640444750d7d753ccd04ae01b7","name":"Jeanette","image":{"@type":"ImageObject","inLanguage":"es","@id":"https:\/\/secure.gravatar.com\/avatar\/3ea2118a5f7dad2b7138b1187a6b7ee55f160b9968b66013c3a3ef39dd7e5798?s=96&d=mm&r=g","url":"https:\/\/secure.gravatar.com\/avatar\/3ea2118a5f7dad2b7138b1187a6b7ee55f160b9968b66013c3a3ef39dd7e5798?s=96&d=mm&r=g","contentUrl":"https:\/\/secure.gravatar.com\/avatar\/3ea2118a5f7dad2b7138b1187a6b7ee55f160b9968b66013c3a3ef39dd7e5798?s=96&d=mm&r=g","caption":"Jeanette"},"sameAs":["https:\/\/www.eldiario.net\/portal"],"url":"https:\/\/www.eldiario.net\/portal\/author\/jeanette\/"}]}},"_links":{"self":[{"href":"https:\/\/www.eldiario.net\/portal\/wp-json\/wp\/v2\/posts\/238978","targetHints":{"allow":["GET"]}}],"collection":[{"href":"https:\/\/www.eldiario.net\/portal\/wp-json\/wp\/v2\/posts"}],"about":[{"href":"https:\/\/www.eldiario.net\/portal\/wp-json\/wp\/v2\/types\/post"}],"author":[{"embeddable":true,"href":"https:\/\/www.eldiario.net\/portal\/wp-json\/wp\/v2\/users\/1"}],"replies":[{"embeddable":true,"href":"https:\/\/www.eldiario.net\/portal\/wp-json\/wp\/v2\/comments?post=238978"}],"version-history":[{"count":1,"href":"https:\/\/www.eldiario.net\/portal\/wp-json\/wp\/v2\/posts\/238978\/revisions"}],"predecessor-version":[{"id":238980,"href":"https:\/\/www.eldiario.net\/portal\/wp-json\/wp\/v2\/posts\/238978\/revisions\/238980"}],"wp:featuredmedia":[{"embeddable":true,"href":"https:\/\/www.eldiario.net\/portal\/wp-json\/wp\/v2\/media\/238979"}],"wp:attachment":[{"href":"https:\/\/www.eldiario.net\/portal\/wp-json\/wp\/v2\/media?parent=238978"}],"wp:term":[{"taxonomy":"category","embeddable":true,"href":"https:\/\/www.eldiario.net\/portal\/wp-json\/wp\/v2\/categories?post=238978"},{"taxonomy":"post_tag","embeddable":true,"href":"https:\/\/www.eldiario.net\/portal\/wp-json\/wp\/v2\/tags?post=238978"}],"curies":[{"name":"wp","href":"https:\/\/api.w.org\/{rel}","templated":true}]}}