{"id":238975,"date":"2024-08-06T07:04:40","date_gmt":"2024-08-06T11:04:40","guid":{"rendered":"https:\/\/www.eldiario.net\/portal\/?p=238975"},"modified":"2024-08-06T07:04:40","modified_gmt":"2024-08-06T11:04:40","slug":"la-policia-britanica-eleva-a-casi-400-los-detenidos-por-disturbios","status":"publish","type":"post","link":"https:\/\/www.eldiario.net\/portal\/2024\/08\/06\/la-policia-britanica-eleva-a-casi-400-los-detenidos-por-disturbios\/","title":{"rendered":"La Polic\u00eda brit\u00e1nica eleva a casi  400 los detenidos por disturbios"},"content":{"rendered":"<p class=\"v1MsoNormal\">El inspector jefe del Consejo de Jefes de la Polic\u00eda brit\u00e1nica, Gavin Stephens, inform\u00f3 que son 378 los detenidos en la \u00faltima semana relacionados con los disturbios provocados por la extrema derecha en Reino Unido. Asimismo, reportaron, tres polic\u00edas heridos en enfrentamientos con ultraderechistas en Plymouth.<\/p>\n<p class=\"v1MsoNormal\">\u00abLas fuerzas policiales siguen identificando a los implicados y contin\u00faan deteniendo a los responsables\u00bb, sostuvo en declaraciones recogidas por la cadena brit\u00e1nica BBC.<\/p>\n<p class=\"v1MsoNormal\">Los agentes est\u00e1n \u00abtrabajando muchas horas para conseguirlo\u00bb, explic\u00f3. \u00abQuiero garantizar a la poblaci\u00f3n que hay una respuesta policial unida y robusta en todo el pa\u00eds. Estamos haciendo todo posible para enfrentar estos des\u00f3rdenes y que est\u00e9is a salvo\u00bb, enfatiz\u00f3.<\/p>\n<p class=\"v1MsoNormal\">\u00abSe ha pedido a todas las fuerzas policiales que no solo se incremente el n\u00famero de recursos especiales en cada zona, sino que contribuyan a las reservas regionales que se coordinan a nivel nacional\u00bb, dijo.<\/p>\n<p class=\"v1MsoNormal\">En la \u00faltima semana se ha producido una ola de disturbios y protestas ultraderechistas y antiinmigraci\u00f3n en varias ciudades brit\u00e1nicas en protesta por el apu\u00f1alamiento mortal de tres ni\u00f1as en Southport el pasado lunes, atribuido falsamente a un extranjero.<\/p>\n<p class=\"v1MsoNormal\">\n<p class=\"v1MsoNormal\">TRES POLIC\u00cdAS HERIDOS<\/p>\n<p class=\"v1MsoNormal\">Tres agentes han resultado heridos tras un nuevo brote de violencia en la ciudad brit\u00e1nica de Plymouth registrado ayer, en el marco de las protestas y disturbios protagonizados por ultraderechistas.<\/p>\n<p class=\"v1MsoNormal\">Algunos de los manifestantes de ultraderecha han buscado un punto d\u00e9bil en la cadena de agentes levantada para separarlos de los activistas de Levant\u00e9monos Contra el Racismo y finalmente tomaron por sorpresa a los agentes y comenz\u00f3 la violencia.<\/p>\n<p class=\"v1MsoNormal\">Los simpatizantes ultraderechistas han lanzado objetos contra los agentes y se han enfrentado cuerpo a cuerpo con ellos, seg\u00fan recoge la televisi\u00f3n brit\u00e1nica Sky News. \u00abVarias personas han recibido impactos de piedras del tama\u00f1o de mi pu\u00f1o\u00bb, relat\u00f3 un corresponsal de la televisi\u00f3n brit\u00e1nica.<\/p>\n<p class=\"v1MsoNormal\">La Polic\u00eda hab\u00eda desplegado un importante n\u00famero de agentes con perros para intentar mantener a ambas partes separadas en el marco de la ola de disturbios y protestas ultraderechistas y antiinmigraci\u00f3n registradas a lo largo los \u00faltimos d\u00edas en varias ciudades en protesta por el apu\u00f1alamiento mortal de tres ni\u00f1as en Southport el pasado lunes, atribuido falsamente a un extranjero. (Europa Press)<\/p>\n","protected":false},"excerpt":{"rendered":"<p>El inspector jefe del Consejo de Jefes de la Polic\u00eda brit\u00e1nica, Gavin Stephens, inform\u00f3 que son 378 los detenidos en la \u00faltima semana relacionados con los disturbios provocados por la extrema derecha en Reino Unido. Asimismo, reportaron, tres polic\u00edas heridos en enfrentamientos con ultraderechistas en Plymouth. \u00abLas fuerzas policiales siguen identificando a los implicados y [&hellip;]<\/p>\n","protected":false},"author":1,"featured_media":238976,"comment_status":"open","ping_status":"open","sticky":false,"template":"","format":"standard","meta":{"_acf_changed":false,"footnotes":""},"categories":[3],"tags":[],"class_list":["post-238975","post","type-post","status-publish","format-standard","has-post-thumbnail","category-internacional"],"acf":{"antetitulo":"Reino Unido"},"yoast_head":"<!-- This site is optimized with the Yoast SEO plugin v28.3 - https:\/\/yoast.com\/product\/yoast-seo-wordpress\/ -->\n<title>La Polic\u00eda brit\u00e1nica eleva a casi 400 los detenidos por disturbios - El Diario - Bolivia<\/title>\n<meta name=\"robots\" content=\"index, follow, max-snippet:-1, max-image-preview:large, max-video-preview:-1\" \/>\n<link rel=\"canonical\" href=\"https:\/\/www.eldiario.net\/portal\/2024\/08\/06\/la-policia-britanica-eleva-a-casi-400-los-detenidos-por-disturbios\/\" \/>\n<meta property=\"og:locale\" content=\"es_ES\" \/>\n<meta property=\"og:type\" content=\"article\" \/>\n<meta property=\"og:title\" content=\"La Polic\u00eda brit\u00e1nica eleva a casi 400 los detenidos por disturbios - El Diario - Bolivia\" \/>\n<meta property=\"og:description\" content=\"El inspector jefe del Consejo de Jefes de la Polic\u00eda brit\u00e1nica, Gavin Stephens, inform\u00f3 que son 378 los detenidos en la \u00faltima semana relacionados con los disturbios provocados por la extrema derecha en Reino Unido. Asimismo, reportaron, tres polic\u00edas heridos en enfrentamientos con ultraderechistas en Plymouth. \u00abLas fuerzas policiales siguen identificando a los implicados y [&hellip;]\" \/>\n<meta property=\"og:url\" content=\"https:\/\/www.eldiario.net\/portal\/2024\/08\/06\/la-policia-britanica-eleva-a-casi-400-los-detenidos-por-disturbios\/\" \/>\n<meta property=\"og:site_name\" content=\"El Diario - Bolivia\" \/>\n<meta property=\"article:publisher\" content=\"https:\/\/www.facebook.com\/eldiario.bolivia\/\" \/>\n<meta property=\"article:published_time\" content=\"2024-08-06T11:04:40+00:00\" \/>\n<meta property=\"og:image\" content=\"https:\/\/www.eldiario.net\/portal\/wp-content\/uploads\/2024\/08\/Britanicos-.jpg\" \/>\n\t<meta property=\"og:image:width\" content=\"1107\" \/>\n\t<meta property=\"og:image:height\" content=\"483\" \/>\n\t<meta property=\"og:image:type\" content=\"image\/jpeg\" \/>\n<meta name=\"author\" content=\"Jeanette\" \/>\n<meta name=\"twitter:card\" content=\"summary_large_image\" \/>\n<meta name=\"twitter:creator\" content=\"@eldiario_net\" \/>\n<meta name=\"twitter:site\" content=\"@eldiario_net\" \/>\n<meta name=\"twitter:label1\" content=\"Escrito por\" \/>\n\t<meta name=\"twitter:data1\" content=\"Jeanette\" \/>\n\t<meta name=\"twitter:label2\" content=\"Tiempo de lectura\" \/>\n\t<meta name=\"twitter:data2\" content=\"2 minutos\" \/>\n<script type=\"application\/ld+json\" class=\"yoast-schema-graph\">{\"@context\":\"https:\\\/\\\/schema.org\",\"@graph\":[{\"@type\":\"Article\",\"@id\":\"https:\\\/\\\/www.eldiario.net\\\/portal\\\/2024\\\/08\\\/06\\\/la-policia-britanica-eleva-a-casi-400-los-detenidos-por-disturbios\\\/#article\",\"isPartOf\":{\"@id\":\"https:\\\/\\\/www.eldiario.net\\\/portal\\\/2024\\\/08\\\/06\\\/la-policia-britanica-eleva-a-casi-400-los-detenidos-por-disturbios\\\/\"},\"author\":{\"name\":\"Jeanette\",\"@id\":\"https:\\\/\\\/www.eldiario.net\\\/portal\\\/#\\\/schema\\\/person\\\/f46445640444750d7d753ccd04ae01b7\"},\"headline\":\"La Polic\u00eda brit\u00e1nica eleva a casi 400 los detenidos por disturbios\",\"datePublished\":\"2024-08-06T11:04:40+00:00\",\"mainEntityOfPage\":{\"@id\":\"https:\\\/\\\/www.eldiario.net\\\/portal\\\/2024\\\/08\\\/06\\\/la-policia-britanica-eleva-a-casi-400-los-detenidos-por-disturbios\\\/\"},\"wordCount\":405,\"commentCount\":0,\"publisher\":{\"@id\":\"https:\\\/\\\/www.eldiario.net\\\/portal\\\/#organization\"},\"image\":{\"@id\":\"https:\\\/\\\/www.eldiario.net\\\/portal\\\/2024\\\/08\\\/06\\\/la-policia-britanica-eleva-a-casi-400-los-detenidos-por-disturbios\\\/#primaryimage\"},\"thumbnailUrl\":\"https:\\\/\\\/www.eldiario.net\\\/portal\\\/wp-content\\\/uploads\\\/2024\\\/08\\\/Britanicos-.jpg\",\"articleSection\":[\"Internacional\"],\"inLanguage\":\"es\",\"potentialAction\":[{\"@type\":\"CommentAction\",\"name\":\"Comment\",\"target\":[\"https:\\\/\\\/www.eldiario.net\\\/portal\\\/2024\\\/08\\\/06\\\/la-policia-britanica-eleva-a-casi-400-los-detenidos-por-disturbios\\\/#respond\"]}]},{\"@type\":\"WebPage\",\"@id\":\"https:\\\/\\\/www.eldiario.net\\\/portal\\\/2024\\\/08\\\/06\\\/la-policia-britanica-eleva-a-casi-400-los-detenidos-por-disturbios\\\/\",\"url\":\"https:\\\/\\\/www.eldiario.net\\\/portal\\\/2024\\\/08\\\/06\\\/la-policia-britanica-eleva-a-casi-400-los-detenidos-por-disturbios\\\/\",\"name\":\"La Polic\u00eda brit\u00e1nica eleva a casi 400 los detenidos por disturbios - El Diario - Bolivia\",\"isPartOf\":{\"@id\":\"https:\\\/\\\/www.eldiario.net\\\/portal\\\/#website\"},\"primaryImageOfPage\":{\"@id\":\"https:\\\/\\\/www.eldiario.net\\\/portal\\\/2024\\\/08\\\/06\\\/la-policia-britanica-eleva-a-casi-400-los-detenidos-por-disturbios\\\/#primaryimage\"},\"image\":{\"@id\":\"https:\\\/\\\/www.eldiario.net\\\/portal\\\/2024\\\/08\\\/06\\\/la-policia-britanica-eleva-a-casi-400-los-detenidos-por-disturbios\\\/#primaryimage\"},\"thumbnailUrl\":\"https:\\\/\\\/www.eldiario.net\\\/portal\\\/wp-content\\\/uploads\\\/2024\\\/08\\\/Britanicos-.jpg\",\"datePublished\":\"2024-08-06T11:04:40+00:00\",\"breadcrumb\":{\"@id\":\"https:\\\/\\\/www.eldiario.net\\\/portal\\\/2024\\\/08\\\/06\\\/la-policia-britanica-eleva-a-casi-400-los-detenidos-por-disturbios\\\/#breadcrumb\"},\"inLanguage\":\"es\",\"potentialAction\":[{\"@type\":\"ReadAction\",\"target\":[\"https:\\\/\\\/www.eldiario.net\\\/portal\\\/2024\\\/08\\\/06\\\/la-policia-britanica-eleva-a-casi-400-los-detenidos-por-disturbios\\\/\"]}]},{\"@type\":\"ImageObject\",\"inLanguage\":\"es\",\"@id\":\"https:\\\/\\\/www.eldiario.net\\\/portal\\\/2024\\\/08\\\/06\\\/la-policia-britanica-eleva-a-casi-400-los-detenidos-por-disturbios\\\/#primaryimage\",\"url\":\"https:\\\/\\\/www.eldiario.net\\\/portal\\\/wp-content\\\/uploads\\\/2024\\\/08\\\/Britanicos-.jpg\",\"contentUrl\":\"https:\\\/\\\/www.eldiario.net\\\/portal\\\/wp-content\\\/uploads\\\/2024\\\/08\\\/Britanicos-.jpg\",\"width\":1107,\"height\":483,\"caption\":\"Ola de disturbios y protestas ultraderechistas y antiinmigraci\u00f3n en Southport, Reino Unido. CR\u00c9DITO: Getty Images\"},{\"@type\":\"BreadcrumbList\",\"@id\":\"https:\\\/\\\/www.eldiario.net\\\/portal\\\/2024\\\/08\\\/06\\\/la-policia-britanica-eleva-a-casi-400-los-detenidos-por-disturbios\\\/#breadcrumb\",\"itemListElement\":[{\"@type\":\"ListItem\",\"position\":1,\"name\":\"Portada\",\"item\":\"https:\\\/\\\/www.eldiario.net\\\/portal\\\/\"},{\"@type\":\"ListItem\",\"position\":2,\"name\":\"La Polic\u00eda brit\u00e1nica eleva a casi 400 los detenidos por disturbios\"}]},{\"@type\":\"WebSite\",\"@id\":\"https:\\\/\\\/www.eldiario.net\\\/portal\\\/#website\",\"url\":\"https:\\\/\\\/www.eldiario.net\\\/portal\\\/\",\"name\":\"El Diario - Decano de la prensa nacional\",\"description\":\"El Diario - Decano de la prensa nacional\",\"publisher\":{\"@id\":\"https:\\\/\\\/www.eldiario.net\\\/portal\\\/#organization\"},\"potentialAction\":[{\"@type\":\"SearchAction\",\"target\":{\"@type\":\"EntryPoint\",\"urlTemplate\":\"https:\\\/\\\/www.eldiario.net\\\/portal\\\/?s={search_term_string}\"},\"query-input\":{\"@type\":\"PropertyValueSpecification\",\"valueRequired\":true,\"valueName\":\"search_term_string\"}}],\"inLanguage\":\"es\"},{\"@type\":\"Organization\",\"@id\":\"https:\\\/\\\/www.eldiario.net\\\/portal\\\/#organization\",\"name\":\"El Diario - Decano de la prensa nacional\",\"url\":\"https:\\\/\\\/www.eldiario.net\\\/portal\\\/\",\"logo\":{\"@type\":\"ImageObject\",\"inLanguage\":\"es\",\"@id\":\"https:\\\/\\\/www.eldiario.net\\\/portal\\\/#\\\/schema\\\/logo\\\/image\\\/\",\"url\":\"https:\\\/\\\/www.eldiario.net\\\/portal\\\/wp-content\\\/uploads\\\/2023\\\/07\\\/logo_ED.jpg\",\"contentUrl\":\"https:\\\/\\\/www.eldiario.net\\\/portal\\\/wp-content\\\/uploads\\\/2023\\\/07\\\/logo_ED.jpg\",\"width\":272,\"height\":52,\"caption\":\"El Diario - Decano de la prensa nacional\"},\"image\":{\"@id\":\"https:\\\/\\\/www.eldiario.net\\\/portal\\\/#\\\/schema\\\/logo\\\/image\\\/\"},\"sameAs\":[\"https:\\\/\\\/www.facebook.com\\\/eldiario.bolivia\\\/\",\"https:\\\/\\\/x.com\\\/eldiario_net\"]},{\"@type\":\"Person\",\"@id\":\"https:\\\/\\\/www.eldiario.net\\\/portal\\\/#\\\/schema\\\/person\\\/f46445640444750d7d753ccd04ae01b7\",\"name\":\"Jeanette\",\"image\":{\"@type\":\"ImageObject\",\"inLanguage\":\"es\",\"@id\":\"https:\\\/\\\/secure.gravatar.com\\\/avatar\\\/3ea2118a5f7dad2b7138b1187a6b7ee55f160b9968b66013c3a3ef39dd7e5798?s=96&d=mm&r=g\",\"url\":\"https:\\\/\\\/secure.gravatar.com\\\/avatar\\\/3ea2118a5f7dad2b7138b1187a6b7ee55f160b9968b66013c3a3ef39dd7e5798?s=96&d=mm&r=g\",\"contentUrl\":\"https:\\\/\\\/secure.gravatar.com\\\/avatar\\\/3ea2118a5f7dad2b7138b1187a6b7ee55f160b9968b66013c3a3ef39dd7e5798?s=96&d=mm&r=g\",\"caption\":\"Jeanette\"},\"sameAs\":[\"https:\\\/\\\/www.eldiario.net\\\/portal\"],\"url\":\"https:\\\/\\\/www.eldiario.net\\\/portal\\\/author\\\/jeanette\\\/\"}]}<\/script>\n<!-- \/ Yoast SEO plugin. -->","yoast_head_json":{"title":"La Polic\u00eda brit\u00e1nica eleva a casi 400 los detenidos por disturbios - El Diario - Bolivia","robots":{"index":"index","follow":"follow","max-snippet":"max-snippet:-1","max-image-preview":"max-image-preview:large","max-video-preview":"max-video-preview:-1"},"canonical":"https:\/\/www.eldiario.net\/portal\/2024\/08\/06\/la-policia-britanica-eleva-a-casi-400-los-detenidos-por-disturbios\/","og_locale":"es_ES","og_type":"article","og_title":"La Polic\u00eda brit\u00e1nica eleva a casi 400 los detenidos por disturbios - El Diario - Bolivia","og_description":"El inspector jefe del Consejo de Jefes de la Polic\u00eda brit\u00e1nica, Gavin Stephens, inform\u00f3 que son 378 los detenidos en la \u00faltima semana relacionados con los disturbios provocados por la extrema derecha en Reino Unido. Asimismo, reportaron, tres polic\u00edas heridos en enfrentamientos con ultraderechistas en Plymouth. \u00abLas fuerzas policiales siguen identificando a los implicados y [&hellip;]","og_url":"https:\/\/www.eldiario.net\/portal\/2024\/08\/06\/la-policia-britanica-eleva-a-casi-400-los-detenidos-por-disturbios\/","og_site_name":"El Diario - Bolivia","article_publisher":"https:\/\/www.facebook.com\/eldiario.bolivia\/","article_published_time":"2024-08-06T11:04:40+00:00","og_image":[{"width":1107,"height":483,"url":"https:\/\/www.eldiario.net\/portal\/wp-content\/uploads\/2024\/08\/Britanicos-.jpg","type":"image\/jpeg"}],"author":"Jeanette","twitter_card":"summary_large_image","twitter_creator":"@eldiario_net","twitter_site":"@eldiario_net","twitter_misc":{"Escrito por":"Jeanette","Tiempo de lectura":"2 minutos"},"schema":{"@context":"https:\/\/schema.org","@graph":[{"@type":"Article","@id":"https:\/\/www.eldiario.net\/portal\/2024\/08\/06\/la-policia-britanica-eleva-a-casi-400-los-detenidos-por-disturbios\/#article","isPartOf":{"@id":"https:\/\/www.eldiario.net\/portal\/2024\/08\/06\/la-policia-britanica-eleva-a-casi-400-los-detenidos-por-disturbios\/"},"author":{"name":"Jeanette","@id":"https:\/\/www.eldiario.net\/portal\/#\/schema\/person\/f46445640444750d7d753ccd04ae01b7"},"headline":"La Polic\u00eda brit\u00e1nica eleva a casi 400 los detenidos por disturbios","datePublished":"2024-08-06T11:04:40+00:00","mainEntityOfPage":{"@id":"https:\/\/www.eldiario.net\/portal\/2024\/08\/06\/la-policia-britanica-eleva-a-casi-400-los-detenidos-por-disturbios\/"},"wordCount":405,"commentCount":0,"publisher":{"@id":"https:\/\/www.eldiario.net\/portal\/#organization"},"image":{"@id":"https:\/\/www.eldiario.net\/portal\/2024\/08\/06\/la-policia-britanica-eleva-a-casi-400-los-detenidos-por-disturbios\/#primaryimage"},"thumbnailUrl":"https:\/\/www.eldiario.net\/portal\/wp-content\/uploads\/2024\/08\/Britanicos-.jpg","articleSection":["Internacional"],"inLanguage":"es","potentialAction":[{"@type":"CommentAction","name":"Comment","target":["https:\/\/www.eldiario.net\/portal\/2024\/08\/06\/la-policia-britanica-eleva-a-casi-400-los-detenidos-por-disturbios\/#respond"]}]},{"@type":"WebPage","@id":"https:\/\/www.eldiario.net\/portal\/2024\/08\/06\/la-policia-britanica-eleva-a-casi-400-los-detenidos-por-disturbios\/","url":"https:\/\/www.eldiario.net\/portal\/2024\/08\/06\/la-policia-britanica-eleva-a-casi-400-los-detenidos-por-disturbios\/","name":"La Polic\u00eda brit\u00e1nica eleva a casi 400 los detenidos por disturbios - El Diario - Bolivia","isPartOf":{"@id":"https:\/\/www.eldiario.net\/portal\/#website"},"primaryImageOfPage":{"@id":"https:\/\/www.eldiario.net\/portal\/2024\/08\/06\/la-policia-britanica-eleva-a-casi-400-los-detenidos-por-disturbios\/#primaryimage"},"image":{"@id":"https:\/\/www.eldiario.net\/portal\/2024\/08\/06\/la-policia-britanica-eleva-a-casi-400-los-detenidos-por-disturbios\/#primaryimage"},"thumbnailUrl":"https:\/\/www.eldiario.net\/portal\/wp-content\/uploads\/2024\/08\/Britanicos-.jpg","datePublished":"2024-08-06T11:04:40+00:00","breadcrumb":{"@id":"https:\/\/www.eldiario.net\/portal\/2024\/08\/06\/la-policia-britanica-eleva-a-casi-400-los-detenidos-por-disturbios\/#breadcrumb"},"inLanguage":"es","potentialAction":[{"@type":"ReadAction","target":["https:\/\/www.eldiario.net\/portal\/2024\/08\/06\/la-policia-britanica-eleva-a-casi-400-los-detenidos-por-disturbios\/"]}]},{"@type":"ImageObject","inLanguage":"es","@id":"https:\/\/www.eldiario.net\/portal\/2024\/08\/06\/la-policia-britanica-eleva-a-casi-400-los-detenidos-por-disturbios\/#primaryimage","url":"https:\/\/www.eldiario.net\/portal\/wp-content\/uploads\/2024\/08\/Britanicos-.jpg","contentUrl":"https:\/\/www.eldiario.net\/portal\/wp-content\/uploads\/2024\/08\/Britanicos-.jpg","width":1107,"height":483,"caption":"Ola de disturbios y protestas ultraderechistas y antiinmigraci\u00f3n en Southport, Reino Unido. CR\u00c9DITO: Getty Images"},{"@type":"BreadcrumbList","@id":"https:\/\/www.eldiario.net\/portal\/2024\/08\/06\/la-policia-britanica-eleva-a-casi-400-los-detenidos-por-disturbios\/#breadcrumb","itemListElement":[{"@type":"ListItem","position":1,"name":"Portada","item":"https:\/\/www.eldiario.net\/portal\/"},{"@type":"ListItem","position":2,"name":"La Polic\u00eda brit\u00e1nica eleva a casi 400 los detenidos por disturbios"}]},{"@type":"WebSite","@id":"https:\/\/www.eldiario.net\/portal\/#website","url":"https:\/\/www.eldiario.net\/portal\/","name":"El Diario - Decano de la prensa nacional","description":"El Diario - Decano de la prensa nacional","publisher":{"@id":"https:\/\/www.eldiario.net\/portal\/#organization"},"potentialAction":[{"@type":"SearchAction","target":{"@type":"EntryPoint","urlTemplate":"https:\/\/www.eldiario.net\/portal\/?s={search_term_string}"},"query-input":{"@type":"PropertyValueSpecification","valueRequired":true,"valueName":"search_term_string"}}],"inLanguage":"es"},{"@type":"Organization","@id":"https:\/\/www.eldiario.net\/portal\/#organization","name":"El Diario - Decano de la prensa nacional","url":"https:\/\/www.eldiario.net\/portal\/","logo":{"@type":"ImageObject","inLanguage":"es","@id":"https:\/\/www.eldiario.net\/portal\/#\/schema\/logo\/image\/","url":"https:\/\/www.eldiario.net\/portal\/wp-content\/uploads\/2023\/07\/logo_ED.jpg","contentUrl":"https:\/\/www.eldiario.net\/portal\/wp-content\/uploads\/2023\/07\/logo_ED.jpg","width":272,"height":52,"caption":"El Diario - Decano de la prensa nacional"},"image":{"@id":"https:\/\/www.eldiario.net\/portal\/#\/schema\/logo\/image\/"},"sameAs":["https:\/\/www.facebook.com\/eldiario.bolivia\/","https:\/\/x.com\/eldiario_net"]},{"@type":"Person","@id":"https:\/\/www.eldiario.net\/portal\/#\/schema\/person\/f46445640444750d7d753ccd04ae01b7","name":"Jeanette","image":{"@type":"ImageObject","inLanguage":"es","@id":"https:\/\/secure.gravatar.com\/avatar\/3ea2118a5f7dad2b7138b1187a6b7ee55f160b9968b66013c3a3ef39dd7e5798?s=96&d=mm&r=g","url":"https:\/\/secure.gravatar.com\/avatar\/3ea2118a5f7dad2b7138b1187a6b7ee55f160b9968b66013c3a3ef39dd7e5798?s=96&d=mm&r=g","contentUrl":"https:\/\/secure.gravatar.com\/avatar\/3ea2118a5f7dad2b7138b1187a6b7ee55f160b9968b66013c3a3ef39dd7e5798?s=96&d=mm&r=g","caption":"Jeanette"},"sameAs":["https:\/\/www.eldiario.net\/portal"],"url":"https:\/\/www.eldiario.net\/portal\/author\/jeanette\/"}]}},"_links":{"self":[{"href":"https:\/\/www.eldiario.net\/portal\/wp-json\/wp\/v2\/posts\/238975","targetHints":{"allow":["GET"]}}],"collection":[{"href":"https:\/\/www.eldiario.net\/portal\/wp-json\/wp\/v2\/posts"}],"about":[{"href":"https:\/\/www.eldiario.net\/portal\/wp-json\/wp\/v2\/types\/post"}],"author":[{"embeddable":true,"href":"https:\/\/www.eldiario.net\/portal\/wp-json\/wp\/v2\/users\/1"}],"replies":[{"embeddable":true,"href":"https:\/\/www.eldiario.net\/portal\/wp-json\/wp\/v2\/comments?post=238975"}],"version-history":[{"count":1,"href":"https:\/\/www.eldiario.net\/portal\/wp-json\/wp\/v2\/posts\/238975\/revisions"}],"predecessor-version":[{"id":238977,"href":"https:\/\/www.eldiario.net\/portal\/wp-json\/wp\/v2\/posts\/238975\/revisions\/238977"}],"wp:featuredmedia":[{"embeddable":true,"href":"https:\/\/www.eldiario.net\/portal\/wp-json\/wp\/v2\/media\/238976"}],"wp:attachment":[{"href":"https:\/\/www.eldiario.net\/portal\/wp-json\/wp\/v2\/media?parent=238975"}],"wp:term":[{"taxonomy":"category","embeddable":true,"href":"https:\/\/www.eldiario.net\/portal\/wp-json\/wp\/v2\/categories?post=238975"},{"taxonomy":"post_tag","embeddable":true,"href":"https:\/\/www.eldiario.net\/portal\/wp-json\/wp\/v2\/tags?post=238975"}],"curies":[{"name":"wp","href":"https:\/\/api.w.org\/{rel}","templated":true}]}}