{"id":238972,"date":"2024-08-06T07:03:53","date_gmt":"2024-08-06T11:03:53","guid":{"rendered":"https:\/\/www.eldiario.net\/portal\/?p=238972"},"modified":"2024-08-06T07:03:53","modified_gmt":"2024-08-06T11:03:53","slug":"brasil-asume-representacion-consular-de-argentina-y-peru-en-venezuela","status":"publish","type":"post","link":"https:\/\/www.eldiario.net\/portal\/2024\/08\/06\/brasil-asume-representacion-consular-de-argentina-y-peru-en-venezuela\/","title":{"rendered":"Brasil asume representaci\u00f3n consular  de Argentina y Per\u00fa en Venezuela"},"content":{"rendered":"<p class=\"v1MsoNormal\">El Gobierno de Venezuela anunci\u00f3 ayer que ha alcanzado un acuerdo con las autoridades brasile\u00f1as para que su Embajada en Caracas asuma la representaci\u00f3n consular de Argentina y Per\u00fa tras la salida de diplom\u00e1ticos de la naci\u00f3n caribe\u00f1a por orden del presidente Nicol\u00e1s Maduro, despu\u00e9s que Buenos Aires y Lima hayan negado su victoria en las elecciones.<\/p>\n<p class=\"v1MsoNormal\">Las autoridades de Venezuela y de Brasil han alcanzado dicho acuerdo, que contempla no solo la representaci\u00f3n consular, sino tambi\u00e9n la custodia de \u00absus bienes y archivos\u00bb con car\u00e1cter retroactivo desde el 1 de agosto, seg\u00fan se desprende de un comunicado del Ejecutivo venezolano publicado por el ministro de Exteriores, Yvan Gil, en sus redes sociales.<\/p>\n<p class=\"v1MsoNormal\">Venezuela celebr\u00f3 a finales de julio unas elecciones que, seg\u00fan el oficialismo, gan\u00f3 el presidente Maduro con algo m\u00e1s del 51 por ciento de los votos, si bien la oposici\u00f3n reivindica el triunfo de su candidato, Edmundo Gonz\u00e1lez, y la comunidad internacional ruega mayor transparencia y un escrutinio de las actas electorales para declarar un ganador de los comicios.<\/p>\n<p class=\"v1MsoNormal\">Gran parte de las naciones latinoamericanas se han manifestado en contra de la victoria de Maduro al pedir el recuento de actas, o incluso han declarado la victoria de Gonz\u00e1lez, raz\u00f3n por la que Caracas ha ordenado la expulsi\u00f3n de su personal diplom\u00e1tico. Argentina ya anunci\u00f3 la semana pasada que Brasil asumir\u00e1 su representaci\u00f3n consular en Caracas, si bien no ha sido hasta ahora que esta medida ha sido oficializada. (Europa Press)<\/p>\n<p class=\"v1MsoNormal\">\n","protected":false},"excerpt":{"rendered":"<p>El Gobierno de Venezuela anunci\u00f3 ayer que ha alcanzado un acuerdo con las autoridades brasile\u00f1as para que su Embajada en Caracas asuma la representaci\u00f3n consular de Argentina y Per\u00fa tras la salida de diplom\u00e1ticos de la naci\u00f3n caribe\u00f1a por orden del presidente Nicol\u00e1s Maduro, despu\u00e9s que Buenos Aires y Lima hayan negado su victoria en [&hellip;]<\/p>\n","protected":false},"author":1,"featured_media":238973,"comment_status":"open","ping_status":"open","sticky":false,"template":"","format":"standard","meta":{"_acf_changed":false,"footnotes":""},"categories":[3],"tags":[],"class_list":["post-238972","post","type-post","status-publish","format-standard","has-post-thumbnail","category-internacional"],"acf":{"antetitulo":"Tras salida de diplom\u00e1ticos"},"yoast_head":"<!-- This site is optimized with the Yoast SEO plugin v28.3 - https:\/\/yoast.com\/product\/yoast-seo-wordpress\/ -->\n<title>Brasil asume representaci\u00f3n consular de Argentina y Per\u00fa en Venezuela - El Diario - Bolivia<\/title>\n<meta name=\"robots\" content=\"index, follow, max-snippet:-1, max-image-preview:large, max-video-preview:-1\" \/>\n<link rel=\"canonical\" href=\"https:\/\/www.eldiario.net\/portal\/2024\/08\/06\/brasil-asume-representacion-consular-de-argentina-y-peru-en-venezuela\/\" \/>\n<meta property=\"og:locale\" content=\"es_ES\" \/>\n<meta property=\"og:type\" content=\"article\" \/>\n<meta property=\"og:title\" content=\"Brasil asume representaci\u00f3n consular de Argentina y Per\u00fa en Venezuela - El Diario - Bolivia\" \/>\n<meta property=\"og:description\" content=\"El Gobierno de Venezuela anunci\u00f3 ayer que ha alcanzado un acuerdo con las autoridades brasile\u00f1as para que su Embajada en Caracas asuma la representaci\u00f3n consular de Argentina y Per\u00fa tras la salida de diplom\u00e1ticos de la naci\u00f3n caribe\u00f1a por orden del presidente Nicol\u00e1s Maduro, despu\u00e9s que Buenos Aires y Lima hayan negado su victoria en [&hellip;]\" \/>\n<meta property=\"og:url\" content=\"https:\/\/www.eldiario.net\/portal\/2024\/08\/06\/brasil-asume-representacion-consular-de-argentina-y-peru-en-venezuela\/\" \/>\n<meta property=\"og:site_name\" content=\"El Diario - Bolivia\" \/>\n<meta property=\"article:publisher\" content=\"https:\/\/www.facebook.com\/eldiario.bolivia\/\" \/>\n<meta property=\"article:published_time\" content=\"2024-08-06T11:03:53+00:00\" \/>\n<meta property=\"og:image\" content=\"https:\/\/www.eldiario.net\/portal\/wp-content\/uploads\/2024\/08\/Brasil-ArPer-EPA.webp\" \/>\n\t<meta property=\"og:image:width\" content=\"800\" \/>\n\t<meta property=\"og:image:height\" content=\"449\" \/>\n\t<meta property=\"og:image:type\" content=\"image\/webp\" \/>\n<meta name=\"author\" content=\"Jeanette\" \/>\n<meta name=\"twitter:card\" content=\"summary_large_image\" \/>\n<meta name=\"twitter:creator\" content=\"@eldiario_net\" \/>\n<meta name=\"twitter:site\" content=\"@eldiario_net\" \/>\n<meta name=\"twitter:label1\" content=\"Escrito por\" \/>\n\t<meta name=\"twitter:data1\" content=\"Jeanette\" \/>\n\t<meta name=\"twitter:label2\" content=\"Tiempo de lectura\" \/>\n\t<meta name=\"twitter:data2\" content=\"2 minutos\" \/>\n<script type=\"application\/ld+json\" class=\"yoast-schema-graph\">{\"@context\":\"https:\\\/\\\/schema.org\",\"@graph\":[{\"@type\":\"Article\",\"@id\":\"https:\\\/\\\/www.eldiario.net\\\/portal\\\/2024\\\/08\\\/06\\\/brasil-asume-representacion-consular-de-argentina-y-peru-en-venezuela\\\/#article\",\"isPartOf\":{\"@id\":\"https:\\\/\\\/www.eldiario.net\\\/portal\\\/2024\\\/08\\\/06\\\/brasil-asume-representacion-consular-de-argentina-y-peru-en-venezuela\\\/\"},\"author\":{\"name\":\"Jeanette\",\"@id\":\"https:\\\/\\\/www.eldiario.net\\\/portal\\\/#\\\/schema\\\/person\\\/f46445640444750d7d753ccd04ae01b7\"},\"headline\":\"Brasil asume representaci\u00f3n consular de Argentina y Per\u00fa en Venezuela\",\"datePublished\":\"2024-08-06T11:03:53+00:00\",\"mainEntityOfPage\":{\"@id\":\"https:\\\/\\\/www.eldiario.net\\\/portal\\\/2024\\\/08\\\/06\\\/brasil-asume-representacion-consular-de-argentina-y-peru-en-venezuela\\\/\"},\"wordCount\":273,\"commentCount\":0,\"publisher\":{\"@id\":\"https:\\\/\\\/www.eldiario.net\\\/portal\\\/#organization\"},\"image\":{\"@id\":\"https:\\\/\\\/www.eldiario.net\\\/portal\\\/2024\\\/08\\\/06\\\/brasil-asume-representacion-consular-de-argentina-y-peru-en-venezuela\\\/#primaryimage\"},\"thumbnailUrl\":\"https:\\\/\\\/www.eldiario.net\\\/portal\\\/wp-content\\\/uploads\\\/2024\\\/08\\\/Brasil-ArPer-EPA.webp\",\"articleSection\":[\"Internacional\"],\"inLanguage\":\"es\",\"potentialAction\":[{\"@type\":\"CommentAction\",\"name\":\"Comment\",\"target\":[\"https:\\\/\\\/www.eldiario.net\\\/portal\\\/2024\\\/08\\\/06\\\/brasil-asume-representacion-consular-de-argentina-y-peru-en-venezuela\\\/#respond\"]}]},{\"@type\":\"WebPage\",\"@id\":\"https:\\\/\\\/www.eldiario.net\\\/portal\\\/2024\\\/08\\\/06\\\/brasil-asume-representacion-consular-de-argentina-y-peru-en-venezuela\\\/\",\"url\":\"https:\\\/\\\/www.eldiario.net\\\/portal\\\/2024\\\/08\\\/06\\\/brasil-asume-representacion-consular-de-argentina-y-peru-en-venezuela\\\/\",\"name\":\"Brasil asume representaci\u00f3n consular de Argentina y Per\u00fa en Venezuela - El Diario - Bolivia\",\"isPartOf\":{\"@id\":\"https:\\\/\\\/www.eldiario.net\\\/portal\\\/#website\"},\"primaryImageOfPage\":{\"@id\":\"https:\\\/\\\/www.eldiario.net\\\/portal\\\/2024\\\/08\\\/06\\\/brasil-asume-representacion-consular-de-argentina-y-peru-en-venezuela\\\/#primaryimage\"},\"image\":{\"@id\":\"https:\\\/\\\/www.eldiario.net\\\/portal\\\/2024\\\/08\\\/06\\\/brasil-asume-representacion-consular-de-argentina-y-peru-en-venezuela\\\/#primaryimage\"},\"thumbnailUrl\":\"https:\\\/\\\/www.eldiario.net\\\/portal\\\/wp-content\\\/uploads\\\/2024\\\/08\\\/Brasil-ArPer-EPA.webp\",\"datePublished\":\"2024-08-06T11:03:53+00:00\",\"breadcrumb\":{\"@id\":\"https:\\\/\\\/www.eldiario.net\\\/portal\\\/2024\\\/08\\\/06\\\/brasil-asume-representacion-consular-de-argentina-y-peru-en-venezuela\\\/#breadcrumb\"},\"inLanguage\":\"es\",\"potentialAction\":[{\"@type\":\"ReadAction\",\"target\":[\"https:\\\/\\\/www.eldiario.net\\\/portal\\\/2024\\\/08\\\/06\\\/brasil-asume-representacion-consular-de-argentina-y-peru-en-venezuela\\\/\"]}]},{\"@type\":\"ImageObject\",\"inLanguage\":\"es\",\"@id\":\"https:\\\/\\\/www.eldiario.net\\\/portal\\\/2024\\\/08\\\/06\\\/brasil-asume-representacion-consular-de-argentina-y-peru-en-venezuela\\\/#primaryimage\",\"url\":\"https:\\\/\\\/www.eldiario.net\\\/portal\\\/wp-content\\\/uploads\\\/2024\\\/08\\\/Brasil-ArPer-EPA.webp\",\"contentUrl\":\"https:\\\/\\\/www.eldiario.net\\\/portal\\\/wp-content\\\/uploads\\\/2024\\\/08\\\/Brasil-ArPer-EPA.webp\",\"width\":800,\"height\":449,\"caption\":\"Brasil asumi\u00f3 la representaci\u00f3n de la embajada de Argentina en Venezuela. CR\u00c9DITO: EPA\"},{\"@type\":\"BreadcrumbList\",\"@id\":\"https:\\\/\\\/www.eldiario.net\\\/portal\\\/2024\\\/08\\\/06\\\/brasil-asume-representacion-consular-de-argentina-y-peru-en-venezuela\\\/#breadcrumb\",\"itemListElement\":[{\"@type\":\"ListItem\",\"position\":1,\"name\":\"Portada\",\"item\":\"https:\\\/\\\/www.eldiario.net\\\/portal\\\/\"},{\"@type\":\"ListItem\",\"position\":2,\"name\":\"Brasil asume representaci\u00f3n consular de Argentina y Per\u00fa en Venezuela\"}]},{\"@type\":\"WebSite\",\"@id\":\"https:\\\/\\\/www.eldiario.net\\\/portal\\\/#website\",\"url\":\"https:\\\/\\\/www.eldiario.net\\\/portal\\\/\",\"name\":\"El Diario - Decano de la prensa nacional\",\"description\":\"El Diario - Decano de la prensa nacional\",\"publisher\":{\"@id\":\"https:\\\/\\\/www.eldiario.net\\\/portal\\\/#organization\"},\"potentialAction\":[{\"@type\":\"SearchAction\",\"target\":{\"@type\":\"EntryPoint\",\"urlTemplate\":\"https:\\\/\\\/www.eldiario.net\\\/portal\\\/?s={search_term_string}\"},\"query-input\":{\"@type\":\"PropertyValueSpecification\",\"valueRequired\":true,\"valueName\":\"search_term_string\"}}],\"inLanguage\":\"es\"},{\"@type\":\"Organization\",\"@id\":\"https:\\\/\\\/www.eldiario.net\\\/portal\\\/#organization\",\"name\":\"El Diario - Decano de la prensa nacional\",\"url\":\"https:\\\/\\\/www.eldiario.net\\\/portal\\\/\",\"logo\":{\"@type\":\"ImageObject\",\"inLanguage\":\"es\",\"@id\":\"https:\\\/\\\/www.eldiario.net\\\/portal\\\/#\\\/schema\\\/logo\\\/image\\\/\",\"url\":\"https:\\\/\\\/www.eldiario.net\\\/portal\\\/wp-content\\\/uploads\\\/2023\\\/07\\\/logo_ED.jpg\",\"contentUrl\":\"https:\\\/\\\/www.eldiario.net\\\/portal\\\/wp-content\\\/uploads\\\/2023\\\/07\\\/logo_ED.jpg\",\"width\":272,\"height\":52,\"caption\":\"El Diario - Decano de la prensa nacional\"},\"image\":{\"@id\":\"https:\\\/\\\/www.eldiario.net\\\/portal\\\/#\\\/schema\\\/logo\\\/image\\\/\"},\"sameAs\":[\"https:\\\/\\\/www.facebook.com\\\/eldiario.bolivia\\\/\",\"https:\\\/\\\/x.com\\\/eldiario_net\"]},{\"@type\":\"Person\",\"@id\":\"https:\\\/\\\/www.eldiario.net\\\/portal\\\/#\\\/schema\\\/person\\\/f46445640444750d7d753ccd04ae01b7\",\"name\":\"Jeanette\",\"image\":{\"@type\":\"ImageObject\",\"inLanguage\":\"es\",\"@id\":\"https:\\\/\\\/secure.gravatar.com\\\/avatar\\\/3ea2118a5f7dad2b7138b1187a6b7ee55f160b9968b66013c3a3ef39dd7e5798?s=96&d=mm&r=g\",\"url\":\"https:\\\/\\\/secure.gravatar.com\\\/avatar\\\/3ea2118a5f7dad2b7138b1187a6b7ee55f160b9968b66013c3a3ef39dd7e5798?s=96&d=mm&r=g\",\"contentUrl\":\"https:\\\/\\\/secure.gravatar.com\\\/avatar\\\/3ea2118a5f7dad2b7138b1187a6b7ee55f160b9968b66013c3a3ef39dd7e5798?s=96&d=mm&r=g\",\"caption\":\"Jeanette\"},\"sameAs\":[\"https:\\\/\\\/www.eldiario.net\\\/portal\"],\"url\":\"https:\\\/\\\/www.eldiario.net\\\/portal\\\/author\\\/jeanette\\\/\"}]}<\/script>\n<!-- \/ Yoast SEO plugin. -->","yoast_head_json":{"title":"Brasil asume representaci\u00f3n consular de Argentina y Per\u00fa en Venezuela - El Diario - Bolivia","robots":{"index":"index","follow":"follow","max-snippet":"max-snippet:-1","max-image-preview":"max-image-preview:large","max-video-preview":"max-video-preview:-1"},"canonical":"https:\/\/www.eldiario.net\/portal\/2024\/08\/06\/brasil-asume-representacion-consular-de-argentina-y-peru-en-venezuela\/","og_locale":"es_ES","og_type":"article","og_title":"Brasil asume representaci\u00f3n consular de Argentina y Per\u00fa en Venezuela - El Diario - Bolivia","og_description":"El Gobierno de Venezuela anunci\u00f3 ayer que ha alcanzado un acuerdo con las autoridades brasile\u00f1as para que su Embajada en Caracas asuma la representaci\u00f3n consular de Argentina y Per\u00fa tras la salida de diplom\u00e1ticos de la naci\u00f3n caribe\u00f1a por orden del presidente Nicol\u00e1s Maduro, despu\u00e9s que Buenos Aires y Lima hayan negado su victoria en [&hellip;]","og_url":"https:\/\/www.eldiario.net\/portal\/2024\/08\/06\/brasil-asume-representacion-consular-de-argentina-y-peru-en-venezuela\/","og_site_name":"El Diario - Bolivia","article_publisher":"https:\/\/www.facebook.com\/eldiario.bolivia\/","article_published_time":"2024-08-06T11:03:53+00:00","og_image":[{"width":800,"height":449,"url":"https:\/\/www.eldiario.net\/portal\/wp-content\/uploads\/2024\/08\/Brasil-ArPer-EPA.webp","type":"image\/webp"}],"author":"Jeanette","twitter_card":"summary_large_image","twitter_creator":"@eldiario_net","twitter_site":"@eldiario_net","twitter_misc":{"Escrito por":"Jeanette","Tiempo de lectura":"2 minutos"},"schema":{"@context":"https:\/\/schema.org","@graph":[{"@type":"Article","@id":"https:\/\/www.eldiario.net\/portal\/2024\/08\/06\/brasil-asume-representacion-consular-de-argentina-y-peru-en-venezuela\/#article","isPartOf":{"@id":"https:\/\/www.eldiario.net\/portal\/2024\/08\/06\/brasil-asume-representacion-consular-de-argentina-y-peru-en-venezuela\/"},"author":{"name":"Jeanette","@id":"https:\/\/www.eldiario.net\/portal\/#\/schema\/person\/f46445640444750d7d753ccd04ae01b7"},"headline":"Brasil asume representaci\u00f3n consular de Argentina y Per\u00fa en Venezuela","datePublished":"2024-08-06T11:03:53+00:00","mainEntityOfPage":{"@id":"https:\/\/www.eldiario.net\/portal\/2024\/08\/06\/brasil-asume-representacion-consular-de-argentina-y-peru-en-venezuela\/"},"wordCount":273,"commentCount":0,"publisher":{"@id":"https:\/\/www.eldiario.net\/portal\/#organization"},"image":{"@id":"https:\/\/www.eldiario.net\/portal\/2024\/08\/06\/brasil-asume-representacion-consular-de-argentina-y-peru-en-venezuela\/#primaryimage"},"thumbnailUrl":"https:\/\/www.eldiario.net\/portal\/wp-content\/uploads\/2024\/08\/Brasil-ArPer-EPA.webp","articleSection":["Internacional"],"inLanguage":"es","potentialAction":[{"@type":"CommentAction","name":"Comment","target":["https:\/\/www.eldiario.net\/portal\/2024\/08\/06\/brasil-asume-representacion-consular-de-argentina-y-peru-en-venezuela\/#respond"]}]},{"@type":"WebPage","@id":"https:\/\/www.eldiario.net\/portal\/2024\/08\/06\/brasil-asume-representacion-consular-de-argentina-y-peru-en-venezuela\/","url":"https:\/\/www.eldiario.net\/portal\/2024\/08\/06\/brasil-asume-representacion-consular-de-argentina-y-peru-en-venezuela\/","name":"Brasil asume representaci\u00f3n consular de Argentina y Per\u00fa en Venezuela - El Diario - Bolivia","isPartOf":{"@id":"https:\/\/www.eldiario.net\/portal\/#website"},"primaryImageOfPage":{"@id":"https:\/\/www.eldiario.net\/portal\/2024\/08\/06\/brasil-asume-representacion-consular-de-argentina-y-peru-en-venezuela\/#primaryimage"},"image":{"@id":"https:\/\/www.eldiario.net\/portal\/2024\/08\/06\/brasil-asume-representacion-consular-de-argentina-y-peru-en-venezuela\/#primaryimage"},"thumbnailUrl":"https:\/\/www.eldiario.net\/portal\/wp-content\/uploads\/2024\/08\/Brasil-ArPer-EPA.webp","datePublished":"2024-08-06T11:03:53+00:00","breadcrumb":{"@id":"https:\/\/www.eldiario.net\/portal\/2024\/08\/06\/brasil-asume-representacion-consular-de-argentina-y-peru-en-venezuela\/#breadcrumb"},"inLanguage":"es","potentialAction":[{"@type":"ReadAction","target":["https:\/\/www.eldiario.net\/portal\/2024\/08\/06\/brasil-asume-representacion-consular-de-argentina-y-peru-en-venezuela\/"]}]},{"@type":"ImageObject","inLanguage":"es","@id":"https:\/\/www.eldiario.net\/portal\/2024\/08\/06\/brasil-asume-representacion-consular-de-argentina-y-peru-en-venezuela\/#primaryimage","url":"https:\/\/www.eldiario.net\/portal\/wp-content\/uploads\/2024\/08\/Brasil-ArPer-EPA.webp","contentUrl":"https:\/\/www.eldiario.net\/portal\/wp-content\/uploads\/2024\/08\/Brasil-ArPer-EPA.webp","width":800,"height":449,"caption":"Brasil asumi\u00f3 la representaci\u00f3n de la embajada de Argentina en Venezuela. CR\u00c9DITO: EPA"},{"@type":"BreadcrumbList","@id":"https:\/\/www.eldiario.net\/portal\/2024\/08\/06\/brasil-asume-representacion-consular-de-argentina-y-peru-en-venezuela\/#breadcrumb","itemListElement":[{"@type":"ListItem","position":1,"name":"Portada","item":"https:\/\/www.eldiario.net\/portal\/"},{"@type":"ListItem","position":2,"name":"Brasil asume representaci\u00f3n consular de Argentina y Per\u00fa en Venezuela"}]},{"@type":"WebSite","@id":"https:\/\/www.eldiario.net\/portal\/#website","url":"https:\/\/www.eldiario.net\/portal\/","name":"El Diario - Decano de la prensa nacional","description":"El Diario - Decano de la prensa nacional","publisher":{"@id":"https:\/\/www.eldiario.net\/portal\/#organization"},"potentialAction":[{"@type":"SearchAction","target":{"@type":"EntryPoint","urlTemplate":"https:\/\/www.eldiario.net\/portal\/?s={search_term_string}"},"query-input":{"@type":"PropertyValueSpecification","valueRequired":true,"valueName":"search_term_string"}}],"inLanguage":"es"},{"@type":"Organization","@id":"https:\/\/www.eldiario.net\/portal\/#organization","name":"El Diario - Decano de la prensa nacional","url":"https:\/\/www.eldiario.net\/portal\/","logo":{"@type":"ImageObject","inLanguage":"es","@id":"https:\/\/www.eldiario.net\/portal\/#\/schema\/logo\/image\/","url":"https:\/\/www.eldiario.net\/portal\/wp-content\/uploads\/2023\/07\/logo_ED.jpg","contentUrl":"https:\/\/www.eldiario.net\/portal\/wp-content\/uploads\/2023\/07\/logo_ED.jpg","width":272,"height":52,"caption":"El Diario - Decano de la prensa nacional"},"image":{"@id":"https:\/\/www.eldiario.net\/portal\/#\/schema\/logo\/image\/"},"sameAs":["https:\/\/www.facebook.com\/eldiario.bolivia\/","https:\/\/x.com\/eldiario_net"]},{"@type":"Person","@id":"https:\/\/www.eldiario.net\/portal\/#\/schema\/person\/f46445640444750d7d753ccd04ae01b7","name":"Jeanette","image":{"@type":"ImageObject","inLanguage":"es","@id":"https:\/\/secure.gravatar.com\/avatar\/3ea2118a5f7dad2b7138b1187a6b7ee55f160b9968b66013c3a3ef39dd7e5798?s=96&d=mm&r=g","url":"https:\/\/secure.gravatar.com\/avatar\/3ea2118a5f7dad2b7138b1187a6b7ee55f160b9968b66013c3a3ef39dd7e5798?s=96&d=mm&r=g","contentUrl":"https:\/\/secure.gravatar.com\/avatar\/3ea2118a5f7dad2b7138b1187a6b7ee55f160b9968b66013c3a3ef39dd7e5798?s=96&d=mm&r=g","caption":"Jeanette"},"sameAs":["https:\/\/www.eldiario.net\/portal"],"url":"https:\/\/www.eldiario.net\/portal\/author\/jeanette\/"}]}},"_links":{"self":[{"href":"https:\/\/www.eldiario.net\/portal\/wp-json\/wp\/v2\/posts\/238972","targetHints":{"allow":["GET"]}}],"collection":[{"href":"https:\/\/www.eldiario.net\/portal\/wp-json\/wp\/v2\/posts"}],"about":[{"href":"https:\/\/www.eldiario.net\/portal\/wp-json\/wp\/v2\/types\/post"}],"author":[{"embeddable":true,"href":"https:\/\/www.eldiario.net\/portal\/wp-json\/wp\/v2\/users\/1"}],"replies":[{"embeddable":true,"href":"https:\/\/www.eldiario.net\/portal\/wp-json\/wp\/v2\/comments?post=238972"}],"version-history":[{"count":1,"href":"https:\/\/www.eldiario.net\/portal\/wp-json\/wp\/v2\/posts\/238972\/revisions"}],"predecessor-version":[{"id":238974,"href":"https:\/\/www.eldiario.net\/portal\/wp-json\/wp\/v2\/posts\/238972\/revisions\/238974"}],"wp:featuredmedia":[{"embeddable":true,"href":"https:\/\/www.eldiario.net\/portal\/wp-json\/wp\/v2\/media\/238973"}],"wp:attachment":[{"href":"https:\/\/www.eldiario.net\/portal\/wp-json\/wp\/v2\/media?parent=238972"}],"wp:term":[{"taxonomy":"category","embeddable":true,"href":"https:\/\/www.eldiario.net\/portal\/wp-json\/wp\/v2\/categories?post=238972"},{"taxonomy":"post_tag","embeddable":true,"href":"https:\/\/www.eldiario.net\/portal\/wp-json\/wp\/v2\/tags?post=238972"}],"curies":[{"name":"wp","href":"https:\/\/api.w.org\/{rel}","templated":true}]}}