{"id":238969,"date":"2024-08-06T07:02:49","date_gmt":"2024-08-06T11:02:49","guid":{"rendered":"https:\/\/www.eldiario.net\/portal\/?p=238969"},"modified":"2024-08-06T07:02:49","modified_gmt":"2024-08-06T11:02:49","slug":"comision-de-onu-pide-evitar-escalada-de-violencia-ante-posible-ataque-de-iran","status":"publish","type":"post","link":"https:\/\/www.eldiario.net\/portal\/2024\/08\/06\/comision-de-onu-pide-evitar-escalada-de-violencia-ante-posible-ataque-de-iran\/","title":{"rendered":"Comisi\u00f3n de ONU pide evitar escalada  de violencia ante posible ataque de Ir\u00e1n"},"content":{"rendered":"<p class=\"v1MsoNormal\">El Alto Comisionado de la Organizaci\u00f3n de Naciones Unidas (ONU) para los Derechos Humanos, Volker Turk, ha pedido a las partes \u00abactuar urgentemente\u00bb para evitar una mayor escalada de violencia en Oriente Pr\u00f3ximo ante un posible ataque de Ir\u00e1n contra Israel en represalia por la muerte del l\u00edder del Movimiento de Resistencia Isl\u00e1mica (Ham\u00e1s), Ismail Haniye, en Teher\u00e1n.<\/p>\n<p class=\"v1MsoNormal\">\u00abEstoy profundamente preocupado por el creciente riesgo de un mayor conflicto en Oriente Pr\u00f3ximo e imploro a todas las partes, junto a aquellos estados influyentes, que act\u00faen urgentemente para desescalar lo que se ha convertido en una situaci\u00f3n muy precaria\u00bb, indic\u00f3 Turk en un comunicado.<\/p>\n<p class=\"v1MsoNormal\">En este sentido, el jefe de Derechos Humanos de Naciones Unidas ha instado a hacer \u00abtodo lo posible para evitar que esta situaci\u00f3n se convierta en un abismo que s\u00f3lo tendr\u00e1 consecuencias a\u00fan m\u00e1s terribles para los civiles\u00bb.<\/p>\n<p class=\"v1MsoNormal\">\u00abLos Derechos Humanos, ante todo la protecci\u00f3n de los civiles, deben ser la m\u00e1xima prioridad\u00bb, ha dicho, recordando que en los \u00faltimos 10 meses los civiles, la mayor\u00eda mujeres y ni\u00f1os, han sufrido un da\u00f1o considerable \u00abcomo consecuencia de las bombas y las armas\u00bb.<\/p>\n<p class=\"v1MsoNormal\">Haniye falleci\u00f3 la semana pasada por una explosi\u00f3n en el edificio en el que se hospedaba en la capital de Ir\u00e1n, Teher\u00e1n. Ham\u00e1s y sus socios han se\u00f1alado a Israel &#8211;que por el momento no se ha pronunciado&#8211; y han amenazado con una respuesta contundente. El Ej\u00e9rcito israel\u00ed tambi\u00e9n mat\u00f3 la semana pasada a un alto cargo del partido-milicia chi\u00ed liban\u00e9s Hezbol\u00e1 al sur de Beirut. (Europa Press)<\/p>\n","protected":false},"excerpt":{"rendered":"<p>El Alto Comisionado de la Organizaci\u00f3n de Naciones Unidas (ONU) para los Derechos Humanos, Volker Turk, ha pedido a las partes \u00abactuar urgentemente\u00bb para evitar una mayor escalada de violencia en Oriente Pr\u00f3ximo ante un posible ataque de Ir\u00e1n contra Israel en represalia por la muerte del l\u00edder del Movimiento de Resistencia Isl\u00e1mica (Ham\u00e1s), Ismail [&hellip;]<\/p>\n","protected":false},"author":1,"featured_media":238970,"comment_status":"open","ping_status":"open","sticky":false,"template":"","format":"standard","meta":{"_acf_changed":false,"footnotes":""},"categories":[3],"tags":[],"class_list":["post-238969","post","type-post","status-publish","format-standard","has-post-thumbnail","category-internacional"],"acf":{"antetitulo":"Oriente Pr\u00f3ximo"},"yoast_head":"<!-- This site is optimized with the Yoast SEO plugin v28.3 - https:\/\/yoast.com\/product\/yoast-seo-wordpress\/ -->\n<title>Comisi\u00f3n de ONU pide evitar escalada de violencia ante posible ataque de Ir\u00e1n - El Diario - Bolivia<\/title>\n<meta name=\"robots\" content=\"index, follow, max-snippet:-1, max-image-preview:large, max-video-preview:-1\" \/>\n<link rel=\"canonical\" href=\"https:\/\/www.eldiario.net\/portal\/2024\/08\/06\/comision-de-onu-pide-evitar-escalada-de-violencia-ante-posible-ataque-de-iran\/\" \/>\n<meta property=\"og:locale\" content=\"es_ES\" \/>\n<meta property=\"og:type\" content=\"article\" \/>\n<meta property=\"og:title\" content=\"Comisi\u00f3n de ONU pide evitar escalada de violencia ante posible ataque de Ir\u00e1n - El Diario - Bolivia\" \/>\n<meta property=\"og:description\" content=\"El Alto Comisionado de la Organizaci\u00f3n de Naciones Unidas (ONU) para los Derechos Humanos, Volker Turk, ha pedido a las partes \u00abactuar urgentemente\u00bb para evitar una mayor escalada de violencia en Oriente Pr\u00f3ximo ante un posible ataque de Ir\u00e1n contra Israel en represalia por la muerte del l\u00edder del Movimiento de Resistencia Isl\u00e1mica (Ham\u00e1s), Ismail [&hellip;]\" \/>\n<meta property=\"og:url\" content=\"https:\/\/www.eldiario.net\/portal\/2024\/08\/06\/comision-de-onu-pide-evitar-escalada-de-violencia-ante-posible-ataque-de-iran\/\" \/>\n<meta property=\"og:site_name\" content=\"El Diario - Bolivia\" \/>\n<meta property=\"article:publisher\" content=\"https:\/\/www.facebook.com\/eldiario.bolivia\/\" \/>\n<meta property=\"article:published_time\" content=\"2024-08-06T11:02:49+00:00\" \/>\n<meta property=\"og:image\" content=\"https:\/\/www.eldiario.net\/portal\/wp-content\/uploads\/2024\/08\/Escalada-EFE.jpg\" \/>\n\t<meta property=\"og:image:width\" content=\"1200\" \/>\n\t<meta property=\"og:image:height\" content=\"675\" \/>\n\t<meta property=\"og:image:type\" content=\"image\/jpeg\" \/>\n<meta name=\"author\" content=\"Jeanette\" \/>\n<meta name=\"twitter:card\" content=\"summary_large_image\" \/>\n<meta name=\"twitter:creator\" content=\"@eldiario_net\" \/>\n<meta name=\"twitter:site\" content=\"@eldiario_net\" \/>\n<meta name=\"twitter:label1\" content=\"Escrito por\" \/>\n\t<meta name=\"twitter:data1\" content=\"Jeanette\" \/>\n\t<meta name=\"twitter:label2\" content=\"Tiempo de lectura\" \/>\n\t<meta name=\"twitter:data2\" content=\"2 minutos\" \/>\n<script type=\"application\/ld+json\" class=\"yoast-schema-graph\">{\"@context\":\"https:\\\/\\\/schema.org\",\"@graph\":[{\"@type\":\"Article\",\"@id\":\"https:\\\/\\\/www.eldiario.net\\\/portal\\\/2024\\\/08\\\/06\\\/comision-de-onu-pide-evitar-escalada-de-violencia-ante-posible-ataque-de-iran\\\/#article\",\"isPartOf\":{\"@id\":\"https:\\\/\\\/www.eldiario.net\\\/portal\\\/2024\\\/08\\\/06\\\/comision-de-onu-pide-evitar-escalada-de-violencia-ante-posible-ataque-de-iran\\\/\"},\"author\":{\"name\":\"Jeanette\",\"@id\":\"https:\\\/\\\/www.eldiario.net\\\/portal\\\/#\\\/schema\\\/person\\\/f46445640444750d7d753ccd04ae01b7\"},\"headline\":\"Comisi\u00f3n de ONU pide evitar escalada de violencia ante posible ataque de Ir\u00e1n\",\"datePublished\":\"2024-08-06T11:02:49+00:00\",\"mainEntityOfPage\":{\"@id\":\"https:\\\/\\\/www.eldiario.net\\\/portal\\\/2024\\\/08\\\/06\\\/comision-de-onu-pide-evitar-escalada-de-violencia-ante-posible-ataque-de-iran\\\/\"},\"wordCount\":294,\"commentCount\":0,\"publisher\":{\"@id\":\"https:\\\/\\\/www.eldiario.net\\\/portal\\\/#organization\"},\"image\":{\"@id\":\"https:\\\/\\\/www.eldiario.net\\\/portal\\\/2024\\\/08\\\/06\\\/comision-de-onu-pide-evitar-escalada-de-violencia-ante-posible-ataque-de-iran\\\/#primaryimage\"},\"thumbnailUrl\":\"https:\\\/\\\/www.eldiario.net\\\/portal\\\/wp-content\\\/uploads\\\/2024\\\/08\\\/Escalada-EFE.jpg\",\"articleSection\":[\"Internacional\"],\"inLanguage\":\"es\",\"potentialAction\":[{\"@type\":\"CommentAction\",\"name\":\"Comment\",\"target\":[\"https:\\\/\\\/www.eldiario.net\\\/portal\\\/2024\\\/08\\\/06\\\/comision-de-onu-pide-evitar-escalada-de-violencia-ante-posible-ataque-de-iran\\\/#respond\"]}]},{\"@type\":\"WebPage\",\"@id\":\"https:\\\/\\\/www.eldiario.net\\\/portal\\\/2024\\\/08\\\/06\\\/comision-de-onu-pide-evitar-escalada-de-violencia-ante-posible-ataque-de-iran\\\/\",\"url\":\"https:\\\/\\\/www.eldiario.net\\\/portal\\\/2024\\\/08\\\/06\\\/comision-de-onu-pide-evitar-escalada-de-violencia-ante-posible-ataque-de-iran\\\/\",\"name\":\"Comisi\u00f3n de ONU pide evitar escalada de violencia ante posible ataque de Ir\u00e1n - El Diario - Bolivia\",\"isPartOf\":{\"@id\":\"https:\\\/\\\/www.eldiario.net\\\/portal\\\/#website\"},\"primaryImageOfPage\":{\"@id\":\"https:\\\/\\\/www.eldiario.net\\\/portal\\\/2024\\\/08\\\/06\\\/comision-de-onu-pide-evitar-escalada-de-violencia-ante-posible-ataque-de-iran\\\/#primaryimage\"},\"image\":{\"@id\":\"https:\\\/\\\/www.eldiario.net\\\/portal\\\/2024\\\/08\\\/06\\\/comision-de-onu-pide-evitar-escalada-de-violencia-ante-posible-ataque-de-iran\\\/#primaryimage\"},\"thumbnailUrl\":\"https:\\\/\\\/www.eldiario.net\\\/portal\\\/wp-content\\\/uploads\\\/2024\\\/08\\\/Escalada-EFE.jpg\",\"datePublished\":\"2024-08-06T11:02:49+00:00\",\"breadcrumb\":{\"@id\":\"https:\\\/\\\/www.eldiario.net\\\/portal\\\/2024\\\/08\\\/06\\\/comision-de-onu-pide-evitar-escalada-de-violencia-ante-posible-ataque-de-iran\\\/#breadcrumb\"},\"inLanguage\":\"es\",\"potentialAction\":[{\"@type\":\"ReadAction\",\"target\":[\"https:\\\/\\\/www.eldiario.net\\\/portal\\\/2024\\\/08\\\/06\\\/comision-de-onu-pide-evitar-escalada-de-violencia-ante-posible-ataque-de-iran\\\/\"]}]},{\"@type\":\"ImageObject\",\"inLanguage\":\"es\",\"@id\":\"https:\\\/\\\/www.eldiario.net\\\/portal\\\/2024\\\/08\\\/06\\\/comision-de-onu-pide-evitar-escalada-de-violencia-ante-posible-ataque-de-iran\\\/#primaryimage\",\"url\":\"https:\\\/\\\/www.eldiario.net\\\/portal\\\/wp-content\\\/uploads\\\/2024\\\/08\\\/Escalada-EFE.jpg\",\"contentUrl\":\"https:\\\/\\\/www.eldiario.net\\\/portal\\\/wp-content\\\/uploads\\\/2024\\\/08\\\/Escalada-EFE.jpg\",\"width\":1200,\"height\":675,\"caption\":\"El jefe de DDHH de la ONU pide a las partes \\\"actuar urgentemente\\\" para evitar una escalada en Oriente Pr\u00f3ximo. CR\u00c9DITO: EFE\"},{\"@type\":\"BreadcrumbList\",\"@id\":\"https:\\\/\\\/www.eldiario.net\\\/portal\\\/2024\\\/08\\\/06\\\/comision-de-onu-pide-evitar-escalada-de-violencia-ante-posible-ataque-de-iran\\\/#breadcrumb\",\"itemListElement\":[{\"@type\":\"ListItem\",\"position\":1,\"name\":\"Portada\",\"item\":\"https:\\\/\\\/www.eldiario.net\\\/portal\\\/\"},{\"@type\":\"ListItem\",\"position\":2,\"name\":\"Comisi\u00f3n de ONU pide evitar escalada de violencia ante posible ataque de Ir\u00e1n\"}]},{\"@type\":\"WebSite\",\"@id\":\"https:\\\/\\\/www.eldiario.net\\\/portal\\\/#website\",\"url\":\"https:\\\/\\\/www.eldiario.net\\\/portal\\\/\",\"name\":\"El Diario - Decano de la prensa nacional\",\"description\":\"El Diario - Decano de la prensa nacional\",\"publisher\":{\"@id\":\"https:\\\/\\\/www.eldiario.net\\\/portal\\\/#organization\"},\"potentialAction\":[{\"@type\":\"SearchAction\",\"target\":{\"@type\":\"EntryPoint\",\"urlTemplate\":\"https:\\\/\\\/www.eldiario.net\\\/portal\\\/?s={search_term_string}\"},\"query-input\":{\"@type\":\"PropertyValueSpecification\",\"valueRequired\":true,\"valueName\":\"search_term_string\"}}],\"inLanguage\":\"es\"},{\"@type\":\"Organization\",\"@id\":\"https:\\\/\\\/www.eldiario.net\\\/portal\\\/#organization\",\"name\":\"El Diario - Decano de la prensa nacional\",\"url\":\"https:\\\/\\\/www.eldiario.net\\\/portal\\\/\",\"logo\":{\"@type\":\"ImageObject\",\"inLanguage\":\"es\",\"@id\":\"https:\\\/\\\/www.eldiario.net\\\/portal\\\/#\\\/schema\\\/logo\\\/image\\\/\",\"url\":\"https:\\\/\\\/www.eldiario.net\\\/portal\\\/wp-content\\\/uploads\\\/2023\\\/07\\\/logo_ED.jpg\",\"contentUrl\":\"https:\\\/\\\/www.eldiario.net\\\/portal\\\/wp-content\\\/uploads\\\/2023\\\/07\\\/logo_ED.jpg\",\"width\":272,\"height\":52,\"caption\":\"El Diario - Decano de la prensa nacional\"},\"image\":{\"@id\":\"https:\\\/\\\/www.eldiario.net\\\/portal\\\/#\\\/schema\\\/logo\\\/image\\\/\"},\"sameAs\":[\"https:\\\/\\\/www.facebook.com\\\/eldiario.bolivia\\\/\",\"https:\\\/\\\/x.com\\\/eldiario_net\"]},{\"@type\":\"Person\",\"@id\":\"https:\\\/\\\/www.eldiario.net\\\/portal\\\/#\\\/schema\\\/person\\\/f46445640444750d7d753ccd04ae01b7\",\"name\":\"Jeanette\",\"image\":{\"@type\":\"ImageObject\",\"inLanguage\":\"es\",\"@id\":\"https:\\\/\\\/secure.gravatar.com\\\/avatar\\\/3ea2118a5f7dad2b7138b1187a6b7ee55f160b9968b66013c3a3ef39dd7e5798?s=96&d=mm&r=g\",\"url\":\"https:\\\/\\\/secure.gravatar.com\\\/avatar\\\/3ea2118a5f7dad2b7138b1187a6b7ee55f160b9968b66013c3a3ef39dd7e5798?s=96&d=mm&r=g\",\"contentUrl\":\"https:\\\/\\\/secure.gravatar.com\\\/avatar\\\/3ea2118a5f7dad2b7138b1187a6b7ee55f160b9968b66013c3a3ef39dd7e5798?s=96&d=mm&r=g\",\"caption\":\"Jeanette\"},\"sameAs\":[\"https:\\\/\\\/www.eldiario.net\\\/portal\"],\"url\":\"https:\\\/\\\/www.eldiario.net\\\/portal\\\/author\\\/jeanette\\\/\"}]}<\/script>\n<!-- \/ Yoast SEO plugin. -->","yoast_head_json":{"title":"Comisi\u00f3n de ONU pide evitar escalada de violencia ante posible ataque de Ir\u00e1n - El Diario - Bolivia","robots":{"index":"index","follow":"follow","max-snippet":"max-snippet:-1","max-image-preview":"max-image-preview:large","max-video-preview":"max-video-preview:-1"},"canonical":"https:\/\/www.eldiario.net\/portal\/2024\/08\/06\/comision-de-onu-pide-evitar-escalada-de-violencia-ante-posible-ataque-de-iran\/","og_locale":"es_ES","og_type":"article","og_title":"Comisi\u00f3n de ONU pide evitar escalada de violencia ante posible ataque de Ir\u00e1n - El Diario - Bolivia","og_description":"El Alto Comisionado de la Organizaci\u00f3n de Naciones Unidas (ONU) para los Derechos Humanos, Volker Turk, ha pedido a las partes \u00abactuar urgentemente\u00bb para evitar una mayor escalada de violencia en Oriente Pr\u00f3ximo ante un posible ataque de Ir\u00e1n contra Israel en represalia por la muerte del l\u00edder del Movimiento de Resistencia Isl\u00e1mica (Ham\u00e1s), Ismail [&hellip;]","og_url":"https:\/\/www.eldiario.net\/portal\/2024\/08\/06\/comision-de-onu-pide-evitar-escalada-de-violencia-ante-posible-ataque-de-iran\/","og_site_name":"El Diario - Bolivia","article_publisher":"https:\/\/www.facebook.com\/eldiario.bolivia\/","article_published_time":"2024-08-06T11:02:49+00:00","og_image":[{"width":1200,"height":675,"url":"https:\/\/www.eldiario.net\/portal\/wp-content\/uploads\/2024\/08\/Escalada-EFE.jpg","type":"image\/jpeg"}],"author":"Jeanette","twitter_card":"summary_large_image","twitter_creator":"@eldiario_net","twitter_site":"@eldiario_net","twitter_misc":{"Escrito por":"Jeanette","Tiempo de lectura":"2 minutos"},"schema":{"@context":"https:\/\/schema.org","@graph":[{"@type":"Article","@id":"https:\/\/www.eldiario.net\/portal\/2024\/08\/06\/comision-de-onu-pide-evitar-escalada-de-violencia-ante-posible-ataque-de-iran\/#article","isPartOf":{"@id":"https:\/\/www.eldiario.net\/portal\/2024\/08\/06\/comision-de-onu-pide-evitar-escalada-de-violencia-ante-posible-ataque-de-iran\/"},"author":{"name":"Jeanette","@id":"https:\/\/www.eldiario.net\/portal\/#\/schema\/person\/f46445640444750d7d753ccd04ae01b7"},"headline":"Comisi\u00f3n de ONU pide evitar escalada de violencia ante posible ataque de Ir\u00e1n","datePublished":"2024-08-06T11:02:49+00:00","mainEntityOfPage":{"@id":"https:\/\/www.eldiario.net\/portal\/2024\/08\/06\/comision-de-onu-pide-evitar-escalada-de-violencia-ante-posible-ataque-de-iran\/"},"wordCount":294,"commentCount":0,"publisher":{"@id":"https:\/\/www.eldiario.net\/portal\/#organization"},"image":{"@id":"https:\/\/www.eldiario.net\/portal\/2024\/08\/06\/comision-de-onu-pide-evitar-escalada-de-violencia-ante-posible-ataque-de-iran\/#primaryimage"},"thumbnailUrl":"https:\/\/www.eldiario.net\/portal\/wp-content\/uploads\/2024\/08\/Escalada-EFE.jpg","articleSection":["Internacional"],"inLanguage":"es","potentialAction":[{"@type":"CommentAction","name":"Comment","target":["https:\/\/www.eldiario.net\/portal\/2024\/08\/06\/comision-de-onu-pide-evitar-escalada-de-violencia-ante-posible-ataque-de-iran\/#respond"]}]},{"@type":"WebPage","@id":"https:\/\/www.eldiario.net\/portal\/2024\/08\/06\/comision-de-onu-pide-evitar-escalada-de-violencia-ante-posible-ataque-de-iran\/","url":"https:\/\/www.eldiario.net\/portal\/2024\/08\/06\/comision-de-onu-pide-evitar-escalada-de-violencia-ante-posible-ataque-de-iran\/","name":"Comisi\u00f3n de ONU pide evitar escalada de violencia ante posible ataque de Ir\u00e1n - El Diario - Bolivia","isPartOf":{"@id":"https:\/\/www.eldiario.net\/portal\/#website"},"primaryImageOfPage":{"@id":"https:\/\/www.eldiario.net\/portal\/2024\/08\/06\/comision-de-onu-pide-evitar-escalada-de-violencia-ante-posible-ataque-de-iran\/#primaryimage"},"image":{"@id":"https:\/\/www.eldiario.net\/portal\/2024\/08\/06\/comision-de-onu-pide-evitar-escalada-de-violencia-ante-posible-ataque-de-iran\/#primaryimage"},"thumbnailUrl":"https:\/\/www.eldiario.net\/portal\/wp-content\/uploads\/2024\/08\/Escalada-EFE.jpg","datePublished":"2024-08-06T11:02:49+00:00","breadcrumb":{"@id":"https:\/\/www.eldiario.net\/portal\/2024\/08\/06\/comision-de-onu-pide-evitar-escalada-de-violencia-ante-posible-ataque-de-iran\/#breadcrumb"},"inLanguage":"es","potentialAction":[{"@type":"ReadAction","target":["https:\/\/www.eldiario.net\/portal\/2024\/08\/06\/comision-de-onu-pide-evitar-escalada-de-violencia-ante-posible-ataque-de-iran\/"]}]},{"@type":"ImageObject","inLanguage":"es","@id":"https:\/\/www.eldiario.net\/portal\/2024\/08\/06\/comision-de-onu-pide-evitar-escalada-de-violencia-ante-posible-ataque-de-iran\/#primaryimage","url":"https:\/\/www.eldiario.net\/portal\/wp-content\/uploads\/2024\/08\/Escalada-EFE.jpg","contentUrl":"https:\/\/www.eldiario.net\/portal\/wp-content\/uploads\/2024\/08\/Escalada-EFE.jpg","width":1200,"height":675,"caption":"El jefe de DDHH de la ONU pide a las partes \"actuar urgentemente\" para evitar una escalada en Oriente Pr\u00f3ximo. CR\u00c9DITO: EFE"},{"@type":"BreadcrumbList","@id":"https:\/\/www.eldiario.net\/portal\/2024\/08\/06\/comision-de-onu-pide-evitar-escalada-de-violencia-ante-posible-ataque-de-iran\/#breadcrumb","itemListElement":[{"@type":"ListItem","position":1,"name":"Portada","item":"https:\/\/www.eldiario.net\/portal\/"},{"@type":"ListItem","position":2,"name":"Comisi\u00f3n de ONU pide evitar escalada de violencia ante posible ataque de Ir\u00e1n"}]},{"@type":"WebSite","@id":"https:\/\/www.eldiario.net\/portal\/#website","url":"https:\/\/www.eldiario.net\/portal\/","name":"El Diario - Decano de la prensa nacional","description":"El Diario - Decano de la prensa nacional","publisher":{"@id":"https:\/\/www.eldiario.net\/portal\/#organization"},"potentialAction":[{"@type":"SearchAction","target":{"@type":"EntryPoint","urlTemplate":"https:\/\/www.eldiario.net\/portal\/?s={search_term_string}"},"query-input":{"@type":"PropertyValueSpecification","valueRequired":true,"valueName":"search_term_string"}}],"inLanguage":"es"},{"@type":"Organization","@id":"https:\/\/www.eldiario.net\/portal\/#organization","name":"El Diario - Decano de la prensa nacional","url":"https:\/\/www.eldiario.net\/portal\/","logo":{"@type":"ImageObject","inLanguage":"es","@id":"https:\/\/www.eldiario.net\/portal\/#\/schema\/logo\/image\/","url":"https:\/\/www.eldiario.net\/portal\/wp-content\/uploads\/2023\/07\/logo_ED.jpg","contentUrl":"https:\/\/www.eldiario.net\/portal\/wp-content\/uploads\/2023\/07\/logo_ED.jpg","width":272,"height":52,"caption":"El Diario - Decano de la prensa nacional"},"image":{"@id":"https:\/\/www.eldiario.net\/portal\/#\/schema\/logo\/image\/"},"sameAs":["https:\/\/www.facebook.com\/eldiario.bolivia\/","https:\/\/x.com\/eldiario_net"]},{"@type":"Person","@id":"https:\/\/www.eldiario.net\/portal\/#\/schema\/person\/f46445640444750d7d753ccd04ae01b7","name":"Jeanette","image":{"@type":"ImageObject","inLanguage":"es","@id":"https:\/\/secure.gravatar.com\/avatar\/3ea2118a5f7dad2b7138b1187a6b7ee55f160b9968b66013c3a3ef39dd7e5798?s=96&d=mm&r=g","url":"https:\/\/secure.gravatar.com\/avatar\/3ea2118a5f7dad2b7138b1187a6b7ee55f160b9968b66013c3a3ef39dd7e5798?s=96&d=mm&r=g","contentUrl":"https:\/\/secure.gravatar.com\/avatar\/3ea2118a5f7dad2b7138b1187a6b7ee55f160b9968b66013c3a3ef39dd7e5798?s=96&d=mm&r=g","caption":"Jeanette"},"sameAs":["https:\/\/www.eldiario.net\/portal"],"url":"https:\/\/www.eldiario.net\/portal\/author\/jeanette\/"}]}},"_links":{"self":[{"href":"https:\/\/www.eldiario.net\/portal\/wp-json\/wp\/v2\/posts\/238969","targetHints":{"allow":["GET"]}}],"collection":[{"href":"https:\/\/www.eldiario.net\/portal\/wp-json\/wp\/v2\/posts"}],"about":[{"href":"https:\/\/www.eldiario.net\/portal\/wp-json\/wp\/v2\/types\/post"}],"author":[{"embeddable":true,"href":"https:\/\/www.eldiario.net\/portal\/wp-json\/wp\/v2\/users\/1"}],"replies":[{"embeddable":true,"href":"https:\/\/www.eldiario.net\/portal\/wp-json\/wp\/v2\/comments?post=238969"}],"version-history":[{"count":1,"href":"https:\/\/www.eldiario.net\/portal\/wp-json\/wp\/v2\/posts\/238969\/revisions"}],"predecessor-version":[{"id":238971,"href":"https:\/\/www.eldiario.net\/portal\/wp-json\/wp\/v2\/posts\/238969\/revisions\/238971"}],"wp:featuredmedia":[{"embeddable":true,"href":"https:\/\/www.eldiario.net\/portal\/wp-json\/wp\/v2\/media\/238970"}],"wp:attachment":[{"href":"https:\/\/www.eldiario.net\/portal\/wp-json\/wp\/v2\/media?parent=238969"}],"wp:term":[{"taxonomy":"category","embeddable":true,"href":"https:\/\/www.eldiario.net\/portal\/wp-json\/wp\/v2\/categories?post=238969"},{"taxonomy":"post_tag","embeddable":true,"href":"https:\/\/www.eldiario.net\/portal\/wp-json\/wp\/v2\/tags?post=238969"}],"curies":[{"name":"wp","href":"https:\/\/api.w.org\/{rel}","templated":true}]}}