{"id":23883,"date":"2021-08-17T05:46:52","date_gmt":"2021-08-17T09:46:52","guid":{"rendered":"https:\/\/www.eldiario.net\/portal\/?p=23883"},"modified":"2021-08-17T05:46:52","modified_gmt":"2021-08-17T09:46:52","slug":"amnistia-internacional-pide-evitar-tragedia-en-afganistan","status":"publish","type":"post","link":"https:\/\/www.eldiario.net\/portal\/2021\/08\/17\/amnistia-internacional-pide-evitar-tragedia-en-afganistan\/","title":{"rendered":"Amnist\u00eda Internacional pide evitar tragedia en Afganist\u00e1n"},"content":{"rendered":"<p>Kabul.- La ONG Amnist\u00eda Internacional (AI) pidi\u00f3 este lunes actuar \u00abdecisivamente\u00bb para evitar una \u00abtragedia mayor\u00bb en Afganist\u00e1n, despu\u00e9s de que los talib\u00e1n hayan conquistado la capital, Kabul, y la mayor parte del pa\u00eds.<\/p>\n<p>La secretaria general de AI, Agnes Callamard, ha lamentado que la situaci\u00f3n en Afganist\u00e1n es una \u00abtragedia\u00bb que \u00abse deber\u00eda haber previsto y evitado\u00bb. \u00abSi no hay una acci\u00f3n r\u00e1pida y decisiva de la comunidad internacional, no har\u00e1 sino complicarse a\u00fan m\u00e1s\u00bb, advirti\u00f3.<\/p>\n<p>En este sentido, avis\u00f3 de que \u00abmiles de personas afganas en grave peligro de sufrir represalias a manos de los talibanes, desde personal acad\u00e9mico hasta periodistas, activistas de la sociedad civil y defensoras de los Derechos Humanos, podr\u00edan verse abocadas a un futuro muy incierto\u00bb.<\/p>\n<p>As\u00ed, ha hecho un llamamiento a los gobiernos extranjeros para que tomen \u00abtodas las medidas necesarias\u00bb para \u00abgarantizar una salida segura de Afganist\u00e1n a todas las personas que est\u00e1n en el punto de mira de los talibanes\u00bb.<\/p>\n<p>\u00abEsto incluye expedir visados, ofrecer apoyo a las evacuaciones desde el aeropuerto de Kabul, proporcionar plazas de reubicaci\u00f3n y reasentamiento y suspender todas las deportaciones y devoluciones\u00bb, ha enumerado, antes de pedir espec\u00edficamente a Estados Unidos que \u00abgarantice seguridad permanente en el aeropuerto mientras se llevan a cabo las evacuaciones\u00bb.<\/p>\n<p>Por su parte, ha reclamado al Consejo de Seguridad de la ONU, que se re\u00fane este lunes para abordar la situaci\u00f3n en Afganist\u00e1n, que apruebe una resoluci\u00f3n de emergencia para pedir a los insurgentes que \u00abrespeten el Derecho Internacional de los Derechos Humanos, protejan a la poblaci\u00f3n civil y pongan fin a los ataques de represalia mientras se siguen negociando los acuerdos para la transici\u00f3n\u00bb. (Europa Press)<\/p>\n","protected":false},"excerpt":{"rendered":"<p>Kabul.- La ONG Amnist\u00eda Internacional (AI) pidi\u00f3 este lunes actuar \u00abdecisivamente\u00bb para evitar una \u00abtragedia mayor\u00bb en Afganist\u00e1n, despu\u00e9s de que los talib\u00e1n hayan conquistado la capital, Kabul, y la mayor parte del pa\u00eds. La secretaria general de AI, Agnes Callamard, ha lamentado que la situaci\u00f3n en Afganist\u00e1n es una \u00abtragedia\u00bb que \u00abse deber\u00eda haber [&hellip;]<\/p>\n","protected":false},"author":1,"featured_media":23884,"comment_status":"closed","ping_status":"closed","sticky":false,"template":"","format":"standard","meta":{"_acf_changed":false,"footnotes":""},"categories":[3],"tags":[],"class_list":["post-23883","post","type-post","status-publish","format-standard","has-post-thumbnail","category-internacional"],"acf":{"antetitulo":""},"yoast_head":"<!-- This site is optimized with the Yoast SEO plugin v28.4 - https:\/\/yoast.com\/product\/yoast-seo-wordpress\/ -->\n<title>Amnist\u00eda Internacional pide evitar tragedia en Afganist\u00e1n - El Diario - Bolivia<\/title>\n<meta name=\"robots\" content=\"index, follow, max-snippet:-1, max-image-preview:large, max-video-preview:-1\" \/>\n<link rel=\"canonical\" href=\"https:\/\/www.eldiario.net\/portal\/2021\/08\/17\/amnistia-internacional-pide-evitar-tragedia-en-afganistan\/\" \/>\n<meta property=\"og:locale\" content=\"es_ES\" \/>\n<meta property=\"og:type\" content=\"article\" \/>\n<meta property=\"og:title\" content=\"Amnist\u00eda Internacional pide evitar tragedia en Afganist\u00e1n - El Diario - Bolivia\" \/>\n<meta property=\"og:description\" content=\"Kabul.- La ONG Amnist\u00eda Internacional (AI) pidi\u00f3 este lunes actuar \u00abdecisivamente\u00bb para evitar una \u00abtragedia mayor\u00bb en Afganist\u00e1n, despu\u00e9s de que los talib\u00e1n hayan conquistado la capital, Kabul, y la mayor parte del pa\u00eds. La secretaria general de AI, Agnes Callamard, ha lamentado que la situaci\u00f3n en Afganist\u00e1n es una \u00abtragedia\u00bb que \u00abse deber\u00eda haber [&hellip;]\" \/>\n<meta property=\"og:url\" content=\"https:\/\/www.eldiario.net\/portal\/2021\/08\/17\/amnistia-internacional-pide-evitar-tragedia-en-afganistan\/\" \/>\n<meta property=\"og:site_name\" content=\"El Diario - Bolivia\" \/>\n<meta property=\"article:publisher\" content=\"https:\/\/www.facebook.com\/eldiario.bolivia\/\" \/>\n<meta property=\"article:published_time\" content=\"2021-08-17T09:46:52+00:00\" \/>\n<meta name=\"author\" content=\"Jeanette\" \/>\n<meta name=\"twitter:card\" content=\"summary_large_image\" \/>\n<meta name=\"twitter:creator\" content=\"@eldiario_net\" \/>\n<meta name=\"twitter:site\" content=\"@eldiario_net\" \/>\n<meta name=\"twitter:label1\" content=\"Escrito por\" \/>\n\t<meta name=\"twitter:data1\" content=\"Jeanette\" \/>\n\t<meta name=\"twitter:label2\" content=\"Tiempo de lectura\" \/>\n\t<meta name=\"twitter:data2\" content=\"2 minutos\" \/>\n<script type=\"application\/ld+json\" class=\"yoast-schema-graph\">{\"@context\":\"https:\\\/\\\/schema.org\",\"@graph\":[{\"@type\":\"Article\",\"@id\":\"https:\\\/\\\/www.eldiario.net\\\/portal\\\/2021\\\/08\\\/17\\\/amnistia-internacional-pide-evitar-tragedia-en-afganistan\\\/#article\",\"isPartOf\":{\"@id\":\"https:\\\/\\\/www.eldiario.net\\\/portal\\\/2021\\\/08\\\/17\\\/amnistia-internacional-pide-evitar-tragedia-en-afganistan\\\/\"},\"author\":{\"name\":\"Jeanette\",\"@id\":\"https:\\\/\\\/www.eldiario.net\\\/portal\\\/#\\\/schema\\\/person\\\/f46445640444750d7d753ccd04ae01b7\"},\"headline\":\"Amnist\u00eda Internacional pide evitar tragedia en Afganist\u00e1n\",\"datePublished\":\"2021-08-17T09:46:52+00:00\",\"mainEntityOfPage\":{\"@id\":\"https:\\\/\\\/www.eldiario.net\\\/portal\\\/2021\\\/08\\\/17\\\/amnistia-internacional-pide-evitar-tragedia-en-afganistan\\\/\"},\"wordCount\":310,\"publisher\":{\"@id\":\"https:\\\/\\\/www.eldiario.net\\\/portal\\\/#organization\"},\"image\":{\"@id\":\"https:\\\/\\\/www.eldiario.net\\\/portal\\\/2021\\\/08\\\/17\\\/amnistia-internacional-pide-evitar-tragedia-en-afganistan\\\/#primaryimage\"},\"thumbnailUrl\":\"\",\"articleSection\":[\"Internacional\"],\"inLanguage\":\"es\"},{\"@type\":\"WebPage\",\"@id\":\"https:\\\/\\\/www.eldiario.net\\\/portal\\\/2021\\\/08\\\/17\\\/amnistia-internacional-pide-evitar-tragedia-en-afganistan\\\/\",\"url\":\"https:\\\/\\\/www.eldiario.net\\\/portal\\\/2021\\\/08\\\/17\\\/amnistia-internacional-pide-evitar-tragedia-en-afganistan\\\/\",\"name\":\"Amnist\u00eda Internacional pide evitar tragedia en Afganist\u00e1n - El Diario - Bolivia\",\"isPartOf\":{\"@id\":\"https:\\\/\\\/www.eldiario.net\\\/portal\\\/#website\"},\"primaryImageOfPage\":{\"@id\":\"https:\\\/\\\/www.eldiario.net\\\/portal\\\/2021\\\/08\\\/17\\\/amnistia-internacional-pide-evitar-tragedia-en-afganistan\\\/#primaryimage\"},\"image\":{\"@id\":\"https:\\\/\\\/www.eldiario.net\\\/portal\\\/2021\\\/08\\\/17\\\/amnistia-internacional-pide-evitar-tragedia-en-afganistan\\\/#primaryimage\"},\"thumbnailUrl\":\"\",\"datePublished\":\"2021-08-17T09:46:52+00:00\",\"breadcrumb\":{\"@id\":\"https:\\\/\\\/www.eldiario.net\\\/portal\\\/2021\\\/08\\\/17\\\/amnistia-internacional-pide-evitar-tragedia-en-afganistan\\\/#breadcrumb\"},\"inLanguage\":\"es\",\"potentialAction\":[{\"@type\":\"ReadAction\",\"target\":[\"https:\\\/\\\/www.eldiario.net\\\/portal\\\/2021\\\/08\\\/17\\\/amnistia-internacional-pide-evitar-tragedia-en-afganistan\\\/\"]}]},{\"@type\":\"ImageObject\",\"inLanguage\":\"es\",\"@id\":\"https:\\\/\\\/www.eldiario.net\\\/portal\\\/2021\\\/08\\\/17\\\/amnistia-internacional-pide-evitar-tragedia-en-afganistan\\\/#primaryimage\",\"url\":\"\",\"contentUrl\":\"\"},{\"@type\":\"BreadcrumbList\",\"@id\":\"https:\\\/\\\/www.eldiario.net\\\/portal\\\/2021\\\/08\\\/17\\\/amnistia-internacional-pide-evitar-tragedia-en-afganistan\\\/#breadcrumb\",\"itemListElement\":[{\"@type\":\"ListItem\",\"position\":1,\"name\":\"Portada\",\"item\":\"https:\\\/\\\/www.eldiario.net\\\/portal\\\/\"},{\"@type\":\"ListItem\",\"position\":2,\"name\":\"Amnist\u00eda Internacional pide evitar tragedia en Afganist\u00e1n\"}]},{\"@type\":\"WebSite\",\"@id\":\"https:\\\/\\\/www.eldiario.net\\\/portal\\\/#website\",\"url\":\"https:\\\/\\\/www.eldiario.net\\\/portal\\\/\",\"name\":\"El Diario - Decano de la prensa nacional\",\"description\":\"El Diario - Decano de la prensa nacional\",\"publisher\":{\"@id\":\"https:\\\/\\\/www.eldiario.net\\\/portal\\\/#organization\"},\"potentialAction\":[{\"@type\":\"SearchAction\",\"target\":{\"@type\":\"EntryPoint\",\"urlTemplate\":\"https:\\\/\\\/www.eldiario.net\\\/portal\\\/?s={search_term_string}\"},\"query-input\":{\"@type\":\"PropertyValueSpecification\",\"valueRequired\":true,\"valueName\":\"search_term_string\"}}],\"inLanguage\":\"es\"},{\"@type\":\"Organization\",\"@id\":\"https:\\\/\\\/www.eldiario.net\\\/portal\\\/#organization\",\"name\":\"El Diario - Decano de la prensa nacional\",\"url\":\"https:\\\/\\\/www.eldiario.net\\\/portal\\\/\",\"logo\":{\"@type\":\"ImageObject\",\"inLanguage\":\"es\",\"@id\":\"https:\\\/\\\/www.eldiario.net\\\/portal\\\/#\\\/schema\\\/logo\\\/image\\\/\",\"url\":\"https:\\\/\\\/www.eldiario.net\\\/portal\\\/wp-content\\\/uploads\\\/2023\\\/07\\\/logo_ED.jpg\",\"contentUrl\":\"https:\\\/\\\/www.eldiario.net\\\/portal\\\/wp-content\\\/uploads\\\/2023\\\/07\\\/logo_ED.jpg\",\"width\":272,\"height\":52,\"caption\":\"El Diario - Decano de la prensa nacional\"},\"image\":{\"@id\":\"https:\\\/\\\/www.eldiario.net\\\/portal\\\/#\\\/schema\\\/logo\\\/image\\\/\"},\"sameAs\":[\"https:\\\/\\\/www.facebook.com\\\/eldiario.bolivia\\\/\",\"https:\\\/\\\/x.com\\\/eldiario_net\"]},{\"@type\":\"Person\",\"@id\":\"https:\\\/\\\/www.eldiario.net\\\/portal\\\/#\\\/schema\\\/person\\\/f46445640444750d7d753ccd04ae01b7\",\"name\":\"Jeanette\",\"image\":{\"@type\":\"ImageObject\",\"inLanguage\":\"es\",\"@id\":\"https:\\\/\\\/secure.gravatar.com\\\/avatar\\\/3ea2118a5f7dad2b7138b1187a6b7ee55f160b9968b66013c3a3ef39dd7e5798?s=96&d=mm&r=g\",\"url\":\"https:\\\/\\\/secure.gravatar.com\\\/avatar\\\/3ea2118a5f7dad2b7138b1187a6b7ee55f160b9968b66013c3a3ef39dd7e5798?s=96&d=mm&r=g\",\"contentUrl\":\"https:\\\/\\\/secure.gravatar.com\\\/avatar\\\/3ea2118a5f7dad2b7138b1187a6b7ee55f160b9968b66013c3a3ef39dd7e5798?s=96&d=mm&r=g\",\"caption\":\"Jeanette\"},\"sameAs\":[\"https:\\\/\\\/www.eldiario.net\\\/portal\"],\"url\":\"https:\\\/\\\/www.eldiario.net\\\/portal\\\/author\\\/jeanette\\\/\"}]}<\/script>\n<!-- \/ Yoast SEO plugin. -->","yoast_head_json":{"title":"Amnist\u00eda Internacional pide evitar tragedia en Afganist\u00e1n - El Diario - Bolivia","robots":{"index":"index","follow":"follow","max-snippet":"max-snippet:-1","max-image-preview":"max-image-preview:large","max-video-preview":"max-video-preview:-1"},"canonical":"https:\/\/www.eldiario.net\/portal\/2021\/08\/17\/amnistia-internacional-pide-evitar-tragedia-en-afganistan\/","og_locale":"es_ES","og_type":"article","og_title":"Amnist\u00eda Internacional pide evitar tragedia en Afganist\u00e1n - El Diario - Bolivia","og_description":"Kabul.- La ONG Amnist\u00eda Internacional (AI) pidi\u00f3 este lunes actuar \u00abdecisivamente\u00bb para evitar una \u00abtragedia mayor\u00bb en Afganist\u00e1n, despu\u00e9s de que los talib\u00e1n hayan conquistado la capital, Kabul, y la mayor parte del pa\u00eds. La secretaria general de AI, Agnes Callamard, ha lamentado que la situaci\u00f3n en Afganist\u00e1n es una \u00abtragedia\u00bb que \u00abse deber\u00eda haber [&hellip;]","og_url":"https:\/\/www.eldiario.net\/portal\/2021\/08\/17\/amnistia-internacional-pide-evitar-tragedia-en-afganistan\/","og_site_name":"El Diario - Bolivia","article_publisher":"https:\/\/www.facebook.com\/eldiario.bolivia\/","article_published_time":"2021-08-17T09:46:52+00:00","author":"Jeanette","twitter_card":"summary_large_image","twitter_creator":"@eldiario_net","twitter_site":"@eldiario_net","twitter_misc":{"Escrito por":"Jeanette","Tiempo de lectura":"2 minutos"},"schema":{"@context":"https:\/\/schema.org","@graph":[{"@type":"Article","@id":"https:\/\/www.eldiario.net\/portal\/2021\/08\/17\/amnistia-internacional-pide-evitar-tragedia-en-afganistan\/#article","isPartOf":{"@id":"https:\/\/www.eldiario.net\/portal\/2021\/08\/17\/amnistia-internacional-pide-evitar-tragedia-en-afganistan\/"},"author":{"name":"Jeanette","@id":"https:\/\/www.eldiario.net\/portal\/#\/schema\/person\/f46445640444750d7d753ccd04ae01b7"},"headline":"Amnist\u00eda Internacional pide evitar tragedia en Afganist\u00e1n","datePublished":"2021-08-17T09:46:52+00:00","mainEntityOfPage":{"@id":"https:\/\/www.eldiario.net\/portal\/2021\/08\/17\/amnistia-internacional-pide-evitar-tragedia-en-afganistan\/"},"wordCount":310,"publisher":{"@id":"https:\/\/www.eldiario.net\/portal\/#organization"},"image":{"@id":"https:\/\/www.eldiario.net\/portal\/2021\/08\/17\/amnistia-internacional-pide-evitar-tragedia-en-afganistan\/#primaryimage"},"thumbnailUrl":"","articleSection":["Internacional"],"inLanguage":"es"},{"@type":"WebPage","@id":"https:\/\/www.eldiario.net\/portal\/2021\/08\/17\/amnistia-internacional-pide-evitar-tragedia-en-afganistan\/","url":"https:\/\/www.eldiario.net\/portal\/2021\/08\/17\/amnistia-internacional-pide-evitar-tragedia-en-afganistan\/","name":"Amnist\u00eda Internacional pide evitar tragedia en Afganist\u00e1n - El Diario - Bolivia","isPartOf":{"@id":"https:\/\/www.eldiario.net\/portal\/#website"},"primaryImageOfPage":{"@id":"https:\/\/www.eldiario.net\/portal\/2021\/08\/17\/amnistia-internacional-pide-evitar-tragedia-en-afganistan\/#primaryimage"},"image":{"@id":"https:\/\/www.eldiario.net\/portal\/2021\/08\/17\/amnistia-internacional-pide-evitar-tragedia-en-afganistan\/#primaryimage"},"thumbnailUrl":"","datePublished":"2021-08-17T09:46:52+00:00","breadcrumb":{"@id":"https:\/\/www.eldiario.net\/portal\/2021\/08\/17\/amnistia-internacional-pide-evitar-tragedia-en-afganistan\/#breadcrumb"},"inLanguage":"es","potentialAction":[{"@type":"ReadAction","target":["https:\/\/www.eldiario.net\/portal\/2021\/08\/17\/amnistia-internacional-pide-evitar-tragedia-en-afganistan\/"]}]},{"@type":"ImageObject","inLanguage":"es","@id":"https:\/\/www.eldiario.net\/portal\/2021\/08\/17\/amnistia-internacional-pide-evitar-tragedia-en-afganistan\/#primaryimage","url":"","contentUrl":""},{"@type":"BreadcrumbList","@id":"https:\/\/www.eldiario.net\/portal\/2021\/08\/17\/amnistia-internacional-pide-evitar-tragedia-en-afganistan\/#breadcrumb","itemListElement":[{"@type":"ListItem","position":1,"name":"Portada","item":"https:\/\/www.eldiario.net\/portal\/"},{"@type":"ListItem","position":2,"name":"Amnist\u00eda Internacional pide evitar tragedia en Afganist\u00e1n"}]},{"@type":"WebSite","@id":"https:\/\/www.eldiario.net\/portal\/#website","url":"https:\/\/www.eldiario.net\/portal\/","name":"El Diario - Decano de la prensa nacional","description":"El Diario - Decano de la prensa nacional","publisher":{"@id":"https:\/\/www.eldiario.net\/portal\/#organization"},"potentialAction":[{"@type":"SearchAction","target":{"@type":"EntryPoint","urlTemplate":"https:\/\/www.eldiario.net\/portal\/?s={search_term_string}"},"query-input":{"@type":"PropertyValueSpecification","valueRequired":true,"valueName":"search_term_string"}}],"inLanguage":"es"},{"@type":"Organization","@id":"https:\/\/www.eldiario.net\/portal\/#organization","name":"El Diario - Decano de la prensa nacional","url":"https:\/\/www.eldiario.net\/portal\/","logo":{"@type":"ImageObject","inLanguage":"es","@id":"https:\/\/www.eldiario.net\/portal\/#\/schema\/logo\/image\/","url":"https:\/\/www.eldiario.net\/portal\/wp-content\/uploads\/2023\/07\/logo_ED.jpg","contentUrl":"https:\/\/www.eldiario.net\/portal\/wp-content\/uploads\/2023\/07\/logo_ED.jpg","width":272,"height":52,"caption":"El Diario - Decano de la prensa nacional"},"image":{"@id":"https:\/\/www.eldiario.net\/portal\/#\/schema\/logo\/image\/"},"sameAs":["https:\/\/www.facebook.com\/eldiario.bolivia\/","https:\/\/x.com\/eldiario_net"]},{"@type":"Person","@id":"https:\/\/www.eldiario.net\/portal\/#\/schema\/person\/f46445640444750d7d753ccd04ae01b7","name":"Jeanette","image":{"@type":"ImageObject","inLanguage":"es","@id":"https:\/\/secure.gravatar.com\/avatar\/3ea2118a5f7dad2b7138b1187a6b7ee55f160b9968b66013c3a3ef39dd7e5798?s=96&d=mm&r=g","url":"https:\/\/secure.gravatar.com\/avatar\/3ea2118a5f7dad2b7138b1187a6b7ee55f160b9968b66013c3a3ef39dd7e5798?s=96&d=mm&r=g","contentUrl":"https:\/\/secure.gravatar.com\/avatar\/3ea2118a5f7dad2b7138b1187a6b7ee55f160b9968b66013c3a3ef39dd7e5798?s=96&d=mm&r=g","caption":"Jeanette"},"sameAs":["https:\/\/www.eldiario.net\/portal"],"url":"https:\/\/www.eldiario.net\/portal\/author\/jeanette\/"}]}},"_links":{"self":[{"href":"https:\/\/www.eldiario.net\/portal\/wp-json\/wp\/v2\/posts\/23883","targetHints":{"allow":["GET"]}}],"collection":[{"href":"https:\/\/www.eldiario.net\/portal\/wp-json\/wp\/v2\/posts"}],"about":[{"href":"https:\/\/www.eldiario.net\/portal\/wp-json\/wp\/v2\/types\/post"}],"author":[{"embeddable":true,"href":"https:\/\/www.eldiario.net\/portal\/wp-json\/wp\/v2\/users\/1"}],"replies":[{"embeddable":true,"href":"https:\/\/www.eldiario.net\/portal\/wp-json\/wp\/v2\/comments?post=23883"}],"version-history":[{"count":0,"href":"https:\/\/www.eldiario.net\/portal\/wp-json\/wp\/v2\/posts\/23883\/revisions"}],"wp:attachment":[{"href":"https:\/\/www.eldiario.net\/portal\/wp-json\/wp\/v2\/media?parent=23883"}],"wp:term":[{"taxonomy":"category","embeddable":true,"href":"https:\/\/www.eldiario.net\/portal\/wp-json\/wp\/v2\/categories?post=23883"},{"taxonomy":"post_tag","embeddable":true,"href":"https:\/\/www.eldiario.net\/portal\/wp-json\/wp\/v2\/tags?post=23883"}],"curies":[{"name":"wp","href":"https:\/\/api.w.org\/{rel}","templated":true}]}}