{"id":23880,"date":"2021-08-17T05:46:03","date_gmt":"2021-08-17T09:46:03","guid":{"rendered":"https:\/\/www.eldiario.net\/portal\/?p=23880"},"modified":"2021-08-17T05:46:03","modified_gmt":"2021-08-17T09:46:03","slug":"caos-se-apodera-del-aeropuerto-de-kabul","status":"publish","type":"post","link":"https:\/\/www.eldiario.net\/portal\/2021\/08\/17\/caos-se-apodera-del-aeropuerto-de-kabul\/","title":{"rendered":"Caos se apodera del aeropuerto de Kabul"},"content":{"rendered":"<p>El aeropuerto internacional de Kabul ha suspendido todos los vuelos comerciales ante la situaci\u00f3n de caos que se ha vivido en las \u00faltimas horas en la capital afgana, que ha derivado en una presencia masiva en el aer\u00f3dromo de ciudadanos que buscan una v\u00eda de escape ante el avance talib\u00e1n.<\/p>\n<p>Despu\u00e9s de horas de confusi\u00f3n, finalmente las autoridades de aviaci\u00f3n civil han confirmado que no saldr\u00e1 ning\u00fan vuelo comercial por el momento del Aeropuerto Internacional Hamid Karzai. Asimismo, han instado a la ciudadan\u00eda a evitar generar multitudes, seg\u00fan medios locales.<\/p>\n<p>La OTAN inform\u00f3 el pasado domingo de trabajos para garantizar la seguridad del aeropuerto, punto clave de evacuaci\u00f3n para las delegaciones y ciudadanos extranjeros que intentan abandonar el pa\u00eds. Las fuerzas de Estados Unidos tambi\u00e9n se han desplegado en las instalaciones, en el marco de un operativo en el que participan 6.000 efectivos norteamericanos.<\/p>\n<p>No obstante, el Ej\u00e9rcito de Estados Unidos ha suspendido temporalmente sus operaciones a\u00e9reas en el aeropuerto, seg\u00fan ha informado la cadena de televisi\u00f3n CNN, que cita a una fuente del Departamento de Defensa. El objetivo, seg\u00fan la misma fuente, es que los soldados despejen el aer\u00f3dromo de afganos que intentan salir del pa\u00eds.<\/p>\n<p>Horas m\u00e1s tarde, el Ej\u00e9rcito estadounidense ha retomado sus operaciones, aunque los militares ya han avanzado que se esperan m\u00e1s pausas si los afganos contin\u00faan reuni\u00e9ndose en los aer\u00f3dromos, informa la CNN.<\/p>\n<p>Por otro lado, los militares estadounidenses han matado a dos hombres armados que abrieron fuego contra ellos en el aeropuerto de la capital afgana, ha recogido el citado medio, que cita a una fuente de Defensa. La fuente no ha especificado si eran miembros de los talibanes y el Ej\u00e9rcito considera que se trata de un incidente aislado.<\/p>\n<p>Las im\u00e1genes difundidas por los medios muestran a cientos de personas en el aer\u00f3dromo, de donde llegan informaciones confusas que hablan de posibles disparos. Una fuente citada por la agencia de noticias rusa Sputnik habla ya de varios muertos, que ser\u00edan al menos tres seg\u00fan &#8216;The Wall Street Journal&#8217;.<\/p>\n<p>Asimismo, portales como Tolo News se han hecho eco de los intentos desesperados de decenas de personas por encaramarse a un avi\u00f3n de la Fuerza A\u00e9rea de Estados Unidos en el momento del despegue. Seg\u00fan este medio, varias personas habr\u00edan muerto tras caer al vac\u00edo cuando la aeronave comenz\u00f3 a tomar altura.<\/p>\n<p>La situaci\u00f3n se ha precipitado tras la llegada de los talibanes a Kabul, que ha supuesto la ca\u00edda &#8216;de facto&#8217; del actual Gobierno y la hu\u00edda del pa\u00eds del presidente, Ashraf Ghani. Los insurgentes se han hecho con el control de la mayor\u00eda del pa\u00eds en menos de dos semanas.<\/p>\n<p>&nbsp;<\/p>\n<p>EVACUACIONES<\/p>\n<p>ACELERADAS<\/p>\n<p>El Gobierno de Espa\u00f1a anunci\u00f3 el env\u00edo dos aviones a Dub\u00e1i para repatriar a los espa\u00f1oles y traductores afganos, algo que tambi\u00e9n han hecho otros pa\u00edses como Alemania, que ha completado este lunes la fase inicial de la evacuaci\u00f3n con la llegada de los primeros ciudadanos a Doha, seg\u00fan fuentes citadas por la agencia DPA.<\/p>\n<p>La ministra de Defensa de Francia, Florence Parly, ha informado igualmente del inicio de una gran campa\u00f1a de traslados, con vistas a que haya varias \u00abrotaciones\u00bb entre Afganist\u00e1n y Emiratos \u00c1rabes Unidos para agilizar la evacuaci\u00f3n de los ciudadanos galos.<\/p>\n<p>Por parte de Italia, este lunes se espera la llegada a Roma de un primer vuelo con 50 nacionales italianos y 20 antiguos colaboradores, seg\u00fan fuentes de Defensa citadas por Adnkronos. El ministro de Exteriores, Luigi Di Maio, ha explicado que s\u00f3lo quedar\u00e1 en Kabul una representaci\u00f3n diplom\u00e1tica m\u00ednima. (Europa Press)<\/p>\n","protected":false},"excerpt":{"rendered":"<p>El aeropuerto internacional de Kabul ha suspendido todos los vuelos comerciales ante la situaci\u00f3n de caos que se ha vivido en las \u00faltimas horas en la capital afgana, que ha derivado en una presencia masiva en el aer\u00f3dromo de ciudadanos que buscan una v\u00eda de escape ante el avance talib\u00e1n. Despu\u00e9s de horas de confusi\u00f3n, [&hellip;]<\/p>\n","protected":false},"author":1,"featured_media":23881,"comment_status":"closed","ping_status":"closed","sticky":false,"template":"","format":"standard","meta":{"_acf_changed":false,"footnotes":""},"categories":[3],"tags":[],"class_list":["post-23880","post","type-post","status-publish","format-standard","has-post-thumbnail","category-internacional"],"acf":{"antetitulo":""},"yoast_head":"<!-- This site is optimized with the Yoast SEO plugin v28.4 - https:\/\/yoast.com\/product\/yoast-seo-wordpress\/ -->\n<title>Caos se apodera del aeropuerto de Kabul - El Diario - Bolivia<\/title>\n<meta name=\"robots\" content=\"index, follow, max-snippet:-1, max-image-preview:large, max-video-preview:-1\" \/>\n<link rel=\"canonical\" href=\"https:\/\/www.eldiario.net\/portal\/2021\/08\/17\/caos-se-apodera-del-aeropuerto-de-kabul\/\" \/>\n<meta property=\"og:locale\" content=\"es_ES\" \/>\n<meta property=\"og:type\" content=\"article\" \/>\n<meta property=\"og:title\" content=\"Caos se apodera del aeropuerto de Kabul - El Diario - Bolivia\" \/>\n<meta property=\"og:description\" content=\"El aeropuerto internacional de Kabul ha suspendido todos los vuelos comerciales ante la situaci\u00f3n de caos que se ha vivido en las \u00faltimas horas en la capital afgana, que ha derivado en una presencia masiva en el aer\u00f3dromo de ciudadanos que buscan una v\u00eda de escape ante el avance talib\u00e1n. Despu\u00e9s de horas de confusi\u00f3n, [&hellip;]\" \/>\n<meta property=\"og:url\" content=\"https:\/\/www.eldiario.net\/portal\/2021\/08\/17\/caos-se-apodera-del-aeropuerto-de-kabul\/\" \/>\n<meta property=\"og:site_name\" content=\"El Diario - Bolivia\" \/>\n<meta property=\"article:publisher\" content=\"https:\/\/www.facebook.com\/eldiario.bolivia\/\" \/>\n<meta property=\"article:published_time\" content=\"2021-08-17T09:46:03+00:00\" \/>\n<meta property=\"og:image\" content=\"https:\/\/www.eldiario.net\/portal\/wp-content\/uploads\/2021\/08\/INTE-Caos-se-apodera-del-aeropuerto.jpg\" \/>\n\t<meta property=\"og:image:width\" content=\"1024\" \/>\n\t<meta property=\"og:image:height\" content=\"576\" \/>\n\t<meta property=\"og:image:type\" content=\"image\/jpeg\" \/>\n<meta name=\"author\" content=\"Jeanette\" \/>\n<meta name=\"twitter:card\" content=\"summary_large_image\" \/>\n<meta name=\"twitter:creator\" content=\"@eldiario_net\" \/>\n<meta name=\"twitter:site\" content=\"@eldiario_net\" \/>\n<meta name=\"twitter:label1\" content=\"Escrito por\" \/>\n\t<meta name=\"twitter:data1\" content=\"Jeanette\" \/>\n\t<meta name=\"twitter:label2\" content=\"Tiempo de lectura\" \/>\n\t<meta name=\"twitter:data2\" content=\"3 minutos\" \/>\n<script type=\"application\/ld+json\" class=\"yoast-schema-graph\">{\"@context\":\"https:\\\/\\\/schema.org\",\"@graph\":[{\"@type\":\"Article\",\"@id\":\"https:\\\/\\\/www.eldiario.net\\\/portal\\\/2021\\\/08\\\/17\\\/caos-se-apodera-del-aeropuerto-de-kabul\\\/#article\",\"isPartOf\":{\"@id\":\"https:\\\/\\\/www.eldiario.net\\\/portal\\\/2021\\\/08\\\/17\\\/caos-se-apodera-del-aeropuerto-de-kabul\\\/\"},\"author\":{\"name\":\"Jeanette\",\"@id\":\"https:\\\/\\\/www.eldiario.net\\\/portal\\\/#\\\/schema\\\/person\\\/f46445640444750d7d753ccd04ae01b7\"},\"headline\":\"Caos se apodera del aeropuerto de Kabul\",\"datePublished\":\"2021-08-17T09:46:03+00:00\",\"mainEntityOfPage\":{\"@id\":\"https:\\\/\\\/www.eldiario.net\\\/portal\\\/2021\\\/08\\\/17\\\/caos-se-apodera-del-aeropuerto-de-kabul\\\/\"},\"wordCount\":649,\"publisher\":{\"@id\":\"https:\\\/\\\/www.eldiario.net\\\/portal\\\/#organization\"},\"image\":{\"@id\":\"https:\\\/\\\/www.eldiario.net\\\/portal\\\/2021\\\/08\\\/17\\\/caos-se-apodera-del-aeropuerto-de-kabul\\\/#primaryimage\"},\"thumbnailUrl\":\"https:\\\/\\\/www.eldiario.net\\\/portal\\\/wp-content\\\/uploads\\\/2021\\\/08\\\/INTE-Caos-se-apodera-del-aeropuerto.jpg\",\"articleSection\":[\"Internacional\"],\"inLanguage\":\"es\"},{\"@type\":\"WebPage\",\"@id\":\"https:\\\/\\\/www.eldiario.net\\\/portal\\\/2021\\\/08\\\/17\\\/caos-se-apodera-del-aeropuerto-de-kabul\\\/\",\"url\":\"https:\\\/\\\/www.eldiario.net\\\/portal\\\/2021\\\/08\\\/17\\\/caos-se-apodera-del-aeropuerto-de-kabul\\\/\",\"name\":\"Caos se apodera del aeropuerto de Kabul - El Diario - Bolivia\",\"isPartOf\":{\"@id\":\"https:\\\/\\\/www.eldiario.net\\\/portal\\\/#website\"},\"primaryImageOfPage\":{\"@id\":\"https:\\\/\\\/www.eldiario.net\\\/portal\\\/2021\\\/08\\\/17\\\/caos-se-apodera-del-aeropuerto-de-kabul\\\/#primaryimage\"},\"image\":{\"@id\":\"https:\\\/\\\/www.eldiario.net\\\/portal\\\/2021\\\/08\\\/17\\\/caos-se-apodera-del-aeropuerto-de-kabul\\\/#primaryimage\"},\"thumbnailUrl\":\"https:\\\/\\\/www.eldiario.net\\\/portal\\\/wp-content\\\/uploads\\\/2021\\\/08\\\/INTE-Caos-se-apodera-del-aeropuerto.jpg\",\"datePublished\":\"2021-08-17T09:46:03+00:00\",\"breadcrumb\":{\"@id\":\"https:\\\/\\\/www.eldiario.net\\\/portal\\\/2021\\\/08\\\/17\\\/caos-se-apodera-del-aeropuerto-de-kabul\\\/#breadcrumb\"},\"inLanguage\":\"es\",\"potentialAction\":[{\"@type\":\"ReadAction\",\"target\":[\"https:\\\/\\\/www.eldiario.net\\\/portal\\\/2021\\\/08\\\/17\\\/caos-se-apodera-del-aeropuerto-de-kabul\\\/\"]}]},{\"@type\":\"ImageObject\",\"inLanguage\":\"es\",\"@id\":\"https:\\\/\\\/www.eldiario.net\\\/portal\\\/2021\\\/08\\\/17\\\/caos-se-apodera-del-aeropuerto-de-kabul\\\/#primaryimage\",\"url\":\"https:\\\/\\\/www.eldiario.net\\\/portal\\\/wp-content\\\/uploads\\\/2021\\\/08\\\/INTE-Caos-se-apodera-del-aeropuerto.jpg\",\"contentUrl\":\"https:\\\/\\\/www.eldiario.net\\\/portal\\\/wp-content\\\/uploads\\\/2021\\\/08\\\/INTE-Caos-se-apodera-del-aeropuerto.jpg\",\"width\":1024,\"height\":576,\"caption\":\"EL AEROPUERTO INTERNACIONAL DE KABUL HA SUSPENDIDO TODOS LOS VUELOS COMERCIALES ANTE LA SITUACI\u00d3N DE CAOS QUE SE HA VIVIDO EN LAS \u00daLTIMAS HORAS EN LA CAPITAL AFGANA CON PERSONAS DESPERADAS DE ESCAPAR POR PRESENCIA DE TALIBANES. DIARIO DE AVISOS\"},{\"@type\":\"BreadcrumbList\",\"@id\":\"https:\\\/\\\/www.eldiario.net\\\/portal\\\/2021\\\/08\\\/17\\\/caos-se-apodera-del-aeropuerto-de-kabul\\\/#breadcrumb\",\"itemListElement\":[{\"@type\":\"ListItem\",\"position\":1,\"name\":\"Portada\",\"item\":\"https:\\\/\\\/www.eldiario.net\\\/portal\\\/\"},{\"@type\":\"ListItem\",\"position\":2,\"name\":\"Caos se apodera del aeropuerto de Kabul\"}]},{\"@type\":\"WebSite\",\"@id\":\"https:\\\/\\\/www.eldiario.net\\\/portal\\\/#website\",\"url\":\"https:\\\/\\\/www.eldiario.net\\\/portal\\\/\",\"name\":\"El Diario - Decano de la prensa nacional\",\"description\":\"El Diario - Decano de la prensa nacional\",\"publisher\":{\"@id\":\"https:\\\/\\\/www.eldiario.net\\\/portal\\\/#organization\"},\"potentialAction\":[{\"@type\":\"SearchAction\",\"target\":{\"@type\":\"EntryPoint\",\"urlTemplate\":\"https:\\\/\\\/www.eldiario.net\\\/portal\\\/?s={search_term_string}\"},\"query-input\":{\"@type\":\"PropertyValueSpecification\",\"valueRequired\":true,\"valueName\":\"search_term_string\"}}],\"inLanguage\":\"es\"},{\"@type\":\"Organization\",\"@id\":\"https:\\\/\\\/www.eldiario.net\\\/portal\\\/#organization\",\"name\":\"El Diario - Decano de la prensa nacional\",\"url\":\"https:\\\/\\\/www.eldiario.net\\\/portal\\\/\",\"logo\":{\"@type\":\"ImageObject\",\"inLanguage\":\"es\",\"@id\":\"https:\\\/\\\/www.eldiario.net\\\/portal\\\/#\\\/schema\\\/logo\\\/image\\\/\",\"url\":\"https:\\\/\\\/www.eldiario.net\\\/portal\\\/wp-content\\\/uploads\\\/2023\\\/07\\\/logo_ED.jpg\",\"contentUrl\":\"https:\\\/\\\/www.eldiario.net\\\/portal\\\/wp-content\\\/uploads\\\/2023\\\/07\\\/logo_ED.jpg\",\"width\":272,\"height\":52,\"caption\":\"El Diario - Decano de la prensa nacional\"},\"image\":{\"@id\":\"https:\\\/\\\/www.eldiario.net\\\/portal\\\/#\\\/schema\\\/logo\\\/image\\\/\"},\"sameAs\":[\"https:\\\/\\\/www.facebook.com\\\/eldiario.bolivia\\\/\",\"https:\\\/\\\/x.com\\\/eldiario_net\"]},{\"@type\":\"Person\",\"@id\":\"https:\\\/\\\/www.eldiario.net\\\/portal\\\/#\\\/schema\\\/person\\\/f46445640444750d7d753ccd04ae01b7\",\"name\":\"Jeanette\",\"image\":{\"@type\":\"ImageObject\",\"inLanguage\":\"es\",\"@id\":\"https:\\\/\\\/secure.gravatar.com\\\/avatar\\\/3ea2118a5f7dad2b7138b1187a6b7ee55f160b9968b66013c3a3ef39dd7e5798?s=96&d=mm&r=g\",\"url\":\"https:\\\/\\\/secure.gravatar.com\\\/avatar\\\/3ea2118a5f7dad2b7138b1187a6b7ee55f160b9968b66013c3a3ef39dd7e5798?s=96&d=mm&r=g\",\"contentUrl\":\"https:\\\/\\\/secure.gravatar.com\\\/avatar\\\/3ea2118a5f7dad2b7138b1187a6b7ee55f160b9968b66013c3a3ef39dd7e5798?s=96&d=mm&r=g\",\"caption\":\"Jeanette\"},\"sameAs\":[\"https:\\\/\\\/www.eldiario.net\\\/portal\"],\"url\":\"https:\\\/\\\/www.eldiario.net\\\/portal\\\/author\\\/jeanette\\\/\"}]}<\/script>\n<!-- \/ Yoast SEO plugin. -->","yoast_head_json":{"title":"Caos se apodera del aeropuerto de Kabul - El Diario - Bolivia","robots":{"index":"index","follow":"follow","max-snippet":"max-snippet:-1","max-image-preview":"max-image-preview:large","max-video-preview":"max-video-preview:-1"},"canonical":"https:\/\/www.eldiario.net\/portal\/2021\/08\/17\/caos-se-apodera-del-aeropuerto-de-kabul\/","og_locale":"es_ES","og_type":"article","og_title":"Caos se apodera del aeropuerto de Kabul - El Diario - Bolivia","og_description":"El aeropuerto internacional de Kabul ha suspendido todos los vuelos comerciales ante la situaci\u00f3n de caos que se ha vivido en las \u00faltimas horas en la capital afgana, que ha derivado en una presencia masiva en el aer\u00f3dromo de ciudadanos que buscan una v\u00eda de escape ante el avance talib\u00e1n. Despu\u00e9s de horas de confusi\u00f3n, [&hellip;]","og_url":"https:\/\/www.eldiario.net\/portal\/2021\/08\/17\/caos-se-apodera-del-aeropuerto-de-kabul\/","og_site_name":"El Diario - Bolivia","article_publisher":"https:\/\/www.facebook.com\/eldiario.bolivia\/","article_published_time":"2021-08-17T09:46:03+00:00","og_image":[{"width":1024,"height":576,"url":"https:\/\/www.eldiario.net\/portal\/wp-content\/uploads\/2021\/08\/INTE-Caos-se-apodera-del-aeropuerto.jpg","type":"image\/jpeg"}],"author":"Jeanette","twitter_card":"summary_large_image","twitter_creator":"@eldiario_net","twitter_site":"@eldiario_net","twitter_misc":{"Escrito por":"Jeanette","Tiempo de lectura":"3 minutos"},"schema":{"@context":"https:\/\/schema.org","@graph":[{"@type":"Article","@id":"https:\/\/www.eldiario.net\/portal\/2021\/08\/17\/caos-se-apodera-del-aeropuerto-de-kabul\/#article","isPartOf":{"@id":"https:\/\/www.eldiario.net\/portal\/2021\/08\/17\/caos-se-apodera-del-aeropuerto-de-kabul\/"},"author":{"name":"Jeanette","@id":"https:\/\/www.eldiario.net\/portal\/#\/schema\/person\/f46445640444750d7d753ccd04ae01b7"},"headline":"Caos se apodera del aeropuerto de Kabul","datePublished":"2021-08-17T09:46:03+00:00","mainEntityOfPage":{"@id":"https:\/\/www.eldiario.net\/portal\/2021\/08\/17\/caos-se-apodera-del-aeropuerto-de-kabul\/"},"wordCount":649,"publisher":{"@id":"https:\/\/www.eldiario.net\/portal\/#organization"},"image":{"@id":"https:\/\/www.eldiario.net\/portal\/2021\/08\/17\/caos-se-apodera-del-aeropuerto-de-kabul\/#primaryimage"},"thumbnailUrl":"https:\/\/www.eldiario.net\/portal\/wp-content\/uploads\/2021\/08\/INTE-Caos-se-apodera-del-aeropuerto.jpg","articleSection":["Internacional"],"inLanguage":"es"},{"@type":"WebPage","@id":"https:\/\/www.eldiario.net\/portal\/2021\/08\/17\/caos-se-apodera-del-aeropuerto-de-kabul\/","url":"https:\/\/www.eldiario.net\/portal\/2021\/08\/17\/caos-se-apodera-del-aeropuerto-de-kabul\/","name":"Caos se apodera del aeropuerto de Kabul - El Diario - Bolivia","isPartOf":{"@id":"https:\/\/www.eldiario.net\/portal\/#website"},"primaryImageOfPage":{"@id":"https:\/\/www.eldiario.net\/portal\/2021\/08\/17\/caos-se-apodera-del-aeropuerto-de-kabul\/#primaryimage"},"image":{"@id":"https:\/\/www.eldiario.net\/portal\/2021\/08\/17\/caos-se-apodera-del-aeropuerto-de-kabul\/#primaryimage"},"thumbnailUrl":"https:\/\/www.eldiario.net\/portal\/wp-content\/uploads\/2021\/08\/INTE-Caos-se-apodera-del-aeropuerto.jpg","datePublished":"2021-08-17T09:46:03+00:00","breadcrumb":{"@id":"https:\/\/www.eldiario.net\/portal\/2021\/08\/17\/caos-se-apodera-del-aeropuerto-de-kabul\/#breadcrumb"},"inLanguage":"es","potentialAction":[{"@type":"ReadAction","target":["https:\/\/www.eldiario.net\/portal\/2021\/08\/17\/caos-se-apodera-del-aeropuerto-de-kabul\/"]}]},{"@type":"ImageObject","inLanguage":"es","@id":"https:\/\/www.eldiario.net\/portal\/2021\/08\/17\/caos-se-apodera-del-aeropuerto-de-kabul\/#primaryimage","url":"https:\/\/www.eldiario.net\/portal\/wp-content\/uploads\/2021\/08\/INTE-Caos-se-apodera-del-aeropuerto.jpg","contentUrl":"https:\/\/www.eldiario.net\/portal\/wp-content\/uploads\/2021\/08\/INTE-Caos-se-apodera-del-aeropuerto.jpg","width":1024,"height":576,"caption":"EL AEROPUERTO INTERNACIONAL DE KABUL HA SUSPENDIDO TODOS LOS VUELOS COMERCIALES ANTE LA SITUACI\u00d3N DE CAOS QUE SE HA VIVIDO EN LAS \u00daLTIMAS HORAS EN LA CAPITAL AFGANA CON PERSONAS DESPERADAS DE ESCAPAR POR PRESENCIA DE TALIBANES. DIARIO DE AVISOS"},{"@type":"BreadcrumbList","@id":"https:\/\/www.eldiario.net\/portal\/2021\/08\/17\/caos-se-apodera-del-aeropuerto-de-kabul\/#breadcrumb","itemListElement":[{"@type":"ListItem","position":1,"name":"Portada","item":"https:\/\/www.eldiario.net\/portal\/"},{"@type":"ListItem","position":2,"name":"Caos se apodera del aeropuerto de Kabul"}]},{"@type":"WebSite","@id":"https:\/\/www.eldiario.net\/portal\/#website","url":"https:\/\/www.eldiario.net\/portal\/","name":"El Diario - Decano de la prensa nacional","description":"El Diario - Decano de la prensa nacional","publisher":{"@id":"https:\/\/www.eldiario.net\/portal\/#organization"},"potentialAction":[{"@type":"SearchAction","target":{"@type":"EntryPoint","urlTemplate":"https:\/\/www.eldiario.net\/portal\/?s={search_term_string}"},"query-input":{"@type":"PropertyValueSpecification","valueRequired":true,"valueName":"search_term_string"}}],"inLanguage":"es"},{"@type":"Organization","@id":"https:\/\/www.eldiario.net\/portal\/#organization","name":"El Diario - Decano de la prensa nacional","url":"https:\/\/www.eldiario.net\/portal\/","logo":{"@type":"ImageObject","inLanguage":"es","@id":"https:\/\/www.eldiario.net\/portal\/#\/schema\/logo\/image\/","url":"https:\/\/www.eldiario.net\/portal\/wp-content\/uploads\/2023\/07\/logo_ED.jpg","contentUrl":"https:\/\/www.eldiario.net\/portal\/wp-content\/uploads\/2023\/07\/logo_ED.jpg","width":272,"height":52,"caption":"El Diario - Decano de la prensa nacional"},"image":{"@id":"https:\/\/www.eldiario.net\/portal\/#\/schema\/logo\/image\/"},"sameAs":["https:\/\/www.facebook.com\/eldiario.bolivia\/","https:\/\/x.com\/eldiario_net"]},{"@type":"Person","@id":"https:\/\/www.eldiario.net\/portal\/#\/schema\/person\/f46445640444750d7d753ccd04ae01b7","name":"Jeanette","image":{"@type":"ImageObject","inLanguage":"es","@id":"https:\/\/secure.gravatar.com\/avatar\/3ea2118a5f7dad2b7138b1187a6b7ee55f160b9968b66013c3a3ef39dd7e5798?s=96&d=mm&r=g","url":"https:\/\/secure.gravatar.com\/avatar\/3ea2118a5f7dad2b7138b1187a6b7ee55f160b9968b66013c3a3ef39dd7e5798?s=96&d=mm&r=g","contentUrl":"https:\/\/secure.gravatar.com\/avatar\/3ea2118a5f7dad2b7138b1187a6b7ee55f160b9968b66013c3a3ef39dd7e5798?s=96&d=mm&r=g","caption":"Jeanette"},"sameAs":["https:\/\/www.eldiario.net\/portal"],"url":"https:\/\/www.eldiario.net\/portal\/author\/jeanette\/"}]}},"_links":{"self":[{"href":"https:\/\/www.eldiario.net\/portal\/wp-json\/wp\/v2\/posts\/23880","targetHints":{"allow":["GET"]}}],"collection":[{"href":"https:\/\/www.eldiario.net\/portal\/wp-json\/wp\/v2\/posts"}],"about":[{"href":"https:\/\/www.eldiario.net\/portal\/wp-json\/wp\/v2\/types\/post"}],"author":[{"embeddable":true,"href":"https:\/\/www.eldiario.net\/portal\/wp-json\/wp\/v2\/users\/1"}],"replies":[{"embeddable":true,"href":"https:\/\/www.eldiario.net\/portal\/wp-json\/wp\/v2\/comments?post=23880"}],"version-history":[{"count":0,"href":"https:\/\/www.eldiario.net\/portal\/wp-json\/wp\/v2\/posts\/23880\/revisions"}],"wp:featuredmedia":[{"embeddable":true,"href":"https:\/\/www.eldiario.net\/portal\/wp-json\/wp\/v2\/media\/23881"}],"wp:attachment":[{"href":"https:\/\/www.eldiario.net\/portal\/wp-json\/wp\/v2\/media?parent=23880"}],"wp:term":[{"taxonomy":"category","embeddable":true,"href":"https:\/\/www.eldiario.net\/portal\/wp-json\/wp\/v2\/categories?post=23880"},{"taxonomy":"post_tag","embeddable":true,"href":"https:\/\/www.eldiario.net\/portal\/wp-json\/wp\/v2\/tags?post=23880"}],"curies":[{"name":"wp","href":"https:\/\/api.w.org\/{rel}","templated":true}]}}