{"id":238753,"date":"2024-08-05T06:08:54","date_gmt":"2024-08-05T10:08:54","guid":{"rendered":"https:\/\/www.eldiario.net\/portal\/?p=238753"},"modified":"2024-08-05T06:08:54","modified_gmt":"2024-08-05T10:08:54","slug":"los-grupos-top-de-la-cumbia-2024-estaran-en-el-fest-kumbiero-circus","status":"publish","type":"post","link":"https:\/\/www.eldiario.net\/portal\/2024\/08\/05\/los-grupos-top-de-la-cumbia-2024-estaran-en-el-fest-kumbiero-circus\/","title":{"rendered":"Los grupos top de la cumbia 2024  estar\u00e1n en el Fest Kumbiero Circus"},"content":{"rendered":"<p>Los grupos top de la cumbia 2024 estar\u00e1n en el Fest Kumbiero Circus, que se realizar\u00e1 el s\u00e1bado 10 de agosto, a partir de las 13:00 horas, en el Complejo del Sindicato de Transporte \u201cLitoral\u201d, en el ingreso a Mallasa, zona sur de la ciudad de La Paz.<\/p>\n<p>La cuarta versi\u00f3n del evento tendr\u00e1 la estelar presencia de Jambao, La Repandilla, Valentino Merlo, Grupo Uno, Onda Kumbiera, Los Trampa y Explosi\u00f3n Cumbiera, que interpretar\u00e1n, como no podr\u00eda ser de otra manera, sus m\u00e1s grandes \u00e9xitos.<\/p>\n<p>El Fest Kumbiero es un importante festival de cumbia que se realiza una vez al a\u00f1o en la ciudad de La Paz. Fue creado por iniciativa de la productora GyG Producciones, empresa con amplia trayectoria en la industria musical, liderada por Gast\u00f3n Morales y Fernando Morales, quienes desde hace m\u00e1s de 15 a\u00f1os vienen innovando en el campo del espect\u00e1culo en Bolivia. Desde el a\u00f1o 2020, los ejecutivos de GyG Producciones hicieron una alianza con la agrupaci\u00f3n Onda Kumbiera de Diego Soria, quien valientemente se arriesg\u00f3 a formar el grupo en pleno confinamiento, reuniendo talentos en busca de expresar su arte, y que precisamente el s\u00e1bado 10 de agosto festejar\u00e1 su aniversario.<\/p>\n<p>La 1ra. versi\u00f3n del festival se realiz\u00f3 el 10 de agosto de 2021 en el Teatro al Aire Libre \u201cJaime Laredo Unzueta\u201d con grupos y solistas 100% nacionales: Onda Kumbiera, Mas &amp; Mas, Loca Kumbia, PK-2, Los Capos y Gast\u00f3n Soza, \u201csiendo el primer concierto modelo pos pandemia covid-19, aplicando todas las medidas de bioseguridad instauradas por el Ministerio de Salud de nuestro pa\u00eds\u201d, record\u00f3 Gast\u00f3n Morales.<\/p>\n<p>El categ\u00f3rico \u00e9xito de este festival inspir\u00f3 a los productores a efectuar la segunda versi\u00f3n un a\u00f1o despu\u00e9s, el 28 de agosto de 2022, en el Complejo del Sindicato de Transporte \u201cLitoral\u201d, en Mallasa, haciendo part\u00edcipes a grupos musicales nacionales e internacionales: Jambao y Angela Leyva de Argentina, William Luna de Per\u00fa, como invitado especial del anfitri\u00f3n, y Onda Kumbiera, Veneno, Maroyu de N\u00e9stor Yucra y La Pura Sabrosura de Bolivia, lo que da paso a denominar el espect\u00e1culo Fest Kumbiero Internacional.<\/p>\n<p>La 3ra. versi\u00f3n del festival se realiz\u00f3 el 12 de agosto de 2023 con los grupos Amar Azul, La Repandilla y Red de Argentina, Am\u00e9rico de Chile (invitado), Onda Kumbiera y Sabor Sabor de Cochabamba, Bolivia. \u201cSe determin\u00f3 hacer (el evento) en el mismo lugar de la versi\u00f3n anterior, por ser considerado un espacio acogedor, seguro y, sobre todo, por contar con un clima fascinante para los artistas y el p\u00fablico en general, adem\u00e1s de poder degustar la exquisita gastronom\u00eda de la populosa zona de Mallasa\u201d, cont\u00f3 Morales.<\/p>\n<p>El reto de este a\u00f1o es superar lo logrado en las tres anteriores versiones, adoptando para ello la tem\u00e1tica internacional denominada \u201cFest Kumbiero Circus\u201d, que reflejar\u00e1 escenas y escenograf\u00eda que har\u00e1n honor a su nombre, teniendo como cartelera a los mejores de la cumbia.<\/p>\n<p><strong>LA CARTELERA<\/strong><\/p>\n<p>Jambao, con m\u00e1s 25 a\u00f1os de trayectoria musical, se presentar\u00e1 por segunda vez en este festival a pedido del publico cumbiero que quiere cantar y bailar canciones como \u201cLa tengo que olvidar\u201d, \u201cNo nos supimos amar\u201d, \u201cNo quiero vivir\u201d, \u201cConsejo\u201d, \u201cCarla\u201d, \u201cTe arrepentir\u00e1s\u201d, \u201cSe parece m\u00e1s a ti\u201d, \u201cMi chica\u201d, \u201cLo que me duele\u201d y \u201cMi ni\u00f1a hermosa\u201d, entre otras.<\/p>\n<p>La Repandilla, liderada por Oscar Belondi, es otro de los grupos reconocidos internacionalmente que ser\u00e1 parte del Fest Kumbiero por segunda vez, con canciones que nunca pasan de moda, como \u201cTraigo una rosa\u201d, \u201cCarcelero\u201d, \u201cLa mejor de todas\u201d, \u201cBonita y mentirosa\u201d, \u201cLoquito por ti\u201d, \u201cEres\u201d y \u201cColegiala\u201d, todas coreadas a todo pulm\u00f3n en las presentaciones que realiza.<\/p>\n<p>Valentino Merlo es un joven artista argentino que ha capturado la atenci\u00f3n de millones con su talento musical, liderando los rankings de plataformas digitales como YouTube y Spotyfi. En esta oportunidad es el invitado especial de la agrupaci\u00f3n agasajada, Onda Kumbiera, para compartir escenario y juntos generar nuevas experiencias en el p\u00fablico.<\/p>\n<p>Grupo Uno, con m\u00e1s de tres d\u00e9cadas de carrera pisando escenarios importantes por toda Latinoam\u00e9rica, ser\u00e1 parte de la cartelera 2024 del Fest Kumbiero Circus. Alguna de sus canciones que disfrutaremos son: \u201cPoeta enamorado\u201d, \u201cEres\u201d, \u201cDesn\u00fadate mi amor\u201d, \u201cAmor pirata\u201d, \u201cAmor carnal\u201d y \u201cLa primicia\u201d. Realmente es una lista impresionante de \u00e9xitos.<\/p>\n<p>Onda Kumbiera. Como cada a\u00f1o, el grupo cochabambino, conocido tambi\u00e9n por sus fans como \u201cTus kochalitos preferidos\u201d, renovar\u00e1 su set list, para exponer su nuevo repertorio al p\u00fablico que asista al festival, donde no faltar\u00e1n canciones como: \u201cMix cumbiero\u201d, \u201cMix Climax\u201d, \u201cTe acuerdas de m\u00ed\u201d, \u201cS\u00e9 que te amar\u00e9\u201d, etc.<\/p>\n<p>Los Trampa, grupo que representar\u00e1 a la cumbia pace\u00f1a, es la primera vez que participar\u00e1 en este gran festival, llevando lo mejor de su repertorio. \u201cTe quiero dar amor\u201d, \u201cQue seas feliz\u201d y \u201cFrente a frente\u201d son algunas de sus canciones.<\/p>\n<p>Explosi\u00f3n Cumbiera, que ha adquirido bastante popularidad en el p\u00fablico pace\u00f1o, ser\u00e1 tambi\u00e9n participe de este gran festival, con un amplio repertorio, convirti\u00e9ndose en uno de los grupos m\u00e1s esperados en esta reuni\u00f3n de grupos top 2024.<\/p>\n<p><strong>EL ESCENARIO<\/strong><\/p>\n<p>\u201cVamos a contar, una vez m\u00e1s, con el escenario m\u00e1s grande de Bolivia, con aproximadamente 50 metros de frente, m\u00e1s de 300 m2 de pantalla y luces inteligentes. Y destacar que seremos el primer concierto en La Paz que tendr\u00e1 el mejor sistema de sonido a nivel mundial, \u201cL-acoustics\u201d.<\/p>\n<p>Todo esto se desarrollar\u00e1 el s\u00e1bado 10 de agosto, en el Complejo del Sindicato \u201cLitoral\u201d, en el ingreso a Mallasa, a partir de las 13:00 horas. Estamos seguros que vivir\u00e1n nuevas experiencias con una tem\u00e1tica de circo. Las entradas pueden conseguir online por TodoTix y en f\u00edsico en Discolandia (El Prado), Pollos Cochabamba (UMSA) y Hotel Alexander (El Alto). Quedan dos sectores: Vip 150 Bs. y General 100 Bs. Informes al 74914951\u201d, concluy\u00f3 el personero de GyG Producciones.<\/p>\n\r\n                <style type=\"text\/css\">\r\n                    \r\n                    #tdi_1  .td-doubleSlider-2 .td-item1 {\r\n                        background: url(https:\/\/www.eldiario.net\/portal\/wp-content\/uploads\/2024\/08\/1-PRINCIPAL-2-80x60.jpg) 0 0 no-repeat;\r\n                    }\r\n                    #tdi_1  .td-doubleSlider-2 .td-item2 {\r\n                        background: url(https:\/\/www.eldiario.net\/portal\/wp-content\/uploads\/2024\/08\/2-2-80x60.jpg) 0 0 no-repeat;\r\n                    }\r\n                    #tdi_1  .td-doubleSlider-2 .td-item3 {\r\n                        background: url(https:\/\/www.eldiario.net\/portal\/wp-content\/uploads\/2024\/08\/3-2-80x60.jpg) 0 0 no-repeat;\r\n                    }\r\n                    #tdi_1  .td-doubleSlider-2 .td-item4 {\r\n                        background: url(https:\/\/www.eldiario.net\/portal\/wp-content\/uploads\/2024\/08\/4-2-80x60.jpg) 0 0 no-repeat;\r\n                    }\r\n                    #tdi_1  .td-doubleSlider-2 .td-item5 {\r\n                        background: url(https:\/\/www.eldiario.net\/portal\/wp-content\/uploads\/2024\/08\/5-2-80x60.jpg) 0 0 no-repeat;\r\n                    }\r\n                    #tdi_1  .td-doubleSlider-2 .td-item6 {\r\n                        background: url(https:\/\/www.eldiario.net\/portal\/wp-content\/uploads\/2024\/08\/6-80x60.jpg) 0 0 no-repeat;\r\n                    }\r\n                    #tdi_1  .td-doubleSlider-2 .td-item7 {\r\n                        background: url(https:\/\/www.eldiario.net\/portal\/wp-content\/uploads\/2024\/08\/7-80x60.jpg) 0 0 no-repeat;\r\n                    }\r\n                <\/style>\r\n\r\n                <div id=\"tdi_1\" class=\"td-gallery td-slide-on-2-columns\">\r\n                    <div class=\"post_td_gallery\">\r\n                        <div class=\"td-gallery-slide-top\">\r\n                           <div class=\"td-gallery-title\"><\/div>\r\n\r\n                            <div class=\"td-gallery-controls-wrapper\">\r\n                                <div class=\"td-gallery-slide-count\"><span class=\"td-gallery-slide-item-focus\">1<\/span> de 7<\/div>\r\n                                <div class=\"td-gallery-slide-prev-next-but\">\r\n                                    <i class = \"td-icon-left doubleSliderPrevButton\"><\/i>\r\n                                    <i class = \"td-icon-right doubleSliderNextButton\"><\/i>\r\n                                <\/div>\r\n                            <\/div>\r\n                        <\/div>\r\n\r\n                        <div class = \"td-doubleSlider-1 \">\r\n                            <div class = \"td-slider\">\r\n                                \r\n                    <div class = \"td-slide-item td-item1\">\r\n                        <figure class=\"td-slide-galery-figure td-slide-popup-gallery\">\r\n                            <a class=\"slide-gallery-image-link\" href=\"https:\/\/www.eldiario.net\/portal\/wp-content\/uploads\/2024\/08\/1-PRINCIPAL-2.jpg\" title=\"1-PRINCIPAL\"  data-caption=\"\"  data-description=\"\">\r\n                                <img decoding=\"async\" src=\"https:\/\/www.eldiario.net\/portal\/wp-content\/uploads\/2024\/08\/1-PRINCIPAL-2-840x420.jpg\" srcset=\"https:\/\/www.eldiario.net\/portal\/wp-content\/uploads\/2024\/08\/1-PRINCIPAL-2-840x420.jpg 840w, https:\/\/www.eldiario.net\/portal\/wp-content\/uploads\/2024\/08\/1-PRINCIPAL-2-300x150.jpg 300w, https:\/\/www.eldiario.net\/portal\/wp-content\/uploads\/2024\/08\/1-PRINCIPAL-2-1024x512.jpg 1024w, https:\/\/www.eldiario.net\/portal\/wp-content\/uploads\/2024\/08\/1-PRINCIPAL-2-768x384.jpg 768w, https:\/\/www.eldiario.net\/portal\/wp-content\/uploads\/2024\/08\/1-PRINCIPAL-2-696x348.jpg 696w, https:\/\/www.eldiario.net\/portal\/wp-content\/uploads\/2024\/08\/1-PRINCIPAL-2-1068x534.jpg 1068w, https:\/\/www.eldiario.net\/portal\/wp-content\/uploads\/2024\/08\/1-PRINCIPAL-2.jpg 1438w\" sizes=\"(max-width: 840px) 100vw, 840px\" alt=\"\">\r\n                            <\/a>\r\n                            \r\n                        <\/figure>\r\n                    <\/div>\r\n                    <div class = \"td-slide-item td-item2\">\r\n                        <figure class=\"td-slide-galery-figure td-slide-popup-gallery\">\r\n                            <a class=\"slide-gallery-image-link\" href=\"https:\/\/www.eldiario.net\/portal\/wp-content\/uploads\/2024\/08\/2-2.jpg\" title=\"2\"  data-caption=\"\"  data-description=\"\">\r\n                                <img decoding=\"async\" src=\"https:\/\/www.eldiario.net\/portal\/wp-content\/uploads\/2024\/08\/2-2-327x420.jpg\" srcset=\"https:\/\/www.eldiario.net\/portal\/wp-content\/uploads\/2024\/08\/2-2-327x420.jpg 327w, https:\/\/www.eldiario.net\/portal\/wp-content\/uploads\/2024\/08\/2-2-234x300.jpg 234w, https:\/\/www.eldiario.net\/portal\/wp-content\/uploads\/2024\/08\/2-2.jpg 680w\" sizes=\"(max-width: 327px) 100vw, 327px\" alt=\"\">\r\n                            <\/a>\r\n                            \r\n                        <\/figure>\r\n                    <\/div>\r\n                    <div class = \"td-slide-item td-item3\">\r\n                        <figure class=\"td-slide-galery-figure td-slide-popup-gallery\">\r\n                            <a class=\"slide-gallery-image-link\" href=\"https:\/\/www.eldiario.net\/portal\/wp-content\/uploads\/2024\/08\/3-2.jpg\" title=\"3\"  data-caption=\"\"  data-description=\"\">\r\n                                <img decoding=\"async\" src=\"https:\/\/www.eldiario.net\/portal\/wp-content\/uploads\/2024\/08\/3-2-298x420.jpg\" srcset=\"https:\/\/www.eldiario.net\/portal\/wp-content\/uploads\/2024\/08\/3-2-298x420.jpg 298w, https:\/\/www.eldiario.net\/portal\/wp-content\/uploads\/2024\/08\/3-2-213x300.jpg 213w, https:\/\/www.eldiario.net\/portal\/wp-content\/uploads\/2024\/08\/3-2.jpg 658w\" sizes=\"(max-width: 298px) 100vw, 298px\" alt=\"\">\r\n                            <\/a>\r\n                            \r\n                        <\/figure>\r\n                    <\/div>\r\n                    <div class = \"td-slide-item td-item4\">\r\n                        <figure class=\"td-slide-galery-figure td-slide-popup-gallery\">\r\n                            <a class=\"slide-gallery-image-link\" href=\"https:\/\/www.eldiario.net\/portal\/wp-content\/uploads\/2024\/08\/4-2.jpg\" title=\"4\"  data-caption=\"\"  data-description=\"\">\r\n                                <img decoding=\"async\" src=\"https:\/\/www.eldiario.net\/portal\/wp-content\/uploads\/2024\/08\/4-2-334x420.jpg\" srcset=\"https:\/\/www.eldiario.net\/portal\/wp-content\/uploads\/2024\/08\/4-2-334x420.jpg 334w, https:\/\/www.eldiario.net\/portal\/wp-content\/uploads\/2024\/08\/4-2-238x300.jpg 238w, https:\/\/www.eldiario.net\/portal\/wp-content\/uploads\/2024\/08\/4-2.jpg 667w\" sizes=\"(max-width: 334px) 100vw, 334px\" alt=\"\">\r\n                            <\/a>\r\n                            \r\n                        <\/figure>\r\n                    <\/div>\r\n                    <div class = \"td-slide-item td-item5\">\r\n                        <figure class=\"td-slide-galery-figure td-slide-popup-gallery\">\r\n                            <a class=\"slide-gallery-image-link\" href=\"https:\/\/www.eldiario.net\/portal\/wp-content\/uploads\/2024\/08\/5-2.jpg\" title=\"5\"  data-caption=\"\"  data-description=\"\">\r\n                                <img decoding=\"async\" src=\"https:\/\/www.eldiario.net\/portal\/wp-content\/uploads\/2024\/08\/5-2-348x420.jpg\" srcset=\"https:\/\/www.eldiario.net\/portal\/wp-content\/uploads\/2024\/08\/5-2-348x420.jpg 348w, https:\/\/www.eldiario.net\/portal\/wp-content\/uploads\/2024\/08\/5-2-248x300.jpg 248w, https:\/\/www.eldiario.net\/portal\/wp-content\/uploads\/2024\/08\/5-2-696x841.jpg 696w, https:\/\/www.eldiario.net\/portal\/wp-content\/uploads\/2024\/08\/5-2.jpg 754w\" sizes=\"(max-width: 348px) 100vw, 348px\" alt=\"\">\r\n                            <\/a>\r\n                            \r\n                        <\/figure>\r\n                    <\/div>\r\n                    <div class = \"td-slide-item td-item6\">\r\n                        <figure class=\"td-slide-galery-figure td-slide-popup-gallery\">\r\n                            <a class=\"slide-gallery-image-link\" href=\"https:\/\/www.eldiario.net\/portal\/wp-content\/uploads\/2024\/08\/6.jpg\" title=\"6\"  data-caption=\"\"  data-description=\"\">\r\n                                <img decoding=\"async\" src=\"https:\/\/www.eldiario.net\/portal\/wp-content\/uploads\/2024\/08\/6-402x420.jpg\" srcset=\"https:\/\/www.eldiario.net\/portal\/wp-content\/uploads\/2024\/08\/6-402x420.jpg 402w, https:\/\/www.eldiario.net\/portal\/wp-content\/uploads\/2024\/08\/6-287x300.jpg 287w, https:\/\/www.eldiario.net\/portal\/wp-content\/uploads\/2024\/08\/6-696x728.jpg 696w, https:\/\/www.eldiario.net\/portal\/wp-content\/uploads\/2024\/08\/6.jpg 768w\" sizes=\"(max-width: 402px) 100vw, 402px\" alt=\"\">\r\n                            <\/a>\r\n                            \r\n                        <\/figure>\r\n                    <\/div>\r\n                    <div class = \"td-slide-item td-item7\">\r\n                        <figure class=\"td-slide-galery-figure td-slide-popup-gallery\">\r\n                            <a class=\"slide-gallery-image-link\" href=\"https:\/\/www.eldiario.net\/portal\/wp-content\/uploads\/2024\/08\/7.jpg\" title=\"7\"  data-caption=\"\"  data-description=\"\">\r\n                                <img decoding=\"async\" src=\"https:\/\/www.eldiario.net\/portal\/wp-content\/uploads\/2024\/08\/7-471x420.jpg\" srcset=\"https:\/\/www.eldiario.net\/portal\/wp-content\/uploads\/2024\/08\/7-471x420.jpg 471w, https:\/\/www.eldiario.net\/portal\/wp-content\/uploads\/2024\/08\/7-300x268.jpg 300w, https:\/\/www.eldiario.net\/portal\/wp-content\/uploads\/2024\/08\/7-768x685.jpg 768w, https:\/\/www.eldiario.net\/portal\/wp-content\/uploads\/2024\/08\/7-696x621.jpg 696w, https:\/\/www.eldiario.net\/portal\/wp-content\/uploads\/2024\/08\/7.jpg 880w\" sizes=\"(max-width: 471px) 100vw, 471px\" alt=\"\">\r\n                            <\/a>\r\n                            \r\n                        <\/figure>\r\n                    <\/div>\r\n                            <\/div>\r\n                        <\/div>\r\n\r\n                        <div class = \"td-doubleSlider-2\">\r\n                            <div class = \"td-slider\">\r\n                                \r\n                    <div class = \"td-button td-item1\">\r\n                        <div class = \"td-border\"><\/div>\r\n                    <\/div>\r\n                    <div class = \"td-button td-item2\">\r\n                        <div class = \"td-border\"><\/div>\r\n                    <\/div>\r\n                    <div class = \"td-button td-item3\">\r\n                        <div class = \"td-border\"><\/div>\r\n                    <\/div>\r\n                    <div class = \"td-button td-item4\">\r\n                        <div class = \"td-border\"><\/div>\r\n                    <\/div>\r\n                    <div class = \"td-button td-item5\">\r\n                        <div class = \"td-border\"><\/div>\r\n                    <\/div>\r\n                    <div class = \"td-button td-item6\">\r\n                        <div class = \"td-border\"><\/div>\r\n                    <\/div>\r\n                    <div class = \"td-button td-item7\">\r\n                        <div class = \"td-border\"><\/div>\r\n                    <\/div>\r\n                            <\/div>\r\n                        <\/div>\r\n\r\n                    <\/div>\r\n\r\n                <\/div>\r\n                \n","protected":false},"excerpt":{"rendered":"<p>Los grupos top de la cumbia 2024 estar\u00e1n en el Fest Kumbiero Circus, que se realizar\u00e1 el s\u00e1bado 10 de agosto, a partir de las 13:00 horas, en el Complejo del Sindicato de Transporte \u201cLitoral\u201d, en el ingreso a Mallasa, zona sur de la ciudad de La Paz. La cuarta versi\u00f3n del evento tendr\u00e1 la [&hellip;]<\/p>\n","protected":false},"author":1,"featured_media":238754,"comment_status":"open","ping_status":"open","sticky":false,"template":"","format":"standard","meta":{"_acf_changed":false,"footnotes":""},"categories":[41],"tags":[],"class_list":["post-238753","post","type-post","status-publish","format-standard","has-post-thumbnail","category-la-guia"],"acf":{"antetitulo":""},"yoast_head":"<!-- This site is optimized with the Yoast SEO plugin v28.3 - https:\/\/yoast.com\/product\/yoast-seo-wordpress\/ -->\n<title>Los grupos top de la cumbia 2024 estar\u00e1n en el Fest Kumbiero Circus - El Diario - Bolivia<\/title>\n<meta name=\"robots\" content=\"index, follow, max-snippet:-1, max-image-preview:large, max-video-preview:-1\" \/>\n<link rel=\"canonical\" href=\"https:\/\/www.eldiario.net\/portal\/2024\/08\/05\/los-grupos-top-de-la-cumbia-2024-estaran-en-el-fest-kumbiero-circus\/\" \/>\n<meta property=\"og:locale\" content=\"es_ES\" \/>\n<meta property=\"og:type\" content=\"article\" \/>\n<meta property=\"og:title\" content=\"Los grupos top de la cumbia 2024 estar\u00e1n en el Fest Kumbiero Circus - El Diario - Bolivia\" \/>\n<meta property=\"og:description\" content=\"Los grupos top de la cumbia 2024 estar\u00e1n en el Fest Kumbiero Circus, que se realizar\u00e1 el s\u00e1bado 10 de agosto, a partir de las 13:00 horas, en el Complejo del Sindicato de Transporte \u201cLitoral\u201d, en el ingreso a Mallasa, zona sur de la ciudad de La Paz. La cuarta versi\u00f3n del evento tendr\u00e1 la [&hellip;]\" \/>\n<meta property=\"og:url\" content=\"https:\/\/www.eldiario.net\/portal\/2024\/08\/05\/los-grupos-top-de-la-cumbia-2024-estaran-en-el-fest-kumbiero-circus\/\" \/>\n<meta property=\"og:site_name\" content=\"El Diario - Bolivia\" \/>\n<meta property=\"article:publisher\" content=\"https:\/\/www.facebook.com\/eldiario.bolivia\/\" \/>\n<meta property=\"article:published_time\" content=\"2024-08-05T10:08:54+00:00\" \/>\n<meta property=\"og:image\" content=\"https:\/\/www.eldiario.net\/portal\/wp-content\/uploads\/2024\/08\/1-PRINCIPAL-2.jpg\" \/>\n\t<meta property=\"og:image:width\" content=\"1438\" \/>\n\t<meta property=\"og:image:height\" content=\"719\" \/>\n\t<meta property=\"og:image:type\" content=\"image\/jpeg\" \/>\n<meta name=\"author\" content=\"Jeanette\" \/>\n<meta name=\"twitter:card\" content=\"summary_large_image\" \/>\n<meta name=\"twitter:creator\" content=\"@eldiario_net\" \/>\n<meta name=\"twitter:site\" content=\"@eldiario_net\" \/>\n<meta name=\"twitter:label1\" content=\"Escrito por\" \/>\n\t<meta name=\"twitter:data1\" content=\"Jeanette\" \/>\n\t<meta name=\"twitter:label2\" content=\"Tiempo de lectura\" \/>\n\t<meta name=\"twitter:data2\" content=\"5 minutos\" \/>\n<script type=\"application\/ld+json\" class=\"yoast-schema-graph\">{\"@context\":\"https:\\\/\\\/schema.org\",\"@graph\":[{\"@type\":\"Article\",\"@id\":\"https:\\\/\\\/www.eldiario.net\\\/portal\\\/2024\\\/08\\\/05\\\/los-grupos-top-de-la-cumbia-2024-estaran-en-el-fest-kumbiero-circus\\\/#article\",\"isPartOf\":{\"@id\":\"https:\\\/\\\/www.eldiario.net\\\/portal\\\/2024\\\/08\\\/05\\\/los-grupos-top-de-la-cumbia-2024-estaran-en-el-fest-kumbiero-circus\\\/\"},\"author\":{\"name\":\"Jeanette\",\"@id\":\"https:\\\/\\\/www.eldiario.net\\\/portal\\\/#\\\/schema\\\/person\\\/f46445640444750d7d753ccd04ae01b7\"},\"headline\":\"Los grupos top de la cumbia 2024 estar\u00e1n en el Fest Kumbiero Circus\",\"datePublished\":\"2024-08-05T10:08:54+00:00\",\"mainEntityOfPage\":{\"@id\":\"https:\\\/\\\/www.eldiario.net\\\/portal\\\/2024\\\/08\\\/05\\\/los-grupos-top-de-la-cumbia-2024-estaran-en-el-fest-kumbiero-circus\\\/\"},\"wordCount\":1026,\"commentCount\":0,\"publisher\":{\"@id\":\"https:\\\/\\\/www.eldiario.net\\\/portal\\\/#organization\"},\"image\":{\"@id\":\"https:\\\/\\\/www.eldiario.net\\\/portal\\\/2024\\\/08\\\/05\\\/los-grupos-top-de-la-cumbia-2024-estaran-en-el-fest-kumbiero-circus\\\/#primaryimage\"},\"thumbnailUrl\":\"https:\\\/\\\/www.eldiario.net\\\/portal\\\/wp-content\\\/uploads\\\/2024\\\/08\\\/1-PRINCIPAL-2.jpg\",\"articleSection\":[\"La Gu\u00eda\"],\"inLanguage\":\"es\",\"potentialAction\":[{\"@type\":\"CommentAction\",\"name\":\"Comment\",\"target\":[\"https:\\\/\\\/www.eldiario.net\\\/portal\\\/2024\\\/08\\\/05\\\/los-grupos-top-de-la-cumbia-2024-estaran-en-el-fest-kumbiero-circus\\\/#respond\"]}]},{\"@type\":\"WebPage\",\"@id\":\"https:\\\/\\\/www.eldiario.net\\\/portal\\\/2024\\\/08\\\/05\\\/los-grupos-top-de-la-cumbia-2024-estaran-en-el-fest-kumbiero-circus\\\/\",\"url\":\"https:\\\/\\\/www.eldiario.net\\\/portal\\\/2024\\\/08\\\/05\\\/los-grupos-top-de-la-cumbia-2024-estaran-en-el-fest-kumbiero-circus\\\/\",\"name\":\"Los grupos top de la cumbia 2024 estar\u00e1n en el Fest Kumbiero Circus - El Diario - Bolivia\",\"isPartOf\":{\"@id\":\"https:\\\/\\\/www.eldiario.net\\\/portal\\\/#website\"},\"primaryImageOfPage\":{\"@id\":\"https:\\\/\\\/www.eldiario.net\\\/portal\\\/2024\\\/08\\\/05\\\/los-grupos-top-de-la-cumbia-2024-estaran-en-el-fest-kumbiero-circus\\\/#primaryimage\"},\"image\":{\"@id\":\"https:\\\/\\\/www.eldiario.net\\\/portal\\\/2024\\\/08\\\/05\\\/los-grupos-top-de-la-cumbia-2024-estaran-en-el-fest-kumbiero-circus\\\/#primaryimage\"},\"thumbnailUrl\":\"https:\\\/\\\/www.eldiario.net\\\/portal\\\/wp-content\\\/uploads\\\/2024\\\/08\\\/1-PRINCIPAL-2.jpg\",\"datePublished\":\"2024-08-05T10:08:54+00:00\",\"breadcrumb\":{\"@id\":\"https:\\\/\\\/www.eldiario.net\\\/portal\\\/2024\\\/08\\\/05\\\/los-grupos-top-de-la-cumbia-2024-estaran-en-el-fest-kumbiero-circus\\\/#breadcrumb\"},\"inLanguage\":\"es\",\"potentialAction\":[{\"@type\":\"ReadAction\",\"target\":[\"https:\\\/\\\/www.eldiario.net\\\/portal\\\/2024\\\/08\\\/05\\\/los-grupos-top-de-la-cumbia-2024-estaran-en-el-fest-kumbiero-circus\\\/\"]}]},{\"@type\":\"ImageObject\",\"inLanguage\":\"es\",\"@id\":\"https:\\\/\\\/www.eldiario.net\\\/portal\\\/2024\\\/08\\\/05\\\/los-grupos-top-de-la-cumbia-2024-estaran-en-el-fest-kumbiero-circus\\\/#primaryimage\",\"url\":\"https:\\\/\\\/www.eldiario.net\\\/portal\\\/wp-content\\\/uploads\\\/2024\\\/08\\\/1-PRINCIPAL-2.jpg\",\"contentUrl\":\"https:\\\/\\\/www.eldiario.net\\\/portal\\\/wp-content\\\/uploads\\\/2024\\\/08\\\/1-PRINCIPAL-2.jpg\",\"width\":1438,\"height\":719},{\"@type\":\"BreadcrumbList\",\"@id\":\"https:\\\/\\\/www.eldiario.net\\\/portal\\\/2024\\\/08\\\/05\\\/los-grupos-top-de-la-cumbia-2024-estaran-en-el-fest-kumbiero-circus\\\/#breadcrumb\",\"itemListElement\":[{\"@type\":\"ListItem\",\"position\":1,\"name\":\"Portada\",\"item\":\"https:\\\/\\\/www.eldiario.net\\\/portal\\\/\"},{\"@type\":\"ListItem\",\"position\":2,\"name\":\"Los grupos top de la cumbia 2024 estar\u00e1n en el Fest Kumbiero Circus\"}]},{\"@type\":\"WebSite\",\"@id\":\"https:\\\/\\\/www.eldiario.net\\\/portal\\\/#website\",\"url\":\"https:\\\/\\\/www.eldiario.net\\\/portal\\\/\",\"name\":\"El Diario - Decano de la prensa nacional\",\"description\":\"El Diario - Decano de la prensa nacional\",\"publisher\":{\"@id\":\"https:\\\/\\\/www.eldiario.net\\\/portal\\\/#organization\"},\"potentialAction\":[{\"@type\":\"SearchAction\",\"target\":{\"@type\":\"EntryPoint\",\"urlTemplate\":\"https:\\\/\\\/www.eldiario.net\\\/portal\\\/?s={search_term_string}\"},\"query-input\":{\"@type\":\"PropertyValueSpecification\",\"valueRequired\":true,\"valueName\":\"search_term_string\"}}],\"inLanguage\":\"es\"},{\"@type\":\"Organization\",\"@id\":\"https:\\\/\\\/www.eldiario.net\\\/portal\\\/#organization\",\"name\":\"El Diario - Decano de la prensa nacional\",\"url\":\"https:\\\/\\\/www.eldiario.net\\\/portal\\\/\",\"logo\":{\"@type\":\"ImageObject\",\"inLanguage\":\"es\",\"@id\":\"https:\\\/\\\/www.eldiario.net\\\/portal\\\/#\\\/schema\\\/logo\\\/image\\\/\",\"url\":\"https:\\\/\\\/www.eldiario.net\\\/portal\\\/wp-content\\\/uploads\\\/2023\\\/07\\\/logo_ED.jpg\",\"contentUrl\":\"https:\\\/\\\/www.eldiario.net\\\/portal\\\/wp-content\\\/uploads\\\/2023\\\/07\\\/logo_ED.jpg\",\"width\":272,\"height\":52,\"caption\":\"El Diario - Decano de la prensa nacional\"},\"image\":{\"@id\":\"https:\\\/\\\/www.eldiario.net\\\/portal\\\/#\\\/schema\\\/logo\\\/image\\\/\"},\"sameAs\":[\"https:\\\/\\\/www.facebook.com\\\/eldiario.bolivia\\\/\",\"https:\\\/\\\/x.com\\\/eldiario_net\"]},{\"@type\":\"Person\",\"@id\":\"https:\\\/\\\/www.eldiario.net\\\/portal\\\/#\\\/schema\\\/person\\\/f46445640444750d7d753ccd04ae01b7\",\"name\":\"Jeanette\",\"image\":{\"@type\":\"ImageObject\",\"inLanguage\":\"es\",\"@id\":\"https:\\\/\\\/secure.gravatar.com\\\/avatar\\\/3ea2118a5f7dad2b7138b1187a6b7ee55f160b9968b66013c3a3ef39dd7e5798?s=96&d=mm&r=g\",\"url\":\"https:\\\/\\\/secure.gravatar.com\\\/avatar\\\/3ea2118a5f7dad2b7138b1187a6b7ee55f160b9968b66013c3a3ef39dd7e5798?s=96&d=mm&r=g\",\"contentUrl\":\"https:\\\/\\\/secure.gravatar.com\\\/avatar\\\/3ea2118a5f7dad2b7138b1187a6b7ee55f160b9968b66013c3a3ef39dd7e5798?s=96&d=mm&r=g\",\"caption\":\"Jeanette\"},\"sameAs\":[\"https:\\\/\\\/www.eldiario.net\\\/portal\"],\"url\":\"https:\\\/\\\/www.eldiario.net\\\/portal\\\/author\\\/jeanette\\\/\"}]}<\/script>\n<!-- \/ Yoast SEO plugin. -->","yoast_head_json":{"title":"Los grupos top de la cumbia 2024 estar\u00e1n en el Fest Kumbiero Circus - El Diario - Bolivia","robots":{"index":"index","follow":"follow","max-snippet":"max-snippet:-1","max-image-preview":"max-image-preview:large","max-video-preview":"max-video-preview:-1"},"canonical":"https:\/\/www.eldiario.net\/portal\/2024\/08\/05\/los-grupos-top-de-la-cumbia-2024-estaran-en-el-fest-kumbiero-circus\/","og_locale":"es_ES","og_type":"article","og_title":"Los grupos top de la cumbia 2024 estar\u00e1n en el Fest Kumbiero Circus - El Diario - Bolivia","og_description":"Los grupos top de la cumbia 2024 estar\u00e1n en el Fest Kumbiero Circus, que se realizar\u00e1 el s\u00e1bado 10 de agosto, a partir de las 13:00 horas, en el Complejo del Sindicato de Transporte \u201cLitoral\u201d, en el ingreso a Mallasa, zona sur de la ciudad de La Paz. La cuarta versi\u00f3n del evento tendr\u00e1 la [&hellip;]","og_url":"https:\/\/www.eldiario.net\/portal\/2024\/08\/05\/los-grupos-top-de-la-cumbia-2024-estaran-en-el-fest-kumbiero-circus\/","og_site_name":"El Diario - Bolivia","article_publisher":"https:\/\/www.facebook.com\/eldiario.bolivia\/","article_published_time":"2024-08-05T10:08:54+00:00","og_image":[{"width":1438,"height":719,"url":"https:\/\/www.eldiario.net\/portal\/wp-content\/uploads\/2024\/08\/1-PRINCIPAL-2.jpg","type":"image\/jpeg"}],"author":"Jeanette","twitter_card":"summary_large_image","twitter_creator":"@eldiario_net","twitter_site":"@eldiario_net","twitter_misc":{"Escrito por":"Jeanette","Tiempo de lectura":"5 minutos"},"schema":{"@context":"https:\/\/schema.org","@graph":[{"@type":"Article","@id":"https:\/\/www.eldiario.net\/portal\/2024\/08\/05\/los-grupos-top-de-la-cumbia-2024-estaran-en-el-fest-kumbiero-circus\/#article","isPartOf":{"@id":"https:\/\/www.eldiario.net\/portal\/2024\/08\/05\/los-grupos-top-de-la-cumbia-2024-estaran-en-el-fest-kumbiero-circus\/"},"author":{"name":"Jeanette","@id":"https:\/\/www.eldiario.net\/portal\/#\/schema\/person\/f46445640444750d7d753ccd04ae01b7"},"headline":"Los grupos top de la cumbia 2024 estar\u00e1n en el Fest Kumbiero Circus","datePublished":"2024-08-05T10:08:54+00:00","mainEntityOfPage":{"@id":"https:\/\/www.eldiario.net\/portal\/2024\/08\/05\/los-grupos-top-de-la-cumbia-2024-estaran-en-el-fest-kumbiero-circus\/"},"wordCount":1026,"commentCount":0,"publisher":{"@id":"https:\/\/www.eldiario.net\/portal\/#organization"},"image":{"@id":"https:\/\/www.eldiario.net\/portal\/2024\/08\/05\/los-grupos-top-de-la-cumbia-2024-estaran-en-el-fest-kumbiero-circus\/#primaryimage"},"thumbnailUrl":"https:\/\/www.eldiario.net\/portal\/wp-content\/uploads\/2024\/08\/1-PRINCIPAL-2.jpg","articleSection":["La Gu\u00eda"],"inLanguage":"es","potentialAction":[{"@type":"CommentAction","name":"Comment","target":["https:\/\/www.eldiario.net\/portal\/2024\/08\/05\/los-grupos-top-de-la-cumbia-2024-estaran-en-el-fest-kumbiero-circus\/#respond"]}]},{"@type":"WebPage","@id":"https:\/\/www.eldiario.net\/portal\/2024\/08\/05\/los-grupos-top-de-la-cumbia-2024-estaran-en-el-fest-kumbiero-circus\/","url":"https:\/\/www.eldiario.net\/portal\/2024\/08\/05\/los-grupos-top-de-la-cumbia-2024-estaran-en-el-fest-kumbiero-circus\/","name":"Los grupos top de la cumbia 2024 estar\u00e1n en el Fest Kumbiero Circus - El Diario - Bolivia","isPartOf":{"@id":"https:\/\/www.eldiario.net\/portal\/#website"},"primaryImageOfPage":{"@id":"https:\/\/www.eldiario.net\/portal\/2024\/08\/05\/los-grupos-top-de-la-cumbia-2024-estaran-en-el-fest-kumbiero-circus\/#primaryimage"},"image":{"@id":"https:\/\/www.eldiario.net\/portal\/2024\/08\/05\/los-grupos-top-de-la-cumbia-2024-estaran-en-el-fest-kumbiero-circus\/#primaryimage"},"thumbnailUrl":"https:\/\/www.eldiario.net\/portal\/wp-content\/uploads\/2024\/08\/1-PRINCIPAL-2.jpg","datePublished":"2024-08-05T10:08:54+00:00","breadcrumb":{"@id":"https:\/\/www.eldiario.net\/portal\/2024\/08\/05\/los-grupos-top-de-la-cumbia-2024-estaran-en-el-fest-kumbiero-circus\/#breadcrumb"},"inLanguage":"es","potentialAction":[{"@type":"ReadAction","target":["https:\/\/www.eldiario.net\/portal\/2024\/08\/05\/los-grupos-top-de-la-cumbia-2024-estaran-en-el-fest-kumbiero-circus\/"]}]},{"@type":"ImageObject","inLanguage":"es","@id":"https:\/\/www.eldiario.net\/portal\/2024\/08\/05\/los-grupos-top-de-la-cumbia-2024-estaran-en-el-fest-kumbiero-circus\/#primaryimage","url":"https:\/\/www.eldiario.net\/portal\/wp-content\/uploads\/2024\/08\/1-PRINCIPAL-2.jpg","contentUrl":"https:\/\/www.eldiario.net\/portal\/wp-content\/uploads\/2024\/08\/1-PRINCIPAL-2.jpg","width":1438,"height":719},{"@type":"BreadcrumbList","@id":"https:\/\/www.eldiario.net\/portal\/2024\/08\/05\/los-grupos-top-de-la-cumbia-2024-estaran-en-el-fest-kumbiero-circus\/#breadcrumb","itemListElement":[{"@type":"ListItem","position":1,"name":"Portada","item":"https:\/\/www.eldiario.net\/portal\/"},{"@type":"ListItem","position":2,"name":"Los grupos top de la cumbia 2024 estar\u00e1n en el Fest Kumbiero Circus"}]},{"@type":"WebSite","@id":"https:\/\/www.eldiario.net\/portal\/#website","url":"https:\/\/www.eldiario.net\/portal\/","name":"El Diario - Decano de la prensa nacional","description":"El Diario - Decano de la prensa nacional","publisher":{"@id":"https:\/\/www.eldiario.net\/portal\/#organization"},"potentialAction":[{"@type":"SearchAction","target":{"@type":"EntryPoint","urlTemplate":"https:\/\/www.eldiario.net\/portal\/?s={search_term_string}"},"query-input":{"@type":"PropertyValueSpecification","valueRequired":true,"valueName":"search_term_string"}}],"inLanguage":"es"},{"@type":"Organization","@id":"https:\/\/www.eldiario.net\/portal\/#organization","name":"El Diario - Decano de la prensa nacional","url":"https:\/\/www.eldiario.net\/portal\/","logo":{"@type":"ImageObject","inLanguage":"es","@id":"https:\/\/www.eldiario.net\/portal\/#\/schema\/logo\/image\/","url":"https:\/\/www.eldiario.net\/portal\/wp-content\/uploads\/2023\/07\/logo_ED.jpg","contentUrl":"https:\/\/www.eldiario.net\/portal\/wp-content\/uploads\/2023\/07\/logo_ED.jpg","width":272,"height":52,"caption":"El Diario - Decano de la prensa nacional"},"image":{"@id":"https:\/\/www.eldiario.net\/portal\/#\/schema\/logo\/image\/"},"sameAs":["https:\/\/www.facebook.com\/eldiario.bolivia\/","https:\/\/x.com\/eldiario_net"]},{"@type":"Person","@id":"https:\/\/www.eldiario.net\/portal\/#\/schema\/person\/f46445640444750d7d753ccd04ae01b7","name":"Jeanette","image":{"@type":"ImageObject","inLanguage":"es","@id":"https:\/\/secure.gravatar.com\/avatar\/3ea2118a5f7dad2b7138b1187a6b7ee55f160b9968b66013c3a3ef39dd7e5798?s=96&d=mm&r=g","url":"https:\/\/secure.gravatar.com\/avatar\/3ea2118a5f7dad2b7138b1187a6b7ee55f160b9968b66013c3a3ef39dd7e5798?s=96&d=mm&r=g","contentUrl":"https:\/\/secure.gravatar.com\/avatar\/3ea2118a5f7dad2b7138b1187a6b7ee55f160b9968b66013c3a3ef39dd7e5798?s=96&d=mm&r=g","caption":"Jeanette"},"sameAs":["https:\/\/www.eldiario.net\/portal"],"url":"https:\/\/www.eldiario.net\/portal\/author\/jeanette\/"}]}},"_links":{"self":[{"href":"https:\/\/www.eldiario.net\/portal\/wp-json\/wp\/v2\/posts\/238753","targetHints":{"allow":["GET"]}}],"collection":[{"href":"https:\/\/www.eldiario.net\/portal\/wp-json\/wp\/v2\/posts"}],"about":[{"href":"https:\/\/www.eldiario.net\/portal\/wp-json\/wp\/v2\/types\/post"}],"author":[{"embeddable":true,"href":"https:\/\/www.eldiario.net\/portal\/wp-json\/wp\/v2\/users\/1"}],"replies":[{"embeddable":true,"href":"https:\/\/www.eldiario.net\/portal\/wp-json\/wp\/v2\/comments?post=238753"}],"version-history":[{"count":1,"href":"https:\/\/www.eldiario.net\/portal\/wp-json\/wp\/v2\/posts\/238753\/revisions"}],"predecessor-version":[{"id":238761,"href":"https:\/\/www.eldiario.net\/portal\/wp-json\/wp\/v2\/posts\/238753\/revisions\/238761"}],"wp:featuredmedia":[{"embeddable":true,"href":"https:\/\/www.eldiario.net\/portal\/wp-json\/wp\/v2\/media\/238754"}],"wp:attachment":[{"href":"https:\/\/www.eldiario.net\/portal\/wp-json\/wp\/v2\/media?parent=238753"}],"wp:term":[{"taxonomy":"category","embeddable":true,"href":"https:\/\/www.eldiario.net\/portal\/wp-json\/wp\/v2\/categories?post=238753"},{"taxonomy":"post_tag","embeddable":true,"href":"https:\/\/www.eldiario.net\/portal\/wp-json\/wp\/v2\/tags?post=238753"}],"curies":[{"name":"wp","href":"https:\/\/api.w.org\/{rel}","templated":true}]}}