{"id":23874,"date":"2021-08-17T05:43:46","date_gmt":"2021-08-17T09:43:46","guid":{"rendered":"https:\/\/www.eldiario.net\/portal\/?p=23874"},"modified":"2021-08-17T05:43:46","modified_gmt":"2021-08-17T09:43:46","slug":"pandemia-de-no-vacunados-en-mexico","status":"publish","type":"post","link":"https:\/\/www.eldiario.net\/portal\/2021\/08\/17\/pandemia-de-no-vacunados-en-mexico\/","title":{"rendered":"Pandemia de no vacunados en M\u00e9xico"},"content":{"rendered":"<p>Ciudad de M\u00e9xico.- Hace tres meses, M\u00e9xico luchaba por asegurarse un suministro de vacunas suficiente para combatir el Covid-19 entre sus 126 millones de habitantes y a\u00fan sigue la pandemia de los no vacunados.<\/p>\n<p>Hoy, sin embargo, tiene un reto diferente: convencer a sus j\u00f3venes de vacunarse justo cuando la variante delta se extiende por gran parte del pa\u00eds, aumentando las hospitalizaciones entre esa porci\u00f3n de la poblaci\u00f3n, la m\u00e1s numerosa.<\/p>\n<p>A diferencia de Estados Unidos o Europa, en M\u00e9xico no existe un movimiento antivacunas importante. Pero la difusi\u00f3n de informaci\u00f3n falsa sobre las inyecciones contra el Covid-19 en Twitter, Instagram, Telegram y Facebook hace mella, junto con una sensaci\u00f3n de invencibilidad entre los j\u00f3venes.<\/p>\n<p>\u00abSin duda, aqu\u00ed (los antivacunas) han tenido m\u00e1s influencia sobre los grupos de menor edad. La gente (joven) ha estado m\u00e1s en contacto y, por alguna raz\u00f3n, cree m\u00e1s y siguen m\u00e1s a estos grupos\u00bb, dijo a Reuters Laurie Ann Xim\u00e9nez-Fyvie, profesora e investigadora principal del laboratorio de gen\u00e9tica molecular de la Universidad Nacional Aut\u00f3noma de M\u00e9xico (UNAM).<\/p>\n<p>\u00abLos grupos de antivacunas son muy nocivos\u00bb, agreg\u00f3.<\/p>\n<p>Aunque no hay informaci\u00f3n precisa sobre cu\u00e1ntos mexicanos no quieren vacunarse contra el Covid-19 o cu\u00e1ntos participan en grupos antivacunas, algunas encuestas ayudan a dimensionar.<\/p>\n<p>Un sondeo de la firma local Consulta Mitofsky revel\u00f3 que a fines de julio el 7.2% de los entrevistados no quer\u00eda vacunarse en M\u00e9xico frente al 2.9% de principios de mes. Un estudio global de Facebook y la Universidad de Maryland concluy\u00f3 que el 11.4% de los mexicanos no se vacunar\u00eda.<\/p>\n<p>En Ciudad de M\u00e9xico, la entidad con m\u00e1s casos activos de Covid-19, el Gobierno pensaba inocular con al menos una dosis al 100% de las personas de entre 30 y 39 a\u00f1os para el 27 de julio. Sin embargo, el avance tiene semanas estancado en 74%, insuficiente para prevenir la r\u00e1pida propagaci\u00f3n del virus en la poblaci\u00f3n restante, casi medio mill\u00f3n de personas.<\/p>\n<p>Un 23% de los capitalinos de entre 40 y 49 a\u00f1os a\u00fan no ha recibido una dosis de la vacuna contra el Covid-19, meses despu\u00e9s de que comenzara la campa\u00f1a. Sin embargo, a fines de julio, el Gobierno empez\u00f3 a vacunar a los menores de 30 a\u00f1os y las jornadas tuvieron una respuesta abrumadora.<\/p>\n<p>En julio, las hospitalizaciones en el \u00e1rea metropolitana que incluye a la capital -hogar de m\u00e1s de 21 millones de personas- casi se cuadruplicaron, con los adultos m\u00e1s j\u00f3venes y de mediana edad impulsando el aumento. El n\u00famero de personas menores de 40 a\u00f1os hospitalizadas por Covid-19 casi se duplic\u00f3 en el pa\u00eds entre junio y julio, seg\u00fan datos oficiales.<\/p>\n<p>\u00abLa mayor\u00eda de las personas que est\u00e1n hospitalizadas por Covid-19 en este momento son menores a 52 a\u00f1os y la enorme mayor\u00eda son personas que no fueron vacunadas, esto es m\u00e1s del 97%\u00bb, asegur\u00f3 en julio el subsecretario de Salud, Hugo L\u00f3pez-Gatell.<\/p>\n<p>&nbsp;<\/p>\n<p>\u00abMUY PREOCUPADOS\u00bb<\/p>\n<p>Quienes defienden su derecho a no inocularse aseguran que las vacunas contra el Covid-19 generan graves efectos secundarios o contienen microchips para espiarlos, de acuerdo a mensajes esparcidos en redes sociales y plataformas de mensajer\u00eda instant\u00e1nea como WhatsApp y Telegram.<\/p>\n<p>\u00abNo me he vacunado. La raz\u00f3n principal es porque no creo en la vacuna y s\u00ed creo en ciertos efectos secundarios que pueda tener\u00bb, confes\u00f3 Eduardo Espinola, un trof\u00f3logo de 42 a\u00f1os.<\/p>\n<p>\u00abEs hasta rid\u00edculo querer vender la idea de que la vacuna nos va a inmunizar. Una de las razones por las que no sirve es que la cepa para la cual hicieron las vacunas es una que ya no est\u00e1 en circulaci\u00f3n\u00bb, agreg\u00f3 Espinola, tambi\u00e9n holoterapeuta.<\/p>\n<p>En un grupo de Telegram llamado \u00abM\u00e9dicos por la verdad M\u00e9xico\u00bb -inspirado en el movimiento negacionista alem\u00e1n \u00abdoctores por la iluminaci\u00f3n\u00bb- publicaron recientemente un video de una mujer supuestamente inoculada con la vacuna de Pfizer contra el Covid-19 que sufre espasmos involuntarios y apenas puede caminar con el r\u00f3tulo \u00ablas vacunas son seguras\u00bb.<\/p>\n<p>El grupo tiene 22,110 suscriptores y en \u00e9l se han compartido miles de enlaces, documentos y videos para desacreditar la eficacia de las vacunas y la existencia del coronavirus, creado, seg\u00fan ellos, como una conspiraci\u00f3n de las grandes farmac\u00e9uticas.<\/p>\n<p>El Digital Report 2021 de Hootsuite y We Are Social muestra que en todo el mundo el uso de redes sociales se dispar\u00f3 durante la epidemia del coronavirus. M\u00e9xico no fue la excepci\u00f3n: en 2020 el incremento de usuarios fue del 12.4% interanual.<\/p>\n<p>\u00abCon las redes sociales estamos m\u00e1s informados, pero tambi\u00e9n nos enfrentamos a mucha informaci\u00f3n falsa y dispersi\u00f3n de mitos\u00bb, opin\u00f3 Susana L\u00f3pez, una reconocida vir\u00f3loga de la UNAM. \u00abDurante la pandemia eso se ha exacerbado\u00bb.<\/p>\n<p>\u00abEs casi imposible desmitificar esas cosas. En la Sociedad Mexicana de Virolog\u00eda estamos muy preocupados por el movimiento antivacunas\u00bb, agreg\u00f3 L\u00f3pez.<\/p>\n<p>&nbsp;<\/p>\n<p>\u00abTIERRA F\u00c9RTIL\u00bb<\/p>\n<p>A pesar del repunte de casos de Covid-19, que empez\u00f3 los primeros d\u00edas de junio, las autoridades mexicanas no han implementado medidas firmes para reducirlos. Adem\u00e1s, M\u00e9xico no solicita un diagn\u00f3stico negativo de coronavirus a los viajeros.<\/p>\n<p>El objetivo del presidente Andr\u00e9s Manuel L\u00f3pez Obrador es no afectar la econom\u00eda y vacunar, al menos con una dosis, a todos los mayores de 18 a\u00f1os para octubre, mientras el pa\u00eds acumula tres millones de infectados y supera los 360,000 fallecidos, de acuerdo a cifras preliminares de la Secretar\u00eda de Salud.<\/p>\n<p>Gracias a que el 40% de los mexicanos ha sido inoculado contra el Covid-19 con al menos una dosis, las autoridades sostienen que las hospitalizaciones y los fallecidos no han crecido al mismo nivel de la oleada previa, cuando el pa\u00eds se coloc\u00f3 como el cuarto con m\u00e1s muertos en el mundo.<\/p>\n<p>Sin embargo, la ocupaci\u00f3n hospitalaria en tres estados de la tur\u00edstica costa del Pac\u00edfico est\u00e1 en rojo: Colima s\u00f3lo tiene el 13% de camas disponibles; Guerrero, 23% y Nayarit, 31%. En la capital, la ocupaci\u00f3n hospitalaria pas\u00f3 del 17% a principios de junio a 76% a fines de julio.<\/p>\n<p>En enero, durante el acm\u00e9 de la epidemia en el pa\u00eds, el 10% de los hospitalizados por Covid-19 ten\u00eda entre 18 y 39 a\u00f1os de edad, de acuerdo a datos de la Secretar\u00eda de Salud. Para julio, sin embargo, ese porcentaje se triplic\u00f3.<\/p>\n<p>\u00abCuando el virus entra en lugares donde hay tierra f\u00e9rtil, ya sea porque hay menos gente vacunada o hay m\u00e1s gente susceptible, finalmente va a enfermar a los que no est\u00e9n vacunados\u00bb, opin\u00f3 Alejandro Mac\u00edas, responsable de la estrategia mexicana durante la pandemia de la gripe AH1N1 de 2009 y 2010.<\/p>\n<p>Sin reconocer p\u00fablicamente el problema, la Secretar\u00eda de Salud ha lanzado una campa\u00f1a en redes sociales para advertir a los j\u00f3venes que \u00abno son invencibles\u00bb.<\/p>\n<p>\u00abTodav\u00eda no es momento de reuniones o fiestas. Vac\u00fanate y mant\u00e9n las medidas de higiene\u00bb, dice un recurrente tuit de la entidad. (Reuters)<\/p>\n<p>&nbsp;<\/p>\n","protected":false},"excerpt":{"rendered":"<p>Ciudad de M\u00e9xico.- Hace tres meses, M\u00e9xico luchaba por asegurarse un suministro de vacunas suficiente para combatir el Covid-19 entre sus 126 millones de habitantes y a\u00fan sigue la pandemia de los no vacunados. Hoy, sin embargo, tiene un reto diferente: convencer a sus j\u00f3venes de vacunarse justo cuando la variante delta se extiende por [&hellip;]<\/p>\n","protected":false},"author":1,"featured_media":23875,"comment_status":"closed","ping_status":"closed","sticky":false,"template":"","format":"standard","meta":{"_acf_changed":false,"footnotes":""},"categories":[3],"tags":[],"class_list":["post-23874","post","type-post","status-publish","format-standard","has-post-thumbnail","category-internacional"],"acf":{"antetitulo":""},"yoast_head":"<!-- This site is optimized with the Yoast SEO plugin v28.4 - https:\/\/yoast.com\/product\/yoast-seo-wordpress\/ -->\n<title>Pandemia de no vacunados en M\u00e9xico - El Diario - Bolivia<\/title>\n<meta name=\"robots\" content=\"index, follow, max-snippet:-1, max-image-preview:large, max-video-preview:-1\" \/>\n<link rel=\"canonical\" href=\"https:\/\/www.eldiario.net\/portal\/2021\/08\/17\/pandemia-de-no-vacunados-en-mexico\/\" \/>\n<meta property=\"og:locale\" content=\"es_ES\" \/>\n<meta property=\"og:type\" content=\"article\" \/>\n<meta property=\"og:title\" content=\"Pandemia de no vacunados en M\u00e9xico - El Diario - Bolivia\" \/>\n<meta property=\"og:description\" content=\"Ciudad de M\u00e9xico.- Hace tres meses, M\u00e9xico luchaba por asegurarse un suministro de vacunas suficiente para combatir el Covid-19 entre sus 126 millones de habitantes y a\u00fan sigue la pandemia de los no vacunados. Hoy, sin embargo, tiene un reto diferente: convencer a sus j\u00f3venes de vacunarse justo cuando la variante delta se extiende por [&hellip;]\" \/>\n<meta property=\"og:url\" content=\"https:\/\/www.eldiario.net\/portal\/2021\/08\/17\/pandemia-de-no-vacunados-en-mexico\/\" \/>\n<meta property=\"og:site_name\" content=\"El Diario - Bolivia\" \/>\n<meta property=\"article:publisher\" content=\"https:\/\/www.facebook.com\/eldiario.bolivia\/\" \/>\n<meta property=\"article:published_time\" content=\"2021-08-17T09:43:46+00:00\" \/>\n<meta name=\"author\" content=\"Jeanette\" \/>\n<meta name=\"twitter:card\" content=\"summary_large_image\" \/>\n<meta name=\"twitter:creator\" content=\"@eldiario_net\" \/>\n<meta name=\"twitter:site\" content=\"@eldiario_net\" \/>\n<meta name=\"twitter:label1\" content=\"Escrito por\" \/>\n\t<meta name=\"twitter:data1\" content=\"Jeanette\" \/>\n\t<meta name=\"twitter:label2\" content=\"Tiempo de lectura\" \/>\n\t<meta name=\"twitter:data2\" content=\"5 minutos\" \/>\n<script type=\"application\/ld+json\" class=\"yoast-schema-graph\">{\"@context\":\"https:\\\/\\\/schema.org\",\"@graph\":[{\"@type\":\"Article\",\"@id\":\"https:\\\/\\\/www.eldiario.net\\\/portal\\\/2021\\\/08\\\/17\\\/pandemia-de-no-vacunados-en-mexico\\\/#article\",\"isPartOf\":{\"@id\":\"https:\\\/\\\/www.eldiario.net\\\/portal\\\/2021\\\/08\\\/17\\\/pandemia-de-no-vacunados-en-mexico\\\/\"},\"author\":{\"name\":\"Jeanette\",\"@id\":\"https:\\\/\\\/www.eldiario.net\\\/portal\\\/#\\\/schema\\\/person\\\/f46445640444750d7d753ccd04ae01b7\"},\"headline\":\"Pandemia de no vacunados en M\u00e9xico\",\"datePublished\":\"2021-08-17T09:43:46+00:00\",\"mainEntityOfPage\":{\"@id\":\"https:\\\/\\\/www.eldiario.net\\\/portal\\\/2021\\\/08\\\/17\\\/pandemia-de-no-vacunados-en-mexico\\\/\"},\"wordCount\":1211,\"publisher\":{\"@id\":\"https:\\\/\\\/www.eldiario.net\\\/portal\\\/#organization\"},\"image\":{\"@id\":\"https:\\\/\\\/www.eldiario.net\\\/portal\\\/2021\\\/08\\\/17\\\/pandemia-de-no-vacunados-en-mexico\\\/#primaryimage\"},\"thumbnailUrl\":\"\",\"articleSection\":[\"Internacional\"],\"inLanguage\":\"es\"},{\"@type\":\"WebPage\",\"@id\":\"https:\\\/\\\/www.eldiario.net\\\/portal\\\/2021\\\/08\\\/17\\\/pandemia-de-no-vacunados-en-mexico\\\/\",\"url\":\"https:\\\/\\\/www.eldiario.net\\\/portal\\\/2021\\\/08\\\/17\\\/pandemia-de-no-vacunados-en-mexico\\\/\",\"name\":\"Pandemia de no vacunados en M\u00e9xico - El Diario - Bolivia\",\"isPartOf\":{\"@id\":\"https:\\\/\\\/www.eldiario.net\\\/portal\\\/#website\"},\"primaryImageOfPage\":{\"@id\":\"https:\\\/\\\/www.eldiario.net\\\/portal\\\/2021\\\/08\\\/17\\\/pandemia-de-no-vacunados-en-mexico\\\/#primaryimage\"},\"image\":{\"@id\":\"https:\\\/\\\/www.eldiario.net\\\/portal\\\/2021\\\/08\\\/17\\\/pandemia-de-no-vacunados-en-mexico\\\/#primaryimage\"},\"thumbnailUrl\":\"\",\"datePublished\":\"2021-08-17T09:43:46+00:00\",\"breadcrumb\":{\"@id\":\"https:\\\/\\\/www.eldiario.net\\\/portal\\\/2021\\\/08\\\/17\\\/pandemia-de-no-vacunados-en-mexico\\\/#breadcrumb\"},\"inLanguage\":\"es\",\"potentialAction\":[{\"@type\":\"ReadAction\",\"target\":[\"https:\\\/\\\/www.eldiario.net\\\/portal\\\/2021\\\/08\\\/17\\\/pandemia-de-no-vacunados-en-mexico\\\/\"]}]},{\"@type\":\"ImageObject\",\"inLanguage\":\"es\",\"@id\":\"https:\\\/\\\/www.eldiario.net\\\/portal\\\/2021\\\/08\\\/17\\\/pandemia-de-no-vacunados-en-mexico\\\/#primaryimage\",\"url\":\"\",\"contentUrl\":\"\"},{\"@type\":\"BreadcrumbList\",\"@id\":\"https:\\\/\\\/www.eldiario.net\\\/portal\\\/2021\\\/08\\\/17\\\/pandemia-de-no-vacunados-en-mexico\\\/#breadcrumb\",\"itemListElement\":[{\"@type\":\"ListItem\",\"position\":1,\"name\":\"Portada\",\"item\":\"https:\\\/\\\/www.eldiario.net\\\/portal\\\/\"},{\"@type\":\"ListItem\",\"position\":2,\"name\":\"Pandemia de no vacunados en M\u00e9xico\"}]},{\"@type\":\"WebSite\",\"@id\":\"https:\\\/\\\/www.eldiario.net\\\/portal\\\/#website\",\"url\":\"https:\\\/\\\/www.eldiario.net\\\/portal\\\/\",\"name\":\"El Diario - Decano de la prensa nacional\",\"description\":\"El Diario - Decano de la prensa nacional\",\"publisher\":{\"@id\":\"https:\\\/\\\/www.eldiario.net\\\/portal\\\/#organization\"},\"potentialAction\":[{\"@type\":\"SearchAction\",\"target\":{\"@type\":\"EntryPoint\",\"urlTemplate\":\"https:\\\/\\\/www.eldiario.net\\\/portal\\\/?s={search_term_string}\"},\"query-input\":{\"@type\":\"PropertyValueSpecification\",\"valueRequired\":true,\"valueName\":\"search_term_string\"}}],\"inLanguage\":\"es\"},{\"@type\":\"Organization\",\"@id\":\"https:\\\/\\\/www.eldiario.net\\\/portal\\\/#organization\",\"name\":\"El Diario - Decano de la prensa nacional\",\"url\":\"https:\\\/\\\/www.eldiario.net\\\/portal\\\/\",\"logo\":{\"@type\":\"ImageObject\",\"inLanguage\":\"es\",\"@id\":\"https:\\\/\\\/www.eldiario.net\\\/portal\\\/#\\\/schema\\\/logo\\\/image\\\/\",\"url\":\"https:\\\/\\\/www.eldiario.net\\\/portal\\\/wp-content\\\/uploads\\\/2023\\\/07\\\/logo_ED.jpg\",\"contentUrl\":\"https:\\\/\\\/www.eldiario.net\\\/portal\\\/wp-content\\\/uploads\\\/2023\\\/07\\\/logo_ED.jpg\",\"width\":272,\"height\":52,\"caption\":\"El Diario - Decano de la prensa nacional\"},\"image\":{\"@id\":\"https:\\\/\\\/www.eldiario.net\\\/portal\\\/#\\\/schema\\\/logo\\\/image\\\/\"},\"sameAs\":[\"https:\\\/\\\/www.facebook.com\\\/eldiario.bolivia\\\/\",\"https:\\\/\\\/x.com\\\/eldiario_net\"]},{\"@type\":\"Person\",\"@id\":\"https:\\\/\\\/www.eldiario.net\\\/portal\\\/#\\\/schema\\\/person\\\/f46445640444750d7d753ccd04ae01b7\",\"name\":\"Jeanette\",\"image\":{\"@type\":\"ImageObject\",\"inLanguage\":\"es\",\"@id\":\"https:\\\/\\\/secure.gravatar.com\\\/avatar\\\/3ea2118a5f7dad2b7138b1187a6b7ee55f160b9968b66013c3a3ef39dd7e5798?s=96&d=mm&r=g\",\"url\":\"https:\\\/\\\/secure.gravatar.com\\\/avatar\\\/3ea2118a5f7dad2b7138b1187a6b7ee55f160b9968b66013c3a3ef39dd7e5798?s=96&d=mm&r=g\",\"contentUrl\":\"https:\\\/\\\/secure.gravatar.com\\\/avatar\\\/3ea2118a5f7dad2b7138b1187a6b7ee55f160b9968b66013c3a3ef39dd7e5798?s=96&d=mm&r=g\",\"caption\":\"Jeanette\"},\"sameAs\":[\"https:\\\/\\\/www.eldiario.net\\\/portal\"],\"url\":\"https:\\\/\\\/www.eldiario.net\\\/portal\\\/author\\\/jeanette\\\/\"}]}<\/script>\n<!-- \/ Yoast SEO plugin. -->","yoast_head_json":{"title":"Pandemia de no vacunados en M\u00e9xico - El Diario - Bolivia","robots":{"index":"index","follow":"follow","max-snippet":"max-snippet:-1","max-image-preview":"max-image-preview:large","max-video-preview":"max-video-preview:-1"},"canonical":"https:\/\/www.eldiario.net\/portal\/2021\/08\/17\/pandemia-de-no-vacunados-en-mexico\/","og_locale":"es_ES","og_type":"article","og_title":"Pandemia de no vacunados en M\u00e9xico - El Diario - Bolivia","og_description":"Ciudad de M\u00e9xico.- Hace tres meses, M\u00e9xico luchaba por asegurarse un suministro de vacunas suficiente para combatir el Covid-19 entre sus 126 millones de habitantes y a\u00fan sigue la pandemia de los no vacunados. Hoy, sin embargo, tiene un reto diferente: convencer a sus j\u00f3venes de vacunarse justo cuando la variante delta se extiende por [&hellip;]","og_url":"https:\/\/www.eldiario.net\/portal\/2021\/08\/17\/pandemia-de-no-vacunados-en-mexico\/","og_site_name":"El Diario - Bolivia","article_publisher":"https:\/\/www.facebook.com\/eldiario.bolivia\/","article_published_time":"2021-08-17T09:43:46+00:00","author":"Jeanette","twitter_card":"summary_large_image","twitter_creator":"@eldiario_net","twitter_site":"@eldiario_net","twitter_misc":{"Escrito por":"Jeanette","Tiempo de lectura":"5 minutos"},"schema":{"@context":"https:\/\/schema.org","@graph":[{"@type":"Article","@id":"https:\/\/www.eldiario.net\/portal\/2021\/08\/17\/pandemia-de-no-vacunados-en-mexico\/#article","isPartOf":{"@id":"https:\/\/www.eldiario.net\/portal\/2021\/08\/17\/pandemia-de-no-vacunados-en-mexico\/"},"author":{"name":"Jeanette","@id":"https:\/\/www.eldiario.net\/portal\/#\/schema\/person\/f46445640444750d7d753ccd04ae01b7"},"headline":"Pandemia de no vacunados en M\u00e9xico","datePublished":"2021-08-17T09:43:46+00:00","mainEntityOfPage":{"@id":"https:\/\/www.eldiario.net\/portal\/2021\/08\/17\/pandemia-de-no-vacunados-en-mexico\/"},"wordCount":1211,"publisher":{"@id":"https:\/\/www.eldiario.net\/portal\/#organization"},"image":{"@id":"https:\/\/www.eldiario.net\/portal\/2021\/08\/17\/pandemia-de-no-vacunados-en-mexico\/#primaryimage"},"thumbnailUrl":"","articleSection":["Internacional"],"inLanguage":"es"},{"@type":"WebPage","@id":"https:\/\/www.eldiario.net\/portal\/2021\/08\/17\/pandemia-de-no-vacunados-en-mexico\/","url":"https:\/\/www.eldiario.net\/portal\/2021\/08\/17\/pandemia-de-no-vacunados-en-mexico\/","name":"Pandemia de no vacunados en M\u00e9xico - El Diario - Bolivia","isPartOf":{"@id":"https:\/\/www.eldiario.net\/portal\/#website"},"primaryImageOfPage":{"@id":"https:\/\/www.eldiario.net\/portal\/2021\/08\/17\/pandemia-de-no-vacunados-en-mexico\/#primaryimage"},"image":{"@id":"https:\/\/www.eldiario.net\/portal\/2021\/08\/17\/pandemia-de-no-vacunados-en-mexico\/#primaryimage"},"thumbnailUrl":"","datePublished":"2021-08-17T09:43:46+00:00","breadcrumb":{"@id":"https:\/\/www.eldiario.net\/portal\/2021\/08\/17\/pandemia-de-no-vacunados-en-mexico\/#breadcrumb"},"inLanguage":"es","potentialAction":[{"@type":"ReadAction","target":["https:\/\/www.eldiario.net\/portal\/2021\/08\/17\/pandemia-de-no-vacunados-en-mexico\/"]}]},{"@type":"ImageObject","inLanguage":"es","@id":"https:\/\/www.eldiario.net\/portal\/2021\/08\/17\/pandemia-de-no-vacunados-en-mexico\/#primaryimage","url":"","contentUrl":""},{"@type":"BreadcrumbList","@id":"https:\/\/www.eldiario.net\/portal\/2021\/08\/17\/pandemia-de-no-vacunados-en-mexico\/#breadcrumb","itemListElement":[{"@type":"ListItem","position":1,"name":"Portada","item":"https:\/\/www.eldiario.net\/portal\/"},{"@type":"ListItem","position":2,"name":"Pandemia de no vacunados en M\u00e9xico"}]},{"@type":"WebSite","@id":"https:\/\/www.eldiario.net\/portal\/#website","url":"https:\/\/www.eldiario.net\/portal\/","name":"El Diario - Decano de la prensa nacional","description":"El Diario - Decano de la prensa nacional","publisher":{"@id":"https:\/\/www.eldiario.net\/portal\/#organization"},"potentialAction":[{"@type":"SearchAction","target":{"@type":"EntryPoint","urlTemplate":"https:\/\/www.eldiario.net\/portal\/?s={search_term_string}"},"query-input":{"@type":"PropertyValueSpecification","valueRequired":true,"valueName":"search_term_string"}}],"inLanguage":"es"},{"@type":"Organization","@id":"https:\/\/www.eldiario.net\/portal\/#organization","name":"El Diario - Decano de la prensa nacional","url":"https:\/\/www.eldiario.net\/portal\/","logo":{"@type":"ImageObject","inLanguage":"es","@id":"https:\/\/www.eldiario.net\/portal\/#\/schema\/logo\/image\/","url":"https:\/\/www.eldiario.net\/portal\/wp-content\/uploads\/2023\/07\/logo_ED.jpg","contentUrl":"https:\/\/www.eldiario.net\/portal\/wp-content\/uploads\/2023\/07\/logo_ED.jpg","width":272,"height":52,"caption":"El Diario - Decano de la prensa nacional"},"image":{"@id":"https:\/\/www.eldiario.net\/portal\/#\/schema\/logo\/image\/"},"sameAs":["https:\/\/www.facebook.com\/eldiario.bolivia\/","https:\/\/x.com\/eldiario_net"]},{"@type":"Person","@id":"https:\/\/www.eldiario.net\/portal\/#\/schema\/person\/f46445640444750d7d753ccd04ae01b7","name":"Jeanette","image":{"@type":"ImageObject","inLanguage":"es","@id":"https:\/\/secure.gravatar.com\/avatar\/3ea2118a5f7dad2b7138b1187a6b7ee55f160b9968b66013c3a3ef39dd7e5798?s=96&d=mm&r=g","url":"https:\/\/secure.gravatar.com\/avatar\/3ea2118a5f7dad2b7138b1187a6b7ee55f160b9968b66013c3a3ef39dd7e5798?s=96&d=mm&r=g","contentUrl":"https:\/\/secure.gravatar.com\/avatar\/3ea2118a5f7dad2b7138b1187a6b7ee55f160b9968b66013c3a3ef39dd7e5798?s=96&d=mm&r=g","caption":"Jeanette"},"sameAs":["https:\/\/www.eldiario.net\/portal"],"url":"https:\/\/www.eldiario.net\/portal\/author\/jeanette\/"}]}},"_links":{"self":[{"href":"https:\/\/www.eldiario.net\/portal\/wp-json\/wp\/v2\/posts\/23874","targetHints":{"allow":["GET"]}}],"collection":[{"href":"https:\/\/www.eldiario.net\/portal\/wp-json\/wp\/v2\/posts"}],"about":[{"href":"https:\/\/www.eldiario.net\/portal\/wp-json\/wp\/v2\/types\/post"}],"author":[{"embeddable":true,"href":"https:\/\/www.eldiario.net\/portal\/wp-json\/wp\/v2\/users\/1"}],"replies":[{"embeddable":true,"href":"https:\/\/www.eldiario.net\/portal\/wp-json\/wp\/v2\/comments?post=23874"}],"version-history":[{"count":0,"href":"https:\/\/www.eldiario.net\/portal\/wp-json\/wp\/v2\/posts\/23874\/revisions"}],"wp:attachment":[{"href":"https:\/\/www.eldiario.net\/portal\/wp-json\/wp\/v2\/media?parent=23874"}],"wp:term":[{"taxonomy":"category","embeddable":true,"href":"https:\/\/www.eldiario.net\/portal\/wp-json\/wp\/v2\/categories?post=23874"},{"taxonomy":"post_tag","embeddable":true,"href":"https:\/\/www.eldiario.net\/portal\/wp-json\/wp\/v2\/tags?post=23874"}],"curies":[{"name":"wp","href":"https:\/\/api.w.org\/{rel}","templated":true}]}}