{"id":238735,"date":"2024-08-05T06:06:25","date_gmt":"2024-08-05T10:06:25","guid":{"rendered":"https:\/\/www.eldiario.net\/portal\/?p=238735"},"modified":"2024-08-05T06:06:25","modified_gmt":"2024-08-05T10:06:25","slug":"imcruz-celebra-40-anos-de-trayectoria-estrenando-showroom-vertical-y-sostenible","status":"publish","type":"post","link":"https:\/\/www.eldiario.net\/portal\/2024\/08\/05\/imcruz-celebra-40-anos-de-trayectoria-estrenando-showroom-vertical-y-sostenible\/","title":{"rendered":"Imcruz celebra 40 a\u00f1os de trayectoria estrenando  showroom vertical y sostenible"},"content":{"rendered":"<p>Con la mirada puesta en el futuro, Imcruz &#8211; Inchcape Bolivia, representante de marcas de renombre mundial, conmemora sus 40 a\u00f1os en Bolivia con la inauguraci\u00f3n del primer showroom vertical de tres niveles en La Paz. Este proyecto, desarrollado durante dos a\u00f1os con una inversi\u00f3n superior al mill\u00f3n de d\u00f3lares, se presenta a la poblaci\u00f3n boliviana como un espacio innovador que incorpora la nueva imagen corporativa de la empresa. Adem\u00e1s, es el primer local de Imcruz que opera con un sistema de paneles solares y energ\u00edas renovables.<br \/>\nMat\u00edas Andreani, Managing Director Bolivia, expres\u00f3 su agradecimiento a los clientes que han crecido junto a la marca y a los colaboradores que brindan un servicio personalizado y de calidad. \u201cHace 40 a\u00f1os, comenzamos un viaje que cambiar\u00eda el rumbo de la movilidad en Bolivia. Hoy, estamos contentos de presentar nuestro nuevo showroom en La Paz, en su mes aniversario. M\u00e1s que un espacio, es un testimonio de nuestro compromiso con el desarrollo integral del pa\u00eds y con el negocio responsable. Sin duda, el \u00e9xito alcanzado se debe al talento y dedicaci\u00f3n de nuestro equipo, comprometidos con la excelencia y la satisfacci\u00f3n del cliente\u201d, asegur\u00f3 Andreani.<br \/>\nEl nuevo showroom est\u00e1 ubicado en Calacoto, una de las zonas m\u00e1s estrat\u00e9gicas y vibrantes del Macro Distrito Sur de La Paz, espec\u00edficamente en la calle 16 de la avenida Ballivi\u00e1n. Tiene una superficie construida que supera los 2.000 m2, distribuida en tres niveles de exhibici\u00f3n vehicular con un \u00e1rea de entrega, una de parqueos y un nivel de oficinas. Se exhiben seis marcas l\u00edderes en su segmento, como es Mazda, Renault, Subaru, Chevrolet, Changan y JAC.<br \/>\n\u201cEs un espacio dise\u00f1ado y construido exclusivamente para la exhibici\u00f3n de veh\u00edculos por lo que, desde su concepci\u00f3n est\u00e1 pensado en brindar una experiencia \u00fanica a los visitantes. Cuenta con un ascensor panor\u00e1mico, una zona especial de entrega independiente, una sala de espera, una cafeter\u00eda, espacios para ni\u00f1os, conexi\u00f3n de WiFi, vegetaci\u00f3n interior, entre otros\u201d, destac\u00f3 el alto ejecutivo.<br \/>\nLa ceremonia inaugural se coron\u00f3 con la actuaci\u00f3n de Octavia, que hizo vibrar el showroom con sus exitosas interpretaciones.<\/p>\n\r\n                <style type=\"text\/css\">\r\n                    \r\n                    #tdi_1  .td-doubleSlider-2 .td-item1 {\r\n                        background: url(https:\/\/www.eldiario.net\/portal\/wp-content\/uploads\/2024\/08\/Jose-Rodriguez-gerente-postventa-y-Sergio-Villalobos-subgerente-tecnico-Imcruz-80x60.jpg) 0 0 no-repeat;\r\n                    }\r\n                    #tdi_1  .td-doubleSlider-2 .td-item2 {\r\n                        background: url(https:\/\/www.eldiario.net\/portal\/wp-content\/uploads\/2024\/08\/Octavia-80x60.jpg) 0 0 no-repeat;\r\n                    }\r\n                    #tdi_1  .td-doubleSlider-2 .td-item3 {\r\n                        background: url(https:\/\/www.eldiario.net\/portal\/wp-content\/uploads\/2024\/08\/Esteban-Soruco-director-automotriz-Karen-Pena-y-Diego-Aponte-gerente-de-mkt-Imcruz-80x60.jpg) 0 0 no-repeat;\r\n                    }\r\n                    #tdi_1  .td-doubleSlider-2 .td-item4 {\r\n                        background: url(https:\/\/www.eldiario.net\/portal\/wp-content\/uploads\/2024\/08\/Estefania-Ibarra-Diego-Paredes-Roberto-Delgado-Maria-Ines-Carrasco-Michelle-Noriega-Matias-Andreani-y-Nimeyra-Flores-80x60.jpg) 0 0 no-repeat;\r\n                    }\r\n                    #tdi_1  .td-doubleSlider-2 .td-item5 {\r\n                        background: url(https:\/\/www.eldiario.net\/portal\/wp-content\/uploads\/2024\/08\/IMG_7112-80x60.jpg) 0 0 no-repeat;\r\n                    }\r\n                    #tdi_1  .td-doubleSlider-2 .td-item6 {\r\n                        background: url(https:\/\/www.eldiario.net\/portal\/wp-content\/uploads\/2024\/08\/IMG_7117-80x60.jpg) 0 0 no-repeat;\r\n                    }\r\n                    #tdi_1  .td-doubleSlider-2 .td-item7 {\r\n                        background: url(https:\/\/www.eldiario.net\/portal\/wp-content\/uploads\/2024\/08\/IMG_7120-80x60.jpg) 0 0 no-repeat;\r\n                    }\r\n                    #tdi_1  .td-doubleSlider-2 .td-item8 {\r\n                        background: url(https:\/\/www.eldiario.net\/portal\/wp-content\/uploads\/2024\/08\/IMG_7121-80x60.jpg) 0 0 no-repeat;\r\n                    }\r\n                    #tdi_1  .td-doubleSlider-2 .td-item9 {\r\n                        background: url(https:\/\/www.eldiario.net\/portal\/wp-content\/uploads\/2024\/08\/IMG_7122-80x60.jpg) 0 0 no-repeat;\r\n                    }\r\n                    #tdi_1  .td-doubleSlider-2 .td-item10 {\r\n                        background: url(https:\/\/www.eldiario.net\/portal\/wp-content\/uploads\/2024\/08\/IMG_7123-80x60.jpg) 0 0 no-repeat;\r\n                    }\r\n                    #tdi_1  .td-doubleSlider-2 .td-item11 {\r\n                        background: url(https:\/\/www.eldiario.net\/portal\/wp-content\/uploads\/2024\/08\/IMG_7124-80x60.jpg) 0 0 no-repeat;\r\n                    }\r\n                    #tdi_1  .td-doubleSlider-2 .td-item12 {\r\n                        background: url(https:\/\/www.eldiario.net\/portal\/wp-content\/uploads\/2024\/08\/IMG_7131-80x60.jpg) 0 0 no-repeat;\r\n                    }\r\n                    #tdi_1  .td-doubleSlider-2 .td-item13 {\r\n                        background: url(https:\/\/www.eldiario.net\/portal\/wp-content\/uploads\/2024\/08\/IMG_7146-80x60.jpg) 0 0 no-repeat;\r\n                    }\r\n                    #tdi_1  .td-doubleSlider-2 .td-item14 {\r\n                        background: url(https:\/\/www.eldiario.net\/portal\/wp-content\/uploads\/2024\/08\/IMG_7148-80x60.jpg) 0 0 no-repeat;\r\n                    }\r\n                    #tdi_1  .td-doubleSlider-2 .td-item15 {\r\n                        background: url(https:\/\/www.eldiario.net\/portal\/wp-content\/uploads\/2024\/08\/IMG_7163-80x60.jpg) 0 0 no-repeat;\r\n                    }\r\n                    #tdi_1  .td-doubleSlider-2 .td-item16 {\r\n                        background: url(https:\/\/www.eldiario.net\/portal\/wp-content\/uploads\/2024\/08\/IMG_7170-80x60.jpg) 0 0 no-repeat;\r\n                    }\r\n                <\/style>\r\n\r\n                <div id=\"tdi_1\" class=\"td-gallery td-slide-on-2-columns\">\r\n                    <div class=\"post_td_gallery\">\r\n                        <div class=\"td-gallery-slide-top\">\r\n                           <div class=\"td-gallery-title\"><\/div>\r\n\r\n                            <div class=\"td-gallery-controls-wrapper\">\r\n                                <div class=\"td-gallery-slide-count\"><span class=\"td-gallery-slide-item-focus\">1<\/span> de 16<\/div>\r\n                                <div class=\"td-gallery-slide-prev-next-but\">\r\n                                    <i class = \"td-icon-left doubleSliderPrevButton\"><\/i>\r\n                                    <i class = \"td-icon-right doubleSliderNextButton\"><\/i>\r\n                                <\/div>\r\n                            <\/div>\r\n                        <\/div>\r\n\r\n                        <div class = \"td-doubleSlider-1 \">\r\n                            <div class = \"td-slider\">\r\n                                \r\n                    <div class = \"td-slide-item td-item1\">\r\n                        <figure class=\"td-slide-galery-figure td-slide-popup-gallery\">\r\n                            <a class=\"slide-gallery-image-link\" href=\"https:\/\/www.eldiario.net\/portal\/wp-content\/uploads\/2024\/08\/Jose-Rodriguez-gerente-postventa-y-Sergio-Villalobos-subgerente-tecnico-Imcruz.jpg\" title=\"Jos\u00e9-Rodr\u00edguez,-gerente-postventa-y-Sergio-Villalobos,-subgerente-t\u00e9cnico-Imcruz\"  data-caption=\"Jos\u00e9 Rodr\u00edguez, gerente postventa, y Sergio Villalobos, subgerente t\u00e9cnico Imcruz.\"  data-description=\"\">\r\n                                <img decoding=\"async\" src=\"https:\/\/www.eldiario.net\/portal\/wp-content\/uploads\/2024\/08\/Jose-Rodriguez-gerente-postventa-y-Sergio-Villalobos-subgerente-tecnico-Imcruz-631x420.jpg\" srcset=\"https:\/\/www.eldiario.net\/portal\/wp-content\/uploads\/2024\/08\/Jose-Rodriguez-gerente-postventa-y-Sergio-Villalobos-subgerente-tecnico-Imcruz-631x420.jpg 631w, https:\/\/www.eldiario.net\/portal\/wp-content\/uploads\/2024\/08\/Jose-Rodriguez-gerente-postventa-y-Sergio-Villalobos-subgerente-tecnico-Imcruz-300x200.jpg 300w, https:\/\/www.eldiario.net\/portal\/wp-content\/uploads\/2024\/08\/Jose-Rodriguez-gerente-postventa-y-Sergio-Villalobos-subgerente-tecnico-Imcruz-1024x682.jpg 1024w, https:\/\/www.eldiario.net\/portal\/wp-content\/uploads\/2024\/08\/Jose-Rodriguez-gerente-postventa-y-Sergio-Villalobos-subgerente-tecnico-Imcruz-768x511.jpg 768w, https:\/\/www.eldiario.net\/portal\/wp-content\/uploads\/2024\/08\/Jose-Rodriguez-gerente-postventa-y-Sergio-Villalobos-subgerente-tecnico-Imcruz-696x463.jpg 696w, https:\/\/www.eldiario.net\/portal\/wp-content\/uploads\/2024\/08\/Jose-Rodriguez-gerente-postventa-y-Sergio-Villalobos-subgerente-tecnico-Imcruz-1068x711.jpg 1068w, https:\/\/www.eldiario.net\/portal\/wp-content\/uploads\/2024\/08\/Jose-Rodriguez-gerente-postventa-y-Sergio-Villalobos-subgerente-tecnico-Imcruz.jpg 1200w\" sizes=\"(max-width: 631px) 100vw, 631px\" alt=\"\">\r\n                            <\/a>\r\n                            <figcaption class = \"td-slide-caption td-gallery-slide-content\"><div class = \"td-gallery-slide-copywrite\">Jos\u00e9 Rodr\u00edguez, gerente postventa, y Sergio Villalobos, subgerente t\u00e9cnico Imcruz.<\/div><\/figcaption>\r\n                        <\/figure>\r\n                    <\/div>\r\n                    <div class = \"td-slide-item td-item2\">\r\n                        <figure class=\"td-slide-galery-figure td-slide-popup-gallery\">\r\n                            <a class=\"slide-gallery-image-link\" href=\"https:\/\/www.eldiario.net\/portal\/wp-content\/uploads\/2024\/08\/Octavia.jpg\" title=\"Octavia\"  data-caption=\"OCTAVIA  DESPLIEGA SU MEJOR REPERTORIO MUSICAL.\"  data-description=\"\">\r\n                                <img decoding=\"async\" src=\"https:\/\/www.eldiario.net\/portal\/wp-content\/uploads\/2024\/08\/Octavia-630x420.jpg\" srcset=\"https:\/\/www.eldiario.net\/portal\/wp-content\/uploads\/2024\/08\/Octavia-630x420.jpg 630w, https:\/\/www.eldiario.net\/portal\/wp-content\/uploads\/2024\/08\/Octavia-300x200.jpg 300w, https:\/\/www.eldiario.net\/portal\/wp-content\/uploads\/2024\/08\/Octavia-1024x683.jpg 1024w, https:\/\/www.eldiario.net\/portal\/wp-content\/uploads\/2024\/08\/Octavia-768x512.jpg 768w, https:\/\/www.eldiario.net\/portal\/wp-content\/uploads\/2024\/08\/Octavia-696x464.jpg 696w, https:\/\/www.eldiario.net\/portal\/wp-content\/uploads\/2024\/08\/Octavia-1068x712.jpg 1068w, https:\/\/www.eldiario.net\/portal\/wp-content\/uploads\/2024\/08\/Octavia.jpg 1200w\" sizes=\"(max-width: 630px) 100vw, 630px\" alt=\"\">\r\n                            <\/a>\r\n                            <figcaption class = \"td-slide-caption td-gallery-slide-content\"><div class = \"td-gallery-slide-copywrite\">OCTAVIA  DESPLIEGA SU MEJOR REPERTORIO MUSICAL.<\/div><\/figcaption>\r\n                        <\/figure>\r\n                    <\/div>\r\n                    <div class = \"td-slide-item td-item3\">\r\n                        <figure class=\"td-slide-galery-figure td-slide-popup-gallery\">\r\n                            <a class=\"slide-gallery-image-link\" href=\"https:\/\/www.eldiario.net\/portal\/wp-content\/uploads\/2024\/08\/Esteban-Soruco-director-automotriz-Karen-Pena-y-Diego-Aponte-gerente-de-mkt-Imcruz.jpg\" title=\"Esteban-Soruco,-director-automotriz,-Karen-Pe\u00f1a-y-Diego-Aponte,-gerente-de-mkt-Imcruz\"  data-caption=\"EST\u00c9BAN SORUCO, DIRECTOR AUTOMOTRIZ, KAREN PE\u00d1A Y DIEGO APONTE, GERENTE DE MKT IMCRUZ.\"  data-description=\"\">\r\n                                <img decoding=\"async\" src=\"https:\/\/www.eldiario.net\/portal\/wp-content\/uploads\/2024\/08\/Esteban-Soruco-director-automotriz-Karen-Pena-y-Diego-Aponte-gerente-de-mkt-Imcruz-630x420.jpg\" srcset=\"https:\/\/www.eldiario.net\/portal\/wp-content\/uploads\/2024\/08\/Esteban-Soruco-director-automotriz-Karen-Pena-y-Diego-Aponte-gerente-de-mkt-Imcruz-630x420.jpg 630w, https:\/\/www.eldiario.net\/portal\/wp-content\/uploads\/2024\/08\/Esteban-Soruco-director-automotriz-Karen-Pena-y-Diego-Aponte-gerente-de-mkt-Imcruz-300x200.jpg 300w, https:\/\/www.eldiario.net\/portal\/wp-content\/uploads\/2024\/08\/Esteban-Soruco-director-automotriz-Karen-Pena-y-Diego-Aponte-gerente-de-mkt-Imcruz-1024x683.jpg 1024w, https:\/\/www.eldiario.net\/portal\/wp-content\/uploads\/2024\/08\/Esteban-Soruco-director-automotriz-Karen-Pena-y-Diego-Aponte-gerente-de-mkt-Imcruz-768x512.jpg 768w, https:\/\/www.eldiario.net\/portal\/wp-content\/uploads\/2024\/08\/Esteban-Soruco-director-automotriz-Karen-Pena-y-Diego-Aponte-gerente-de-mkt-Imcruz-696x464.jpg 696w, https:\/\/www.eldiario.net\/portal\/wp-content\/uploads\/2024\/08\/Esteban-Soruco-director-automotriz-Karen-Pena-y-Diego-Aponte-gerente-de-mkt-Imcruz-1068x712.jpg 1068w, https:\/\/www.eldiario.net\/portal\/wp-content\/uploads\/2024\/08\/Esteban-Soruco-director-automotriz-Karen-Pena-y-Diego-Aponte-gerente-de-mkt-Imcruz.jpg 1200w\" sizes=\"(max-width: 630px) 100vw, 630px\" alt=\"\">\r\n                            <\/a>\r\n                            <figcaption class = \"td-slide-caption td-gallery-slide-content\"><div class = \"td-gallery-slide-copywrite\">EST\u00c9BAN SORUCO, DIRECTOR AUTOMOTRIZ, KAREN PE\u00d1A Y DIEGO APONTE, GERENTE DE MKT IMCRUZ.<\/div><\/figcaption>\r\n                        <\/figure>\r\n                    <\/div>\r\n                    <div class = \"td-slide-item td-item4\">\r\n                        <figure class=\"td-slide-galery-figure td-slide-popup-gallery\">\r\n                            <a class=\"slide-gallery-image-link\" href=\"https:\/\/www.eldiario.net\/portal\/wp-content\/uploads\/2024\/08\/Estefania-Ibarra-Diego-Paredes-Roberto-Delgado-Maria-Ines-Carrasco-Michelle-Noriega-Matias-Andreani-y-Nimeyra-Flores.jpg\" title=\"Estefan\u00eda-Ibarra,-Diego-Paredes,-Roberto-Delgado,-Mar\u00eda-In\u00e9s-Carrasco,-Michelle-Noriega,-Matias-Andreani-y-Nimeyra-Flores\"  data-caption=\"ESTEFAN\u00cdA IBARRA, DIEGO PAREDES, ROBERTO DELGADO, MAR\u00cdA IN\u00c9S CARRASCO, MICHELLE NORIEGA, MATIAS ANDREANI Y NIMEYRA FLORES.\"  data-description=\"\">\r\n                                <img decoding=\"async\" src=\"https:\/\/www.eldiario.net\/portal\/wp-content\/uploads\/2024\/08\/Estefania-Ibarra-Diego-Paredes-Roberto-Delgado-Maria-Ines-Carrasco-Michelle-Noriega-Matias-Andreani-y-Nimeyra-Flores-630x420.jpg\" srcset=\"https:\/\/www.eldiario.net\/portal\/wp-content\/uploads\/2024\/08\/Estefania-Ibarra-Diego-Paredes-Roberto-Delgado-Maria-Ines-Carrasco-Michelle-Noriega-Matias-Andreani-y-Nimeyra-Flores-630x420.jpg 630w, https:\/\/www.eldiario.net\/portal\/wp-content\/uploads\/2024\/08\/Estefania-Ibarra-Diego-Paredes-Roberto-Delgado-Maria-Ines-Carrasco-Michelle-Noriega-Matias-Andreani-y-Nimeyra-Flores-300x200.jpg 300w, https:\/\/www.eldiario.net\/portal\/wp-content\/uploads\/2024\/08\/Estefania-Ibarra-Diego-Paredes-Roberto-Delgado-Maria-Ines-Carrasco-Michelle-Noriega-Matias-Andreani-y-Nimeyra-Flores-1024x683.jpg 1024w, https:\/\/www.eldiario.net\/portal\/wp-content\/uploads\/2024\/08\/Estefania-Ibarra-Diego-Paredes-Roberto-Delgado-Maria-Ines-Carrasco-Michelle-Noriega-Matias-Andreani-y-Nimeyra-Flores-768x512.jpg 768w, https:\/\/www.eldiario.net\/portal\/wp-content\/uploads\/2024\/08\/Estefania-Ibarra-Diego-Paredes-Roberto-Delgado-Maria-Ines-Carrasco-Michelle-Noriega-Matias-Andreani-y-Nimeyra-Flores-696x464.jpg 696w, https:\/\/www.eldiario.net\/portal\/wp-content\/uploads\/2024\/08\/Estefania-Ibarra-Diego-Paredes-Roberto-Delgado-Maria-Ines-Carrasco-Michelle-Noriega-Matias-Andreani-y-Nimeyra-Flores-1068x712.jpg 1068w, https:\/\/www.eldiario.net\/portal\/wp-content\/uploads\/2024\/08\/Estefania-Ibarra-Diego-Paredes-Roberto-Delgado-Maria-Ines-Carrasco-Michelle-Noriega-Matias-Andreani-y-Nimeyra-Flores.jpg 1200w\" sizes=\"(max-width: 630px) 100vw, 630px\" alt=\"\">\r\n                            <\/a>\r\n                            <figcaption class = \"td-slide-caption td-gallery-slide-content\"><div class = \"td-gallery-slide-copywrite\">ESTEFAN\u00cdA IBARRA, DIEGO PAREDES, ROBERTO DELGADO, MAR\u00cdA IN\u00c9S CARRASCO, MICHELLE NORIEGA, MATIAS ANDREANI Y NIMEYRA FLORES.<\/div><\/figcaption>\r\n                        <\/figure>\r\n                    <\/div>\r\n                    <div class = \"td-slide-item td-item5\">\r\n                        <figure class=\"td-slide-galery-figure td-slide-popup-gallery\">\r\n                            <a class=\"slide-gallery-image-link\" href=\"https:\/\/www.eldiario.net\/portal\/wp-content\/uploads\/2024\/08\/IMG_7112.jpg\" title=\"IMG_7112\"  data-caption=\"JUAN CARLOS FERN\u00c1NDEZ, MAR\u00cdA IN\u00c9S CARRASCO Y CARLOS V\u00c1SQUEZ.\"  data-description=\"\">\r\n                                <img decoding=\"async\" src=\"https:\/\/www.eldiario.net\/portal\/wp-content\/uploads\/2024\/08\/IMG_7112-630x420.jpg\" srcset=\"https:\/\/www.eldiario.net\/portal\/wp-content\/uploads\/2024\/08\/IMG_7112-630x420.jpg 630w, https:\/\/www.eldiario.net\/portal\/wp-content\/uploads\/2024\/08\/IMG_7112-300x200.jpg 300w, https:\/\/www.eldiario.net\/portal\/wp-content\/uploads\/2024\/08\/IMG_7112-1024x683.jpg 1024w, https:\/\/www.eldiario.net\/portal\/wp-content\/uploads\/2024\/08\/IMG_7112-768x512.jpg 768w, https:\/\/www.eldiario.net\/portal\/wp-content\/uploads\/2024\/08\/IMG_7112-696x464.jpg 696w, https:\/\/www.eldiario.net\/portal\/wp-content\/uploads\/2024\/08\/IMG_7112-1068x712.jpg 1068w, https:\/\/www.eldiario.net\/portal\/wp-content\/uploads\/2024\/08\/IMG_7112.jpg 1200w\" sizes=\"(max-width: 630px) 100vw, 630px\" alt=\"\">\r\n                            <\/a>\r\n                            <figcaption class = \"td-slide-caption td-gallery-slide-content\"><div class = \"td-gallery-slide-copywrite\">JUAN CARLOS FERN\u00c1NDEZ, MAR\u00cdA IN\u00c9S CARRASCO Y CARLOS V\u00c1SQUEZ.<\/div><\/figcaption>\r\n                        <\/figure>\r\n                    <\/div>\r\n                    <div class = \"td-slide-item td-item6\">\r\n                        <figure class=\"td-slide-galery-figure td-slide-popup-gallery\">\r\n                            <a class=\"slide-gallery-image-link\" href=\"https:\/\/www.eldiario.net\/portal\/wp-content\/uploads\/2024\/08\/IMG_7117.jpg\" title=\"IMG_7117\"  data-caption=\"ESTEFAN\u00cdA IBARRA Y NIMEYRA FLORES.\"  data-description=\"\">\r\n                                <img decoding=\"async\" src=\"https:\/\/www.eldiario.net\/portal\/wp-content\/uploads\/2024\/08\/IMG_7117-630x420.jpg\" srcset=\"https:\/\/www.eldiario.net\/portal\/wp-content\/uploads\/2024\/08\/IMG_7117-630x420.jpg 630w, https:\/\/www.eldiario.net\/portal\/wp-content\/uploads\/2024\/08\/IMG_7117-300x200.jpg 300w, https:\/\/www.eldiario.net\/portal\/wp-content\/uploads\/2024\/08\/IMG_7117-1024x683.jpg 1024w, https:\/\/www.eldiario.net\/portal\/wp-content\/uploads\/2024\/08\/IMG_7117-768x512.jpg 768w, https:\/\/www.eldiario.net\/portal\/wp-content\/uploads\/2024\/08\/IMG_7117-696x464.jpg 696w, https:\/\/www.eldiario.net\/portal\/wp-content\/uploads\/2024\/08\/IMG_7117-1068x712.jpg 1068w, https:\/\/www.eldiario.net\/portal\/wp-content\/uploads\/2024\/08\/IMG_7117.jpg 1200w\" sizes=\"(max-width: 630px) 100vw, 630px\" alt=\"\">\r\n                            <\/a>\r\n                            <figcaption class = \"td-slide-caption td-gallery-slide-content\"><div class = \"td-gallery-slide-copywrite\">ESTEFAN\u00cdA IBARRA Y NIMEYRA FLORES.<\/div><\/figcaption>\r\n                        <\/figure>\r\n                    <\/div>\r\n                    <div class = \"td-slide-item td-item7\">\r\n                        <figure class=\"td-slide-galery-figure td-slide-popup-gallery\">\r\n                            <a class=\"slide-gallery-image-link\" href=\"https:\/\/www.eldiario.net\/portal\/wp-content\/uploads\/2024\/08\/IMG_7120.jpg\" title=\"IMG_7120\"  data-caption=\"ROBERTO DELGADO, ANTONIO SORUCO Y TAKAHIRO OGIHARA.\"  data-description=\"\">\r\n                                <img decoding=\"async\" src=\"https:\/\/www.eldiario.net\/portal\/wp-content\/uploads\/2024\/08\/IMG_7120-630x420.jpg\" srcset=\"https:\/\/www.eldiario.net\/portal\/wp-content\/uploads\/2024\/08\/IMG_7120-630x420.jpg 630w, https:\/\/www.eldiario.net\/portal\/wp-content\/uploads\/2024\/08\/IMG_7120-300x200.jpg 300w, https:\/\/www.eldiario.net\/portal\/wp-content\/uploads\/2024\/08\/IMG_7120-1024x683.jpg 1024w, https:\/\/www.eldiario.net\/portal\/wp-content\/uploads\/2024\/08\/IMG_7120-768x512.jpg 768w, https:\/\/www.eldiario.net\/portal\/wp-content\/uploads\/2024\/08\/IMG_7120-696x464.jpg 696w, https:\/\/www.eldiario.net\/portal\/wp-content\/uploads\/2024\/08\/IMG_7120-1068x712.jpg 1068w, https:\/\/www.eldiario.net\/portal\/wp-content\/uploads\/2024\/08\/IMG_7120.jpg 1200w\" sizes=\"(max-width: 630px) 100vw, 630px\" alt=\"\">\r\n                            <\/a>\r\n                            <figcaption class = \"td-slide-caption td-gallery-slide-content\"><div class = \"td-gallery-slide-copywrite\">ROBERTO DELGADO, ANTONIO SORUCO Y TAKAHIRO OGIHARA.<\/div><\/figcaption>\r\n                        <\/figure>\r\n                    <\/div>\r\n                    <div class = \"td-slide-item td-item8\">\r\n                        <figure class=\"td-slide-galery-figure td-slide-popup-gallery\">\r\n                            <a class=\"slide-gallery-image-link\" href=\"https:\/\/www.eldiario.net\/portal\/wp-content\/uploads\/2024\/08\/IMG_7121.jpg\" title=\"IMG_7121\"  data-caption=\"JUAN PABLO AUZA, MAT\u00cdAS ANDREANI, DIEGO ROCA, M\u00d3NICA ARGANDO\u00d1A Y NELSON CABRERA.\"  data-description=\"\">\r\n                                <img decoding=\"async\" src=\"https:\/\/www.eldiario.net\/portal\/wp-content\/uploads\/2024\/08\/IMG_7121-630x420.jpg\" srcset=\"https:\/\/www.eldiario.net\/portal\/wp-content\/uploads\/2024\/08\/IMG_7121-630x420.jpg 630w, https:\/\/www.eldiario.net\/portal\/wp-content\/uploads\/2024\/08\/IMG_7121-300x200.jpg 300w, https:\/\/www.eldiario.net\/portal\/wp-content\/uploads\/2024\/08\/IMG_7121-1024x683.jpg 1024w, https:\/\/www.eldiario.net\/portal\/wp-content\/uploads\/2024\/08\/IMG_7121-768x512.jpg 768w, https:\/\/www.eldiario.net\/portal\/wp-content\/uploads\/2024\/08\/IMG_7121-696x464.jpg 696w, https:\/\/www.eldiario.net\/portal\/wp-content\/uploads\/2024\/08\/IMG_7121-1068x712.jpg 1068w, https:\/\/www.eldiario.net\/portal\/wp-content\/uploads\/2024\/08\/IMG_7121.jpg 1200w\" sizes=\"(max-width: 630px) 100vw, 630px\" alt=\"\">\r\n                            <\/a>\r\n                            <figcaption class = \"td-slide-caption td-gallery-slide-content\"><div class = \"td-gallery-slide-copywrite\">JUAN PABLO AUZA, MAT\u00cdAS ANDREANI, DIEGO ROCA, M\u00d3NICA ARGANDO\u00d1A Y NELSON CABRERA.<\/div><\/figcaption>\r\n                        <\/figure>\r\n                    <\/div>\r\n                    <div class = \"td-slide-item td-item9\">\r\n                        <figure class=\"td-slide-galery-figure td-slide-popup-gallery\">\r\n                            <a class=\"slide-gallery-image-link\" href=\"https:\/\/www.eldiario.net\/portal\/wp-content\/uploads\/2024\/08\/IMG_7122.jpg\" title=\"IMG_7122\"  data-caption=\"ADRI\u00c1N CAMPERO Y FRANCO URQUIDI.\"  data-description=\"\">\r\n                                <img decoding=\"async\" src=\"https:\/\/www.eldiario.net\/portal\/wp-content\/uploads\/2024\/08\/IMG_7122-630x420.jpg\" srcset=\"https:\/\/www.eldiario.net\/portal\/wp-content\/uploads\/2024\/08\/IMG_7122-630x420.jpg 630w, https:\/\/www.eldiario.net\/portal\/wp-content\/uploads\/2024\/08\/IMG_7122-300x200.jpg 300w, https:\/\/www.eldiario.net\/portal\/wp-content\/uploads\/2024\/08\/IMG_7122-1024x683.jpg 1024w, https:\/\/www.eldiario.net\/portal\/wp-content\/uploads\/2024\/08\/IMG_7122-768x512.jpg 768w, https:\/\/www.eldiario.net\/portal\/wp-content\/uploads\/2024\/08\/IMG_7122-696x464.jpg 696w, https:\/\/www.eldiario.net\/portal\/wp-content\/uploads\/2024\/08\/IMG_7122-1068x712.jpg 1068w, https:\/\/www.eldiario.net\/portal\/wp-content\/uploads\/2024\/08\/IMG_7122.jpg 1200w\" sizes=\"(max-width: 630px) 100vw, 630px\" alt=\"\">\r\n                            <\/a>\r\n                            <figcaption class = \"td-slide-caption td-gallery-slide-content\"><div class = \"td-gallery-slide-copywrite\">ADRI\u00c1N CAMPERO Y FRANCO URQUIDI.<\/div><\/figcaption>\r\n                        <\/figure>\r\n                    <\/div>\r\n                    <div class = \"td-slide-item td-item10\">\r\n                        <figure class=\"td-slide-galery-figure td-slide-popup-gallery\">\r\n                            <a class=\"slide-gallery-image-link\" href=\"https:\/\/www.eldiario.net\/portal\/wp-content\/uploads\/2024\/08\/IMG_7123.jpg\" title=\"IMG_7123\"  data-caption=\"ANTONIO ARAUCO, M\u00d3NICA BELTR\u00c1N, SILVIA ANTEZANA Y SERGIO VILLALOBOS.\"  data-description=\"\">\r\n                                <img decoding=\"async\" src=\"https:\/\/www.eldiario.net\/portal\/wp-content\/uploads\/2024\/08\/IMG_7123-630x420.jpg\" srcset=\"https:\/\/www.eldiario.net\/portal\/wp-content\/uploads\/2024\/08\/IMG_7123-630x420.jpg 630w, https:\/\/www.eldiario.net\/portal\/wp-content\/uploads\/2024\/08\/IMG_7123-300x200.jpg 300w, https:\/\/www.eldiario.net\/portal\/wp-content\/uploads\/2024\/08\/IMG_7123-1024x683.jpg 1024w, https:\/\/www.eldiario.net\/portal\/wp-content\/uploads\/2024\/08\/IMG_7123-768x512.jpg 768w, https:\/\/www.eldiario.net\/portal\/wp-content\/uploads\/2024\/08\/IMG_7123-696x464.jpg 696w, https:\/\/www.eldiario.net\/portal\/wp-content\/uploads\/2024\/08\/IMG_7123-1068x712.jpg 1068w, https:\/\/www.eldiario.net\/portal\/wp-content\/uploads\/2024\/08\/IMG_7123.jpg 1200w\" sizes=\"(max-width: 630px) 100vw, 630px\" alt=\"\">\r\n                            <\/a>\r\n                            <figcaption class = \"td-slide-caption td-gallery-slide-content\"><div class = \"td-gallery-slide-copywrite\">ANTONIO ARAUCO, M\u00d3NICA BELTR\u00c1N, SILVIA ANTEZANA Y SERGIO VILLALOBOS.<\/div><\/figcaption>\r\n                        <\/figure>\r\n                    <\/div>\r\n                    <div class = \"td-slide-item td-item11\">\r\n                        <figure class=\"td-slide-galery-figure td-slide-popup-gallery\">\r\n                            <a class=\"slide-gallery-image-link\" href=\"https:\/\/www.eldiario.net\/portal\/wp-content\/uploads\/2024\/08\/IMG_7124.jpg\" title=\"IMG_7124\"  data-caption=\"MAYRA BARR\u00d3N Y DENISSE BARR\u00d3N\"  data-description=\"\">\r\n                                <img decoding=\"async\" src=\"https:\/\/www.eldiario.net\/portal\/wp-content\/uploads\/2024\/08\/IMG_7124-280x420.jpg\" srcset=\"https:\/\/www.eldiario.net\/portal\/wp-content\/uploads\/2024\/08\/IMG_7124-280x420.jpg 280w, https:\/\/www.eldiario.net\/portal\/wp-content\/uploads\/2024\/08\/IMG_7124-200x300.jpg 200w, https:\/\/www.eldiario.net\/portal\/wp-content\/uploads\/2024\/08\/IMG_7124-683x1024.jpg 683w, https:\/\/www.eldiario.net\/portal\/wp-content\/uploads\/2024\/08\/IMG_7124-768x1152.jpg 768w, https:\/\/www.eldiario.net\/portal\/wp-content\/uploads\/2024\/08\/IMG_7124-1024x1536.jpg 1024w, https:\/\/www.eldiario.net\/portal\/wp-content\/uploads\/2024\/08\/IMG_7124-696x1044.jpg 696w, https:\/\/www.eldiario.net\/portal\/wp-content\/uploads\/2024\/08\/IMG_7124-1068x1602.jpg 1068w, https:\/\/www.eldiario.net\/portal\/wp-content\/uploads\/2024\/08\/IMG_7124.jpg 1200w\" sizes=\"(max-width: 280px) 100vw, 280px\" alt=\"\">\r\n                            <\/a>\r\n                            <figcaption class = \"td-slide-caption td-gallery-slide-content\"><div class = \"td-gallery-slide-copywrite\">MAYRA BARR\u00d3N Y DENISSE BARR\u00d3N<\/div><\/figcaption>\r\n                        <\/figure>\r\n                    <\/div>\r\n                    <div class = \"td-slide-item td-item12\">\r\n                        <figure class=\"td-slide-galery-figure td-slide-popup-gallery\">\r\n                            <a class=\"slide-gallery-image-link\" href=\"https:\/\/www.eldiario.net\/portal\/wp-content\/uploads\/2024\/08\/IMG_7131.jpg\" title=\"IMG_7131\"  data-caption=\"  DIEGO PAREDES, GERENTE REGIONAL DE IMCRUZ.\"  data-description=\"\">\r\n                                <img decoding=\"async\" src=\"https:\/\/www.eldiario.net\/portal\/wp-content\/uploads\/2024\/08\/IMG_7131-630x420.jpg\" srcset=\"https:\/\/www.eldiario.net\/portal\/wp-content\/uploads\/2024\/08\/IMG_7131-630x420.jpg 630w, https:\/\/www.eldiario.net\/portal\/wp-content\/uploads\/2024\/08\/IMG_7131-300x200.jpg 300w, https:\/\/www.eldiario.net\/portal\/wp-content\/uploads\/2024\/08\/IMG_7131-1024x683.jpg 1024w, https:\/\/www.eldiario.net\/portal\/wp-content\/uploads\/2024\/08\/IMG_7131-768x512.jpg 768w, https:\/\/www.eldiario.net\/portal\/wp-content\/uploads\/2024\/08\/IMG_7131-696x464.jpg 696w, https:\/\/www.eldiario.net\/portal\/wp-content\/uploads\/2024\/08\/IMG_7131-1068x712.jpg 1068w, https:\/\/www.eldiario.net\/portal\/wp-content\/uploads\/2024\/08\/IMG_7131.jpg 1200w\" sizes=\"(max-width: 630px) 100vw, 630px\" alt=\"\">\r\n                            <\/a>\r\n                            <figcaption class = \"td-slide-caption td-gallery-slide-content\"><div class = \"td-gallery-slide-copywrite\">  DIEGO PAREDES, GERENTE REGIONAL DE IMCRUZ.<\/div><\/figcaption>\r\n                        <\/figure>\r\n                    <\/div>\r\n                    <div class = \"td-slide-item td-item13\">\r\n                        <figure class=\"td-slide-galery-figure td-slide-popup-gallery\">\r\n                            <a class=\"slide-gallery-image-link\" href=\"https:\/\/www.eldiario.net\/portal\/wp-content\/uploads\/2024\/08\/IMG_7146.jpg\" title=\"IMG_7146\"  data-caption=\" ANDR\u00c9S BEDREGAL, MANUEL VELASCO Y PEDRO VELASCO.\"  data-description=\"\">\r\n                                <img decoding=\"async\" src=\"https:\/\/www.eldiario.net\/portal\/wp-content\/uploads\/2024\/08\/IMG_7146-630x420.jpg\" srcset=\"https:\/\/www.eldiario.net\/portal\/wp-content\/uploads\/2024\/08\/IMG_7146-630x420.jpg 630w, https:\/\/www.eldiario.net\/portal\/wp-content\/uploads\/2024\/08\/IMG_7146-300x200.jpg 300w, https:\/\/www.eldiario.net\/portal\/wp-content\/uploads\/2024\/08\/IMG_7146-1024x683.jpg 1024w, https:\/\/www.eldiario.net\/portal\/wp-content\/uploads\/2024\/08\/IMG_7146-768x512.jpg 768w, https:\/\/www.eldiario.net\/portal\/wp-content\/uploads\/2024\/08\/IMG_7146-696x464.jpg 696w, https:\/\/www.eldiario.net\/portal\/wp-content\/uploads\/2024\/08\/IMG_7146-1068x712.jpg 1068w, https:\/\/www.eldiario.net\/portal\/wp-content\/uploads\/2024\/08\/IMG_7146.jpg 1200w\" sizes=\"(max-width: 630px) 100vw, 630px\" alt=\"\">\r\n                            <\/a>\r\n                            <figcaption class = \"td-slide-caption td-gallery-slide-content\"><div class = \"td-gallery-slide-copywrite\"> ANDR\u00c9S BEDREGAL, MANUEL VELASCO Y PEDRO VELASCO.<\/div><\/figcaption>\r\n                        <\/figure>\r\n                    <\/div>\r\n                    <div class = \"td-slide-item td-item14\">\r\n                        <figure class=\"td-slide-galery-figure td-slide-popup-gallery\">\r\n                            <a class=\"slide-gallery-image-link\" href=\"https:\/\/www.eldiario.net\/portal\/wp-content\/uploads\/2024\/08\/IMG_7148.jpg\" title=\"IMG_7148\"  data-caption=\" MAT\u00cdAS ANDREANI, MANAGING DIRECTOR BOLIVIA.\"  data-description=\"\">\r\n                                <img decoding=\"async\" src=\"https:\/\/www.eldiario.net\/portal\/wp-content\/uploads\/2024\/08\/IMG_7148-630x420.jpg\" srcset=\"https:\/\/www.eldiario.net\/portal\/wp-content\/uploads\/2024\/08\/IMG_7148-630x420.jpg 630w, https:\/\/www.eldiario.net\/portal\/wp-content\/uploads\/2024\/08\/IMG_7148-300x200.jpg 300w, https:\/\/www.eldiario.net\/portal\/wp-content\/uploads\/2024\/08\/IMG_7148-1024x683.jpg 1024w, https:\/\/www.eldiario.net\/portal\/wp-content\/uploads\/2024\/08\/IMG_7148-768x512.jpg 768w, https:\/\/www.eldiario.net\/portal\/wp-content\/uploads\/2024\/08\/IMG_7148-696x464.jpg 696w, https:\/\/www.eldiario.net\/portal\/wp-content\/uploads\/2024\/08\/IMG_7148-1068x712.jpg 1068w, https:\/\/www.eldiario.net\/portal\/wp-content\/uploads\/2024\/08\/IMG_7148.jpg 1200w\" sizes=\"(max-width: 630px) 100vw, 630px\" alt=\"\">\r\n                            <\/a>\r\n                            <figcaption class = \"td-slide-caption td-gallery-slide-content\"><div class = \"td-gallery-slide-copywrite\"> MAT\u00cdAS ANDREANI, MANAGING DIRECTOR BOLIVIA.<\/div><\/figcaption>\r\n                        <\/figure>\r\n                    <\/div>\r\n                    <div class = \"td-slide-item td-item15\">\r\n                        <figure class=\"td-slide-galery-figure td-slide-popup-gallery\">\r\n                            <a class=\"slide-gallery-image-link\" href=\"https:\/\/www.eldiario.net\/portal\/wp-content\/uploads\/2024\/08\/IMG_7163.jpg\" title=\"IMG_7163\"  data-caption=\"UN BRINDIS POR EL \u00c9XITO DE LA EMPRESA AUTOMOTRIZ.\"  data-description=\"\">\r\n                                <img decoding=\"async\" src=\"https:\/\/www.eldiario.net\/portal\/wp-content\/uploads\/2024\/08\/IMG_7163-630x420.jpg\" srcset=\"https:\/\/www.eldiario.net\/portal\/wp-content\/uploads\/2024\/08\/IMG_7163-630x420.jpg 630w, https:\/\/www.eldiario.net\/portal\/wp-content\/uploads\/2024\/08\/IMG_7163-300x200.jpg 300w, https:\/\/www.eldiario.net\/portal\/wp-content\/uploads\/2024\/08\/IMG_7163-1024x683.jpg 1024w, https:\/\/www.eldiario.net\/portal\/wp-content\/uploads\/2024\/08\/IMG_7163-768x512.jpg 768w, https:\/\/www.eldiario.net\/portal\/wp-content\/uploads\/2024\/08\/IMG_7163-696x464.jpg 696w, https:\/\/www.eldiario.net\/portal\/wp-content\/uploads\/2024\/08\/IMG_7163-1068x712.jpg 1068w, https:\/\/www.eldiario.net\/portal\/wp-content\/uploads\/2024\/08\/IMG_7163.jpg 1200w\" sizes=\"(max-width: 630px) 100vw, 630px\" alt=\"\">\r\n                            <\/a>\r\n                            <figcaption class = \"td-slide-caption td-gallery-slide-content\"><div class = \"td-gallery-slide-copywrite\">UN BRINDIS POR EL \u00c9XITO DE LA EMPRESA AUTOMOTRIZ.<\/div><\/figcaption>\r\n                        <\/figure>\r\n                    <\/div>\r\n                    <div class = \"td-slide-item td-item16\">\r\n                        <figure class=\"td-slide-galery-figure td-slide-popup-gallery\">\r\n                            <a class=\"slide-gallery-image-link\" href=\"https:\/\/www.eldiario.net\/portal\/wp-content\/uploads\/2024\/08\/IMG_7170.jpg\" title=\"IMG_7170\"  data-caption=\"ISABEL PE\u00d1ALOZA, MAT\u00cdAS ANDREANI Y JOS\u00c9 CLAUDIO PE\u00d1ALOZA.\"  data-description=\"\">\r\n                                <img decoding=\"async\" src=\"https:\/\/www.eldiario.net\/portal\/wp-content\/uploads\/2024\/08\/IMG_7170-280x420.jpg\" srcset=\"https:\/\/www.eldiario.net\/portal\/wp-content\/uploads\/2024\/08\/IMG_7170-280x420.jpg 280w, https:\/\/www.eldiario.net\/portal\/wp-content\/uploads\/2024\/08\/IMG_7170-200x300.jpg 200w, https:\/\/www.eldiario.net\/portal\/wp-content\/uploads\/2024\/08\/IMG_7170-683x1024.jpg 683w, https:\/\/www.eldiario.net\/portal\/wp-content\/uploads\/2024\/08\/IMG_7170-768x1152.jpg 768w, https:\/\/www.eldiario.net\/portal\/wp-content\/uploads\/2024\/08\/IMG_7170-1024x1536.jpg 1024w, https:\/\/www.eldiario.net\/portal\/wp-content\/uploads\/2024\/08\/IMG_7170-696x1044.jpg 696w, https:\/\/www.eldiario.net\/portal\/wp-content\/uploads\/2024\/08\/IMG_7170-1068x1602.jpg 1068w, https:\/\/www.eldiario.net\/portal\/wp-content\/uploads\/2024\/08\/IMG_7170.jpg 1200w\" sizes=\"(max-width: 280px) 100vw, 280px\" alt=\"\">\r\n                            <\/a>\r\n                            <figcaption class = \"td-slide-caption td-gallery-slide-content\"><div class = \"td-gallery-slide-copywrite\">ISABEL PE\u00d1ALOZA, MAT\u00cdAS ANDREANI Y JOS\u00c9 CLAUDIO PE\u00d1ALOZA.<\/div><\/figcaption>\r\n                        <\/figure>\r\n                    <\/div>\r\n                            <\/div>\r\n                        <\/div>\r\n\r\n                        <div class = \"td-doubleSlider-2\">\r\n                            <div class = \"td-slider\">\r\n                                \r\n                    <div class = \"td-button td-item1\">\r\n                        <div class = \"td-border\"><\/div>\r\n                    <\/div>\r\n                    <div class = \"td-button td-item2\">\r\n                        <div class = \"td-border\"><\/div>\r\n                    <\/div>\r\n                    <div class = \"td-button td-item3\">\r\n                        <div class = \"td-border\"><\/div>\r\n                    <\/div>\r\n                    <div class = \"td-button td-item4\">\r\n                        <div class = \"td-border\"><\/div>\r\n                    <\/div>\r\n                    <div class = \"td-button td-item5\">\r\n                        <div class = \"td-border\"><\/div>\r\n                    <\/div>\r\n                    <div class = \"td-button td-item6\">\r\n                        <div class = \"td-border\"><\/div>\r\n                    <\/div>\r\n                    <div class = \"td-button td-item7\">\r\n                        <div class = \"td-border\"><\/div>\r\n                    <\/div>\r\n                    <div class = \"td-button td-item8\">\r\n                        <div class = \"td-border\"><\/div>\r\n                    <\/div>\r\n                    <div class = \"td-button td-item9\">\r\n                        <div class = \"td-border\"><\/div>\r\n                    <\/div>\r\n                    <div class = \"td-button td-item10\">\r\n                        <div class = \"td-border\"><\/div>\r\n                    <\/div>\r\n                    <div class = \"td-button td-item11\">\r\n                        <div class = \"td-border\"><\/div>\r\n                    <\/div>\r\n                    <div class = \"td-button td-item12\">\r\n                        <div class = \"td-border\"><\/div>\r\n                    <\/div>\r\n                    <div class = \"td-button td-item13\">\r\n                        <div class = \"td-border\"><\/div>\r\n                    <\/div>\r\n                    <div class = \"td-button td-item14\">\r\n                        <div class = \"td-border\"><\/div>\r\n                    <\/div>\r\n                    <div class = \"td-button td-item15\">\r\n                        <div class = \"td-border\"><\/div>\r\n                    <\/div>\r\n                    <div class = \"td-button td-item16\">\r\n                        <div class = \"td-border\"><\/div>\r\n                    <\/div>\r\n                            <\/div>\r\n                        <\/div>\r\n\r\n                    <\/div>\r\n\r\n                <\/div>\r\n                \n","protected":false},"excerpt":{"rendered":"<p>Con la mirada puesta en el futuro, Imcruz &#8211; Inchcape Bolivia, representante de marcas de renombre mundial, conmemora sus 40 a\u00f1os en Bolivia con la inauguraci\u00f3n del primer showroom vertical de tres niveles en La Paz. Este proyecto, desarrollado durante dos a\u00f1os con una inversi\u00f3n superior al mill\u00f3n de d\u00f3lares, se presenta a la poblaci\u00f3n [&hellip;]<\/p>\n","protected":false},"author":1,"featured_media":238739,"comment_status":"open","ping_status":"open","sticky":false,"template":"","format":"standard","meta":{"_acf_changed":false,"footnotes":""},"categories":[40],"tags":[],"class_list":["post-238735","post","type-post","status-publish","format-standard","has-post-thumbnail","category-sociales"],"acf":{"antetitulo":""},"yoast_head":"<!-- This site is optimized with the Yoast SEO plugin v28.3 - https:\/\/yoast.com\/product\/yoast-seo-wordpress\/ -->\n<title>Imcruz celebra 40 a\u00f1os de trayectoria estrenando showroom vertical y sostenible - El Diario - Bolivia<\/title>\n<meta name=\"robots\" content=\"index, follow, max-snippet:-1, max-image-preview:large, max-video-preview:-1\" \/>\n<link rel=\"canonical\" href=\"https:\/\/www.eldiario.net\/portal\/2024\/08\/05\/imcruz-celebra-40-anos-de-trayectoria-estrenando-showroom-vertical-y-sostenible\/\" \/>\n<meta property=\"og:locale\" content=\"es_ES\" \/>\n<meta property=\"og:type\" content=\"article\" \/>\n<meta property=\"og:title\" content=\"Imcruz celebra 40 a\u00f1os de trayectoria estrenando showroom vertical y sostenible - El Diario - Bolivia\" \/>\n<meta property=\"og:description\" content=\"Con la mirada puesta en el futuro, Imcruz &#8211; Inchcape Bolivia, representante de marcas de renombre mundial, conmemora sus 40 a\u00f1os en Bolivia con la inauguraci\u00f3n del primer showroom vertical de tres niveles en La Paz. Este proyecto, desarrollado durante dos a\u00f1os con una inversi\u00f3n superior al mill\u00f3n de d\u00f3lares, se presenta a la poblaci\u00f3n [&hellip;]\" \/>\n<meta property=\"og:url\" content=\"https:\/\/www.eldiario.net\/portal\/2024\/08\/05\/imcruz-celebra-40-anos-de-trayectoria-estrenando-showroom-vertical-y-sostenible\/\" \/>\n<meta property=\"og:site_name\" content=\"El Diario - Bolivia\" \/>\n<meta property=\"article:publisher\" content=\"https:\/\/www.facebook.com\/eldiario.bolivia\/\" \/>\n<meta property=\"article:published_time\" content=\"2024-08-05T10:06:25+00:00\" \/>\n<meta property=\"og:image\" content=\"https:\/\/www.eldiario.net\/portal\/wp-content\/uploads\/2024\/08\/Estefania-Ibarra-Diego-Paredes-Roberto-Delgado-Maria-Ines-Carrasco-Michelle-Noriega-Matias-Andreani-y-Nimeyra-Flores.jpg\" \/>\n\t<meta property=\"og:image:width\" content=\"1200\" \/>\n\t<meta property=\"og:image:height\" content=\"800\" \/>\n\t<meta property=\"og:image:type\" content=\"image\/jpeg\" \/>\n<meta name=\"author\" content=\"Jeanette\" \/>\n<meta name=\"twitter:card\" content=\"summary_large_image\" \/>\n<meta name=\"twitter:creator\" content=\"@eldiario_net\" \/>\n<meta name=\"twitter:site\" content=\"@eldiario_net\" \/>\n<meta name=\"twitter:label1\" content=\"Escrito por\" \/>\n\t<meta name=\"twitter:data1\" content=\"Jeanette\" \/>\n\t<meta name=\"twitter:label2\" content=\"Tiempo de lectura\" \/>\n\t<meta name=\"twitter:data2\" content=\"2 minutos\" \/>\n<script type=\"application\/ld+json\" class=\"yoast-schema-graph\">{\"@context\":\"https:\\\/\\\/schema.org\",\"@graph\":[{\"@type\":\"Article\",\"@id\":\"https:\\\/\\\/www.eldiario.net\\\/portal\\\/2024\\\/08\\\/05\\\/imcruz-celebra-40-anos-de-trayectoria-estrenando-showroom-vertical-y-sostenible\\\/#article\",\"isPartOf\":{\"@id\":\"https:\\\/\\\/www.eldiario.net\\\/portal\\\/2024\\\/08\\\/05\\\/imcruz-celebra-40-anos-de-trayectoria-estrenando-showroom-vertical-y-sostenible\\\/\"},\"author\":{\"name\":\"Jeanette\",\"@id\":\"https:\\\/\\\/www.eldiario.net\\\/portal\\\/#\\\/schema\\\/person\\\/f46445640444750d7d753ccd04ae01b7\"},\"headline\":\"Imcruz celebra 40 a\u00f1os de trayectoria estrenando showroom vertical y sostenible\",\"datePublished\":\"2024-08-05T10:06:25+00:00\",\"mainEntityOfPage\":{\"@id\":\"https:\\\/\\\/www.eldiario.net\\\/portal\\\/2024\\\/08\\\/05\\\/imcruz-celebra-40-anos-de-trayectoria-estrenando-showroom-vertical-y-sostenible\\\/\"},\"wordCount\":396,\"commentCount\":0,\"publisher\":{\"@id\":\"https:\\\/\\\/www.eldiario.net\\\/portal\\\/#organization\"},\"image\":{\"@id\":\"https:\\\/\\\/www.eldiario.net\\\/portal\\\/2024\\\/08\\\/05\\\/imcruz-celebra-40-anos-de-trayectoria-estrenando-showroom-vertical-y-sostenible\\\/#primaryimage\"},\"thumbnailUrl\":\"https:\\\/\\\/www.eldiario.net\\\/portal\\\/wp-content\\\/uploads\\\/2024\\\/08\\\/Estefania-Ibarra-Diego-Paredes-Roberto-Delgado-Maria-Ines-Carrasco-Michelle-Noriega-Matias-Andreani-y-Nimeyra-Flores.jpg\",\"articleSection\":[\"Sociales\"],\"inLanguage\":\"es\",\"potentialAction\":[{\"@type\":\"CommentAction\",\"name\":\"Comment\",\"target\":[\"https:\\\/\\\/www.eldiario.net\\\/portal\\\/2024\\\/08\\\/05\\\/imcruz-celebra-40-anos-de-trayectoria-estrenando-showroom-vertical-y-sostenible\\\/#respond\"]}]},{\"@type\":\"WebPage\",\"@id\":\"https:\\\/\\\/www.eldiario.net\\\/portal\\\/2024\\\/08\\\/05\\\/imcruz-celebra-40-anos-de-trayectoria-estrenando-showroom-vertical-y-sostenible\\\/\",\"url\":\"https:\\\/\\\/www.eldiario.net\\\/portal\\\/2024\\\/08\\\/05\\\/imcruz-celebra-40-anos-de-trayectoria-estrenando-showroom-vertical-y-sostenible\\\/\",\"name\":\"Imcruz celebra 40 a\u00f1os de trayectoria estrenando showroom vertical y sostenible - El Diario - Bolivia\",\"isPartOf\":{\"@id\":\"https:\\\/\\\/www.eldiario.net\\\/portal\\\/#website\"},\"primaryImageOfPage\":{\"@id\":\"https:\\\/\\\/www.eldiario.net\\\/portal\\\/2024\\\/08\\\/05\\\/imcruz-celebra-40-anos-de-trayectoria-estrenando-showroom-vertical-y-sostenible\\\/#primaryimage\"},\"image\":{\"@id\":\"https:\\\/\\\/www.eldiario.net\\\/portal\\\/2024\\\/08\\\/05\\\/imcruz-celebra-40-anos-de-trayectoria-estrenando-showroom-vertical-y-sostenible\\\/#primaryimage\"},\"thumbnailUrl\":\"https:\\\/\\\/www.eldiario.net\\\/portal\\\/wp-content\\\/uploads\\\/2024\\\/08\\\/Estefania-Ibarra-Diego-Paredes-Roberto-Delgado-Maria-Ines-Carrasco-Michelle-Noriega-Matias-Andreani-y-Nimeyra-Flores.jpg\",\"datePublished\":\"2024-08-05T10:06:25+00:00\",\"breadcrumb\":{\"@id\":\"https:\\\/\\\/www.eldiario.net\\\/portal\\\/2024\\\/08\\\/05\\\/imcruz-celebra-40-anos-de-trayectoria-estrenando-showroom-vertical-y-sostenible\\\/#breadcrumb\"},\"inLanguage\":\"es\",\"potentialAction\":[{\"@type\":\"ReadAction\",\"target\":[\"https:\\\/\\\/www.eldiario.net\\\/portal\\\/2024\\\/08\\\/05\\\/imcruz-celebra-40-anos-de-trayectoria-estrenando-showroom-vertical-y-sostenible\\\/\"]}]},{\"@type\":\"ImageObject\",\"inLanguage\":\"es\",\"@id\":\"https:\\\/\\\/www.eldiario.net\\\/portal\\\/2024\\\/08\\\/05\\\/imcruz-celebra-40-anos-de-trayectoria-estrenando-showroom-vertical-y-sostenible\\\/#primaryimage\",\"url\":\"https:\\\/\\\/www.eldiario.net\\\/portal\\\/wp-content\\\/uploads\\\/2024\\\/08\\\/Estefania-Ibarra-Diego-Paredes-Roberto-Delgado-Maria-Ines-Carrasco-Michelle-Noriega-Matias-Andreani-y-Nimeyra-Flores.jpg\",\"contentUrl\":\"https:\\\/\\\/www.eldiario.net\\\/portal\\\/wp-content\\\/uploads\\\/2024\\\/08\\\/Estefania-Ibarra-Diego-Paredes-Roberto-Delgado-Maria-Ines-Carrasco-Michelle-Noriega-Matias-Andreani-y-Nimeyra-Flores.jpg\",\"width\":1200,\"height\":800,\"caption\":\"ESTEFAN\u00cdA IBARRA, DIEGO PAREDES, ROBERTO DELGADO, MAR\u00cdA IN\u00c9S CARRASCO, MICHELLE NORIEGA, MATIAS ANDREANI Y NIMEYRA FLORES.\"},{\"@type\":\"BreadcrumbList\",\"@id\":\"https:\\\/\\\/www.eldiario.net\\\/portal\\\/2024\\\/08\\\/05\\\/imcruz-celebra-40-anos-de-trayectoria-estrenando-showroom-vertical-y-sostenible\\\/#breadcrumb\",\"itemListElement\":[{\"@type\":\"ListItem\",\"position\":1,\"name\":\"Portada\",\"item\":\"https:\\\/\\\/www.eldiario.net\\\/portal\\\/\"},{\"@type\":\"ListItem\",\"position\":2,\"name\":\"Imcruz celebra 40 a\u00f1os de trayectoria estrenando showroom vertical y sostenible\"}]},{\"@type\":\"WebSite\",\"@id\":\"https:\\\/\\\/www.eldiario.net\\\/portal\\\/#website\",\"url\":\"https:\\\/\\\/www.eldiario.net\\\/portal\\\/\",\"name\":\"El Diario - Decano de la prensa nacional\",\"description\":\"El Diario - Decano de la prensa nacional\",\"publisher\":{\"@id\":\"https:\\\/\\\/www.eldiario.net\\\/portal\\\/#organization\"},\"potentialAction\":[{\"@type\":\"SearchAction\",\"target\":{\"@type\":\"EntryPoint\",\"urlTemplate\":\"https:\\\/\\\/www.eldiario.net\\\/portal\\\/?s={search_term_string}\"},\"query-input\":{\"@type\":\"PropertyValueSpecification\",\"valueRequired\":true,\"valueName\":\"search_term_string\"}}],\"inLanguage\":\"es\"},{\"@type\":\"Organization\",\"@id\":\"https:\\\/\\\/www.eldiario.net\\\/portal\\\/#organization\",\"name\":\"El Diario - Decano de la prensa nacional\",\"url\":\"https:\\\/\\\/www.eldiario.net\\\/portal\\\/\",\"logo\":{\"@type\":\"ImageObject\",\"inLanguage\":\"es\",\"@id\":\"https:\\\/\\\/www.eldiario.net\\\/portal\\\/#\\\/schema\\\/logo\\\/image\\\/\",\"url\":\"https:\\\/\\\/www.eldiario.net\\\/portal\\\/wp-content\\\/uploads\\\/2023\\\/07\\\/logo_ED.jpg\",\"contentUrl\":\"https:\\\/\\\/www.eldiario.net\\\/portal\\\/wp-content\\\/uploads\\\/2023\\\/07\\\/logo_ED.jpg\",\"width\":272,\"height\":52,\"caption\":\"El Diario - Decano de la prensa nacional\"},\"image\":{\"@id\":\"https:\\\/\\\/www.eldiario.net\\\/portal\\\/#\\\/schema\\\/logo\\\/image\\\/\"},\"sameAs\":[\"https:\\\/\\\/www.facebook.com\\\/eldiario.bolivia\\\/\",\"https:\\\/\\\/x.com\\\/eldiario_net\"]},{\"@type\":\"Person\",\"@id\":\"https:\\\/\\\/www.eldiario.net\\\/portal\\\/#\\\/schema\\\/person\\\/f46445640444750d7d753ccd04ae01b7\",\"name\":\"Jeanette\",\"image\":{\"@type\":\"ImageObject\",\"inLanguage\":\"es\",\"@id\":\"https:\\\/\\\/secure.gravatar.com\\\/avatar\\\/3ea2118a5f7dad2b7138b1187a6b7ee55f160b9968b66013c3a3ef39dd7e5798?s=96&d=mm&r=g\",\"url\":\"https:\\\/\\\/secure.gravatar.com\\\/avatar\\\/3ea2118a5f7dad2b7138b1187a6b7ee55f160b9968b66013c3a3ef39dd7e5798?s=96&d=mm&r=g\",\"contentUrl\":\"https:\\\/\\\/secure.gravatar.com\\\/avatar\\\/3ea2118a5f7dad2b7138b1187a6b7ee55f160b9968b66013c3a3ef39dd7e5798?s=96&d=mm&r=g\",\"caption\":\"Jeanette\"},\"sameAs\":[\"https:\\\/\\\/www.eldiario.net\\\/portal\"],\"url\":\"https:\\\/\\\/www.eldiario.net\\\/portal\\\/author\\\/jeanette\\\/\"}]}<\/script>\n<!-- \/ Yoast SEO plugin. -->","yoast_head_json":{"title":"Imcruz celebra 40 a\u00f1os de trayectoria estrenando showroom vertical y sostenible - El Diario - Bolivia","robots":{"index":"index","follow":"follow","max-snippet":"max-snippet:-1","max-image-preview":"max-image-preview:large","max-video-preview":"max-video-preview:-1"},"canonical":"https:\/\/www.eldiario.net\/portal\/2024\/08\/05\/imcruz-celebra-40-anos-de-trayectoria-estrenando-showroom-vertical-y-sostenible\/","og_locale":"es_ES","og_type":"article","og_title":"Imcruz celebra 40 a\u00f1os de trayectoria estrenando showroom vertical y sostenible - El Diario - Bolivia","og_description":"Con la mirada puesta en el futuro, Imcruz &#8211; Inchcape Bolivia, representante de marcas de renombre mundial, conmemora sus 40 a\u00f1os en Bolivia con la inauguraci\u00f3n del primer showroom vertical de tres niveles en La Paz. Este proyecto, desarrollado durante dos a\u00f1os con una inversi\u00f3n superior al mill\u00f3n de d\u00f3lares, se presenta a la poblaci\u00f3n [&hellip;]","og_url":"https:\/\/www.eldiario.net\/portal\/2024\/08\/05\/imcruz-celebra-40-anos-de-trayectoria-estrenando-showroom-vertical-y-sostenible\/","og_site_name":"El Diario - Bolivia","article_publisher":"https:\/\/www.facebook.com\/eldiario.bolivia\/","article_published_time":"2024-08-05T10:06:25+00:00","og_image":[{"width":1200,"height":800,"url":"https:\/\/www.eldiario.net\/portal\/wp-content\/uploads\/2024\/08\/Estefania-Ibarra-Diego-Paredes-Roberto-Delgado-Maria-Ines-Carrasco-Michelle-Noriega-Matias-Andreani-y-Nimeyra-Flores.jpg","type":"image\/jpeg"}],"author":"Jeanette","twitter_card":"summary_large_image","twitter_creator":"@eldiario_net","twitter_site":"@eldiario_net","twitter_misc":{"Escrito por":"Jeanette","Tiempo de lectura":"2 minutos"},"schema":{"@context":"https:\/\/schema.org","@graph":[{"@type":"Article","@id":"https:\/\/www.eldiario.net\/portal\/2024\/08\/05\/imcruz-celebra-40-anos-de-trayectoria-estrenando-showroom-vertical-y-sostenible\/#article","isPartOf":{"@id":"https:\/\/www.eldiario.net\/portal\/2024\/08\/05\/imcruz-celebra-40-anos-de-trayectoria-estrenando-showroom-vertical-y-sostenible\/"},"author":{"name":"Jeanette","@id":"https:\/\/www.eldiario.net\/portal\/#\/schema\/person\/f46445640444750d7d753ccd04ae01b7"},"headline":"Imcruz celebra 40 a\u00f1os de trayectoria estrenando showroom vertical y sostenible","datePublished":"2024-08-05T10:06:25+00:00","mainEntityOfPage":{"@id":"https:\/\/www.eldiario.net\/portal\/2024\/08\/05\/imcruz-celebra-40-anos-de-trayectoria-estrenando-showroom-vertical-y-sostenible\/"},"wordCount":396,"commentCount":0,"publisher":{"@id":"https:\/\/www.eldiario.net\/portal\/#organization"},"image":{"@id":"https:\/\/www.eldiario.net\/portal\/2024\/08\/05\/imcruz-celebra-40-anos-de-trayectoria-estrenando-showroom-vertical-y-sostenible\/#primaryimage"},"thumbnailUrl":"https:\/\/www.eldiario.net\/portal\/wp-content\/uploads\/2024\/08\/Estefania-Ibarra-Diego-Paredes-Roberto-Delgado-Maria-Ines-Carrasco-Michelle-Noriega-Matias-Andreani-y-Nimeyra-Flores.jpg","articleSection":["Sociales"],"inLanguage":"es","potentialAction":[{"@type":"CommentAction","name":"Comment","target":["https:\/\/www.eldiario.net\/portal\/2024\/08\/05\/imcruz-celebra-40-anos-de-trayectoria-estrenando-showroom-vertical-y-sostenible\/#respond"]}]},{"@type":"WebPage","@id":"https:\/\/www.eldiario.net\/portal\/2024\/08\/05\/imcruz-celebra-40-anos-de-trayectoria-estrenando-showroom-vertical-y-sostenible\/","url":"https:\/\/www.eldiario.net\/portal\/2024\/08\/05\/imcruz-celebra-40-anos-de-trayectoria-estrenando-showroom-vertical-y-sostenible\/","name":"Imcruz celebra 40 a\u00f1os de trayectoria estrenando showroom vertical y sostenible - El Diario - Bolivia","isPartOf":{"@id":"https:\/\/www.eldiario.net\/portal\/#website"},"primaryImageOfPage":{"@id":"https:\/\/www.eldiario.net\/portal\/2024\/08\/05\/imcruz-celebra-40-anos-de-trayectoria-estrenando-showroom-vertical-y-sostenible\/#primaryimage"},"image":{"@id":"https:\/\/www.eldiario.net\/portal\/2024\/08\/05\/imcruz-celebra-40-anos-de-trayectoria-estrenando-showroom-vertical-y-sostenible\/#primaryimage"},"thumbnailUrl":"https:\/\/www.eldiario.net\/portal\/wp-content\/uploads\/2024\/08\/Estefania-Ibarra-Diego-Paredes-Roberto-Delgado-Maria-Ines-Carrasco-Michelle-Noriega-Matias-Andreani-y-Nimeyra-Flores.jpg","datePublished":"2024-08-05T10:06:25+00:00","breadcrumb":{"@id":"https:\/\/www.eldiario.net\/portal\/2024\/08\/05\/imcruz-celebra-40-anos-de-trayectoria-estrenando-showroom-vertical-y-sostenible\/#breadcrumb"},"inLanguage":"es","potentialAction":[{"@type":"ReadAction","target":["https:\/\/www.eldiario.net\/portal\/2024\/08\/05\/imcruz-celebra-40-anos-de-trayectoria-estrenando-showroom-vertical-y-sostenible\/"]}]},{"@type":"ImageObject","inLanguage":"es","@id":"https:\/\/www.eldiario.net\/portal\/2024\/08\/05\/imcruz-celebra-40-anos-de-trayectoria-estrenando-showroom-vertical-y-sostenible\/#primaryimage","url":"https:\/\/www.eldiario.net\/portal\/wp-content\/uploads\/2024\/08\/Estefania-Ibarra-Diego-Paredes-Roberto-Delgado-Maria-Ines-Carrasco-Michelle-Noriega-Matias-Andreani-y-Nimeyra-Flores.jpg","contentUrl":"https:\/\/www.eldiario.net\/portal\/wp-content\/uploads\/2024\/08\/Estefania-Ibarra-Diego-Paredes-Roberto-Delgado-Maria-Ines-Carrasco-Michelle-Noriega-Matias-Andreani-y-Nimeyra-Flores.jpg","width":1200,"height":800,"caption":"ESTEFAN\u00cdA IBARRA, DIEGO PAREDES, ROBERTO DELGADO, MAR\u00cdA IN\u00c9S CARRASCO, MICHELLE NORIEGA, MATIAS ANDREANI Y NIMEYRA FLORES."},{"@type":"BreadcrumbList","@id":"https:\/\/www.eldiario.net\/portal\/2024\/08\/05\/imcruz-celebra-40-anos-de-trayectoria-estrenando-showroom-vertical-y-sostenible\/#breadcrumb","itemListElement":[{"@type":"ListItem","position":1,"name":"Portada","item":"https:\/\/www.eldiario.net\/portal\/"},{"@type":"ListItem","position":2,"name":"Imcruz celebra 40 a\u00f1os de trayectoria estrenando showroom vertical y sostenible"}]},{"@type":"WebSite","@id":"https:\/\/www.eldiario.net\/portal\/#website","url":"https:\/\/www.eldiario.net\/portal\/","name":"El Diario - Decano de la prensa nacional","description":"El Diario - Decano de la prensa nacional","publisher":{"@id":"https:\/\/www.eldiario.net\/portal\/#organization"},"potentialAction":[{"@type":"SearchAction","target":{"@type":"EntryPoint","urlTemplate":"https:\/\/www.eldiario.net\/portal\/?s={search_term_string}"},"query-input":{"@type":"PropertyValueSpecification","valueRequired":true,"valueName":"search_term_string"}}],"inLanguage":"es"},{"@type":"Organization","@id":"https:\/\/www.eldiario.net\/portal\/#organization","name":"El Diario - Decano de la prensa nacional","url":"https:\/\/www.eldiario.net\/portal\/","logo":{"@type":"ImageObject","inLanguage":"es","@id":"https:\/\/www.eldiario.net\/portal\/#\/schema\/logo\/image\/","url":"https:\/\/www.eldiario.net\/portal\/wp-content\/uploads\/2023\/07\/logo_ED.jpg","contentUrl":"https:\/\/www.eldiario.net\/portal\/wp-content\/uploads\/2023\/07\/logo_ED.jpg","width":272,"height":52,"caption":"El Diario - Decano de la prensa nacional"},"image":{"@id":"https:\/\/www.eldiario.net\/portal\/#\/schema\/logo\/image\/"},"sameAs":["https:\/\/www.facebook.com\/eldiario.bolivia\/","https:\/\/x.com\/eldiario_net"]},{"@type":"Person","@id":"https:\/\/www.eldiario.net\/portal\/#\/schema\/person\/f46445640444750d7d753ccd04ae01b7","name":"Jeanette","image":{"@type":"ImageObject","inLanguage":"es","@id":"https:\/\/secure.gravatar.com\/avatar\/3ea2118a5f7dad2b7138b1187a6b7ee55f160b9968b66013c3a3ef39dd7e5798?s=96&d=mm&r=g","url":"https:\/\/secure.gravatar.com\/avatar\/3ea2118a5f7dad2b7138b1187a6b7ee55f160b9968b66013c3a3ef39dd7e5798?s=96&d=mm&r=g","contentUrl":"https:\/\/secure.gravatar.com\/avatar\/3ea2118a5f7dad2b7138b1187a6b7ee55f160b9968b66013c3a3ef39dd7e5798?s=96&d=mm&r=g","caption":"Jeanette"},"sameAs":["https:\/\/www.eldiario.net\/portal"],"url":"https:\/\/www.eldiario.net\/portal\/author\/jeanette\/"}]}},"_links":{"self":[{"href":"https:\/\/www.eldiario.net\/portal\/wp-json\/wp\/v2\/posts\/238735","targetHints":{"allow":["GET"]}}],"collection":[{"href":"https:\/\/www.eldiario.net\/portal\/wp-json\/wp\/v2\/posts"}],"about":[{"href":"https:\/\/www.eldiario.net\/portal\/wp-json\/wp\/v2\/types\/post"}],"author":[{"embeddable":true,"href":"https:\/\/www.eldiario.net\/portal\/wp-json\/wp\/v2\/users\/1"}],"replies":[{"embeddable":true,"href":"https:\/\/www.eldiario.net\/portal\/wp-json\/wp\/v2\/comments?post=238735"}],"version-history":[{"count":1,"href":"https:\/\/www.eldiario.net\/portal\/wp-json\/wp\/v2\/posts\/238735\/revisions"}],"predecessor-version":[{"id":238752,"href":"https:\/\/www.eldiario.net\/portal\/wp-json\/wp\/v2\/posts\/238735\/revisions\/238752"}],"wp:featuredmedia":[{"embeddable":true,"href":"https:\/\/www.eldiario.net\/portal\/wp-json\/wp\/v2\/media\/238739"}],"wp:attachment":[{"href":"https:\/\/www.eldiario.net\/portal\/wp-json\/wp\/v2\/media?parent=238735"}],"wp:term":[{"taxonomy":"category","embeddable":true,"href":"https:\/\/www.eldiario.net\/portal\/wp-json\/wp\/v2\/categories?post=238735"},{"taxonomy":"post_tag","embeddable":true,"href":"https:\/\/www.eldiario.net\/portal\/wp-json\/wp\/v2\/tags?post=238735"}],"curies":[{"name":"wp","href":"https:\/\/api.w.org\/{rel}","templated":true}]}}