{"id":23871,"date":"2021-08-17T05:42:24","date_gmt":"2021-08-17T09:42:24","guid":{"rendered":"https:\/\/www.eldiario.net\/portal\/?p=23871"},"modified":"2021-08-17T05:42:24","modified_gmt":"2021-08-17T09:42:24","slug":"reportan-bloqueo-de-videos-en-facebook-desde-cuba","status":"publish","type":"post","link":"https:\/\/www.eldiario.net\/portal\/2021\/08\/17\/reportan-bloqueo-de-videos-en-facebook-desde-cuba\/","title":{"rendered":"Reportan bloqueo de videos  en Facebook desde Cuba"},"content":{"rendered":"<p>La Habana.- Varios internautas cubanos han denunciado en los \u00faltimos d\u00edas dificultades para reproducir videos en Facebook, una de las redes sociales m\u00e1s empleadas por internautas en la Isla.<\/p>\n<p>Varias de las publicaciones que advierten sobre el problema se\u00f1alan que los videos solo se reproducen si se ingresa a la plataforma a trav\u00e9s de alguna aplicaci\u00f3n VPN (Virtual Private Network).<\/p>\n<p>\u201cDesde el pasado s\u00e1bado me ha sido imposible reproducir videos en Facebook. En el mismo caso se encuentran varias amistades. Hemos estado probando a trav\u00e9s de conexiones 3G, 4G y en los parques wifi, pero es imposible\u201d, declar\u00f3 a CubaNet, Yoannis Ballestero, una internauta que reside en la Habana.<\/p>\n<p>Una usuaria de la misma red social identificada como Alina \u00c1vila asegur\u00f3 que, tras preguntar a ETECSA sobre el caso, agentes de la compa\u00f1\u00eda estatal le respondieron que \u201cellos no tienen nada que ver con esa aplicaci\u00f3n\u201d.<\/p>\n<p>CubaNet contact\u00f3 con el servicio de atenci\u00f3n al cliente para reportar el problema. All\u00ed, una operadora que se identific\u00f3 como Odalys contest\u00f3: \u201cNo tenemos ning\u00fan problema hasta el momento, debe ser alguna dificultad propia de Facebook. Int\u00e9ntelo m\u00e1s tarde\u201d.<\/p>\n<p>Algunos usuarios plantean que no puede tratarse de un problema de la red social, sino de alg\u00fan nuevo tipo de bloqueo por parte del ETECSA, ya que los videos s\u00ed se reproducen a trav\u00e9s de VPN.<\/p>\n<p>\u201cEstoy seguro de que se trata de un nuevo bloqueo por parte de ETECSA. No quieren que veamos la realidad. Si el problema fuera de Facebook los videos tampoco se abrir\u00edan usando VPN y s\u00ed se abren. O sea, que al usar VPN estamos saltando la restricci\u00f3n. Nosotros somos universitarios, que no traten de enga\u00f1ar m\u00e1s al pueblo\u201d, coment\u00f3 Alan Gonz\u00e1lez, trabajador por cuenta propia de un taller de reparaci\u00f3n de m\u00f3viles.<\/p>\n<p>Fue precisamente el bloqueo de redes sociales (Facebook, WhatsApp, Telegram) una de las primeras medidas puestas en marcha por el r\u00e9gimen cubano tras las manifestaciones antigubernamentales del pasado 11 de julio.<\/p>\n<p>El apag\u00f3n de Internet y las restricciones de conectividad impuestas por la dictadura obligaron a los internautas a emplear redes VPN como Psiphon, que solo el 15 de julio registr\u00f3 m\u00e1s un mill\u00f3n de accesos desde la Isla. (Cubanet)<\/p>\n","protected":false},"excerpt":{"rendered":"<p>La Habana.- Varios internautas cubanos han denunciado en los \u00faltimos d\u00edas dificultades para reproducir videos en Facebook, una de las redes sociales m\u00e1s empleadas por internautas en la Isla. Varias de las publicaciones que advierten sobre el problema se\u00f1alan que los videos solo se reproducen si se ingresa a la plataforma a trav\u00e9s de alguna [&hellip;]<\/p>\n","protected":false},"author":1,"featured_media":23872,"comment_status":"closed","ping_status":"closed","sticky":false,"template":"","format":"standard","meta":{"_acf_changed":false,"footnotes":""},"categories":[3],"tags":[],"class_list":["post-23871","post","type-post","status-publish","format-standard","has-post-thumbnail","category-internacional"],"acf":{"antetitulo":""},"yoast_head":"<!-- This site is optimized with the Yoast SEO plugin v28.4 - https:\/\/yoast.com\/product\/yoast-seo-wordpress\/ -->\n<title>Reportan bloqueo de videos en Facebook desde Cuba - El Diario - Bolivia<\/title>\n<meta name=\"robots\" content=\"index, follow, max-snippet:-1, max-image-preview:large, max-video-preview:-1\" \/>\n<link rel=\"canonical\" href=\"https:\/\/www.eldiario.net\/portal\/2021\/08\/17\/reportan-bloqueo-de-videos-en-facebook-desde-cuba\/\" \/>\n<meta property=\"og:locale\" content=\"es_ES\" \/>\n<meta property=\"og:type\" content=\"article\" \/>\n<meta property=\"og:title\" content=\"Reportan bloqueo de videos en Facebook desde Cuba - El Diario - Bolivia\" \/>\n<meta property=\"og:description\" content=\"La Habana.- Varios internautas cubanos han denunciado en los \u00faltimos d\u00edas dificultades para reproducir videos en Facebook, una de las redes sociales m\u00e1s empleadas por internautas en la Isla. Varias de las publicaciones que advierten sobre el problema se\u00f1alan que los videos solo se reproducen si se ingresa a la plataforma a trav\u00e9s de alguna [&hellip;]\" \/>\n<meta property=\"og:url\" content=\"https:\/\/www.eldiario.net\/portal\/2021\/08\/17\/reportan-bloqueo-de-videos-en-facebook-desde-cuba\/\" \/>\n<meta property=\"og:site_name\" content=\"El Diario - Bolivia\" \/>\n<meta property=\"article:publisher\" content=\"https:\/\/www.facebook.com\/eldiario.bolivia\/\" \/>\n<meta property=\"article:published_time\" content=\"2021-08-17T09:42:24+00:00\" \/>\n<meta name=\"author\" content=\"Jeanette\" \/>\n<meta name=\"twitter:card\" content=\"summary_large_image\" \/>\n<meta name=\"twitter:creator\" content=\"@eldiario_net\" \/>\n<meta name=\"twitter:site\" content=\"@eldiario_net\" \/>\n<meta name=\"twitter:label1\" content=\"Escrito por\" \/>\n\t<meta name=\"twitter:data1\" content=\"Jeanette\" \/>\n\t<meta name=\"twitter:label2\" content=\"Tiempo de lectura\" \/>\n\t<meta name=\"twitter:data2\" content=\"2 minutos\" \/>\n<script type=\"application\/ld+json\" class=\"yoast-schema-graph\">{\"@context\":\"https:\\\/\\\/schema.org\",\"@graph\":[{\"@type\":\"Article\",\"@id\":\"https:\\\/\\\/www.eldiario.net\\\/portal\\\/2021\\\/08\\\/17\\\/reportan-bloqueo-de-videos-en-facebook-desde-cuba\\\/#article\",\"isPartOf\":{\"@id\":\"https:\\\/\\\/www.eldiario.net\\\/portal\\\/2021\\\/08\\\/17\\\/reportan-bloqueo-de-videos-en-facebook-desde-cuba\\\/\"},\"author\":{\"name\":\"Jeanette\",\"@id\":\"https:\\\/\\\/www.eldiario.net\\\/portal\\\/#\\\/schema\\\/person\\\/f46445640444750d7d753ccd04ae01b7\"},\"headline\":\"Reportan bloqueo de videos en Facebook desde Cuba\",\"datePublished\":\"2021-08-17T09:42:24+00:00\",\"mainEntityOfPage\":{\"@id\":\"https:\\\/\\\/www.eldiario.net\\\/portal\\\/2021\\\/08\\\/17\\\/reportan-bloqueo-de-videos-en-facebook-desde-cuba\\\/\"},\"wordCount\":396,\"publisher\":{\"@id\":\"https:\\\/\\\/www.eldiario.net\\\/portal\\\/#organization\"},\"image\":{\"@id\":\"https:\\\/\\\/www.eldiario.net\\\/portal\\\/2021\\\/08\\\/17\\\/reportan-bloqueo-de-videos-en-facebook-desde-cuba\\\/#primaryimage\"},\"thumbnailUrl\":\"\",\"articleSection\":[\"Internacional\"],\"inLanguage\":\"es\"},{\"@type\":\"WebPage\",\"@id\":\"https:\\\/\\\/www.eldiario.net\\\/portal\\\/2021\\\/08\\\/17\\\/reportan-bloqueo-de-videos-en-facebook-desde-cuba\\\/\",\"url\":\"https:\\\/\\\/www.eldiario.net\\\/portal\\\/2021\\\/08\\\/17\\\/reportan-bloqueo-de-videos-en-facebook-desde-cuba\\\/\",\"name\":\"Reportan bloqueo de videos en Facebook desde Cuba - El Diario - Bolivia\",\"isPartOf\":{\"@id\":\"https:\\\/\\\/www.eldiario.net\\\/portal\\\/#website\"},\"primaryImageOfPage\":{\"@id\":\"https:\\\/\\\/www.eldiario.net\\\/portal\\\/2021\\\/08\\\/17\\\/reportan-bloqueo-de-videos-en-facebook-desde-cuba\\\/#primaryimage\"},\"image\":{\"@id\":\"https:\\\/\\\/www.eldiario.net\\\/portal\\\/2021\\\/08\\\/17\\\/reportan-bloqueo-de-videos-en-facebook-desde-cuba\\\/#primaryimage\"},\"thumbnailUrl\":\"\",\"datePublished\":\"2021-08-17T09:42:24+00:00\",\"breadcrumb\":{\"@id\":\"https:\\\/\\\/www.eldiario.net\\\/portal\\\/2021\\\/08\\\/17\\\/reportan-bloqueo-de-videos-en-facebook-desde-cuba\\\/#breadcrumb\"},\"inLanguage\":\"es\",\"potentialAction\":[{\"@type\":\"ReadAction\",\"target\":[\"https:\\\/\\\/www.eldiario.net\\\/portal\\\/2021\\\/08\\\/17\\\/reportan-bloqueo-de-videos-en-facebook-desde-cuba\\\/\"]}]},{\"@type\":\"ImageObject\",\"inLanguage\":\"es\",\"@id\":\"https:\\\/\\\/www.eldiario.net\\\/portal\\\/2021\\\/08\\\/17\\\/reportan-bloqueo-de-videos-en-facebook-desde-cuba\\\/#primaryimage\",\"url\":\"\",\"contentUrl\":\"\"},{\"@type\":\"BreadcrumbList\",\"@id\":\"https:\\\/\\\/www.eldiario.net\\\/portal\\\/2021\\\/08\\\/17\\\/reportan-bloqueo-de-videos-en-facebook-desde-cuba\\\/#breadcrumb\",\"itemListElement\":[{\"@type\":\"ListItem\",\"position\":1,\"name\":\"Portada\",\"item\":\"https:\\\/\\\/www.eldiario.net\\\/portal\\\/\"},{\"@type\":\"ListItem\",\"position\":2,\"name\":\"Reportan bloqueo de videos en Facebook desde Cuba\"}]},{\"@type\":\"WebSite\",\"@id\":\"https:\\\/\\\/www.eldiario.net\\\/portal\\\/#website\",\"url\":\"https:\\\/\\\/www.eldiario.net\\\/portal\\\/\",\"name\":\"El Diario - Decano de la prensa nacional\",\"description\":\"El Diario - Decano de la prensa nacional\",\"publisher\":{\"@id\":\"https:\\\/\\\/www.eldiario.net\\\/portal\\\/#organization\"},\"potentialAction\":[{\"@type\":\"SearchAction\",\"target\":{\"@type\":\"EntryPoint\",\"urlTemplate\":\"https:\\\/\\\/www.eldiario.net\\\/portal\\\/?s={search_term_string}\"},\"query-input\":{\"@type\":\"PropertyValueSpecification\",\"valueRequired\":true,\"valueName\":\"search_term_string\"}}],\"inLanguage\":\"es\"},{\"@type\":\"Organization\",\"@id\":\"https:\\\/\\\/www.eldiario.net\\\/portal\\\/#organization\",\"name\":\"El Diario - Decano de la prensa nacional\",\"url\":\"https:\\\/\\\/www.eldiario.net\\\/portal\\\/\",\"logo\":{\"@type\":\"ImageObject\",\"inLanguage\":\"es\",\"@id\":\"https:\\\/\\\/www.eldiario.net\\\/portal\\\/#\\\/schema\\\/logo\\\/image\\\/\",\"url\":\"https:\\\/\\\/www.eldiario.net\\\/portal\\\/wp-content\\\/uploads\\\/2023\\\/07\\\/logo_ED.jpg\",\"contentUrl\":\"https:\\\/\\\/www.eldiario.net\\\/portal\\\/wp-content\\\/uploads\\\/2023\\\/07\\\/logo_ED.jpg\",\"width\":272,\"height\":52,\"caption\":\"El Diario - Decano de la prensa nacional\"},\"image\":{\"@id\":\"https:\\\/\\\/www.eldiario.net\\\/portal\\\/#\\\/schema\\\/logo\\\/image\\\/\"},\"sameAs\":[\"https:\\\/\\\/www.facebook.com\\\/eldiario.bolivia\\\/\",\"https:\\\/\\\/x.com\\\/eldiario_net\"]},{\"@type\":\"Person\",\"@id\":\"https:\\\/\\\/www.eldiario.net\\\/portal\\\/#\\\/schema\\\/person\\\/f46445640444750d7d753ccd04ae01b7\",\"name\":\"Jeanette\",\"image\":{\"@type\":\"ImageObject\",\"inLanguage\":\"es\",\"@id\":\"https:\\\/\\\/secure.gravatar.com\\\/avatar\\\/3ea2118a5f7dad2b7138b1187a6b7ee55f160b9968b66013c3a3ef39dd7e5798?s=96&d=mm&r=g\",\"url\":\"https:\\\/\\\/secure.gravatar.com\\\/avatar\\\/3ea2118a5f7dad2b7138b1187a6b7ee55f160b9968b66013c3a3ef39dd7e5798?s=96&d=mm&r=g\",\"contentUrl\":\"https:\\\/\\\/secure.gravatar.com\\\/avatar\\\/3ea2118a5f7dad2b7138b1187a6b7ee55f160b9968b66013c3a3ef39dd7e5798?s=96&d=mm&r=g\",\"caption\":\"Jeanette\"},\"sameAs\":[\"https:\\\/\\\/www.eldiario.net\\\/portal\"],\"url\":\"https:\\\/\\\/www.eldiario.net\\\/portal\\\/author\\\/jeanette\\\/\"}]}<\/script>\n<!-- \/ Yoast SEO plugin. -->","yoast_head_json":{"title":"Reportan bloqueo de videos en Facebook desde Cuba - El Diario - Bolivia","robots":{"index":"index","follow":"follow","max-snippet":"max-snippet:-1","max-image-preview":"max-image-preview:large","max-video-preview":"max-video-preview:-1"},"canonical":"https:\/\/www.eldiario.net\/portal\/2021\/08\/17\/reportan-bloqueo-de-videos-en-facebook-desde-cuba\/","og_locale":"es_ES","og_type":"article","og_title":"Reportan bloqueo de videos en Facebook desde Cuba - El Diario - Bolivia","og_description":"La Habana.- Varios internautas cubanos han denunciado en los \u00faltimos d\u00edas dificultades para reproducir videos en Facebook, una de las redes sociales m\u00e1s empleadas por internautas en la Isla. Varias de las publicaciones que advierten sobre el problema se\u00f1alan que los videos solo se reproducen si se ingresa a la plataforma a trav\u00e9s de alguna [&hellip;]","og_url":"https:\/\/www.eldiario.net\/portal\/2021\/08\/17\/reportan-bloqueo-de-videos-en-facebook-desde-cuba\/","og_site_name":"El Diario - Bolivia","article_publisher":"https:\/\/www.facebook.com\/eldiario.bolivia\/","article_published_time":"2021-08-17T09:42:24+00:00","author":"Jeanette","twitter_card":"summary_large_image","twitter_creator":"@eldiario_net","twitter_site":"@eldiario_net","twitter_misc":{"Escrito por":"Jeanette","Tiempo de lectura":"2 minutos"},"schema":{"@context":"https:\/\/schema.org","@graph":[{"@type":"Article","@id":"https:\/\/www.eldiario.net\/portal\/2021\/08\/17\/reportan-bloqueo-de-videos-en-facebook-desde-cuba\/#article","isPartOf":{"@id":"https:\/\/www.eldiario.net\/portal\/2021\/08\/17\/reportan-bloqueo-de-videos-en-facebook-desde-cuba\/"},"author":{"name":"Jeanette","@id":"https:\/\/www.eldiario.net\/portal\/#\/schema\/person\/f46445640444750d7d753ccd04ae01b7"},"headline":"Reportan bloqueo de videos en Facebook desde Cuba","datePublished":"2021-08-17T09:42:24+00:00","mainEntityOfPage":{"@id":"https:\/\/www.eldiario.net\/portal\/2021\/08\/17\/reportan-bloqueo-de-videos-en-facebook-desde-cuba\/"},"wordCount":396,"publisher":{"@id":"https:\/\/www.eldiario.net\/portal\/#organization"},"image":{"@id":"https:\/\/www.eldiario.net\/portal\/2021\/08\/17\/reportan-bloqueo-de-videos-en-facebook-desde-cuba\/#primaryimage"},"thumbnailUrl":"","articleSection":["Internacional"],"inLanguage":"es"},{"@type":"WebPage","@id":"https:\/\/www.eldiario.net\/portal\/2021\/08\/17\/reportan-bloqueo-de-videos-en-facebook-desde-cuba\/","url":"https:\/\/www.eldiario.net\/portal\/2021\/08\/17\/reportan-bloqueo-de-videos-en-facebook-desde-cuba\/","name":"Reportan bloqueo de videos en Facebook desde Cuba - El Diario - Bolivia","isPartOf":{"@id":"https:\/\/www.eldiario.net\/portal\/#website"},"primaryImageOfPage":{"@id":"https:\/\/www.eldiario.net\/portal\/2021\/08\/17\/reportan-bloqueo-de-videos-en-facebook-desde-cuba\/#primaryimage"},"image":{"@id":"https:\/\/www.eldiario.net\/portal\/2021\/08\/17\/reportan-bloqueo-de-videos-en-facebook-desde-cuba\/#primaryimage"},"thumbnailUrl":"","datePublished":"2021-08-17T09:42:24+00:00","breadcrumb":{"@id":"https:\/\/www.eldiario.net\/portal\/2021\/08\/17\/reportan-bloqueo-de-videos-en-facebook-desde-cuba\/#breadcrumb"},"inLanguage":"es","potentialAction":[{"@type":"ReadAction","target":["https:\/\/www.eldiario.net\/portal\/2021\/08\/17\/reportan-bloqueo-de-videos-en-facebook-desde-cuba\/"]}]},{"@type":"ImageObject","inLanguage":"es","@id":"https:\/\/www.eldiario.net\/portal\/2021\/08\/17\/reportan-bloqueo-de-videos-en-facebook-desde-cuba\/#primaryimage","url":"","contentUrl":""},{"@type":"BreadcrumbList","@id":"https:\/\/www.eldiario.net\/portal\/2021\/08\/17\/reportan-bloqueo-de-videos-en-facebook-desde-cuba\/#breadcrumb","itemListElement":[{"@type":"ListItem","position":1,"name":"Portada","item":"https:\/\/www.eldiario.net\/portal\/"},{"@type":"ListItem","position":2,"name":"Reportan bloqueo de videos en Facebook desde Cuba"}]},{"@type":"WebSite","@id":"https:\/\/www.eldiario.net\/portal\/#website","url":"https:\/\/www.eldiario.net\/portal\/","name":"El Diario - Decano de la prensa nacional","description":"El Diario - Decano de la prensa nacional","publisher":{"@id":"https:\/\/www.eldiario.net\/portal\/#organization"},"potentialAction":[{"@type":"SearchAction","target":{"@type":"EntryPoint","urlTemplate":"https:\/\/www.eldiario.net\/portal\/?s={search_term_string}"},"query-input":{"@type":"PropertyValueSpecification","valueRequired":true,"valueName":"search_term_string"}}],"inLanguage":"es"},{"@type":"Organization","@id":"https:\/\/www.eldiario.net\/portal\/#organization","name":"El Diario - Decano de la prensa nacional","url":"https:\/\/www.eldiario.net\/portal\/","logo":{"@type":"ImageObject","inLanguage":"es","@id":"https:\/\/www.eldiario.net\/portal\/#\/schema\/logo\/image\/","url":"https:\/\/www.eldiario.net\/portal\/wp-content\/uploads\/2023\/07\/logo_ED.jpg","contentUrl":"https:\/\/www.eldiario.net\/portal\/wp-content\/uploads\/2023\/07\/logo_ED.jpg","width":272,"height":52,"caption":"El Diario - Decano de la prensa nacional"},"image":{"@id":"https:\/\/www.eldiario.net\/portal\/#\/schema\/logo\/image\/"},"sameAs":["https:\/\/www.facebook.com\/eldiario.bolivia\/","https:\/\/x.com\/eldiario_net"]},{"@type":"Person","@id":"https:\/\/www.eldiario.net\/portal\/#\/schema\/person\/f46445640444750d7d753ccd04ae01b7","name":"Jeanette","image":{"@type":"ImageObject","inLanguage":"es","@id":"https:\/\/secure.gravatar.com\/avatar\/3ea2118a5f7dad2b7138b1187a6b7ee55f160b9968b66013c3a3ef39dd7e5798?s=96&d=mm&r=g","url":"https:\/\/secure.gravatar.com\/avatar\/3ea2118a5f7dad2b7138b1187a6b7ee55f160b9968b66013c3a3ef39dd7e5798?s=96&d=mm&r=g","contentUrl":"https:\/\/secure.gravatar.com\/avatar\/3ea2118a5f7dad2b7138b1187a6b7ee55f160b9968b66013c3a3ef39dd7e5798?s=96&d=mm&r=g","caption":"Jeanette"},"sameAs":["https:\/\/www.eldiario.net\/portal"],"url":"https:\/\/www.eldiario.net\/portal\/author\/jeanette\/"}]}},"_links":{"self":[{"href":"https:\/\/www.eldiario.net\/portal\/wp-json\/wp\/v2\/posts\/23871","targetHints":{"allow":["GET"]}}],"collection":[{"href":"https:\/\/www.eldiario.net\/portal\/wp-json\/wp\/v2\/posts"}],"about":[{"href":"https:\/\/www.eldiario.net\/portal\/wp-json\/wp\/v2\/types\/post"}],"author":[{"embeddable":true,"href":"https:\/\/www.eldiario.net\/portal\/wp-json\/wp\/v2\/users\/1"}],"replies":[{"embeddable":true,"href":"https:\/\/www.eldiario.net\/portal\/wp-json\/wp\/v2\/comments?post=23871"}],"version-history":[{"count":0,"href":"https:\/\/www.eldiario.net\/portal\/wp-json\/wp\/v2\/posts\/23871\/revisions"}],"wp:attachment":[{"href":"https:\/\/www.eldiario.net\/portal\/wp-json\/wp\/v2\/media?parent=23871"}],"wp:term":[{"taxonomy":"category","embeddable":true,"href":"https:\/\/www.eldiario.net\/portal\/wp-json\/wp\/v2\/categories?post=23871"},{"taxonomy":"post_tag","embeddable":true,"href":"https:\/\/www.eldiario.net\/portal\/wp-json\/wp\/v2\/tags?post=23871"}],"curies":[{"name":"wp","href":"https:\/\/api.w.org\/{rel}","templated":true}]}}