{"id":238704,"date":"2024-08-05T05:50:55","date_gmt":"2024-08-05T09:50:55","guid":{"rendered":"https:\/\/www.eldiario.net\/portal\/?p=238704"},"modified":"2024-08-05T05:50:55","modified_gmt":"2024-08-05T09:50:55","slug":"santa-cruz-y-la-democracia","status":"publish","type":"post","link":"https:\/\/www.eldiario.net\/portal\/2024\/08\/05\/santa-cruz-y-la-democracia\/","title":{"rendered":"Santa Cruz y la democracia"},"content":{"rendered":"<p>Los aportes hechos por Santa Cruz a la democracia, son muchos. Los cruce\u00f1os la honramos, como la conquista m\u00e1s importante de la historia pol\u00edtica universal. Ella forma parte del Alma Cruce\u00f1a, desde 1561. A continuaci\u00f3n, presento tres ejemplos emblem\u00e1ticos:<br \/>\n1) La recuperaci\u00f3n de la democracia en 1982.- Bolivia se encontraba gobernada durante 11 a\u00f1os, por la dictadura militar del Plan C\u00f3ndor, el presidente de facto de la \u00e9poca era el Gral. Celso Torrelio Villa. Occidente presionaba con los movimientos populares, obreros, campesinos y clases medias, Oriente hac\u00eda lo propio. El movimiento m\u00e1s claro de resistencia en estas latitudes, fue el Comit\u00e9 pro Santa Cruz (CpSC).<br \/>\nDurante la presidencia en el CpSC del Dr. Jos\u00e9 Luis Camacho Parada, se realiz\u00f3 la c\u00e9lebre Asamblea de la Cruce\u00f1idad del 10-07-1982, la misma que resolvi\u00f3 exigir al gobierno nacional la constitucionalizaci\u00f3n del pa\u00eds, otorgando un plazo de 10 d\u00edas para definir favorablemente su demanda. Lo que implico en la renuncia del Gral. Torrelio, el 19-07-1982, y el llamado a una junta de comandantes, con la misi\u00f3n de retornar al r\u00e9gimen democr\u00e1tico (blogjimiortiz).<br \/>\n2) La reconquista de la democracia municipal en 1984. &#8211; Por aquel entonces, los alcaldes eran elegidos a dedo desde el centralismo, no exist\u00eda democracia municipal. El CpSC de la \u00e9poca, presidido por el Ing. Jorge Land\u00edvar Roca, decidi\u00f3 tomar el reto de su recuperaci\u00f3n. La conjura c\u00edvica involucr\u00f3 a todas las fuerzas vivas de la capital y provincias, y llam\u00f3 la atenci\u00f3n de sus pares c\u00edvicos nacionales, que decidieron apoyarla.<br \/>\nLand\u00edvar se reuni\u00f3 con el alcalde de la \u00e9poca \u00d3scar Barbery Justiniano, para darle a conocer la decisi\u00f3n tomada por el CpSC, y de apoyarlo si \u00e9l se atrev\u00eda a auto convocar a elecciones municipales, cosa que acept\u00f3 sin ning\u00fan reparo. D\u00edas despu\u00e9s, promulgaba la memorable Ordenanza Municipal N\u00ba 31\/84, de 7-06-1984, en la que se convocaba a la elecci\u00f3n de Concejales Municipales mediante voto popular. Reunida la Asamblea de la Cruce\u00f1idad de fecha 8-06-1984, resolvi\u00f3 otorgar su apoyo p\u00fablico a Barbery, lo que consolid\u00f3 la auto convocatoria.<br \/>\nLuego el Comit\u00e9 defini\u00f3 la estrategia a seguir, para hacer frente a lo que se supon\u00eda iba a ocurrir como respuesta del gobierno central, a la auto convocatoria. Acci\u00f3n que fue calificada como sedici\u00f3n separatista, por el gobierno de Siles Zuazo, lo que implic\u00f3 la destituci\u00f3n de Barbery y la orden de militarizar la alcald\u00eda.<br \/>\nEl CpSC se reuni\u00f3 con el prefecto de la \u00e9poca, el Dr. Marcelo Velarde Ortiz y con el Cnel. Gary Prado Salm\u00f3n, Comandante de la Octava Divisi\u00f3n de Ej\u00e9rcito, para evitar un desenlace sangriento, como los de la lucha c\u00edvica de fines de los a\u00f1os 50. Ellos propiciaron una exitosa reuni\u00f3n en Palacio Quemado, para exponer las acciones tomadas en Santa Cruz, lo que puso fin al conflicto, aceptando la propuesta cruce\u00f1a y convocando a elecciones de alcalde para julio de 1985, junto con la elecci\u00f3n presidencial, que acortaba el mandato de Siles Zuazo (blogjimiortiz).<br \/>\n3) La elecci\u00f3n de prefecto por voto popular el 2005. &#8211; En el cabildo del 22-06-04; durante la Presidencia en el CpSC de Rub\u00e9n Costas Aguilera, fue tomando cuerpo la propuesta de los Gobiernos Departamentales Aut\u00f3nomos, para ser incluidos en la agenda nacional. El presidente de la \u00e9poca, Carlos Mesa Gisbert, dict\u00f3 el Decreto Supremo 27.988, para autorizar las elecciones de prefectos el 12-06-2005, y satisfacer esta demanda cruce\u00f1a.<br \/>\nLa importancia de la elecci\u00f3n de prefectos fue expresada, en el discurso de posesi\u00f3n de Germ\u00e1n Antelo Vaca al CpSC el 26-02-2005, cuando remarc\u00f3 que este proceso electoral servir\u00e1 para \u201celiminar la burocracia propensa al manejo poco \u00e9tico de la cosa p\u00fablica\u201d.<br \/>\nEl 15-03-2005, Germ\u00e1n Antelo reiter\u00f3: \u201cSi el Gobierno no convoca a la elecci\u00f3n de Prefectos, lo haremos nosotros porque tenemos un mandato del Cabildo para autoconvocarnos y esa posici\u00f3n se mantiene\u201d. La C\u00e1mara de Diputados aprob\u00f3 el 6-04-2005 la ley especial para elegir a los prefectos, autorizando a la CNE organizar el proceso.<br \/>\nFinalmente, despu\u00e9s de muchos tires y aflojes, Bolivia acudi\u00f3 a las urnas el 18-12-2005 para elegir prefecto y presidente. Fue una fiesta democr\u00e1tica in\u00e9dita, por primera vez el pueblo decid\u00eda; con el voto popular, qui\u00e9n ser\u00eda la primera autoridad del departamento. El presidente ratific\u00f3 la voluntad popular, dado que este tipo de elecci\u00f3n no estaba contemplada en la Constituci\u00f3n de la \u00e9poca.<br \/>\nHoy los bolivianos, gracias a la lucha del pueblo cruce\u00f1o a la cabeza del CpSC, gozan de esta importante profundizaci\u00f3n democr\u00e1tica: la aparici\u00f3n de los gobiernos intermedios, prefectos primero y gobernadores despu\u00e9s, equilibrando el poder del Gobierno Central en las regiones (blogjimiortiz).<br \/>\nEn Resumen: la recuperaci\u00f3n de la democracia en 1982, la reconquista de la democracia municipal en 1984 y la elecci\u00f3n de prefecto por voto popular el 2005, fueron conquistas cruce\u00f1as.<\/p>\n<p>jimiortizsaucedo@gmail.com<\/p>\n","protected":false},"excerpt":{"rendered":"<p>Los aportes hechos por Santa Cruz a la democracia, son muchos. Los cruce\u00f1os la honramos, como la conquista m\u00e1s importante de la historia pol\u00edtica universal. Ella forma parte del Alma Cruce\u00f1a, desde 1561. A continuaci\u00f3n, presento tres ejemplos emblem\u00e1ticos: 1) La recuperaci\u00f3n de la democracia en 1982.- Bolivia se encontraba gobernada durante 11 a\u00f1os, por [&hellip;]<\/p>\n","protected":false},"author":1,"featured_media":159369,"comment_status":"open","ping_status":"open","sticky":false,"template":"","format":"standard","meta":{"_acf_changed":false,"footnotes":""},"categories":[9],"tags":[],"class_list":["post-238704","post","type-post","status-publish","format-standard","has-post-thumbnail","category-opinion"],"acf":{"antetitulo":""},"yoast_head":"<!-- This site is optimized with the Yoast SEO plugin v28.4 - https:\/\/yoast.com\/product\/yoast-seo-wordpress\/ -->\n<title>Santa Cruz y la democracia - El Diario - Bolivia<\/title>\n<meta name=\"robots\" content=\"index, follow, max-snippet:-1, max-image-preview:large, max-video-preview:-1\" \/>\n<link rel=\"canonical\" href=\"https:\/\/www.eldiario.net\/portal\/2024\/08\/05\/santa-cruz-y-la-democracia\/\" \/>\n<meta property=\"og:locale\" content=\"es_ES\" \/>\n<meta property=\"og:type\" content=\"article\" \/>\n<meta property=\"og:title\" content=\"Santa Cruz y la democracia - El Diario - Bolivia\" \/>\n<meta property=\"og:description\" content=\"Los aportes hechos por Santa Cruz a la democracia, son muchos. Los cruce\u00f1os la honramos, como la conquista m\u00e1s importante de la historia pol\u00edtica universal. Ella forma parte del Alma Cruce\u00f1a, desde 1561. A continuaci\u00f3n, presento tres ejemplos emblem\u00e1ticos: 1) La recuperaci\u00f3n de la democracia en 1982.- Bolivia se encontraba gobernada durante 11 a\u00f1os, por [&hellip;]\" \/>\n<meta property=\"og:url\" content=\"https:\/\/www.eldiario.net\/portal\/2024\/08\/05\/santa-cruz-y-la-democracia\/\" \/>\n<meta property=\"og:site_name\" content=\"El Diario - Bolivia\" \/>\n<meta property=\"article:publisher\" content=\"https:\/\/www.facebook.com\/eldiario.bolivia\/\" \/>\n<meta property=\"article:published_time\" content=\"2024-08-05T09:50:55+00:00\" \/>\n<meta property=\"og:image\" content=\"https:\/\/www.eldiario.net\/portal\/wp-content\/uploads\/2023\/06\/Jimmy-Ortiz-Saucedo.jpg\" \/>\n\t<meta property=\"og:image:width\" content=\"1200\" \/>\n\t<meta property=\"og:image:height\" content=\"628\" \/>\n\t<meta property=\"og:image:type\" content=\"image\/jpeg\" \/>\n<meta name=\"author\" content=\"Jeanette\" \/>\n<meta name=\"twitter:card\" content=\"summary_large_image\" \/>\n<meta name=\"twitter:creator\" content=\"@eldiario_net\" \/>\n<meta name=\"twitter:site\" content=\"@eldiario_net\" \/>\n<meta name=\"twitter:label1\" content=\"Escrito por\" \/>\n\t<meta name=\"twitter:data1\" content=\"Jeanette\" \/>\n\t<meta name=\"twitter:label2\" content=\"Tiempo de lectura\" \/>\n\t<meta name=\"twitter:data2\" content=\"1 minuto\" \/>\n<script type=\"application\/ld+json\" class=\"yoast-schema-graph\">{\"@context\":\"https:\\\/\\\/schema.org\",\"@graph\":[{\"@type\":\"Article\",\"@id\":\"https:\\\/\\\/www.eldiario.net\\\/portal\\\/2024\\\/08\\\/05\\\/santa-cruz-y-la-democracia\\\/#article\",\"isPartOf\":{\"@id\":\"https:\\\/\\\/www.eldiario.net\\\/portal\\\/2024\\\/08\\\/05\\\/santa-cruz-y-la-democracia\\\/\"},\"author\":{\"name\":\"Jeanette\",\"@id\":\"https:\\\/\\\/www.eldiario.net\\\/portal\\\/#\\\/schema\\\/person\\\/2c57cf2b7a7ae032e449e4c9b1019eac\"},\"headline\":\"Santa Cruz y la democracia\",\"datePublished\":\"2024-08-05T09:50:55+00:00\",\"mainEntityOfPage\":{\"@id\":\"https:\\\/\\\/www.eldiario.net\\\/portal\\\/2024\\\/08\\\/05\\\/santa-cruz-y-la-democracia\\\/\"},\"wordCount\":863,\"commentCount\":0,\"publisher\":{\"@id\":\"https:\\\/\\\/www.eldiario.net\\\/portal\\\/#organization\"},\"image\":{\"@id\":\"https:\\\/\\\/www.eldiario.net\\\/portal\\\/2024\\\/08\\\/05\\\/santa-cruz-y-la-democracia\\\/#primaryimage\"},\"thumbnailUrl\":\"https:\\\/\\\/www.eldiario.net\\\/portal\\\/wp-content\\\/uploads\\\/2023\\\/06\\\/Jimmy-Ortiz-Saucedo.jpg\",\"articleSection\":[\"Opini\u00f3n\"],\"inLanguage\":\"es\",\"potentialAction\":[{\"@type\":\"CommentAction\",\"name\":\"Comment\",\"target\":[\"https:\\\/\\\/www.eldiario.net\\\/portal\\\/2024\\\/08\\\/05\\\/santa-cruz-y-la-democracia\\\/#respond\"]}]},{\"@type\":\"WebPage\",\"@id\":\"https:\\\/\\\/www.eldiario.net\\\/portal\\\/2024\\\/08\\\/05\\\/santa-cruz-y-la-democracia\\\/\",\"url\":\"https:\\\/\\\/www.eldiario.net\\\/portal\\\/2024\\\/08\\\/05\\\/santa-cruz-y-la-democracia\\\/\",\"name\":\"Santa Cruz y la democracia - El Diario - Bolivia\",\"isPartOf\":{\"@id\":\"https:\\\/\\\/www.eldiario.net\\\/portal\\\/#website\"},\"primaryImageOfPage\":{\"@id\":\"https:\\\/\\\/www.eldiario.net\\\/portal\\\/2024\\\/08\\\/05\\\/santa-cruz-y-la-democracia\\\/#primaryimage\"},\"image\":{\"@id\":\"https:\\\/\\\/www.eldiario.net\\\/portal\\\/2024\\\/08\\\/05\\\/santa-cruz-y-la-democracia\\\/#primaryimage\"},\"thumbnailUrl\":\"https:\\\/\\\/www.eldiario.net\\\/portal\\\/wp-content\\\/uploads\\\/2023\\\/06\\\/Jimmy-Ortiz-Saucedo.jpg\",\"datePublished\":\"2024-08-05T09:50:55+00:00\",\"breadcrumb\":{\"@id\":\"https:\\\/\\\/www.eldiario.net\\\/portal\\\/2024\\\/08\\\/05\\\/santa-cruz-y-la-democracia\\\/#breadcrumb\"},\"inLanguage\":\"es\",\"potentialAction\":[{\"@type\":\"ReadAction\",\"target\":[\"https:\\\/\\\/www.eldiario.net\\\/portal\\\/2024\\\/08\\\/05\\\/santa-cruz-y-la-democracia\\\/\"]}]},{\"@type\":\"ImageObject\",\"inLanguage\":\"es\",\"@id\":\"https:\\\/\\\/www.eldiario.net\\\/portal\\\/2024\\\/08\\\/05\\\/santa-cruz-y-la-democracia\\\/#primaryimage\",\"url\":\"https:\\\/\\\/www.eldiario.net\\\/portal\\\/wp-content\\\/uploads\\\/2023\\\/06\\\/Jimmy-Ortiz-Saucedo.jpg\",\"contentUrl\":\"https:\\\/\\\/www.eldiario.net\\\/portal\\\/wp-content\\\/uploads\\\/2023\\\/06\\\/Jimmy-Ortiz-Saucedo.jpg\",\"width\":1200,\"height\":628,\"caption\":\"Jimmy Ortiz Saucedo\"},{\"@type\":\"BreadcrumbList\",\"@id\":\"https:\\\/\\\/www.eldiario.net\\\/portal\\\/2024\\\/08\\\/05\\\/santa-cruz-y-la-democracia\\\/#breadcrumb\",\"itemListElement\":[{\"@type\":\"ListItem\",\"position\":1,\"name\":\"Portada\",\"item\":\"https:\\\/\\\/www.eldiario.net\\\/portal\\\/\"},{\"@type\":\"ListItem\",\"position\":2,\"name\":\"Santa Cruz y la democracia\"}]},{\"@type\":\"WebSite\",\"@id\":\"https:\\\/\\\/www.eldiario.net\\\/portal\\\/#website\",\"url\":\"https:\\\/\\\/www.eldiario.net\\\/portal\\\/\",\"name\":\"El Diario - Decano de la prensa nacional\",\"description\":\"El Diario - Decano de la prensa nacional\",\"publisher\":{\"@id\":\"https:\\\/\\\/www.eldiario.net\\\/portal\\\/#organization\"},\"potentialAction\":[{\"@type\":\"SearchAction\",\"target\":{\"@type\":\"EntryPoint\",\"urlTemplate\":\"https:\\\/\\\/www.eldiario.net\\\/portal\\\/?s={search_term_string}\"},\"query-input\":{\"@type\":\"PropertyValueSpecification\",\"valueRequired\":true,\"valueName\":\"search_term_string\"}}],\"inLanguage\":\"es\"},{\"@type\":\"Organization\",\"@id\":\"https:\\\/\\\/www.eldiario.net\\\/portal\\\/#organization\",\"name\":\"El Diario - Decano de la prensa nacional\",\"url\":\"https:\\\/\\\/www.eldiario.net\\\/portal\\\/\",\"logo\":{\"@type\":\"ImageObject\",\"inLanguage\":\"es\",\"@id\":\"https:\\\/\\\/www.eldiario.net\\\/portal\\\/#\\\/schema\\\/logo\\\/image\\\/\",\"url\":\"https:\\\/\\\/www.eldiario.net\\\/portal\\\/wp-content\\\/uploads\\\/2023\\\/07\\\/logo_ED.jpg\",\"contentUrl\":\"https:\\\/\\\/www.eldiario.net\\\/portal\\\/wp-content\\\/uploads\\\/2023\\\/07\\\/logo_ED.jpg\",\"width\":272,\"height\":52,\"caption\":\"El Diario - Decano de la prensa nacional\"},\"image\":{\"@id\":\"https:\\\/\\\/www.eldiario.net\\\/portal\\\/#\\\/schema\\\/logo\\\/image\\\/\"},\"sameAs\":[\"https:\\\/\\\/www.facebook.com\\\/eldiario.bolivia\\\/\",\"https:\\\/\\\/x.com\\\/eldiario_net\"]},{\"@type\":\"Person\",\"@id\":\"https:\\\/\\\/www.eldiario.net\\\/portal\\\/#\\\/schema\\\/person\\\/2c57cf2b7a7ae032e449e4c9b1019eac\",\"name\":\"Jeanette\",\"image\":{\"@type\":\"ImageObject\",\"inLanguage\":\"es\",\"@id\":\"https:\\\/\\\/secure.gravatar.com\\\/avatar\\\/3ea2118a5f7dad2b7138b1187a6b7ee55f160b9968b66013c3a3ef39dd7e5798?s=96&d=mm&r=g\",\"url\":\"https:\\\/\\\/secure.gravatar.com\\\/avatar\\\/3ea2118a5f7dad2b7138b1187a6b7ee55f160b9968b66013c3a3ef39dd7e5798?s=96&d=mm&r=g\",\"contentUrl\":\"https:\\\/\\\/secure.gravatar.com\\\/avatar\\\/3ea2118a5f7dad2b7138b1187a6b7ee55f160b9968b66013c3a3ef39dd7e5798?s=96&d=mm&r=g\",\"caption\":\"Jeanette\"},\"sameAs\":[\"https:\\\/\\\/www.eldiario.net\\\/portal\"],\"url\":\"https:\\\/\\\/www.eldiario.net\\\/portal\\\/author\\\/jeanette\\\/\"}]}<\/script>\n<!-- \/ Yoast SEO plugin. -->","yoast_head_json":{"title":"Santa Cruz y la democracia - El Diario - Bolivia","robots":{"index":"index","follow":"follow","max-snippet":"max-snippet:-1","max-image-preview":"max-image-preview:large","max-video-preview":"max-video-preview:-1"},"canonical":"https:\/\/www.eldiario.net\/portal\/2024\/08\/05\/santa-cruz-y-la-democracia\/","og_locale":"es_ES","og_type":"article","og_title":"Santa Cruz y la democracia - El Diario - Bolivia","og_description":"Los aportes hechos por Santa Cruz a la democracia, son muchos. Los cruce\u00f1os la honramos, como la conquista m\u00e1s importante de la historia pol\u00edtica universal. Ella forma parte del Alma Cruce\u00f1a, desde 1561. A continuaci\u00f3n, presento tres ejemplos emblem\u00e1ticos: 1) La recuperaci\u00f3n de la democracia en 1982.- Bolivia se encontraba gobernada durante 11 a\u00f1os, por [&hellip;]","og_url":"https:\/\/www.eldiario.net\/portal\/2024\/08\/05\/santa-cruz-y-la-democracia\/","og_site_name":"El Diario - Bolivia","article_publisher":"https:\/\/www.facebook.com\/eldiario.bolivia\/","article_published_time":"2024-08-05T09:50:55+00:00","og_image":[{"width":1200,"height":628,"url":"https:\/\/www.eldiario.net\/portal\/wp-content\/uploads\/2023\/06\/Jimmy-Ortiz-Saucedo.jpg","type":"image\/jpeg"}],"author":"Jeanette","twitter_card":"summary_large_image","twitter_creator":"@eldiario_net","twitter_site":"@eldiario_net","twitter_misc":{"Escrito por":"Jeanette","Tiempo de lectura":"1 minuto"},"schema":{"@context":"https:\/\/schema.org","@graph":[{"@type":"Article","@id":"https:\/\/www.eldiario.net\/portal\/2024\/08\/05\/santa-cruz-y-la-democracia\/#article","isPartOf":{"@id":"https:\/\/www.eldiario.net\/portal\/2024\/08\/05\/santa-cruz-y-la-democracia\/"},"author":{"name":"Jeanette","@id":"https:\/\/www.eldiario.net\/portal\/#\/schema\/person\/2c57cf2b7a7ae032e449e4c9b1019eac"},"headline":"Santa Cruz y la democracia","datePublished":"2024-08-05T09:50:55+00:00","mainEntityOfPage":{"@id":"https:\/\/www.eldiario.net\/portal\/2024\/08\/05\/santa-cruz-y-la-democracia\/"},"wordCount":863,"commentCount":0,"publisher":{"@id":"https:\/\/www.eldiario.net\/portal\/#organization"},"image":{"@id":"https:\/\/www.eldiario.net\/portal\/2024\/08\/05\/santa-cruz-y-la-democracia\/#primaryimage"},"thumbnailUrl":"https:\/\/www.eldiario.net\/portal\/wp-content\/uploads\/2023\/06\/Jimmy-Ortiz-Saucedo.jpg","articleSection":["Opini\u00f3n"],"inLanguage":"es","potentialAction":[{"@type":"CommentAction","name":"Comment","target":["https:\/\/www.eldiario.net\/portal\/2024\/08\/05\/santa-cruz-y-la-democracia\/#respond"]}]},{"@type":"WebPage","@id":"https:\/\/www.eldiario.net\/portal\/2024\/08\/05\/santa-cruz-y-la-democracia\/","url":"https:\/\/www.eldiario.net\/portal\/2024\/08\/05\/santa-cruz-y-la-democracia\/","name":"Santa Cruz y la democracia - El Diario - Bolivia","isPartOf":{"@id":"https:\/\/www.eldiario.net\/portal\/#website"},"primaryImageOfPage":{"@id":"https:\/\/www.eldiario.net\/portal\/2024\/08\/05\/santa-cruz-y-la-democracia\/#primaryimage"},"image":{"@id":"https:\/\/www.eldiario.net\/portal\/2024\/08\/05\/santa-cruz-y-la-democracia\/#primaryimage"},"thumbnailUrl":"https:\/\/www.eldiario.net\/portal\/wp-content\/uploads\/2023\/06\/Jimmy-Ortiz-Saucedo.jpg","datePublished":"2024-08-05T09:50:55+00:00","breadcrumb":{"@id":"https:\/\/www.eldiario.net\/portal\/2024\/08\/05\/santa-cruz-y-la-democracia\/#breadcrumb"},"inLanguage":"es","potentialAction":[{"@type":"ReadAction","target":["https:\/\/www.eldiario.net\/portal\/2024\/08\/05\/santa-cruz-y-la-democracia\/"]}]},{"@type":"ImageObject","inLanguage":"es","@id":"https:\/\/www.eldiario.net\/portal\/2024\/08\/05\/santa-cruz-y-la-democracia\/#primaryimage","url":"https:\/\/www.eldiario.net\/portal\/wp-content\/uploads\/2023\/06\/Jimmy-Ortiz-Saucedo.jpg","contentUrl":"https:\/\/www.eldiario.net\/portal\/wp-content\/uploads\/2023\/06\/Jimmy-Ortiz-Saucedo.jpg","width":1200,"height":628,"caption":"Jimmy Ortiz Saucedo"},{"@type":"BreadcrumbList","@id":"https:\/\/www.eldiario.net\/portal\/2024\/08\/05\/santa-cruz-y-la-democracia\/#breadcrumb","itemListElement":[{"@type":"ListItem","position":1,"name":"Portada","item":"https:\/\/www.eldiario.net\/portal\/"},{"@type":"ListItem","position":2,"name":"Santa Cruz y la democracia"}]},{"@type":"WebSite","@id":"https:\/\/www.eldiario.net\/portal\/#website","url":"https:\/\/www.eldiario.net\/portal\/","name":"El Diario - Decano de la prensa nacional","description":"El Diario - Decano de la prensa nacional","publisher":{"@id":"https:\/\/www.eldiario.net\/portal\/#organization"},"potentialAction":[{"@type":"SearchAction","target":{"@type":"EntryPoint","urlTemplate":"https:\/\/www.eldiario.net\/portal\/?s={search_term_string}"},"query-input":{"@type":"PropertyValueSpecification","valueRequired":true,"valueName":"search_term_string"}}],"inLanguage":"es"},{"@type":"Organization","@id":"https:\/\/www.eldiario.net\/portal\/#organization","name":"El Diario - Decano de la prensa nacional","url":"https:\/\/www.eldiario.net\/portal\/","logo":{"@type":"ImageObject","inLanguage":"es","@id":"https:\/\/www.eldiario.net\/portal\/#\/schema\/logo\/image\/","url":"https:\/\/www.eldiario.net\/portal\/wp-content\/uploads\/2023\/07\/logo_ED.jpg","contentUrl":"https:\/\/www.eldiario.net\/portal\/wp-content\/uploads\/2023\/07\/logo_ED.jpg","width":272,"height":52,"caption":"El Diario - Decano de la prensa nacional"},"image":{"@id":"https:\/\/www.eldiario.net\/portal\/#\/schema\/logo\/image\/"},"sameAs":["https:\/\/www.facebook.com\/eldiario.bolivia\/","https:\/\/x.com\/eldiario_net"]},{"@type":"Person","@id":"https:\/\/www.eldiario.net\/portal\/#\/schema\/person\/2c57cf2b7a7ae032e449e4c9b1019eac","name":"Jeanette","image":{"@type":"ImageObject","inLanguage":"es","@id":"https:\/\/secure.gravatar.com\/avatar\/3ea2118a5f7dad2b7138b1187a6b7ee55f160b9968b66013c3a3ef39dd7e5798?s=96&d=mm&r=g","url":"https:\/\/secure.gravatar.com\/avatar\/3ea2118a5f7dad2b7138b1187a6b7ee55f160b9968b66013c3a3ef39dd7e5798?s=96&d=mm&r=g","contentUrl":"https:\/\/secure.gravatar.com\/avatar\/3ea2118a5f7dad2b7138b1187a6b7ee55f160b9968b66013c3a3ef39dd7e5798?s=96&d=mm&r=g","caption":"Jeanette"},"sameAs":["https:\/\/www.eldiario.net\/portal"],"url":"https:\/\/www.eldiario.net\/portal\/author\/jeanette\/"}]}},"_links":{"self":[{"href":"https:\/\/www.eldiario.net\/portal\/wp-json\/wp\/v2\/posts\/238704","targetHints":{"allow":["GET"]}}],"collection":[{"href":"https:\/\/www.eldiario.net\/portal\/wp-json\/wp\/v2\/posts"}],"about":[{"href":"https:\/\/www.eldiario.net\/portal\/wp-json\/wp\/v2\/types\/post"}],"author":[{"embeddable":true,"href":"https:\/\/www.eldiario.net\/portal\/wp-json\/wp\/v2\/users\/1"}],"replies":[{"embeddable":true,"href":"https:\/\/www.eldiario.net\/portal\/wp-json\/wp\/v2\/comments?post=238704"}],"version-history":[{"count":1,"href":"https:\/\/www.eldiario.net\/portal\/wp-json\/wp\/v2\/posts\/238704\/revisions"}],"predecessor-version":[{"id":238705,"href":"https:\/\/www.eldiario.net\/portal\/wp-json\/wp\/v2\/posts\/238704\/revisions\/238705"}],"wp:featuredmedia":[{"embeddable":true,"href":"https:\/\/www.eldiario.net\/portal\/wp-json\/wp\/v2\/media\/159369"}],"wp:attachment":[{"href":"https:\/\/www.eldiario.net\/portal\/wp-json\/wp\/v2\/media?parent=238704"}],"wp:term":[{"taxonomy":"category","embeddable":true,"href":"https:\/\/www.eldiario.net\/portal\/wp-json\/wp\/v2\/categories?post=238704"},{"taxonomy":"post_tag","embeddable":true,"href":"https:\/\/www.eldiario.net\/portal\/wp-json\/wp\/v2\/tags?post=238704"}],"curies":[{"name":"wp","href":"https:\/\/api.w.org\/{rel}","templated":true}]}}