{"id":238696,"date":"2024-08-05T05:49:05","date_gmt":"2024-08-05T09:49:05","guid":{"rendered":"https:\/\/www.eldiario.net\/portal\/?p=238696"},"modified":"2024-08-05T05:49:05","modified_gmt":"2024-08-05T09:49:05","slug":"problema-del-dolar-hace-que-suban-precios-de-articulos-de-linea-blanca","status":"publish","type":"post","link":"https:\/\/www.eldiario.net\/portal\/2024\/08\/05\/problema-del-dolar-hace-que-suban-precios-de-articulos-de-linea-blanca\/","title":{"rendered":"Problema del d\u00f3lar hace que suban  precios de art\u00edculos de l\u00ednea blanca"},"content":{"rendered":"<p>Debido a la escasez del d\u00f3lar y el alza de esta moneda extranjera en el mercado paralelo, due\u00f1os de negocios que venden art\u00edculos de l\u00ednea blanca se\u00f1alaron que los precios se elevaron entre 200 a 500 bolivianos, situaci\u00f3n que genera baja demanda de compradores.<br \/>\nComerciantes de electrodom\u00e9sticos aseguran estar perjudicados por la falta de d\u00f3lares en el mercado para la compra de sus productos, pues cocinas, lavadoras, refrigeradores y otros, incrementaron su costo y ello incidi\u00f3 para que las ventas bajen de manera considerable.<br \/>\nConsultado sobre si hubo aumento de precio en algunos productos de l\u00ednea blanca, uno de los vendedores corrobor\u00f3 el hecho y se\u00f1al\u00f3 que el monto depende de cada art\u00edculo.<br \/>\n\u201cHay variantes, si hablamos en bolivianos hay de 200, 300 hasta 500, incluso hasta 100 d\u00f3lares dependiendo (\u2026) ahora el d\u00f3lar est\u00e1, supuestamente en el mercado, el cambio hasta 14 (bolivianos) ha exagerado bastante\u201d, se\u00f1al\u00f3 un comerciante en una entrevista de un medio televisivo.<br \/>\nDe igual manera, otra comerciante sostuvo que los clientes ya no cuentan con el dinero suficiente para adquirir los productos, pues el incremento es a la par del costo del cambio de d\u00f3lar.<br \/>\n\u201cHarto (ha subido los precios) m\u00e1s de 50 d\u00f3lares (y la venta) ha bajado harto (\u2026) solamente preguntan y se van, porque ya tienen un monto para disponerlo, pero lastimosamente ya semana a semana est\u00e1 subiendo los costos\u201d, apunt\u00f3.<br \/>\nLas declaraciones de las personas que se dedican a la venta de este tipo de mercader\u00eda son similares respecto al incremento en los precios y aseguran que ellos nada tienen que ver con eso.<br \/>\n\u201cDesde hace un mes est\u00e1 subiendo los precios (\u2026) ahora est\u00e1 a un promedio de entre 400 a 500 bolivianos la diferencia. La gente piensa que nosotros hacemos subir por gusto, por querernos aprovechar del problema, pero (\u2026) lo que pasa es algo que est\u00e1 sucediendo por el tema del d\u00f3lar\u201d, explic\u00f3 otro vendedor de la calle Eloy Salm\u00f3n, en La Paz.<br \/>\nAFECTADOS<br \/>\nLa escasez de d\u00f3lar tambi\u00e9n afecta al sector del transporte, el representante de la C\u00e1mara de Transporte del Oriente, Luis A\u00f1ez, exigi\u00f3 una soluci\u00f3n definitiva sobre este tema, al Gobierno.<br \/>\n\u201cEstamos atentos para ver que el Gobierno nos resuelva el tema econ\u00f3mico porque seguimos con el problema de d\u00f3lares, siguen subiendo los repuestos y tenemos una operativa bastante onerosa actualmente que nos est\u00e1 perjudicando\u201d, expres\u00f3 el representante.<br \/>\nRecalc\u00f3 que se debe buscar la manera de solucionar el tema de la falta de d\u00f3lares y analizar c\u00f3mo se podr\u00e1 enderezar el tema respecto al alza de repuestos que se registra en el territorio nacional.<br \/>\nLos veterinarios de Cochabamba tambi\u00e9n est\u00e1n en emergencia, \u201cno hay d\u00f3lares, no hay adquisici\u00f3n, no se puede adquirir ni importar los insumos veterinarios de otros pa\u00edses, entonces lastimosamente estamos complicados\u201d, afirm\u00f3 la presidenta del Colegio M\u00e9dico Veterinario de Cochabamba, Elizabeth Castell\u00f3n.<br \/>\nDetall\u00f3 que en ese departamento hay muchas granjas av\u00edcolas y de bovinos que se est\u00e1n quedando sin insumos como vitaminas y minerales, porque \u201cesos (insumos) definitivamente se importan de otros pa\u00edses\u201d.<br \/>\nAdem\u00e1s, agreg\u00f3 que existe \u201cun 20 por ciento de incremento en todas las importadoras, el costo econ\u00f3mico es de un 20 por ciento en todas las importaciones e insumos que adquirimos para preparar los alimentos para los animales\u201d.<br \/>\nAnte esta situaci\u00f3n, ya son varios sectores sociales del pa\u00eds que exigen al Gobierno llegar a una soluci\u00f3n definitiva ante la escasez de d\u00f3lares y el alza de esta moneda, en el mercado paralelo.<\/p>\n","protected":false},"excerpt":{"rendered":"<p>Debido a la escasez del d\u00f3lar y el alza de esta moneda extranjera en el mercado paralelo, due\u00f1os de negocios que venden art\u00edculos de l\u00ednea blanca se\u00f1alaron que los precios se elevaron entre 200 a 500 bolivianos, situaci\u00f3n que genera baja demanda de compradores. Comerciantes de electrodom\u00e9sticos aseguran estar perjudicados por la falta de d\u00f3lares [&hellip;]<\/p>\n","protected":false},"author":1,"featured_media":238697,"comment_status":"open","ping_status":"open","sticky":false,"template":"","format":"standard","meta":{"_acf_changed":false,"footnotes":""},"categories":[7],"tags":[],"class_list":["post-238696","post","type-post","status-publish","format-standard","has-post-thumbnail","category-economia"],"acf":{"antetitulo":""},"yoast_head":"<!-- This site is optimized with the Yoast SEO plugin v28.4 - https:\/\/yoast.com\/product\/yoast-seo-wordpress\/ -->\n<title>Problema del d\u00f3lar hace que suban precios de art\u00edculos de l\u00ednea blanca - El Diario - Bolivia<\/title>\n<meta name=\"robots\" content=\"index, follow, max-snippet:-1, max-image-preview:large, max-video-preview:-1\" \/>\n<link rel=\"canonical\" href=\"https:\/\/www.eldiario.net\/portal\/2024\/08\/05\/problema-del-dolar-hace-que-suban-precios-de-articulos-de-linea-blanca\/\" \/>\n<meta property=\"og:locale\" content=\"es_ES\" \/>\n<meta property=\"og:type\" content=\"article\" \/>\n<meta property=\"og:title\" content=\"Problema del d\u00f3lar hace que suban precios de art\u00edculos de l\u00ednea blanca - El Diario - Bolivia\" \/>\n<meta property=\"og:description\" content=\"Debido a la escasez del d\u00f3lar y el alza de esta moneda extranjera en el mercado paralelo, due\u00f1os de negocios que venden art\u00edculos de l\u00ednea blanca se\u00f1alaron que los precios se elevaron entre 200 a 500 bolivianos, situaci\u00f3n que genera baja demanda de compradores. Comerciantes de electrodom\u00e9sticos aseguran estar perjudicados por la falta de d\u00f3lares [&hellip;]\" \/>\n<meta property=\"og:url\" content=\"https:\/\/www.eldiario.net\/portal\/2024\/08\/05\/problema-del-dolar-hace-que-suban-precios-de-articulos-de-linea-blanca\/\" \/>\n<meta property=\"og:site_name\" content=\"El Diario - Bolivia\" \/>\n<meta property=\"article:publisher\" content=\"https:\/\/www.facebook.com\/eldiario.bolivia\/\" \/>\n<meta property=\"article:published_time\" content=\"2024-08-05T09:49:05+00:00\" \/>\n<meta property=\"og:image\" content=\"https:\/\/www.eldiario.net\/portal\/wp-content\/uploads\/2024\/08\/F-2-costo.png\" \/>\n\t<meta property=\"og:image:width\" content=\"284\" \/>\n\t<meta property=\"og:image:height\" content=\"159\" \/>\n\t<meta property=\"og:image:type\" content=\"image\/png\" \/>\n<meta name=\"author\" content=\"Jeanette\" \/>\n<meta name=\"twitter:card\" content=\"summary_large_image\" \/>\n<meta name=\"twitter:creator\" content=\"@eldiario_net\" \/>\n<meta name=\"twitter:site\" content=\"@eldiario_net\" \/>\n<meta name=\"twitter:label1\" content=\"Escrito por\" \/>\n\t<meta name=\"twitter:data1\" content=\"Jeanette\" \/>\n\t<meta name=\"twitter:label2\" content=\"Tiempo de lectura\" \/>\n\t<meta name=\"twitter:data2\" content=\"3 minutos\" \/>\n<script type=\"application\/ld+json\" class=\"yoast-schema-graph\">{\"@context\":\"https:\\\/\\\/schema.org\",\"@graph\":[{\"@type\":\"Article\",\"@id\":\"https:\\\/\\\/www.eldiario.net\\\/portal\\\/2024\\\/08\\\/05\\\/problema-del-dolar-hace-que-suban-precios-de-articulos-de-linea-blanca\\\/#article\",\"isPartOf\":{\"@id\":\"https:\\\/\\\/www.eldiario.net\\\/portal\\\/2024\\\/08\\\/05\\\/problema-del-dolar-hace-que-suban-precios-de-articulos-de-linea-blanca\\\/\"},\"author\":{\"name\":\"Jeanette\",\"@id\":\"https:\\\/\\\/www.eldiario.net\\\/portal\\\/#\\\/schema\\\/person\\\/2c57cf2b7a7ae032e449e4c9b1019eac\"},\"headline\":\"Problema del d\u00f3lar hace que suban precios de art\u00edculos de l\u00ednea blanca\",\"datePublished\":\"2024-08-05T09:49:05+00:00\",\"mainEntityOfPage\":{\"@id\":\"https:\\\/\\\/www.eldiario.net\\\/portal\\\/2024\\\/08\\\/05\\\/problema-del-dolar-hace-que-suban-precios-de-articulos-de-linea-blanca\\\/\"},\"wordCount\":617,\"commentCount\":0,\"publisher\":{\"@id\":\"https:\\\/\\\/www.eldiario.net\\\/portal\\\/#organization\"},\"image\":{\"@id\":\"https:\\\/\\\/www.eldiario.net\\\/portal\\\/2024\\\/08\\\/05\\\/problema-del-dolar-hace-que-suban-precios-de-articulos-de-linea-blanca\\\/#primaryimage\"},\"thumbnailUrl\":\"https:\\\/\\\/www.eldiario.net\\\/portal\\\/wp-content\\\/uploads\\\/2024\\\/08\\\/F-2-costo.png\",\"articleSection\":[\"Econom\u00eda\"],\"inLanguage\":\"es\",\"potentialAction\":[{\"@type\":\"CommentAction\",\"name\":\"Comment\",\"target\":[\"https:\\\/\\\/www.eldiario.net\\\/portal\\\/2024\\\/08\\\/05\\\/problema-del-dolar-hace-que-suban-precios-de-articulos-de-linea-blanca\\\/#respond\"]}]},{\"@type\":\"WebPage\",\"@id\":\"https:\\\/\\\/www.eldiario.net\\\/portal\\\/2024\\\/08\\\/05\\\/problema-del-dolar-hace-que-suban-precios-de-articulos-de-linea-blanca\\\/\",\"url\":\"https:\\\/\\\/www.eldiario.net\\\/portal\\\/2024\\\/08\\\/05\\\/problema-del-dolar-hace-que-suban-precios-de-articulos-de-linea-blanca\\\/\",\"name\":\"Problema del d\u00f3lar hace que suban precios de art\u00edculos de l\u00ednea blanca - El Diario - Bolivia\",\"isPartOf\":{\"@id\":\"https:\\\/\\\/www.eldiario.net\\\/portal\\\/#website\"},\"primaryImageOfPage\":{\"@id\":\"https:\\\/\\\/www.eldiario.net\\\/portal\\\/2024\\\/08\\\/05\\\/problema-del-dolar-hace-que-suban-precios-de-articulos-de-linea-blanca\\\/#primaryimage\"},\"image\":{\"@id\":\"https:\\\/\\\/www.eldiario.net\\\/portal\\\/2024\\\/08\\\/05\\\/problema-del-dolar-hace-que-suban-precios-de-articulos-de-linea-blanca\\\/#primaryimage\"},\"thumbnailUrl\":\"https:\\\/\\\/www.eldiario.net\\\/portal\\\/wp-content\\\/uploads\\\/2024\\\/08\\\/F-2-costo.png\",\"datePublished\":\"2024-08-05T09:49:05+00:00\",\"breadcrumb\":{\"@id\":\"https:\\\/\\\/www.eldiario.net\\\/portal\\\/2024\\\/08\\\/05\\\/problema-del-dolar-hace-que-suban-precios-de-articulos-de-linea-blanca\\\/#breadcrumb\"},\"inLanguage\":\"es\",\"potentialAction\":[{\"@type\":\"ReadAction\",\"target\":[\"https:\\\/\\\/www.eldiario.net\\\/portal\\\/2024\\\/08\\\/05\\\/problema-del-dolar-hace-que-suban-precios-de-articulos-de-linea-blanca\\\/\"]}]},{\"@type\":\"ImageObject\",\"inLanguage\":\"es\",\"@id\":\"https:\\\/\\\/www.eldiario.net\\\/portal\\\/2024\\\/08\\\/05\\\/problema-del-dolar-hace-que-suban-precios-de-articulos-de-linea-blanca\\\/#primaryimage\",\"url\":\"https:\\\/\\\/www.eldiario.net\\\/portal\\\/wp-content\\\/uploads\\\/2024\\\/08\\\/F-2-costo.png\",\"contentUrl\":\"https:\\\/\\\/www.eldiario.net\\\/portal\\\/wp-content\\\/uploads\\\/2024\\\/08\\\/F-2-costo.png\",\"width\":284,\"height\":159,\"caption\":\"Aseguran que los precios se regulan de acuerdo con el tipo de cambio del d\u00f3lar.\"},{\"@type\":\"BreadcrumbList\",\"@id\":\"https:\\\/\\\/www.eldiario.net\\\/portal\\\/2024\\\/08\\\/05\\\/problema-del-dolar-hace-que-suban-precios-de-articulos-de-linea-blanca\\\/#breadcrumb\",\"itemListElement\":[{\"@type\":\"ListItem\",\"position\":1,\"name\":\"Portada\",\"item\":\"https:\\\/\\\/www.eldiario.net\\\/portal\\\/\"},{\"@type\":\"ListItem\",\"position\":2,\"name\":\"Problema del d\u00f3lar hace que suban precios de art\u00edculos de l\u00ednea blanca\"}]},{\"@type\":\"WebSite\",\"@id\":\"https:\\\/\\\/www.eldiario.net\\\/portal\\\/#website\",\"url\":\"https:\\\/\\\/www.eldiario.net\\\/portal\\\/\",\"name\":\"El Diario - Decano de la prensa nacional\",\"description\":\"El Diario - Decano de la prensa nacional\",\"publisher\":{\"@id\":\"https:\\\/\\\/www.eldiario.net\\\/portal\\\/#organization\"},\"potentialAction\":[{\"@type\":\"SearchAction\",\"target\":{\"@type\":\"EntryPoint\",\"urlTemplate\":\"https:\\\/\\\/www.eldiario.net\\\/portal\\\/?s={search_term_string}\"},\"query-input\":{\"@type\":\"PropertyValueSpecification\",\"valueRequired\":true,\"valueName\":\"search_term_string\"}}],\"inLanguage\":\"es\"},{\"@type\":\"Organization\",\"@id\":\"https:\\\/\\\/www.eldiario.net\\\/portal\\\/#organization\",\"name\":\"El Diario - Decano de la prensa nacional\",\"url\":\"https:\\\/\\\/www.eldiario.net\\\/portal\\\/\",\"logo\":{\"@type\":\"ImageObject\",\"inLanguage\":\"es\",\"@id\":\"https:\\\/\\\/www.eldiario.net\\\/portal\\\/#\\\/schema\\\/logo\\\/image\\\/\",\"url\":\"https:\\\/\\\/www.eldiario.net\\\/portal\\\/wp-content\\\/uploads\\\/2023\\\/07\\\/logo_ED.jpg\",\"contentUrl\":\"https:\\\/\\\/www.eldiario.net\\\/portal\\\/wp-content\\\/uploads\\\/2023\\\/07\\\/logo_ED.jpg\",\"width\":272,\"height\":52,\"caption\":\"El Diario - Decano de la prensa nacional\"},\"image\":{\"@id\":\"https:\\\/\\\/www.eldiario.net\\\/portal\\\/#\\\/schema\\\/logo\\\/image\\\/\"},\"sameAs\":[\"https:\\\/\\\/www.facebook.com\\\/eldiario.bolivia\\\/\",\"https:\\\/\\\/x.com\\\/eldiario_net\"]},{\"@type\":\"Person\",\"@id\":\"https:\\\/\\\/www.eldiario.net\\\/portal\\\/#\\\/schema\\\/person\\\/2c57cf2b7a7ae032e449e4c9b1019eac\",\"name\":\"Jeanette\",\"image\":{\"@type\":\"ImageObject\",\"inLanguage\":\"es\",\"@id\":\"https:\\\/\\\/secure.gravatar.com\\\/avatar\\\/3ea2118a5f7dad2b7138b1187a6b7ee55f160b9968b66013c3a3ef39dd7e5798?s=96&d=mm&r=g\",\"url\":\"https:\\\/\\\/secure.gravatar.com\\\/avatar\\\/3ea2118a5f7dad2b7138b1187a6b7ee55f160b9968b66013c3a3ef39dd7e5798?s=96&d=mm&r=g\",\"contentUrl\":\"https:\\\/\\\/secure.gravatar.com\\\/avatar\\\/3ea2118a5f7dad2b7138b1187a6b7ee55f160b9968b66013c3a3ef39dd7e5798?s=96&d=mm&r=g\",\"caption\":\"Jeanette\"},\"sameAs\":[\"https:\\\/\\\/www.eldiario.net\\\/portal\"],\"url\":\"https:\\\/\\\/www.eldiario.net\\\/portal\\\/author\\\/jeanette\\\/\"}]}<\/script>\n<!-- \/ Yoast SEO plugin. -->","yoast_head_json":{"title":"Problema del d\u00f3lar hace que suban precios de art\u00edculos de l\u00ednea blanca - El Diario - Bolivia","robots":{"index":"index","follow":"follow","max-snippet":"max-snippet:-1","max-image-preview":"max-image-preview:large","max-video-preview":"max-video-preview:-1"},"canonical":"https:\/\/www.eldiario.net\/portal\/2024\/08\/05\/problema-del-dolar-hace-que-suban-precios-de-articulos-de-linea-blanca\/","og_locale":"es_ES","og_type":"article","og_title":"Problema del d\u00f3lar hace que suban precios de art\u00edculos de l\u00ednea blanca - El Diario - Bolivia","og_description":"Debido a la escasez del d\u00f3lar y el alza de esta moneda extranjera en el mercado paralelo, due\u00f1os de negocios que venden art\u00edculos de l\u00ednea blanca se\u00f1alaron que los precios se elevaron entre 200 a 500 bolivianos, situaci\u00f3n que genera baja demanda de compradores. Comerciantes de electrodom\u00e9sticos aseguran estar perjudicados por la falta de d\u00f3lares [&hellip;]","og_url":"https:\/\/www.eldiario.net\/portal\/2024\/08\/05\/problema-del-dolar-hace-que-suban-precios-de-articulos-de-linea-blanca\/","og_site_name":"El Diario - Bolivia","article_publisher":"https:\/\/www.facebook.com\/eldiario.bolivia\/","article_published_time":"2024-08-05T09:49:05+00:00","og_image":[{"width":284,"height":159,"url":"https:\/\/www.eldiario.net\/portal\/wp-content\/uploads\/2024\/08\/F-2-costo.png","type":"image\/png"}],"author":"Jeanette","twitter_card":"summary_large_image","twitter_creator":"@eldiario_net","twitter_site":"@eldiario_net","twitter_misc":{"Escrito por":"Jeanette","Tiempo de lectura":"3 minutos"},"schema":{"@context":"https:\/\/schema.org","@graph":[{"@type":"Article","@id":"https:\/\/www.eldiario.net\/portal\/2024\/08\/05\/problema-del-dolar-hace-que-suban-precios-de-articulos-de-linea-blanca\/#article","isPartOf":{"@id":"https:\/\/www.eldiario.net\/portal\/2024\/08\/05\/problema-del-dolar-hace-que-suban-precios-de-articulos-de-linea-blanca\/"},"author":{"name":"Jeanette","@id":"https:\/\/www.eldiario.net\/portal\/#\/schema\/person\/2c57cf2b7a7ae032e449e4c9b1019eac"},"headline":"Problema del d\u00f3lar hace que suban precios de art\u00edculos de l\u00ednea blanca","datePublished":"2024-08-05T09:49:05+00:00","mainEntityOfPage":{"@id":"https:\/\/www.eldiario.net\/portal\/2024\/08\/05\/problema-del-dolar-hace-que-suban-precios-de-articulos-de-linea-blanca\/"},"wordCount":617,"commentCount":0,"publisher":{"@id":"https:\/\/www.eldiario.net\/portal\/#organization"},"image":{"@id":"https:\/\/www.eldiario.net\/portal\/2024\/08\/05\/problema-del-dolar-hace-que-suban-precios-de-articulos-de-linea-blanca\/#primaryimage"},"thumbnailUrl":"https:\/\/www.eldiario.net\/portal\/wp-content\/uploads\/2024\/08\/F-2-costo.png","articleSection":["Econom\u00eda"],"inLanguage":"es","potentialAction":[{"@type":"CommentAction","name":"Comment","target":["https:\/\/www.eldiario.net\/portal\/2024\/08\/05\/problema-del-dolar-hace-que-suban-precios-de-articulos-de-linea-blanca\/#respond"]}]},{"@type":"WebPage","@id":"https:\/\/www.eldiario.net\/portal\/2024\/08\/05\/problema-del-dolar-hace-que-suban-precios-de-articulos-de-linea-blanca\/","url":"https:\/\/www.eldiario.net\/portal\/2024\/08\/05\/problema-del-dolar-hace-que-suban-precios-de-articulos-de-linea-blanca\/","name":"Problema del d\u00f3lar hace que suban precios de art\u00edculos de l\u00ednea blanca - El Diario - Bolivia","isPartOf":{"@id":"https:\/\/www.eldiario.net\/portal\/#website"},"primaryImageOfPage":{"@id":"https:\/\/www.eldiario.net\/portal\/2024\/08\/05\/problema-del-dolar-hace-que-suban-precios-de-articulos-de-linea-blanca\/#primaryimage"},"image":{"@id":"https:\/\/www.eldiario.net\/portal\/2024\/08\/05\/problema-del-dolar-hace-que-suban-precios-de-articulos-de-linea-blanca\/#primaryimage"},"thumbnailUrl":"https:\/\/www.eldiario.net\/portal\/wp-content\/uploads\/2024\/08\/F-2-costo.png","datePublished":"2024-08-05T09:49:05+00:00","breadcrumb":{"@id":"https:\/\/www.eldiario.net\/portal\/2024\/08\/05\/problema-del-dolar-hace-que-suban-precios-de-articulos-de-linea-blanca\/#breadcrumb"},"inLanguage":"es","potentialAction":[{"@type":"ReadAction","target":["https:\/\/www.eldiario.net\/portal\/2024\/08\/05\/problema-del-dolar-hace-que-suban-precios-de-articulos-de-linea-blanca\/"]}]},{"@type":"ImageObject","inLanguage":"es","@id":"https:\/\/www.eldiario.net\/portal\/2024\/08\/05\/problema-del-dolar-hace-que-suban-precios-de-articulos-de-linea-blanca\/#primaryimage","url":"https:\/\/www.eldiario.net\/portal\/wp-content\/uploads\/2024\/08\/F-2-costo.png","contentUrl":"https:\/\/www.eldiario.net\/portal\/wp-content\/uploads\/2024\/08\/F-2-costo.png","width":284,"height":159,"caption":"Aseguran que los precios se regulan de acuerdo con el tipo de cambio del d\u00f3lar."},{"@type":"BreadcrumbList","@id":"https:\/\/www.eldiario.net\/portal\/2024\/08\/05\/problema-del-dolar-hace-que-suban-precios-de-articulos-de-linea-blanca\/#breadcrumb","itemListElement":[{"@type":"ListItem","position":1,"name":"Portada","item":"https:\/\/www.eldiario.net\/portal\/"},{"@type":"ListItem","position":2,"name":"Problema del d\u00f3lar hace que suban precios de art\u00edculos de l\u00ednea blanca"}]},{"@type":"WebSite","@id":"https:\/\/www.eldiario.net\/portal\/#website","url":"https:\/\/www.eldiario.net\/portal\/","name":"El Diario - Decano de la prensa nacional","description":"El Diario - Decano de la prensa nacional","publisher":{"@id":"https:\/\/www.eldiario.net\/portal\/#organization"},"potentialAction":[{"@type":"SearchAction","target":{"@type":"EntryPoint","urlTemplate":"https:\/\/www.eldiario.net\/portal\/?s={search_term_string}"},"query-input":{"@type":"PropertyValueSpecification","valueRequired":true,"valueName":"search_term_string"}}],"inLanguage":"es"},{"@type":"Organization","@id":"https:\/\/www.eldiario.net\/portal\/#organization","name":"El Diario - Decano de la prensa nacional","url":"https:\/\/www.eldiario.net\/portal\/","logo":{"@type":"ImageObject","inLanguage":"es","@id":"https:\/\/www.eldiario.net\/portal\/#\/schema\/logo\/image\/","url":"https:\/\/www.eldiario.net\/portal\/wp-content\/uploads\/2023\/07\/logo_ED.jpg","contentUrl":"https:\/\/www.eldiario.net\/portal\/wp-content\/uploads\/2023\/07\/logo_ED.jpg","width":272,"height":52,"caption":"El Diario - Decano de la prensa nacional"},"image":{"@id":"https:\/\/www.eldiario.net\/portal\/#\/schema\/logo\/image\/"},"sameAs":["https:\/\/www.facebook.com\/eldiario.bolivia\/","https:\/\/x.com\/eldiario_net"]},{"@type":"Person","@id":"https:\/\/www.eldiario.net\/portal\/#\/schema\/person\/2c57cf2b7a7ae032e449e4c9b1019eac","name":"Jeanette","image":{"@type":"ImageObject","inLanguage":"es","@id":"https:\/\/secure.gravatar.com\/avatar\/3ea2118a5f7dad2b7138b1187a6b7ee55f160b9968b66013c3a3ef39dd7e5798?s=96&d=mm&r=g","url":"https:\/\/secure.gravatar.com\/avatar\/3ea2118a5f7dad2b7138b1187a6b7ee55f160b9968b66013c3a3ef39dd7e5798?s=96&d=mm&r=g","contentUrl":"https:\/\/secure.gravatar.com\/avatar\/3ea2118a5f7dad2b7138b1187a6b7ee55f160b9968b66013c3a3ef39dd7e5798?s=96&d=mm&r=g","caption":"Jeanette"},"sameAs":["https:\/\/www.eldiario.net\/portal"],"url":"https:\/\/www.eldiario.net\/portal\/author\/jeanette\/"}]}},"_links":{"self":[{"href":"https:\/\/www.eldiario.net\/portal\/wp-json\/wp\/v2\/posts\/238696","targetHints":{"allow":["GET"]}}],"collection":[{"href":"https:\/\/www.eldiario.net\/portal\/wp-json\/wp\/v2\/posts"}],"about":[{"href":"https:\/\/www.eldiario.net\/portal\/wp-json\/wp\/v2\/types\/post"}],"author":[{"embeddable":true,"href":"https:\/\/www.eldiario.net\/portal\/wp-json\/wp\/v2\/users\/1"}],"replies":[{"embeddable":true,"href":"https:\/\/www.eldiario.net\/portal\/wp-json\/wp\/v2\/comments?post=238696"}],"version-history":[{"count":1,"href":"https:\/\/www.eldiario.net\/portal\/wp-json\/wp\/v2\/posts\/238696\/revisions"}],"predecessor-version":[{"id":238698,"href":"https:\/\/www.eldiario.net\/portal\/wp-json\/wp\/v2\/posts\/238696\/revisions\/238698"}],"wp:featuredmedia":[{"embeddable":true,"href":"https:\/\/www.eldiario.net\/portal\/wp-json\/wp\/v2\/media\/238697"}],"wp:attachment":[{"href":"https:\/\/www.eldiario.net\/portal\/wp-json\/wp\/v2\/media?parent=238696"}],"wp:term":[{"taxonomy":"category","embeddable":true,"href":"https:\/\/www.eldiario.net\/portal\/wp-json\/wp\/v2\/categories?post=238696"},{"taxonomy":"post_tag","embeddable":true,"href":"https:\/\/www.eldiario.net\/portal\/wp-json\/wp\/v2\/tags?post=238696"}],"curies":[{"name":"wp","href":"https:\/\/api.w.org\/{rel}","templated":true}]}}