{"id":238688,"date":"2024-08-05T05:44:06","date_gmt":"2024-08-05T09:44:06","guid":{"rendered":"https:\/\/www.eldiario.net\/portal\/?p=238688"},"modified":"2024-08-05T05:44:16","modified_gmt":"2024-08-05T09:44:16","slug":"los-politicos-y-la-frustracion","status":"publish","type":"post","link":"https:\/\/www.eldiario.net\/portal\/2024\/08\/05\/los-politicos-y-la-frustracion\/","title":{"rendered":"Los pol\u00edticos y la frustraci\u00f3n"},"content":{"rendered":"<p>Los pol\u00edticos han perdido credibilidad. Ya no representan la esperanza, sino la frustraci\u00f3n. Nos han legado, en este contexto, el desastre nacional, que se traduce en la crisis econ\u00f3mica, que significa un retroceso hacia la incertidumbre. En consecuencia, hay gente que busca d\u00f3lares, ante la escasez de esta moneda, para solventar sus actividades. Tambi\u00e9n para adquirir combustible. Gente inmersa en una realidad que parece no tener salida. Hecho que resume la regresi\u00f3n a periodos gubernamentales en los que la incapacidad se impon\u00eda.<br \/>\nLos pol\u00edticos, al asumir sus actos, deber\u00edan ser honestos y transparentes ante el pa\u00eds. Deber\u00edan manejar siempre la verdad. La mentira, en pol\u00edtica, quiz\u00e1 es utilizada como un recurso para confundir a la opini\u00f3n p\u00fablica. Quiz\u00e1 tambi\u00e9n es parte del modus operandi para mantenerse en el Poder. Para tapar falencias y desprop\u00f3sitos y tender cortinas distraccionistas.<br \/>\nEn consecuencia, no deber\u00edan actuar con doble moral, ni c\u00e1lculo pol\u00edtico, sino de cara a la ciudadan\u00eda. Tampoco con el af\u00e1n de enriquecerse, aprovechando la potabilidad democr\u00e1tica. Parece que no les importaran los supremos intereses de la Patria, sino la probabilidad de perpetuarse en el Poder. Deber\u00edan priorizar, en todo caso, los objetivos nacionales, no los intereses sectarios. Las obras quedan, los hombres pasan. Todo es pasajero en esta vida.<br \/>\nLa ciudadan\u00eda espera certidumbre y no demagogia. Exige responsabilidad en el manejo de la cosa p\u00fablica, cumplimiento de la oferta electoral y honestidad, sobre todas las cosas. Los pol\u00edticos, para tal efecto, deber\u00edan aproximarse al ciudadano de a pie, no solo para conocer sus condiciones de vida, sino para tratar de atender sus necesidades m\u00e1s elementales, ahora que la crisis econ\u00f3mica se agrava. Y no utilizarlo solamente, como carne de ca\u00f1\u00f3n, en bloqueos. Menos aprovecharse de \u00e9l, en \u00e9pocas electorales. Entonces tendr\u00edan la ocasi\u00f3n de conocer la realidad nacional, el temperamento de las personas e instituciones de cada regi\u00f3n. Es decir, el car\u00e1cter de la naci\u00f3n boliviana. Lo que piensa, dice y desea el boliviano com\u00fan, elemento fundamental para construir la nueva Bolivia. Y no vivir metidos en un escritorio, rodeados de asesores parlanchines o aislados de cuanto sucede en nuestro alrededor.<br \/>\n\u201cCualesquiera que sean las mezquindades y desfallecimientos de la naturaleza humana individual, puede decirse que el hombre, llegado a cierto grado de civilizaci\u00f3n, tiene las aptitudes intelectuales y morales suficientes para dominar la preocupaci\u00f3n de sus intereses personales, y realizar as\u00ed, de manera m\u00e1s o menos perfecta, el ideal del ciudadano. Si se rechaza esta observaci\u00f3n, ya no queda m\u00e1s que renunciar al derecho de voto y al principio de gobierno democr\u00e1tico\u201d (*).<br \/>\nEn suma: la ciudadan\u00eda espera un cambio radical en los pol\u00edticos.<\/p>\n<p>(*) Adolfo Christlieb Ibarrola: \u201cTemas pol\u00edticos\u201d. Talleres de la Editorial Jus, S.A., M\u00e9xico, 22 de noviembre de 1963. P\u00e1g. 24.<\/p>\n","protected":false},"excerpt":{"rendered":"<p>Los pol\u00edticos han perdido credibilidad. Ya no representan la esperanza, sino la frustraci\u00f3n. Nos han legado, en este contexto, el desastre nacional, que se traduce en la crisis econ\u00f3mica, que significa un retroceso hacia la incertidumbre. En consecuencia, hay gente que busca d\u00f3lares, ante la escasez de esta moneda, para solventar sus actividades. Tambi\u00e9n para [&hellip;]<\/p>\n","protected":false},"author":1,"featured_media":158618,"comment_status":"open","ping_status":"open","sticky":false,"template":"","format":"standard","meta":{"_acf_changed":false,"footnotes":""},"categories":[9],"tags":[],"class_list":["post-238688","post","type-post","status-publish","format-standard","has-post-thumbnail","category-opinion"],"acf":{"antetitulo":""},"yoast_head":"<!-- This site is optimized with the Yoast SEO plugin v28.4 - https:\/\/yoast.com\/product\/yoast-seo-wordpress\/ -->\n<title>Los pol\u00edticos y la frustraci\u00f3n - El Diario - Bolivia<\/title>\n<meta name=\"robots\" content=\"index, follow, max-snippet:-1, max-image-preview:large, max-video-preview:-1\" \/>\n<link rel=\"canonical\" href=\"https:\/\/www.eldiario.net\/portal\/2024\/08\/05\/los-politicos-y-la-frustracion\/\" \/>\n<meta property=\"og:locale\" content=\"es_ES\" \/>\n<meta property=\"og:type\" content=\"article\" \/>\n<meta property=\"og:title\" content=\"Los pol\u00edticos y la frustraci\u00f3n - El Diario - Bolivia\" \/>\n<meta property=\"og:description\" content=\"Los pol\u00edticos han perdido credibilidad. Ya no representan la esperanza, sino la frustraci\u00f3n. Nos han legado, en este contexto, el desastre nacional, que se traduce en la crisis econ\u00f3mica, que significa un retroceso hacia la incertidumbre. En consecuencia, hay gente que busca d\u00f3lares, ante la escasez de esta moneda, para solventar sus actividades. Tambi\u00e9n para [&hellip;]\" \/>\n<meta property=\"og:url\" content=\"https:\/\/www.eldiario.net\/portal\/2024\/08\/05\/los-politicos-y-la-frustracion\/\" \/>\n<meta property=\"og:site_name\" content=\"El Diario - Bolivia\" \/>\n<meta property=\"article:publisher\" content=\"https:\/\/www.facebook.com\/eldiario.bolivia\/\" \/>\n<meta property=\"article:published_time\" content=\"2024-08-05T09:44:06+00:00\" \/>\n<meta property=\"article:modified_time\" content=\"2024-08-05T09:44:16+00:00\" \/>\n<meta property=\"og:image\" content=\"https:\/\/www.eldiario.net\/portal\/wp-content\/uploads\/2023\/06\/Severo-Cruz-1.jpg\" \/>\n\t<meta property=\"og:image:width\" content=\"1200\" \/>\n\t<meta property=\"og:image:height\" content=\"628\" \/>\n\t<meta property=\"og:image:type\" content=\"image\/jpeg\" \/>\n<meta name=\"author\" content=\"Jeanette\" \/>\n<meta name=\"twitter:card\" content=\"summary_large_image\" \/>\n<meta name=\"twitter:creator\" content=\"@eldiario_net\" \/>\n<meta name=\"twitter:site\" content=\"@eldiario_net\" \/>\n<meta name=\"twitter:label1\" content=\"Escrito por\" \/>\n\t<meta name=\"twitter:data1\" content=\"Jeanette\" \/>\n\t<meta name=\"twitter:label2\" content=\"Tiempo de lectura\" \/>\n\t<meta name=\"twitter:data2\" content=\"3 minutos\" \/>\n<script type=\"application\/ld+json\" class=\"yoast-schema-graph\">{\"@context\":\"https:\\\/\\\/schema.org\",\"@graph\":[{\"@type\":\"Article\",\"@id\":\"https:\\\/\\\/www.eldiario.net\\\/portal\\\/2024\\\/08\\\/05\\\/los-politicos-y-la-frustracion\\\/#article\",\"isPartOf\":{\"@id\":\"https:\\\/\\\/www.eldiario.net\\\/portal\\\/2024\\\/08\\\/05\\\/los-politicos-y-la-frustracion\\\/\"},\"author\":{\"name\":\"Jeanette\",\"@id\":\"https:\\\/\\\/www.eldiario.net\\\/portal\\\/#\\\/schema\\\/person\\\/2c57cf2b7a7ae032e449e4c9b1019eac\"},\"headline\":\"Los pol\u00edticos y la frustraci\u00f3n\",\"datePublished\":\"2024-08-05T09:44:06+00:00\",\"dateModified\":\"2024-08-05T09:44:16+00:00\",\"mainEntityOfPage\":{\"@id\":\"https:\\\/\\\/www.eldiario.net\\\/portal\\\/2024\\\/08\\\/05\\\/los-politicos-y-la-frustracion\\\/\"},\"wordCount\":504,\"commentCount\":0,\"publisher\":{\"@id\":\"https:\\\/\\\/www.eldiario.net\\\/portal\\\/#organization\"},\"image\":{\"@id\":\"https:\\\/\\\/www.eldiario.net\\\/portal\\\/2024\\\/08\\\/05\\\/los-politicos-y-la-frustracion\\\/#primaryimage\"},\"thumbnailUrl\":\"https:\\\/\\\/www.eldiario.net\\\/portal\\\/wp-content\\\/uploads\\\/2023\\\/06\\\/Severo-Cruz-1.jpg\",\"articleSection\":[\"Opini\u00f3n\"],\"inLanguage\":\"es\",\"potentialAction\":[{\"@type\":\"CommentAction\",\"name\":\"Comment\",\"target\":[\"https:\\\/\\\/www.eldiario.net\\\/portal\\\/2024\\\/08\\\/05\\\/los-politicos-y-la-frustracion\\\/#respond\"]}]},{\"@type\":\"WebPage\",\"@id\":\"https:\\\/\\\/www.eldiario.net\\\/portal\\\/2024\\\/08\\\/05\\\/los-politicos-y-la-frustracion\\\/\",\"url\":\"https:\\\/\\\/www.eldiario.net\\\/portal\\\/2024\\\/08\\\/05\\\/los-politicos-y-la-frustracion\\\/\",\"name\":\"Los pol\u00edticos y la frustraci\u00f3n - El Diario - Bolivia\",\"isPartOf\":{\"@id\":\"https:\\\/\\\/www.eldiario.net\\\/portal\\\/#website\"},\"primaryImageOfPage\":{\"@id\":\"https:\\\/\\\/www.eldiario.net\\\/portal\\\/2024\\\/08\\\/05\\\/los-politicos-y-la-frustracion\\\/#primaryimage\"},\"image\":{\"@id\":\"https:\\\/\\\/www.eldiario.net\\\/portal\\\/2024\\\/08\\\/05\\\/los-politicos-y-la-frustracion\\\/#primaryimage\"},\"thumbnailUrl\":\"https:\\\/\\\/www.eldiario.net\\\/portal\\\/wp-content\\\/uploads\\\/2023\\\/06\\\/Severo-Cruz-1.jpg\",\"datePublished\":\"2024-08-05T09:44:06+00:00\",\"dateModified\":\"2024-08-05T09:44:16+00:00\",\"breadcrumb\":{\"@id\":\"https:\\\/\\\/www.eldiario.net\\\/portal\\\/2024\\\/08\\\/05\\\/los-politicos-y-la-frustracion\\\/#breadcrumb\"},\"inLanguage\":\"es\",\"potentialAction\":[{\"@type\":\"ReadAction\",\"target\":[\"https:\\\/\\\/www.eldiario.net\\\/portal\\\/2024\\\/08\\\/05\\\/los-politicos-y-la-frustracion\\\/\"]}]},{\"@type\":\"ImageObject\",\"inLanguage\":\"es\",\"@id\":\"https:\\\/\\\/www.eldiario.net\\\/portal\\\/2024\\\/08\\\/05\\\/los-politicos-y-la-frustracion\\\/#primaryimage\",\"url\":\"https:\\\/\\\/www.eldiario.net\\\/portal\\\/wp-content\\\/uploads\\\/2023\\\/06\\\/Severo-Cruz-1.jpg\",\"contentUrl\":\"https:\\\/\\\/www.eldiario.net\\\/portal\\\/wp-content\\\/uploads\\\/2023\\\/06\\\/Severo-Cruz-1.jpg\",\"width\":1200,\"height\":628,\"caption\":\"Severo Cruz Selaez\"},{\"@type\":\"BreadcrumbList\",\"@id\":\"https:\\\/\\\/www.eldiario.net\\\/portal\\\/2024\\\/08\\\/05\\\/los-politicos-y-la-frustracion\\\/#breadcrumb\",\"itemListElement\":[{\"@type\":\"ListItem\",\"position\":1,\"name\":\"Portada\",\"item\":\"https:\\\/\\\/www.eldiario.net\\\/portal\\\/\"},{\"@type\":\"ListItem\",\"position\":2,\"name\":\"Los pol\u00edticos y la frustraci\u00f3n\"}]},{\"@type\":\"WebSite\",\"@id\":\"https:\\\/\\\/www.eldiario.net\\\/portal\\\/#website\",\"url\":\"https:\\\/\\\/www.eldiario.net\\\/portal\\\/\",\"name\":\"El Diario - Decano de la prensa nacional\",\"description\":\"El Diario - Decano de la prensa nacional\",\"publisher\":{\"@id\":\"https:\\\/\\\/www.eldiario.net\\\/portal\\\/#organization\"},\"potentialAction\":[{\"@type\":\"SearchAction\",\"target\":{\"@type\":\"EntryPoint\",\"urlTemplate\":\"https:\\\/\\\/www.eldiario.net\\\/portal\\\/?s={search_term_string}\"},\"query-input\":{\"@type\":\"PropertyValueSpecification\",\"valueRequired\":true,\"valueName\":\"search_term_string\"}}],\"inLanguage\":\"es\"},{\"@type\":\"Organization\",\"@id\":\"https:\\\/\\\/www.eldiario.net\\\/portal\\\/#organization\",\"name\":\"El Diario - Decano de la prensa nacional\",\"url\":\"https:\\\/\\\/www.eldiario.net\\\/portal\\\/\",\"logo\":{\"@type\":\"ImageObject\",\"inLanguage\":\"es\",\"@id\":\"https:\\\/\\\/www.eldiario.net\\\/portal\\\/#\\\/schema\\\/logo\\\/image\\\/\",\"url\":\"https:\\\/\\\/www.eldiario.net\\\/portal\\\/wp-content\\\/uploads\\\/2023\\\/07\\\/logo_ED.jpg\",\"contentUrl\":\"https:\\\/\\\/www.eldiario.net\\\/portal\\\/wp-content\\\/uploads\\\/2023\\\/07\\\/logo_ED.jpg\",\"width\":272,\"height\":52,\"caption\":\"El Diario - Decano de la prensa nacional\"},\"image\":{\"@id\":\"https:\\\/\\\/www.eldiario.net\\\/portal\\\/#\\\/schema\\\/logo\\\/image\\\/\"},\"sameAs\":[\"https:\\\/\\\/www.facebook.com\\\/eldiario.bolivia\\\/\",\"https:\\\/\\\/x.com\\\/eldiario_net\"]},{\"@type\":\"Person\",\"@id\":\"https:\\\/\\\/www.eldiario.net\\\/portal\\\/#\\\/schema\\\/person\\\/2c57cf2b7a7ae032e449e4c9b1019eac\",\"name\":\"Jeanette\",\"image\":{\"@type\":\"ImageObject\",\"inLanguage\":\"es\",\"@id\":\"https:\\\/\\\/secure.gravatar.com\\\/avatar\\\/3ea2118a5f7dad2b7138b1187a6b7ee55f160b9968b66013c3a3ef39dd7e5798?s=96&d=mm&r=g\",\"url\":\"https:\\\/\\\/secure.gravatar.com\\\/avatar\\\/3ea2118a5f7dad2b7138b1187a6b7ee55f160b9968b66013c3a3ef39dd7e5798?s=96&d=mm&r=g\",\"contentUrl\":\"https:\\\/\\\/secure.gravatar.com\\\/avatar\\\/3ea2118a5f7dad2b7138b1187a6b7ee55f160b9968b66013c3a3ef39dd7e5798?s=96&d=mm&r=g\",\"caption\":\"Jeanette\"},\"sameAs\":[\"https:\\\/\\\/www.eldiario.net\\\/portal\"],\"url\":\"https:\\\/\\\/www.eldiario.net\\\/portal\\\/author\\\/jeanette\\\/\"}]}<\/script>\n<!-- \/ Yoast SEO plugin. -->","yoast_head_json":{"title":"Los pol\u00edticos y la frustraci\u00f3n - El Diario - Bolivia","robots":{"index":"index","follow":"follow","max-snippet":"max-snippet:-1","max-image-preview":"max-image-preview:large","max-video-preview":"max-video-preview:-1"},"canonical":"https:\/\/www.eldiario.net\/portal\/2024\/08\/05\/los-politicos-y-la-frustracion\/","og_locale":"es_ES","og_type":"article","og_title":"Los pol\u00edticos y la frustraci\u00f3n - El Diario - Bolivia","og_description":"Los pol\u00edticos han perdido credibilidad. Ya no representan la esperanza, sino la frustraci\u00f3n. Nos han legado, en este contexto, el desastre nacional, que se traduce en la crisis econ\u00f3mica, que significa un retroceso hacia la incertidumbre. En consecuencia, hay gente que busca d\u00f3lares, ante la escasez de esta moneda, para solventar sus actividades. Tambi\u00e9n para [&hellip;]","og_url":"https:\/\/www.eldiario.net\/portal\/2024\/08\/05\/los-politicos-y-la-frustracion\/","og_site_name":"El Diario - Bolivia","article_publisher":"https:\/\/www.facebook.com\/eldiario.bolivia\/","article_published_time":"2024-08-05T09:44:06+00:00","article_modified_time":"2024-08-05T09:44:16+00:00","og_image":[{"width":1200,"height":628,"url":"https:\/\/www.eldiario.net\/portal\/wp-content\/uploads\/2023\/06\/Severo-Cruz-1.jpg","type":"image\/jpeg"}],"author":"Jeanette","twitter_card":"summary_large_image","twitter_creator":"@eldiario_net","twitter_site":"@eldiario_net","twitter_misc":{"Escrito por":"Jeanette","Tiempo de lectura":"3 minutos"},"schema":{"@context":"https:\/\/schema.org","@graph":[{"@type":"Article","@id":"https:\/\/www.eldiario.net\/portal\/2024\/08\/05\/los-politicos-y-la-frustracion\/#article","isPartOf":{"@id":"https:\/\/www.eldiario.net\/portal\/2024\/08\/05\/los-politicos-y-la-frustracion\/"},"author":{"name":"Jeanette","@id":"https:\/\/www.eldiario.net\/portal\/#\/schema\/person\/2c57cf2b7a7ae032e449e4c9b1019eac"},"headline":"Los pol\u00edticos y la frustraci\u00f3n","datePublished":"2024-08-05T09:44:06+00:00","dateModified":"2024-08-05T09:44:16+00:00","mainEntityOfPage":{"@id":"https:\/\/www.eldiario.net\/portal\/2024\/08\/05\/los-politicos-y-la-frustracion\/"},"wordCount":504,"commentCount":0,"publisher":{"@id":"https:\/\/www.eldiario.net\/portal\/#organization"},"image":{"@id":"https:\/\/www.eldiario.net\/portal\/2024\/08\/05\/los-politicos-y-la-frustracion\/#primaryimage"},"thumbnailUrl":"https:\/\/www.eldiario.net\/portal\/wp-content\/uploads\/2023\/06\/Severo-Cruz-1.jpg","articleSection":["Opini\u00f3n"],"inLanguage":"es","potentialAction":[{"@type":"CommentAction","name":"Comment","target":["https:\/\/www.eldiario.net\/portal\/2024\/08\/05\/los-politicos-y-la-frustracion\/#respond"]}]},{"@type":"WebPage","@id":"https:\/\/www.eldiario.net\/portal\/2024\/08\/05\/los-politicos-y-la-frustracion\/","url":"https:\/\/www.eldiario.net\/portal\/2024\/08\/05\/los-politicos-y-la-frustracion\/","name":"Los pol\u00edticos y la frustraci\u00f3n - El Diario - Bolivia","isPartOf":{"@id":"https:\/\/www.eldiario.net\/portal\/#website"},"primaryImageOfPage":{"@id":"https:\/\/www.eldiario.net\/portal\/2024\/08\/05\/los-politicos-y-la-frustracion\/#primaryimage"},"image":{"@id":"https:\/\/www.eldiario.net\/portal\/2024\/08\/05\/los-politicos-y-la-frustracion\/#primaryimage"},"thumbnailUrl":"https:\/\/www.eldiario.net\/portal\/wp-content\/uploads\/2023\/06\/Severo-Cruz-1.jpg","datePublished":"2024-08-05T09:44:06+00:00","dateModified":"2024-08-05T09:44:16+00:00","breadcrumb":{"@id":"https:\/\/www.eldiario.net\/portal\/2024\/08\/05\/los-politicos-y-la-frustracion\/#breadcrumb"},"inLanguage":"es","potentialAction":[{"@type":"ReadAction","target":["https:\/\/www.eldiario.net\/portal\/2024\/08\/05\/los-politicos-y-la-frustracion\/"]}]},{"@type":"ImageObject","inLanguage":"es","@id":"https:\/\/www.eldiario.net\/portal\/2024\/08\/05\/los-politicos-y-la-frustracion\/#primaryimage","url":"https:\/\/www.eldiario.net\/portal\/wp-content\/uploads\/2023\/06\/Severo-Cruz-1.jpg","contentUrl":"https:\/\/www.eldiario.net\/portal\/wp-content\/uploads\/2023\/06\/Severo-Cruz-1.jpg","width":1200,"height":628,"caption":"Severo Cruz Selaez"},{"@type":"BreadcrumbList","@id":"https:\/\/www.eldiario.net\/portal\/2024\/08\/05\/los-politicos-y-la-frustracion\/#breadcrumb","itemListElement":[{"@type":"ListItem","position":1,"name":"Portada","item":"https:\/\/www.eldiario.net\/portal\/"},{"@type":"ListItem","position":2,"name":"Los pol\u00edticos y la frustraci\u00f3n"}]},{"@type":"WebSite","@id":"https:\/\/www.eldiario.net\/portal\/#website","url":"https:\/\/www.eldiario.net\/portal\/","name":"El Diario - Decano de la prensa nacional","description":"El Diario - Decano de la prensa nacional","publisher":{"@id":"https:\/\/www.eldiario.net\/portal\/#organization"},"potentialAction":[{"@type":"SearchAction","target":{"@type":"EntryPoint","urlTemplate":"https:\/\/www.eldiario.net\/portal\/?s={search_term_string}"},"query-input":{"@type":"PropertyValueSpecification","valueRequired":true,"valueName":"search_term_string"}}],"inLanguage":"es"},{"@type":"Organization","@id":"https:\/\/www.eldiario.net\/portal\/#organization","name":"El Diario - Decano de la prensa nacional","url":"https:\/\/www.eldiario.net\/portal\/","logo":{"@type":"ImageObject","inLanguage":"es","@id":"https:\/\/www.eldiario.net\/portal\/#\/schema\/logo\/image\/","url":"https:\/\/www.eldiario.net\/portal\/wp-content\/uploads\/2023\/07\/logo_ED.jpg","contentUrl":"https:\/\/www.eldiario.net\/portal\/wp-content\/uploads\/2023\/07\/logo_ED.jpg","width":272,"height":52,"caption":"El Diario - Decano de la prensa nacional"},"image":{"@id":"https:\/\/www.eldiario.net\/portal\/#\/schema\/logo\/image\/"},"sameAs":["https:\/\/www.facebook.com\/eldiario.bolivia\/","https:\/\/x.com\/eldiario_net"]},{"@type":"Person","@id":"https:\/\/www.eldiario.net\/portal\/#\/schema\/person\/2c57cf2b7a7ae032e449e4c9b1019eac","name":"Jeanette","image":{"@type":"ImageObject","inLanguage":"es","@id":"https:\/\/secure.gravatar.com\/avatar\/3ea2118a5f7dad2b7138b1187a6b7ee55f160b9968b66013c3a3ef39dd7e5798?s=96&d=mm&r=g","url":"https:\/\/secure.gravatar.com\/avatar\/3ea2118a5f7dad2b7138b1187a6b7ee55f160b9968b66013c3a3ef39dd7e5798?s=96&d=mm&r=g","contentUrl":"https:\/\/secure.gravatar.com\/avatar\/3ea2118a5f7dad2b7138b1187a6b7ee55f160b9968b66013c3a3ef39dd7e5798?s=96&d=mm&r=g","caption":"Jeanette"},"sameAs":["https:\/\/www.eldiario.net\/portal"],"url":"https:\/\/www.eldiario.net\/portal\/author\/jeanette\/"}]}},"_links":{"self":[{"href":"https:\/\/www.eldiario.net\/portal\/wp-json\/wp\/v2\/posts\/238688","targetHints":{"allow":["GET"]}}],"collection":[{"href":"https:\/\/www.eldiario.net\/portal\/wp-json\/wp\/v2\/posts"}],"about":[{"href":"https:\/\/www.eldiario.net\/portal\/wp-json\/wp\/v2\/types\/post"}],"author":[{"embeddable":true,"href":"https:\/\/www.eldiario.net\/portal\/wp-json\/wp\/v2\/users\/1"}],"replies":[{"embeddable":true,"href":"https:\/\/www.eldiario.net\/portal\/wp-json\/wp\/v2\/comments?post=238688"}],"version-history":[{"count":1,"href":"https:\/\/www.eldiario.net\/portal\/wp-json\/wp\/v2\/posts\/238688\/revisions"}],"predecessor-version":[{"id":238689,"href":"https:\/\/www.eldiario.net\/portal\/wp-json\/wp\/v2\/posts\/238688\/revisions\/238689"}],"wp:featuredmedia":[{"embeddable":true,"href":"https:\/\/www.eldiario.net\/portal\/wp-json\/wp\/v2\/media\/158618"}],"wp:attachment":[{"href":"https:\/\/www.eldiario.net\/portal\/wp-json\/wp\/v2\/media?parent=238688"}],"wp:term":[{"taxonomy":"category","embeddable":true,"href":"https:\/\/www.eldiario.net\/portal\/wp-json\/wp\/v2\/categories?post=238688"},{"taxonomy":"post_tag","embeddable":true,"href":"https:\/\/www.eldiario.net\/portal\/wp-json\/wp\/v2\/tags?post=238688"}],"curies":[{"name":"wp","href":"https:\/\/api.w.org\/{rel}","templated":true}]}}