{"id":23868,"date":"2021-08-17T05:41:19","date_gmt":"2021-08-17T09:41:19","guid":{"rendered":"https:\/\/www.eldiario.net\/portal\/?p=23868"},"modified":"2021-08-17T05:41:19","modified_gmt":"2021-08-17T09:41:19","slug":"talibanes-afirman-que-kabul-esta-bajo-control","status":"publish","type":"post","link":"https:\/\/www.eldiario.net\/portal\/2021\/08\/17\/talibanes-afirman-que-kabul-esta-bajo-control\/","title":{"rendered":"Talibanes afirman que  Kabul \u00abest\u00e1 bajo control\u00bb"},"content":{"rendered":"<p>Kabul.- El portavoz de los talibanes, Zabihul\u00e1 Muyahid, asegur\u00f3 ayer que la capital de Afganist\u00e1n, Kabul, \u00abest\u00e1 bajo control\u00bb, tras la conquista el domingo de la ciudad.<\/p>\n<p>A trav\u00e9s de un mensaje publicado en su cuenta de la red social Twitter, el portavoz de los insurgentes tambi\u00e9n ha anunciado la detenci\u00f3n de personas \u00abinvolucradas\u00bb en actividades violentas registradas en Kabul.<\/p>\n<p>\u00abNo se permite a nadie entrar en las casas de los antiguos funcionarios, pedirles sus coches y amenazarles\u00bb, agreg\u00f3, antes de advertir que este tipo de comportamientos se evaluar\u00e1n \u00abseriamente\u00bb.<\/p>\n<p>Los insurgentes lograron hacerse con el pa\u00eds en menos de dos semanas y, en su asalto final a Kabul, se esforzaron por lanzar mensajes en contra de la violencia. As\u00ed, cuando ya confirmaron oficialmente la entrada en la capital afgana dijeron que lo hac\u00edan para garantizar la seguridad y evitar un vac\u00edo de poder.<\/p>\n<p>El grupo tambi\u00e9n ha ofrecido en estos \u00faltimos d\u00edas te\u00f3ricas garant\u00edas de seguridad para quienes podr\u00edan ser sus v\u00edctimas, planteando una amnist\u00eda para las personas que hubiesen podido ayudar al Ejecutivo de Ashraf Ghani o a los pa\u00edses con tropas desplegadas en Afganist\u00e1n. Asimismo, ha asegurado que no atacar\u00e1 objetivos diplom\u00e1ticos, en plena desbandada de delegaciones oficiales.<\/p>\n<p>Por otro lado, el l\u00edder de la delegaci\u00f3n afgana del Comit\u00e9 Internacional de la Cruz Roja (CICR), Eloi Fillion, se\u00f1al\u00f3 que \u00abactualmente\u00bb no se registran enfrentamientos en Kabul y que, en caso de haberlos, el sufrimiento de la poblaci\u00f3n civil ser\u00eda \u00abenorme\u00bb.<\/p>\n<p>No obstante, remarc\u00f3 las necesidades humanitarias derivadas de los enfrentamientos en ciudades como Kandahar o Herat. \u00abMiles de personas han resultado heridas y casas, hospitales e infraestructura han resultado da\u00f1ados o destruidos\u00bb, agreg\u00f3, antes de mostrar el \u00abcompromiso\u00bb del CICR para prestar apoyo en este sentido.<\/p>\n<p>En este sentido, garantiz\u00f3 que el CICR no reducir\u00e1 su presencia en Afganist\u00e1n y ha subrayado que trabaja en el pa\u00eds desde hace 30 a\u00f1os, algo \u00abque no cambiar\u00e1 ahora\u00bb. (Europa Press)<\/p>\n","protected":false},"excerpt":{"rendered":"<p>Kabul.- El portavoz de los talibanes, Zabihul\u00e1 Muyahid, asegur\u00f3 ayer que la capital de Afganist\u00e1n, Kabul, \u00abest\u00e1 bajo control\u00bb, tras la conquista el domingo de la ciudad. A trav\u00e9s de un mensaje publicado en su cuenta de la red social Twitter, el portavoz de los insurgentes tambi\u00e9n ha anunciado la detenci\u00f3n de personas \u00abinvolucradas\u00bb en [&hellip;]<\/p>\n","protected":false},"author":1,"featured_media":23869,"comment_status":"closed","ping_status":"closed","sticky":false,"template":"","format":"standard","meta":{"_acf_changed":false,"footnotes":""},"categories":[3],"tags":[],"class_list":["post-23868","post","type-post","status-publish","format-standard","has-post-thumbnail","category-internacional"],"acf":{"antetitulo":""},"yoast_head":"<!-- This site is optimized with the Yoast SEO plugin v28.4 - https:\/\/yoast.com\/product\/yoast-seo-wordpress\/ -->\n<title>Talibanes afirman que Kabul &quot;est\u00e1 bajo control&quot; - El Diario - Bolivia<\/title>\n<meta name=\"robots\" content=\"index, follow, max-snippet:-1, max-image-preview:large, max-video-preview:-1\" \/>\n<link rel=\"canonical\" href=\"https:\/\/www.eldiario.net\/portal\/2021\/08\/17\/talibanes-afirman-que-kabul-esta-bajo-control\/\" \/>\n<meta property=\"og:locale\" content=\"es_ES\" \/>\n<meta property=\"og:type\" content=\"article\" \/>\n<meta property=\"og:title\" content=\"Talibanes afirman que Kabul &quot;est\u00e1 bajo control&quot; - El Diario - Bolivia\" \/>\n<meta property=\"og:description\" content=\"Kabul.- El portavoz de los talibanes, Zabihul\u00e1 Muyahid, asegur\u00f3 ayer que la capital de Afganist\u00e1n, Kabul, \u00abest\u00e1 bajo control\u00bb, tras la conquista el domingo de la ciudad. A trav\u00e9s de un mensaje publicado en su cuenta de la red social Twitter, el portavoz de los insurgentes tambi\u00e9n ha anunciado la detenci\u00f3n de personas \u00abinvolucradas\u00bb en [&hellip;]\" \/>\n<meta property=\"og:url\" content=\"https:\/\/www.eldiario.net\/portal\/2021\/08\/17\/talibanes-afirman-que-kabul-esta-bajo-control\/\" \/>\n<meta property=\"og:site_name\" content=\"El Diario - Bolivia\" \/>\n<meta property=\"article:publisher\" content=\"https:\/\/www.facebook.com\/eldiario.bolivia\/\" \/>\n<meta property=\"article:published_time\" content=\"2021-08-17T09:41:19+00:00\" \/>\n<meta property=\"og:image\" content=\"https:\/\/www.eldiario.net\/portal\/wp-content\/uploads\/2021\/08\/INTE-Talibanes-afirman-que.jpg\" \/>\n\t<meta property=\"og:image:width\" content=\"1200\" \/>\n\t<meta property=\"og:image:height\" content=\"786\" \/>\n\t<meta property=\"og:image:type\" content=\"image\/jpeg\" \/>\n<meta name=\"author\" content=\"Jeanette\" \/>\n<meta name=\"twitter:card\" content=\"summary_large_image\" \/>\n<meta name=\"twitter:creator\" content=\"@eldiario_net\" \/>\n<meta name=\"twitter:site\" content=\"@eldiario_net\" \/>\n<meta name=\"twitter:label1\" content=\"Escrito por\" \/>\n\t<meta name=\"twitter:data1\" content=\"Jeanette\" \/>\n\t<meta name=\"twitter:label2\" content=\"Tiempo de lectura\" \/>\n\t<meta name=\"twitter:data2\" content=\"2 minutos\" \/>\n<script type=\"application\/ld+json\" class=\"yoast-schema-graph\">{\"@context\":\"https:\\\/\\\/schema.org\",\"@graph\":[{\"@type\":\"Article\",\"@id\":\"https:\\\/\\\/www.eldiario.net\\\/portal\\\/2021\\\/08\\\/17\\\/talibanes-afirman-que-kabul-esta-bajo-control\\\/#article\",\"isPartOf\":{\"@id\":\"https:\\\/\\\/www.eldiario.net\\\/portal\\\/2021\\\/08\\\/17\\\/talibanes-afirman-que-kabul-esta-bajo-control\\\/\"},\"author\":{\"name\":\"Jeanette\",\"@id\":\"https:\\\/\\\/www.eldiario.net\\\/portal\\\/#\\\/schema\\\/person\\\/f46445640444750d7d753ccd04ae01b7\"},\"headline\":\"Talibanes afirman que Kabul \u00abest\u00e1 bajo control\u00bb\",\"datePublished\":\"2021-08-17T09:41:19+00:00\",\"mainEntityOfPage\":{\"@id\":\"https:\\\/\\\/www.eldiario.net\\\/portal\\\/2021\\\/08\\\/17\\\/talibanes-afirman-que-kabul-esta-bajo-control\\\/\"},\"wordCount\":355,\"publisher\":{\"@id\":\"https:\\\/\\\/www.eldiario.net\\\/portal\\\/#organization\"},\"image\":{\"@id\":\"https:\\\/\\\/www.eldiario.net\\\/portal\\\/2021\\\/08\\\/17\\\/talibanes-afirman-que-kabul-esta-bajo-control\\\/#primaryimage\"},\"thumbnailUrl\":\"https:\\\/\\\/www.eldiario.net\\\/portal\\\/wp-content\\\/uploads\\\/2021\\\/08\\\/INTE-Talibanes-afirman-que.jpg\",\"articleSection\":[\"Internacional\"],\"inLanguage\":\"es\"},{\"@type\":\"WebPage\",\"@id\":\"https:\\\/\\\/www.eldiario.net\\\/portal\\\/2021\\\/08\\\/17\\\/talibanes-afirman-que-kabul-esta-bajo-control\\\/\",\"url\":\"https:\\\/\\\/www.eldiario.net\\\/portal\\\/2021\\\/08\\\/17\\\/talibanes-afirman-que-kabul-esta-bajo-control\\\/\",\"name\":\"Talibanes afirman que Kabul \\\"est\u00e1 bajo control\\\" - El Diario - Bolivia\",\"isPartOf\":{\"@id\":\"https:\\\/\\\/www.eldiario.net\\\/portal\\\/#website\"},\"primaryImageOfPage\":{\"@id\":\"https:\\\/\\\/www.eldiario.net\\\/portal\\\/2021\\\/08\\\/17\\\/talibanes-afirman-que-kabul-esta-bajo-control\\\/#primaryimage\"},\"image\":{\"@id\":\"https:\\\/\\\/www.eldiario.net\\\/portal\\\/2021\\\/08\\\/17\\\/talibanes-afirman-que-kabul-esta-bajo-control\\\/#primaryimage\"},\"thumbnailUrl\":\"https:\\\/\\\/www.eldiario.net\\\/portal\\\/wp-content\\\/uploads\\\/2021\\\/08\\\/INTE-Talibanes-afirman-que.jpg\",\"datePublished\":\"2021-08-17T09:41:19+00:00\",\"breadcrumb\":{\"@id\":\"https:\\\/\\\/www.eldiario.net\\\/portal\\\/2021\\\/08\\\/17\\\/talibanes-afirman-que-kabul-esta-bajo-control\\\/#breadcrumb\"},\"inLanguage\":\"es\",\"potentialAction\":[{\"@type\":\"ReadAction\",\"target\":[\"https:\\\/\\\/www.eldiario.net\\\/portal\\\/2021\\\/08\\\/17\\\/talibanes-afirman-que-kabul-esta-bajo-control\\\/\"]}]},{\"@type\":\"ImageObject\",\"inLanguage\":\"es\",\"@id\":\"https:\\\/\\\/www.eldiario.net\\\/portal\\\/2021\\\/08\\\/17\\\/talibanes-afirman-que-kabul-esta-bajo-control\\\/#primaryimage\",\"url\":\"https:\\\/\\\/www.eldiario.net\\\/portal\\\/wp-content\\\/uploads\\\/2021\\\/08\\\/INTE-Talibanes-afirman-que.jpg\",\"contentUrl\":\"https:\\\/\\\/www.eldiario.net\\\/portal\\\/wp-content\\\/uploads\\\/2021\\\/08\\\/INTE-Talibanes-afirman-que.jpg\",\"width\":1200,\"height\":786,\"caption\":\"FOTO DE ARCHIVO QUE MUESTRA A VEH\u00cdCULOS MILITARES EN KABUL. EUROPA PRESS\"},{\"@type\":\"BreadcrumbList\",\"@id\":\"https:\\\/\\\/www.eldiario.net\\\/portal\\\/2021\\\/08\\\/17\\\/talibanes-afirman-que-kabul-esta-bajo-control\\\/#breadcrumb\",\"itemListElement\":[{\"@type\":\"ListItem\",\"position\":1,\"name\":\"Portada\",\"item\":\"https:\\\/\\\/www.eldiario.net\\\/portal\\\/\"},{\"@type\":\"ListItem\",\"position\":2,\"name\":\"Talibanes afirman que Kabul \u00abest\u00e1 bajo control\u00bb\"}]},{\"@type\":\"WebSite\",\"@id\":\"https:\\\/\\\/www.eldiario.net\\\/portal\\\/#website\",\"url\":\"https:\\\/\\\/www.eldiario.net\\\/portal\\\/\",\"name\":\"El Diario - Decano de la prensa nacional\",\"description\":\"El Diario - Decano de la prensa nacional\",\"publisher\":{\"@id\":\"https:\\\/\\\/www.eldiario.net\\\/portal\\\/#organization\"},\"potentialAction\":[{\"@type\":\"SearchAction\",\"target\":{\"@type\":\"EntryPoint\",\"urlTemplate\":\"https:\\\/\\\/www.eldiario.net\\\/portal\\\/?s={search_term_string}\"},\"query-input\":{\"@type\":\"PropertyValueSpecification\",\"valueRequired\":true,\"valueName\":\"search_term_string\"}}],\"inLanguage\":\"es\"},{\"@type\":\"Organization\",\"@id\":\"https:\\\/\\\/www.eldiario.net\\\/portal\\\/#organization\",\"name\":\"El Diario - Decano de la prensa nacional\",\"url\":\"https:\\\/\\\/www.eldiario.net\\\/portal\\\/\",\"logo\":{\"@type\":\"ImageObject\",\"inLanguage\":\"es\",\"@id\":\"https:\\\/\\\/www.eldiario.net\\\/portal\\\/#\\\/schema\\\/logo\\\/image\\\/\",\"url\":\"https:\\\/\\\/www.eldiario.net\\\/portal\\\/wp-content\\\/uploads\\\/2023\\\/07\\\/logo_ED.jpg\",\"contentUrl\":\"https:\\\/\\\/www.eldiario.net\\\/portal\\\/wp-content\\\/uploads\\\/2023\\\/07\\\/logo_ED.jpg\",\"width\":272,\"height\":52,\"caption\":\"El Diario - Decano de la prensa nacional\"},\"image\":{\"@id\":\"https:\\\/\\\/www.eldiario.net\\\/portal\\\/#\\\/schema\\\/logo\\\/image\\\/\"},\"sameAs\":[\"https:\\\/\\\/www.facebook.com\\\/eldiario.bolivia\\\/\",\"https:\\\/\\\/x.com\\\/eldiario_net\"]},{\"@type\":\"Person\",\"@id\":\"https:\\\/\\\/www.eldiario.net\\\/portal\\\/#\\\/schema\\\/person\\\/f46445640444750d7d753ccd04ae01b7\",\"name\":\"Jeanette\",\"image\":{\"@type\":\"ImageObject\",\"inLanguage\":\"es\",\"@id\":\"https:\\\/\\\/secure.gravatar.com\\\/avatar\\\/3ea2118a5f7dad2b7138b1187a6b7ee55f160b9968b66013c3a3ef39dd7e5798?s=96&d=mm&r=g\",\"url\":\"https:\\\/\\\/secure.gravatar.com\\\/avatar\\\/3ea2118a5f7dad2b7138b1187a6b7ee55f160b9968b66013c3a3ef39dd7e5798?s=96&d=mm&r=g\",\"contentUrl\":\"https:\\\/\\\/secure.gravatar.com\\\/avatar\\\/3ea2118a5f7dad2b7138b1187a6b7ee55f160b9968b66013c3a3ef39dd7e5798?s=96&d=mm&r=g\",\"caption\":\"Jeanette\"},\"sameAs\":[\"https:\\\/\\\/www.eldiario.net\\\/portal\"],\"url\":\"https:\\\/\\\/www.eldiario.net\\\/portal\\\/author\\\/jeanette\\\/\"}]}<\/script>\n<!-- \/ Yoast SEO plugin. -->","yoast_head_json":{"title":"Talibanes afirman que Kabul \"est\u00e1 bajo control\" - El Diario - Bolivia","robots":{"index":"index","follow":"follow","max-snippet":"max-snippet:-1","max-image-preview":"max-image-preview:large","max-video-preview":"max-video-preview:-1"},"canonical":"https:\/\/www.eldiario.net\/portal\/2021\/08\/17\/talibanes-afirman-que-kabul-esta-bajo-control\/","og_locale":"es_ES","og_type":"article","og_title":"Talibanes afirman que Kabul \"est\u00e1 bajo control\" - El Diario - Bolivia","og_description":"Kabul.- El portavoz de los talibanes, Zabihul\u00e1 Muyahid, asegur\u00f3 ayer que la capital de Afganist\u00e1n, Kabul, \u00abest\u00e1 bajo control\u00bb, tras la conquista el domingo de la ciudad. A trav\u00e9s de un mensaje publicado en su cuenta de la red social Twitter, el portavoz de los insurgentes tambi\u00e9n ha anunciado la detenci\u00f3n de personas \u00abinvolucradas\u00bb en [&hellip;]","og_url":"https:\/\/www.eldiario.net\/portal\/2021\/08\/17\/talibanes-afirman-que-kabul-esta-bajo-control\/","og_site_name":"El Diario - Bolivia","article_publisher":"https:\/\/www.facebook.com\/eldiario.bolivia\/","article_published_time":"2021-08-17T09:41:19+00:00","og_image":[{"width":1200,"height":786,"url":"https:\/\/www.eldiario.net\/portal\/wp-content\/uploads\/2021\/08\/INTE-Talibanes-afirman-que.jpg","type":"image\/jpeg"}],"author":"Jeanette","twitter_card":"summary_large_image","twitter_creator":"@eldiario_net","twitter_site":"@eldiario_net","twitter_misc":{"Escrito por":"Jeanette","Tiempo de lectura":"2 minutos"},"schema":{"@context":"https:\/\/schema.org","@graph":[{"@type":"Article","@id":"https:\/\/www.eldiario.net\/portal\/2021\/08\/17\/talibanes-afirman-que-kabul-esta-bajo-control\/#article","isPartOf":{"@id":"https:\/\/www.eldiario.net\/portal\/2021\/08\/17\/talibanes-afirman-que-kabul-esta-bajo-control\/"},"author":{"name":"Jeanette","@id":"https:\/\/www.eldiario.net\/portal\/#\/schema\/person\/f46445640444750d7d753ccd04ae01b7"},"headline":"Talibanes afirman que Kabul \u00abest\u00e1 bajo control\u00bb","datePublished":"2021-08-17T09:41:19+00:00","mainEntityOfPage":{"@id":"https:\/\/www.eldiario.net\/portal\/2021\/08\/17\/talibanes-afirman-que-kabul-esta-bajo-control\/"},"wordCount":355,"publisher":{"@id":"https:\/\/www.eldiario.net\/portal\/#organization"},"image":{"@id":"https:\/\/www.eldiario.net\/portal\/2021\/08\/17\/talibanes-afirman-que-kabul-esta-bajo-control\/#primaryimage"},"thumbnailUrl":"https:\/\/www.eldiario.net\/portal\/wp-content\/uploads\/2021\/08\/INTE-Talibanes-afirman-que.jpg","articleSection":["Internacional"],"inLanguage":"es"},{"@type":"WebPage","@id":"https:\/\/www.eldiario.net\/portal\/2021\/08\/17\/talibanes-afirman-que-kabul-esta-bajo-control\/","url":"https:\/\/www.eldiario.net\/portal\/2021\/08\/17\/talibanes-afirman-que-kabul-esta-bajo-control\/","name":"Talibanes afirman que Kabul \"est\u00e1 bajo control\" - El Diario - Bolivia","isPartOf":{"@id":"https:\/\/www.eldiario.net\/portal\/#website"},"primaryImageOfPage":{"@id":"https:\/\/www.eldiario.net\/portal\/2021\/08\/17\/talibanes-afirman-que-kabul-esta-bajo-control\/#primaryimage"},"image":{"@id":"https:\/\/www.eldiario.net\/portal\/2021\/08\/17\/talibanes-afirman-que-kabul-esta-bajo-control\/#primaryimage"},"thumbnailUrl":"https:\/\/www.eldiario.net\/portal\/wp-content\/uploads\/2021\/08\/INTE-Talibanes-afirman-que.jpg","datePublished":"2021-08-17T09:41:19+00:00","breadcrumb":{"@id":"https:\/\/www.eldiario.net\/portal\/2021\/08\/17\/talibanes-afirman-que-kabul-esta-bajo-control\/#breadcrumb"},"inLanguage":"es","potentialAction":[{"@type":"ReadAction","target":["https:\/\/www.eldiario.net\/portal\/2021\/08\/17\/talibanes-afirman-que-kabul-esta-bajo-control\/"]}]},{"@type":"ImageObject","inLanguage":"es","@id":"https:\/\/www.eldiario.net\/portal\/2021\/08\/17\/talibanes-afirman-que-kabul-esta-bajo-control\/#primaryimage","url":"https:\/\/www.eldiario.net\/portal\/wp-content\/uploads\/2021\/08\/INTE-Talibanes-afirman-que.jpg","contentUrl":"https:\/\/www.eldiario.net\/portal\/wp-content\/uploads\/2021\/08\/INTE-Talibanes-afirman-que.jpg","width":1200,"height":786,"caption":"FOTO DE ARCHIVO QUE MUESTRA A VEH\u00cdCULOS MILITARES EN KABUL. EUROPA PRESS"},{"@type":"BreadcrumbList","@id":"https:\/\/www.eldiario.net\/portal\/2021\/08\/17\/talibanes-afirman-que-kabul-esta-bajo-control\/#breadcrumb","itemListElement":[{"@type":"ListItem","position":1,"name":"Portada","item":"https:\/\/www.eldiario.net\/portal\/"},{"@type":"ListItem","position":2,"name":"Talibanes afirman que Kabul \u00abest\u00e1 bajo control\u00bb"}]},{"@type":"WebSite","@id":"https:\/\/www.eldiario.net\/portal\/#website","url":"https:\/\/www.eldiario.net\/portal\/","name":"El Diario - Decano de la prensa nacional","description":"El Diario - Decano de la prensa nacional","publisher":{"@id":"https:\/\/www.eldiario.net\/portal\/#organization"},"potentialAction":[{"@type":"SearchAction","target":{"@type":"EntryPoint","urlTemplate":"https:\/\/www.eldiario.net\/portal\/?s={search_term_string}"},"query-input":{"@type":"PropertyValueSpecification","valueRequired":true,"valueName":"search_term_string"}}],"inLanguage":"es"},{"@type":"Organization","@id":"https:\/\/www.eldiario.net\/portal\/#organization","name":"El Diario - Decano de la prensa nacional","url":"https:\/\/www.eldiario.net\/portal\/","logo":{"@type":"ImageObject","inLanguage":"es","@id":"https:\/\/www.eldiario.net\/portal\/#\/schema\/logo\/image\/","url":"https:\/\/www.eldiario.net\/portal\/wp-content\/uploads\/2023\/07\/logo_ED.jpg","contentUrl":"https:\/\/www.eldiario.net\/portal\/wp-content\/uploads\/2023\/07\/logo_ED.jpg","width":272,"height":52,"caption":"El Diario - Decano de la prensa nacional"},"image":{"@id":"https:\/\/www.eldiario.net\/portal\/#\/schema\/logo\/image\/"},"sameAs":["https:\/\/www.facebook.com\/eldiario.bolivia\/","https:\/\/x.com\/eldiario_net"]},{"@type":"Person","@id":"https:\/\/www.eldiario.net\/portal\/#\/schema\/person\/f46445640444750d7d753ccd04ae01b7","name":"Jeanette","image":{"@type":"ImageObject","inLanguage":"es","@id":"https:\/\/secure.gravatar.com\/avatar\/3ea2118a5f7dad2b7138b1187a6b7ee55f160b9968b66013c3a3ef39dd7e5798?s=96&d=mm&r=g","url":"https:\/\/secure.gravatar.com\/avatar\/3ea2118a5f7dad2b7138b1187a6b7ee55f160b9968b66013c3a3ef39dd7e5798?s=96&d=mm&r=g","contentUrl":"https:\/\/secure.gravatar.com\/avatar\/3ea2118a5f7dad2b7138b1187a6b7ee55f160b9968b66013c3a3ef39dd7e5798?s=96&d=mm&r=g","caption":"Jeanette"},"sameAs":["https:\/\/www.eldiario.net\/portal"],"url":"https:\/\/www.eldiario.net\/portal\/author\/jeanette\/"}]}},"_links":{"self":[{"href":"https:\/\/www.eldiario.net\/portal\/wp-json\/wp\/v2\/posts\/23868","targetHints":{"allow":["GET"]}}],"collection":[{"href":"https:\/\/www.eldiario.net\/portal\/wp-json\/wp\/v2\/posts"}],"about":[{"href":"https:\/\/www.eldiario.net\/portal\/wp-json\/wp\/v2\/types\/post"}],"author":[{"embeddable":true,"href":"https:\/\/www.eldiario.net\/portal\/wp-json\/wp\/v2\/users\/1"}],"replies":[{"embeddable":true,"href":"https:\/\/www.eldiario.net\/portal\/wp-json\/wp\/v2\/comments?post=23868"}],"version-history":[{"count":0,"href":"https:\/\/www.eldiario.net\/portal\/wp-json\/wp\/v2\/posts\/23868\/revisions"}],"wp:featuredmedia":[{"embeddable":true,"href":"https:\/\/www.eldiario.net\/portal\/wp-json\/wp\/v2\/media\/23869"}],"wp:attachment":[{"href":"https:\/\/www.eldiario.net\/portal\/wp-json\/wp\/v2\/media?parent=23868"}],"wp:term":[{"taxonomy":"category","embeddable":true,"href":"https:\/\/www.eldiario.net\/portal\/wp-json\/wp\/v2\/categories?post=23868"},{"taxonomy":"post_tag","embeddable":true,"href":"https:\/\/www.eldiario.net\/portal\/wp-json\/wp\/v2\/tags?post=23868"}],"curies":[{"name":"wp","href":"https:\/\/api.w.org\/{rel}","templated":true}]}}