{"id":238678,"date":"2024-08-05T05:42:09","date_gmt":"2024-08-05T09:42:09","guid":{"rendered":"https:\/\/www.eldiario.net\/portal\/?p=238678"},"modified":"2024-08-05T05:42:09","modified_gmt":"2024-08-05T09:42:09","slug":"tini-estrena-un-mechon-de-pelo","status":"publish","type":"post","link":"https:\/\/www.eldiario.net\/portal\/2024\/08\/05\/tini-estrena-un-mechon-de-pelo\/","title":{"rendered":"Tini estrena \u201cUn mech\u00f3n de pelo\u201d"},"content":{"rendered":"<p>La cantante y compositora multiplatino Tini contin\u00faa dejando brillar su valent\u00eda y vulnerabilidad con su nuevo \u00e1lbum de shows en vivo, \u201cUn mech\u00f3n de pelo (en vivo)\u201d. El \u00e1lbum captura a Tini presentando su m\u00e1s reciente \u00e1lbum en cinco presentaciones profundamente \u00edntimas en su ciudad natal de Buenos Aires, Argentina, en el Hurlingham Club el pasado mayo 2024.<br \/>\n\u201cUn mech\u00f3n de pelo (en vivo)\u201d incluye los nueve temas del aclamado \u00e1lbum y ya ha acumulado m\u00e1s de 200 millones de streams. El concierto \u201cUn mech\u00f3n de pelo (en vivo)\u201d, anteriormente en Disney, ya est\u00e1 disponible en todas las plataformas digitales de streaming.<br \/>\nEn el \u00e1lbum, Tini extiende una invitaci\u00f3n a los fans que no pudieron asistir a los eventos, transmitiendo la inolvidable esencia de sus actuaciones en Buenos Aires, mientras que para los presentes, sirve de v\u00edvido recuerdo de la experiencia escenogr\u00e1fica y cautivadora.<br \/>\nA trav\u00e9s de cada tema en directo, Tini comparte cap\u00edtulos \u00edntimos de su viaje de curaci\u00f3n, reflexionando sobre la resiliencia y la renovaci\u00f3n. El \u00e1lbum en directo muestra la dedicaci\u00f3n de Tini a su oficio, respaldada por la hipnotizante actuaci\u00f3n y la \u00edntima conexi\u00f3n que forj\u00f3 con cada uno de los asistentes, complementada por una intrincada coreograf\u00eda y una impresionante escenograf\u00eda.<br \/>\nLa \u00faltima producci\u00f3n de estudio de Tini, \u201cUn mech\u00f3n de pelo\u201d, cosech\u00f3 r\u00e1pidamente elogios, debutando en el #2 de la lista Global Debut \u00c1lbum de Spotify. El \u00e1lbum, que conmueve el alma, ha obtenido importantes reconocimientos, como el de Rolling Stone a los mejores \u00e1lbumes de 2024 hasta la fecha, a las mejores canciones de 2024 hasta la fecha y a las mejores canciones latinas de 2024 hasta la fecha, adem\u00e1s el de Billboard a los mejores \u00e1lbumes latinos de 2024 hasta la fecha, donde \u201cla entrega de Tini en cada una de las canciones de este \u00e1lbum es lo que lo hace memorable e impactante\u201d.<br \/>\nEste disco l\u00edricamente despojado marc\u00f3 un antes y un despu\u00e9s en la trayectoria art\u00edstica de Tini, posicionando su m\u00fasica como un faro de perseverancia y fortaleza en medio de la adversidad, y un testimonio de su trayectoria como una de las principales figuras de la escena pop latina.<\/p>\n","protected":false},"excerpt":{"rendered":"<p>La cantante y compositora multiplatino Tini contin\u00faa dejando brillar su valent\u00eda y vulnerabilidad con su nuevo \u00e1lbum de shows en vivo, \u201cUn mech\u00f3n de pelo (en vivo)\u201d. El \u00e1lbum captura a Tini presentando su m\u00e1s reciente \u00e1lbum en cinco presentaciones profundamente \u00edntimas en su ciudad natal de Buenos Aires, Argentina, en el Hurlingham Club el [&hellip;]<\/p>\n","protected":false},"author":1,"featured_media":238679,"comment_status":"open","ping_status":"open","sticky":false,"template":"","format":"standard","meta":{"_acf_changed":false,"footnotes":""},"categories":[8],"tags":[],"class_list":["post-238678","post","type-post","status-publish","format-standard","has-post-thumbnail","category-cultural"],"acf":{"antetitulo":"Nuevo \u00e1lbum"},"yoast_head":"<!-- This site is optimized with the Yoast SEO plugin v28.4 - https:\/\/yoast.com\/product\/yoast-seo-wordpress\/ -->\n<title>Tini estrena \u201cUn mech\u00f3n de pelo\u201d - El Diario - Bolivia<\/title>\n<meta name=\"robots\" content=\"index, follow, max-snippet:-1, max-image-preview:large, max-video-preview:-1\" \/>\n<link rel=\"canonical\" href=\"https:\/\/www.eldiario.net\/portal\/2024\/08\/05\/tini-estrena-un-mechon-de-pelo\/\" \/>\n<meta property=\"og:locale\" content=\"es_ES\" \/>\n<meta property=\"og:type\" content=\"article\" \/>\n<meta property=\"og:title\" content=\"Tini estrena \u201cUn mech\u00f3n de pelo\u201d - El Diario - Bolivia\" \/>\n<meta property=\"og:description\" content=\"La cantante y compositora multiplatino Tini contin\u00faa dejando brillar su valent\u00eda y vulnerabilidad con su nuevo \u00e1lbum de shows en vivo, \u201cUn mech\u00f3n de pelo (en vivo)\u201d. El \u00e1lbum captura a Tini presentando su m\u00e1s reciente \u00e1lbum en cinco presentaciones profundamente \u00edntimas en su ciudad natal de Buenos Aires, Argentina, en el Hurlingham Club el [&hellip;]\" \/>\n<meta property=\"og:url\" content=\"https:\/\/www.eldiario.net\/portal\/2024\/08\/05\/tini-estrena-un-mechon-de-pelo\/\" \/>\n<meta property=\"og:site_name\" content=\"El Diario - Bolivia\" \/>\n<meta property=\"article:publisher\" content=\"https:\/\/www.facebook.com\/eldiario.bolivia\/\" \/>\n<meta property=\"article:published_time\" content=\"2024-08-05T09:42:09+00:00\" \/>\n<meta property=\"og:image\" content=\"https:\/\/www.eldiario.net\/portal\/wp-content\/uploads\/2024\/08\/TINI.jpg\" \/>\n\t<meta property=\"og:image:width\" content=\"580\" \/>\n\t<meta property=\"og:image:height\" content=\"506\" \/>\n\t<meta property=\"og:image:type\" content=\"image\/jpeg\" \/>\n<meta name=\"author\" content=\"Jeanette\" \/>\n<meta name=\"twitter:card\" content=\"summary_large_image\" \/>\n<meta name=\"twitter:creator\" content=\"@eldiario_net\" \/>\n<meta name=\"twitter:site\" content=\"@eldiario_net\" \/>\n<meta name=\"twitter:label1\" content=\"Escrito por\" \/>\n\t<meta name=\"twitter:data1\" content=\"Jeanette\" \/>\n\t<meta name=\"twitter:label2\" content=\"Tiempo de lectura\" \/>\n\t<meta name=\"twitter:data2\" content=\"2 minutos\" \/>\n<script type=\"application\/ld+json\" class=\"yoast-schema-graph\">{\"@context\":\"https:\\\/\\\/schema.org\",\"@graph\":[{\"@type\":\"Article\",\"@id\":\"https:\\\/\\\/www.eldiario.net\\\/portal\\\/2024\\\/08\\\/05\\\/tini-estrena-un-mechon-de-pelo\\\/#article\",\"isPartOf\":{\"@id\":\"https:\\\/\\\/www.eldiario.net\\\/portal\\\/2024\\\/08\\\/05\\\/tini-estrena-un-mechon-de-pelo\\\/\"},\"author\":{\"name\":\"Jeanette\",\"@id\":\"https:\\\/\\\/www.eldiario.net\\\/portal\\\/#\\\/schema\\\/person\\\/2c57cf2b7a7ae032e449e4c9b1019eac\"},\"headline\":\"Tini estrena \u201cUn mech\u00f3n de pelo\u201d\",\"datePublished\":\"2024-08-05T09:42:09+00:00\",\"mainEntityOfPage\":{\"@id\":\"https:\\\/\\\/www.eldiario.net\\\/portal\\\/2024\\\/08\\\/05\\\/tini-estrena-un-mechon-de-pelo\\\/\"},\"wordCount\":386,\"commentCount\":0,\"publisher\":{\"@id\":\"https:\\\/\\\/www.eldiario.net\\\/portal\\\/#organization\"},\"image\":{\"@id\":\"https:\\\/\\\/www.eldiario.net\\\/portal\\\/2024\\\/08\\\/05\\\/tini-estrena-un-mechon-de-pelo\\\/#primaryimage\"},\"thumbnailUrl\":\"https:\\\/\\\/www.eldiario.net\\\/portal\\\/wp-content\\\/uploads\\\/2024\\\/08\\\/TINI.jpg\",\"articleSection\":[\"Cultural\"],\"inLanguage\":\"es\",\"potentialAction\":[{\"@type\":\"CommentAction\",\"name\":\"Comment\",\"target\":[\"https:\\\/\\\/www.eldiario.net\\\/portal\\\/2024\\\/08\\\/05\\\/tini-estrena-un-mechon-de-pelo\\\/#respond\"]}]},{\"@type\":\"WebPage\",\"@id\":\"https:\\\/\\\/www.eldiario.net\\\/portal\\\/2024\\\/08\\\/05\\\/tini-estrena-un-mechon-de-pelo\\\/\",\"url\":\"https:\\\/\\\/www.eldiario.net\\\/portal\\\/2024\\\/08\\\/05\\\/tini-estrena-un-mechon-de-pelo\\\/\",\"name\":\"Tini estrena \u201cUn mech\u00f3n de pelo\u201d - El Diario - Bolivia\",\"isPartOf\":{\"@id\":\"https:\\\/\\\/www.eldiario.net\\\/portal\\\/#website\"},\"primaryImageOfPage\":{\"@id\":\"https:\\\/\\\/www.eldiario.net\\\/portal\\\/2024\\\/08\\\/05\\\/tini-estrena-un-mechon-de-pelo\\\/#primaryimage\"},\"image\":{\"@id\":\"https:\\\/\\\/www.eldiario.net\\\/portal\\\/2024\\\/08\\\/05\\\/tini-estrena-un-mechon-de-pelo\\\/#primaryimage\"},\"thumbnailUrl\":\"https:\\\/\\\/www.eldiario.net\\\/portal\\\/wp-content\\\/uploads\\\/2024\\\/08\\\/TINI.jpg\",\"datePublished\":\"2024-08-05T09:42:09+00:00\",\"breadcrumb\":{\"@id\":\"https:\\\/\\\/www.eldiario.net\\\/portal\\\/2024\\\/08\\\/05\\\/tini-estrena-un-mechon-de-pelo\\\/#breadcrumb\"},\"inLanguage\":\"es\",\"potentialAction\":[{\"@type\":\"ReadAction\",\"target\":[\"https:\\\/\\\/www.eldiario.net\\\/portal\\\/2024\\\/08\\\/05\\\/tini-estrena-un-mechon-de-pelo\\\/\"]}]},{\"@type\":\"ImageObject\",\"inLanguage\":\"es\",\"@id\":\"https:\\\/\\\/www.eldiario.net\\\/portal\\\/2024\\\/08\\\/05\\\/tini-estrena-un-mechon-de-pelo\\\/#primaryimage\",\"url\":\"https:\\\/\\\/www.eldiario.net\\\/portal\\\/wp-content\\\/uploads\\\/2024\\\/08\\\/TINI.jpg\",\"contentUrl\":\"https:\\\/\\\/www.eldiario.net\\\/portal\\\/wp-content\\\/uploads\\\/2024\\\/08\\\/TINI.jpg\",\"width\":580,\"height\":506,\"caption\":\"LA CANTANTE Y COMPOSITORA ARGENTINA, TINI.\"},{\"@type\":\"BreadcrumbList\",\"@id\":\"https:\\\/\\\/www.eldiario.net\\\/portal\\\/2024\\\/08\\\/05\\\/tini-estrena-un-mechon-de-pelo\\\/#breadcrumb\",\"itemListElement\":[{\"@type\":\"ListItem\",\"position\":1,\"name\":\"Portada\",\"item\":\"https:\\\/\\\/www.eldiario.net\\\/portal\\\/\"},{\"@type\":\"ListItem\",\"position\":2,\"name\":\"Tini estrena \u201cUn mech\u00f3n de pelo\u201d\"}]},{\"@type\":\"WebSite\",\"@id\":\"https:\\\/\\\/www.eldiario.net\\\/portal\\\/#website\",\"url\":\"https:\\\/\\\/www.eldiario.net\\\/portal\\\/\",\"name\":\"El Diario - Decano de la prensa nacional\",\"description\":\"El Diario - Decano de la prensa nacional\",\"publisher\":{\"@id\":\"https:\\\/\\\/www.eldiario.net\\\/portal\\\/#organization\"},\"potentialAction\":[{\"@type\":\"SearchAction\",\"target\":{\"@type\":\"EntryPoint\",\"urlTemplate\":\"https:\\\/\\\/www.eldiario.net\\\/portal\\\/?s={search_term_string}\"},\"query-input\":{\"@type\":\"PropertyValueSpecification\",\"valueRequired\":true,\"valueName\":\"search_term_string\"}}],\"inLanguage\":\"es\"},{\"@type\":\"Organization\",\"@id\":\"https:\\\/\\\/www.eldiario.net\\\/portal\\\/#organization\",\"name\":\"El Diario - Decano de la prensa nacional\",\"url\":\"https:\\\/\\\/www.eldiario.net\\\/portal\\\/\",\"logo\":{\"@type\":\"ImageObject\",\"inLanguage\":\"es\",\"@id\":\"https:\\\/\\\/www.eldiario.net\\\/portal\\\/#\\\/schema\\\/logo\\\/image\\\/\",\"url\":\"https:\\\/\\\/www.eldiario.net\\\/portal\\\/wp-content\\\/uploads\\\/2023\\\/07\\\/logo_ED.jpg\",\"contentUrl\":\"https:\\\/\\\/www.eldiario.net\\\/portal\\\/wp-content\\\/uploads\\\/2023\\\/07\\\/logo_ED.jpg\",\"width\":272,\"height\":52,\"caption\":\"El Diario - Decano de la prensa nacional\"},\"image\":{\"@id\":\"https:\\\/\\\/www.eldiario.net\\\/portal\\\/#\\\/schema\\\/logo\\\/image\\\/\"},\"sameAs\":[\"https:\\\/\\\/www.facebook.com\\\/eldiario.bolivia\\\/\",\"https:\\\/\\\/x.com\\\/eldiario_net\"]},{\"@type\":\"Person\",\"@id\":\"https:\\\/\\\/www.eldiario.net\\\/portal\\\/#\\\/schema\\\/person\\\/2c57cf2b7a7ae032e449e4c9b1019eac\",\"name\":\"Jeanette\",\"image\":{\"@type\":\"ImageObject\",\"inLanguage\":\"es\",\"@id\":\"https:\\\/\\\/secure.gravatar.com\\\/avatar\\\/3ea2118a5f7dad2b7138b1187a6b7ee55f160b9968b66013c3a3ef39dd7e5798?s=96&d=mm&r=g\",\"url\":\"https:\\\/\\\/secure.gravatar.com\\\/avatar\\\/3ea2118a5f7dad2b7138b1187a6b7ee55f160b9968b66013c3a3ef39dd7e5798?s=96&d=mm&r=g\",\"contentUrl\":\"https:\\\/\\\/secure.gravatar.com\\\/avatar\\\/3ea2118a5f7dad2b7138b1187a6b7ee55f160b9968b66013c3a3ef39dd7e5798?s=96&d=mm&r=g\",\"caption\":\"Jeanette\"},\"sameAs\":[\"https:\\\/\\\/www.eldiario.net\\\/portal\"],\"url\":\"https:\\\/\\\/www.eldiario.net\\\/portal\\\/author\\\/jeanette\\\/\"}]}<\/script>\n<!-- \/ Yoast SEO plugin. -->","yoast_head_json":{"title":"Tini estrena \u201cUn mech\u00f3n de pelo\u201d - El Diario - Bolivia","robots":{"index":"index","follow":"follow","max-snippet":"max-snippet:-1","max-image-preview":"max-image-preview:large","max-video-preview":"max-video-preview:-1"},"canonical":"https:\/\/www.eldiario.net\/portal\/2024\/08\/05\/tini-estrena-un-mechon-de-pelo\/","og_locale":"es_ES","og_type":"article","og_title":"Tini estrena \u201cUn mech\u00f3n de pelo\u201d - El Diario - Bolivia","og_description":"La cantante y compositora multiplatino Tini contin\u00faa dejando brillar su valent\u00eda y vulnerabilidad con su nuevo \u00e1lbum de shows en vivo, \u201cUn mech\u00f3n de pelo (en vivo)\u201d. El \u00e1lbum captura a Tini presentando su m\u00e1s reciente \u00e1lbum en cinco presentaciones profundamente \u00edntimas en su ciudad natal de Buenos Aires, Argentina, en el Hurlingham Club el [&hellip;]","og_url":"https:\/\/www.eldiario.net\/portal\/2024\/08\/05\/tini-estrena-un-mechon-de-pelo\/","og_site_name":"El Diario - Bolivia","article_publisher":"https:\/\/www.facebook.com\/eldiario.bolivia\/","article_published_time":"2024-08-05T09:42:09+00:00","og_image":[{"width":580,"height":506,"url":"https:\/\/www.eldiario.net\/portal\/wp-content\/uploads\/2024\/08\/TINI.jpg","type":"image\/jpeg"}],"author":"Jeanette","twitter_card":"summary_large_image","twitter_creator":"@eldiario_net","twitter_site":"@eldiario_net","twitter_misc":{"Escrito por":"Jeanette","Tiempo de lectura":"2 minutos"},"schema":{"@context":"https:\/\/schema.org","@graph":[{"@type":"Article","@id":"https:\/\/www.eldiario.net\/portal\/2024\/08\/05\/tini-estrena-un-mechon-de-pelo\/#article","isPartOf":{"@id":"https:\/\/www.eldiario.net\/portal\/2024\/08\/05\/tini-estrena-un-mechon-de-pelo\/"},"author":{"name":"Jeanette","@id":"https:\/\/www.eldiario.net\/portal\/#\/schema\/person\/2c57cf2b7a7ae032e449e4c9b1019eac"},"headline":"Tini estrena \u201cUn mech\u00f3n de pelo\u201d","datePublished":"2024-08-05T09:42:09+00:00","mainEntityOfPage":{"@id":"https:\/\/www.eldiario.net\/portal\/2024\/08\/05\/tini-estrena-un-mechon-de-pelo\/"},"wordCount":386,"commentCount":0,"publisher":{"@id":"https:\/\/www.eldiario.net\/portal\/#organization"},"image":{"@id":"https:\/\/www.eldiario.net\/portal\/2024\/08\/05\/tini-estrena-un-mechon-de-pelo\/#primaryimage"},"thumbnailUrl":"https:\/\/www.eldiario.net\/portal\/wp-content\/uploads\/2024\/08\/TINI.jpg","articleSection":["Cultural"],"inLanguage":"es","potentialAction":[{"@type":"CommentAction","name":"Comment","target":["https:\/\/www.eldiario.net\/portal\/2024\/08\/05\/tini-estrena-un-mechon-de-pelo\/#respond"]}]},{"@type":"WebPage","@id":"https:\/\/www.eldiario.net\/portal\/2024\/08\/05\/tini-estrena-un-mechon-de-pelo\/","url":"https:\/\/www.eldiario.net\/portal\/2024\/08\/05\/tini-estrena-un-mechon-de-pelo\/","name":"Tini estrena \u201cUn mech\u00f3n de pelo\u201d - El Diario - Bolivia","isPartOf":{"@id":"https:\/\/www.eldiario.net\/portal\/#website"},"primaryImageOfPage":{"@id":"https:\/\/www.eldiario.net\/portal\/2024\/08\/05\/tini-estrena-un-mechon-de-pelo\/#primaryimage"},"image":{"@id":"https:\/\/www.eldiario.net\/portal\/2024\/08\/05\/tini-estrena-un-mechon-de-pelo\/#primaryimage"},"thumbnailUrl":"https:\/\/www.eldiario.net\/portal\/wp-content\/uploads\/2024\/08\/TINI.jpg","datePublished":"2024-08-05T09:42:09+00:00","breadcrumb":{"@id":"https:\/\/www.eldiario.net\/portal\/2024\/08\/05\/tini-estrena-un-mechon-de-pelo\/#breadcrumb"},"inLanguage":"es","potentialAction":[{"@type":"ReadAction","target":["https:\/\/www.eldiario.net\/portal\/2024\/08\/05\/tini-estrena-un-mechon-de-pelo\/"]}]},{"@type":"ImageObject","inLanguage":"es","@id":"https:\/\/www.eldiario.net\/portal\/2024\/08\/05\/tini-estrena-un-mechon-de-pelo\/#primaryimage","url":"https:\/\/www.eldiario.net\/portal\/wp-content\/uploads\/2024\/08\/TINI.jpg","contentUrl":"https:\/\/www.eldiario.net\/portal\/wp-content\/uploads\/2024\/08\/TINI.jpg","width":580,"height":506,"caption":"LA CANTANTE Y COMPOSITORA ARGENTINA, TINI."},{"@type":"BreadcrumbList","@id":"https:\/\/www.eldiario.net\/portal\/2024\/08\/05\/tini-estrena-un-mechon-de-pelo\/#breadcrumb","itemListElement":[{"@type":"ListItem","position":1,"name":"Portada","item":"https:\/\/www.eldiario.net\/portal\/"},{"@type":"ListItem","position":2,"name":"Tini estrena \u201cUn mech\u00f3n de pelo\u201d"}]},{"@type":"WebSite","@id":"https:\/\/www.eldiario.net\/portal\/#website","url":"https:\/\/www.eldiario.net\/portal\/","name":"El Diario - Decano de la prensa nacional","description":"El Diario - Decano de la prensa nacional","publisher":{"@id":"https:\/\/www.eldiario.net\/portal\/#organization"},"potentialAction":[{"@type":"SearchAction","target":{"@type":"EntryPoint","urlTemplate":"https:\/\/www.eldiario.net\/portal\/?s={search_term_string}"},"query-input":{"@type":"PropertyValueSpecification","valueRequired":true,"valueName":"search_term_string"}}],"inLanguage":"es"},{"@type":"Organization","@id":"https:\/\/www.eldiario.net\/portal\/#organization","name":"El Diario - Decano de la prensa nacional","url":"https:\/\/www.eldiario.net\/portal\/","logo":{"@type":"ImageObject","inLanguage":"es","@id":"https:\/\/www.eldiario.net\/portal\/#\/schema\/logo\/image\/","url":"https:\/\/www.eldiario.net\/portal\/wp-content\/uploads\/2023\/07\/logo_ED.jpg","contentUrl":"https:\/\/www.eldiario.net\/portal\/wp-content\/uploads\/2023\/07\/logo_ED.jpg","width":272,"height":52,"caption":"El Diario - Decano de la prensa nacional"},"image":{"@id":"https:\/\/www.eldiario.net\/portal\/#\/schema\/logo\/image\/"},"sameAs":["https:\/\/www.facebook.com\/eldiario.bolivia\/","https:\/\/x.com\/eldiario_net"]},{"@type":"Person","@id":"https:\/\/www.eldiario.net\/portal\/#\/schema\/person\/2c57cf2b7a7ae032e449e4c9b1019eac","name":"Jeanette","image":{"@type":"ImageObject","inLanguage":"es","@id":"https:\/\/secure.gravatar.com\/avatar\/3ea2118a5f7dad2b7138b1187a6b7ee55f160b9968b66013c3a3ef39dd7e5798?s=96&d=mm&r=g","url":"https:\/\/secure.gravatar.com\/avatar\/3ea2118a5f7dad2b7138b1187a6b7ee55f160b9968b66013c3a3ef39dd7e5798?s=96&d=mm&r=g","contentUrl":"https:\/\/secure.gravatar.com\/avatar\/3ea2118a5f7dad2b7138b1187a6b7ee55f160b9968b66013c3a3ef39dd7e5798?s=96&d=mm&r=g","caption":"Jeanette"},"sameAs":["https:\/\/www.eldiario.net\/portal"],"url":"https:\/\/www.eldiario.net\/portal\/author\/jeanette\/"}]}},"_links":{"self":[{"href":"https:\/\/www.eldiario.net\/portal\/wp-json\/wp\/v2\/posts\/238678","targetHints":{"allow":["GET"]}}],"collection":[{"href":"https:\/\/www.eldiario.net\/portal\/wp-json\/wp\/v2\/posts"}],"about":[{"href":"https:\/\/www.eldiario.net\/portal\/wp-json\/wp\/v2\/types\/post"}],"author":[{"embeddable":true,"href":"https:\/\/www.eldiario.net\/portal\/wp-json\/wp\/v2\/users\/1"}],"replies":[{"embeddable":true,"href":"https:\/\/www.eldiario.net\/portal\/wp-json\/wp\/v2\/comments?post=238678"}],"version-history":[{"count":1,"href":"https:\/\/www.eldiario.net\/portal\/wp-json\/wp\/v2\/posts\/238678\/revisions"}],"predecessor-version":[{"id":238680,"href":"https:\/\/www.eldiario.net\/portal\/wp-json\/wp\/v2\/posts\/238678\/revisions\/238680"}],"wp:featuredmedia":[{"embeddable":true,"href":"https:\/\/www.eldiario.net\/portal\/wp-json\/wp\/v2\/media\/238679"}],"wp:attachment":[{"href":"https:\/\/www.eldiario.net\/portal\/wp-json\/wp\/v2\/media?parent=238678"}],"wp:term":[{"taxonomy":"category","embeddable":true,"href":"https:\/\/www.eldiario.net\/portal\/wp-json\/wp\/v2\/categories?post=238678"},{"taxonomy":"post_tag","embeddable":true,"href":"https:\/\/www.eldiario.net\/portal\/wp-json\/wp\/v2\/tags?post=238678"}],"curies":[{"name":"wp","href":"https:\/\/api.w.org\/{rel}","templated":true}]}}