{"id":238676,"date":"2024-08-05T05:41:08","date_gmt":"2024-08-05T09:41:08","guid":{"rendered":"https:\/\/www.eldiario.net\/portal\/?p=238676"},"modified":"2024-08-05T05:41:08","modified_gmt":"2024-08-05T09:41:08","slug":"horoscopo-wm-361","status":"publish","type":"post","link":"https:\/\/www.eldiario.net\/portal\/2024\/08\/05\/horoscopo-wm-361\/","title":{"rendered":"Hor\u00f3scopo WM"},"content":{"rendered":"<p>A nuestros lectores:\u00a0Betty B. Mercado, sobrina y colaboradora del fallecido astr\u00f3logo Walter Mercado, contin\u00faa su legado escribiendo los hor\u00f3scopos.<br \/>\nAries<br \/>\n(20 de marzo &#8211;\u00a018 de abril)<br \/>\nTe encuentras pasando por una etapa de cambios significativos. Es tiempo de experimentar con lo nuevo. El inter\u00e9s y el empe\u00f1o que pongas en lo que comiences ahora ser\u00e1 la clave de tu \u00e9xito. T\u00fa tienes muchas personas que pueden ayudarte si dejas el orgullo a un lado y les pides que su cooperaci\u00f3n. Ve en busca de aquello que le d\u00e9 significado a tu vida. N\u00fameros de suerte: 9, 32, 5.<br \/>\nTauro<br \/>\n(19 de abril &#8211; 19\u00a0de mayo)<br \/>\nTu vida se sacude, se transforma y muchos de tus sue\u00f1os se hacen realidad. Tomas m\u00e1s control de tus asuntos personales, lo que te llevar\u00e1 a hacer planes a tu gusto, sin que nadie intervenga en lo ya decidido por ti. No te dejar\u00e1s influenciar, ya que sabes exactamente lo que quieres y hacia d\u00f3nde vas. N\u00fameros de suerte: 29, 5, 7.<br \/>\nG\u00e9minis<br \/>\n(20 de mayo &#8211; 19\u00a0de junio)<br \/>\nSi ya has pasado por muchas necesidades y trabajo para conseguir una estabilidad econ\u00f3mica para ti y tu familia, ahora puedes sentarte a esperar que las oportunidades toquen a tu puerta. Conc\u00e9ntrate en c\u00f3mo y hacia d\u00f3nde te diriges y qu\u00e9 es lo que verdaderamente te hace feliz, pues tendr\u00e1s varias ofertas y muchos caminos a seguir. N\u00fameros de suerte: 27, 3, 11.<br \/>\nC\u00e1ncer<br \/>\n(20 de junio &#8211;\u00a021 de julio)<br \/>\nEs tiempo de pensar seriamente en formalizar una relaci\u00f3n sentimental. Te lleg\u00f3 el momento de recoger lo que cosechaste. Si te esmeraste y trabajaste duro, tus resultados ser\u00e1n maravillosos. Si por el contrario no te ocupaste a dar lo mejor de ti, no te asombres si no obtienes lo que esperabas. N\u00fameros de suerte: 13, 6, 50.<br \/>\nLeo<br \/>\n(22 de julio &#8211;\u00a021 de agosto)<br \/>\nHar\u00e1s ahora todo lo que est\u00e9 a tu alcance para obtener mayor estabilidad en tus relaciones personales y profesionales. Ya no ser\u00e1s aquella persona de la cual los dem\u00e1s se aprovechaban de su bondad. Proyectas como nunca tu car\u00e1cter, tu poder, tu fortaleza, tanto exterior como interior. Aun as\u00ed, toma en cuenta las opiniones de los dem\u00e1s. N\u00fameros de suerte: 16, 21, 8.<br \/>\nVirgo<br \/>\n(22 de agosto &#8211;\u00a021 de sept.)<br \/>\nLas relaciones ahora se intensifican y se fortalecen. Querr\u00e1s formar un hogar o establecer alg\u00fan tipo de acuerdo m\u00e1s serio tanto con tu pareja como con alg\u00fan asociado o amigo. Sabr\u00e1s claramente lo que deseas para ti y tendr\u00e1s el don de convencer y persuadir hasta el punto de salirte con la tuya. Alguien te hace un regalo muy especial. N\u00fameros de suerte: 18, 6, 15.<br \/>\nLibra<br \/>\n(22 de sept. &#8211;\u00a022 de oct.)<br \/>\nTu vida social se activa en esta semana y te llevar\u00e1 a hacer nuevas y mejores amistades. Te mueves de lugar, ya sea adquiriendo una nueva propiedad o viajando. Todos los cambios ser\u00e1n positivos, aunque en un principio pienses que te cuesta adaptarte y experimentes alg\u00fan tipo de inseguridad o confusi\u00f3n. N\u00fameros de suerte: 23, 6, 40.<br \/>\nEscorpi\u00f3n<br \/>\n(23 de oct. &#8211; 20 de nov.)<br \/>\nHay encanto, placer y romance en tus relaciones sentimentales. Podr\u00e1s proyectar m\u00e1s sensualidad, lo que te llevar\u00e1 a ser toda una estrella en el arte de amar, Escorpio. Es tiempo de nuevos comienzos, de cambios, de grandes transformaciones en tu vida que te llevar\u00e1n al \u00e9xito. N\u00fameros de suerte: 33, 42, 18.<br \/>\nSagitario<br \/>\n(21 de nov. &#8211;\u00a020 de dic.)<br \/>\nSi est\u00e1s casado(a), tu matrimonio sufre ajustes muy necesarios y favorables a largo plazo. Si eres soltero, encontrar\u00e1s ahora muchas oportunidades para dar con tu alma gemela. Has dejado atr\u00e1s muchos de tus temores e inseguridades y ahora disfrutas m\u00e1s del amor y de tus relaciones personales. N\u00fameros de suerte: 39, 12, 17.<br \/>\nCapricornio<br \/>\n(21 de dic. &#8211;\u00a018 de ene.)<br \/>\nSe exalta en ti los deseos de invertir, negociar y aumentar tus ingresos econ\u00f3micos, sin embargo, no te excedas en tus gastos, ya que podr\u00edas caer f\u00e1cilmente en la exageraci\u00f3n al comprar ropa o art\u00edculos de lujo, que no necesitas o te hacen falta. Invierte tu tiempo en cosas constructivas para que puedas alejarte de la tentaci\u00f3n. N\u00fameros de suerte: 19, 4, 6.<br \/>\nAcuario<br \/>\n(19 de ene. &#8211;\u00a017 de feb.)<br \/>\nAprovecha la energ\u00eda planetaria para llevar a cabo cambios en tus h\u00e1bitos personales que de alguna manera afectan tu salud. Comienza por cambiar actitudes un tanto r\u00edgidas. Pon tu atenci\u00f3n en mejorar tanto lo f\u00edsico como lo emocional. Busca nuevas maneras de relacionarte con tus amistades y con tus seres queridos. N\u00fameros de suerte: 6, 10, 8.<br \/>\nPiscis<br \/>\n(18 de feb. &#8211; 19\u00a0de marzo)<br \/>\nNo pongas todo lo que valoras en un mismo lugar. Protege tus intereses siendo mucho m\u00e1s cauteloso y paciente. Estudia e inf\u00f3rmate bien antes de tomar decisiones importantes. Un negocio podr\u00eda abrirte las puertas de la prosperidad, as\u00ed como tambi\u00e9n podr\u00eda crearte mayores responsabilidades y cambios en tu manera de vivir. N\u00fameros de suerte: 43, 4, 11.<\/p>\n","protected":false},"excerpt":{"rendered":"<p>A nuestros lectores:\u00a0Betty B. Mercado, sobrina y colaboradora del fallecido astr\u00f3logo Walter Mercado, contin\u00faa su legado escribiendo los hor\u00f3scopos. Aries (20 de marzo &#8211;\u00a018 de abril) Te encuentras pasando por una etapa de cambios significativos. Es tiempo de experimentar con lo nuevo. El inter\u00e9s y el empe\u00f1o que pongas en lo que comiences ahora ser\u00e1 [&hellip;]<\/p>\n","protected":false},"author":1,"featured_media":236052,"comment_status":"open","ping_status":"open","sticky":false,"template":"","format":"standard","meta":{"_acf_changed":false,"footnotes":""},"categories":[8],"tags":[],"class_list":["post-238676","post","type-post","status-publish","format-standard","has-post-thumbnail","category-cultural"],"acf":{"antetitulo":""},"yoast_head":"<!-- This site is optimized with the Yoast SEO plugin v28.4 - https:\/\/yoast.com\/product\/yoast-seo-wordpress\/ -->\n<title>Hor\u00f3scopo WM - El Diario - Bolivia<\/title>\n<meta name=\"robots\" content=\"index, follow, max-snippet:-1, max-image-preview:large, max-video-preview:-1\" \/>\n<link rel=\"canonical\" href=\"https:\/\/www.eldiario.net\/portal\/2024\/08\/05\/horoscopo-wm-361\/\" \/>\n<meta property=\"og:locale\" content=\"es_ES\" \/>\n<meta property=\"og:type\" content=\"article\" \/>\n<meta property=\"og:title\" content=\"Hor\u00f3scopo WM - El Diario - Bolivia\" \/>\n<meta property=\"og:description\" content=\"A nuestros lectores:\u00a0Betty B. Mercado, sobrina y colaboradora del fallecido astr\u00f3logo Walter Mercado, contin\u00faa su legado escribiendo los hor\u00f3scopos. Aries (20 de marzo &#8211;\u00a018 de abril) Te encuentras pasando por una etapa de cambios significativos. Es tiempo de experimentar con lo nuevo. El inter\u00e9s y el empe\u00f1o que pongas en lo que comiences ahora ser\u00e1 [&hellip;]\" \/>\n<meta property=\"og:url\" content=\"https:\/\/www.eldiario.net\/portal\/2024\/08\/05\/horoscopo-wm-361\/\" \/>\n<meta property=\"og:site_name\" content=\"El Diario - Bolivia\" \/>\n<meta property=\"article:publisher\" content=\"https:\/\/www.facebook.com\/eldiario.bolivia\/\" \/>\n<meta property=\"article:published_time\" content=\"2024-08-05T09:41:08+00:00\" \/>\n<meta property=\"og:image\" content=\"https:\/\/www.eldiario.net\/portal\/wp-content\/uploads\/2024\/07\/LEO.jpg\" \/>\n\t<meta property=\"og:image:width\" content=\"1200\" \/>\n\t<meta property=\"og:image:height\" content=\"675\" \/>\n\t<meta property=\"og:image:type\" content=\"image\/jpeg\" \/>\n<meta name=\"author\" content=\"Jeanette\" \/>\n<meta name=\"twitter:card\" content=\"summary_large_image\" \/>\n<meta name=\"twitter:creator\" content=\"@eldiario_net\" \/>\n<meta name=\"twitter:site\" content=\"@eldiario_net\" \/>\n<meta name=\"twitter:label1\" content=\"Escrito por\" \/>\n\t<meta name=\"twitter:data1\" content=\"Jeanette\" \/>\n\t<meta name=\"twitter:label2\" content=\"Tiempo de lectura\" \/>\n\t<meta name=\"twitter:data2\" content=\"4 minutos\" \/>\n<script type=\"application\/ld+json\" class=\"yoast-schema-graph\">{\"@context\":\"https:\\\/\\\/schema.org\",\"@graph\":[{\"@type\":\"Article\",\"@id\":\"https:\\\/\\\/www.eldiario.net\\\/portal\\\/2024\\\/08\\\/05\\\/horoscopo-wm-361\\\/#article\",\"isPartOf\":{\"@id\":\"https:\\\/\\\/www.eldiario.net\\\/portal\\\/2024\\\/08\\\/05\\\/horoscopo-wm-361\\\/\"},\"author\":{\"name\":\"Jeanette\",\"@id\":\"https:\\\/\\\/www.eldiario.net\\\/portal\\\/#\\\/schema\\\/person\\\/2c57cf2b7a7ae032e449e4c9b1019eac\"},\"headline\":\"Hor\u00f3scopo WM\",\"datePublished\":\"2024-08-05T09:41:08+00:00\",\"mainEntityOfPage\":{\"@id\":\"https:\\\/\\\/www.eldiario.net\\\/portal\\\/2024\\\/08\\\/05\\\/horoscopo-wm-361\\\/\"},\"wordCount\":851,\"commentCount\":0,\"publisher\":{\"@id\":\"https:\\\/\\\/www.eldiario.net\\\/portal\\\/#organization\"},\"image\":{\"@id\":\"https:\\\/\\\/www.eldiario.net\\\/portal\\\/2024\\\/08\\\/05\\\/horoscopo-wm-361\\\/#primaryimage\"},\"thumbnailUrl\":\"https:\\\/\\\/www.eldiario.net\\\/portal\\\/wp-content\\\/uploads\\\/2024\\\/07\\\/LEO.jpg\",\"articleSection\":[\"Cultural\"],\"inLanguage\":\"es\",\"potentialAction\":[{\"@type\":\"CommentAction\",\"name\":\"Comment\",\"target\":[\"https:\\\/\\\/www.eldiario.net\\\/portal\\\/2024\\\/08\\\/05\\\/horoscopo-wm-361\\\/#respond\"]}]},{\"@type\":\"WebPage\",\"@id\":\"https:\\\/\\\/www.eldiario.net\\\/portal\\\/2024\\\/08\\\/05\\\/horoscopo-wm-361\\\/\",\"url\":\"https:\\\/\\\/www.eldiario.net\\\/portal\\\/2024\\\/08\\\/05\\\/horoscopo-wm-361\\\/\",\"name\":\"Hor\u00f3scopo WM - El Diario - Bolivia\",\"isPartOf\":{\"@id\":\"https:\\\/\\\/www.eldiario.net\\\/portal\\\/#website\"},\"primaryImageOfPage\":{\"@id\":\"https:\\\/\\\/www.eldiario.net\\\/portal\\\/2024\\\/08\\\/05\\\/horoscopo-wm-361\\\/#primaryimage\"},\"image\":{\"@id\":\"https:\\\/\\\/www.eldiario.net\\\/portal\\\/2024\\\/08\\\/05\\\/horoscopo-wm-361\\\/#primaryimage\"},\"thumbnailUrl\":\"https:\\\/\\\/www.eldiario.net\\\/portal\\\/wp-content\\\/uploads\\\/2024\\\/07\\\/LEO.jpg\",\"datePublished\":\"2024-08-05T09:41:08+00:00\",\"breadcrumb\":{\"@id\":\"https:\\\/\\\/www.eldiario.net\\\/portal\\\/2024\\\/08\\\/05\\\/horoscopo-wm-361\\\/#breadcrumb\"},\"inLanguage\":\"es\",\"potentialAction\":[{\"@type\":\"ReadAction\",\"target\":[\"https:\\\/\\\/www.eldiario.net\\\/portal\\\/2024\\\/08\\\/05\\\/horoscopo-wm-361\\\/\"]}]},{\"@type\":\"ImageObject\",\"inLanguage\":\"es\",\"@id\":\"https:\\\/\\\/www.eldiario.net\\\/portal\\\/2024\\\/08\\\/05\\\/horoscopo-wm-361\\\/#primaryimage\",\"url\":\"https:\\\/\\\/www.eldiario.net\\\/portal\\\/wp-content\\\/uploads\\\/2024\\\/07\\\/LEO.jpg\",\"contentUrl\":\"https:\\\/\\\/www.eldiario.net\\\/portal\\\/wp-content\\\/uploads\\\/2024\\\/07\\\/LEO.jpg\",\"width\":1200,\"height\":675},{\"@type\":\"BreadcrumbList\",\"@id\":\"https:\\\/\\\/www.eldiario.net\\\/portal\\\/2024\\\/08\\\/05\\\/horoscopo-wm-361\\\/#breadcrumb\",\"itemListElement\":[{\"@type\":\"ListItem\",\"position\":1,\"name\":\"Portada\",\"item\":\"https:\\\/\\\/www.eldiario.net\\\/portal\\\/\"},{\"@type\":\"ListItem\",\"position\":2,\"name\":\"Hor\u00f3scopo WM\"}]},{\"@type\":\"WebSite\",\"@id\":\"https:\\\/\\\/www.eldiario.net\\\/portal\\\/#website\",\"url\":\"https:\\\/\\\/www.eldiario.net\\\/portal\\\/\",\"name\":\"El Diario - Decano de la prensa nacional\",\"description\":\"El Diario - Decano de la prensa nacional\",\"publisher\":{\"@id\":\"https:\\\/\\\/www.eldiario.net\\\/portal\\\/#organization\"},\"potentialAction\":[{\"@type\":\"SearchAction\",\"target\":{\"@type\":\"EntryPoint\",\"urlTemplate\":\"https:\\\/\\\/www.eldiario.net\\\/portal\\\/?s={search_term_string}\"},\"query-input\":{\"@type\":\"PropertyValueSpecification\",\"valueRequired\":true,\"valueName\":\"search_term_string\"}}],\"inLanguage\":\"es\"},{\"@type\":\"Organization\",\"@id\":\"https:\\\/\\\/www.eldiario.net\\\/portal\\\/#organization\",\"name\":\"El Diario - Decano de la prensa nacional\",\"url\":\"https:\\\/\\\/www.eldiario.net\\\/portal\\\/\",\"logo\":{\"@type\":\"ImageObject\",\"inLanguage\":\"es\",\"@id\":\"https:\\\/\\\/www.eldiario.net\\\/portal\\\/#\\\/schema\\\/logo\\\/image\\\/\",\"url\":\"https:\\\/\\\/www.eldiario.net\\\/portal\\\/wp-content\\\/uploads\\\/2023\\\/07\\\/logo_ED.jpg\",\"contentUrl\":\"https:\\\/\\\/www.eldiario.net\\\/portal\\\/wp-content\\\/uploads\\\/2023\\\/07\\\/logo_ED.jpg\",\"width\":272,\"height\":52,\"caption\":\"El Diario - Decano de la prensa nacional\"},\"image\":{\"@id\":\"https:\\\/\\\/www.eldiario.net\\\/portal\\\/#\\\/schema\\\/logo\\\/image\\\/\"},\"sameAs\":[\"https:\\\/\\\/www.facebook.com\\\/eldiario.bolivia\\\/\",\"https:\\\/\\\/x.com\\\/eldiario_net\"]},{\"@type\":\"Person\",\"@id\":\"https:\\\/\\\/www.eldiario.net\\\/portal\\\/#\\\/schema\\\/person\\\/2c57cf2b7a7ae032e449e4c9b1019eac\",\"name\":\"Jeanette\",\"image\":{\"@type\":\"ImageObject\",\"inLanguage\":\"es\",\"@id\":\"https:\\\/\\\/secure.gravatar.com\\\/avatar\\\/3ea2118a5f7dad2b7138b1187a6b7ee55f160b9968b66013c3a3ef39dd7e5798?s=96&d=mm&r=g\",\"url\":\"https:\\\/\\\/secure.gravatar.com\\\/avatar\\\/3ea2118a5f7dad2b7138b1187a6b7ee55f160b9968b66013c3a3ef39dd7e5798?s=96&d=mm&r=g\",\"contentUrl\":\"https:\\\/\\\/secure.gravatar.com\\\/avatar\\\/3ea2118a5f7dad2b7138b1187a6b7ee55f160b9968b66013c3a3ef39dd7e5798?s=96&d=mm&r=g\",\"caption\":\"Jeanette\"},\"sameAs\":[\"https:\\\/\\\/www.eldiario.net\\\/portal\"],\"url\":\"https:\\\/\\\/www.eldiario.net\\\/portal\\\/author\\\/jeanette\\\/\"}]}<\/script>\n<!-- \/ Yoast SEO plugin. -->","yoast_head_json":{"title":"Hor\u00f3scopo WM - El Diario - Bolivia","robots":{"index":"index","follow":"follow","max-snippet":"max-snippet:-1","max-image-preview":"max-image-preview:large","max-video-preview":"max-video-preview:-1"},"canonical":"https:\/\/www.eldiario.net\/portal\/2024\/08\/05\/horoscopo-wm-361\/","og_locale":"es_ES","og_type":"article","og_title":"Hor\u00f3scopo WM - El Diario - Bolivia","og_description":"A nuestros lectores:\u00a0Betty B. Mercado, sobrina y colaboradora del fallecido astr\u00f3logo Walter Mercado, contin\u00faa su legado escribiendo los hor\u00f3scopos. Aries (20 de marzo &#8211;\u00a018 de abril) Te encuentras pasando por una etapa de cambios significativos. Es tiempo de experimentar con lo nuevo. El inter\u00e9s y el empe\u00f1o que pongas en lo que comiences ahora ser\u00e1 [&hellip;]","og_url":"https:\/\/www.eldiario.net\/portal\/2024\/08\/05\/horoscopo-wm-361\/","og_site_name":"El Diario - Bolivia","article_publisher":"https:\/\/www.facebook.com\/eldiario.bolivia\/","article_published_time":"2024-08-05T09:41:08+00:00","og_image":[{"width":1200,"height":675,"url":"https:\/\/www.eldiario.net\/portal\/wp-content\/uploads\/2024\/07\/LEO.jpg","type":"image\/jpeg"}],"author":"Jeanette","twitter_card":"summary_large_image","twitter_creator":"@eldiario_net","twitter_site":"@eldiario_net","twitter_misc":{"Escrito por":"Jeanette","Tiempo de lectura":"4 minutos"},"schema":{"@context":"https:\/\/schema.org","@graph":[{"@type":"Article","@id":"https:\/\/www.eldiario.net\/portal\/2024\/08\/05\/horoscopo-wm-361\/#article","isPartOf":{"@id":"https:\/\/www.eldiario.net\/portal\/2024\/08\/05\/horoscopo-wm-361\/"},"author":{"name":"Jeanette","@id":"https:\/\/www.eldiario.net\/portal\/#\/schema\/person\/2c57cf2b7a7ae032e449e4c9b1019eac"},"headline":"Hor\u00f3scopo WM","datePublished":"2024-08-05T09:41:08+00:00","mainEntityOfPage":{"@id":"https:\/\/www.eldiario.net\/portal\/2024\/08\/05\/horoscopo-wm-361\/"},"wordCount":851,"commentCount":0,"publisher":{"@id":"https:\/\/www.eldiario.net\/portal\/#organization"},"image":{"@id":"https:\/\/www.eldiario.net\/portal\/2024\/08\/05\/horoscopo-wm-361\/#primaryimage"},"thumbnailUrl":"https:\/\/www.eldiario.net\/portal\/wp-content\/uploads\/2024\/07\/LEO.jpg","articleSection":["Cultural"],"inLanguage":"es","potentialAction":[{"@type":"CommentAction","name":"Comment","target":["https:\/\/www.eldiario.net\/portal\/2024\/08\/05\/horoscopo-wm-361\/#respond"]}]},{"@type":"WebPage","@id":"https:\/\/www.eldiario.net\/portal\/2024\/08\/05\/horoscopo-wm-361\/","url":"https:\/\/www.eldiario.net\/portal\/2024\/08\/05\/horoscopo-wm-361\/","name":"Hor\u00f3scopo WM - El Diario - Bolivia","isPartOf":{"@id":"https:\/\/www.eldiario.net\/portal\/#website"},"primaryImageOfPage":{"@id":"https:\/\/www.eldiario.net\/portal\/2024\/08\/05\/horoscopo-wm-361\/#primaryimage"},"image":{"@id":"https:\/\/www.eldiario.net\/portal\/2024\/08\/05\/horoscopo-wm-361\/#primaryimage"},"thumbnailUrl":"https:\/\/www.eldiario.net\/portal\/wp-content\/uploads\/2024\/07\/LEO.jpg","datePublished":"2024-08-05T09:41:08+00:00","breadcrumb":{"@id":"https:\/\/www.eldiario.net\/portal\/2024\/08\/05\/horoscopo-wm-361\/#breadcrumb"},"inLanguage":"es","potentialAction":[{"@type":"ReadAction","target":["https:\/\/www.eldiario.net\/portal\/2024\/08\/05\/horoscopo-wm-361\/"]}]},{"@type":"ImageObject","inLanguage":"es","@id":"https:\/\/www.eldiario.net\/portal\/2024\/08\/05\/horoscopo-wm-361\/#primaryimage","url":"https:\/\/www.eldiario.net\/portal\/wp-content\/uploads\/2024\/07\/LEO.jpg","contentUrl":"https:\/\/www.eldiario.net\/portal\/wp-content\/uploads\/2024\/07\/LEO.jpg","width":1200,"height":675},{"@type":"BreadcrumbList","@id":"https:\/\/www.eldiario.net\/portal\/2024\/08\/05\/horoscopo-wm-361\/#breadcrumb","itemListElement":[{"@type":"ListItem","position":1,"name":"Portada","item":"https:\/\/www.eldiario.net\/portal\/"},{"@type":"ListItem","position":2,"name":"Hor\u00f3scopo WM"}]},{"@type":"WebSite","@id":"https:\/\/www.eldiario.net\/portal\/#website","url":"https:\/\/www.eldiario.net\/portal\/","name":"El Diario - Decano de la prensa nacional","description":"El Diario - Decano de la prensa nacional","publisher":{"@id":"https:\/\/www.eldiario.net\/portal\/#organization"},"potentialAction":[{"@type":"SearchAction","target":{"@type":"EntryPoint","urlTemplate":"https:\/\/www.eldiario.net\/portal\/?s={search_term_string}"},"query-input":{"@type":"PropertyValueSpecification","valueRequired":true,"valueName":"search_term_string"}}],"inLanguage":"es"},{"@type":"Organization","@id":"https:\/\/www.eldiario.net\/portal\/#organization","name":"El Diario - Decano de la prensa nacional","url":"https:\/\/www.eldiario.net\/portal\/","logo":{"@type":"ImageObject","inLanguage":"es","@id":"https:\/\/www.eldiario.net\/portal\/#\/schema\/logo\/image\/","url":"https:\/\/www.eldiario.net\/portal\/wp-content\/uploads\/2023\/07\/logo_ED.jpg","contentUrl":"https:\/\/www.eldiario.net\/portal\/wp-content\/uploads\/2023\/07\/logo_ED.jpg","width":272,"height":52,"caption":"El Diario - Decano de la prensa nacional"},"image":{"@id":"https:\/\/www.eldiario.net\/portal\/#\/schema\/logo\/image\/"},"sameAs":["https:\/\/www.facebook.com\/eldiario.bolivia\/","https:\/\/x.com\/eldiario_net"]},{"@type":"Person","@id":"https:\/\/www.eldiario.net\/portal\/#\/schema\/person\/2c57cf2b7a7ae032e449e4c9b1019eac","name":"Jeanette","image":{"@type":"ImageObject","inLanguage":"es","@id":"https:\/\/secure.gravatar.com\/avatar\/3ea2118a5f7dad2b7138b1187a6b7ee55f160b9968b66013c3a3ef39dd7e5798?s=96&d=mm&r=g","url":"https:\/\/secure.gravatar.com\/avatar\/3ea2118a5f7dad2b7138b1187a6b7ee55f160b9968b66013c3a3ef39dd7e5798?s=96&d=mm&r=g","contentUrl":"https:\/\/secure.gravatar.com\/avatar\/3ea2118a5f7dad2b7138b1187a6b7ee55f160b9968b66013c3a3ef39dd7e5798?s=96&d=mm&r=g","caption":"Jeanette"},"sameAs":["https:\/\/www.eldiario.net\/portal"],"url":"https:\/\/www.eldiario.net\/portal\/author\/jeanette\/"}]}},"_links":{"self":[{"href":"https:\/\/www.eldiario.net\/portal\/wp-json\/wp\/v2\/posts\/238676","targetHints":{"allow":["GET"]}}],"collection":[{"href":"https:\/\/www.eldiario.net\/portal\/wp-json\/wp\/v2\/posts"}],"about":[{"href":"https:\/\/www.eldiario.net\/portal\/wp-json\/wp\/v2\/types\/post"}],"author":[{"embeddable":true,"href":"https:\/\/www.eldiario.net\/portal\/wp-json\/wp\/v2\/users\/1"}],"replies":[{"embeddable":true,"href":"https:\/\/www.eldiario.net\/portal\/wp-json\/wp\/v2\/comments?post=238676"}],"version-history":[{"count":1,"href":"https:\/\/www.eldiario.net\/portal\/wp-json\/wp\/v2\/posts\/238676\/revisions"}],"predecessor-version":[{"id":238677,"href":"https:\/\/www.eldiario.net\/portal\/wp-json\/wp\/v2\/posts\/238676\/revisions\/238677"}],"wp:featuredmedia":[{"embeddable":true,"href":"https:\/\/www.eldiario.net\/portal\/wp-json\/wp\/v2\/media\/236052"}],"wp:attachment":[{"href":"https:\/\/www.eldiario.net\/portal\/wp-json\/wp\/v2\/media?parent=238676"}],"wp:term":[{"taxonomy":"category","embeddable":true,"href":"https:\/\/www.eldiario.net\/portal\/wp-json\/wp\/v2\/categories?post=238676"},{"taxonomy":"post_tag","embeddable":true,"href":"https:\/\/www.eldiario.net\/portal\/wp-json\/wp\/v2\/tags?post=238676"}],"curies":[{"name":"wp","href":"https:\/\/api.w.org\/{rel}","templated":true}]}}