{"id":238673,"date":"2024-08-05T05:40:34","date_gmt":"2024-08-05T09:40:34","guid":{"rendered":"https:\/\/www.eldiario.net\/portal\/?p=238673"},"modified":"2024-08-05T05:40:34","modified_gmt":"2024-08-05T09:40:34","slug":"es-necesario-robustecer-instituciones-en-bolivia","status":"publish","type":"post","link":"https:\/\/www.eldiario.net\/portal\/2024\/08\/05\/es-necesario-robustecer-instituciones-en-bolivia\/","title":{"rendered":"Es necesario robustecer instituciones en Bolivia"},"content":{"rendered":"<p>Considerando la delicada situaci\u00f3n econ\u00f3mica y pol\u00edtica que atraviesa el pa\u00eds, caracterizada por una acentuada escasez de d\u00f3lares y la menguante falta de institucionalidad democr\u00e1tica, al Estado le urge plantear medidas para sanear el bolsillo de la poblaci\u00f3n y devolver la credibilidad en las instituciones, de acuerdo con el economista y catedr\u00e1tico universitario, Alberto Bonadona Coss\u00edo.<br \/>\nEn entrevista exclusiva con EL DIARIO, el acad\u00e9mico expres\u00f3 que \u201clas instituciones se han visto degradadas o hasta destruidas\u201d no solo en el \u00e1mbito de la justicia sino en lo social, econ\u00f3mico y pol\u00edtico. Por ejemplo, record\u00f3 que, el Gobierno actual no brinda cifras reales sobre las reservas de gas, las cuales se agotan aceleradamente, ni de las Reservas Internacionales Netas (RIN).<br \/>\nEn su an\u00e1lisis, esta ca\u00edda estrepitosa de la institucionalidad puede evidenciarse en la conculcaci\u00f3n del derecho a la informaci\u00f3n, donde muchas cifras y datos no son publicados, sino m\u00e1s bien ocultados o hasta distorsionados para la poblaci\u00f3n.<br \/>\nLo que plantea el analista es robustecer las instituciones del Estado y las empresas a trav\u00e9s de una alianza p\u00fablico-privada que permita \u201crescatar el bolsillo\u201d de las personas, en vista de que la crisis actual radica sobre todo en el \u00e1mbito econ\u00f3mico y que \u201cno hay una instituci\u00f3n real ni planificada que oriente la econom\u00eda\u201d.<br \/>\nEn el \u00e1mbito pol\u00edtico, el experto observa que la situaci\u00f3n del Legislativo, tanto de la oposici\u00f3n como del oficialismo, es \u201clamentable\u201d porque ambas facciones est\u00e1n perdidas en su posici\u00f3n, sin planteamientos serios ni claros para solucionar la crisis.<br \/>\nBonadona llam\u00f3 al Ejecutivo una \u201cf\u00e1brica de mentiras\u201d que no goza de la credibilidad de la poblaci\u00f3n, aunque la gente medianamente informada no cree en las versiones del Gobierno.<br \/>\nA la postura del economista, se agrega la del analista pol\u00edtico, Jos\u00e9 Luis Bedregal, quien coment\u00f3 en radio Panamericana que, el oficialismo \u201cha destruido la institucionalidad\u201d y ha anulado el Parlamento pues las decisiones que le corresponden fueron tomadas por los l\u00edderes del Movimiento al Socialismo (MAS), Evo Morales y Luis Arce Catacora.<br \/>\nBedregal record\u00f3 que el \u00d3rgano Legislativo actual ha puesto en evidencia que \u201cla mayor\u00eda de sus miembros, con honros\u00edsimas excepciones, no est\u00e1n a la altura del cargo\u201d debido a las recientes \u201cmuestras desagradables\u201d de desacuerdos y falta de consensos. Augur\u00f3 que, mientras los l\u00edderes pol\u00edticos manipulen la justicia a su antojo, los legisladores del Parlamento seguir\u00e1n brindando episodios lamentables llenos de \u201cescupitajos, cachasc\u00e1n y boxeo\u201d.<\/p>\n<p>CRISIS DE INSTITUCIONALIDAD<br \/>\nEn vez de buscar culpables, el entrevistado considera necesario \u201corientar la econom\u00eda hacia adelante con claridad en lo que se debe hacer, no en mantener medidas del modelo social comunitario productivo porque las empresas productivas arrojan p\u00e9rdidas y no pueden continuar con un trabajo precario\u201d, expres\u00f3.<br \/>\nBonadona sugiri\u00f3 que el Gobierno debe mostrar alg\u00fan cambio, aunque \u00e9ste no represente un giro de 180 grados, tras lamentar que las autoridades reguladoras del Estado, como la de pensiones o hidrocarburos, se han convertido en \u201cagencias de empleo\u201d y no en verdaderas entidades reguladoras que orienten la direcci\u00f3n de estas industrias.<br \/>\nConsecuentemente, la econom\u00eda se degrada, las empresas p\u00fablicas no responden a lo que deben hacer y los mecanismos de corrupci\u00f3n en las instituciones se reproducen desde las altas jerarqu\u00edas hacia los estratos inferiores del personal p\u00fablico, agreg\u00f3.<br \/>\nSin embargo, tambi\u00e9n advirti\u00f3 que un sector de la poblaci\u00f3n mal informado cae en la manipulaci\u00f3n del Gobierno central debido a que no tuvo buena formaci\u00f3n escolar o universitaria que le permita desarrollar un criterio propio ni un pensamiento cr\u00edtico.<\/p>\n<p>DEFINICI\u00d3N<br \/>\nEl abogado y docente de la Universidad Tecnol\u00f3gica de El Salvador, Ren\u00e9 Portillo Cuadra, define la institucionalidad democr\u00e1tica como \u201cun conjunto de reglas que sirven para el ejercicio del poder p\u00fablico, que constituyen mecanismos de garant\u00eda y protecci\u00f3n de los derechos de ciudadanos\u201d.<br \/>\nSeg\u00fan Portillo, la institucionalidad es el puente que comunica a la sociedad con el Estado, el mercado y los ciudadanos. Es lo que determina las \u201creglas del juego\u201d que garantizan certidumbre a las actividades privadas, sociales y p\u00fablicas.<br \/>\nYa que el poder no puede ejercerse por s\u00ed mismo, es necesaria la existencia de cuerpos u organismos que representen dicha facultad de aplicar el poder. De esta manera, la sociedad se estructura a trav\u00e9s de instituciones en las que se ejerce la participaci\u00f3n pol\u00edtica.<br \/>\nJUSTICIA Y<br \/>\nNARCOTR\u00c1FICO<br \/>\nPor otra parte, Bonadona a\u00f1adi\u00f3 que otro s\u00edntoma de la crisis de institucionalidad es el impacto de las actividades il\u00edcitas en las pugnas del Estado, considerando que el narcotr\u00e1fico y el contrabando se han convertido en un factor de poder econ\u00f3mico hace mucho tiempo.<br \/>\nAsever\u00f3 que, aunque el tema del ingreso al Chapare es un factor de pelea dentro del Ejecutivo, no existe una verdadera voluntad pol\u00edtica para controlarlo, pese a que el Gobierno asegura que se hacen operativos y se controla el flujo de productos ilegales.<br \/>\n\u201cEl Ejecutivo protege a los contrabandistas y tienen carta blanca para el contrabando. El di\u00e9sel y la gasolina son art\u00edculos que no se pueden ocultar, sino que salen en cisternas, en turriles, en veh\u00edculos grandes, y (a) este gran negocio generalizado, hasta ahora, no veo que haya la voluntad de controlarlo efectivamente\u201d, dijo.<br \/>\nEl entrevistado se\u00f1al\u00f3 que este fen\u00f3meno contribuye tambi\u00e9n a la crisis de institucionalidad porque sirve para comprar jueces, fiscales y polic\u00edas. \u201cEn conjunto, estos recursos mal habidos en este proceso tienen impactos en otras instituciones, incluyendo el Legislativo, el Ejecutivo y (hasta incluso) el Judicial, que viene a ser v\u00edctima principal del problema\u201d, se\u00f1al\u00f3.<\/p>\n","protected":false},"excerpt":{"rendered":"<p>Considerando la delicada situaci\u00f3n econ\u00f3mica y pol\u00edtica que atraviesa el pa\u00eds, caracterizada por una acentuada escasez de d\u00f3lares y la menguante falta de institucionalidad democr\u00e1tica, al Estado le urge plantear medidas para sanear el bolsillo de la poblaci\u00f3n y devolver la credibilidad en las instituciones, de acuerdo con el economista y catedr\u00e1tico universitario, Alberto Bonadona [&hellip;]<\/p>\n","protected":false},"author":1,"featured_media":238674,"comment_status":"open","ping_status":"open","sticky":false,"template":"","format":"standard","meta":{"_acf_changed":false,"footnotes":""},"categories":[14],"tags":[],"class_list":["post-238673","post","type-post","status-publish","format-standard","has-post-thumbnail","category-politica"],"acf":{"antetitulo":"Propuestas ante la crisis"},"yoast_head":"<!-- This site is optimized with the Yoast SEO plugin v28.4 - https:\/\/yoast.com\/product\/yoast-seo-wordpress\/ -->\n<title>Es necesario robustecer instituciones en Bolivia - El Diario - Bolivia<\/title>\n<meta name=\"robots\" content=\"index, follow, max-snippet:-1, max-image-preview:large, max-video-preview:-1\" \/>\n<link rel=\"canonical\" href=\"https:\/\/www.eldiario.net\/portal\/2024\/08\/05\/es-necesario-robustecer-instituciones-en-bolivia\/\" \/>\n<meta property=\"og:locale\" content=\"es_ES\" \/>\n<meta property=\"og:type\" content=\"article\" \/>\n<meta property=\"og:title\" content=\"Es necesario robustecer instituciones en Bolivia - El Diario - Bolivia\" \/>\n<meta property=\"og:description\" content=\"Considerando la delicada situaci\u00f3n econ\u00f3mica y pol\u00edtica que atraviesa el pa\u00eds, caracterizada por una acentuada escasez de d\u00f3lares y la menguante falta de institucionalidad democr\u00e1tica, al Estado le urge plantear medidas para sanear el bolsillo de la poblaci\u00f3n y devolver la credibilidad en las instituciones, de acuerdo con el economista y catedr\u00e1tico universitario, Alberto Bonadona [&hellip;]\" \/>\n<meta property=\"og:url\" content=\"https:\/\/www.eldiario.net\/portal\/2024\/08\/05\/es-necesario-robustecer-instituciones-en-bolivia\/\" \/>\n<meta property=\"og:site_name\" content=\"El Diario - Bolivia\" \/>\n<meta property=\"article:publisher\" content=\"https:\/\/www.facebook.com\/eldiario.bolivia\/\" \/>\n<meta property=\"article:published_time\" content=\"2024-08-05T09:40:34+00:00\" \/>\n<meta property=\"og:image\" content=\"https:\/\/www.eldiario.net\/portal\/wp-content\/uploads\/2024\/08\/5-INS.jpg\" \/>\n\t<meta property=\"og:image:width\" content=\"1200\" \/>\n\t<meta property=\"og:image:height\" content=\"670\" \/>\n\t<meta property=\"og:image:type\" content=\"image\/jpeg\" \/>\n<meta name=\"author\" content=\"Jeanette\" \/>\n<meta name=\"twitter:card\" content=\"summary_large_image\" \/>\n<meta name=\"twitter:creator\" content=\"@eldiario_net\" \/>\n<meta name=\"twitter:site\" content=\"@eldiario_net\" \/>\n<meta name=\"twitter:label1\" content=\"Escrito por\" \/>\n\t<meta name=\"twitter:data1\" content=\"Jeanette\" \/>\n\t<meta name=\"twitter:label2\" content=\"Tiempo de lectura\" \/>\n\t<meta name=\"twitter:data2\" content=\"5 minutos\" \/>\n<script type=\"application\/ld+json\" class=\"yoast-schema-graph\">{\"@context\":\"https:\\\/\\\/schema.org\",\"@graph\":[{\"@type\":\"Article\",\"@id\":\"https:\\\/\\\/www.eldiario.net\\\/portal\\\/2024\\\/08\\\/05\\\/es-necesario-robustecer-instituciones-en-bolivia\\\/#article\",\"isPartOf\":{\"@id\":\"https:\\\/\\\/www.eldiario.net\\\/portal\\\/2024\\\/08\\\/05\\\/es-necesario-robustecer-instituciones-en-bolivia\\\/\"},\"author\":{\"name\":\"Jeanette\",\"@id\":\"https:\\\/\\\/www.eldiario.net\\\/portal\\\/#\\\/schema\\\/person\\\/2c57cf2b7a7ae032e449e4c9b1019eac\"},\"headline\":\"Es necesario robustecer instituciones en Bolivia\",\"datePublished\":\"2024-08-05T09:40:34+00:00\",\"mainEntityOfPage\":{\"@id\":\"https:\\\/\\\/www.eldiario.net\\\/portal\\\/2024\\\/08\\\/05\\\/es-necesario-robustecer-instituciones-en-bolivia\\\/\"},\"wordCount\":982,\"commentCount\":0,\"publisher\":{\"@id\":\"https:\\\/\\\/www.eldiario.net\\\/portal\\\/#organization\"},\"image\":{\"@id\":\"https:\\\/\\\/www.eldiario.net\\\/portal\\\/2024\\\/08\\\/05\\\/es-necesario-robustecer-instituciones-en-bolivia\\\/#primaryimage\"},\"thumbnailUrl\":\"https:\\\/\\\/www.eldiario.net\\\/portal\\\/wp-content\\\/uploads\\\/2024\\\/08\\\/5-INS.jpg\",\"articleSection\":[\"Pol\u00edtica\"],\"inLanguage\":\"es\",\"potentialAction\":[{\"@type\":\"CommentAction\",\"name\":\"Comment\",\"target\":[\"https:\\\/\\\/www.eldiario.net\\\/portal\\\/2024\\\/08\\\/05\\\/es-necesario-robustecer-instituciones-en-bolivia\\\/#respond\"]}]},{\"@type\":\"WebPage\",\"@id\":\"https:\\\/\\\/www.eldiario.net\\\/portal\\\/2024\\\/08\\\/05\\\/es-necesario-robustecer-instituciones-en-bolivia\\\/\",\"url\":\"https:\\\/\\\/www.eldiario.net\\\/portal\\\/2024\\\/08\\\/05\\\/es-necesario-robustecer-instituciones-en-bolivia\\\/\",\"name\":\"Es necesario robustecer instituciones en Bolivia - El Diario - Bolivia\",\"isPartOf\":{\"@id\":\"https:\\\/\\\/www.eldiario.net\\\/portal\\\/#website\"},\"primaryImageOfPage\":{\"@id\":\"https:\\\/\\\/www.eldiario.net\\\/portal\\\/2024\\\/08\\\/05\\\/es-necesario-robustecer-instituciones-en-bolivia\\\/#primaryimage\"},\"image\":{\"@id\":\"https:\\\/\\\/www.eldiario.net\\\/portal\\\/2024\\\/08\\\/05\\\/es-necesario-robustecer-instituciones-en-bolivia\\\/#primaryimage\"},\"thumbnailUrl\":\"https:\\\/\\\/www.eldiario.net\\\/portal\\\/wp-content\\\/uploads\\\/2024\\\/08\\\/5-INS.jpg\",\"datePublished\":\"2024-08-05T09:40:34+00:00\",\"breadcrumb\":{\"@id\":\"https:\\\/\\\/www.eldiario.net\\\/portal\\\/2024\\\/08\\\/05\\\/es-necesario-robustecer-instituciones-en-bolivia\\\/#breadcrumb\"},\"inLanguage\":\"es\",\"potentialAction\":[{\"@type\":\"ReadAction\",\"target\":[\"https:\\\/\\\/www.eldiario.net\\\/portal\\\/2024\\\/08\\\/05\\\/es-necesario-robustecer-instituciones-en-bolivia\\\/\"]}]},{\"@type\":\"ImageObject\",\"inLanguage\":\"es\",\"@id\":\"https:\\\/\\\/www.eldiario.net\\\/portal\\\/2024\\\/08\\\/05\\\/es-necesario-robustecer-instituciones-en-bolivia\\\/#primaryimage\",\"url\":\"https:\\\/\\\/www.eldiario.net\\\/portal\\\/wp-content\\\/uploads\\\/2024\\\/08\\\/5-INS.jpg\",\"contentUrl\":\"https:\\\/\\\/www.eldiario.net\\\/portal\\\/wp-content\\\/uploads\\\/2024\\\/08\\\/5-INS.jpg\",\"width\":1200,\"height\":670,\"caption\":\"Fachada de la Casa Grande del Pueblo y Palacio Quemado.\"},{\"@type\":\"BreadcrumbList\",\"@id\":\"https:\\\/\\\/www.eldiario.net\\\/portal\\\/2024\\\/08\\\/05\\\/es-necesario-robustecer-instituciones-en-bolivia\\\/#breadcrumb\",\"itemListElement\":[{\"@type\":\"ListItem\",\"position\":1,\"name\":\"Portada\",\"item\":\"https:\\\/\\\/www.eldiario.net\\\/portal\\\/\"},{\"@type\":\"ListItem\",\"position\":2,\"name\":\"Es necesario robustecer instituciones en Bolivia\"}]},{\"@type\":\"WebSite\",\"@id\":\"https:\\\/\\\/www.eldiario.net\\\/portal\\\/#website\",\"url\":\"https:\\\/\\\/www.eldiario.net\\\/portal\\\/\",\"name\":\"El Diario - Decano de la prensa nacional\",\"description\":\"El Diario - Decano de la prensa nacional\",\"publisher\":{\"@id\":\"https:\\\/\\\/www.eldiario.net\\\/portal\\\/#organization\"},\"potentialAction\":[{\"@type\":\"SearchAction\",\"target\":{\"@type\":\"EntryPoint\",\"urlTemplate\":\"https:\\\/\\\/www.eldiario.net\\\/portal\\\/?s={search_term_string}\"},\"query-input\":{\"@type\":\"PropertyValueSpecification\",\"valueRequired\":true,\"valueName\":\"search_term_string\"}}],\"inLanguage\":\"es\"},{\"@type\":\"Organization\",\"@id\":\"https:\\\/\\\/www.eldiario.net\\\/portal\\\/#organization\",\"name\":\"El Diario - Decano de la prensa nacional\",\"url\":\"https:\\\/\\\/www.eldiario.net\\\/portal\\\/\",\"logo\":{\"@type\":\"ImageObject\",\"inLanguage\":\"es\",\"@id\":\"https:\\\/\\\/www.eldiario.net\\\/portal\\\/#\\\/schema\\\/logo\\\/image\\\/\",\"url\":\"https:\\\/\\\/www.eldiario.net\\\/portal\\\/wp-content\\\/uploads\\\/2023\\\/07\\\/logo_ED.jpg\",\"contentUrl\":\"https:\\\/\\\/www.eldiario.net\\\/portal\\\/wp-content\\\/uploads\\\/2023\\\/07\\\/logo_ED.jpg\",\"width\":272,\"height\":52,\"caption\":\"El Diario - Decano de la prensa nacional\"},\"image\":{\"@id\":\"https:\\\/\\\/www.eldiario.net\\\/portal\\\/#\\\/schema\\\/logo\\\/image\\\/\"},\"sameAs\":[\"https:\\\/\\\/www.facebook.com\\\/eldiario.bolivia\\\/\",\"https:\\\/\\\/x.com\\\/eldiario_net\"]},{\"@type\":\"Person\",\"@id\":\"https:\\\/\\\/www.eldiario.net\\\/portal\\\/#\\\/schema\\\/person\\\/2c57cf2b7a7ae032e449e4c9b1019eac\",\"name\":\"Jeanette\",\"image\":{\"@type\":\"ImageObject\",\"inLanguage\":\"es\",\"@id\":\"https:\\\/\\\/secure.gravatar.com\\\/avatar\\\/3ea2118a5f7dad2b7138b1187a6b7ee55f160b9968b66013c3a3ef39dd7e5798?s=96&d=mm&r=g\",\"url\":\"https:\\\/\\\/secure.gravatar.com\\\/avatar\\\/3ea2118a5f7dad2b7138b1187a6b7ee55f160b9968b66013c3a3ef39dd7e5798?s=96&d=mm&r=g\",\"contentUrl\":\"https:\\\/\\\/secure.gravatar.com\\\/avatar\\\/3ea2118a5f7dad2b7138b1187a6b7ee55f160b9968b66013c3a3ef39dd7e5798?s=96&d=mm&r=g\",\"caption\":\"Jeanette\"},\"sameAs\":[\"https:\\\/\\\/www.eldiario.net\\\/portal\"],\"url\":\"https:\\\/\\\/www.eldiario.net\\\/portal\\\/author\\\/jeanette\\\/\"}]}<\/script>\n<!-- \/ Yoast SEO plugin. -->","yoast_head_json":{"title":"Es necesario robustecer instituciones en Bolivia - El Diario - Bolivia","robots":{"index":"index","follow":"follow","max-snippet":"max-snippet:-1","max-image-preview":"max-image-preview:large","max-video-preview":"max-video-preview:-1"},"canonical":"https:\/\/www.eldiario.net\/portal\/2024\/08\/05\/es-necesario-robustecer-instituciones-en-bolivia\/","og_locale":"es_ES","og_type":"article","og_title":"Es necesario robustecer instituciones en Bolivia - El Diario - Bolivia","og_description":"Considerando la delicada situaci\u00f3n econ\u00f3mica y pol\u00edtica que atraviesa el pa\u00eds, caracterizada por una acentuada escasez de d\u00f3lares y la menguante falta de institucionalidad democr\u00e1tica, al Estado le urge plantear medidas para sanear el bolsillo de la poblaci\u00f3n y devolver la credibilidad en las instituciones, de acuerdo con el economista y catedr\u00e1tico universitario, Alberto Bonadona [&hellip;]","og_url":"https:\/\/www.eldiario.net\/portal\/2024\/08\/05\/es-necesario-robustecer-instituciones-en-bolivia\/","og_site_name":"El Diario - Bolivia","article_publisher":"https:\/\/www.facebook.com\/eldiario.bolivia\/","article_published_time":"2024-08-05T09:40:34+00:00","og_image":[{"width":1200,"height":670,"url":"https:\/\/www.eldiario.net\/portal\/wp-content\/uploads\/2024\/08\/5-INS.jpg","type":"image\/jpeg"}],"author":"Jeanette","twitter_card":"summary_large_image","twitter_creator":"@eldiario_net","twitter_site":"@eldiario_net","twitter_misc":{"Escrito por":"Jeanette","Tiempo de lectura":"5 minutos"},"schema":{"@context":"https:\/\/schema.org","@graph":[{"@type":"Article","@id":"https:\/\/www.eldiario.net\/portal\/2024\/08\/05\/es-necesario-robustecer-instituciones-en-bolivia\/#article","isPartOf":{"@id":"https:\/\/www.eldiario.net\/portal\/2024\/08\/05\/es-necesario-robustecer-instituciones-en-bolivia\/"},"author":{"name":"Jeanette","@id":"https:\/\/www.eldiario.net\/portal\/#\/schema\/person\/2c57cf2b7a7ae032e449e4c9b1019eac"},"headline":"Es necesario robustecer instituciones en Bolivia","datePublished":"2024-08-05T09:40:34+00:00","mainEntityOfPage":{"@id":"https:\/\/www.eldiario.net\/portal\/2024\/08\/05\/es-necesario-robustecer-instituciones-en-bolivia\/"},"wordCount":982,"commentCount":0,"publisher":{"@id":"https:\/\/www.eldiario.net\/portal\/#organization"},"image":{"@id":"https:\/\/www.eldiario.net\/portal\/2024\/08\/05\/es-necesario-robustecer-instituciones-en-bolivia\/#primaryimage"},"thumbnailUrl":"https:\/\/www.eldiario.net\/portal\/wp-content\/uploads\/2024\/08\/5-INS.jpg","articleSection":["Pol\u00edtica"],"inLanguage":"es","potentialAction":[{"@type":"CommentAction","name":"Comment","target":["https:\/\/www.eldiario.net\/portal\/2024\/08\/05\/es-necesario-robustecer-instituciones-en-bolivia\/#respond"]}]},{"@type":"WebPage","@id":"https:\/\/www.eldiario.net\/portal\/2024\/08\/05\/es-necesario-robustecer-instituciones-en-bolivia\/","url":"https:\/\/www.eldiario.net\/portal\/2024\/08\/05\/es-necesario-robustecer-instituciones-en-bolivia\/","name":"Es necesario robustecer instituciones en Bolivia - El Diario - Bolivia","isPartOf":{"@id":"https:\/\/www.eldiario.net\/portal\/#website"},"primaryImageOfPage":{"@id":"https:\/\/www.eldiario.net\/portal\/2024\/08\/05\/es-necesario-robustecer-instituciones-en-bolivia\/#primaryimage"},"image":{"@id":"https:\/\/www.eldiario.net\/portal\/2024\/08\/05\/es-necesario-robustecer-instituciones-en-bolivia\/#primaryimage"},"thumbnailUrl":"https:\/\/www.eldiario.net\/portal\/wp-content\/uploads\/2024\/08\/5-INS.jpg","datePublished":"2024-08-05T09:40:34+00:00","breadcrumb":{"@id":"https:\/\/www.eldiario.net\/portal\/2024\/08\/05\/es-necesario-robustecer-instituciones-en-bolivia\/#breadcrumb"},"inLanguage":"es","potentialAction":[{"@type":"ReadAction","target":["https:\/\/www.eldiario.net\/portal\/2024\/08\/05\/es-necesario-robustecer-instituciones-en-bolivia\/"]}]},{"@type":"ImageObject","inLanguage":"es","@id":"https:\/\/www.eldiario.net\/portal\/2024\/08\/05\/es-necesario-robustecer-instituciones-en-bolivia\/#primaryimage","url":"https:\/\/www.eldiario.net\/portal\/wp-content\/uploads\/2024\/08\/5-INS.jpg","contentUrl":"https:\/\/www.eldiario.net\/portal\/wp-content\/uploads\/2024\/08\/5-INS.jpg","width":1200,"height":670,"caption":"Fachada de la Casa Grande del Pueblo y Palacio Quemado."},{"@type":"BreadcrumbList","@id":"https:\/\/www.eldiario.net\/portal\/2024\/08\/05\/es-necesario-robustecer-instituciones-en-bolivia\/#breadcrumb","itemListElement":[{"@type":"ListItem","position":1,"name":"Portada","item":"https:\/\/www.eldiario.net\/portal\/"},{"@type":"ListItem","position":2,"name":"Es necesario robustecer instituciones en Bolivia"}]},{"@type":"WebSite","@id":"https:\/\/www.eldiario.net\/portal\/#website","url":"https:\/\/www.eldiario.net\/portal\/","name":"El Diario - Decano de la prensa nacional","description":"El Diario - Decano de la prensa nacional","publisher":{"@id":"https:\/\/www.eldiario.net\/portal\/#organization"},"potentialAction":[{"@type":"SearchAction","target":{"@type":"EntryPoint","urlTemplate":"https:\/\/www.eldiario.net\/portal\/?s={search_term_string}"},"query-input":{"@type":"PropertyValueSpecification","valueRequired":true,"valueName":"search_term_string"}}],"inLanguage":"es"},{"@type":"Organization","@id":"https:\/\/www.eldiario.net\/portal\/#organization","name":"El Diario - Decano de la prensa nacional","url":"https:\/\/www.eldiario.net\/portal\/","logo":{"@type":"ImageObject","inLanguage":"es","@id":"https:\/\/www.eldiario.net\/portal\/#\/schema\/logo\/image\/","url":"https:\/\/www.eldiario.net\/portal\/wp-content\/uploads\/2023\/07\/logo_ED.jpg","contentUrl":"https:\/\/www.eldiario.net\/portal\/wp-content\/uploads\/2023\/07\/logo_ED.jpg","width":272,"height":52,"caption":"El Diario - Decano de la prensa nacional"},"image":{"@id":"https:\/\/www.eldiario.net\/portal\/#\/schema\/logo\/image\/"},"sameAs":["https:\/\/www.facebook.com\/eldiario.bolivia\/","https:\/\/x.com\/eldiario_net"]},{"@type":"Person","@id":"https:\/\/www.eldiario.net\/portal\/#\/schema\/person\/2c57cf2b7a7ae032e449e4c9b1019eac","name":"Jeanette","image":{"@type":"ImageObject","inLanguage":"es","@id":"https:\/\/secure.gravatar.com\/avatar\/3ea2118a5f7dad2b7138b1187a6b7ee55f160b9968b66013c3a3ef39dd7e5798?s=96&d=mm&r=g","url":"https:\/\/secure.gravatar.com\/avatar\/3ea2118a5f7dad2b7138b1187a6b7ee55f160b9968b66013c3a3ef39dd7e5798?s=96&d=mm&r=g","contentUrl":"https:\/\/secure.gravatar.com\/avatar\/3ea2118a5f7dad2b7138b1187a6b7ee55f160b9968b66013c3a3ef39dd7e5798?s=96&d=mm&r=g","caption":"Jeanette"},"sameAs":["https:\/\/www.eldiario.net\/portal"],"url":"https:\/\/www.eldiario.net\/portal\/author\/jeanette\/"}]}},"_links":{"self":[{"href":"https:\/\/www.eldiario.net\/portal\/wp-json\/wp\/v2\/posts\/238673","targetHints":{"allow":["GET"]}}],"collection":[{"href":"https:\/\/www.eldiario.net\/portal\/wp-json\/wp\/v2\/posts"}],"about":[{"href":"https:\/\/www.eldiario.net\/portal\/wp-json\/wp\/v2\/types\/post"}],"author":[{"embeddable":true,"href":"https:\/\/www.eldiario.net\/portal\/wp-json\/wp\/v2\/users\/1"}],"replies":[{"embeddable":true,"href":"https:\/\/www.eldiario.net\/portal\/wp-json\/wp\/v2\/comments?post=238673"}],"version-history":[{"count":1,"href":"https:\/\/www.eldiario.net\/portal\/wp-json\/wp\/v2\/posts\/238673\/revisions"}],"predecessor-version":[{"id":238675,"href":"https:\/\/www.eldiario.net\/portal\/wp-json\/wp\/v2\/posts\/238673\/revisions\/238675"}],"wp:featuredmedia":[{"embeddable":true,"href":"https:\/\/www.eldiario.net\/portal\/wp-json\/wp\/v2\/media\/238674"}],"wp:attachment":[{"href":"https:\/\/www.eldiario.net\/portal\/wp-json\/wp\/v2\/media?parent=238673"}],"wp:term":[{"taxonomy":"category","embeddable":true,"href":"https:\/\/www.eldiario.net\/portal\/wp-json\/wp\/v2\/categories?post=238673"},{"taxonomy":"post_tag","embeddable":true,"href":"https:\/\/www.eldiario.net\/portal\/wp-json\/wp\/v2\/tags?post=238673"}],"curies":[{"name":"wp","href":"https:\/\/api.w.org\/{rel}","templated":true}]}}