{"id":238670,"date":"2024-08-05T05:39:54","date_gmt":"2024-08-05T09:39:54","guid":{"rendered":"https:\/\/www.eldiario.net\/portal\/?p=238670"},"modified":"2024-08-05T05:39:54","modified_gmt":"2024-08-05T09:39:54","slug":"registran-41-vulneraciones-a-la-institucionalidad-en-2024","status":"publish","type":"post","link":"https:\/\/www.eldiario.net\/portal\/2024\/08\/05\/registran-41-vulneraciones-a-la-institucionalidad-en-2024\/","title":{"rendered":"Registran 41 vulneraciones a la institucionalidad en 2024"},"content":{"rendered":"<p>Entre enero y julio de este a\u00f1o,\u00a0se registraron 44 episodios de vulneraci\u00f3n de derechos y libertades fundamentales en la Asamblea Legislativa Plurinacional (ALP), de las cuales 41 est\u00e1n relacionadas con la institucionalidad democr\u00e1tica, lo que evidencia el grave deterioro del Estado de Derecho, seg\u00fan un an\u00e1lisis de Unitas.<br \/>\nOtros tres casos tienen que ver con la libertad de prensa y se plasmaron en acciones directas de agresi\u00f3n entre asamble\u00edstas, omisiones en la transparencia de sus actos, apego a la norma, amenazas a periodistas y otros.<br \/>\nEl dato corresponde al Observatorio de Defensoras y Defensores de Derechos de Unitas, que agrupa estas vulneraciones en cinco eventos detonantes: las elecciones judiciales, la pr\u00f3rroga del mandato de magistrados, los conflictos partidarios, la corrupci\u00f3n y los actos contrarios al ejercicio de derechos.<br \/>\nEn la primera categor\u00eda se agrupan cinco vulneraciones cometidas en contra de la institucionalidad democr\u00e1tica. El 22 de febrero, la C\u00e1mara de Diputados se convirti\u00f3 en un campo de pelea entre legisladores del ala arcista y opositores, los primeros exigiendo la aprobaci\u00f3n de siete cr\u00e9ditos enviados por el \u00d3rgano Ejecutivo y, los segundos, demandando la cesaci\u00f3n de funciones de los magistrados que prorrogaron su mandato.<br \/>\nLas agresiones no s\u00f3lo se dieron entre asamble\u00edstas, sino tambi\u00e9n entre simpatizantes y organizaciones sociales que, dentro y fuera de la Asamblea Legislativa, optaron por cerrar y obligar a los legisladores a aprobar los cr\u00e9ditos y, tambi\u00e9n, se enfrentaron por las mismas demandas en alrededores de la Vicepresidencia.<br \/>\nLa violencia en la C\u00e1mara de Diputados se volvi\u00f3 a repetir el 27 y 29 de febrero. El 27 se suscit\u00f3 una jornada violenta en la C\u00e1mara de Diputados, luego de que un grupo de legisladoras de oposici\u00f3n acudi\u00f3 hasta la testera para impedir que se prosiga con la sesi\u00f3n, que preve\u00eda, primero, el tratamiento de los cr\u00e9ditos internacionales y, al final, la cesaci\u00f3n de la pr\u00f3rroga de los magistrados.<br \/>\nSon un total de 23 vulneraciones cometidas por acci\u00f3n directa u omisi\u00f3n derivadas del proceso de preselecci\u00f3n de candidatos para las altas cortes del pa\u00eds, 22 de los registros tienen que ver con atentados a la institucionalidad democr\u00e1tica y una con la libertad de prensa.<br \/>\nLos conflictos partidarios al interior de la Asamblea Legislativa tambi\u00e9n han generado diez vulneraciones a la institucionalidad democr\u00e1tica en estos siete meses del a\u00f1o. Por ejemplo, con la no convocatoria a sesiones de la C\u00e1mara de Diputados este a\u00f1o y la alegaci\u00f3n del presidente de esta instancia, Israel Huaytari, de que ello implica un gasto de 35.000 bolivianos (23\/04\/24).<br \/>\nPor otro lado, se han denunciado actos de corrupci\u00f3n en el \u00faltimo tiempo en la C\u00e1mara de Diputados, una vincula a funcionarios cercanos al presidente Israel Huaytari, quien tuvo que destituir al Oficial Mayor, al jefe de Recursos Humanos y a otros funcionarios por presuntos actos de violaci\u00f3n sexual y extorsi\u00f3n en esta entidad.<br \/>\nLa Comisi\u00f3n Interamericana de Derechos Humanos (CIDH) ha advertido que \u201cel grave deterioro del Estado de Derecho en un Estado parte no s\u00f3lo repercute en los niveles de gobernabilidad democr\u00e1tica; por el contrario, la experiencia hist\u00f3rica en Latinoam\u00e9rica ha demostrado que el deterioro institucional implica la afectaci\u00f3n de derechos fundamentales y crea un caldo de cultivo para posteriores situaciones de violaciones a los derechos humanos\u201d.<br \/>\nEn ese sentido, la CIDH ha destacado que, para lograr un desarrollo democr\u00e1tico participativo y estable es necesario contar, entre otras, con un poder legislativo independiente y eficaz. Por lo tanto, es fundamental para los pa\u00edses contar con un poder legislativo independiente y eficaz que pueda actuar como garante de la democracia. Solo de esta manera se puede asegurar un desarrollo democr\u00e1tico participativo y sostenible, que proteja los derechos humanos y fortalezca las estructuras institucionales para prevenir futuras violaciones y garantizar la gobernabilidad democr\u00e1tica. (Sumando Voces)<\/p>\n<p>&nbsp;<\/p>\n","protected":false},"excerpt":{"rendered":"<p>Entre enero y julio de este a\u00f1o,\u00a0se registraron 44 episodios de vulneraci\u00f3n de derechos y libertades fundamentales en la Asamblea Legislativa Plurinacional (ALP), de las cuales 41 est\u00e1n relacionadas con la institucionalidad democr\u00e1tica, lo que evidencia el grave deterioro del Estado de Derecho, seg\u00fan un an\u00e1lisis de Unitas. Otros tres casos tienen que ver con [&hellip;]<\/p>\n","protected":false},"author":1,"featured_media":238671,"comment_status":"open","ping_status":"open","sticky":false,"template":"","format":"standard","meta":{"_acf_changed":false,"footnotes":""},"categories":[14],"tags":[],"class_list":["post-238670","post","type-post","status-publish","format-standard","has-post-thumbnail","category-politica"],"acf":{"antetitulo":"Legislativo"},"yoast_head":"<!-- This site is optimized with the Yoast SEO plugin v28.4 - https:\/\/yoast.com\/product\/yoast-seo-wordpress\/ -->\n<title>Registran 41 vulneraciones a la institucionalidad en 2024 - El Diario - Bolivia<\/title>\n<meta name=\"robots\" content=\"index, follow, max-snippet:-1, max-image-preview:large, max-video-preview:-1\" \/>\n<link rel=\"canonical\" href=\"https:\/\/www.eldiario.net\/portal\/2024\/08\/05\/registran-41-vulneraciones-a-la-institucionalidad-en-2024\/\" \/>\n<meta property=\"og:locale\" content=\"es_ES\" \/>\n<meta property=\"og:type\" content=\"article\" \/>\n<meta property=\"og:title\" content=\"Registran 41 vulneraciones a la institucionalidad en 2024 - El Diario - Bolivia\" \/>\n<meta property=\"og:description\" content=\"Entre enero y julio de este a\u00f1o,\u00a0se registraron 44 episodios de vulneraci\u00f3n de derechos y libertades fundamentales en la Asamblea Legislativa Plurinacional (ALP), de las cuales 41 est\u00e1n relacionadas con la institucionalidad democr\u00e1tica, lo que evidencia el grave deterioro del Estado de Derecho, seg\u00fan un an\u00e1lisis de Unitas. Otros tres casos tienen que ver con [&hellip;]\" \/>\n<meta property=\"og:url\" content=\"https:\/\/www.eldiario.net\/portal\/2024\/08\/05\/registran-41-vulneraciones-a-la-institucionalidad-en-2024\/\" \/>\n<meta property=\"og:site_name\" content=\"El Diario - Bolivia\" \/>\n<meta property=\"article:publisher\" content=\"https:\/\/www.facebook.com\/eldiario.bolivia\/\" \/>\n<meta property=\"article:published_time\" content=\"2024-08-05T09:39:54+00:00\" \/>\n<meta property=\"og:image\" content=\"https:\/\/www.eldiario.net\/portal\/wp-content\/uploads\/2024\/08\/5-ALP.jpeg\" \/>\n\t<meta property=\"og:image:width\" content=\"720\" \/>\n\t<meta property=\"og:image:height\" content=\"400\" \/>\n\t<meta property=\"og:image:type\" content=\"image\/jpeg\" \/>\n<meta name=\"author\" content=\"Jeanette\" \/>\n<meta name=\"twitter:card\" content=\"summary_large_image\" \/>\n<meta name=\"twitter:creator\" content=\"@eldiario_net\" \/>\n<meta name=\"twitter:site\" content=\"@eldiario_net\" \/>\n<meta name=\"twitter:label1\" content=\"Escrito por\" \/>\n\t<meta name=\"twitter:data1\" content=\"Jeanette\" \/>\n\t<meta name=\"twitter:label2\" content=\"Tiempo de lectura\" \/>\n\t<meta name=\"twitter:data2\" content=\"4 minutos\" \/>\n<script type=\"application\/ld+json\" class=\"yoast-schema-graph\">{\"@context\":\"https:\\\/\\\/schema.org\",\"@graph\":[{\"@type\":\"Article\",\"@id\":\"https:\\\/\\\/www.eldiario.net\\\/portal\\\/2024\\\/08\\\/05\\\/registran-41-vulneraciones-a-la-institucionalidad-en-2024\\\/#article\",\"isPartOf\":{\"@id\":\"https:\\\/\\\/www.eldiario.net\\\/portal\\\/2024\\\/08\\\/05\\\/registran-41-vulneraciones-a-la-institucionalidad-en-2024\\\/\"},\"author\":{\"name\":\"Jeanette\",\"@id\":\"https:\\\/\\\/www.eldiario.net\\\/portal\\\/#\\\/schema\\\/person\\\/2c57cf2b7a7ae032e449e4c9b1019eac\"},\"headline\":\"Registran 41 vulneraciones a la institucionalidad en 2024\",\"datePublished\":\"2024-08-05T09:39:54+00:00\",\"mainEntityOfPage\":{\"@id\":\"https:\\\/\\\/www.eldiario.net\\\/portal\\\/2024\\\/08\\\/05\\\/registran-41-vulneraciones-a-la-institucionalidad-en-2024\\\/\"},\"wordCount\":672,\"commentCount\":0,\"publisher\":{\"@id\":\"https:\\\/\\\/www.eldiario.net\\\/portal\\\/#organization\"},\"image\":{\"@id\":\"https:\\\/\\\/www.eldiario.net\\\/portal\\\/2024\\\/08\\\/05\\\/registran-41-vulneraciones-a-la-institucionalidad-en-2024\\\/#primaryimage\"},\"thumbnailUrl\":\"https:\\\/\\\/www.eldiario.net\\\/portal\\\/wp-content\\\/uploads\\\/2024\\\/08\\\/5-ALP.jpeg\",\"articleSection\":[\"Pol\u00edtica\"],\"inLanguage\":\"es\",\"potentialAction\":[{\"@type\":\"CommentAction\",\"name\":\"Comment\",\"target\":[\"https:\\\/\\\/www.eldiario.net\\\/portal\\\/2024\\\/08\\\/05\\\/registran-41-vulneraciones-a-la-institucionalidad-en-2024\\\/#respond\"]}]},{\"@type\":\"WebPage\",\"@id\":\"https:\\\/\\\/www.eldiario.net\\\/portal\\\/2024\\\/08\\\/05\\\/registran-41-vulneraciones-a-la-institucionalidad-en-2024\\\/\",\"url\":\"https:\\\/\\\/www.eldiario.net\\\/portal\\\/2024\\\/08\\\/05\\\/registran-41-vulneraciones-a-la-institucionalidad-en-2024\\\/\",\"name\":\"Registran 41 vulneraciones a la institucionalidad en 2024 - El Diario - Bolivia\",\"isPartOf\":{\"@id\":\"https:\\\/\\\/www.eldiario.net\\\/portal\\\/#website\"},\"primaryImageOfPage\":{\"@id\":\"https:\\\/\\\/www.eldiario.net\\\/portal\\\/2024\\\/08\\\/05\\\/registran-41-vulneraciones-a-la-institucionalidad-en-2024\\\/#primaryimage\"},\"image\":{\"@id\":\"https:\\\/\\\/www.eldiario.net\\\/portal\\\/2024\\\/08\\\/05\\\/registran-41-vulneraciones-a-la-institucionalidad-en-2024\\\/#primaryimage\"},\"thumbnailUrl\":\"https:\\\/\\\/www.eldiario.net\\\/portal\\\/wp-content\\\/uploads\\\/2024\\\/08\\\/5-ALP.jpeg\",\"datePublished\":\"2024-08-05T09:39:54+00:00\",\"breadcrumb\":{\"@id\":\"https:\\\/\\\/www.eldiario.net\\\/portal\\\/2024\\\/08\\\/05\\\/registran-41-vulneraciones-a-la-institucionalidad-en-2024\\\/#breadcrumb\"},\"inLanguage\":\"es\",\"potentialAction\":[{\"@type\":\"ReadAction\",\"target\":[\"https:\\\/\\\/www.eldiario.net\\\/portal\\\/2024\\\/08\\\/05\\\/registran-41-vulneraciones-a-la-institucionalidad-en-2024\\\/\"]}]},{\"@type\":\"ImageObject\",\"inLanguage\":\"es\",\"@id\":\"https:\\\/\\\/www.eldiario.net\\\/portal\\\/2024\\\/08\\\/05\\\/registran-41-vulneraciones-a-la-institucionalidad-en-2024\\\/#primaryimage\",\"url\":\"https:\\\/\\\/www.eldiario.net\\\/portal\\\/wp-content\\\/uploads\\\/2024\\\/08\\\/5-ALP.jpeg\",\"contentUrl\":\"https:\\\/\\\/www.eldiario.net\\\/portal\\\/wp-content\\\/uploads\\\/2024\\\/08\\\/5-ALP.jpeg\",\"width\":720,\"height\":400,\"caption\":\"Una de las sesiones de Diputados desarrolladas en febrero.\"},{\"@type\":\"BreadcrumbList\",\"@id\":\"https:\\\/\\\/www.eldiario.net\\\/portal\\\/2024\\\/08\\\/05\\\/registran-41-vulneraciones-a-la-institucionalidad-en-2024\\\/#breadcrumb\",\"itemListElement\":[{\"@type\":\"ListItem\",\"position\":1,\"name\":\"Portada\",\"item\":\"https:\\\/\\\/www.eldiario.net\\\/portal\\\/\"},{\"@type\":\"ListItem\",\"position\":2,\"name\":\"Registran 41 vulneraciones a la institucionalidad en 2024\"}]},{\"@type\":\"WebSite\",\"@id\":\"https:\\\/\\\/www.eldiario.net\\\/portal\\\/#website\",\"url\":\"https:\\\/\\\/www.eldiario.net\\\/portal\\\/\",\"name\":\"El Diario - Decano de la prensa nacional\",\"description\":\"El Diario - Decano de la prensa nacional\",\"publisher\":{\"@id\":\"https:\\\/\\\/www.eldiario.net\\\/portal\\\/#organization\"},\"potentialAction\":[{\"@type\":\"SearchAction\",\"target\":{\"@type\":\"EntryPoint\",\"urlTemplate\":\"https:\\\/\\\/www.eldiario.net\\\/portal\\\/?s={search_term_string}\"},\"query-input\":{\"@type\":\"PropertyValueSpecification\",\"valueRequired\":true,\"valueName\":\"search_term_string\"}}],\"inLanguage\":\"es\"},{\"@type\":\"Organization\",\"@id\":\"https:\\\/\\\/www.eldiario.net\\\/portal\\\/#organization\",\"name\":\"El Diario - Decano de la prensa nacional\",\"url\":\"https:\\\/\\\/www.eldiario.net\\\/portal\\\/\",\"logo\":{\"@type\":\"ImageObject\",\"inLanguage\":\"es\",\"@id\":\"https:\\\/\\\/www.eldiario.net\\\/portal\\\/#\\\/schema\\\/logo\\\/image\\\/\",\"url\":\"https:\\\/\\\/www.eldiario.net\\\/portal\\\/wp-content\\\/uploads\\\/2023\\\/07\\\/logo_ED.jpg\",\"contentUrl\":\"https:\\\/\\\/www.eldiario.net\\\/portal\\\/wp-content\\\/uploads\\\/2023\\\/07\\\/logo_ED.jpg\",\"width\":272,\"height\":52,\"caption\":\"El Diario - Decano de la prensa nacional\"},\"image\":{\"@id\":\"https:\\\/\\\/www.eldiario.net\\\/portal\\\/#\\\/schema\\\/logo\\\/image\\\/\"},\"sameAs\":[\"https:\\\/\\\/www.facebook.com\\\/eldiario.bolivia\\\/\",\"https:\\\/\\\/x.com\\\/eldiario_net\"]},{\"@type\":\"Person\",\"@id\":\"https:\\\/\\\/www.eldiario.net\\\/portal\\\/#\\\/schema\\\/person\\\/2c57cf2b7a7ae032e449e4c9b1019eac\",\"name\":\"Jeanette\",\"image\":{\"@type\":\"ImageObject\",\"inLanguage\":\"es\",\"@id\":\"https:\\\/\\\/secure.gravatar.com\\\/avatar\\\/3ea2118a5f7dad2b7138b1187a6b7ee55f160b9968b66013c3a3ef39dd7e5798?s=96&d=mm&r=g\",\"url\":\"https:\\\/\\\/secure.gravatar.com\\\/avatar\\\/3ea2118a5f7dad2b7138b1187a6b7ee55f160b9968b66013c3a3ef39dd7e5798?s=96&d=mm&r=g\",\"contentUrl\":\"https:\\\/\\\/secure.gravatar.com\\\/avatar\\\/3ea2118a5f7dad2b7138b1187a6b7ee55f160b9968b66013c3a3ef39dd7e5798?s=96&d=mm&r=g\",\"caption\":\"Jeanette\"},\"sameAs\":[\"https:\\\/\\\/www.eldiario.net\\\/portal\"],\"url\":\"https:\\\/\\\/www.eldiario.net\\\/portal\\\/author\\\/jeanette\\\/\"}]}<\/script>\n<!-- \/ Yoast SEO plugin. -->","yoast_head_json":{"title":"Registran 41 vulneraciones a la institucionalidad en 2024 - El Diario - Bolivia","robots":{"index":"index","follow":"follow","max-snippet":"max-snippet:-1","max-image-preview":"max-image-preview:large","max-video-preview":"max-video-preview:-1"},"canonical":"https:\/\/www.eldiario.net\/portal\/2024\/08\/05\/registran-41-vulneraciones-a-la-institucionalidad-en-2024\/","og_locale":"es_ES","og_type":"article","og_title":"Registran 41 vulneraciones a la institucionalidad en 2024 - El Diario - Bolivia","og_description":"Entre enero y julio de este a\u00f1o,\u00a0se registraron 44 episodios de vulneraci\u00f3n de derechos y libertades fundamentales en la Asamblea Legislativa Plurinacional (ALP), de las cuales 41 est\u00e1n relacionadas con la institucionalidad democr\u00e1tica, lo que evidencia el grave deterioro del Estado de Derecho, seg\u00fan un an\u00e1lisis de Unitas. Otros tres casos tienen que ver con [&hellip;]","og_url":"https:\/\/www.eldiario.net\/portal\/2024\/08\/05\/registran-41-vulneraciones-a-la-institucionalidad-en-2024\/","og_site_name":"El Diario - Bolivia","article_publisher":"https:\/\/www.facebook.com\/eldiario.bolivia\/","article_published_time":"2024-08-05T09:39:54+00:00","og_image":[{"width":720,"height":400,"url":"https:\/\/www.eldiario.net\/portal\/wp-content\/uploads\/2024\/08\/5-ALP.jpeg","type":"image\/jpeg"}],"author":"Jeanette","twitter_card":"summary_large_image","twitter_creator":"@eldiario_net","twitter_site":"@eldiario_net","twitter_misc":{"Escrito por":"Jeanette","Tiempo de lectura":"4 minutos"},"schema":{"@context":"https:\/\/schema.org","@graph":[{"@type":"Article","@id":"https:\/\/www.eldiario.net\/portal\/2024\/08\/05\/registran-41-vulneraciones-a-la-institucionalidad-en-2024\/#article","isPartOf":{"@id":"https:\/\/www.eldiario.net\/portal\/2024\/08\/05\/registran-41-vulneraciones-a-la-institucionalidad-en-2024\/"},"author":{"name":"Jeanette","@id":"https:\/\/www.eldiario.net\/portal\/#\/schema\/person\/2c57cf2b7a7ae032e449e4c9b1019eac"},"headline":"Registran 41 vulneraciones a la institucionalidad en 2024","datePublished":"2024-08-05T09:39:54+00:00","mainEntityOfPage":{"@id":"https:\/\/www.eldiario.net\/portal\/2024\/08\/05\/registran-41-vulneraciones-a-la-institucionalidad-en-2024\/"},"wordCount":672,"commentCount":0,"publisher":{"@id":"https:\/\/www.eldiario.net\/portal\/#organization"},"image":{"@id":"https:\/\/www.eldiario.net\/portal\/2024\/08\/05\/registran-41-vulneraciones-a-la-institucionalidad-en-2024\/#primaryimage"},"thumbnailUrl":"https:\/\/www.eldiario.net\/portal\/wp-content\/uploads\/2024\/08\/5-ALP.jpeg","articleSection":["Pol\u00edtica"],"inLanguage":"es","potentialAction":[{"@type":"CommentAction","name":"Comment","target":["https:\/\/www.eldiario.net\/portal\/2024\/08\/05\/registran-41-vulneraciones-a-la-institucionalidad-en-2024\/#respond"]}]},{"@type":"WebPage","@id":"https:\/\/www.eldiario.net\/portal\/2024\/08\/05\/registran-41-vulneraciones-a-la-institucionalidad-en-2024\/","url":"https:\/\/www.eldiario.net\/portal\/2024\/08\/05\/registran-41-vulneraciones-a-la-institucionalidad-en-2024\/","name":"Registran 41 vulneraciones a la institucionalidad en 2024 - El Diario - Bolivia","isPartOf":{"@id":"https:\/\/www.eldiario.net\/portal\/#website"},"primaryImageOfPage":{"@id":"https:\/\/www.eldiario.net\/portal\/2024\/08\/05\/registran-41-vulneraciones-a-la-institucionalidad-en-2024\/#primaryimage"},"image":{"@id":"https:\/\/www.eldiario.net\/portal\/2024\/08\/05\/registran-41-vulneraciones-a-la-institucionalidad-en-2024\/#primaryimage"},"thumbnailUrl":"https:\/\/www.eldiario.net\/portal\/wp-content\/uploads\/2024\/08\/5-ALP.jpeg","datePublished":"2024-08-05T09:39:54+00:00","breadcrumb":{"@id":"https:\/\/www.eldiario.net\/portal\/2024\/08\/05\/registran-41-vulneraciones-a-la-institucionalidad-en-2024\/#breadcrumb"},"inLanguage":"es","potentialAction":[{"@type":"ReadAction","target":["https:\/\/www.eldiario.net\/portal\/2024\/08\/05\/registran-41-vulneraciones-a-la-institucionalidad-en-2024\/"]}]},{"@type":"ImageObject","inLanguage":"es","@id":"https:\/\/www.eldiario.net\/portal\/2024\/08\/05\/registran-41-vulneraciones-a-la-institucionalidad-en-2024\/#primaryimage","url":"https:\/\/www.eldiario.net\/portal\/wp-content\/uploads\/2024\/08\/5-ALP.jpeg","contentUrl":"https:\/\/www.eldiario.net\/portal\/wp-content\/uploads\/2024\/08\/5-ALP.jpeg","width":720,"height":400,"caption":"Una de las sesiones de Diputados desarrolladas en febrero."},{"@type":"BreadcrumbList","@id":"https:\/\/www.eldiario.net\/portal\/2024\/08\/05\/registran-41-vulneraciones-a-la-institucionalidad-en-2024\/#breadcrumb","itemListElement":[{"@type":"ListItem","position":1,"name":"Portada","item":"https:\/\/www.eldiario.net\/portal\/"},{"@type":"ListItem","position":2,"name":"Registran 41 vulneraciones a la institucionalidad en 2024"}]},{"@type":"WebSite","@id":"https:\/\/www.eldiario.net\/portal\/#website","url":"https:\/\/www.eldiario.net\/portal\/","name":"El Diario - Decano de la prensa nacional","description":"El Diario - Decano de la prensa nacional","publisher":{"@id":"https:\/\/www.eldiario.net\/portal\/#organization"},"potentialAction":[{"@type":"SearchAction","target":{"@type":"EntryPoint","urlTemplate":"https:\/\/www.eldiario.net\/portal\/?s={search_term_string}"},"query-input":{"@type":"PropertyValueSpecification","valueRequired":true,"valueName":"search_term_string"}}],"inLanguage":"es"},{"@type":"Organization","@id":"https:\/\/www.eldiario.net\/portal\/#organization","name":"El Diario - Decano de la prensa nacional","url":"https:\/\/www.eldiario.net\/portal\/","logo":{"@type":"ImageObject","inLanguage":"es","@id":"https:\/\/www.eldiario.net\/portal\/#\/schema\/logo\/image\/","url":"https:\/\/www.eldiario.net\/portal\/wp-content\/uploads\/2023\/07\/logo_ED.jpg","contentUrl":"https:\/\/www.eldiario.net\/portal\/wp-content\/uploads\/2023\/07\/logo_ED.jpg","width":272,"height":52,"caption":"El Diario - Decano de la prensa nacional"},"image":{"@id":"https:\/\/www.eldiario.net\/portal\/#\/schema\/logo\/image\/"},"sameAs":["https:\/\/www.facebook.com\/eldiario.bolivia\/","https:\/\/x.com\/eldiario_net"]},{"@type":"Person","@id":"https:\/\/www.eldiario.net\/portal\/#\/schema\/person\/2c57cf2b7a7ae032e449e4c9b1019eac","name":"Jeanette","image":{"@type":"ImageObject","inLanguage":"es","@id":"https:\/\/secure.gravatar.com\/avatar\/3ea2118a5f7dad2b7138b1187a6b7ee55f160b9968b66013c3a3ef39dd7e5798?s=96&d=mm&r=g","url":"https:\/\/secure.gravatar.com\/avatar\/3ea2118a5f7dad2b7138b1187a6b7ee55f160b9968b66013c3a3ef39dd7e5798?s=96&d=mm&r=g","contentUrl":"https:\/\/secure.gravatar.com\/avatar\/3ea2118a5f7dad2b7138b1187a6b7ee55f160b9968b66013c3a3ef39dd7e5798?s=96&d=mm&r=g","caption":"Jeanette"},"sameAs":["https:\/\/www.eldiario.net\/portal"],"url":"https:\/\/www.eldiario.net\/portal\/author\/jeanette\/"}]}},"_links":{"self":[{"href":"https:\/\/www.eldiario.net\/portal\/wp-json\/wp\/v2\/posts\/238670","targetHints":{"allow":["GET"]}}],"collection":[{"href":"https:\/\/www.eldiario.net\/portal\/wp-json\/wp\/v2\/posts"}],"about":[{"href":"https:\/\/www.eldiario.net\/portal\/wp-json\/wp\/v2\/types\/post"}],"author":[{"embeddable":true,"href":"https:\/\/www.eldiario.net\/portal\/wp-json\/wp\/v2\/users\/1"}],"replies":[{"embeddable":true,"href":"https:\/\/www.eldiario.net\/portal\/wp-json\/wp\/v2\/comments?post=238670"}],"version-history":[{"count":1,"href":"https:\/\/www.eldiario.net\/portal\/wp-json\/wp\/v2\/posts\/238670\/revisions"}],"predecessor-version":[{"id":238672,"href":"https:\/\/www.eldiario.net\/portal\/wp-json\/wp\/v2\/posts\/238670\/revisions\/238672"}],"wp:featuredmedia":[{"embeddable":true,"href":"https:\/\/www.eldiario.net\/portal\/wp-json\/wp\/v2\/media\/238671"}],"wp:attachment":[{"href":"https:\/\/www.eldiario.net\/portal\/wp-json\/wp\/v2\/media?parent=238670"}],"wp:term":[{"taxonomy":"category","embeddable":true,"href":"https:\/\/www.eldiario.net\/portal\/wp-json\/wp\/v2\/categories?post=238670"},{"taxonomy":"post_tag","embeddable":true,"href":"https:\/\/www.eldiario.net\/portal\/wp-json\/wp\/v2\/tags?post=238670"}],"curies":[{"name":"wp","href":"https:\/\/api.w.org\/{rel}","templated":true}]}}