{"id":238667,"date":"2024-08-05T05:39:22","date_gmt":"2024-08-05T09:39:22","guid":{"rendered":"https:\/\/www.eldiario.net\/portal\/?p=238667"},"modified":"2024-08-05T05:39:22","modified_gmt":"2024-08-05T09:39:22","slug":"alp-reinstala-sesion-este-lunes-para-tratar-lista-de-candidatos","status":"publish","type":"post","link":"https:\/\/www.eldiario.net\/portal\/2024\/08\/05\/alp-reinstala-sesion-este-lunes-para-tratar-lista-de-candidatos\/","title":{"rendered":"ALP reinstala sesi\u00f3n este lunes para tratar lista de candidatos"},"content":{"rendered":"<p>Mediante un comunicado, la presidencia de la Asamblea Legislativa Plurinacional (ALP) inform\u00f3 que este lunes se tiene previsto reinstalar la novena sesi\u00f3n del Pleno en la ciudad de Sucre para tratar la lista de precandidatos a las elecciones judiciales.<br \/>\nLa Presidencia de la ALP difundi\u00f3 ayer en sus redes sociales un comunicado en el que informa a los legisladores de la convocatoria que la reuni\u00f3n se instalar\u00e1 en el Centro Internacional de Convenciones y Cultura, ubicado en la zona La Glorieta de la capital del Estado.<br \/>\nLa reuni\u00f3n retomar\u00e1 la sesi\u00f3n que fue instalada el jueves, entr\u00f3 en cuarto intermedio y luego se retom\u00f3 el viernes y en la que se decidi\u00f3 rechazar la lista de candidatos al Tribunal Constitucional Plurinacional (TCP) presentada por la Comisi\u00f3n Mixta de Constituci\u00f3n.<br \/>\nEl viernes se le dio 24 horas a la comisi\u00f3n para que presentara un informe complementario con una nueva n\u00f3mina completa de candidatos, seg\u00fan refleja el portal Br\u00fajula Digital.<br \/>\nEl problema ocurri\u00f3 porque luego de los ex\u00e1menes faltaron postulantes para los departamentos de Cochabamba, Santa Cruz, Pando, Beni y Potos\u00ed, ya que varios no consiguieron habilitarse. Esto perjudic\u00f3 la equidad de g\u00e9nero y presencia ind\u00edgena.<br \/>\nLa resoluci\u00f3n del pleno de la Asamblea tambi\u00e9n indic\u00f3 que \u201cen tanto la Comisi\u00f3n Mixta de Constituci\u00f3n no emita el informe correspondiente en cumplimiento a la disposici\u00f3n primera de la presente resoluci\u00f3n, la Asamblea no considerar\u00e1 ning\u00fan otro informe del proceso de preselecci\u00f3n al TSJ, Tribunal Agroambiental y Consejo de la Magistratura\u201d.<br \/>\nLas autoridades del Estado y legisladores estar\u00e1n en Sucre por los actos oficiales conmemorativos a los 199 a\u00f1os de la fundaci\u00f3n de Bolivia.<\/p>\n","protected":false},"excerpt":{"rendered":"<p>Mediante un comunicado, la presidencia de la Asamblea Legislativa Plurinacional (ALP) inform\u00f3 que este lunes se tiene previsto reinstalar la novena sesi\u00f3n del Pleno en la ciudad de Sucre para tratar la lista de precandidatos a las elecciones judiciales. La Presidencia de la ALP difundi\u00f3 ayer en sus redes sociales un comunicado en el que [&hellip;]<\/p>\n","protected":false},"author":1,"featured_media":238668,"comment_status":"open","ping_status":"open","sticky":false,"template":"","format":"standard","meta":{"_acf_changed":false,"footnotes":""},"categories":[14],"tags":[],"class_list":["post-238667","post","type-post","status-publish","format-standard","has-post-thumbnail","category-politica"],"acf":{"antetitulo":""},"yoast_head":"<!-- This site is optimized with the Yoast SEO plugin v28.4 - https:\/\/yoast.com\/product\/yoast-seo-wordpress\/ -->\n<title>ALP reinstala sesi\u00f3n este lunes para tratar lista de candidatos - El Diario - Bolivia<\/title>\n<meta name=\"robots\" content=\"index, follow, max-snippet:-1, max-image-preview:large, max-video-preview:-1\" \/>\n<link rel=\"canonical\" href=\"https:\/\/www.eldiario.net\/portal\/2024\/08\/05\/alp-reinstala-sesion-este-lunes-para-tratar-lista-de-candidatos\/\" \/>\n<meta property=\"og:locale\" content=\"es_ES\" \/>\n<meta property=\"og:type\" content=\"article\" \/>\n<meta property=\"og:title\" content=\"ALP reinstala sesi\u00f3n este lunes para tratar lista de candidatos - El Diario - Bolivia\" \/>\n<meta property=\"og:description\" content=\"Mediante un comunicado, la presidencia de la Asamblea Legislativa Plurinacional (ALP) inform\u00f3 que este lunes se tiene previsto reinstalar la novena sesi\u00f3n del Pleno en la ciudad de Sucre para tratar la lista de precandidatos a las elecciones judiciales. La Presidencia de la ALP difundi\u00f3 ayer en sus redes sociales un comunicado en el que [&hellip;]\" \/>\n<meta property=\"og:url\" content=\"https:\/\/www.eldiario.net\/portal\/2024\/08\/05\/alp-reinstala-sesion-este-lunes-para-tratar-lista-de-candidatos\/\" \/>\n<meta property=\"og:site_name\" content=\"El Diario - Bolivia\" \/>\n<meta property=\"article:publisher\" content=\"https:\/\/www.facebook.com\/eldiario.bolivia\/\" \/>\n<meta property=\"article:published_time\" content=\"2024-08-05T09:39:22+00:00\" \/>\n<meta property=\"og:image\" content=\"https:\/\/www.eldiario.net\/portal\/wp-content\/uploads\/2024\/08\/5-SES.jpg\" \/>\n\t<meta property=\"og:image:width\" content=\"720\" \/>\n\t<meta property=\"og:image:height\" content=\"400\" \/>\n\t<meta property=\"og:image:type\" content=\"image\/jpeg\" \/>\n<meta name=\"author\" content=\"Jeanette\" \/>\n<meta name=\"twitter:card\" content=\"summary_large_image\" \/>\n<meta name=\"twitter:creator\" content=\"@eldiario_net\" \/>\n<meta name=\"twitter:site\" content=\"@eldiario_net\" \/>\n<meta name=\"twitter:label1\" content=\"Escrito por\" \/>\n\t<meta name=\"twitter:data1\" content=\"Jeanette\" \/>\n\t<meta name=\"twitter:label2\" content=\"Tiempo de lectura\" \/>\n\t<meta name=\"twitter:data2\" content=\"2 minutos\" \/>\n<script type=\"application\/ld+json\" class=\"yoast-schema-graph\">{\"@context\":\"https:\\\/\\\/schema.org\",\"@graph\":[{\"@type\":\"Article\",\"@id\":\"https:\\\/\\\/www.eldiario.net\\\/portal\\\/2024\\\/08\\\/05\\\/alp-reinstala-sesion-este-lunes-para-tratar-lista-de-candidatos\\\/#article\",\"isPartOf\":{\"@id\":\"https:\\\/\\\/www.eldiario.net\\\/portal\\\/2024\\\/08\\\/05\\\/alp-reinstala-sesion-este-lunes-para-tratar-lista-de-candidatos\\\/\"},\"author\":{\"name\":\"Jeanette\",\"@id\":\"https:\\\/\\\/www.eldiario.net\\\/portal\\\/#\\\/schema\\\/person\\\/2c57cf2b7a7ae032e449e4c9b1019eac\"},\"headline\":\"ALP reinstala sesi\u00f3n este lunes para tratar lista de candidatos\",\"datePublished\":\"2024-08-05T09:39:22+00:00\",\"mainEntityOfPage\":{\"@id\":\"https:\\\/\\\/www.eldiario.net\\\/portal\\\/2024\\\/08\\\/05\\\/alp-reinstala-sesion-este-lunes-para-tratar-lista-de-candidatos\\\/\"},\"wordCount\":302,\"commentCount\":0,\"publisher\":{\"@id\":\"https:\\\/\\\/www.eldiario.net\\\/portal\\\/#organization\"},\"image\":{\"@id\":\"https:\\\/\\\/www.eldiario.net\\\/portal\\\/2024\\\/08\\\/05\\\/alp-reinstala-sesion-este-lunes-para-tratar-lista-de-candidatos\\\/#primaryimage\"},\"thumbnailUrl\":\"https:\\\/\\\/www.eldiario.net\\\/portal\\\/wp-content\\\/uploads\\\/2024\\\/08\\\/5-SES.jpg\",\"articleSection\":[\"Pol\u00edtica\"],\"inLanguage\":\"es\",\"potentialAction\":[{\"@type\":\"CommentAction\",\"name\":\"Comment\",\"target\":[\"https:\\\/\\\/www.eldiario.net\\\/portal\\\/2024\\\/08\\\/05\\\/alp-reinstala-sesion-este-lunes-para-tratar-lista-de-candidatos\\\/#respond\"]}]},{\"@type\":\"WebPage\",\"@id\":\"https:\\\/\\\/www.eldiario.net\\\/portal\\\/2024\\\/08\\\/05\\\/alp-reinstala-sesion-este-lunes-para-tratar-lista-de-candidatos\\\/\",\"url\":\"https:\\\/\\\/www.eldiario.net\\\/portal\\\/2024\\\/08\\\/05\\\/alp-reinstala-sesion-este-lunes-para-tratar-lista-de-candidatos\\\/\",\"name\":\"ALP reinstala sesi\u00f3n este lunes para tratar lista de candidatos - El Diario - Bolivia\",\"isPartOf\":{\"@id\":\"https:\\\/\\\/www.eldiario.net\\\/portal\\\/#website\"},\"primaryImageOfPage\":{\"@id\":\"https:\\\/\\\/www.eldiario.net\\\/portal\\\/2024\\\/08\\\/05\\\/alp-reinstala-sesion-este-lunes-para-tratar-lista-de-candidatos\\\/#primaryimage\"},\"image\":{\"@id\":\"https:\\\/\\\/www.eldiario.net\\\/portal\\\/2024\\\/08\\\/05\\\/alp-reinstala-sesion-este-lunes-para-tratar-lista-de-candidatos\\\/#primaryimage\"},\"thumbnailUrl\":\"https:\\\/\\\/www.eldiario.net\\\/portal\\\/wp-content\\\/uploads\\\/2024\\\/08\\\/5-SES.jpg\",\"datePublished\":\"2024-08-05T09:39:22+00:00\",\"breadcrumb\":{\"@id\":\"https:\\\/\\\/www.eldiario.net\\\/portal\\\/2024\\\/08\\\/05\\\/alp-reinstala-sesion-este-lunes-para-tratar-lista-de-candidatos\\\/#breadcrumb\"},\"inLanguage\":\"es\",\"potentialAction\":[{\"@type\":\"ReadAction\",\"target\":[\"https:\\\/\\\/www.eldiario.net\\\/portal\\\/2024\\\/08\\\/05\\\/alp-reinstala-sesion-este-lunes-para-tratar-lista-de-candidatos\\\/\"]}]},{\"@type\":\"ImageObject\",\"inLanguage\":\"es\",\"@id\":\"https:\\\/\\\/www.eldiario.net\\\/portal\\\/2024\\\/08\\\/05\\\/alp-reinstala-sesion-este-lunes-para-tratar-lista-de-candidatos\\\/#primaryimage\",\"url\":\"https:\\\/\\\/www.eldiario.net\\\/portal\\\/wp-content\\\/uploads\\\/2024\\\/08\\\/5-SES.jpg\",\"contentUrl\":\"https:\\\/\\\/www.eldiario.net\\\/portal\\\/wp-content\\\/uploads\\\/2024\\\/08\\\/5-SES.jpg\",\"width\":720,\"height\":400,\"caption\":\"Legisladores participan en sesi\u00f3n plenaria del jueves.\"},{\"@type\":\"BreadcrumbList\",\"@id\":\"https:\\\/\\\/www.eldiario.net\\\/portal\\\/2024\\\/08\\\/05\\\/alp-reinstala-sesion-este-lunes-para-tratar-lista-de-candidatos\\\/#breadcrumb\",\"itemListElement\":[{\"@type\":\"ListItem\",\"position\":1,\"name\":\"Portada\",\"item\":\"https:\\\/\\\/www.eldiario.net\\\/portal\\\/\"},{\"@type\":\"ListItem\",\"position\":2,\"name\":\"ALP reinstala sesi\u00f3n este lunes para tratar lista de candidatos\"}]},{\"@type\":\"WebSite\",\"@id\":\"https:\\\/\\\/www.eldiario.net\\\/portal\\\/#website\",\"url\":\"https:\\\/\\\/www.eldiario.net\\\/portal\\\/\",\"name\":\"El Diario - Decano de la prensa nacional\",\"description\":\"El Diario - Decano de la prensa nacional\",\"publisher\":{\"@id\":\"https:\\\/\\\/www.eldiario.net\\\/portal\\\/#organization\"},\"potentialAction\":[{\"@type\":\"SearchAction\",\"target\":{\"@type\":\"EntryPoint\",\"urlTemplate\":\"https:\\\/\\\/www.eldiario.net\\\/portal\\\/?s={search_term_string}\"},\"query-input\":{\"@type\":\"PropertyValueSpecification\",\"valueRequired\":true,\"valueName\":\"search_term_string\"}}],\"inLanguage\":\"es\"},{\"@type\":\"Organization\",\"@id\":\"https:\\\/\\\/www.eldiario.net\\\/portal\\\/#organization\",\"name\":\"El Diario - Decano de la prensa nacional\",\"url\":\"https:\\\/\\\/www.eldiario.net\\\/portal\\\/\",\"logo\":{\"@type\":\"ImageObject\",\"inLanguage\":\"es\",\"@id\":\"https:\\\/\\\/www.eldiario.net\\\/portal\\\/#\\\/schema\\\/logo\\\/image\\\/\",\"url\":\"https:\\\/\\\/www.eldiario.net\\\/portal\\\/wp-content\\\/uploads\\\/2023\\\/07\\\/logo_ED.jpg\",\"contentUrl\":\"https:\\\/\\\/www.eldiario.net\\\/portal\\\/wp-content\\\/uploads\\\/2023\\\/07\\\/logo_ED.jpg\",\"width\":272,\"height\":52,\"caption\":\"El Diario - Decano de la prensa nacional\"},\"image\":{\"@id\":\"https:\\\/\\\/www.eldiario.net\\\/portal\\\/#\\\/schema\\\/logo\\\/image\\\/\"},\"sameAs\":[\"https:\\\/\\\/www.facebook.com\\\/eldiario.bolivia\\\/\",\"https:\\\/\\\/x.com\\\/eldiario_net\"]},{\"@type\":\"Person\",\"@id\":\"https:\\\/\\\/www.eldiario.net\\\/portal\\\/#\\\/schema\\\/person\\\/2c57cf2b7a7ae032e449e4c9b1019eac\",\"name\":\"Jeanette\",\"image\":{\"@type\":\"ImageObject\",\"inLanguage\":\"es\",\"@id\":\"https:\\\/\\\/secure.gravatar.com\\\/avatar\\\/3ea2118a5f7dad2b7138b1187a6b7ee55f160b9968b66013c3a3ef39dd7e5798?s=96&d=mm&r=g\",\"url\":\"https:\\\/\\\/secure.gravatar.com\\\/avatar\\\/3ea2118a5f7dad2b7138b1187a6b7ee55f160b9968b66013c3a3ef39dd7e5798?s=96&d=mm&r=g\",\"contentUrl\":\"https:\\\/\\\/secure.gravatar.com\\\/avatar\\\/3ea2118a5f7dad2b7138b1187a6b7ee55f160b9968b66013c3a3ef39dd7e5798?s=96&d=mm&r=g\",\"caption\":\"Jeanette\"},\"sameAs\":[\"https:\\\/\\\/www.eldiario.net\\\/portal\"],\"url\":\"https:\\\/\\\/www.eldiario.net\\\/portal\\\/author\\\/jeanette\\\/\"}]}<\/script>\n<!-- \/ Yoast SEO plugin. -->","yoast_head_json":{"title":"ALP reinstala sesi\u00f3n este lunes para tratar lista de candidatos - El Diario - Bolivia","robots":{"index":"index","follow":"follow","max-snippet":"max-snippet:-1","max-image-preview":"max-image-preview:large","max-video-preview":"max-video-preview:-1"},"canonical":"https:\/\/www.eldiario.net\/portal\/2024\/08\/05\/alp-reinstala-sesion-este-lunes-para-tratar-lista-de-candidatos\/","og_locale":"es_ES","og_type":"article","og_title":"ALP reinstala sesi\u00f3n este lunes para tratar lista de candidatos - El Diario - Bolivia","og_description":"Mediante un comunicado, la presidencia de la Asamblea Legislativa Plurinacional (ALP) inform\u00f3 que este lunes se tiene previsto reinstalar la novena sesi\u00f3n del Pleno en la ciudad de Sucre para tratar la lista de precandidatos a las elecciones judiciales. La Presidencia de la ALP difundi\u00f3 ayer en sus redes sociales un comunicado en el que [&hellip;]","og_url":"https:\/\/www.eldiario.net\/portal\/2024\/08\/05\/alp-reinstala-sesion-este-lunes-para-tratar-lista-de-candidatos\/","og_site_name":"El Diario - Bolivia","article_publisher":"https:\/\/www.facebook.com\/eldiario.bolivia\/","article_published_time":"2024-08-05T09:39:22+00:00","og_image":[{"width":720,"height":400,"url":"https:\/\/www.eldiario.net\/portal\/wp-content\/uploads\/2024\/08\/5-SES.jpg","type":"image\/jpeg"}],"author":"Jeanette","twitter_card":"summary_large_image","twitter_creator":"@eldiario_net","twitter_site":"@eldiario_net","twitter_misc":{"Escrito por":"Jeanette","Tiempo de lectura":"2 minutos"},"schema":{"@context":"https:\/\/schema.org","@graph":[{"@type":"Article","@id":"https:\/\/www.eldiario.net\/portal\/2024\/08\/05\/alp-reinstala-sesion-este-lunes-para-tratar-lista-de-candidatos\/#article","isPartOf":{"@id":"https:\/\/www.eldiario.net\/portal\/2024\/08\/05\/alp-reinstala-sesion-este-lunes-para-tratar-lista-de-candidatos\/"},"author":{"name":"Jeanette","@id":"https:\/\/www.eldiario.net\/portal\/#\/schema\/person\/2c57cf2b7a7ae032e449e4c9b1019eac"},"headline":"ALP reinstala sesi\u00f3n este lunes para tratar lista de candidatos","datePublished":"2024-08-05T09:39:22+00:00","mainEntityOfPage":{"@id":"https:\/\/www.eldiario.net\/portal\/2024\/08\/05\/alp-reinstala-sesion-este-lunes-para-tratar-lista-de-candidatos\/"},"wordCount":302,"commentCount":0,"publisher":{"@id":"https:\/\/www.eldiario.net\/portal\/#organization"},"image":{"@id":"https:\/\/www.eldiario.net\/portal\/2024\/08\/05\/alp-reinstala-sesion-este-lunes-para-tratar-lista-de-candidatos\/#primaryimage"},"thumbnailUrl":"https:\/\/www.eldiario.net\/portal\/wp-content\/uploads\/2024\/08\/5-SES.jpg","articleSection":["Pol\u00edtica"],"inLanguage":"es","potentialAction":[{"@type":"CommentAction","name":"Comment","target":["https:\/\/www.eldiario.net\/portal\/2024\/08\/05\/alp-reinstala-sesion-este-lunes-para-tratar-lista-de-candidatos\/#respond"]}]},{"@type":"WebPage","@id":"https:\/\/www.eldiario.net\/portal\/2024\/08\/05\/alp-reinstala-sesion-este-lunes-para-tratar-lista-de-candidatos\/","url":"https:\/\/www.eldiario.net\/portal\/2024\/08\/05\/alp-reinstala-sesion-este-lunes-para-tratar-lista-de-candidatos\/","name":"ALP reinstala sesi\u00f3n este lunes para tratar lista de candidatos - El Diario - Bolivia","isPartOf":{"@id":"https:\/\/www.eldiario.net\/portal\/#website"},"primaryImageOfPage":{"@id":"https:\/\/www.eldiario.net\/portal\/2024\/08\/05\/alp-reinstala-sesion-este-lunes-para-tratar-lista-de-candidatos\/#primaryimage"},"image":{"@id":"https:\/\/www.eldiario.net\/portal\/2024\/08\/05\/alp-reinstala-sesion-este-lunes-para-tratar-lista-de-candidatos\/#primaryimage"},"thumbnailUrl":"https:\/\/www.eldiario.net\/portal\/wp-content\/uploads\/2024\/08\/5-SES.jpg","datePublished":"2024-08-05T09:39:22+00:00","breadcrumb":{"@id":"https:\/\/www.eldiario.net\/portal\/2024\/08\/05\/alp-reinstala-sesion-este-lunes-para-tratar-lista-de-candidatos\/#breadcrumb"},"inLanguage":"es","potentialAction":[{"@type":"ReadAction","target":["https:\/\/www.eldiario.net\/portal\/2024\/08\/05\/alp-reinstala-sesion-este-lunes-para-tratar-lista-de-candidatos\/"]}]},{"@type":"ImageObject","inLanguage":"es","@id":"https:\/\/www.eldiario.net\/portal\/2024\/08\/05\/alp-reinstala-sesion-este-lunes-para-tratar-lista-de-candidatos\/#primaryimage","url":"https:\/\/www.eldiario.net\/portal\/wp-content\/uploads\/2024\/08\/5-SES.jpg","contentUrl":"https:\/\/www.eldiario.net\/portal\/wp-content\/uploads\/2024\/08\/5-SES.jpg","width":720,"height":400,"caption":"Legisladores participan en sesi\u00f3n plenaria del jueves."},{"@type":"BreadcrumbList","@id":"https:\/\/www.eldiario.net\/portal\/2024\/08\/05\/alp-reinstala-sesion-este-lunes-para-tratar-lista-de-candidatos\/#breadcrumb","itemListElement":[{"@type":"ListItem","position":1,"name":"Portada","item":"https:\/\/www.eldiario.net\/portal\/"},{"@type":"ListItem","position":2,"name":"ALP reinstala sesi\u00f3n este lunes para tratar lista de candidatos"}]},{"@type":"WebSite","@id":"https:\/\/www.eldiario.net\/portal\/#website","url":"https:\/\/www.eldiario.net\/portal\/","name":"El Diario - Decano de la prensa nacional","description":"El Diario - Decano de la prensa nacional","publisher":{"@id":"https:\/\/www.eldiario.net\/portal\/#organization"},"potentialAction":[{"@type":"SearchAction","target":{"@type":"EntryPoint","urlTemplate":"https:\/\/www.eldiario.net\/portal\/?s={search_term_string}"},"query-input":{"@type":"PropertyValueSpecification","valueRequired":true,"valueName":"search_term_string"}}],"inLanguage":"es"},{"@type":"Organization","@id":"https:\/\/www.eldiario.net\/portal\/#organization","name":"El Diario - Decano de la prensa nacional","url":"https:\/\/www.eldiario.net\/portal\/","logo":{"@type":"ImageObject","inLanguage":"es","@id":"https:\/\/www.eldiario.net\/portal\/#\/schema\/logo\/image\/","url":"https:\/\/www.eldiario.net\/portal\/wp-content\/uploads\/2023\/07\/logo_ED.jpg","contentUrl":"https:\/\/www.eldiario.net\/portal\/wp-content\/uploads\/2023\/07\/logo_ED.jpg","width":272,"height":52,"caption":"El Diario - Decano de la prensa nacional"},"image":{"@id":"https:\/\/www.eldiario.net\/portal\/#\/schema\/logo\/image\/"},"sameAs":["https:\/\/www.facebook.com\/eldiario.bolivia\/","https:\/\/x.com\/eldiario_net"]},{"@type":"Person","@id":"https:\/\/www.eldiario.net\/portal\/#\/schema\/person\/2c57cf2b7a7ae032e449e4c9b1019eac","name":"Jeanette","image":{"@type":"ImageObject","inLanguage":"es","@id":"https:\/\/secure.gravatar.com\/avatar\/3ea2118a5f7dad2b7138b1187a6b7ee55f160b9968b66013c3a3ef39dd7e5798?s=96&d=mm&r=g","url":"https:\/\/secure.gravatar.com\/avatar\/3ea2118a5f7dad2b7138b1187a6b7ee55f160b9968b66013c3a3ef39dd7e5798?s=96&d=mm&r=g","contentUrl":"https:\/\/secure.gravatar.com\/avatar\/3ea2118a5f7dad2b7138b1187a6b7ee55f160b9968b66013c3a3ef39dd7e5798?s=96&d=mm&r=g","caption":"Jeanette"},"sameAs":["https:\/\/www.eldiario.net\/portal"],"url":"https:\/\/www.eldiario.net\/portal\/author\/jeanette\/"}]}},"_links":{"self":[{"href":"https:\/\/www.eldiario.net\/portal\/wp-json\/wp\/v2\/posts\/238667","targetHints":{"allow":["GET"]}}],"collection":[{"href":"https:\/\/www.eldiario.net\/portal\/wp-json\/wp\/v2\/posts"}],"about":[{"href":"https:\/\/www.eldiario.net\/portal\/wp-json\/wp\/v2\/types\/post"}],"author":[{"embeddable":true,"href":"https:\/\/www.eldiario.net\/portal\/wp-json\/wp\/v2\/users\/1"}],"replies":[{"embeddable":true,"href":"https:\/\/www.eldiario.net\/portal\/wp-json\/wp\/v2\/comments?post=238667"}],"version-history":[{"count":1,"href":"https:\/\/www.eldiario.net\/portal\/wp-json\/wp\/v2\/posts\/238667\/revisions"}],"predecessor-version":[{"id":238669,"href":"https:\/\/www.eldiario.net\/portal\/wp-json\/wp\/v2\/posts\/238667\/revisions\/238669"}],"wp:featuredmedia":[{"embeddable":true,"href":"https:\/\/www.eldiario.net\/portal\/wp-json\/wp\/v2\/media\/238668"}],"wp:attachment":[{"href":"https:\/\/www.eldiario.net\/portal\/wp-json\/wp\/v2\/media?parent=238667"}],"wp:term":[{"taxonomy":"category","embeddable":true,"href":"https:\/\/www.eldiario.net\/portal\/wp-json\/wp\/v2\/categories?post=238667"},{"taxonomy":"post_tag","embeddable":true,"href":"https:\/\/www.eldiario.net\/portal\/wp-json\/wp\/v2\/tags?post=238667"}],"curies":[{"name":"wp","href":"https:\/\/api.w.org\/{rel}","templated":true}]}}