{"id":238664,"date":"2024-08-05T05:38:36","date_gmt":"2024-08-05T09:38:36","guid":{"rendered":"https:\/\/www.eldiario.net\/portal\/?p=238664"},"modified":"2024-08-05T05:38:36","modified_gmt":"2024-08-05T09:38:36","slug":"bolivia-perdio-tres-casos-en-corte-idh-en-dos-anos","status":"publish","type":"post","link":"https:\/\/www.eldiario.net\/portal\/2024\/08\/05\/bolivia-perdio-tres-casos-en-corte-idh-en-dos-anos\/","title":{"rendered":"Bolivia perdi\u00f3 tres casos en Corte IDH en dos a\u00f1os"},"content":{"rendered":"<p>Desde 2022, la Corte Interamericana de Derechos Humanos (Corte IDH) sentenci\u00f3 a Bolivia por tres casos y notific\u00f3 al Estado con un nuevo juicio por el caso Terrorismo, todos por incumplimiento de garant\u00edas judiciales y falta de respuesta efectiva de la justicia para las v\u00edctimas, seg\u00fan observaron los expertos en derechos humanos, Ramiro Or\u00edas y Franco Albarrac\u00edn.<br \/>\nSumado a la reciente decisi\u00f3n de la CIDH en el caso Hotel Las Am\u00e9ricas, Or\u00edas indic\u00f3 que cuatro casos evidencian que la justicia boliviana no hizo su trabajo. La Fiscal\u00eda no investig\u00f3 violaciones de derechos fundamentales, no se cumplieron garant\u00edas del debido proceso y hubo retardaci\u00f3n de justicia.<br \/>\nPor su lado, Albarrac\u00edn lament\u00f3 que las v\u00edctimas hayan tenido que acudir a instancias internacionales en busca de justicia, por la falta de atenci\u00f3n en los juzgados y en la Fiscal\u00eda. Sin embargo, pese a las sentencias, no hay la voluntad para cumplir con la reparaci\u00f3n del da\u00f1o a las v\u00edctimas o sus familias.<br \/>\nLa primera denuncia fue por violaci\u00f3n de derechos a la integridad, a las garant\u00edas judiciales y a la vida en contra de Brisa Angulo Losada, quien despu\u00e9s de sufrir abuso y violencia, vivi\u00f3 la retardaci\u00f3n de la justicia boliviana tras casi dos d\u00e9cadas sin que el proceso avance.<br \/>\nLa segunda fue por la desaparici\u00f3n de Flores Bedregal en el per\u00edodo militar, en la que el Estado es responsable de violaci\u00f3n de los derechos al reconocimiento de la personalidad jur\u00eddica, a la vida, a la integridad personal y libertad personal. La tercera, por el caso de Blas Valencia, en la que se declar\u00f3 responsable al Estado boliviano por actos de tortura y otras vejaciones.<br \/>\n\u201cLas tres sentencias de la Corte Interamericana califican a la justicia boliviana como cruel, que agrede con sus excesos, una justicia que con su omisi\u00f3n y letargo se constituye en un factor de violencia institucional, un segundo agresor que no puede seguir impune\u201d, sostuvo Or\u00edas. (Con informaci\u00f3n de Los Tiempos)<\/p>\n","protected":false},"excerpt":{"rendered":"<p>Desde 2022, la Corte Interamericana de Derechos Humanos (Corte IDH) sentenci\u00f3 a Bolivia por tres casos y notific\u00f3 al Estado con un nuevo juicio por el caso Terrorismo, todos por incumplimiento de garant\u00edas judiciales y falta de respuesta efectiva de la justicia para las v\u00edctimas, seg\u00fan observaron los expertos en derechos humanos, Ramiro Or\u00edas y [&hellip;]<\/p>\n","protected":false},"author":1,"featured_media":238665,"comment_status":"open","ping_status":"open","sticky":false,"template":"","format":"standard","meta":{"_acf_changed":false,"footnotes":""},"categories":[14],"tags":[],"class_list":["post-238664","post","type-post","status-publish","format-standard","has-post-thumbnail","category-politica"],"acf":{"antetitulo":""},"yoast_head":"<!-- This site is optimized with the Yoast SEO plugin v28.4 - https:\/\/yoast.com\/product\/yoast-seo-wordpress\/ -->\n<title>Bolivia perdi\u00f3 tres casos en Corte IDH en dos a\u00f1os - El Diario - Bolivia<\/title>\n<meta name=\"robots\" content=\"index, follow, max-snippet:-1, max-image-preview:large, max-video-preview:-1\" \/>\n<link rel=\"canonical\" href=\"https:\/\/www.eldiario.net\/portal\/2024\/08\/05\/bolivia-perdio-tres-casos-en-corte-idh-en-dos-anos\/\" \/>\n<meta property=\"og:locale\" content=\"es_ES\" \/>\n<meta property=\"og:type\" content=\"article\" \/>\n<meta property=\"og:title\" content=\"Bolivia perdi\u00f3 tres casos en Corte IDH en dos a\u00f1os - El Diario - Bolivia\" \/>\n<meta property=\"og:description\" content=\"Desde 2022, la Corte Interamericana de Derechos Humanos (Corte IDH) sentenci\u00f3 a Bolivia por tres casos y notific\u00f3 al Estado con un nuevo juicio por el caso Terrorismo, todos por incumplimiento de garant\u00edas judiciales y falta de respuesta efectiva de la justicia para las v\u00edctimas, seg\u00fan observaron los expertos en derechos humanos, Ramiro Or\u00edas y [&hellip;]\" \/>\n<meta property=\"og:url\" content=\"https:\/\/www.eldiario.net\/portal\/2024\/08\/05\/bolivia-perdio-tres-casos-en-corte-idh-en-dos-anos\/\" \/>\n<meta property=\"og:site_name\" content=\"El Diario - Bolivia\" \/>\n<meta property=\"article:publisher\" content=\"https:\/\/www.facebook.com\/eldiario.bolivia\/\" \/>\n<meta property=\"article:published_time\" content=\"2024-08-05T09:38:36+00:00\" \/>\n<meta property=\"og:image\" content=\"https:\/\/www.eldiario.net\/portal\/wp-content\/uploads\/2024\/08\/5-CIDH.jpeg\" \/>\n\t<meta property=\"og:image:width\" content=\"770\" \/>\n\t<meta property=\"og:image:height\" content=\"430\" \/>\n\t<meta property=\"og:image:type\" content=\"image\/jpeg\" \/>\n<meta name=\"author\" content=\"Jeanette\" \/>\n<meta name=\"twitter:card\" content=\"summary_large_image\" \/>\n<meta name=\"twitter:creator\" content=\"@eldiario_net\" \/>\n<meta name=\"twitter:site\" content=\"@eldiario_net\" \/>\n<meta name=\"twitter:label1\" content=\"Escrito por\" \/>\n\t<meta name=\"twitter:data1\" content=\"Jeanette\" \/>\n\t<meta name=\"twitter:label2\" content=\"Tiempo de lectura\" \/>\n\t<meta name=\"twitter:data2\" content=\"2 minutos\" \/>\n<script type=\"application\/ld+json\" class=\"yoast-schema-graph\">{\"@context\":\"https:\\\/\\\/schema.org\",\"@graph\":[{\"@type\":\"Article\",\"@id\":\"https:\\\/\\\/www.eldiario.net\\\/portal\\\/2024\\\/08\\\/05\\\/bolivia-perdio-tres-casos-en-corte-idh-en-dos-anos\\\/#article\",\"isPartOf\":{\"@id\":\"https:\\\/\\\/www.eldiario.net\\\/portal\\\/2024\\\/08\\\/05\\\/bolivia-perdio-tres-casos-en-corte-idh-en-dos-anos\\\/\"},\"author\":{\"name\":\"Jeanette\",\"@id\":\"https:\\\/\\\/www.eldiario.net\\\/portal\\\/#\\\/schema\\\/person\\\/2c57cf2b7a7ae032e449e4c9b1019eac\"},\"headline\":\"Bolivia perdi\u00f3 tres casos en Corte IDH en dos a\u00f1os\",\"datePublished\":\"2024-08-05T09:38:36+00:00\",\"mainEntityOfPage\":{\"@id\":\"https:\\\/\\\/www.eldiario.net\\\/portal\\\/2024\\\/08\\\/05\\\/bolivia-perdio-tres-casos-en-corte-idh-en-dos-anos\\\/\"},\"wordCount\":362,\"commentCount\":0,\"publisher\":{\"@id\":\"https:\\\/\\\/www.eldiario.net\\\/portal\\\/#organization\"},\"image\":{\"@id\":\"https:\\\/\\\/www.eldiario.net\\\/portal\\\/2024\\\/08\\\/05\\\/bolivia-perdio-tres-casos-en-corte-idh-en-dos-anos\\\/#primaryimage\"},\"thumbnailUrl\":\"https:\\\/\\\/www.eldiario.net\\\/portal\\\/wp-content\\\/uploads\\\/2024\\\/08\\\/5-CIDH.jpeg\",\"articleSection\":[\"Pol\u00edtica\"],\"inLanguage\":\"es\",\"potentialAction\":[{\"@type\":\"CommentAction\",\"name\":\"Comment\",\"target\":[\"https:\\\/\\\/www.eldiario.net\\\/portal\\\/2024\\\/08\\\/05\\\/bolivia-perdio-tres-casos-en-corte-idh-en-dos-anos\\\/#respond\"]}]},{\"@type\":\"WebPage\",\"@id\":\"https:\\\/\\\/www.eldiario.net\\\/portal\\\/2024\\\/08\\\/05\\\/bolivia-perdio-tres-casos-en-corte-idh-en-dos-anos\\\/\",\"url\":\"https:\\\/\\\/www.eldiario.net\\\/portal\\\/2024\\\/08\\\/05\\\/bolivia-perdio-tres-casos-en-corte-idh-en-dos-anos\\\/\",\"name\":\"Bolivia perdi\u00f3 tres casos en Corte IDH en dos a\u00f1os - El Diario - Bolivia\",\"isPartOf\":{\"@id\":\"https:\\\/\\\/www.eldiario.net\\\/portal\\\/#website\"},\"primaryImageOfPage\":{\"@id\":\"https:\\\/\\\/www.eldiario.net\\\/portal\\\/2024\\\/08\\\/05\\\/bolivia-perdio-tres-casos-en-corte-idh-en-dos-anos\\\/#primaryimage\"},\"image\":{\"@id\":\"https:\\\/\\\/www.eldiario.net\\\/portal\\\/2024\\\/08\\\/05\\\/bolivia-perdio-tres-casos-en-corte-idh-en-dos-anos\\\/#primaryimage\"},\"thumbnailUrl\":\"https:\\\/\\\/www.eldiario.net\\\/portal\\\/wp-content\\\/uploads\\\/2024\\\/08\\\/5-CIDH.jpeg\",\"datePublished\":\"2024-08-05T09:38:36+00:00\",\"breadcrumb\":{\"@id\":\"https:\\\/\\\/www.eldiario.net\\\/portal\\\/2024\\\/08\\\/05\\\/bolivia-perdio-tres-casos-en-corte-idh-en-dos-anos\\\/#breadcrumb\"},\"inLanguage\":\"es\",\"potentialAction\":[{\"@type\":\"ReadAction\",\"target\":[\"https:\\\/\\\/www.eldiario.net\\\/portal\\\/2024\\\/08\\\/05\\\/bolivia-perdio-tres-casos-en-corte-idh-en-dos-anos\\\/\"]}]},{\"@type\":\"ImageObject\",\"inLanguage\":\"es\",\"@id\":\"https:\\\/\\\/www.eldiario.net\\\/portal\\\/2024\\\/08\\\/05\\\/bolivia-perdio-tres-casos-en-corte-idh-en-dos-anos\\\/#primaryimage\",\"url\":\"https:\\\/\\\/www.eldiario.net\\\/portal\\\/wp-content\\\/uploads\\\/2024\\\/08\\\/5-CIDH.jpeg\",\"contentUrl\":\"https:\\\/\\\/www.eldiario.net\\\/portal\\\/wp-content\\\/uploads\\\/2024\\\/08\\\/5-CIDH.jpeg\",\"width\":770,\"height\":430,\"caption\":\"Imagen de archivo del caso Angulo Losada.\"},{\"@type\":\"BreadcrumbList\",\"@id\":\"https:\\\/\\\/www.eldiario.net\\\/portal\\\/2024\\\/08\\\/05\\\/bolivia-perdio-tres-casos-en-corte-idh-en-dos-anos\\\/#breadcrumb\",\"itemListElement\":[{\"@type\":\"ListItem\",\"position\":1,\"name\":\"Portada\",\"item\":\"https:\\\/\\\/www.eldiario.net\\\/portal\\\/\"},{\"@type\":\"ListItem\",\"position\":2,\"name\":\"Bolivia perdi\u00f3 tres casos en Corte IDH en dos a\u00f1os\"}]},{\"@type\":\"WebSite\",\"@id\":\"https:\\\/\\\/www.eldiario.net\\\/portal\\\/#website\",\"url\":\"https:\\\/\\\/www.eldiario.net\\\/portal\\\/\",\"name\":\"El Diario - Decano de la prensa nacional\",\"description\":\"El Diario - Decano de la prensa nacional\",\"publisher\":{\"@id\":\"https:\\\/\\\/www.eldiario.net\\\/portal\\\/#organization\"},\"potentialAction\":[{\"@type\":\"SearchAction\",\"target\":{\"@type\":\"EntryPoint\",\"urlTemplate\":\"https:\\\/\\\/www.eldiario.net\\\/portal\\\/?s={search_term_string}\"},\"query-input\":{\"@type\":\"PropertyValueSpecification\",\"valueRequired\":true,\"valueName\":\"search_term_string\"}}],\"inLanguage\":\"es\"},{\"@type\":\"Organization\",\"@id\":\"https:\\\/\\\/www.eldiario.net\\\/portal\\\/#organization\",\"name\":\"El Diario - Decano de la prensa nacional\",\"url\":\"https:\\\/\\\/www.eldiario.net\\\/portal\\\/\",\"logo\":{\"@type\":\"ImageObject\",\"inLanguage\":\"es\",\"@id\":\"https:\\\/\\\/www.eldiario.net\\\/portal\\\/#\\\/schema\\\/logo\\\/image\\\/\",\"url\":\"https:\\\/\\\/www.eldiario.net\\\/portal\\\/wp-content\\\/uploads\\\/2023\\\/07\\\/logo_ED.jpg\",\"contentUrl\":\"https:\\\/\\\/www.eldiario.net\\\/portal\\\/wp-content\\\/uploads\\\/2023\\\/07\\\/logo_ED.jpg\",\"width\":272,\"height\":52,\"caption\":\"El Diario - Decano de la prensa nacional\"},\"image\":{\"@id\":\"https:\\\/\\\/www.eldiario.net\\\/portal\\\/#\\\/schema\\\/logo\\\/image\\\/\"},\"sameAs\":[\"https:\\\/\\\/www.facebook.com\\\/eldiario.bolivia\\\/\",\"https:\\\/\\\/x.com\\\/eldiario_net\"]},{\"@type\":\"Person\",\"@id\":\"https:\\\/\\\/www.eldiario.net\\\/portal\\\/#\\\/schema\\\/person\\\/2c57cf2b7a7ae032e449e4c9b1019eac\",\"name\":\"Jeanette\",\"image\":{\"@type\":\"ImageObject\",\"inLanguage\":\"es\",\"@id\":\"https:\\\/\\\/secure.gravatar.com\\\/avatar\\\/3ea2118a5f7dad2b7138b1187a6b7ee55f160b9968b66013c3a3ef39dd7e5798?s=96&d=mm&r=g\",\"url\":\"https:\\\/\\\/secure.gravatar.com\\\/avatar\\\/3ea2118a5f7dad2b7138b1187a6b7ee55f160b9968b66013c3a3ef39dd7e5798?s=96&d=mm&r=g\",\"contentUrl\":\"https:\\\/\\\/secure.gravatar.com\\\/avatar\\\/3ea2118a5f7dad2b7138b1187a6b7ee55f160b9968b66013c3a3ef39dd7e5798?s=96&d=mm&r=g\",\"caption\":\"Jeanette\"},\"sameAs\":[\"https:\\\/\\\/www.eldiario.net\\\/portal\"],\"url\":\"https:\\\/\\\/www.eldiario.net\\\/portal\\\/author\\\/jeanette\\\/\"}]}<\/script>\n<!-- \/ Yoast SEO plugin. -->","yoast_head_json":{"title":"Bolivia perdi\u00f3 tres casos en Corte IDH en dos a\u00f1os - El Diario - Bolivia","robots":{"index":"index","follow":"follow","max-snippet":"max-snippet:-1","max-image-preview":"max-image-preview:large","max-video-preview":"max-video-preview:-1"},"canonical":"https:\/\/www.eldiario.net\/portal\/2024\/08\/05\/bolivia-perdio-tres-casos-en-corte-idh-en-dos-anos\/","og_locale":"es_ES","og_type":"article","og_title":"Bolivia perdi\u00f3 tres casos en Corte IDH en dos a\u00f1os - El Diario - Bolivia","og_description":"Desde 2022, la Corte Interamericana de Derechos Humanos (Corte IDH) sentenci\u00f3 a Bolivia por tres casos y notific\u00f3 al Estado con un nuevo juicio por el caso Terrorismo, todos por incumplimiento de garant\u00edas judiciales y falta de respuesta efectiva de la justicia para las v\u00edctimas, seg\u00fan observaron los expertos en derechos humanos, Ramiro Or\u00edas y [&hellip;]","og_url":"https:\/\/www.eldiario.net\/portal\/2024\/08\/05\/bolivia-perdio-tres-casos-en-corte-idh-en-dos-anos\/","og_site_name":"El Diario - Bolivia","article_publisher":"https:\/\/www.facebook.com\/eldiario.bolivia\/","article_published_time":"2024-08-05T09:38:36+00:00","og_image":[{"width":770,"height":430,"url":"https:\/\/www.eldiario.net\/portal\/wp-content\/uploads\/2024\/08\/5-CIDH.jpeg","type":"image\/jpeg"}],"author":"Jeanette","twitter_card":"summary_large_image","twitter_creator":"@eldiario_net","twitter_site":"@eldiario_net","twitter_misc":{"Escrito por":"Jeanette","Tiempo de lectura":"2 minutos"},"schema":{"@context":"https:\/\/schema.org","@graph":[{"@type":"Article","@id":"https:\/\/www.eldiario.net\/portal\/2024\/08\/05\/bolivia-perdio-tres-casos-en-corte-idh-en-dos-anos\/#article","isPartOf":{"@id":"https:\/\/www.eldiario.net\/portal\/2024\/08\/05\/bolivia-perdio-tres-casos-en-corte-idh-en-dos-anos\/"},"author":{"name":"Jeanette","@id":"https:\/\/www.eldiario.net\/portal\/#\/schema\/person\/2c57cf2b7a7ae032e449e4c9b1019eac"},"headline":"Bolivia perdi\u00f3 tres casos en Corte IDH en dos a\u00f1os","datePublished":"2024-08-05T09:38:36+00:00","mainEntityOfPage":{"@id":"https:\/\/www.eldiario.net\/portal\/2024\/08\/05\/bolivia-perdio-tres-casos-en-corte-idh-en-dos-anos\/"},"wordCount":362,"commentCount":0,"publisher":{"@id":"https:\/\/www.eldiario.net\/portal\/#organization"},"image":{"@id":"https:\/\/www.eldiario.net\/portal\/2024\/08\/05\/bolivia-perdio-tres-casos-en-corte-idh-en-dos-anos\/#primaryimage"},"thumbnailUrl":"https:\/\/www.eldiario.net\/portal\/wp-content\/uploads\/2024\/08\/5-CIDH.jpeg","articleSection":["Pol\u00edtica"],"inLanguage":"es","potentialAction":[{"@type":"CommentAction","name":"Comment","target":["https:\/\/www.eldiario.net\/portal\/2024\/08\/05\/bolivia-perdio-tres-casos-en-corte-idh-en-dos-anos\/#respond"]}]},{"@type":"WebPage","@id":"https:\/\/www.eldiario.net\/portal\/2024\/08\/05\/bolivia-perdio-tres-casos-en-corte-idh-en-dos-anos\/","url":"https:\/\/www.eldiario.net\/portal\/2024\/08\/05\/bolivia-perdio-tres-casos-en-corte-idh-en-dos-anos\/","name":"Bolivia perdi\u00f3 tres casos en Corte IDH en dos a\u00f1os - El Diario - Bolivia","isPartOf":{"@id":"https:\/\/www.eldiario.net\/portal\/#website"},"primaryImageOfPage":{"@id":"https:\/\/www.eldiario.net\/portal\/2024\/08\/05\/bolivia-perdio-tres-casos-en-corte-idh-en-dos-anos\/#primaryimage"},"image":{"@id":"https:\/\/www.eldiario.net\/portal\/2024\/08\/05\/bolivia-perdio-tres-casos-en-corte-idh-en-dos-anos\/#primaryimage"},"thumbnailUrl":"https:\/\/www.eldiario.net\/portal\/wp-content\/uploads\/2024\/08\/5-CIDH.jpeg","datePublished":"2024-08-05T09:38:36+00:00","breadcrumb":{"@id":"https:\/\/www.eldiario.net\/portal\/2024\/08\/05\/bolivia-perdio-tres-casos-en-corte-idh-en-dos-anos\/#breadcrumb"},"inLanguage":"es","potentialAction":[{"@type":"ReadAction","target":["https:\/\/www.eldiario.net\/portal\/2024\/08\/05\/bolivia-perdio-tres-casos-en-corte-idh-en-dos-anos\/"]}]},{"@type":"ImageObject","inLanguage":"es","@id":"https:\/\/www.eldiario.net\/portal\/2024\/08\/05\/bolivia-perdio-tres-casos-en-corte-idh-en-dos-anos\/#primaryimage","url":"https:\/\/www.eldiario.net\/portal\/wp-content\/uploads\/2024\/08\/5-CIDH.jpeg","contentUrl":"https:\/\/www.eldiario.net\/portal\/wp-content\/uploads\/2024\/08\/5-CIDH.jpeg","width":770,"height":430,"caption":"Imagen de archivo del caso Angulo Losada."},{"@type":"BreadcrumbList","@id":"https:\/\/www.eldiario.net\/portal\/2024\/08\/05\/bolivia-perdio-tres-casos-en-corte-idh-en-dos-anos\/#breadcrumb","itemListElement":[{"@type":"ListItem","position":1,"name":"Portada","item":"https:\/\/www.eldiario.net\/portal\/"},{"@type":"ListItem","position":2,"name":"Bolivia perdi\u00f3 tres casos en Corte IDH en dos a\u00f1os"}]},{"@type":"WebSite","@id":"https:\/\/www.eldiario.net\/portal\/#website","url":"https:\/\/www.eldiario.net\/portal\/","name":"El Diario - Decano de la prensa nacional","description":"El Diario - Decano de la prensa nacional","publisher":{"@id":"https:\/\/www.eldiario.net\/portal\/#organization"},"potentialAction":[{"@type":"SearchAction","target":{"@type":"EntryPoint","urlTemplate":"https:\/\/www.eldiario.net\/portal\/?s={search_term_string}"},"query-input":{"@type":"PropertyValueSpecification","valueRequired":true,"valueName":"search_term_string"}}],"inLanguage":"es"},{"@type":"Organization","@id":"https:\/\/www.eldiario.net\/portal\/#organization","name":"El Diario - Decano de la prensa nacional","url":"https:\/\/www.eldiario.net\/portal\/","logo":{"@type":"ImageObject","inLanguage":"es","@id":"https:\/\/www.eldiario.net\/portal\/#\/schema\/logo\/image\/","url":"https:\/\/www.eldiario.net\/portal\/wp-content\/uploads\/2023\/07\/logo_ED.jpg","contentUrl":"https:\/\/www.eldiario.net\/portal\/wp-content\/uploads\/2023\/07\/logo_ED.jpg","width":272,"height":52,"caption":"El Diario - Decano de la prensa nacional"},"image":{"@id":"https:\/\/www.eldiario.net\/portal\/#\/schema\/logo\/image\/"},"sameAs":["https:\/\/www.facebook.com\/eldiario.bolivia\/","https:\/\/x.com\/eldiario_net"]},{"@type":"Person","@id":"https:\/\/www.eldiario.net\/portal\/#\/schema\/person\/2c57cf2b7a7ae032e449e4c9b1019eac","name":"Jeanette","image":{"@type":"ImageObject","inLanguage":"es","@id":"https:\/\/secure.gravatar.com\/avatar\/3ea2118a5f7dad2b7138b1187a6b7ee55f160b9968b66013c3a3ef39dd7e5798?s=96&d=mm&r=g","url":"https:\/\/secure.gravatar.com\/avatar\/3ea2118a5f7dad2b7138b1187a6b7ee55f160b9968b66013c3a3ef39dd7e5798?s=96&d=mm&r=g","contentUrl":"https:\/\/secure.gravatar.com\/avatar\/3ea2118a5f7dad2b7138b1187a6b7ee55f160b9968b66013c3a3ef39dd7e5798?s=96&d=mm&r=g","caption":"Jeanette"},"sameAs":["https:\/\/www.eldiario.net\/portal"],"url":"https:\/\/www.eldiario.net\/portal\/author\/jeanette\/"}]}},"_links":{"self":[{"href":"https:\/\/www.eldiario.net\/portal\/wp-json\/wp\/v2\/posts\/238664","targetHints":{"allow":["GET"]}}],"collection":[{"href":"https:\/\/www.eldiario.net\/portal\/wp-json\/wp\/v2\/posts"}],"about":[{"href":"https:\/\/www.eldiario.net\/portal\/wp-json\/wp\/v2\/types\/post"}],"author":[{"embeddable":true,"href":"https:\/\/www.eldiario.net\/portal\/wp-json\/wp\/v2\/users\/1"}],"replies":[{"embeddable":true,"href":"https:\/\/www.eldiario.net\/portal\/wp-json\/wp\/v2\/comments?post=238664"}],"version-history":[{"count":1,"href":"https:\/\/www.eldiario.net\/portal\/wp-json\/wp\/v2\/posts\/238664\/revisions"}],"predecessor-version":[{"id":238666,"href":"https:\/\/www.eldiario.net\/portal\/wp-json\/wp\/v2\/posts\/238664\/revisions\/238666"}],"wp:featuredmedia":[{"embeddable":true,"href":"https:\/\/www.eldiario.net\/portal\/wp-json\/wp\/v2\/media\/238665"}],"wp:attachment":[{"href":"https:\/\/www.eldiario.net\/portal\/wp-json\/wp\/v2\/media?parent=238664"}],"wp:term":[{"taxonomy":"category","embeddable":true,"href":"https:\/\/www.eldiario.net\/portal\/wp-json\/wp\/v2\/categories?post=238664"},{"taxonomy":"post_tag","embeddable":true,"href":"https:\/\/www.eldiario.net\/portal\/wp-json\/wp\/v2\/tags?post=238664"}],"curies":[{"name":"wp","href":"https:\/\/api.w.org\/{rel}","templated":true}]}}