{"id":238660,"date":"2024-08-05T05:37:56","date_gmt":"2024-08-05T09:37:56","guid":{"rendered":"https:\/\/www.eldiario.net\/portal\/?p=238660"},"modified":"2024-08-05T05:37:56","modified_gmt":"2024-08-05T09:37:56","slug":"congreso-de-eeuu-condena-el-fraude-y-la-represion-del-regimen-de-maduro","status":"publish","type":"post","link":"https:\/\/www.eldiario.net\/portal\/2024\/08\/05\/congreso-de-eeuu-condena-el-fraude-y-la-represion-del-regimen-de-maduro\/","title":{"rendered":"Congreso de EEUU condena el fraude y la represi\u00f3n del r\u00e9gimen de Maduro"},"content":{"rendered":"<p>Contin\u00faa la presi\u00f3n sobre la dictadura de Nicol\u00e1s Maduro tras el fraude electoral del pasado domingo en Venezuela. Ayer, altos funcionarios del Congreso norteamericano emitieron un comunicado conjunto para condenar el fraude y la posterior represi\u00f3n del r\u00e9gimen chavista, y para instar al gobierno de Joe Biden a tomar medidas disuasivas para lograr que se respete la voluntad de los venezolanos en las urnas.<br \/>\nMichael McCaul, presidente del Comit\u00e9 de Asuntos Exteriores de la C\u00e1mara de Representantes, junto con la presidenta del Subcomit\u00e9 del Hemisferio Occidental, Mar\u00eda Elvira Salazar, el vicepresidente del Comit\u00e9 Selecto de Inteligencia del Senado, Marco Rubio, el presidente del Comit\u00e9 de Relaciones Exteriores del Senado, Ben Cardin, y el presidente del Subcomit\u00e9 del Hemisferio Occidental del Senado, Tim Kaine, emitieron una declaraci\u00f3n conjunta en la que condenan al r\u00e9gimen de Maduro \u201cpor socavar la voluntad del pueblo venezolano\u201d durante las recientes elecciones, \u201cempujando al pa\u00eds a una crisis pol\u00edtica y humanitaria m\u00e1s profunda\u201d.<br \/>\nEn un comunicado, los l\u00edderes indicaron que los esfuerzos de la dictadura son un intento claro de evitar que se escuche la verdadera voz de los venezolanos. \u201cComo presidentes del Comit\u00e9 de Relaciones Exteriores del Senado y del Comit\u00e9 de Asuntos Exteriores de la C\u00e1mara de Representantes, as\u00ed como presidentes y miembros de nuestros respectivos Subcomit\u00e9s del Hemisferio Occidental, nos mantenemos unidos en condenar los intentos continuos del r\u00e9gimen de Maduro de socavar descaradamente la voluntad del pueblo venezolano\u201d, se\u00f1ala la declaraci\u00f3n.<br \/>\nLos funcionarios norteamericanos indicaron que las evaluaciones de observadores electorales independientes y cre\u00edbles tras las elecciones del domingo indican que el Consejo Nacional Electoral (CNE) de Venezuela ofreci\u00f3 un informe fraudulento e inverificable al declarar a Maduro como el vencedor. De acuerdo con los informes, \u201cla abrumadora evidencia, incluyendo un estimado del 80 por ciento de los recuentos de votos publicados en l\u00ednea\u201d, explica claramente que el r\u00e9gimen de Maduro se esfuerza en ocultar la verdad, que Edmundo Gonz\u00e1lez es el leg\u00edtimo presidente electo de Venezuela.<br \/>\nEl comunicado destaca tambi\u00e9n la valent\u00eda del pueblo venezolano, que, a pesar de las t\u00e1cticas autoritarias desplegadas por el r\u00e9gimen, acudi\u00f3 masivamente y de manera pac\u00edfica a las urnas buscando un cambio. \u201cA pesar de desplegar casi todas las t\u00e1cticas del autoritarismo para socavar el proceso electoral y asegurar una victoria del r\u00e9gimen, el r\u00e9gimen de Maduro no pudo disuadir al pueblo venezolano de acudir en masa \u2013de manera pac\u00edfica y valiente\u2013 a votar por un cambio y un futuro mejor\u201d, indicaron los pol\u00edticos estadounidenses.<br \/>\nEn lugar de aceptar los resultados, Maduro ha recurrido a medidas de represi\u00f3n, propaganda y persecuci\u00f3n de l\u00edderes opositores, describieron los legisladores. Ben Cardin y Tim Kaine agregaron que es fundamental que el r\u00e9gimen cese la violencia contra sus ciudadanos y que las sanciones espec\u00edficas pueden ser una herramienta importante. \u201cDenunciamos inequ\u00edvocamente estas acciones y exhortamos al gobierno de los Estados Unidos a estar preparado para utilizar todas las herramientas apropiadas, incluidas sanciones espec\u00edficas\u201d, afirmaron.<br \/>\nAsimismo, exhortaron al gobierno de Biden a \u201centrar en negociaciones inmediatas con el presidente electo Edmundo Gonz\u00e1lez y la l\u00edder opositora Mar\u00eda Corina Machado sobre una transici\u00f3n pac\u00edfica de poder\u201d.<br \/>\nEn sus demandas, los congresistas tambi\u00e9n hacen un llamado a la comunidad internacional para apoyar una transici\u00f3n pac\u00edfica y transparente en Venezuela. \u201cSer\u00e1 fundamental que nuestros socios democr\u00e1ticos de la comunidad internacional \u2013particularmente Colombia, Brasil, M\u00e9xico, Caricom y la UE\u2013 apoyen nuestros esfuerzos compartidos para asegurar la verificaci\u00f3n transparente de los resultados electorales\u201d.<br \/>\nFinalmente, los congresistas anunciaron que el mundo debe observar y no tolerar cualquier esfuerzo por parte de Maduro para revertir la voluntad del pueblo. \u201cJuntos, debemos enviar un mensaje claro a Maduro de que el mundo est\u00e1 observando, y que sus intentos de revertir nuevamente la voluntad del pueblo venezolano no ser\u00e1n tolerados\u201d, concluyeron los legisladores estadounidenses en su declaraci\u00f3n.<br \/>\nEste fuerte pronunciamiento de los l\u00edderes del Congreso de Estados Unidos llega en un momento crucial para Venezuela, donde sigue predominando la incertidumbre y la tensi\u00f3n pol\u00edtica tras el fraude electoral del domingo pasado. La comunidad internacional y organizaciones de derechos humanos tambi\u00e9n est\u00e1n atentos al desarrollo de los acontecimientos en el pa\u00eds sudamericano, donde ya murieron al menos 20 manifestantes y m\u00e1s de 2.000 fueron detenidos por las fuerzas de seguridad del r\u00e9gimen. (Infobae)<\/p>\n<figure id=\"attachment_238662\" aria-describedby=\"caption-attachment-238662\" style=\"width: 980px\" class=\"wp-caption aligncenter\"><img loading=\"lazy\" decoding=\"async\" class=\"size-full wp-image-238662\" src=\"https:\/\/www.eldiario.net\/portal\/wp-content\/uploads\/2024\/08\/represion-France-24.jpg\" alt=\"\" width=\"980\" height=\"551\" srcset=\"https:\/\/www.eldiario.net\/portal\/wp-content\/uploads\/2024\/08\/represion-France-24.jpg 980w, https:\/\/www.eldiario.net\/portal\/wp-content\/uploads\/2024\/08\/represion-France-24-300x169.jpg 300w, https:\/\/www.eldiario.net\/portal\/wp-content\/uploads\/2024\/08\/represion-France-24-768x432.jpg 768w, https:\/\/www.eldiario.net\/portal\/wp-content\/uploads\/2024\/08\/represion-France-24-747x420.jpg 747w, https:\/\/www.eldiario.net\/portal\/wp-content\/uploads\/2024\/08\/represion-France-24-696x391.jpg 696w\" sizes=\"auto, (max-width: 980px) 100vw, 980px\" \/><figcaption id=\"caption-attachment-238662\" class=\"wp-caption-text\">Venezuela registr\u00f3 disturbios, protestas y cacerolazos tras la reelecci\u00f3n de Nicol\u00e1s Maduro.<\/figcaption><\/figure>\n","protected":false},"excerpt":{"rendered":"<p>Contin\u00faa la presi\u00f3n sobre la dictadura de Nicol\u00e1s Maduro tras el fraude electoral del pasado domingo en Venezuela. Ayer, altos funcionarios del Congreso norteamericano emitieron un comunicado conjunto para condenar el fraude y la posterior represi\u00f3n del r\u00e9gimen chavista, y para instar al gobierno de Joe Biden a tomar medidas disuasivas para lograr que se [&hellip;]<\/p>\n","protected":false},"author":1,"featured_media":238661,"comment_status":"open","ping_status":"open","sticky":false,"template":"","format":"standard","meta":{"_acf_changed":false,"footnotes":""},"categories":[3],"tags":[],"class_list":["post-238660","post","type-post","status-publish","format-standard","has-post-thumbnail","category-internacional"],"acf":{"antetitulo":"Venezuela"},"yoast_head":"<!-- This site is optimized with the Yoast SEO plugin v28.4 - https:\/\/yoast.com\/product\/yoast-seo-wordpress\/ -->\n<title>Congreso de EEUU condena el fraude y la represi\u00f3n del r\u00e9gimen de Maduro - El Diario - Bolivia<\/title>\n<meta name=\"robots\" content=\"index, follow, max-snippet:-1, max-image-preview:large, max-video-preview:-1\" \/>\n<link rel=\"canonical\" href=\"https:\/\/www.eldiario.net\/portal\/2024\/08\/05\/congreso-de-eeuu-condena-el-fraude-y-la-represion-del-regimen-de-maduro\/\" \/>\n<meta property=\"og:locale\" content=\"es_ES\" \/>\n<meta property=\"og:type\" content=\"article\" \/>\n<meta property=\"og:title\" content=\"Congreso de EEUU condena el fraude y la represi\u00f3n del r\u00e9gimen de Maduro - El Diario - Bolivia\" \/>\n<meta property=\"og:description\" content=\"Contin\u00faa la presi\u00f3n sobre la dictadura de Nicol\u00e1s Maduro tras el fraude electoral del pasado domingo en Venezuela. Ayer, altos funcionarios del Congreso norteamericano emitieron un comunicado conjunto para condenar el fraude y la posterior represi\u00f3n del r\u00e9gimen chavista, y para instar al gobierno de Joe Biden a tomar medidas disuasivas para lograr que se [&hellip;]\" \/>\n<meta property=\"og:url\" content=\"https:\/\/www.eldiario.net\/portal\/2024\/08\/05\/congreso-de-eeuu-condena-el-fraude-y-la-represion-del-regimen-de-maduro\/\" \/>\n<meta property=\"og:site_name\" content=\"El Diario - Bolivia\" \/>\n<meta property=\"article:publisher\" content=\"https:\/\/www.facebook.com\/eldiario.bolivia\/\" \/>\n<meta property=\"article:published_time\" content=\"2024-08-05T09:37:56+00:00\" \/>\n<meta property=\"og:image\" content=\"https:\/\/www.eldiario.net\/portal\/wp-content\/uploads\/2024\/08\/Maduro-Reuters.jpg\" \/>\n\t<meta property=\"og:image:width\" content=\"992\" \/>\n\t<meta property=\"og:image:height\" content=\"661\" \/>\n\t<meta property=\"og:image:type\" content=\"image\/jpeg\" \/>\n<meta name=\"author\" content=\"Jeanette\" \/>\n<meta name=\"twitter:card\" content=\"summary_large_image\" \/>\n<meta name=\"twitter:creator\" content=\"@eldiario_net\" \/>\n<meta name=\"twitter:site\" content=\"@eldiario_net\" \/>\n<meta name=\"twitter:label1\" content=\"Escrito por\" \/>\n\t<meta name=\"twitter:data1\" content=\"Jeanette\" \/>\n\t<meta name=\"twitter:label2\" content=\"Tiempo de lectura\" \/>\n\t<meta name=\"twitter:data2\" content=\"4 minutos\" \/>\n<script type=\"application\/ld+json\" class=\"yoast-schema-graph\">{\"@context\":\"https:\\\/\\\/schema.org\",\"@graph\":[{\"@type\":\"Article\",\"@id\":\"https:\\\/\\\/www.eldiario.net\\\/portal\\\/2024\\\/08\\\/05\\\/congreso-de-eeuu-condena-el-fraude-y-la-represion-del-regimen-de-maduro\\\/#article\",\"isPartOf\":{\"@id\":\"https:\\\/\\\/www.eldiario.net\\\/portal\\\/2024\\\/08\\\/05\\\/congreso-de-eeuu-condena-el-fraude-y-la-represion-del-regimen-de-maduro\\\/\"},\"author\":{\"name\":\"Jeanette\",\"@id\":\"https:\\\/\\\/www.eldiario.net\\\/portal\\\/#\\\/schema\\\/person\\\/2c57cf2b7a7ae032e449e4c9b1019eac\"},\"headline\":\"Congreso de EEUU condena el fraude y la represi\u00f3n del r\u00e9gimen de Maduro\",\"datePublished\":\"2024-08-05T09:37:56+00:00\",\"mainEntityOfPage\":{\"@id\":\"https:\\\/\\\/www.eldiario.net\\\/portal\\\/2024\\\/08\\\/05\\\/congreso-de-eeuu-condena-el-fraude-y-la-represion-del-regimen-de-maduro\\\/\"},\"wordCount\":797,\"commentCount\":0,\"publisher\":{\"@id\":\"https:\\\/\\\/www.eldiario.net\\\/portal\\\/#organization\"},\"image\":{\"@id\":\"https:\\\/\\\/www.eldiario.net\\\/portal\\\/2024\\\/08\\\/05\\\/congreso-de-eeuu-condena-el-fraude-y-la-represion-del-regimen-de-maduro\\\/#primaryimage\"},\"thumbnailUrl\":\"https:\\\/\\\/www.eldiario.net\\\/portal\\\/wp-content\\\/uploads\\\/2024\\\/08\\\/Maduro-Reuters.jpg\",\"articleSection\":[\"Internacional\"],\"inLanguage\":\"es\",\"potentialAction\":[{\"@type\":\"CommentAction\",\"name\":\"Comment\",\"target\":[\"https:\\\/\\\/www.eldiario.net\\\/portal\\\/2024\\\/08\\\/05\\\/congreso-de-eeuu-condena-el-fraude-y-la-represion-del-regimen-de-maduro\\\/#respond\"]}]},{\"@type\":\"WebPage\",\"@id\":\"https:\\\/\\\/www.eldiario.net\\\/portal\\\/2024\\\/08\\\/05\\\/congreso-de-eeuu-condena-el-fraude-y-la-represion-del-regimen-de-maduro\\\/\",\"url\":\"https:\\\/\\\/www.eldiario.net\\\/portal\\\/2024\\\/08\\\/05\\\/congreso-de-eeuu-condena-el-fraude-y-la-represion-del-regimen-de-maduro\\\/\",\"name\":\"Congreso de EEUU condena el fraude y la represi\u00f3n del r\u00e9gimen de Maduro - El Diario - Bolivia\",\"isPartOf\":{\"@id\":\"https:\\\/\\\/www.eldiario.net\\\/portal\\\/#website\"},\"primaryImageOfPage\":{\"@id\":\"https:\\\/\\\/www.eldiario.net\\\/portal\\\/2024\\\/08\\\/05\\\/congreso-de-eeuu-condena-el-fraude-y-la-represion-del-regimen-de-maduro\\\/#primaryimage\"},\"image\":{\"@id\":\"https:\\\/\\\/www.eldiario.net\\\/portal\\\/2024\\\/08\\\/05\\\/congreso-de-eeuu-condena-el-fraude-y-la-represion-del-regimen-de-maduro\\\/#primaryimage\"},\"thumbnailUrl\":\"https:\\\/\\\/www.eldiario.net\\\/portal\\\/wp-content\\\/uploads\\\/2024\\\/08\\\/Maduro-Reuters.jpg\",\"datePublished\":\"2024-08-05T09:37:56+00:00\",\"breadcrumb\":{\"@id\":\"https:\\\/\\\/www.eldiario.net\\\/portal\\\/2024\\\/08\\\/05\\\/congreso-de-eeuu-condena-el-fraude-y-la-represion-del-regimen-de-maduro\\\/#breadcrumb\"},\"inLanguage\":\"es\",\"potentialAction\":[{\"@type\":\"ReadAction\",\"target\":[\"https:\\\/\\\/www.eldiario.net\\\/portal\\\/2024\\\/08\\\/05\\\/congreso-de-eeuu-condena-el-fraude-y-la-represion-del-regimen-de-maduro\\\/\"]}]},{\"@type\":\"ImageObject\",\"inLanguage\":\"es\",\"@id\":\"https:\\\/\\\/www.eldiario.net\\\/portal\\\/2024\\\/08\\\/05\\\/congreso-de-eeuu-condena-el-fraude-y-la-represion-del-regimen-de-maduro\\\/#primaryimage\",\"url\":\"https:\\\/\\\/www.eldiario.net\\\/portal\\\/wp-content\\\/uploads\\\/2024\\\/08\\\/Maduro-Reuters.jpg\",\"contentUrl\":\"https:\\\/\\\/www.eldiario.net\\\/portal\\\/wp-content\\\/uploads\\\/2024\\\/08\\\/Maduro-Reuters.jpg\",\"width\":992,\"height\":661,\"caption\":\"Congresistas de EEUU pidieron m\u00e1s presi\u00f3n contra la dictadura de Maduro tras el fraude electoral del 28 de julio.\"},{\"@type\":\"BreadcrumbList\",\"@id\":\"https:\\\/\\\/www.eldiario.net\\\/portal\\\/2024\\\/08\\\/05\\\/congreso-de-eeuu-condena-el-fraude-y-la-represion-del-regimen-de-maduro\\\/#breadcrumb\",\"itemListElement\":[{\"@type\":\"ListItem\",\"position\":1,\"name\":\"Portada\",\"item\":\"https:\\\/\\\/www.eldiario.net\\\/portal\\\/\"},{\"@type\":\"ListItem\",\"position\":2,\"name\":\"Congreso de EEUU condena el fraude y la represi\u00f3n del r\u00e9gimen de Maduro\"}]},{\"@type\":\"WebSite\",\"@id\":\"https:\\\/\\\/www.eldiario.net\\\/portal\\\/#website\",\"url\":\"https:\\\/\\\/www.eldiario.net\\\/portal\\\/\",\"name\":\"El Diario - Decano de la prensa nacional\",\"description\":\"El Diario - Decano de la prensa nacional\",\"publisher\":{\"@id\":\"https:\\\/\\\/www.eldiario.net\\\/portal\\\/#organization\"},\"potentialAction\":[{\"@type\":\"SearchAction\",\"target\":{\"@type\":\"EntryPoint\",\"urlTemplate\":\"https:\\\/\\\/www.eldiario.net\\\/portal\\\/?s={search_term_string}\"},\"query-input\":{\"@type\":\"PropertyValueSpecification\",\"valueRequired\":true,\"valueName\":\"search_term_string\"}}],\"inLanguage\":\"es\"},{\"@type\":\"Organization\",\"@id\":\"https:\\\/\\\/www.eldiario.net\\\/portal\\\/#organization\",\"name\":\"El Diario - Decano de la prensa nacional\",\"url\":\"https:\\\/\\\/www.eldiario.net\\\/portal\\\/\",\"logo\":{\"@type\":\"ImageObject\",\"inLanguage\":\"es\",\"@id\":\"https:\\\/\\\/www.eldiario.net\\\/portal\\\/#\\\/schema\\\/logo\\\/image\\\/\",\"url\":\"https:\\\/\\\/www.eldiario.net\\\/portal\\\/wp-content\\\/uploads\\\/2023\\\/07\\\/logo_ED.jpg\",\"contentUrl\":\"https:\\\/\\\/www.eldiario.net\\\/portal\\\/wp-content\\\/uploads\\\/2023\\\/07\\\/logo_ED.jpg\",\"width\":272,\"height\":52,\"caption\":\"El Diario - Decano de la prensa nacional\"},\"image\":{\"@id\":\"https:\\\/\\\/www.eldiario.net\\\/portal\\\/#\\\/schema\\\/logo\\\/image\\\/\"},\"sameAs\":[\"https:\\\/\\\/www.facebook.com\\\/eldiario.bolivia\\\/\",\"https:\\\/\\\/x.com\\\/eldiario_net\"]},{\"@type\":\"Person\",\"@id\":\"https:\\\/\\\/www.eldiario.net\\\/portal\\\/#\\\/schema\\\/person\\\/2c57cf2b7a7ae032e449e4c9b1019eac\",\"name\":\"Jeanette\",\"image\":{\"@type\":\"ImageObject\",\"inLanguage\":\"es\",\"@id\":\"https:\\\/\\\/secure.gravatar.com\\\/avatar\\\/3ea2118a5f7dad2b7138b1187a6b7ee55f160b9968b66013c3a3ef39dd7e5798?s=96&d=mm&r=g\",\"url\":\"https:\\\/\\\/secure.gravatar.com\\\/avatar\\\/3ea2118a5f7dad2b7138b1187a6b7ee55f160b9968b66013c3a3ef39dd7e5798?s=96&d=mm&r=g\",\"contentUrl\":\"https:\\\/\\\/secure.gravatar.com\\\/avatar\\\/3ea2118a5f7dad2b7138b1187a6b7ee55f160b9968b66013c3a3ef39dd7e5798?s=96&d=mm&r=g\",\"caption\":\"Jeanette\"},\"sameAs\":[\"https:\\\/\\\/www.eldiario.net\\\/portal\"],\"url\":\"https:\\\/\\\/www.eldiario.net\\\/portal\\\/author\\\/jeanette\\\/\"}]}<\/script>\n<!-- \/ Yoast SEO plugin. -->","yoast_head_json":{"title":"Congreso de EEUU condena el fraude y la represi\u00f3n del r\u00e9gimen de Maduro - El Diario - Bolivia","robots":{"index":"index","follow":"follow","max-snippet":"max-snippet:-1","max-image-preview":"max-image-preview:large","max-video-preview":"max-video-preview:-1"},"canonical":"https:\/\/www.eldiario.net\/portal\/2024\/08\/05\/congreso-de-eeuu-condena-el-fraude-y-la-represion-del-regimen-de-maduro\/","og_locale":"es_ES","og_type":"article","og_title":"Congreso de EEUU condena el fraude y la represi\u00f3n del r\u00e9gimen de Maduro - El Diario - Bolivia","og_description":"Contin\u00faa la presi\u00f3n sobre la dictadura de Nicol\u00e1s Maduro tras el fraude electoral del pasado domingo en Venezuela. Ayer, altos funcionarios del Congreso norteamericano emitieron un comunicado conjunto para condenar el fraude y la posterior represi\u00f3n del r\u00e9gimen chavista, y para instar al gobierno de Joe Biden a tomar medidas disuasivas para lograr que se [&hellip;]","og_url":"https:\/\/www.eldiario.net\/portal\/2024\/08\/05\/congreso-de-eeuu-condena-el-fraude-y-la-represion-del-regimen-de-maduro\/","og_site_name":"El Diario - Bolivia","article_publisher":"https:\/\/www.facebook.com\/eldiario.bolivia\/","article_published_time":"2024-08-05T09:37:56+00:00","og_image":[{"width":992,"height":661,"url":"https:\/\/www.eldiario.net\/portal\/wp-content\/uploads\/2024\/08\/Maduro-Reuters.jpg","type":"image\/jpeg"}],"author":"Jeanette","twitter_card":"summary_large_image","twitter_creator":"@eldiario_net","twitter_site":"@eldiario_net","twitter_misc":{"Escrito por":"Jeanette","Tiempo de lectura":"4 minutos"},"schema":{"@context":"https:\/\/schema.org","@graph":[{"@type":"Article","@id":"https:\/\/www.eldiario.net\/portal\/2024\/08\/05\/congreso-de-eeuu-condena-el-fraude-y-la-represion-del-regimen-de-maduro\/#article","isPartOf":{"@id":"https:\/\/www.eldiario.net\/portal\/2024\/08\/05\/congreso-de-eeuu-condena-el-fraude-y-la-represion-del-regimen-de-maduro\/"},"author":{"name":"Jeanette","@id":"https:\/\/www.eldiario.net\/portal\/#\/schema\/person\/2c57cf2b7a7ae032e449e4c9b1019eac"},"headline":"Congreso de EEUU condena el fraude y la represi\u00f3n del r\u00e9gimen de Maduro","datePublished":"2024-08-05T09:37:56+00:00","mainEntityOfPage":{"@id":"https:\/\/www.eldiario.net\/portal\/2024\/08\/05\/congreso-de-eeuu-condena-el-fraude-y-la-represion-del-regimen-de-maduro\/"},"wordCount":797,"commentCount":0,"publisher":{"@id":"https:\/\/www.eldiario.net\/portal\/#organization"},"image":{"@id":"https:\/\/www.eldiario.net\/portal\/2024\/08\/05\/congreso-de-eeuu-condena-el-fraude-y-la-represion-del-regimen-de-maduro\/#primaryimage"},"thumbnailUrl":"https:\/\/www.eldiario.net\/portal\/wp-content\/uploads\/2024\/08\/Maduro-Reuters.jpg","articleSection":["Internacional"],"inLanguage":"es","potentialAction":[{"@type":"CommentAction","name":"Comment","target":["https:\/\/www.eldiario.net\/portal\/2024\/08\/05\/congreso-de-eeuu-condena-el-fraude-y-la-represion-del-regimen-de-maduro\/#respond"]}]},{"@type":"WebPage","@id":"https:\/\/www.eldiario.net\/portal\/2024\/08\/05\/congreso-de-eeuu-condena-el-fraude-y-la-represion-del-regimen-de-maduro\/","url":"https:\/\/www.eldiario.net\/portal\/2024\/08\/05\/congreso-de-eeuu-condena-el-fraude-y-la-represion-del-regimen-de-maduro\/","name":"Congreso de EEUU condena el fraude y la represi\u00f3n del r\u00e9gimen de Maduro - El Diario - Bolivia","isPartOf":{"@id":"https:\/\/www.eldiario.net\/portal\/#website"},"primaryImageOfPage":{"@id":"https:\/\/www.eldiario.net\/portal\/2024\/08\/05\/congreso-de-eeuu-condena-el-fraude-y-la-represion-del-regimen-de-maduro\/#primaryimage"},"image":{"@id":"https:\/\/www.eldiario.net\/portal\/2024\/08\/05\/congreso-de-eeuu-condena-el-fraude-y-la-represion-del-regimen-de-maduro\/#primaryimage"},"thumbnailUrl":"https:\/\/www.eldiario.net\/portal\/wp-content\/uploads\/2024\/08\/Maduro-Reuters.jpg","datePublished":"2024-08-05T09:37:56+00:00","breadcrumb":{"@id":"https:\/\/www.eldiario.net\/portal\/2024\/08\/05\/congreso-de-eeuu-condena-el-fraude-y-la-represion-del-regimen-de-maduro\/#breadcrumb"},"inLanguage":"es","potentialAction":[{"@type":"ReadAction","target":["https:\/\/www.eldiario.net\/portal\/2024\/08\/05\/congreso-de-eeuu-condena-el-fraude-y-la-represion-del-regimen-de-maduro\/"]}]},{"@type":"ImageObject","inLanguage":"es","@id":"https:\/\/www.eldiario.net\/portal\/2024\/08\/05\/congreso-de-eeuu-condena-el-fraude-y-la-represion-del-regimen-de-maduro\/#primaryimage","url":"https:\/\/www.eldiario.net\/portal\/wp-content\/uploads\/2024\/08\/Maduro-Reuters.jpg","contentUrl":"https:\/\/www.eldiario.net\/portal\/wp-content\/uploads\/2024\/08\/Maduro-Reuters.jpg","width":992,"height":661,"caption":"Congresistas de EEUU pidieron m\u00e1s presi\u00f3n contra la dictadura de Maduro tras el fraude electoral del 28 de julio."},{"@type":"BreadcrumbList","@id":"https:\/\/www.eldiario.net\/portal\/2024\/08\/05\/congreso-de-eeuu-condena-el-fraude-y-la-represion-del-regimen-de-maduro\/#breadcrumb","itemListElement":[{"@type":"ListItem","position":1,"name":"Portada","item":"https:\/\/www.eldiario.net\/portal\/"},{"@type":"ListItem","position":2,"name":"Congreso de EEUU condena el fraude y la represi\u00f3n del r\u00e9gimen de Maduro"}]},{"@type":"WebSite","@id":"https:\/\/www.eldiario.net\/portal\/#website","url":"https:\/\/www.eldiario.net\/portal\/","name":"El Diario - Decano de la prensa nacional","description":"El Diario - Decano de la prensa nacional","publisher":{"@id":"https:\/\/www.eldiario.net\/portal\/#organization"},"potentialAction":[{"@type":"SearchAction","target":{"@type":"EntryPoint","urlTemplate":"https:\/\/www.eldiario.net\/portal\/?s={search_term_string}"},"query-input":{"@type":"PropertyValueSpecification","valueRequired":true,"valueName":"search_term_string"}}],"inLanguage":"es"},{"@type":"Organization","@id":"https:\/\/www.eldiario.net\/portal\/#organization","name":"El Diario - Decano de la prensa nacional","url":"https:\/\/www.eldiario.net\/portal\/","logo":{"@type":"ImageObject","inLanguage":"es","@id":"https:\/\/www.eldiario.net\/portal\/#\/schema\/logo\/image\/","url":"https:\/\/www.eldiario.net\/portal\/wp-content\/uploads\/2023\/07\/logo_ED.jpg","contentUrl":"https:\/\/www.eldiario.net\/portal\/wp-content\/uploads\/2023\/07\/logo_ED.jpg","width":272,"height":52,"caption":"El Diario - Decano de la prensa nacional"},"image":{"@id":"https:\/\/www.eldiario.net\/portal\/#\/schema\/logo\/image\/"},"sameAs":["https:\/\/www.facebook.com\/eldiario.bolivia\/","https:\/\/x.com\/eldiario_net"]},{"@type":"Person","@id":"https:\/\/www.eldiario.net\/portal\/#\/schema\/person\/2c57cf2b7a7ae032e449e4c9b1019eac","name":"Jeanette","image":{"@type":"ImageObject","inLanguage":"es","@id":"https:\/\/secure.gravatar.com\/avatar\/3ea2118a5f7dad2b7138b1187a6b7ee55f160b9968b66013c3a3ef39dd7e5798?s=96&d=mm&r=g","url":"https:\/\/secure.gravatar.com\/avatar\/3ea2118a5f7dad2b7138b1187a6b7ee55f160b9968b66013c3a3ef39dd7e5798?s=96&d=mm&r=g","contentUrl":"https:\/\/secure.gravatar.com\/avatar\/3ea2118a5f7dad2b7138b1187a6b7ee55f160b9968b66013c3a3ef39dd7e5798?s=96&d=mm&r=g","caption":"Jeanette"},"sameAs":["https:\/\/www.eldiario.net\/portal"],"url":"https:\/\/www.eldiario.net\/portal\/author\/jeanette\/"}]}},"_links":{"self":[{"href":"https:\/\/www.eldiario.net\/portal\/wp-json\/wp\/v2\/posts\/238660","targetHints":{"allow":["GET"]}}],"collection":[{"href":"https:\/\/www.eldiario.net\/portal\/wp-json\/wp\/v2\/posts"}],"about":[{"href":"https:\/\/www.eldiario.net\/portal\/wp-json\/wp\/v2\/types\/post"}],"author":[{"embeddable":true,"href":"https:\/\/www.eldiario.net\/portal\/wp-json\/wp\/v2\/users\/1"}],"replies":[{"embeddable":true,"href":"https:\/\/www.eldiario.net\/portal\/wp-json\/wp\/v2\/comments?post=238660"}],"version-history":[{"count":1,"href":"https:\/\/www.eldiario.net\/portal\/wp-json\/wp\/v2\/posts\/238660\/revisions"}],"predecessor-version":[{"id":238663,"href":"https:\/\/www.eldiario.net\/portal\/wp-json\/wp\/v2\/posts\/238660\/revisions\/238663"}],"wp:featuredmedia":[{"embeddable":true,"href":"https:\/\/www.eldiario.net\/portal\/wp-json\/wp\/v2\/media\/238661"}],"wp:attachment":[{"href":"https:\/\/www.eldiario.net\/portal\/wp-json\/wp\/v2\/media?parent=238660"}],"wp:term":[{"taxonomy":"category","embeddable":true,"href":"https:\/\/www.eldiario.net\/portal\/wp-json\/wp\/v2\/categories?post=238660"},{"taxonomy":"post_tag","embeddable":true,"href":"https:\/\/www.eldiario.net\/portal\/wp-json\/wp\/v2\/tags?post=238660"}],"curies":[{"name":"wp","href":"https:\/\/api.w.org\/{rel}","templated":true}]}}