{"id":238657,"date":"2024-08-05T05:37:05","date_gmt":"2024-08-05T09:37:05","guid":{"rendered":"https:\/\/www.eldiario.net\/portal\/?p=238657"},"modified":"2024-08-05T05:37:05","modified_gmt":"2024-08-05T09:37:05","slug":"boric-y-lula-da-silva-hablaran-en-chile-sobre-crisis-venezolana","status":"publish","type":"post","link":"https:\/\/www.eldiario.net\/portal\/2024\/08\/05\/boric-y-lula-da-silva-hablaran-en-chile-sobre-crisis-venezolana\/","title":{"rendered":"Boric y Lula da Silva hablar\u00e1n  en Chile sobre crisis venezolana"},"content":{"rendered":"<p>Los presidentes de Chile, Gabriel Boric, y de Brasil, Luiz In\u00e1cio Lula da Silva, se re\u00fanen este lunes en Santiago para abordar la sinton\u00eda en su nutrida y estrat\u00e9gica agenda bilateral de cooperaci\u00f3n comercial, pol\u00edtica y seguridad, pero con el desencuentro sobre asuntos regionales e internacionales, como las pol\u00e9micas elecciones en Venezuela, como tel\u00f3n de fondo.<br \/>\n\u201cEs un evento importante para el Estado chileno, no solo por su relaci\u00f3n bilateral, sino a nivel estrat\u00e9gico a nivel regional\u201d, dijo a la agencia EFE el doctor en Ciencia Pol\u00edtica y acad\u00e9mico de la Universidad Diego Portales, Rodrigo Espinoza.<br \/>\n\u201cParticularmente tras lo que ocurri\u00f3 en las pasadas elecciones en Venezuela, donde se gener\u00f3 una tensi\u00f3n importante entre los gobiernos de izquierda que hay en la regi\u00f3n, entendiendo que el Estado chileno fue mucho m\u00e1s claro y enf\u00e1tico en aclarar la situaci\u00f3n que ocurre en dicho pa\u00eds\u201d, precis\u00f3.<br \/>\nSi bien la situaci\u00f3n en Venezuela no est\u00e1 incluida en la agenda oficial y hasta el momento est\u00e1 ausente en el borrador de su declaraci\u00f3n conjunta, lo m\u00e1s probable es que sea abordada, en tanto \u201ces m\u00e1s que natural que conversen sobre la regi\u00f3n\u201d, se\u00f1alaron vocer\u00edas del Gobierno brasilero esta semana.<br \/>\nBoric afirm\u00f3 el s\u00e1bado tras reunirse en La Moneda (sede del Ejecutivo) con su embajador en Venezuela, Jaime Gazmuri, recientemente expulsado por el Ejecutivo de ese pa\u00eds, que \u201cmantenemos nuestra posici\u00f3n: no reconocemos el proclamado triunfo de Maduro y no validaremos ning\u00fan resultado que no est\u00e9 verificado por organismos internacionales independientes\u201d, seg\u00fan public\u00f3 en su cuenta de la red social X.<br \/>\n\u201cAdem\u00e1s hacemos un llamado a respetar \u00edntegramente los derechos humanos de los manifestantes en Venezuela y terminar con las detenciones arbitrarias y la violencia\u201d, agreg\u00f3 el mandatario chileno, al tiempo que calific\u00f3 como \u201cintempestiva e injustificada\u201d la expulsi\u00f3n de la misi\u00f3n diplom\u00e1tica chilena del pa\u00eds caribe\u00f1o. (Infobae)<\/p>\n","protected":false},"excerpt":{"rendered":"<p>Los presidentes de Chile, Gabriel Boric, y de Brasil, Luiz In\u00e1cio Lula da Silva, se re\u00fanen este lunes en Santiago para abordar la sinton\u00eda en su nutrida y estrat\u00e9gica agenda bilateral de cooperaci\u00f3n comercial, pol\u00edtica y seguridad, pero con el desencuentro sobre asuntos regionales e internacionales, como las pol\u00e9micas elecciones en Venezuela, como tel\u00f3n de [&hellip;]<\/p>\n","protected":false},"author":1,"featured_media":238658,"comment_status":"open","ping_status":"open","sticky":false,"template":"","format":"standard","meta":{"_acf_changed":false,"footnotes":""},"categories":[3],"tags":[],"class_list":["post-238657","post","type-post","status-publish","format-standard","has-post-thumbnail","category-internacional"],"acf":{"antetitulo":"Pol\u00e9micas elecciones"},"yoast_head":"<!-- This site is optimized with the Yoast SEO plugin v28.4 - https:\/\/yoast.com\/product\/yoast-seo-wordpress\/ -->\n<title>Boric y Lula da Silva hablar\u00e1n en Chile sobre crisis venezolana - El Diario - Bolivia<\/title>\n<meta name=\"robots\" content=\"index, follow, max-snippet:-1, max-image-preview:large, max-video-preview:-1\" \/>\n<link rel=\"canonical\" href=\"https:\/\/www.eldiario.net\/portal\/2024\/08\/05\/boric-y-lula-da-silva-hablaran-en-chile-sobre-crisis-venezolana\/\" \/>\n<meta property=\"og:locale\" content=\"es_ES\" \/>\n<meta property=\"og:type\" content=\"article\" \/>\n<meta property=\"og:title\" content=\"Boric y Lula da Silva hablar\u00e1n en Chile sobre crisis venezolana - El Diario - Bolivia\" \/>\n<meta property=\"og:description\" content=\"Los presidentes de Chile, Gabriel Boric, y de Brasil, Luiz In\u00e1cio Lula da Silva, se re\u00fanen este lunes en Santiago para abordar la sinton\u00eda en su nutrida y estrat\u00e9gica agenda bilateral de cooperaci\u00f3n comercial, pol\u00edtica y seguridad, pero con el desencuentro sobre asuntos regionales e internacionales, como las pol\u00e9micas elecciones en Venezuela, como tel\u00f3n de [&hellip;]\" \/>\n<meta property=\"og:url\" content=\"https:\/\/www.eldiario.net\/portal\/2024\/08\/05\/boric-y-lula-da-silva-hablaran-en-chile-sobre-crisis-venezolana\/\" \/>\n<meta property=\"og:site_name\" content=\"El Diario - Bolivia\" \/>\n<meta property=\"article:publisher\" content=\"https:\/\/www.facebook.com\/eldiario.bolivia\/\" \/>\n<meta property=\"article:published_time\" content=\"2024-08-05T09:37:05+00:00\" \/>\n<meta property=\"og:image\" content=\"https:\/\/www.eldiario.net\/portal\/wp-content\/uploads\/2024\/08\/Boric-Efec.jpg\" \/>\n\t<meta property=\"og:image:width\" content=\"1130\" \/>\n\t<meta property=\"og:image:height\" content=\"636\" \/>\n\t<meta property=\"og:image:type\" content=\"image\/jpeg\" \/>\n<meta name=\"author\" content=\"Jeanette\" \/>\n<meta name=\"twitter:card\" content=\"summary_large_image\" \/>\n<meta name=\"twitter:creator\" content=\"@eldiario_net\" \/>\n<meta name=\"twitter:site\" content=\"@eldiario_net\" \/>\n<meta name=\"twitter:label1\" content=\"Escrito por\" \/>\n\t<meta name=\"twitter:data1\" content=\"Jeanette\" \/>\n\t<meta name=\"twitter:label2\" content=\"Tiempo de lectura\" \/>\n\t<meta name=\"twitter:data2\" content=\"2 minutos\" \/>\n<script type=\"application\/ld+json\" class=\"yoast-schema-graph\">{\"@context\":\"https:\\\/\\\/schema.org\",\"@graph\":[{\"@type\":\"Article\",\"@id\":\"https:\\\/\\\/www.eldiario.net\\\/portal\\\/2024\\\/08\\\/05\\\/boric-y-lula-da-silva-hablaran-en-chile-sobre-crisis-venezolana\\\/#article\",\"isPartOf\":{\"@id\":\"https:\\\/\\\/www.eldiario.net\\\/portal\\\/2024\\\/08\\\/05\\\/boric-y-lula-da-silva-hablaran-en-chile-sobre-crisis-venezolana\\\/\"},\"author\":{\"name\":\"Jeanette\",\"@id\":\"https:\\\/\\\/www.eldiario.net\\\/portal\\\/#\\\/schema\\\/person\\\/2c57cf2b7a7ae032e449e4c9b1019eac\"},\"headline\":\"Boric y Lula da Silva hablar\u00e1n en Chile sobre crisis venezolana\",\"datePublished\":\"2024-08-05T09:37:05+00:00\",\"mainEntityOfPage\":{\"@id\":\"https:\\\/\\\/www.eldiario.net\\\/portal\\\/2024\\\/08\\\/05\\\/boric-y-lula-da-silva-hablaran-en-chile-sobre-crisis-venezolana\\\/\"},\"wordCount\":351,\"commentCount\":0,\"publisher\":{\"@id\":\"https:\\\/\\\/www.eldiario.net\\\/portal\\\/#organization\"},\"image\":{\"@id\":\"https:\\\/\\\/www.eldiario.net\\\/portal\\\/2024\\\/08\\\/05\\\/boric-y-lula-da-silva-hablaran-en-chile-sobre-crisis-venezolana\\\/#primaryimage\"},\"thumbnailUrl\":\"https:\\\/\\\/www.eldiario.net\\\/portal\\\/wp-content\\\/uploads\\\/2024\\\/08\\\/Boric-Efec.jpg\",\"articleSection\":[\"Internacional\"],\"inLanguage\":\"es\",\"potentialAction\":[{\"@type\":\"CommentAction\",\"name\":\"Comment\",\"target\":[\"https:\\\/\\\/www.eldiario.net\\\/portal\\\/2024\\\/08\\\/05\\\/boric-y-lula-da-silva-hablaran-en-chile-sobre-crisis-venezolana\\\/#respond\"]}]},{\"@type\":\"WebPage\",\"@id\":\"https:\\\/\\\/www.eldiario.net\\\/portal\\\/2024\\\/08\\\/05\\\/boric-y-lula-da-silva-hablaran-en-chile-sobre-crisis-venezolana\\\/\",\"url\":\"https:\\\/\\\/www.eldiario.net\\\/portal\\\/2024\\\/08\\\/05\\\/boric-y-lula-da-silva-hablaran-en-chile-sobre-crisis-venezolana\\\/\",\"name\":\"Boric y Lula da Silva hablar\u00e1n en Chile sobre crisis venezolana - El Diario - Bolivia\",\"isPartOf\":{\"@id\":\"https:\\\/\\\/www.eldiario.net\\\/portal\\\/#website\"},\"primaryImageOfPage\":{\"@id\":\"https:\\\/\\\/www.eldiario.net\\\/portal\\\/2024\\\/08\\\/05\\\/boric-y-lula-da-silva-hablaran-en-chile-sobre-crisis-venezolana\\\/#primaryimage\"},\"image\":{\"@id\":\"https:\\\/\\\/www.eldiario.net\\\/portal\\\/2024\\\/08\\\/05\\\/boric-y-lula-da-silva-hablaran-en-chile-sobre-crisis-venezolana\\\/#primaryimage\"},\"thumbnailUrl\":\"https:\\\/\\\/www.eldiario.net\\\/portal\\\/wp-content\\\/uploads\\\/2024\\\/08\\\/Boric-Efec.jpg\",\"datePublished\":\"2024-08-05T09:37:05+00:00\",\"breadcrumb\":{\"@id\":\"https:\\\/\\\/www.eldiario.net\\\/portal\\\/2024\\\/08\\\/05\\\/boric-y-lula-da-silva-hablaran-en-chile-sobre-crisis-venezolana\\\/#breadcrumb\"},\"inLanguage\":\"es\",\"potentialAction\":[{\"@type\":\"ReadAction\",\"target\":[\"https:\\\/\\\/www.eldiario.net\\\/portal\\\/2024\\\/08\\\/05\\\/boric-y-lula-da-silva-hablaran-en-chile-sobre-crisis-venezolana\\\/\"]}]},{\"@type\":\"ImageObject\",\"inLanguage\":\"es\",\"@id\":\"https:\\\/\\\/www.eldiario.net\\\/portal\\\/2024\\\/08\\\/05\\\/boric-y-lula-da-silva-hablaran-en-chile-sobre-crisis-venezolana\\\/#primaryimage\",\"url\":\"https:\\\/\\\/www.eldiario.net\\\/portal\\\/wp-content\\\/uploads\\\/2024\\\/08\\\/Boric-Efec.jpg\",\"contentUrl\":\"https:\\\/\\\/www.eldiario.net\\\/portal\\\/wp-content\\\/uploads\\\/2024\\\/08\\\/Boric-Efec.jpg\",\"width\":1130,\"height\":636,\"caption\":\"El presidente Gabriel Boric recibir\u00e1 a Luiz In\u00e1cio Lula da Silva en Santiago - Chile.\"},{\"@type\":\"BreadcrumbList\",\"@id\":\"https:\\\/\\\/www.eldiario.net\\\/portal\\\/2024\\\/08\\\/05\\\/boric-y-lula-da-silva-hablaran-en-chile-sobre-crisis-venezolana\\\/#breadcrumb\",\"itemListElement\":[{\"@type\":\"ListItem\",\"position\":1,\"name\":\"Portada\",\"item\":\"https:\\\/\\\/www.eldiario.net\\\/portal\\\/\"},{\"@type\":\"ListItem\",\"position\":2,\"name\":\"Boric y Lula da Silva hablar\u00e1n en Chile sobre crisis venezolana\"}]},{\"@type\":\"WebSite\",\"@id\":\"https:\\\/\\\/www.eldiario.net\\\/portal\\\/#website\",\"url\":\"https:\\\/\\\/www.eldiario.net\\\/portal\\\/\",\"name\":\"El Diario - Decano de la prensa nacional\",\"description\":\"El Diario - Decano de la prensa nacional\",\"publisher\":{\"@id\":\"https:\\\/\\\/www.eldiario.net\\\/portal\\\/#organization\"},\"potentialAction\":[{\"@type\":\"SearchAction\",\"target\":{\"@type\":\"EntryPoint\",\"urlTemplate\":\"https:\\\/\\\/www.eldiario.net\\\/portal\\\/?s={search_term_string}\"},\"query-input\":{\"@type\":\"PropertyValueSpecification\",\"valueRequired\":true,\"valueName\":\"search_term_string\"}}],\"inLanguage\":\"es\"},{\"@type\":\"Organization\",\"@id\":\"https:\\\/\\\/www.eldiario.net\\\/portal\\\/#organization\",\"name\":\"El Diario - Decano de la prensa nacional\",\"url\":\"https:\\\/\\\/www.eldiario.net\\\/portal\\\/\",\"logo\":{\"@type\":\"ImageObject\",\"inLanguage\":\"es\",\"@id\":\"https:\\\/\\\/www.eldiario.net\\\/portal\\\/#\\\/schema\\\/logo\\\/image\\\/\",\"url\":\"https:\\\/\\\/www.eldiario.net\\\/portal\\\/wp-content\\\/uploads\\\/2023\\\/07\\\/logo_ED.jpg\",\"contentUrl\":\"https:\\\/\\\/www.eldiario.net\\\/portal\\\/wp-content\\\/uploads\\\/2023\\\/07\\\/logo_ED.jpg\",\"width\":272,\"height\":52,\"caption\":\"El Diario - Decano de la prensa nacional\"},\"image\":{\"@id\":\"https:\\\/\\\/www.eldiario.net\\\/portal\\\/#\\\/schema\\\/logo\\\/image\\\/\"},\"sameAs\":[\"https:\\\/\\\/www.facebook.com\\\/eldiario.bolivia\\\/\",\"https:\\\/\\\/x.com\\\/eldiario_net\"]},{\"@type\":\"Person\",\"@id\":\"https:\\\/\\\/www.eldiario.net\\\/portal\\\/#\\\/schema\\\/person\\\/2c57cf2b7a7ae032e449e4c9b1019eac\",\"name\":\"Jeanette\",\"image\":{\"@type\":\"ImageObject\",\"inLanguage\":\"es\",\"@id\":\"https:\\\/\\\/secure.gravatar.com\\\/avatar\\\/3ea2118a5f7dad2b7138b1187a6b7ee55f160b9968b66013c3a3ef39dd7e5798?s=96&d=mm&r=g\",\"url\":\"https:\\\/\\\/secure.gravatar.com\\\/avatar\\\/3ea2118a5f7dad2b7138b1187a6b7ee55f160b9968b66013c3a3ef39dd7e5798?s=96&d=mm&r=g\",\"contentUrl\":\"https:\\\/\\\/secure.gravatar.com\\\/avatar\\\/3ea2118a5f7dad2b7138b1187a6b7ee55f160b9968b66013c3a3ef39dd7e5798?s=96&d=mm&r=g\",\"caption\":\"Jeanette\"},\"sameAs\":[\"https:\\\/\\\/www.eldiario.net\\\/portal\"],\"url\":\"https:\\\/\\\/www.eldiario.net\\\/portal\\\/author\\\/jeanette\\\/\"}]}<\/script>\n<!-- \/ Yoast SEO plugin. -->","yoast_head_json":{"title":"Boric y Lula da Silva hablar\u00e1n en Chile sobre crisis venezolana - El Diario - Bolivia","robots":{"index":"index","follow":"follow","max-snippet":"max-snippet:-1","max-image-preview":"max-image-preview:large","max-video-preview":"max-video-preview:-1"},"canonical":"https:\/\/www.eldiario.net\/portal\/2024\/08\/05\/boric-y-lula-da-silva-hablaran-en-chile-sobre-crisis-venezolana\/","og_locale":"es_ES","og_type":"article","og_title":"Boric y Lula da Silva hablar\u00e1n en Chile sobre crisis venezolana - El Diario - Bolivia","og_description":"Los presidentes de Chile, Gabriel Boric, y de Brasil, Luiz In\u00e1cio Lula da Silva, se re\u00fanen este lunes en Santiago para abordar la sinton\u00eda en su nutrida y estrat\u00e9gica agenda bilateral de cooperaci\u00f3n comercial, pol\u00edtica y seguridad, pero con el desencuentro sobre asuntos regionales e internacionales, como las pol\u00e9micas elecciones en Venezuela, como tel\u00f3n de [&hellip;]","og_url":"https:\/\/www.eldiario.net\/portal\/2024\/08\/05\/boric-y-lula-da-silva-hablaran-en-chile-sobre-crisis-venezolana\/","og_site_name":"El Diario - Bolivia","article_publisher":"https:\/\/www.facebook.com\/eldiario.bolivia\/","article_published_time":"2024-08-05T09:37:05+00:00","og_image":[{"width":1130,"height":636,"url":"https:\/\/www.eldiario.net\/portal\/wp-content\/uploads\/2024\/08\/Boric-Efec.jpg","type":"image\/jpeg"}],"author":"Jeanette","twitter_card":"summary_large_image","twitter_creator":"@eldiario_net","twitter_site":"@eldiario_net","twitter_misc":{"Escrito por":"Jeanette","Tiempo de lectura":"2 minutos"},"schema":{"@context":"https:\/\/schema.org","@graph":[{"@type":"Article","@id":"https:\/\/www.eldiario.net\/portal\/2024\/08\/05\/boric-y-lula-da-silva-hablaran-en-chile-sobre-crisis-venezolana\/#article","isPartOf":{"@id":"https:\/\/www.eldiario.net\/portal\/2024\/08\/05\/boric-y-lula-da-silva-hablaran-en-chile-sobre-crisis-venezolana\/"},"author":{"name":"Jeanette","@id":"https:\/\/www.eldiario.net\/portal\/#\/schema\/person\/2c57cf2b7a7ae032e449e4c9b1019eac"},"headline":"Boric y Lula da Silva hablar\u00e1n en Chile sobre crisis venezolana","datePublished":"2024-08-05T09:37:05+00:00","mainEntityOfPage":{"@id":"https:\/\/www.eldiario.net\/portal\/2024\/08\/05\/boric-y-lula-da-silva-hablaran-en-chile-sobre-crisis-venezolana\/"},"wordCount":351,"commentCount":0,"publisher":{"@id":"https:\/\/www.eldiario.net\/portal\/#organization"},"image":{"@id":"https:\/\/www.eldiario.net\/portal\/2024\/08\/05\/boric-y-lula-da-silva-hablaran-en-chile-sobre-crisis-venezolana\/#primaryimage"},"thumbnailUrl":"https:\/\/www.eldiario.net\/portal\/wp-content\/uploads\/2024\/08\/Boric-Efec.jpg","articleSection":["Internacional"],"inLanguage":"es","potentialAction":[{"@type":"CommentAction","name":"Comment","target":["https:\/\/www.eldiario.net\/portal\/2024\/08\/05\/boric-y-lula-da-silva-hablaran-en-chile-sobre-crisis-venezolana\/#respond"]}]},{"@type":"WebPage","@id":"https:\/\/www.eldiario.net\/portal\/2024\/08\/05\/boric-y-lula-da-silva-hablaran-en-chile-sobre-crisis-venezolana\/","url":"https:\/\/www.eldiario.net\/portal\/2024\/08\/05\/boric-y-lula-da-silva-hablaran-en-chile-sobre-crisis-venezolana\/","name":"Boric y Lula da Silva hablar\u00e1n en Chile sobre crisis venezolana - El Diario - Bolivia","isPartOf":{"@id":"https:\/\/www.eldiario.net\/portal\/#website"},"primaryImageOfPage":{"@id":"https:\/\/www.eldiario.net\/portal\/2024\/08\/05\/boric-y-lula-da-silva-hablaran-en-chile-sobre-crisis-venezolana\/#primaryimage"},"image":{"@id":"https:\/\/www.eldiario.net\/portal\/2024\/08\/05\/boric-y-lula-da-silva-hablaran-en-chile-sobre-crisis-venezolana\/#primaryimage"},"thumbnailUrl":"https:\/\/www.eldiario.net\/portal\/wp-content\/uploads\/2024\/08\/Boric-Efec.jpg","datePublished":"2024-08-05T09:37:05+00:00","breadcrumb":{"@id":"https:\/\/www.eldiario.net\/portal\/2024\/08\/05\/boric-y-lula-da-silva-hablaran-en-chile-sobre-crisis-venezolana\/#breadcrumb"},"inLanguage":"es","potentialAction":[{"@type":"ReadAction","target":["https:\/\/www.eldiario.net\/portal\/2024\/08\/05\/boric-y-lula-da-silva-hablaran-en-chile-sobre-crisis-venezolana\/"]}]},{"@type":"ImageObject","inLanguage":"es","@id":"https:\/\/www.eldiario.net\/portal\/2024\/08\/05\/boric-y-lula-da-silva-hablaran-en-chile-sobre-crisis-venezolana\/#primaryimage","url":"https:\/\/www.eldiario.net\/portal\/wp-content\/uploads\/2024\/08\/Boric-Efec.jpg","contentUrl":"https:\/\/www.eldiario.net\/portal\/wp-content\/uploads\/2024\/08\/Boric-Efec.jpg","width":1130,"height":636,"caption":"El presidente Gabriel Boric recibir\u00e1 a Luiz In\u00e1cio Lula da Silva en Santiago - Chile."},{"@type":"BreadcrumbList","@id":"https:\/\/www.eldiario.net\/portal\/2024\/08\/05\/boric-y-lula-da-silva-hablaran-en-chile-sobre-crisis-venezolana\/#breadcrumb","itemListElement":[{"@type":"ListItem","position":1,"name":"Portada","item":"https:\/\/www.eldiario.net\/portal\/"},{"@type":"ListItem","position":2,"name":"Boric y Lula da Silva hablar\u00e1n en Chile sobre crisis venezolana"}]},{"@type":"WebSite","@id":"https:\/\/www.eldiario.net\/portal\/#website","url":"https:\/\/www.eldiario.net\/portal\/","name":"El Diario - Decano de la prensa nacional","description":"El Diario - Decano de la prensa nacional","publisher":{"@id":"https:\/\/www.eldiario.net\/portal\/#organization"},"potentialAction":[{"@type":"SearchAction","target":{"@type":"EntryPoint","urlTemplate":"https:\/\/www.eldiario.net\/portal\/?s={search_term_string}"},"query-input":{"@type":"PropertyValueSpecification","valueRequired":true,"valueName":"search_term_string"}}],"inLanguage":"es"},{"@type":"Organization","@id":"https:\/\/www.eldiario.net\/portal\/#organization","name":"El Diario - Decano de la prensa nacional","url":"https:\/\/www.eldiario.net\/portal\/","logo":{"@type":"ImageObject","inLanguage":"es","@id":"https:\/\/www.eldiario.net\/portal\/#\/schema\/logo\/image\/","url":"https:\/\/www.eldiario.net\/portal\/wp-content\/uploads\/2023\/07\/logo_ED.jpg","contentUrl":"https:\/\/www.eldiario.net\/portal\/wp-content\/uploads\/2023\/07\/logo_ED.jpg","width":272,"height":52,"caption":"El Diario - Decano de la prensa nacional"},"image":{"@id":"https:\/\/www.eldiario.net\/portal\/#\/schema\/logo\/image\/"},"sameAs":["https:\/\/www.facebook.com\/eldiario.bolivia\/","https:\/\/x.com\/eldiario_net"]},{"@type":"Person","@id":"https:\/\/www.eldiario.net\/portal\/#\/schema\/person\/2c57cf2b7a7ae032e449e4c9b1019eac","name":"Jeanette","image":{"@type":"ImageObject","inLanguage":"es","@id":"https:\/\/secure.gravatar.com\/avatar\/3ea2118a5f7dad2b7138b1187a6b7ee55f160b9968b66013c3a3ef39dd7e5798?s=96&d=mm&r=g","url":"https:\/\/secure.gravatar.com\/avatar\/3ea2118a5f7dad2b7138b1187a6b7ee55f160b9968b66013c3a3ef39dd7e5798?s=96&d=mm&r=g","contentUrl":"https:\/\/secure.gravatar.com\/avatar\/3ea2118a5f7dad2b7138b1187a6b7ee55f160b9968b66013c3a3ef39dd7e5798?s=96&d=mm&r=g","caption":"Jeanette"},"sameAs":["https:\/\/www.eldiario.net\/portal"],"url":"https:\/\/www.eldiario.net\/portal\/author\/jeanette\/"}]}},"_links":{"self":[{"href":"https:\/\/www.eldiario.net\/portal\/wp-json\/wp\/v2\/posts\/238657","targetHints":{"allow":["GET"]}}],"collection":[{"href":"https:\/\/www.eldiario.net\/portal\/wp-json\/wp\/v2\/posts"}],"about":[{"href":"https:\/\/www.eldiario.net\/portal\/wp-json\/wp\/v2\/types\/post"}],"author":[{"embeddable":true,"href":"https:\/\/www.eldiario.net\/portal\/wp-json\/wp\/v2\/users\/1"}],"replies":[{"embeddable":true,"href":"https:\/\/www.eldiario.net\/portal\/wp-json\/wp\/v2\/comments?post=238657"}],"version-history":[{"count":1,"href":"https:\/\/www.eldiario.net\/portal\/wp-json\/wp\/v2\/posts\/238657\/revisions"}],"predecessor-version":[{"id":238659,"href":"https:\/\/www.eldiario.net\/portal\/wp-json\/wp\/v2\/posts\/238657\/revisions\/238659"}],"wp:featuredmedia":[{"embeddable":true,"href":"https:\/\/www.eldiario.net\/portal\/wp-json\/wp\/v2\/media\/238658"}],"wp:attachment":[{"href":"https:\/\/www.eldiario.net\/portal\/wp-json\/wp\/v2\/media?parent=238657"}],"wp:term":[{"taxonomy":"category","embeddable":true,"href":"https:\/\/www.eldiario.net\/portal\/wp-json\/wp\/v2\/categories?post=238657"},{"taxonomy":"post_tag","embeddable":true,"href":"https:\/\/www.eldiario.net\/portal\/wp-json\/wp\/v2\/tags?post=238657"}],"curies":[{"name":"wp","href":"https:\/\/api.w.org\/{rel}","templated":true}]}}