{"id":238653,"date":"2024-08-05T05:36:30","date_gmt":"2024-08-05T09:36:30","guid":{"rendered":"https:\/\/www.eldiario.net\/portal\/?p=238653"},"modified":"2024-08-05T05:36:38","modified_gmt":"2024-08-05T09:36:38","slug":"el-papa-llama-a-buscar-la-verdad-y-evitar-la-violencia-en-venezuela","status":"publish","type":"post","link":"https:\/\/www.eldiario.net\/portal\/2024\/08\/05\/el-papa-llama-a-buscar-la-verdad-y-evitar-la-violencia-en-venezuela\/","title":{"rendered":"El Papa llama a \u201cbuscar la verdad\u201d  y \u201cevitar la violencia\u201d en Venezuela"},"content":{"rendered":"<p>El Papa Francisco, durante el rezo del \u00e1ngelus dominical en la plaza de San Pedro, expres\u00f3 ayer su preocupaci\u00f3n por la cr\u00edtica situaci\u00f3n por la que atraviesa Venezuela y llam\u00f3 a todas las partes a buscar la verdad, comportarse con moderaci\u00f3n y evitar la violencia.<br \/>\n\u201cExpreso mi preocupaci\u00f3n por Venezuela, que est\u00e1 viviendo una situaci\u00f3n cr\u00edtica. Realiz\u00f3 un fuerte llamamiento a todas las partes para que busquen la verdad y se comporten con moderaci\u00f3n para evitar cualquier tipo de violencia\u201d, expres\u00f3 el Sumo Pont\u00edfice.<br \/>\nAsimismo, inst\u00f3 \u201ca solucionar los contenciosos con di\u00e1logo por el bien de la poblaci\u00f3n y no por los intereses de cada parte\u201d.<br \/>\nFrancisco confi\u00f3 adem\u00e1s el pa\u00eds a la intercesi\u00f3n de Nuestra Se\u00f1ora de Coromoto, muy venerada en Venezuela, y la oraci\u00f3n del beato Jos\u00e9 Gregorio Hern\u00e1ndez que une a todos los venezolanos.<br \/>\nLa oposici\u00f3n venezolana no reconoce el resultado oficial de las elecciones del domingo pasado, tras las que el Consejo Nacional Electoral (CNE) -alineado al chavismo- ratific\u00f3 al dictador Nicol\u00e1s Maduro como presidente reelecto sin haber mostrado las actas oficiales.<br \/>\nTras la publicaci\u00f3n de los resultados se produjeron manifestaciones de protesta, que fueron brutalmente reprimidas por las fuerzas de seguridad del r\u00e9gimen, que provocaron hasta el momento 13 muertos y m\u00e1s de 1.200 detenidos.<\/p>\n<p>MOVILIZACI\u00d3N<br \/>\nEste s\u00e1bado miles de venezolanos se movilizaron en todo el pa\u00eds y en decenas de ciudades del mundo para condenar el fraude electoral del domingo pasado y exigir que se respete la voluntad popular de un cambio despu\u00e9s de 25 a\u00f1os de chavismo.<br \/>\nA una semana de los comicios, la comunidad internacional contin\u00faa exigiendo a las autoridades chavistas la difusi\u00f3n de las actas electorales. Algunos pa\u00edses, como Estados Unidos, ya reconocieron al opositor Edmundo Gonz\u00e1lez Urrutia como presidente electo, luego de evaluar los datos aportados por el comando de campa\u00f1a opositor la misma noche de los comicios.<br \/>\nEl s\u00e1bado Espa\u00f1a, Italia, Francia, Alemania, Pa\u00edses Bajos, Polonia y Portugal firmaron una declaraci\u00f3n conjunta en la que pidieron \u201ca las autoridades venezolanas que publiquen sin demora todas las actas de votaci\u00f3n con el fin de garantizar la plena transparencia e integridad del proceso electoral\u201d.<br \/>\nEn esta iniciativa, promovida por Italia y Francia, expresaron la \u201cprofunda preocupaci\u00f3n por la situaci\u00f3n en Venezuela tras las elecciones presidenciales del pasado domingo\u201d.<br \/>\n\u201cHacemos un llamamiento a las autoridades venezolanas para que publiquen sin demora todas las actas de votaci\u00f3n con el fin de garantizar la plena transparencia e integridad del proceso electoral\u201d, se\u00f1ala el texto.<br \/>\nEl propio Gonz\u00e1lez Urrutia, quien viene recibiendo constantes amenazas por parte de Maduro y los jerarcas chavistas, sostuvo el s\u00e1bado por la noche que lograr\u00e1 que la decisi\u00f3n que los venezolanos tomaron en las elecciones \u201csea respetada\u201d.<br \/>\n\u201cLograremos que su decisi\u00f3n sea respetada e iniciaremos la reinstitucionalizaci\u00f3n de Venezuela\u201d, escribi\u00f3 en sus redes sociales, al afirmar que los venezolanos expresaron \u201cclaramente\u201d su voluntad el pasado domingo. (Infobae\/EFE)<\/p>\n","protected":false},"excerpt":{"rendered":"<p>El Papa Francisco, durante el rezo del \u00e1ngelus dominical en la plaza de San Pedro, expres\u00f3 ayer su preocupaci\u00f3n por la cr\u00edtica situaci\u00f3n por la que atraviesa Venezuela y llam\u00f3 a todas las partes a buscar la verdad, comportarse con moderaci\u00f3n y evitar la violencia. \u201cExpreso mi preocupaci\u00f3n por Venezuela, que est\u00e1 viviendo una situaci\u00f3n [&hellip;]<\/p>\n","protected":false},"author":1,"featured_media":238654,"comment_status":"open","ping_status":"open","sticky":false,"template":"","format":"standard","meta":{"_acf_changed":false,"footnotes":""},"categories":[3],"tags":[],"class_list":["post-238653","post","type-post","status-publish","format-standard","has-post-thumbnail","category-internacional"],"acf":{"antetitulo":"Durante rezo del \u00e1ngelus dominical"},"yoast_head":"<!-- This site is optimized with the Yoast SEO plugin v28.4 - https:\/\/yoast.com\/product\/yoast-seo-wordpress\/ -->\n<title>El Papa llama a \u201cbuscar la verdad\u201d y \u201cevitar la violencia\u201d en Venezuela - El Diario - Bolivia<\/title>\n<meta name=\"robots\" content=\"index, follow, max-snippet:-1, max-image-preview:large, max-video-preview:-1\" \/>\n<link rel=\"canonical\" href=\"https:\/\/www.eldiario.net\/portal\/2024\/08\/05\/el-papa-llama-a-buscar-la-verdad-y-evitar-la-violencia-en-venezuela\/\" \/>\n<meta property=\"og:locale\" content=\"es_ES\" \/>\n<meta property=\"og:type\" content=\"article\" \/>\n<meta property=\"og:title\" content=\"El Papa llama a \u201cbuscar la verdad\u201d y \u201cevitar la violencia\u201d en Venezuela - El Diario - Bolivia\" \/>\n<meta property=\"og:description\" content=\"El Papa Francisco, durante el rezo del \u00e1ngelus dominical en la plaza de San Pedro, expres\u00f3 ayer su preocupaci\u00f3n por la cr\u00edtica situaci\u00f3n por la que atraviesa Venezuela y llam\u00f3 a todas las partes a buscar la verdad, comportarse con moderaci\u00f3n y evitar la violencia. \u201cExpreso mi preocupaci\u00f3n por Venezuela, que est\u00e1 viviendo una situaci\u00f3n [&hellip;]\" \/>\n<meta property=\"og:url\" content=\"https:\/\/www.eldiario.net\/portal\/2024\/08\/05\/el-papa-llama-a-buscar-la-verdad-y-evitar-la-violencia-en-venezuela\/\" \/>\n<meta property=\"og:site_name\" content=\"El Diario - Bolivia\" \/>\n<meta property=\"article:publisher\" content=\"https:\/\/www.facebook.com\/eldiario.bolivia\/\" \/>\n<meta property=\"article:published_time\" content=\"2024-08-05T09:36:30+00:00\" \/>\n<meta property=\"article:modified_time\" content=\"2024-08-05T09:36:38+00:00\" \/>\n<meta property=\"og:image\" content=\"https:\/\/www.eldiario.net\/portal\/wp-content\/uploads\/2024\/08\/Papa-Francisco-LaSexta.webp\" \/>\n\t<meta property=\"og:image:width\" content=\"1280\" \/>\n\t<meta property=\"og:image:height\" content=\"720\" \/>\n\t<meta property=\"og:image:type\" content=\"image\/webp\" \/>\n<meta name=\"author\" content=\"Jeanette\" \/>\n<meta name=\"twitter:card\" content=\"summary_large_image\" \/>\n<meta name=\"twitter:creator\" content=\"@eldiario_net\" \/>\n<meta name=\"twitter:site\" content=\"@eldiario_net\" \/>\n<meta name=\"twitter:label1\" content=\"Escrito por\" \/>\n\t<meta name=\"twitter:data1\" content=\"Jeanette\" \/>\n\t<meta name=\"twitter:label2\" content=\"Tiempo de lectura\" \/>\n\t<meta name=\"twitter:data2\" content=\"3 minutos\" \/>\n<script type=\"application\/ld+json\" class=\"yoast-schema-graph\">{\"@context\":\"https:\\\/\\\/schema.org\",\"@graph\":[{\"@type\":\"Article\",\"@id\":\"https:\\\/\\\/www.eldiario.net\\\/portal\\\/2024\\\/08\\\/05\\\/el-papa-llama-a-buscar-la-verdad-y-evitar-la-violencia-en-venezuela\\\/#article\",\"isPartOf\":{\"@id\":\"https:\\\/\\\/www.eldiario.net\\\/portal\\\/2024\\\/08\\\/05\\\/el-papa-llama-a-buscar-la-verdad-y-evitar-la-violencia-en-venezuela\\\/\"},\"author\":{\"name\":\"Jeanette\",\"@id\":\"https:\\\/\\\/www.eldiario.net\\\/portal\\\/#\\\/schema\\\/person\\\/2c57cf2b7a7ae032e449e4c9b1019eac\"},\"headline\":\"El Papa llama a \u201cbuscar la verdad\u201d y \u201cevitar la violencia\u201d en Venezuela\",\"datePublished\":\"2024-08-05T09:36:30+00:00\",\"dateModified\":\"2024-08-05T09:36:38+00:00\",\"mainEntityOfPage\":{\"@id\":\"https:\\\/\\\/www.eldiario.net\\\/portal\\\/2024\\\/08\\\/05\\\/el-papa-llama-a-buscar-la-verdad-y-evitar-la-violencia-en-venezuela\\\/\"},\"wordCount\":534,\"commentCount\":0,\"publisher\":{\"@id\":\"https:\\\/\\\/www.eldiario.net\\\/portal\\\/#organization\"},\"image\":{\"@id\":\"https:\\\/\\\/www.eldiario.net\\\/portal\\\/2024\\\/08\\\/05\\\/el-papa-llama-a-buscar-la-verdad-y-evitar-la-violencia-en-venezuela\\\/#primaryimage\"},\"thumbnailUrl\":\"https:\\\/\\\/www.eldiario.net\\\/portal\\\/wp-content\\\/uploads\\\/2024\\\/08\\\/Papa-Francisco-LaSexta.webp\",\"articleSection\":[\"Internacional\"],\"inLanguage\":\"es\",\"potentialAction\":[{\"@type\":\"CommentAction\",\"name\":\"Comment\",\"target\":[\"https:\\\/\\\/www.eldiario.net\\\/portal\\\/2024\\\/08\\\/05\\\/el-papa-llama-a-buscar-la-verdad-y-evitar-la-violencia-en-venezuela\\\/#respond\"]}]},{\"@type\":\"WebPage\",\"@id\":\"https:\\\/\\\/www.eldiario.net\\\/portal\\\/2024\\\/08\\\/05\\\/el-papa-llama-a-buscar-la-verdad-y-evitar-la-violencia-en-venezuela\\\/\",\"url\":\"https:\\\/\\\/www.eldiario.net\\\/portal\\\/2024\\\/08\\\/05\\\/el-papa-llama-a-buscar-la-verdad-y-evitar-la-violencia-en-venezuela\\\/\",\"name\":\"El Papa llama a \u201cbuscar la verdad\u201d y \u201cevitar la violencia\u201d en Venezuela - El Diario - Bolivia\",\"isPartOf\":{\"@id\":\"https:\\\/\\\/www.eldiario.net\\\/portal\\\/#website\"},\"primaryImageOfPage\":{\"@id\":\"https:\\\/\\\/www.eldiario.net\\\/portal\\\/2024\\\/08\\\/05\\\/el-papa-llama-a-buscar-la-verdad-y-evitar-la-violencia-en-venezuela\\\/#primaryimage\"},\"image\":{\"@id\":\"https:\\\/\\\/www.eldiario.net\\\/portal\\\/2024\\\/08\\\/05\\\/el-papa-llama-a-buscar-la-verdad-y-evitar-la-violencia-en-venezuela\\\/#primaryimage\"},\"thumbnailUrl\":\"https:\\\/\\\/www.eldiario.net\\\/portal\\\/wp-content\\\/uploads\\\/2024\\\/08\\\/Papa-Francisco-LaSexta.webp\",\"datePublished\":\"2024-08-05T09:36:30+00:00\",\"dateModified\":\"2024-08-05T09:36:38+00:00\",\"breadcrumb\":{\"@id\":\"https:\\\/\\\/www.eldiario.net\\\/portal\\\/2024\\\/08\\\/05\\\/el-papa-llama-a-buscar-la-verdad-y-evitar-la-violencia-en-venezuela\\\/#breadcrumb\"},\"inLanguage\":\"es\",\"potentialAction\":[{\"@type\":\"ReadAction\",\"target\":[\"https:\\\/\\\/www.eldiario.net\\\/portal\\\/2024\\\/08\\\/05\\\/el-papa-llama-a-buscar-la-verdad-y-evitar-la-violencia-en-venezuela\\\/\"]}]},{\"@type\":\"ImageObject\",\"inLanguage\":\"es\",\"@id\":\"https:\\\/\\\/www.eldiario.net\\\/portal\\\/2024\\\/08\\\/05\\\/el-papa-llama-a-buscar-la-verdad-y-evitar-la-violencia-en-venezuela\\\/#primaryimage\",\"url\":\"https:\\\/\\\/www.eldiario.net\\\/portal\\\/wp-content\\\/uploads\\\/2024\\\/08\\\/Papa-Francisco-LaSexta.webp\",\"contentUrl\":\"https:\\\/\\\/www.eldiario.net\\\/portal\\\/wp-content\\\/uploads\\\/2024\\\/08\\\/Papa-Francisco-LaSexta.webp\",\"width\":1280,\"height\":720,\"caption\":\"El papa Francisco durante el rezo del \u00e1ngelus dominical en la plaza de San Pedro. LaSexta\"},{\"@type\":\"BreadcrumbList\",\"@id\":\"https:\\\/\\\/www.eldiario.net\\\/portal\\\/2024\\\/08\\\/05\\\/el-papa-llama-a-buscar-la-verdad-y-evitar-la-violencia-en-venezuela\\\/#breadcrumb\",\"itemListElement\":[{\"@type\":\"ListItem\",\"position\":1,\"name\":\"Portada\",\"item\":\"https:\\\/\\\/www.eldiario.net\\\/portal\\\/\"},{\"@type\":\"ListItem\",\"position\":2,\"name\":\"El Papa llama a \u201cbuscar la verdad\u201d y \u201cevitar la violencia\u201d en Venezuela\"}]},{\"@type\":\"WebSite\",\"@id\":\"https:\\\/\\\/www.eldiario.net\\\/portal\\\/#website\",\"url\":\"https:\\\/\\\/www.eldiario.net\\\/portal\\\/\",\"name\":\"El Diario - Decano de la prensa nacional\",\"description\":\"El Diario - Decano de la prensa nacional\",\"publisher\":{\"@id\":\"https:\\\/\\\/www.eldiario.net\\\/portal\\\/#organization\"},\"potentialAction\":[{\"@type\":\"SearchAction\",\"target\":{\"@type\":\"EntryPoint\",\"urlTemplate\":\"https:\\\/\\\/www.eldiario.net\\\/portal\\\/?s={search_term_string}\"},\"query-input\":{\"@type\":\"PropertyValueSpecification\",\"valueRequired\":true,\"valueName\":\"search_term_string\"}}],\"inLanguage\":\"es\"},{\"@type\":\"Organization\",\"@id\":\"https:\\\/\\\/www.eldiario.net\\\/portal\\\/#organization\",\"name\":\"El Diario - Decano de la prensa nacional\",\"url\":\"https:\\\/\\\/www.eldiario.net\\\/portal\\\/\",\"logo\":{\"@type\":\"ImageObject\",\"inLanguage\":\"es\",\"@id\":\"https:\\\/\\\/www.eldiario.net\\\/portal\\\/#\\\/schema\\\/logo\\\/image\\\/\",\"url\":\"https:\\\/\\\/www.eldiario.net\\\/portal\\\/wp-content\\\/uploads\\\/2023\\\/07\\\/logo_ED.jpg\",\"contentUrl\":\"https:\\\/\\\/www.eldiario.net\\\/portal\\\/wp-content\\\/uploads\\\/2023\\\/07\\\/logo_ED.jpg\",\"width\":272,\"height\":52,\"caption\":\"El Diario - Decano de la prensa nacional\"},\"image\":{\"@id\":\"https:\\\/\\\/www.eldiario.net\\\/portal\\\/#\\\/schema\\\/logo\\\/image\\\/\"},\"sameAs\":[\"https:\\\/\\\/www.facebook.com\\\/eldiario.bolivia\\\/\",\"https:\\\/\\\/x.com\\\/eldiario_net\"]},{\"@type\":\"Person\",\"@id\":\"https:\\\/\\\/www.eldiario.net\\\/portal\\\/#\\\/schema\\\/person\\\/2c57cf2b7a7ae032e449e4c9b1019eac\",\"name\":\"Jeanette\",\"image\":{\"@type\":\"ImageObject\",\"inLanguage\":\"es\",\"@id\":\"https:\\\/\\\/secure.gravatar.com\\\/avatar\\\/3ea2118a5f7dad2b7138b1187a6b7ee55f160b9968b66013c3a3ef39dd7e5798?s=96&d=mm&r=g\",\"url\":\"https:\\\/\\\/secure.gravatar.com\\\/avatar\\\/3ea2118a5f7dad2b7138b1187a6b7ee55f160b9968b66013c3a3ef39dd7e5798?s=96&d=mm&r=g\",\"contentUrl\":\"https:\\\/\\\/secure.gravatar.com\\\/avatar\\\/3ea2118a5f7dad2b7138b1187a6b7ee55f160b9968b66013c3a3ef39dd7e5798?s=96&d=mm&r=g\",\"caption\":\"Jeanette\"},\"sameAs\":[\"https:\\\/\\\/www.eldiario.net\\\/portal\"],\"url\":\"https:\\\/\\\/www.eldiario.net\\\/portal\\\/author\\\/jeanette\\\/\"}]}<\/script>\n<!-- \/ Yoast SEO plugin. -->","yoast_head_json":{"title":"El Papa llama a \u201cbuscar la verdad\u201d y \u201cevitar la violencia\u201d en Venezuela - El Diario - Bolivia","robots":{"index":"index","follow":"follow","max-snippet":"max-snippet:-1","max-image-preview":"max-image-preview:large","max-video-preview":"max-video-preview:-1"},"canonical":"https:\/\/www.eldiario.net\/portal\/2024\/08\/05\/el-papa-llama-a-buscar-la-verdad-y-evitar-la-violencia-en-venezuela\/","og_locale":"es_ES","og_type":"article","og_title":"El Papa llama a \u201cbuscar la verdad\u201d y \u201cevitar la violencia\u201d en Venezuela - El Diario - Bolivia","og_description":"El Papa Francisco, durante el rezo del \u00e1ngelus dominical en la plaza de San Pedro, expres\u00f3 ayer su preocupaci\u00f3n por la cr\u00edtica situaci\u00f3n por la que atraviesa Venezuela y llam\u00f3 a todas las partes a buscar la verdad, comportarse con moderaci\u00f3n y evitar la violencia. \u201cExpreso mi preocupaci\u00f3n por Venezuela, que est\u00e1 viviendo una situaci\u00f3n [&hellip;]","og_url":"https:\/\/www.eldiario.net\/portal\/2024\/08\/05\/el-papa-llama-a-buscar-la-verdad-y-evitar-la-violencia-en-venezuela\/","og_site_name":"El Diario - Bolivia","article_publisher":"https:\/\/www.facebook.com\/eldiario.bolivia\/","article_published_time":"2024-08-05T09:36:30+00:00","article_modified_time":"2024-08-05T09:36:38+00:00","og_image":[{"width":1280,"height":720,"url":"https:\/\/www.eldiario.net\/portal\/wp-content\/uploads\/2024\/08\/Papa-Francisco-LaSexta.webp","type":"image\/webp"}],"author":"Jeanette","twitter_card":"summary_large_image","twitter_creator":"@eldiario_net","twitter_site":"@eldiario_net","twitter_misc":{"Escrito por":"Jeanette","Tiempo de lectura":"3 minutos"},"schema":{"@context":"https:\/\/schema.org","@graph":[{"@type":"Article","@id":"https:\/\/www.eldiario.net\/portal\/2024\/08\/05\/el-papa-llama-a-buscar-la-verdad-y-evitar-la-violencia-en-venezuela\/#article","isPartOf":{"@id":"https:\/\/www.eldiario.net\/portal\/2024\/08\/05\/el-papa-llama-a-buscar-la-verdad-y-evitar-la-violencia-en-venezuela\/"},"author":{"name":"Jeanette","@id":"https:\/\/www.eldiario.net\/portal\/#\/schema\/person\/2c57cf2b7a7ae032e449e4c9b1019eac"},"headline":"El Papa llama a \u201cbuscar la verdad\u201d y \u201cevitar la violencia\u201d en Venezuela","datePublished":"2024-08-05T09:36:30+00:00","dateModified":"2024-08-05T09:36:38+00:00","mainEntityOfPage":{"@id":"https:\/\/www.eldiario.net\/portal\/2024\/08\/05\/el-papa-llama-a-buscar-la-verdad-y-evitar-la-violencia-en-venezuela\/"},"wordCount":534,"commentCount":0,"publisher":{"@id":"https:\/\/www.eldiario.net\/portal\/#organization"},"image":{"@id":"https:\/\/www.eldiario.net\/portal\/2024\/08\/05\/el-papa-llama-a-buscar-la-verdad-y-evitar-la-violencia-en-venezuela\/#primaryimage"},"thumbnailUrl":"https:\/\/www.eldiario.net\/portal\/wp-content\/uploads\/2024\/08\/Papa-Francisco-LaSexta.webp","articleSection":["Internacional"],"inLanguage":"es","potentialAction":[{"@type":"CommentAction","name":"Comment","target":["https:\/\/www.eldiario.net\/portal\/2024\/08\/05\/el-papa-llama-a-buscar-la-verdad-y-evitar-la-violencia-en-venezuela\/#respond"]}]},{"@type":"WebPage","@id":"https:\/\/www.eldiario.net\/portal\/2024\/08\/05\/el-papa-llama-a-buscar-la-verdad-y-evitar-la-violencia-en-venezuela\/","url":"https:\/\/www.eldiario.net\/portal\/2024\/08\/05\/el-papa-llama-a-buscar-la-verdad-y-evitar-la-violencia-en-venezuela\/","name":"El Papa llama a \u201cbuscar la verdad\u201d y \u201cevitar la violencia\u201d en Venezuela - El Diario - Bolivia","isPartOf":{"@id":"https:\/\/www.eldiario.net\/portal\/#website"},"primaryImageOfPage":{"@id":"https:\/\/www.eldiario.net\/portal\/2024\/08\/05\/el-papa-llama-a-buscar-la-verdad-y-evitar-la-violencia-en-venezuela\/#primaryimage"},"image":{"@id":"https:\/\/www.eldiario.net\/portal\/2024\/08\/05\/el-papa-llama-a-buscar-la-verdad-y-evitar-la-violencia-en-venezuela\/#primaryimage"},"thumbnailUrl":"https:\/\/www.eldiario.net\/portal\/wp-content\/uploads\/2024\/08\/Papa-Francisco-LaSexta.webp","datePublished":"2024-08-05T09:36:30+00:00","dateModified":"2024-08-05T09:36:38+00:00","breadcrumb":{"@id":"https:\/\/www.eldiario.net\/portal\/2024\/08\/05\/el-papa-llama-a-buscar-la-verdad-y-evitar-la-violencia-en-venezuela\/#breadcrumb"},"inLanguage":"es","potentialAction":[{"@type":"ReadAction","target":["https:\/\/www.eldiario.net\/portal\/2024\/08\/05\/el-papa-llama-a-buscar-la-verdad-y-evitar-la-violencia-en-venezuela\/"]}]},{"@type":"ImageObject","inLanguage":"es","@id":"https:\/\/www.eldiario.net\/portal\/2024\/08\/05\/el-papa-llama-a-buscar-la-verdad-y-evitar-la-violencia-en-venezuela\/#primaryimage","url":"https:\/\/www.eldiario.net\/portal\/wp-content\/uploads\/2024\/08\/Papa-Francisco-LaSexta.webp","contentUrl":"https:\/\/www.eldiario.net\/portal\/wp-content\/uploads\/2024\/08\/Papa-Francisco-LaSexta.webp","width":1280,"height":720,"caption":"El papa Francisco durante el rezo del \u00e1ngelus dominical en la plaza de San Pedro. LaSexta"},{"@type":"BreadcrumbList","@id":"https:\/\/www.eldiario.net\/portal\/2024\/08\/05\/el-papa-llama-a-buscar-la-verdad-y-evitar-la-violencia-en-venezuela\/#breadcrumb","itemListElement":[{"@type":"ListItem","position":1,"name":"Portada","item":"https:\/\/www.eldiario.net\/portal\/"},{"@type":"ListItem","position":2,"name":"El Papa llama a \u201cbuscar la verdad\u201d y \u201cevitar la violencia\u201d en Venezuela"}]},{"@type":"WebSite","@id":"https:\/\/www.eldiario.net\/portal\/#website","url":"https:\/\/www.eldiario.net\/portal\/","name":"El Diario - Decano de la prensa nacional","description":"El Diario - Decano de la prensa nacional","publisher":{"@id":"https:\/\/www.eldiario.net\/portal\/#organization"},"potentialAction":[{"@type":"SearchAction","target":{"@type":"EntryPoint","urlTemplate":"https:\/\/www.eldiario.net\/portal\/?s={search_term_string}"},"query-input":{"@type":"PropertyValueSpecification","valueRequired":true,"valueName":"search_term_string"}}],"inLanguage":"es"},{"@type":"Organization","@id":"https:\/\/www.eldiario.net\/portal\/#organization","name":"El Diario - Decano de la prensa nacional","url":"https:\/\/www.eldiario.net\/portal\/","logo":{"@type":"ImageObject","inLanguage":"es","@id":"https:\/\/www.eldiario.net\/portal\/#\/schema\/logo\/image\/","url":"https:\/\/www.eldiario.net\/portal\/wp-content\/uploads\/2023\/07\/logo_ED.jpg","contentUrl":"https:\/\/www.eldiario.net\/portal\/wp-content\/uploads\/2023\/07\/logo_ED.jpg","width":272,"height":52,"caption":"El Diario - Decano de la prensa nacional"},"image":{"@id":"https:\/\/www.eldiario.net\/portal\/#\/schema\/logo\/image\/"},"sameAs":["https:\/\/www.facebook.com\/eldiario.bolivia\/","https:\/\/x.com\/eldiario_net"]},{"@type":"Person","@id":"https:\/\/www.eldiario.net\/portal\/#\/schema\/person\/2c57cf2b7a7ae032e449e4c9b1019eac","name":"Jeanette","image":{"@type":"ImageObject","inLanguage":"es","@id":"https:\/\/secure.gravatar.com\/avatar\/3ea2118a5f7dad2b7138b1187a6b7ee55f160b9968b66013c3a3ef39dd7e5798?s=96&d=mm&r=g","url":"https:\/\/secure.gravatar.com\/avatar\/3ea2118a5f7dad2b7138b1187a6b7ee55f160b9968b66013c3a3ef39dd7e5798?s=96&d=mm&r=g","contentUrl":"https:\/\/secure.gravatar.com\/avatar\/3ea2118a5f7dad2b7138b1187a6b7ee55f160b9968b66013c3a3ef39dd7e5798?s=96&d=mm&r=g","caption":"Jeanette"},"sameAs":["https:\/\/www.eldiario.net\/portal"],"url":"https:\/\/www.eldiario.net\/portal\/author\/jeanette\/"}]}},"_links":{"self":[{"href":"https:\/\/www.eldiario.net\/portal\/wp-json\/wp\/v2\/posts\/238653","targetHints":{"allow":["GET"]}}],"collection":[{"href":"https:\/\/www.eldiario.net\/portal\/wp-json\/wp\/v2\/posts"}],"about":[{"href":"https:\/\/www.eldiario.net\/portal\/wp-json\/wp\/v2\/types\/post"}],"author":[{"embeddable":true,"href":"https:\/\/www.eldiario.net\/portal\/wp-json\/wp\/v2\/users\/1"}],"replies":[{"embeddable":true,"href":"https:\/\/www.eldiario.net\/portal\/wp-json\/wp\/v2\/comments?post=238653"}],"version-history":[{"count":2,"href":"https:\/\/www.eldiario.net\/portal\/wp-json\/wp\/v2\/posts\/238653\/revisions"}],"predecessor-version":[{"id":238656,"href":"https:\/\/www.eldiario.net\/portal\/wp-json\/wp\/v2\/posts\/238653\/revisions\/238656"}],"wp:featuredmedia":[{"embeddable":true,"href":"https:\/\/www.eldiario.net\/portal\/wp-json\/wp\/v2\/media\/238654"}],"wp:attachment":[{"href":"https:\/\/www.eldiario.net\/portal\/wp-json\/wp\/v2\/media?parent=238653"}],"wp:term":[{"taxonomy":"category","embeddable":true,"href":"https:\/\/www.eldiario.net\/portal\/wp-json\/wp\/v2\/categories?post=238653"},{"taxonomy":"post_tag","embeddable":true,"href":"https:\/\/www.eldiario.net\/portal\/wp-json\/wp\/v2\/tags?post=238653"}],"curies":[{"name":"wp","href":"https:\/\/api.w.org\/{rel}","templated":true}]}}