{"id":238651,"date":"2024-08-05T05:35:48","date_gmt":"2024-08-05T09:35:48","guid":{"rendered":"https:\/\/www.eldiario.net\/portal\/?p=238651"},"modified":"2024-08-05T05:35:56","modified_gmt":"2024-08-05T09:35:56","slug":"foro-penal-de-venezuela-denuncia-988-arrestos-desde-el-inicio-de-las-protestas","status":"publish","type":"post","link":"https:\/\/www.eldiario.net\/portal\/2024\/08\/05\/foro-penal-de-venezuela-denuncia-988-arrestos-desde-el-inicio-de-las-protestas\/","title":{"rendered":"Foro Penal de Venezuela denuncia 988 arrestos desde el inicio de las protestas"},"content":{"rendered":"<p>La ONG Foro Penal hizo conocer que hasta el \u00faltimo s\u00e1bado se han contabilizado 988 arrestos \u00abverificados e identificados\u00bb, desde el 29 de julio, d\u00eda siguiente a las elecciones presidenciales de Venezuela, en las que la oposici\u00f3n denuncia un supuesto fraude por el que ha sido proclamado presidente electo Nicol\u00e1s Maduro.<br \/>\nEntre los detenidos hay adem\u00e1s 91 adolescentes, seg\u00fan el organismo, que destaca que el balance incluye las detenciones registradas en el marco de la \u00abrepresi\u00f3n de protestas en contexto postelectoral\u00bb desde el 29 de julio hasta las 10.00 horas del 4 de agosto.<br \/>\n\u00abSeguimos recibiendo, verificando y procesando denuncias\u00bb, indic\u00f3 el vicepresidente de la organizaci\u00f3n, Gonzalo Himiob, en su cuenta de la red social X.<br \/>\nEl Consejo Nacional Electoral (CNE) de Venezuela ha anunciado la victoria de Maduro con el 51,95 por ciento de los votos frente al 43,18 por ciento obtenido por la candidatura de Gonz\u00e1lez.<br \/>\nUna vez conocidos los primeros resultados el lunes, la oposici\u00f3n sali\u00f3 r\u00e1pidamente al paso para reivindicar su victoria\u2013que aseguran lograron con m\u00e1s de un 70 por ciento de los votos\u2013 y exigir un recuento de actas respaldado a nivel internacional.<\/p>\n<p>FISCAL NIEGA \u00d3RDENES DE DETENCI\u00d3N<br \/>\nEl fiscal general de Venezuela, Tarek William Saab, asegur\u00f3 que no existen \u00f3rdenes de detenci\u00f3n contra los l\u00edderes opositores venezolanos Mar\u00eda Corina Machado y Edmundo Gonz\u00e1lez Urrutia, y defendido la actuaci\u00f3n de las fuerzas de seguridad durante las protestas de manifestantes que reclaman a este \u00faltimo como el aut\u00e9ntico vencedor de los comicios presidenciales del pasado domingo en lugar del actual mandatario, Nicol\u00e1s Maduro.<br \/>\n\u00abYo quiero conocer las \u00f3rdenes, verlas, porque no hay\u00bb, ha hecho saber Saab en una entrevista concedida este domingo a la emisora colombiana Caracol Radio. No obstante, y dado que ahora mismo \u00abhay personas quemando sedes p\u00fablicas con personas adentro\u00bb, el fiscal asegur\u00f3 que \u00abtodo aquel dirigente que haga un llamado a hechos vinculados a actos de terrorismo\u00bb s\u00ed que \u00abser\u00e1 detenido\u00bb.<br \/>\nSaab, adem\u00e1s, agreg\u00f3 que \u00abno hay miembros de los servicios de seguridad involucrados\u00bb en los actos violentos que habr\u00edan dejado al menos una veintena de muertos durante la \u00faltima semana en el pa\u00eds. El fiscal ha reconocido que \u00aben el pasado\u00bb s\u00ed que existieron casos as\u00ed, pero tambi\u00e9n ha asegurado que \u00e9l mismo llev\u00f3 a la c\u00e1rcel \u00aba varios que cometieron excesos durante manifestaciones\u00bb. \u00abSi existen indicios de que han cometido un delito, ser\u00e1n procesados\u00bb, asegur\u00f3 el fiscal.<br \/>\nSaab, no obstante, dijo que las 20 v\u00edctimas mortales declaradas por la ONG Human Rights Watch como fallecimientos ocurridos fue por los mismos hechos de \u00abviolencia\u00bb ejercidos por los manifestantes. (Europa Press)<\/p>\n","protected":false},"excerpt":{"rendered":"<p>La ONG Foro Penal hizo conocer que hasta el \u00faltimo s\u00e1bado se han contabilizado 988 arrestos \u00abverificados e identificados\u00bb, desde el 29 de julio, d\u00eda siguiente a las elecciones presidenciales de Venezuela, en las que la oposici\u00f3n denuncia un supuesto fraude por el que ha sido proclamado presidente electo Nicol\u00e1s Maduro. Entre los detenidos hay [&hellip;]<\/p>\n","protected":false},"author":1,"featured_media":194703,"comment_status":"open","ping_status":"open","sticky":false,"template":"","format":"standard","meta":{"_acf_changed":false,"footnotes":""},"categories":[3],"tags":[],"class_list":["post-238651","post","type-post","status-publish","format-standard","has-post-thumbnail","category-internacional"],"acf":{"antetitulo":"Desde el 29 de julio"},"yoast_head":"<!-- This site is optimized with the Yoast SEO plugin v28.4 - https:\/\/yoast.com\/product\/yoast-seo-wordpress\/ -->\n<title>Foro Penal de Venezuela denuncia 988 arrestos desde el inicio de las protestas - El Diario - Bolivia<\/title>\n<meta name=\"robots\" content=\"index, follow, max-snippet:-1, max-image-preview:large, max-video-preview:-1\" \/>\n<link rel=\"canonical\" href=\"https:\/\/www.eldiario.net\/portal\/2024\/08\/05\/foro-penal-de-venezuela-denuncia-988-arrestos-desde-el-inicio-de-las-protestas\/\" \/>\n<meta property=\"og:locale\" content=\"es_ES\" \/>\n<meta property=\"og:type\" content=\"article\" \/>\n<meta property=\"og:title\" content=\"Foro Penal de Venezuela denuncia 988 arrestos desde el inicio de las protestas - El Diario - Bolivia\" \/>\n<meta property=\"og:description\" content=\"La ONG Foro Penal hizo conocer que hasta el \u00faltimo s\u00e1bado se han contabilizado 988 arrestos \u00abverificados e identificados\u00bb, desde el 29 de julio, d\u00eda siguiente a las elecciones presidenciales de Venezuela, en las que la oposici\u00f3n denuncia un supuesto fraude por el que ha sido proclamado presidente electo Nicol\u00e1s Maduro. Entre los detenidos hay [&hellip;]\" \/>\n<meta property=\"og:url\" content=\"https:\/\/www.eldiario.net\/portal\/2024\/08\/05\/foro-penal-de-venezuela-denuncia-988-arrestos-desde-el-inicio-de-las-protestas\/\" \/>\n<meta property=\"og:site_name\" content=\"El Diario - Bolivia\" \/>\n<meta property=\"article:publisher\" content=\"https:\/\/www.facebook.com\/eldiario.bolivia\/\" \/>\n<meta property=\"article:published_time\" content=\"2024-08-05T09:35:48+00:00\" \/>\n<meta property=\"article:modified_time\" content=\"2024-08-05T09:35:56+00:00\" \/>\n<meta property=\"og:image\" content=\"https:\/\/www.eldiario.net\/portal\/wp-content\/uploads\/2023\/12\/Internacional.jpg\" \/>\n\t<meta property=\"og:image:width\" content=\"800\" \/>\n\t<meta property=\"og:image:height\" content=\"500\" \/>\n\t<meta property=\"og:image:type\" content=\"image\/jpeg\" \/>\n<meta name=\"author\" content=\"Jeanette\" \/>\n<meta name=\"twitter:card\" content=\"summary_large_image\" \/>\n<meta name=\"twitter:creator\" content=\"@eldiario_net\" \/>\n<meta name=\"twitter:site\" content=\"@eldiario_net\" \/>\n<meta name=\"twitter:label1\" content=\"Escrito por\" \/>\n\t<meta name=\"twitter:data1\" content=\"Jeanette\" \/>\n\t<meta name=\"twitter:label2\" content=\"Tiempo de lectura\" \/>\n\t<meta name=\"twitter:data2\" content=\"3 minutos\" \/>\n<script type=\"application\/ld+json\" class=\"yoast-schema-graph\">{\"@context\":\"https:\\\/\\\/schema.org\",\"@graph\":[{\"@type\":\"Article\",\"@id\":\"https:\\\/\\\/www.eldiario.net\\\/portal\\\/2024\\\/08\\\/05\\\/foro-penal-de-venezuela-denuncia-988-arrestos-desde-el-inicio-de-las-protestas\\\/#article\",\"isPartOf\":{\"@id\":\"https:\\\/\\\/www.eldiario.net\\\/portal\\\/2024\\\/08\\\/05\\\/foro-penal-de-venezuela-denuncia-988-arrestos-desde-el-inicio-de-las-protestas\\\/\"},\"author\":{\"name\":\"Jeanette\",\"@id\":\"https:\\\/\\\/www.eldiario.net\\\/portal\\\/#\\\/schema\\\/person\\\/2c57cf2b7a7ae032e449e4c9b1019eac\"},\"headline\":\"Foro Penal de Venezuela denuncia 988 arrestos desde el inicio de las protestas\",\"datePublished\":\"2024-08-05T09:35:48+00:00\",\"dateModified\":\"2024-08-05T09:35:56+00:00\",\"mainEntityOfPage\":{\"@id\":\"https:\\\/\\\/www.eldiario.net\\\/portal\\\/2024\\\/08\\\/05\\\/foro-penal-de-venezuela-denuncia-988-arrestos-desde-el-inicio-de-las-protestas\\\/\"},\"wordCount\":460,\"commentCount\":0,\"publisher\":{\"@id\":\"https:\\\/\\\/www.eldiario.net\\\/portal\\\/#organization\"},\"image\":{\"@id\":\"https:\\\/\\\/www.eldiario.net\\\/portal\\\/2024\\\/08\\\/05\\\/foro-penal-de-venezuela-denuncia-988-arrestos-desde-el-inicio-de-las-protestas\\\/#primaryimage\"},\"thumbnailUrl\":\"https:\\\/\\\/www.eldiario.net\\\/portal\\\/wp-content\\\/uploads\\\/2023\\\/12\\\/Internacional.jpg\",\"articleSection\":[\"Internacional\"],\"inLanguage\":\"es\",\"potentialAction\":[{\"@type\":\"CommentAction\",\"name\":\"Comment\",\"target\":[\"https:\\\/\\\/www.eldiario.net\\\/portal\\\/2024\\\/08\\\/05\\\/foro-penal-de-venezuela-denuncia-988-arrestos-desde-el-inicio-de-las-protestas\\\/#respond\"]}]},{\"@type\":\"WebPage\",\"@id\":\"https:\\\/\\\/www.eldiario.net\\\/portal\\\/2024\\\/08\\\/05\\\/foro-penal-de-venezuela-denuncia-988-arrestos-desde-el-inicio-de-las-protestas\\\/\",\"url\":\"https:\\\/\\\/www.eldiario.net\\\/portal\\\/2024\\\/08\\\/05\\\/foro-penal-de-venezuela-denuncia-988-arrestos-desde-el-inicio-de-las-protestas\\\/\",\"name\":\"Foro Penal de Venezuela denuncia 988 arrestos desde el inicio de las protestas - El Diario - Bolivia\",\"isPartOf\":{\"@id\":\"https:\\\/\\\/www.eldiario.net\\\/portal\\\/#website\"},\"primaryImageOfPage\":{\"@id\":\"https:\\\/\\\/www.eldiario.net\\\/portal\\\/2024\\\/08\\\/05\\\/foro-penal-de-venezuela-denuncia-988-arrestos-desde-el-inicio-de-las-protestas\\\/#primaryimage\"},\"image\":{\"@id\":\"https:\\\/\\\/www.eldiario.net\\\/portal\\\/2024\\\/08\\\/05\\\/foro-penal-de-venezuela-denuncia-988-arrestos-desde-el-inicio-de-las-protestas\\\/#primaryimage\"},\"thumbnailUrl\":\"https:\\\/\\\/www.eldiario.net\\\/portal\\\/wp-content\\\/uploads\\\/2023\\\/12\\\/Internacional.jpg\",\"datePublished\":\"2024-08-05T09:35:48+00:00\",\"dateModified\":\"2024-08-05T09:35:56+00:00\",\"breadcrumb\":{\"@id\":\"https:\\\/\\\/www.eldiario.net\\\/portal\\\/2024\\\/08\\\/05\\\/foro-penal-de-venezuela-denuncia-988-arrestos-desde-el-inicio-de-las-protestas\\\/#breadcrumb\"},\"inLanguage\":\"es\",\"potentialAction\":[{\"@type\":\"ReadAction\",\"target\":[\"https:\\\/\\\/www.eldiario.net\\\/portal\\\/2024\\\/08\\\/05\\\/foro-penal-de-venezuela-denuncia-988-arrestos-desde-el-inicio-de-las-protestas\\\/\"]}]},{\"@type\":\"ImageObject\",\"inLanguage\":\"es\",\"@id\":\"https:\\\/\\\/www.eldiario.net\\\/portal\\\/2024\\\/08\\\/05\\\/foro-penal-de-venezuela-denuncia-988-arrestos-desde-el-inicio-de-las-protestas\\\/#primaryimage\",\"url\":\"https:\\\/\\\/www.eldiario.net\\\/portal\\\/wp-content\\\/uploads\\\/2023\\\/12\\\/Internacional.jpg\",\"contentUrl\":\"https:\\\/\\\/www.eldiario.net\\\/portal\\\/wp-content\\\/uploads\\\/2023\\\/12\\\/Internacional.jpg\",\"width\":800,\"height\":500},{\"@type\":\"BreadcrumbList\",\"@id\":\"https:\\\/\\\/www.eldiario.net\\\/portal\\\/2024\\\/08\\\/05\\\/foro-penal-de-venezuela-denuncia-988-arrestos-desde-el-inicio-de-las-protestas\\\/#breadcrumb\",\"itemListElement\":[{\"@type\":\"ListItem\",\"position\":1,\"name\":\"Portada\",\"item\":\"https:\\\/\\\/www.eldiario.net\\\/portal\\\/\"},{\"@type\":\"ListItem\",\"position\":2,\"name\":\"Foro Penal de Venezuela denuncia 988 arrestos desde el inicio de las protestas\"}]},{\"@type\":\"WebSite\",\"@id\":\"https:\\\/\\\/www.eldiario.net\\\/portal\\\/#website\",\"url\":\"https:\\\/\\\/www.eldiario.net\\\/portal\\\/\",\"name\":\"El Diario - Decano de la prensa nacional\",\"description\":\"El Diario - Decano de la prensa nacional\",\"publisher\":{\"@id\":\"https:\\\/\\\/www.eldiario.net\\\/portal\\\/#organization\"},\"potentialAction\":[{\"@type\":\"SearchAction\",\"target\":{\"@type\":\"EntryPoint\",\"urlTemplate\":\"https:\\\/\\\/www.eldiario.net\\\/portal\\\/?s={search_term_string}\"},\"query-input\":{\"@type\":\"PropertyValueSpecification\",\"valueRequired\":true,\"valueName\":\"search_term_string\"}}],\"inLanguage\":\"es\"},{\"@type\":\"Organization\",\"@id\":\"https:\\\/\\\/www.eldiario.net\\\/portal\\\/#organization\",\"name\":\"El Diario - Decano de la prensa nacional\",\"url\":\"https:\\\/\\\/www.eldiario.net\\\/portal\\\/\",\"logo\":{\"@type\":\"ImageObject\",\"inLanguage\":\"es\",\"@id\":\"https:\\\/\\\/www.eldiario.net\\\/portal\\\/#\\\/schema\\\/logo\\\/image\\\/\",\"url\":\"https:\\\/\\\/www.eldiario.net\\\/portal\\\/wp-content\\\/uploads\\\/2023\\\/07\\\/logo_ED.jpg\",\"contentUrl\":\"https:\\\/\\\/www.eldiario.net\\\/portal\\\/wp-content\\\/uploads\\\/2023\\\/07\\\/logo_ED.jpg\",\"width\":272,\"height\":52,\"caption\":\"El Diario - Decano de la prensa nacional\"},\"image\":{\"@id\":\"https:\\\/\\\/www.eldiario.net\\\/portal\\\/#\\\/schema\\\/logo\\\/image\\\/\"},\"sameAs\":[\"https:\\\/\\\/www.facebook.com\\\/eldiario.bolivia\\\/\",\"https:\\\/\\\/x.com\\\/eldiario_net\"]},{\"@type\":\"Person\",\"@id\":\"https:\\\/\\\/www.eldiario.net\\\/portal\\\/#\\\/schema\\\/person\\\/2c57cf2b7a7ae032e449e4c9b1019eac\",\"name\":\"Jeanette\",\"image\":{\"@type\":\"ImageObject\",\"inLanguage\":\"es\",\"@id\":\"https:\\\/\\\/secure.gravatar.com\\\/avatar\\\/3ea2118a5f7dad2b7138b1187a6b7ee55f160b9968b66013c3a3ef39dd7e5798?s=96&d=mm&r=g\",\"url\":\"https:\\\/\\\/secure.gravatar.com\\\/avatar\\\/3ea2118a5f7dad2b7138b1187a6b7ee55f160b9968b66013c3a3ef39dd7e5798?s=96&d=mm&r=g\",\"contentUrl\":\"https:\\\/\\\/secure.gravatar.com\\\/avatar\\\/3ea2118a5f7dad2b7138b1187a6b7ee55f160b9968b66013c3a3ef39dd7e5798?s=96&d=mm&r=g\",\"caption\":\"Jeanette\"},\"sameAs\":[\"https:\\\/\\\/www.eldiario.net\\\/portal\"],\"url\":\"https:\\\/\\\/www.eldiario.net\\\/portal\\\/author\\\/jeanette\\\/\"}]}<\/script>\n<!-- \/ Yoast SEO plugin. -->","yoast_head_json":{"title":"Foro Penal de Venezuela denuncia 988 arrestos desde el inicio de las protestas - El Diario - Bolivia","robots":{"index":"index","follow":"follow","max-snippet":"max-snippet:-1","max-image-preview":"max-image-preview:large","max-video-preview":"max-video-preview:-1"},"canonical":"https:\/\/www.eldiario.net\/portal\/2024\/08\/05\/foro-penal-de-venezuela-denuncia-988-arrestos-desde-el-inicio-de-las-protestas\/","og_locale":"es_ES","og_type":"article","og_title":"Foro Penal de Venezuela denuncia 988 arrestos desde el inicio de las protestas - El Diario - Bolivia","og_description":"La ONG Foro Penal hizo conocer que hasta el \u00faltimo s\u00e1bado se han contabilizado 988 arrestos \u00abverificados e identificados\u00bb, desde el 29 de julio, d\u00eda siguiente a las elecciones presidenciales de Venezuela, en las que la oposici\u00f3n denuncia un supuesto fraude por el que ha sido proclamado presidente electo Nicol\u00e1s Maduro. Entre los detenidos hay [&hellip;]","og_url":"https:\/\/www.eldiario.net\/portal\/2024\/08\/05\/foro-penal-de-venezuela-denuncia-988-arrestos-desde-el-inicio-de-las-protestas\/","og_site_name":"El Diario - Bolivia","article_publisher":"https:\/\/www.facebook.com\/eldiario.bolivia\/","article_published_time":"2024-08-05T09:35:48+00:00","article_modified_time":"2024-08-05T09:35:56+00:00","og_image":[{"width":800,"height":500,"url":"https:\/\/www.eldiario.net\/portal\/wp-content\/uploads\/2023\/12\/Internacional.jpg","type":"image\/jpeg"}],"author":"Jeanette","twitter_card":"summary_large_image","twitter_creator":"@eldiario_net","twitter_site":"@eldiario_net","twitter_misc":{"Escrito por":"Jeanette","Tiempo de lectura":"3 minutos"},"schema":{"@context":"https:\/\/schema.org","@graph":[{"@type":"Article","@id":"https:\/\/www.eldiario.net\/portal\/2024\/08\/05\/foro-penal-de-venezuela-denuncia-988-arrestos-desde-el-inicio-de-las-protestas\/#article","isPartOf":{"@id":"https:\/\/www.eldiario.net\/portal\/2024\/08\/05\/foro-penal-de-venezuela-denuncia-988-arrestos-desde-el-inicio-de-las-protestas\/"},"author":{"name":"Jeanette","@id":"https:\/\/www.eldiario.net\/portal\/#\/schema\/person\/2c57cf2b7a7ae032e449e4c9b1019eac"},"headline":"Foro Penal de Venezuela denuncia 988 arrestos desde el inicio de las protestas","datePublished":"2024-08-05T09:35:48+00:00","dateModified":"2024-08-05T09:35:56+00:00","mainEntityOfPage":{"@id":"https:\/\/www.eldiario.net\/portal\/2024\/08\/05\/foro-penal-de-venezuela-denuncia-988-arrestos-desde-el-inicio-de-las-protestas\/"},"wordCount":460,"commentCount":0,"publisher":{"@id":"https:\/\/www.eldiario.net\/portal\/#organization"},"image":{"@id":"https:\/\/www.eldiario.net\/portal\/2024\/08\/05\/foro-penal-de-venezuela-denuncia-988-arrestos-desde-el-inicio-de-las-protestas\/#primaryimage"},"thumbnailUrl":"https:\/\/www.eldiario.net\/portal\/wp-content\/uploads\/2023\/12\/Internacional.jpg","articleSection":["Internacional"],"inLanguage":"es","potentialAction":[{"@type":"CommentAction","name":"Comment","target":["https:\/\/www.eldiario.net\/portal\/2024\/08\/05\/foro-penal-de-venezuela-denuncia-988-arrestos-desde-el-inicio-de-las-protestas\/#respond"]}]},{"@type":"WebPage","@id":"https:\/\/www.eldiario.net\/portal\/2024\/08\/05\/foro-penal-de-venezuela-denuncia-988-arrestos-desde-el-inicio-de-las-protestas\/","url":"https:\/\/www.eldiario.net\/portal\/2024\/08\/05\/foro-penal-de-venezuela-denuncia-988-arrestos-desde-el-inicio-de-las-protestas\/","name":"Foro Penal de Venezuela denuncia 988 arrestos desde el inicio de las protestas - El Diario - Bolivia","isPartOf":{"@id":"https:\/\/www.eldiario.net\/portal\/#website"},"primaryImageOfPage":{"@id":"https:\/\/www.eldiario.net\/portal\/2024\/08\/05\/foro-penal-de-venezuela-denuncia-988-arrestos-desde-el-inicio-de-las-protestas\/#primaryimage"},"image":{"@id":"https:\/\/www.eldiario.net\/portal\/2024\/08\/05\/foro-penal-de-venezuela-denuncia-988-arrestos-desde-el-inicio-de-las-protestas\/#primaryimage"},"thumbnailUrl":"https:\/\/www.eldiario.net\/portal\/wp-content\/uploads\/2023\/12\/Internacional.jpg","datePublished":"2024-08-05T09:35:48+00:00","dateModified":"2024-08-05T09:35:56+00:00","breadcrumb":{"@id":"https:\/\/www.eldiario.net\/portal\/2024\/08\/05\/foro-penal-de-venezuela-denuncia-988-arrestos-desde-el-inicio-de-las-protestas\/#breadcrumb"},"inLanguage":"es","potentialAction":[{"@type":"ReadAction","target":["https:\/\/www.eldiario.net\/portal\/2024\/08\/05\/foro-penal-de-venezuela-denuncia-988-arrestos-desde-el-inicio-de-las-protestas\/"]}]},{"@type":"ImageObject","inLanguage":"es","@id":"https:\/\/www.eldiario.net\/portal\/2024\/08\/05\/foro-penal-de-venezuela-denuncia-988-arrestos-desde-el-inicio-de-las-protestas\/#primaryimage","url":"https:\/\/www.eldiario.net\/portal\/wp-content\/uploads\/2023\/12\/Internacional.jpg","contentUrl":"https:\/\/www.eldiario.net\/portal\/wp-content\/uploads\/2023\/12\/Internacional.jpg","width":800,"height":500},{"@type":"BreadcrumbList","@id":"https:\/\/www.eldiario.net\/portal\/2024\/08\/05\/foro-penal-de-venezuela-denuncia-988-arrestos-desde-el-inicio-de-las-protestas\/#breadcrumb","itemListElement":[{"@type":"ListItem","position":1,"name":"Portada","item":"https:\/\/www.eldiario.net\/portal\/"},{"@type":"ListItem","position":2,"name":"Foro Penal de Venezuela denuncia 988 arrestos desde el inicio de las protestas"}]},{"@type":"WebSite","@id":"https:\/\/www.eldiario.net\/portal\/#website","url":"https:\/\/www.eldiario.net\/portal\/","name":"El Diario - Decano de la prensa nacional","description":"El Diario - Decano de la prensa nacional","publisher":{"@id":"https:\/\/www.eldiario.net\/portal\/#organization"},"potentialAction":[{"@type":"SearchAction","target":{"@type":"EntryPoint","urlTemplate":"https:\/\/www.eldiario.net\/portal\/?s={search_term_string}"},"query-input":{"@type":"PropertyValueSpecification","valueRequired":true,"valueName":"search_term_string"}}],"inLanguage":"es"},{"@type":"Organization","@id":"https:\/\/www.eldiario.net\/portal\/#organization","name":"El Diario - Decano de la prensa nacional","url":"https:\/\/www.eldiario.net\/portal\/","logo":{"@type":"ImageObject","inLanguage":"es","@id":"https:\/\/www.eldiario.net\/portal\/#\/schema\/logo\/image\/","url":"https:\/\/www.eldiario.net\/portal\/wp-content\/uploads\/2023\/07\/logo_ED.jpg","contentUrl":"https:\/\/www.eldiario.net\/portal\/wp-content\/uploads\/2023\/07\/logo_ED.jpg","width":272,"height":52,"caption":"El Diario - Decano de la prensa nacional"},"image":{"@id":"https:\/\/www.eldiario.net\/portal\/#\/schema\/logo\/image\/"},"sameAs":["https:\/\/www.facebook.com\/eldiario.bolivia\/","https:\/\/x.com\/eldiario_net"]},{"@type":"Person","@id":"https:\/\/www.eldiario.net\/portal\/#\/schema\/person\/2c57cf2b7a7ae032e449e4c9b1019eac","name":"Jeanette","image":{"@type":"ImageObject","inLanguage":"es","@id":"https:\/\/secure.gravatar.com\/avatar\/3ea2118a5f7dad2b7138b1187a6b7ee55f160b9968b66013c3a3ef39dd7e5798?s=96&d=mm&r=g","url":"https:\/\/secure.gravatar.com\/avatar\/3ea2118a5f7dad2b7138b1187a6b7ee55f160b9968b66013c3a3ef39dd7e5798?s=96&d=mm&r=g","contentUrl":"https:\/\/secure.gravatar.com\/avatar\/3ea2118a5f7dad2b7138b1187a6b7ee55f160b9968b66013c3a3ef39dd7e5798?s=96&d=mm&r=g","caption":"Jeanette"},"sameAs":["https:\/\/www.eldiario.net\/portal"],"url":"https:\/\/www.eldiario.net\/portal\/author\/jeanette\/"}]}},"_links":{"self":[{"href":"https:\/\/www.eldiario.net\/portal\/wp-json\/wp\/v2\/posts\/238651","targetHints":{"allow":["GET"]}}],"collection":[{"href":"https:\/\/www.eldiario.net\/portal\/wp-json\/wp\/v2\/posts"}],"about":[{"href":"https:\/\/www.eldiario.net\/portal\/wp-json\/wp\/v2\/types\/post"}],"author":[{"embeddable":true,"href":"https:\/\/www.eldiario.net\/portal\/wp-json\/wp\/v2\/users\/1"}],"replies":[{"embeddable":true,"href":"https:\/\/www.eldiario.net\/portal\/wp-json\/wp\/v2\/comments?post=238651"}],"version-history":[{"count":1,"href":"https:\/\/www.eldiario.net\/portal\/wp-json\/wp\/v2\/posts\/238651\/revisions"}],"predecessor-version":[{"id":238652,"href":"https:\/\/www.eldiario.net\/portal\/wp-json\/wp\/v2\/posts\/238651\/revisions\/238652"}],"wp:featuredmedia":[{"embeddable":true,"href":"https:\/\/www.eldiario.net\/portal\/wp-json\/wp\/v2\/media\/194703"}],"wp:attachment":[{"href":"https:\/\/www.eldiario.net\/portal\/wp-json\/wp\/v2\/media?parent=238651"}],"wp:term":[{"taxonomy":"category","embeddable":true,"href":"https:\/\/www.eldiario.net\/portal\/wp-json\/wp\/v2\/categories?post=238651"},{"taxonomy":"post_tag","embeddable":true,"href":"https:\/\/www.eldiario.net\/portal\/wp-json\/wp\/v2\/tags?post=238651"}],"curies":[{"name":"wp","href":"https:\/\/api.w.org\/{rel}","templated":true}]}}