{"id":238648,"date":"2024-08-05T05:35:16","date_gmt":"2024-08-05T09:35:16","guid":{"rendered":"https:\/\/www.eldiario.net\/portal\/?p=238648"},"modified":"2024-08-05T05:35:16","modified_gmt":"2024-08-05T09:35:16","slug":"cobertura-de-vacunacion-contra-influenza-esta-cerca-del-93","status":"publish","type":"post","link":"https:\/\/www.eldiario.net\/portal\/2024\/08\/05\/cobertura-de-vacunacion-contra-influenza-esta-cerca-del-93\/","title":{"rendered":"Cobertura de vacunaci\u00f3n contra  influenza est\u00e1 cerca del 93%"},"content":{"rendered":"<p>El viceministro de Promoci\u00f3n, Vigilancia Epidemiol\u00f3gica y Medicina Tradicional, Max Enr\u00edquez, inform\u00f3 que la cobertura de vacunaci\u00f3n contra la influenza en el grupo de ni\u00f1os de 2 a 12 a\u00f1os casi lleg\u00f3 al 93%, lo cual refleja la responsabilidad de los padres de familia para que sus hijos retornen a clases seguros con su vacuna.<br \/>\n\u201cEs positivo que a esta fecha estamos teniendo un reporte de 1.373.692 dosis aplicadas a todos los grupos. Un grupo poblacional al cual rescatamos y recuperamos es el de dos a 12 a\u00f1os, que ha llegado al 92.9 por ciento, casi el 93 por ciento. Eso es muy positivo y loable, y muestra que los padres de familia y los ni\u00f1os est\u00e1n retornando a clases de manera segura con su vacuna. Eso es importante porque nos hace pensar que los padres de familia est\u00e1n retomando la responsabilidad sobre la vacunaci\u00f3n de sus ni\u00f1os\u201d, se\u00f1al\u00f3 la autoridad gubernamental.<br \/>\nAsimismo, sostuvo que esta situaci\u00f3n genera los espacios para que los ni\u00f1os y ni\u00f1as completen sus esquemas de vacunaci\u00f3n de otras enfermedades, como la poliomielitis y el sarampi\u00f3n. \u201cEl que los ni\u00f1os se est\u00e9n vacunando en esa dimensi\u00f3n nos hace tambi\u00e9n pensar que s\u00ed podemos recuperar coberturas de vacunaci\u00f3n del esquema regular\u201d, manifest\u00f3.<br \/>\nLa campa\u00f1a de vacunaci\u00f3n contra la influenza se activ\u00f3 en mayo, con una primera etapa que prioriz\u00f3 a los grupos de riesgo, es decir: mayores de 60 a\u00f1os, personas con enfermedades cr\u00f3nicas o de base, personal de salud, embarazadas y ni\u00f1as y ni\u00f1os de seis a 18 meses de edad.<br \/>\nEn tanto, en una segunda fase, la cobertura se ampli\u00f3 al grupo de ni\u00f1as y ni\u00f1os de dos a 12 a\u00f1os de edad y, en la tercera etapa, la aplicaci\u00f3n de la vacuna se extendi\u00f3 a todos los grupos de edad.<br \/>\nMedida que, en primera instancia, deb\u00eda culminar el 31 de julio, sin embargo con el prop\u00f3sito de ampliar las coberturas y llegar a la totalidad de la poblaci\u00f3n, la campa\u00f1a se extendi\u00f3 hasta el 16 de agosto.<br \/>\nDe acuerdo con los datos del Programa Ampliado de Inmunizaciones (PAI), el grupo de 2 a 12 a\u00f1os ha alcanzado a la fecha el 92.9%; mayores de 60 a\u00f1os, el 78.3%; personal de salud, el 78.8%; la dosis \u00fanica de ni\u00f1os de un a\u00f1o de edad, el 70.9%; la primera dosis de los menores de un a\u00f1o, el 47.1%; y la segunda dosis, solo el 16.4%. Las personas con enfermedades de base alcanzan el 30.9%.<br \/>\nEl viceministro Enr\u00edquez reflexion\u00f3 y reiter\u00f3 que el grupo de personas con enfermedades de base, como diabetes, obesidad, hipertensi\u00f3n y otras, deben acudir a un establecimiento de salud, primero para controlar su enfermedad y luego para recibir su vacuna contra la influenza. De esta manera, se pueden evitar complicaciones graves o desenlaces fatales que se pueden prevenir con una dosis de la vacuna.<\/p>\n","protected":false},"excerpt":{"rendered":"<p>El viceministro de Promoci\u00f3n, Vigilancia Epidemiol\u00f3gica y Medicina Tradicional, Max Enr\u00edquez, inform\u00f3 que la cobertura de vacunaci\u00f3n contra la influenza en el grupo de ni\u00f1os de 2 a 12 a\u00f1os casi lleg\u00f3 al 93%, lo cual refleja la responsabilidad de los padres de familia para que sus hijos retornen a clases seguros con su vacuna. [&hellip;]<\/p>\n","protected":false},"author":1,"featured_media":238649,"comment_status":"open","ping_status":"open","sticky":false,"template":"","format":"standard","meta":{"_acf_changed":false,"footnotes":""},"categories":[12],"tags":[],"class_list":["post-238648","post","type-post","status-publish","format-standard","has-post-thumbnail","category-nacional"],"acf":{"antetitulo":"En ni\u00f1os de 2 a 12 a\u00f1os"},"yoast_head":"<!-- This site is optimized with the Yoast SEO plugin v28.4 - https:\/\/yoast.com\/product\/yoast-seo-wordpress\/ -->\n<title>Cobertura de vacunaci\u00f3n contra influenza est\u00e1 cerca del 93% - El Diario - Bolivia<\/title>\n<meta name=\"robots\" content=\"index, follow, max-snippet:-1, max-image-preview:large, max-video-preview:-1\" \/>\n<link rel=\"canonical\" href=\"https:\/\/www.eldiario.net\/portal\/2024\/08\/05\/cobertura-de-vacunacion-contra-influenza-esta-cerca-del-93\/\" \/>\n<meta property=\"og:locale\" content=\"es_ES\" \/>\n<meta property=\"og:type\" content=\"article\" \/>\n<meta property=\"og:title\" content=\"Cobertura de vacunaci\u00f3n contra influenza est\u00e1 cerca del 93% - El Diario - Bolivia\" \/>\n<meta property=\"og:description\" content=\"El viceministro de Promoci\u00f3n, Vigilancia Epidemiol\u00f3gica y Medicina Tradicional, Max Enr\u00edquez, inform\u00f3 que la cobertura de vacunaci\u00f3n contra la influenza en el grupo de ni\u00f1os de 2 a 12 a\u00f1os casi lleg\u00f3 al 93%, lo cual refleja la responsabilidad de los padres de familia para que sus hijos retornen a clases seguros con su vacuna. [&hellip;]\" \/>\n<meta property=\"og:url\" content=\"https:\/\/www.eldiario.net\/portal\/2024\/08\/05\/cobertura-de-vacunacion-contra-influenza-esta-cerca-del-93\/\" \/>\n<meta property=\"og:site_name\" content=\"El Diario - Bolivia\" \/>\n<meta property=\"article:publisher\" content=\"https:\/\/www.facebook.com\/eldiario.bolivia\/\" \/>\n<meta property=\"article:published_time\" content=\"2024-08-05T09:35:16+00:00\" \/>\n<meta property=\"og:image\" content=\"https:\/\/www.eldiario.net\/portal\/wp-content\/uploads\/2024\/08\/F-1-cobertura.jpg\" \/>\n\t<meta property=\"og:image:width\" content=\"1599\" \/>\n\t<meta property=\"og:image:height\" content=\"1066\" \/>\n\t<meta property=\"og:image:type\" content=\"image\/jpeg\" \/>\n<meta name=\"author\" content=\"Jeanette\" \/>\n<meta name=\"twitter:card\" content=\"summary_large_image\" \/>\n<meta name=\"twitter:creator\" content=\"@eldiario_net\" \/>\n<meta name=\"twitter:site\" content=\"@eldiario_net\" \/>\n<meta name=\"twitter:label1\" content=\"Escrito por\" \/>\n\t<meta name=\"twitter:data1\" content=\"Jeanette\" \/>\n\t<meta name=\"twitter:label2\" content=\"Tiempo de lectura\" \/>\n\t<meta name=\"twitter:data2\" content=\"3 minutos\" \/>\n<script type=\"application\/ld+json\" class=\"yoast-schema-graph\">{\"@context\":\"https:\\\/\\\/schema.org\",\"@graph\":[{\"@type\":\"Article\",\"@id\":\"https:\\\/\\\/www.eldiario.net\\\/portal\\\/2024\\\/08\\\/05\\\/cobertura-de-vacunacion-contra-influenza-esta-cerca-del-93\\\/#article\",\"isPartOf\":{\"@id\":\"https:\\\/\\\/www.eldiario.net\\\/portal\\\/2024\\\/08\\\/05\\\/cobertura-de-vacunacion-contra-influenza-esta-cerca-del-93\\\/\"},\"author\":{\"name\":\"Jeanette\",\"@id\":\"https:\\\/\\\/www.eldiario.net\\\/portal\\\/#\\\/schema\\\/person\\\/2c57cf2b7a7ae032e449e4c9b1019eac\"},\"headline\":\"Cobertura de vacunaci\u00f3n contra influenza est\u00e1 cerca del 93%\",\"datePublished\":\"2024-08-05T09:35:16+00:00\",\"mainEntityOfPage\":{\"@id\":\"https:\\\/\\\/www.eldiario.net\\\/portal\\\/2024\\\/08\\\/05\\\/cobertura-de-vacunacion-contra-influenza-esta-cerca-del-93\\\/\"},\"wordCount\":502,\"commentCount\":0,\"publisher\":{\"@id\":\"https:\\\/\\\/www.eldiario.net\\\/portal\\\/#organization\"},\"image\":{\"@id\":\"https:\\\/\\\/www.eldiario.net\\\/portal\\\/2024\\\/08\\\/05\\\/cobertura-de-vacunacion-contra-influenza-esta-cerca-del-93\\\/#primaryimage\"},\"thumbnailUrl\":\"https:\\\/\\\/www.eldiario.net\\\/portal\\\/wp-content\\\/uploads\\\/2024\\\/08\\\/F-1-cobertura.jpg\",\"articleSection\":[\"Nacional\"],\"inLanguage\":\"es\",\"potentialAction\":[{\"@type\":\"CommentAction\",\"name\":\"Comment\",\"target\":[\"https:\\\/\\\/www.eldiario.net\\\/portal\\\/2024\\\/08\\\/05\\\/cobertura-de-vacunacion-contra-influenza-esta-cerca-del-93\\\/#respond\"]}]},{\"@type\":\"WebPage\",\"@id\":\"https:\\\/\\\/www.eldiario.net\\\/portal\\\/2024\\\/08\\\/05\\\/cobertura-de-vacunacion-contra-influenza-esta-cerca-del-93\\\/\",\"url\":\"https:\\\/\\\/www.eldiario.net\\\/portal\\\/2024\\\/08\\\/05\\\/cobertura-de-vacunacion-contra-influenza-esta-cerca-del-93\\\/\",\"name\":\"Cobertura de vacunaci\u00f3n contra influenza est\u00e1 cerca del 93% - El Diario - Bolivia\",\"isPartOf\":{\"@id\":\"https:\\\/\\\/www.eldiario.net\\\/portal\\\/#website\"},\"primaryImageOfPage\":{\"@id\":\"https:\\\/\\\/www.eldiario.net\\\/portal\\\/2024\\\/08\\\/05\\\/cobertura-de-vacunacion-contra-influenza-esta-cerca-del-93\\\/#primaryimage\"},\"image\":{\"@id\":\"https:\\\/\\\/www.eldiario.net\\\/portal\\\/2024\\\/08\\\/05\\\/cobertura-de-vacunacion-contra-influenza-esta-cerca-del-93\\\/#primaryimage\"},\"thumbnailUrl\":\"https:\\\/\\\/www.eldiario.net\\\/portal\\\/wp-content\\\/uploads\\\/2024\\\/08\\\/F-1-cobertura.jpg\",\"datePublished\":\"2024-08-05T09:35:16+00:00\",\"breadcrumb\":{\"@id\":\"https:\\\/\\\/www.eldiario.net\\\/portal\\\/2024\\\/08\\\/05\\\/cobertura-de-vacunacion-contra-influenza-esta-cerca-del-93\\\/#breadcrumb\"},\"inLanguage\":\"es\",\"potentialAction\":[{\"@type\":\"ReadAction\",\"target\":[\"https:\\\/\\\/www.eldiario.net\\\/portal\\\/2024\\\/08\\\/05\\\/cobertura-de-vacunacion-contra-influenza-esta-cerca-del-93\\\/\"]}]},{\"@type\":\"ImageObject\",\"inLanguage\":\"es\",\"@id\":\"https:\\\/\\\/www.eldiario.net\\\/portal\\\/2024\\\/08\\\/05\\\/cobertura-de-vacunacion-contra-influenza-esta-cerca-del-93\\\/#primaryimage\",\"url\":\"https:\\\/\\\/www.eldiario.net\\\/portal\\\/wp-content\\\/uploads\\\/2024\\\/08\\\/F-1-cobertura.jpg\",\"contentUrl\":\"https:\\\/\\\/www.eldiario.net\\\/portal\\\/wp-content\\\/uploads\\\/2024\\\/08\\\/F-1-cobertura.jpg\",\"width\":1599,\"height\":1066,\"caption\":\"La vacuna protege a las personas y, en caso de contraer influenza, evita que la enfermedad sea grave.\"},{\"@type\":\"BreadcrumbList\",\"@id\":\"https:\\\/\\\/www.eldiario.net\\\/portal\\\/2024\\\/08\\\/05\\\/cobertura-de-vacunacion-contra-influenza-esta-cerca-del-93\\\/#breadcrumb\",\"itemListElement\":[{\"@type\":\"ListItem\",\"position\":1,\"name\":\"Portada\",\"item\":\"https:\\\/\\\/www.eldiario.net\\\/portal\\\/\"},{\"@type\":\"ListItem\",\"position\":2,\"name\":\"Cobertura de vacunaci\u00f3n contra influenza est\u00e1 cerca del 93%\"}]},{\"@type\":\"WebSite\",\"@id\":\"https:\\\/\\\/www.eldiario.net\\\/portal\\\/#website\",\"url\":\"https:\\\/\\\/www.eldiario.net\\\/portal\\\/\",\"name\":\"El Diario - Decano de la prensa nacional\",\"description\":\"El Diario - Decano de la prensa nacional\",\"publisher\":{\"@id\":\"https:\\\/\\\/www.eldiario.net\\\/portal\\\/#organization\"},\"potentialAction\":[{\"@type\":\"SearchAction\",\"target\":{\"@type\":\"EntryPoint\",\"urlTemplate\":\"https:\\\/\\\/www.eldiario.net\\\/portal\\\/?s={search_term_string}\"},\"query-input\":{\"@type\":\"PropertyValueSpecification\",\"valueRequired\":true,\"valueName\":\"search_term_string\"}}],\"inLanguage\":\"es\"},{\"@type\":\"Organization\",\"@id\":\"https:\\\/\\\/www.eldiario.net\\\/portal\\\/#organization\",\"name\":\"El Diario - Decano de la prensa nacional\",\"url\":\"https:\\\/\\\/www.eldiario.net\\\/portal\\\/\",\"logo\":{\"@type\":\"ImageObject\",\"inLanguage\":\"es\",\"@id\":\"https:\\\/\\\/www.eldiario.net\\\/portal\\\/#\\\/schema\\\/logo\\\/image\\\/\",\"url\":\"https:\\\/\\\/www.eldiario.net\\\/portal\\\/wp-content\\\/uploads\\\/2023\\\/07\\\/logo_ED.jpg\",\"contentUrl\":\"https:\\\/\\\/www.eldiario.net\\\/portal\\\/wp-content\\\/uploads\\\/2023\\\/07\\\/logo_ED.jpg\",\"width\":272,\"height\":52,\"caption\":\"El Diario - Decano de la prensa nacional\"},\"image\":{\"@id\":\"https:\\\/\\\/www.eldiario.net\\\/portal\\\/#\\\/schema\\\/logo\\\/image\\\/\"},\"sameAs\":[\"https:\\\/\\\/www.facebook.com\\\/eldiario.bolivia\\\/\",\"https:\\\/\\\/x.com\\\/eldiario_net\"]},{\"@type\":\"Person\",\"@id\":\"https:\\\/\\\/www.eldiario.net\\\/portal\\\/#\\\/schema\\\/person\\\/2c57cf2b7a7ae032e449e4c9b1019eac\",\"name\":\"Jeanette\",\"image\":{\"@type\":\"ImageObject\",\"inLanguage\":\"es\",\"@id\":\"https:\\\/\\\/secure.gravatar.com\\\/avatar\\\/3ea2118a5f7dad2b7138b1187a6b7ee55f160b9968b66013c3a3ef39dd7e5798?s=96&d=mm&r=g\",\"url\":\"https:\\\/\\\/secure.gravatar.com\\\/avatar\\\/3ea2118a5f7dad2b7138b1187a6b7ee55f160b9968b66013c3a3ef39dd7e5798?s=96&d=mm&r=g\",\"contentUrl\":\"https:\\\/\\\/secure.gravatar.com\\\/avatar\\\/3ea2118a5f7dad2b7138b1187a6b7ee55f160b9968b66013c3a3ef39dd7e5798?s=96&d=mm&r=g\",\"caption\":\"Jeanette\"},\"sameAs\":[\"https:\\\/\\\/www.eldiario.net\\\/portal\"],\"url\":\"https:\\\/\\\/www.eldiario.net\\\/portal\\\/author\\\/jeanette\\\/\"}]}<\/script>\n<!-- \/ Yoast SEO plugin. -->","yoast_head_json":{"title":"Cobertura de vacunaci\u00f3n contra influenza est\u00e1 cerca del 93% - El Diario - Bolivia","robots":{"index":"index","follow":"follow","max-snippet":"max-snippet:-1","max-image-preview":"max-image-preview:large","max-video-preview":"max-video-preview:-1"},"canonical":"https:\/\/www.eldiario.net\/portal\/2024\/08\/05\/cobertura-de-vacunacion-contra-influenza-esta-cerca-del-93\/","og_locale":"es_ES","og_type":"article","og_title":"Cobertura de vacunaci\u00f3n contra influenza est\u00e1 cerca del 93% - El Diario - Bolivia","og_description":"El viceministro de Promoci\u00f3n, Vigilancia Epidemiol\u00f3gica y Medicina Tradicional, Max Enr\u00edquez, inform\u00f3 que la cobertura de vacunaci\u00f3n contra la influenza en el grupo de ni\u00f1os de 2 a 12 a\u00f1os casi lleg\u00f3 al 93%, lo cual refleja la responsabilidad de los padres de familia para que sus hijos retornen a clases seguros con su vacuna. [&hellip;]","og_url":"https:\/\/www.eldiario.net\/portal\/2024\/08\/05\/cobertura-de-vacunacion-contra-influenza-esta-cerca-del-93\/","og_site_name":"El Diario - Bolivia","article_publisher":"https:\/\/www.facebook.com\/eldiario.bolivia\/","article_published_time":"2024-08-05T09:35:16+00:00","og_image":[{"width":1599,"height":1066,"url":"https:\/\/www.eldiario.net\/portal\/wp-content\/uploads\/2024\/08\/F-1-cobertura.jpg","type":"image\/jpeg"}],"author":"Jeanette","twitter_card":"summary_large_image","twitter_creator":"@eldiario_net","twitter_site":"@eldiario_net","twitter_misc":{"Escrito por":"Jeanette","Tiempo de lectura":"3 minutos"},"schema":{"@context":"https:\/\/schema.org","@graph":[{"@type":"Article","@id":"https:\/\/www.eldiario.net\/portal\/2024\/08\/05\/cobertura-de-vacunacion-contra-influenza-esta-cerca-del-93\/#article","isPartOf":{"@id":"https:\/\/www.eldiario.net\/portal\/2024\/08\/05\/cobertura-de-vacunacion-contra-influenza-esta-cerca-del-93\/"},"author":{"name":"Jeanette","@id":"https:\/\/www.eldiario.net\/portal\/#\/schema\/person\/2c57cf2b7a7ae032e449e4c9b1019eac"},"headline":"Cobertura de vacunaci\u00f3n contra influenza est\u00e1 cerca del 93%","datePublished":"2024-08-05T09:35:16+00:00","mainEntityOfPage":{"@id":"https:\/\/www.eldiario.net\/portal\/2024\/08\/05\/cobertura-de-vacunacion-contra-influenza-esta-cerca-del-93\/"},"wordCount":502,"commentCount":0,"publisher":{"@id":"https:\/\/www.eldiario.net\/portal\/#organization"},"image":{"@id":"https:\/\/www.eldiario.net\/portal\/2024\/08\/05\/cobertura-de-vacunacion-contra-influenza-esta-cerca-del-93\/#primaryimage"},"thumbnailUrl":"https:\/\/www.eldiario.net\/portal\/wp-content\/uploads\/2024\/08\/F-1-cobertura.jpg","articleSection":["Nacional"],"inLanguage":"es","potentialAction":[{"@type":"CommentAction","name":"Comment","target":["https:\/\/www.eldiario.net\/portal\/2024\/08\/05\/cobertura-de-vacunacion-contra-influenza-esta-cerca-del-93\/#respond"]}]},{"@type":"WebPage","@id":"https:\/\/www.eldiario.net\/portal\/2024\/08\/05\/cobertura-de-vacunacion-contra-influenza-esta-cerca-del-93\/","url":"https:\/\/www.eldiario.net\/portal\/2024\/08\/05\/cobertura-de-vacunacion-contra-influenza-esta-cerca-del-93\/","name":"Cobertura de vacunaci\u00f3n contra influenza est\u00e1 cerca del 93% - El Diario - Bolivia","isPartOf":{"@id":"https:\/\/www.eldiario.net\/portal\/#website"},"primaryImageOfPage":{"@id":"https:\/\/www.eldiario.net\/portal\/2024\/08\/05\/cobertura-de-vacunacion-contra-influenza-esta-cerca-del-93\/#primaryimage"},"image":{"@id":"https:\/\/www.eldiario.net\/portal\/2024\/08\/05\/cobertura-de-vacunacion-contra-influenza-esta-cerca-del-93\/#primaryimage"},"thumbnailUrl":"https:\/\/www.eldiario.net\/portal\/wp-content\/uploads\/2024\/08\/F-1-cobertura.jpg","datePublished":"2024-08-05T09:35:16+00:00","breadcrumb":{"@id":"https:\/\/www.eldiario.net\/portal\/2024\/08\/05\/cobertura-de-vacunacion-contra-influenza-esta-cerca-del-93\/#breadcrumb"},"inLanguage":"es","potentialAction":[{"@type":"ReadAction","target":["https:\/\/www.eldiario.net\/portal\/2024\/08\/05\/cobertura-de-vacunacion-contra-influenza-esta-cerca-del-93\/"]}]},{"@type":"ImageObject","inLanguage":"es","@id":"https:\/\/www.eldiario.net\/portal\/2024\/08\/05\/cobertura-de-vacunacion-contra-influenza-esta-cerca-del-93\/#primaryimage","url":"https:\/\/www.eldiario.net\/portal\/wp-content\/uploads\/2024\/08\/F-1-cobertura.jpg","contentUrl":"https:\/\/www.eldiario.net\/portal\/wp-content\/uploads\/2024\/08\/F-1-cobertura.jpg","width":1599,"height":1066,"caption":"La vacuna protege a las personas y, en caso de contraer influenza, evita que la enfermedad sea grave."},{"@type":"BreadcrumbList","@id":"https:\/\/www.eldiario.net\/portal\/2024\/08\/05\/cobertura-de-vacunacion-contra-influenza-esta-cerca-del-93\/#breadcrumb","itemListElement":[{"@type":"ListItem","position":1,"name":"Portada","item":"https:\/\/www.eldiario.net\/portal\/"},{"@type":"ListItem","position":2,"name":"Cobertura de vacunaci\u00f3n contra influenza est\u00e1 cerca del 93%"}]},{"@type":"WebSite","@id":"https:\/\/www.eldiario.net\/portal\/#website","url":"https:\/\/www.eldiario.net\/portal\/","name":"El Diario - Decano de la prensa nacional","description":"El Diario - Decano de la prensa nacional","publisher":{"@id":"https:\/\/www.eldiario.net\/portal\/#organization"},"potentialAction":[{"@type":"SearchAction","target":{"@type":"EntryPoint","urlTemplate":"https:\/\/www.eldiario.net\/portal\/?s={search_term_string}"},"query-input":{"@type":"PropertyValueSpecification","valueRequired":true,"valueName":"search_term_string"}}],"inLanguage":"es"},{"@type":"Organization","@id":"https:\/\/www.eldiario.net\/portal\/#organization","name":"El Diario - Decano de la prensa nacional","url":"https:\/\/www.eldiario.net\/portal\/","logo":{"@type":"ImageObject","inLanguage":"es","@id":"https:\/\/www.eldiario.net\/portal\/#\/schema\/logo\/image\/","url":"https:\/\/www.eldiario.net\/portal\/wp-content\/uploads\/2023\/07\/logo_ED.jpg","contentUrl":"https:\/\/www.eldiario.net\/portal\/wp-content\/uploads\/2023\/07\/logo_ED.jpg","width":272,"height":52,"caption":"El Diario - Decano de la prensa nacional"},"image":{"@id":"https:\/\/www.eldiario.net\/portal\/#\/schema\/logo\/image\/"},"sameAs":["https:\/\/www.facebook.com\/eldiario.bolivia\/","https:\/\/x.com\/eldiario_net"]},{"@type":"Person","@id":"https:\/\/www.eldiario.net\/portal\/#\/schema\/person\/2c57cf2b7a7ae032e449e4c9b1019eac","name":"Jeanette","image":{"@type":"ImageObject","inLanguage":"es","@id":"https:\/\/secure.gravatar.com\/avatar\/3ea2118a5f7dad2b7138b1187a6b7ee55f160b9968b66013c3a3ef39dd7e5798?s=96&d=mm&r=g","url":"https:\/\/secure.gravatar.com\/avatar\/3ea2118a5f7dad2b7138b1187a6b7ee55f160b9968b66013c3a3ef39dd7e5798?s=96&d=mm&r=g","contentUrl":"https:\/\/secure.gravatar.com\/avatar\/3ea2118a5f7dad2b7138b1187a6b7ee55f160b9968b66013c3a3ef39dd7e5798?s=96&d=mm&r=g","caption":"Jeanette"},"sameAs":["https:\/\/www.eldiario.net\/portal"],"url":"https:\/\/www.eldiario.net\/portal\/author\/jeanette\/"}]}},"_links":{"self":[{"href":"https:\/\/www.eldiario.net\/portal\/wp-json\/wp\/v2\/posts\/238648","targetHints":{"allow":["GET"]}}],"collection":[{"href":"https:\/\/www.eldiario.net\/portal\/wp-json\/wp\/v2\/posts"}],"about":[{"href":"https:\/\/www.eldiario.net\/portal\/wp-json\/wp\/v2\/types\/post"}],"author":[{"embeddable":true,"href":"https:\/\/www.eldiario.net\/portal\/wp-json\/wp\/v2\/users\/1"}],"replies":[{"embeddable":true,"href":"https:\/\/www.eldiario.net\/portal\/wp-json\/wp\/v2\/comments?post=238648"}],"version-history":[{"count":1,"href":"https:\/\/www.eldiario.net\/portal\/wp-json\/wp\/v2\/posts\/238648\/revisions"}],"predecessor-version":[{"id":238650,"href":"https:\/\/www.eldiario.net\/portal\/wp-json\/wp\/v2\/posts\/238648\/revisions\/238650"}],"wp:featuredmedia":[{"embeddable":true,"href":"https:\/\/www.eldiario.net\/portal\/wp-json\/wp\/v2\/media\/238649"}],"wp:attachment":[{"href":"https:\/\/www.eldiario.net\/portal\/wp-json\/wp\/v2\/media?parent=238648"}],"wp:term":[{"taxonomy":"category","embeddable":true,"href":"https:\/\/www.eldiario.net\/portal\/wp-json\/wp\/v2\/categories?post=238648"},{"taxonomy":"post_tag","embeddable":true,"href":"https:\/\/www.eldiario.net\/portal\/wp-json\/wp\/v2\/tags?post=238648"}],"curies":[{"name":"wp","href":"https:\/\/api.w.org\/{rel}","templated":true}]}}