{"id":23862,"date":"2021-08-17T05:39:14","date_gmt":"2021-08-17T09:39:14","guid":{"rendered":"https:\/\/www.eldiario.net\/portal\/?p=23862"},"modified":"2021-08-17T05:39:14","modified_gmt":"2021-08-17T09:39:14","slug":"el-esperado-retorno-de-la-revista-cultural-piedra-de-agua","status":"publish","type":"post","link":"https:\/\/www.eldiario.net\/portal\/2021\/08\/17\/el-esperado-retorno-de-la-revista-cultural-piedra-de-agua\/","title":{"rendered":"El esperado retorno de la revista cultural \u201cPiedra de Agua\u201d"},"content":{"rendered":"<p>Tras la interrupci\u00f3n de dos a\u00f1os que por diversos motivos la revista dej\u00f3 de circular (el n\u00famero anterior sali\u00f3 en diciembre del 2018) la Fundaci\u00f3n Cultural del Banco Central de Bolivia presenta la revista cultural Piedra de Agua N\u00b0 24, bajo una modalidad acad\u00e9mica arbitrada cuyo prop\u00f3sito es incentivar la investigaci\u00f3n y promover la reflexi\u00f3n acad\u00e9mica sobre el patrimonio cultural, documental e hist\u00f3rico por medio de estudios in\u00e9ditos especializados que desarrollan tem\u00e1ticas referidas al arte, historia, literatura, museos y cultura, impulsando el desarrollo cient\u00edfico cultural en Bolivia y Latinoam\u00e9rica.<\/p>\n<p>Este n\u00famero especial presenta en el dossier un homenaje p\u00f3stumo a Edgar \u201cHurac\u00e1n\u201d Ram\u00edrez, Gil Iman\u00e1 e In\u00e9s C\u00f3rdova, Felipe Quispe \u201cEl Mallku\u201d y al Inka Chukiwanca. La segunda parte de la revista est\u00e1 dedicada a la publicaci\u00f3n de diversos textos, todos enmarcados en diferentes intereses y tem\u00e1ticas, que abordan la investigaci\u00f3n hist\u00f3rica, un paseo por diferentes exposiciones de arte, experiencias de inventariaci\u00f3n de fondos patrimoniales, artes y propuestas literarias.<\/p>\n<p>Para su elaboraci\u00f3n, la FC-BCB cont\u00f3 con la colaboraci\u00f3n de importantes personalidades como los ex ministros Jos\u00e9 Guillermo Dalence, Jos\u00e9 Pimentel y H\u00e9ctor Hinojosa, el ex Embajador de Bolivia en la Rep\u00fablica Popular China Fernando Rodr\u00edguez y la Jefa Nacional de procesos t\u00e9cnicos del Archivo Hist\u00f3rico de la Minera Nacional Carola Campos, entre varios, que rinden homenaje a Edgar \u201cHurac\u00e1n Ram\u00edrez.<\/p>\n<p>Karin Schulze y Ver\u00f3nica C\u00f3rdova recorren la vida y obra de Gil Iman\u00e1 e In\u00e9s C\u00f3rdova. A su vez, Wilmer Machaca le dedica un espacio al activista e historiador aymara Felipe Quispe \u201cel Mallku\u201d, siguiendo en esta l\u00ednea, Minerva Coronel elabora una semblanza del Inka Waskar Chukiwanka, un intelectual ind\u00edgena que hizo de la descolonizaci\u00f3n tanto una teor\u00eda como una pr\u00e1ctica, adem\u00e1s de que fue esa su bandera de lucha.<\/p>\n<p>La segunda parte de la revista est\u00e1 dedicada a la investigaci\u00f3n, Juan Villanueva Jefe de la Unidad de Investigaci\u00f3n del Museo Nacional de Etnograf\u00eda y Folklore, nos presenta los Apuntes para una historia de los museos de arqueolog\u00eda en La Paz: etapa pre Revoluci\u00f3n Nacional; el investigador Marcelo Maldonado nos traslada hasta Cochabamba con La colina de San Sebasti\u00e1n (la Coronilla): espacios de la memoria y los \u201cno lugares; y finalmente Jos\u00e9 Luis Castro realiza un recorrido por la Real Casa de Moneda de Potos\u00ed y la fundici\u00f3n de crazadas de plata.<\/p>\n<p>En la secci\u00f3n dedicada al arte, conoceremos las Artes en tiempos de pandemia. La peripecia del espacio en la novela de la cuarentena bajo la perspectiva de Jorge Luna; el investigador de la Casa de la Libertad Juan Pedro Debreczeni nos presenta La exposici\u00f3n Pulsos de nuestros cuerpos. Bolivia Pluricultural; y la consultora en Patrimonio Cultural, Lupe Meneses, nos relata la labor realizada en el trabajo de inventariaci\u00f3n de la colecci\u00f3n de bienes culturales del museo Marina N\u00fa\u00f1ez del Prado en las especialidades de escultura, pintura, artesan\u00eda, dibujo y retablos.<\/p>\n<p>En Letras, el Director del Centro de la Cultura Plurinacional, Edson Hurtado brinda un repaso por las estrategias para poder ser un escritor independiente. Culminando con la Vig\u00e9sima cuarta edici\u00f3n Andrea Barrero, Investigadora y Archivera del Archivo y Biblioteca Nacionales de Bolivia presenta una rese\u00f1a del libro Cartas de mujeres: \u2018otras\u2019 historias de Bolivia (1836-1869).<\/p>\n<p>La presentaci\u00f3n oficial se desarrollar\u00e1 el mi\u00e9rcoles 18 de agosto a hrs 10:00 am en el Auditorio del Archivo Hist\u00f3rico de la Minera Nacional (Calleja del Archivero N\u00b0 100. Barrio Ferripetrol. El Alto), espacio particularmente especial ante el recorrido personal, profesional y sindical del \u201cHurac\u00e1n\u201d Ram\u00edrez.<\/p>\n","protected":false},"excerpt":{"rendered":"<p>Tras la interrupci\u00f3n de dos a\u00f1os que por diversos motivos la revista dej\u00f3 de circular (el n\u00famero anterior sali\u00f3 en diciembre del 2018) la Fundaci\u00f3n Cultural del Banco Central de Bolivia presenta la revista cultural Piedra de Agua N\u00b0 24, bajo una modalidad acad\u00e9mica arbitrada cuyo prop\u00f3sito es incentivar la investigaci\u00f3n y promover la reflexi\u00f3n [&hellip;]<\/p>\n","protected":false},"author":1,"featured_media":23863,"comment_status":"closed","ping_status":"closed","sticky":false,"template":"","format":"standard","meta":{"_acf_changed":false,"footnotes":""},"categories":[8],"tags":[],"class_list":["post-23862","post","type-post","status-publish","format-standard","has-post-thumbnail","category-cultural"],"acf":{"antetitulo":""},"yoast_head":"<!-- This site is optimized with the Yoast SEO plugin v28.4 - https:\/\/yoast.com\/product\/yoast-seo-wordpress\/ -->\n<title>El esperado retorno de la revista cultural \u201cPiedra de Agua\u201d - El Diario - Bolivia<\/title>\n<meta name=\"robots\" content=\"index, follow, max-snippet:-1, max-image-preview:large, max-video-preview:-1\" \/>\n<link rel=\"canonical\" href=\"https:\/\/www.eldiario.net\/portal\/2021\/08\/17\/el-esperado-retorno-de-la-revista-cultural-piedra-de-agua\/\" \/>\n<meta property=\"og:locale\" content=\"es_ES\" \/>\n<meta property=\"og:type\" content=\"article\" \/>\n<meta property=\"og:title\" content=\"El esperado retorno de la revista cultural \u201cPiedra de Agua\u201d - El Diario - Bolivia\" \/>\n<meta property=\"og:description\" content=\"Tras la interrupci\u00f3n de dos a\u00f1os que por diversos motivos la revista dej\u00f3 de circular (el n\u00famero anterior sali\u00f3 en diciembre del 2018) la Fundaci\u00f3n Cultural del Banco Central de Bolivia presenta la revista cultural Piedra de Agua N\u00b0 24, bajo una modalidad acad\u00e9mica arbitrada cuyo prop\u00f3sito es incentivar la investigaci\u00f3n y promover la reflexi\u00f3n [&hellip;]\" \/>\n<meta property=\"og:url\" content=\"https:\/\/www.eldiario.net\/portal\/2021\/08\/17\/el-esperado-retorno-de-la-revista-cultural-piedra-de-agua\/\" \/>\n<meta property=\"og:site_name\" content=\"El Diario - Bolivia\" \/>\n<meta property=\"article:publisher\" content=\"https:\/\/www.facebook.com\/eldiario.bolivia\/\" \/>\n<meta property=\"article:published_time\" content=\"2021-08-17T09:39:14+00:00\" \/>\n<meta name=\"author\" content=\"Jeanette\" \/>\n<meta name=\"twitter:card\" content=\"summary_large_image\" \/>\n<meta name=\"twitter:creator\" content=\"@eldiario_net\" \/>\n<meta name=\"twitter:site\" content=\"@eldiario_net\" \/>\n<meta name=\"twitter:label1\" content=\"Escrito por\" \/>\n\t<meta name=\"twitter:data1\" content=\"Jeanette\" \/>\n\t<meta name=\"twitter:label2\" content=\"Tiempo de lectura\" \/>\n\t<meta name=\"twitter:data2\" content=\"3 minutos\" \/>\n<script type=\"application\/ld+json\" class=\"yoast-schema-graph\">{\"@context\":\"https:\\\/\\\/schema.org\",\"@graph\":[{\"@type\":\"Article\",\"@id\":\"https:\\\/\\\/www.eldiario.net\\\/portal\\\/2021\\\/08\\\/17\\\/el-esperado-retorno-de-la-revista-cultural-piedra-de-agua\\\/#article\",\"isPartOf\":{\"@id\":\"https:\\\/\\\/www.eldiario.net\\\/portal\\\/2021\\\/08\\\/17\\\/el-esperado-retorno-de-la-revista-cultural-piedra-de-agua\\\/\"},\"author\":{\"name\":\"Jeanette\",\"@id\":\"https:\\\/\\\/www.eldiario.net\\\/portal\\\/#\\\/schema\\\/person\\\/f46445640444750d7d753ccd04ae01b7\"},\"headline\":\"El esperado retorno de la revista cultural \u201cPiedra de Agua\u201d\",\"datePublished\":\"2021-08-17T09:39:14+00:00\",\"mainEntityOfPage\":{\"@id\":\"https:\\\/\\\/www.eldiario.net\\\/portal\\\/2021\\\/08\\\/17\\\/el-esperado-retorno-de-la-revista-cultural-piedra-de-agua\\\/\"},\"wordCount\":643,\"publisher\":{\"@id\":\"https:\\\/\\\/www.eldiario.net\\\/portal\\\/#organization\"},\"image\":{\"@id\":\"https:\\\/\\\/www.eldiario.net\\\/portal\\\/2021\\\/08\\\/17\\\/el-esperado-retorno-de-la-revista-cultural-piedra-de-agua\\\/#primaryimage\"},\"thumbnailUrl\":\"\",\"articleSection\":[\"Cultural\"],\"inLanguage\":\"es\"},{\"@type\":\"WebPage\",\"@id\":\"https:\\\/\\\/www.eldiario.net\\\/portal\\\/2021\\\/08\\\/17\\\/el-esperado-retorno-de-la-revista-cultural-piedra-de-agua\\\/\",\"url\":\"https:\\\/\\\/www.eldiario.net\\\/portal\\\/2021\\\/08\\\/17\\\/el-esperado-retorno-de-la-revista-cultural-piedra-de-agua\\\/\",\"name\":\"El esperado retorno de la revista cultural \u201cPiedra de Agua\u201d - El Diario - Bolivia\",\"isPartOf\":{\"@id\":\"https:\\\/\\\/www.eldiario.net\\\/portal\\\/#website\"},\"primaryImageOfPage\":{\"@id\":\"https:\\\/\\\/www.eldiario.net\\\/portal\\\/2021\\\/08\\\/17\\\/el-esperado-retorno-de-la-revista-cultural-piedra-de-agua\\\/#primaryimage\"},\"image\":{\"@id\":\"https:\\\/\\\/www.eldiario.net\\\/portal\\\/2021\\\/08\\\/17\\\/el-esperado-retorno-de-la-revista-cultural-piedra-de-agua\\\/#primaryimage\"},\"thumbnailUrl\":\"\",\"datePublished\":\"2021-08-17T09:39:14+00:00\",\"breadcrumb\":{\"@id\":\"https:\\\/\\\/www.eldiario.net\\\/portal\\\/2021\\\/08\\\/17\\\/el-esperado-retorno-de-la-revista-cultural-piedra-de-agua\\\/#breadcrumb\"},\"inLanguage\":\"es\",\"potentialAction\":[{\"@type\":\"ReadAction\",\"target\":[\"https:\\\/\\\/www.eldiario.net\\\/portal\\\/2021\\\/08\\\/17\\\/el-esperado-retorno-de-la-revista-cultural-piedra-de-agua\\\/\"]}]},{\"@type\":\"ImageObject\",\"inLanguage\":\"es\",\"@id\":\"https:\\\/\\\/www.eldiario.net\\\/portal\\\/2021\\\/08\\\/17\\\/el-esperado-retorno-de-la-revista-cultural-piedra-de-agua\\\/#primaryimage\",\"url\":\"\",\"contentUrl\":\"\"},{\"@type\":\"BreadcrumbList\",\"@id\":\"https:\\\/\\\/www.eldiario.net\\\/portal\\\/2021\\\/08\\\/17\\\/el-esperado-retorno-de-la-revista-cultural-piedra-de-agua\\\/#breadcrumb\",\"itemListElement\":[{\"@type\":\"ListItem\",\"position\":1,\"name\":\"Portada\",\"item\":\"https:\\\/\\\/www.eldiario.net\\\/portal\\\/\"},{\"@type\":\"ListItem\",\"position\":2,\"name\":\"El esperado retorno de la revista cultural \u201cPiedra de Agua\u201d\"}]},{\"@type\":\"WebSite\",\"@id\":\"https:\\\/\\\/www.eldiario.net\\\/portal\\\/#website\",\"url\":\"https:\\\/\\\/www.eldiario.net\\\/portal\\\/\",\"name\":\"El Diario - Decano de la prensa nacional\",\"description\":\"El Diario - Decano de la prensa nacional\",\"publisher\":{\"@id\":\"https:\\\/\\\/www.eldiario.net\\\/portal\\\/#organization\"},\"potentialAction\":[{\"@type\":\"SearchAction\",\"target\":{\"@type\":\"EntryPoint\",\"urlTemplate\":\"https:\\\/\\\/www.eldiario.net\\\/portal\\\/?s={search_term_string}\"},\"query-input\":{\"@type\":\"PropertyValueSpecification\",\"valueRequired\":true,\"valueName\":\"search_term_string\"}}],\"inLanguage\":\"es\"},{\"@type\":\"Organization\",\"@id\":\"https:\\\/\\\/www.eldiario.net\\\/portal\\\/#organization\",\"name\":\"El Diario - Decano de la prensa nacional\",\"url\":\"https:\\\/\\\/www.eldiario.net\\\/portal\\\/\",\"logo\":{\"@type\":\"ImageObject\",\"inLanguage\":\"es\",\"@id\":\"https:\\\/\\\/www.eldiario.net\\\/portal\\\/#\\\/schema\\\/logo\\\/image\\\/\",\"url\":\"https:\\\/\\\/www.eldiario.net\\\/portal\\\/wp-content\\\/uploads\\\/2023\\\/07\\\/logo_ED.jpg\",\"contentUrl\":\"https:\\\/\\\/www.eldiario.net\\\/portal\\\/wp-content\\\/uploads\\\/2023\\\/07\\\/logo_ED.jpg\",\"width\":272,\"height\":52,\"caption\":\"El Diario - Decano de la prensa nacional\"},\"image\":{\"@id\":\"https:\\\/\\\/www.eldiario.net\\\/portal\\\/#\\\/schema\\\/logo\\\/image\\\/\"},\"sameAs\":[\"https:\\\/\\\/www.facebook.com\\\/eldiario.bolivia\\\/\",\"https:\\\/\\\/x.com\\\/eldiario_net\"]},{\"@type\":\"Person\",\"@id\":\"https:\\\/\\\/www.eldiario.net\\\/portal\\\/#\\\/schema\\\/person\\\/f46445640444750d7d753ccd04ae01b7\",\"name\":\"Jeanette\",\"image\":{\"@type\":\"ImageObject\",\"inLanguage\":\"es\",\"@id\":\"https:\\\/\\\/secure.gravatar.com\\\/avatar\\\/3ea2118a5f7dad2b7138b1187a6b7ee55f160b9968b66013c3a3ef39dd7e5798?s=96&d=mm&r=g\",\"url\":\"https:\\\/\\\/secure.gravatar.com\\\/avatar\\\/3ea2118a5f7dad2b7138b1187a6b7ee55f160b9968b66013c3a3ef39dd7e5798?s=96&d=mm&r=g\",\"contentUrl\":\"https:\\\/\\\/secure.gravatar.com\\\/avatar\\\/3ea2118a5f7dad2b7138b1187a6b7ee55f160b9968b66013c3a3ef39dd7e5798?s=96&d=mm&r=g\",\"caption\":\"Jeanette\"},\"sameAs\":[\"https:\\\/\\\/www.eldiario.net\\\/portal\"],\"url\":\"https:\\\/\\\/www.eldiario.net\\\/portal\\\/author\\\/jeanette\\\/\"}]}<\/script>\n<!-- \/ Yoast SEO plugin. -->","yoast_head_json":{"title":"El esperado retorno de la revista cultural \u201cPiedra de Agua\u201d - El Diario - Bolivia","robots":{"index":"index","follow":"follow","max-snippet":"max-snippet:-1","max-image-preview":"max-image-preview:large","max-video-preview":"max-video-preview:-1"},"canonical":"https:\/\/www.eldiario.net\/portal\/2021\/08\/17\/el-esperado-retorno-de-la-revista-cultural-piedra-de-agua\/","og_locale":"es_ES","og_type":"article","og_title":"El esperado retorno de la revista cultural \u201cPiedra de Agua\u201d - El Diario - Bolivia","og_description":"Tras la interrupci\u00f3n de dos a\u00f1os que por diversos motivos la revista dej\u00f3 de circular (el n\u00famero anterior sali\u00f3 en diciembre del 2018) la Fundaci\u00f3n Cultural del Banco Central de Bolivia presenta la revista cultural Piedra de Agua N\u00b0 24, bajo una modalidad acad\u00e9mica arbitrada cuyo prop\u00f3sito es incentivar la investigaci\u00f3n y promover la reflexi\u00f3n [&hellip;]","og_url":"https:\/\/www.eldiario.net\/portal\/2021\/08\/17\/el-esperado-retorno-de-la-revista-cultural-piedra-de-agua\/","og_site_name":"El Diario - Bolivia","article_publisher":"https:\/\/www.facebook.com\/eldiario.bolivia\/","article_published_time":"2021-08-17T09:39:14+00:00","author":"Jeanette","twitter_card":"summary_large_image","twitter_creator":"@eldiario_net","twitter_site":"@eldiario_net","twitter_misc":{"Escrito por":"Jeanette","Tiempo de lectura":"3 minutos"},"schema":{"@context":"https:\/\/schema.org","@graph":[{"@type":"Article","@id":"https:\/\/www.eldiario.net\/portal\/2021\/08\/17\/el-esperado-retorno-de-la-revista-cultural-piedra-de-agua\/#article","isPartOf":{"@id":"https:\/\/www.eldiario.net\/portal\/2021\/08\/17\/el-esperado-retorno-de-la-revista-cultural-piedra-de-agua\/"},"author":{"name":"Jeanette","@id":"https:\/\/www.eldiario.net\/portal\/#\/schema\/person\/f46445640444750d7d753ccd04ae01b7"},"headline":"El esperado retorno de la revista cultural \u201cPiedra de Agua\u201d","datePublished":"2021-08-17T09:39:14+00:00","mainEntityOfPage":{"@id":"https:\/\/www.eldiario.net\/portal\/2021\/08\/17\/el-esperado-retorno-de-la-revista-cultural-piedra-de-agua\/"},"wordCount":643,"publisher":{"@id":"https:\/\/www.eldiario.net\/portal\/#organization"},"image":{"@id":"https:\/\/www.eldiario.net\/portal\/2021\/08\/17\/el-esperado-retorno-de-la-revista-cultural-piedra-de-agua\/#primaryimage"},"thumbnailUrl":"","articleSection":["Cultural"],"inLanguage":"es"},{"@type":"WebPage","@id":"https:\/\/www.eldiario.net\/portal\/2021\/08\/17\/el-esperado-retorno-de-la-revista-cultural-piedra-de-agua\/","url":"https:\/\/www.eldiario.net\/portal\/2021\/08\/17\/el-esperado-retorno-de-la-revista-cultural-piedra-de-agua\/","name":"El esperado retorno de la revista cultural \u201cPiedra de Agua\u201d - El Diario - Bolivia","isPartOf":{"@id":"https:\/\/www.eldiario.net\/portal\/#website"},"primaryImageOfPage":{"@id":"https:\/\/www.eldiario.net\/portal\/2021\/08\/17\/el-esperado-retorno-de-la-revista-cultural-piedra-de-agua\/#primaryimage"},"image":{"@id":"https:\/\/www.eldiario.net\/portal\/2021\/08\/17\/el-esperado-retorno-de-la-revista-cultural-piedra-de-agua\/#primaryimage"},"thumbnailUrl":"","datePublished":"2021-08-17T09:39:14+00:00","breadcrumb":{"@id":"https:\/\/www.eldiario.net\/portal\/2021\/08\/17\/el-esperado-retorno-de-la-revista-cultural-piedra-de-agua\/#breadcrumb"},"inLanguage":"es","potentialAction":[{"@type":"ReadAction","target":["https:\/\/www.eldiario.net\/portal\/2021\/08\/17\/el-esperado-retorno-de-la-revista-cultural-piedra-de-agua\/"]}]},{"@type":"ImageObject","inLanguage":"es","@id":"https:\/\/www.eldiario.net\/portal\/2021\/08\/17\/el-esperado-retorno-de-la-revista-cultural-piedra-de-agua\/#primaryimage","url":"","contentUrl":""},{"@type":"BreadcrumbList","@id":"https:\/\/www.eldiario.net\/portal\/2021\/08\/17\/el-esperado-retorno-de-la-revista-cultural-piedra-de-agua\/#breadcrumb","itemListElement":[{"@type":"ListItem","position":1,"name":"Portada","item":"https:\/\/www.eldiario.net\/portal\/"},{"@type":"ListItem","position":2,"name":"El esperado retorno de la revista cultural \u201cPiedra de Agua\u201d"}]},{"@type":"WebSite","@id":"https:\/\/www.eldiario.net\/portal\/#website","url":"https:\/\/www.eldiario.net\/portal\/","name":"El Diario - Decano de la prensa nacional","description":"El Diario - Decano de la prensa nacional","publisher":{"@id":"https:\/\/www.eldiario.net\/portal\/#organization"},"potentialAction":[{"@type":"SearchAction","target":{"@type":"EntryPoint","urlTemplate":"https:\/\/www.eldiario.net\/portal\/?s={search_term_string}"},"query-input":{"@type":"PropertyValueSpecification","valueRequired":true,"valueName":"search_term_string"}}],"inLanguage":"es"},{"@type":"Organization","@id":"https:\/\/www.eldiario.net\/portal\/#organization","name":"El Diario - Decano de la prensa nacional","url":"https:\/\/www.eldiario.net\/portal\/","logo":{"@type":"ImageObject","inLanguage":"es","@id":"https:\/\/www.eldiario.net\/portal\/#\/schema\/logo\/image\/","url":"https:\/\/www.eldiario.net\/portal\/wp-content\/uploads\/2023\/07\/logo_ED.jpg","contentUrl":"https:\/\/www.eldiario.net\/portal\/wp-content\/uploads\/2023\/07\/logo_ED.jpg","width":272,"height":52,"caption":"El Diario - Decano de la prensa nacional"},"image":{"@id":"https:\/\/www.eldiario.net\/portal\/#\/schema\/logo\/image\/"},"sameAs":["https:\/\/www.facebook.com\/eldiario.bolivia\/","https:\/\/x.com\/eldiario_net"]},{"@type":"Person","@id":"https:\/\/www.eldiario.net\/portal\/#\/schema\/person\/f46445640444750d7d753ccd04ae01b7","name":"Jeanette","image":{"@type":"ImageObject","inLanguage":"es","@id":"https:\/\/secure.gravatar.com\/avatar\/3ea2118a5f7dad2b7138b1187a6b7ee55f160b9968b66013c3a3ef39dd7e5798?s=96&d=mm&r=g","url":"https:\/\/secure.gravatar.com\/avatar\/3ea2118a5f7dad2b7138b1187a6b7ee55f160b9968b66013c3a3ef39dd7e5798?s=96&d=mm&r=g","contentUrl":"https:\/\/secure.gravatar.com\/avatar\/3ea2118a5f7dad2b7138b1187a6b7ee55f160b9968b66013c3a3ef39dd7e5798?s=96&d=mm&r=g","caption":"Jeanette"},"sameAs":["https:\/\/www.eldiario.net\/portal"],"url":"https:\/\/www.eldiario.net\/portal\/author\/jeanette\/"}]}},"_links":{"self":[{"href":"https:\/\/www.eldiario.net\/portal\/wp-json\/wp\/v2\/posts\/23862","targetHints":{"allow":["GET"]}}],"collection":[{"href":"https:\/\/www.eldiario.net\/portal\/wp-json\/wp\/v2\/posts"}],"about":[{"href":"https:\/\/www.eldiario.net\/portal\/wp-json\/wp\/v2\/types\/post"}],"author":[{"embeddable":true,"href":"https:\/\/www.eldiario.net\/portal\/wp-json\/wp\/v2\/users\/1"}],"replies":[{"embeddable":true,"href":"https:\/\/www.eldiario.net\/portal\/wp-json\/wp\/v2\/comments?post=23862"}],"version-history":[{"count":0,"href":"https:\/\/www.eldiario.net\/portal\/wp-json\/wp\/v2\/posts\/23862\/revisions"}],"wp:attachment":[{"href":"https:\/\/www.eldiario.net\/portal\/wp-json\/wp\/v2\/media?parent=23862"}],"wp:term":[{"taxonomy":"category","embeddable":true,"href":"https:\/\/www.eldiario.net\/portal\/wp-json\/wp\/v2\/categories?post=23862"},{"taxonomy":"post_tag","embeddable":true,"href":"https:\/\/www.eldiario.net\/portal\/wp-json\/wp\/v2\/tags?post=23862"}],"curies":[{"name":"wp","href":"https:\/\/api.w.org\/{rel}","templated":true}]}}