{"id":23859,"date":"2021-08-17T05:38:26","date_gmt":"2021-08-17T09:38:26","guid":{"rendered":"https:\/\/www.eldiario.net\/portal\/?p=23859"},"modified":"2021-08-17T05:38:26","modified_gmt":"2021-08-17T09:38:26","slug":"concierto-de-piano-los-fuegos-perpetuos-de-la-tierra-chopin","status":"publish","type":"post","link":"https:\/\/www.eldiario.net\/portal\/2021\/08\/17\/concierto-de-piano-los-fuegos-perpetuos-de-la-tierra-chopin\/","title":{"rendered":"Concierto de piano: \u201cLos Fuegos Perpetuos de la Tierra\u201d Chopin"},"content":{"rendered":"<p>El jueves 19 de agosto a horas 19.00, el Espacio Sim\u00f3n I. Pati\u00f1o y Conservatorio Plurinacional de M\u00fasica organizan el concierto de piano Chopin: Los fuegos perpetuos de la tierra a cargo de la prof. Mariana Alandia Navajas: Ballade Op. 23 N. 1 en sol menor; y de los estudiantes Kevin Lucero Donaldson: 4 estudios del Op. 10 y Cristian Luna Ali: 12 estudios Op 25.<\/p>\n<p>El concierto est\u00e1 dedicado a la obra para piano del gran compositor polaco F. Chopin, presentando algunas de sus obras m\u00e1s representativas y de las m\u00e1s importantes del repertorio pian\u00edstico del periodo rom\u00e1ntico. El concierto propone una revisi\u00f3n del trabajo realizado en estos 2 \u00faltimos a\u00f1os en la clase de piano superior de la Prof. Mariana Alandia Navajas. Su participaci\u00f3n en el programa tiene que ver con la pedagog\u00eda con la que trabaja ya que al mismo tiempo que la docencia es concertista, habiendo formado desde hace varios a\u00f1os a j\u00f3venes y talentosos pianistas bolivianos.<\/p>\n<p>El Espacio Sim\u00f3n I. Pati\u00f1o, est\u00e1 ubicado en la av. Ecuador, entre calles Rosendo Guti\u00e9rrez y Quito. Informaciones al cel. 76737008. El evento se realizar\u00e1 a trav\u00e9s de la plataforma de Facebook.<\/p>\n<p>https:\/\/www.facebook.com\/EspacioSimonIPatino<\/p>\n<p>https:\/\/www.espacio.fundacionpatino.org\/<\/p>\n","protected":false},"excerpt":{"rendered":"<p>El jueves 19 de agosto a horas 19.00, el Espacio Sim\u00f3n I. Pati\u00f1o y Conservatorio Plurinacional de M\u00fasica organizan el concierto de piano Chopin: Los fuegos perpetuos de la tierra a cargo de la prof. Mariana Alandia Navajas: Ballade Op. 23 N. 1 en sol menor; y de los estudiantes Kevin Lucero Donaldson: 4 estudios [&hellip;]<\/p>\n","protected":false},"author":1,"featured_media":23860,"comment_status":"closed","ping_status":"closed","sticky":false,"template":"","format":"standard","meta":{"_acf_changed":false,"footnotes":""},"categories":[8],"tags":[],"class_list":["post-23859","post","type-post","status-publish","format-standard","has-post-thumbnail","category-cultural"],"acf":{"antetitulo":""},"yoast_head":"<!-- This site is optimized with the Yoast SEO plugin v28.4 - https:\/\/yoast.com\/product\/yoast-seo-wordpress\/ -->\n<title>Concierto de piano: \u201cLos Fuegos Perpetuos de la Tierra\u201d Chopin - El Diario - Bolivia<\/title>\n<meta name=\"robots\" content=\"index, follow, max-snippet:-1, max-image-preview:large, max-video-preview:-1\" \/>\n<link rel=\"canonical\" href=\"https:\/\/www.eldiario.net\/portal\/2021\/08\/17\/concierto-de-piano-los-fuegos-perpetuos-de-la-tierra-chopin\/\" \/>\n<meta property=\"og:locale\" content=\"es_ES\" \/>\n<meta property=\"og:type\" content=\"article\" \/>\n<meta property=\"og:title\" content=\"Concierto de piano: \u201cLos Fuegos Perpetuos de la Tierra\u201d Chopin - El Diario - Bolivia\" \/>\n<meta property=\"og:description\" content=\"El jueves 19 de agosto a horas 19.00, el Espacio Sim\u00f3n I. Pati\u00f1o y Conservatorio Plurinacional de M\u00fasica organizan el concierto de piano Chopin: Los fuegos perpetuos de la tierra a cargo de la prof. Mariana Alandia Navajas: Ballade Op. 23 N. 1 en sol menor; y de los estudiantes Kevin Lucero Donaldson: 4 estudios [&hellip;]\" \/>\n<meta property=\"og:url\" content=\"https:\/\/www.eldiario.net\/portal\/2021\/08\/17\/concierto-de-piano-los-fuegos-perpetuos-de-la-tierra-chopin\/\" \/>\n<meta property=\"og:site_name\" content=\"El Diario - Bolivia\" \/>\n<meta property=\"article:publisher\" content=\"https:\/\/www.facebook.com\/eldiario.bolivia\/\" \/>\n<meta property=\"article:published_time\" content=\"2021-08-17T09:38:26+00:00\" \/>\n<meta name=\"author\" content=\"Jeanette\" \/>\n<meta name=\"twitter:card\" content=\"summary_large_image\" \/>\n<meta name=\"twitter:creator\" content=\"@eldiario_net\" \/>\n<meta name=\"twitter:site\" content=\"@eldiario_net\" \/>\n<meta name=\"twitter:label1\" content=\"Escrito por\" \/>\n\t<meta name=\"twitter:data1\" content=\"Jeanette\" \/>\n\t<meta name=\"twitter:label2\" content=\"Tiempo de lectura\" \/>\n\t<meta name=\"twitter:data2\" content=\"1 minuto\" \/>\n<script type=\"application\/ld+json\" class=\"yoast-schema-graph\">{\"@context\":\"https:\\\/\\\/schema.org\",\"@graph\":[{\"@type\":\"Article\",\"@id\":\"https:\\\/\\\/www.eldiario.net\\\/portal\\\/2021\\\/08\\\/17\\\/concierto-de-piano-los-fuegos-perpetuos-de-la-tierra-chopin\\\/#article\",\"isPartOf\":{\"@id\":\"https:\\\/\\\/www.eldiario.net\\\/portal\\\/2021\\\/08\\\/17\\\/concierto-de-piano-los-fuegos-perpetuos-de-la-tierra-chopin\\\/\"},\"author\":{\"name\":\"Jeanette\",\"@id\":\"https:\\\/\\\/www.eldiario.net\\\/portal\\\/#\\\/schema\\\/person\\\/f46445640444750d7d753ccd04ae01b7\"},\"headline\":\"Concierto de piano: \u201cLos Fuegos Perpetuos de la Tierra\u201d Chopin\",\"datePublished\":\"2021-08-17T09:38:26+00:00\",\"mainEntityOfPage\":{\"@id\":\"https:\\\/\\\/www.eldiario.net\\\/portal\\\/2021\\\/08\\\/17\\\/concierto-de-piano-los-fuegos-perpetuos-de-la-tierra-chopin\\\/\"},\"wordCount\":220,\"publisher\":{\"@id\":\"https:\\\/\\\/www.eldiario.net\\\/portal\\\/#organization\"},\"image\":{\"@id\":\"https:\\\/\\\/www.eldiario.net\\\/portal\\\/2021\\\/08\\\/17\\\/concierto-de-piano-los-fuegos-perpetuos-de-la-tierra-chopin\\\/#primaryimage\"},\"thumbnailUrl\":\"\",\"articleSection\":[\"Cultural\"],\"inLanguage\":\"es\"},{\"@type\":\"WebPage\",\"@id\":\"https:\\\/\\\/www.eldiario.net\\\/portal\\\/2021\\\/08\\\/17\\\/concierto-de-piano-los-fuegos-perpetuos-de-la-tierra-chopin\\\/\",\"url\":\"https:\\\/\\\/www.eldiario.net\\\/portal\\\/2021\\\/08\\\/17\\\/concierto-de-piano-los-fuegos-perpetuos-de-la-tierra-chopin\\\/\",\"name\":\"Concierto de piano: \u201cLos Fuegos Perpetuos de la Tierra\u201d Chopin - El Diario - Bolivia\",\"isPartOf\":{\"@id\":\"https:\\\/\\\/www.eldiario.net\\\/portal\\\/#website\"},\"primaryImageOfPage\":{\"@id\":\"https:\\\/\\\/www.eldiario.net\\\/portal\\\/2021\\\/08\\\/17\\\/concierto-de-piano-los-fuegos-perpetuos-de-la-tierra-chopin\\\/#primaryimage\"},\"image\":{\"@id\":\"https:\\\/\\\/www.eldiario.net\\\/portal\\\/2021\\\/08\\\/17\\\/concierto-de-piano-los-fuegos-perpetuos-de-la-tierra-chopin\\\/#primaryimage\"},\"thumbnailUrl\":\"\",\"datePublished\":\"2021-08-17T09:38:26+00:00\",\"breadcrumb\":{\"@id\":\"https:\\\/\\\/www.eldiario.net\\\/portal\\\/2021\\\/08\\\/17\\\/concierto-de-piano-los-fuegos-perpetuos-de-la-tierra-chopin\\\/#breadcrumb\"},\"inLanguage\":\"es\",\"potentialAction\":[{\"@type\":\"ReadAction\",\"target\":[\"https:\\\/\\\/www.eldiario.net\\\/portal\\\/2021\\\/08\\\/17\\\/concierto-de-piano-los-fuegos-perpetuos-de-la-tierra-chopin\\\/\"]}]},{\"@type\":\"ImageObject\",\"inLanguage\":\"es\",\"@id\":\"https:\\\/\\\/www.eldiario.net\\\/portal\\\/2021\\\/08\\\/17\\\/concierto-de-piano-los-fuegos-perpetuos-de-la-tierra-chopin\\\/#primaryimage\",\"url\":\"\",\"contentUrl\":\"\"},{\"@type\":\"BreadcrumbList\",\"@id\":\"https:\\\/\\\/www.eldiario.net\\\/portal\\\/2021\\\/08\\\/17\\\/concierto-de-piano-los-fuegos-perpetuos-de-la-tierra-chopin\\\/#breadcrumb\",\"itemListElement\":[{\"@type\":\"ListItem\",\"position\":1,\"name\":\"Portada\",\"item\":\"https:\\\/\\\/www.eldiario.net\\\/portal\\\/\"},{\"@type\":\"ListItem\",\"position\":2,\"name\":\"Concierto de piano: \u201cLos Fuegos Perpetuos de la Tierra\u201d Chopin\"}]},{\"@type\":\"WebSite\",\"@id\":\"https:\\\/\\\/www.eldiario.net\\\/portal\\\/#website\",\"url\":\"https:\\\/\\\/www.eldiario.net\\\/portal\\\/\",\"name\":\"El Diario - Decano de la prensa nacional\",\"description\":\"El Diario - Decano de la prensa nacional\",\"publisher\":{\"@id\":\"https:\\\/\\\/www.eldiario.net\\\/portal\\\/#organization\"},\"potentialAction\":[{\"@type\":\"SearchAction\",\"target\":{\"@type\":\"EntryPoint\",\"urlTemplate\":\"https:\\\/\\\/www.eldiario.net\\\/portal\\\/?s={search_term_string}\"},\"query-input\":{\"@type\":\"PropertyValueSpecification\",\"valueRequired\":true,\"valueName\":\"search_term_string\"}}],\"inLanguage\":\"es\"},{\"@type\":\"Organization\",\"@id\":\"https:\\\/\\\/www.eldiario.net\\\/portal\\\/#organization\",\"name\":\"El Diario - Decano de la prensa nacional\",\"url\":\"https:\\\/\\\/www.eldiario.net\\\/portal\\\/\",\"logo\":{\"@type\":\"ImageObject\",\"inLanguage\":\"es\",\"@id\":\"https:\\\/\\\/www.eldiario.net\\\/portal\\\/#\\\/schema\\\/logo\\\/image\\\/\",\"url\":\"https:\\\/\\\/www.eldiario.net\\\/portal\\\/wp-content\\\/uploads\\\/2023\\\/07\\\/logo_ED.jpg\",\"contentUrl\":\"https:\\\/\\\/www.eldiario.net\\\/portal\\\/wp-content\\\/uploads\\\/2023\\\/07\\\/logo_ED.jpg\",\"width\":272,\"height\":52,\"caption\":\"El Diario - Decano de la prensa nacional\"},\"image\":{\"@id\":\"https:\\\/\\\/www.eldiario.net\\\/portal\\\/#\\\/schema\\\/logo\\\/image\\\/\"},\"sameAs\":[\"https:\\\/\\\/www.facebook.com\\\/eldiario.bolivia\\\/\",\"https:\\\/\\\/x.com\\\/eldiario_net\"]},{\"@type\":\"Person\",\"@id\":\"https:\\\/\\\/www.eldiario.net\\\/portal\\\/#\\\/schema\\\/person\\\/f46445640444750d7d753ccd04ae01b7\",\"name\":\"Jeanette\",\"image\":{\"@type\":\"ImageObject\",\"inLanguage\":\"es\",\"@id\":\"https:\\\/\\\/secure.gravatar.com\\\/avatar\\\/3ea2118a5f7dad2b7138b1187a6b7ee55f160b9968b66013c3a3ef39dd7e5798?s=96&d=mm&r=g\",\"url\":\"https:\\\/\\\/secure.gravatar.com\\\/avatar\\\/3ea2118a5f7dad2b7138b1187a6b7ee55f160b9968b66013c3a3ef39dd7e5798?s=96&d=mm&r=g\",\"contentUrl\":\"https:\\\/\\\/secure.gravatar.com\\\/avatar\\\/3ea2118a5f7dad2b7138b1187a6b7ee55f160b9968b66013c3a3ef39dd7e5798?s=96&d=mm&r=g\",\"caption\":\"Jeanette\"},\"sameAs\":[\"https:\\\/\\\/www.eldiario.net\\\/portal\"],\"url\":\"https:\\\/\\\/www.eldiario.net\\\/portal\\\/author\\\/jeanette\\\/\"}]}<\/script>\n<!-- \/ Yoast SEO plugin. -->","yoast_head_json":{"title":"Concierto de piano: \u201cLos Fuegos Perpetuos de la Tierra\u201d Chopin - El Diario - Bolivia","robots":{"index":"index","follow":"follow","max-snippet":"max-snippet:-1","max-image-preview":"max-image-preview:large","max-video-preview":"max-video-preview:-1"},"canonical":"https:\/\/www.eldiario.net\/portal\/2021\/08\/17\/concierto-de-piano-los-fuegos-perpetuos-de-la-tierra-chopin\/","og_locale":"es_ES","og_type":"article","og_title":"Concierto de piano: \u201cLos Fuegos Perpetuos de la Tierra\u201d Chopin - El Diario - Bolivia","og_description":"El jueves 19 de agosto a horas 19.00, el Espacio Sim\u00f3n I. Pati\u00f1o y Conservatorio Plurinacional de M\u00fasica organizan el concierto de piano Chopin: Los fuegos perpetuos de la tierra a cargo de la prof. Mariana Alandia Navajas: Ballade Op. 23 N. 1 en sol menor; y de los estudiantes Kevin Lucero Donaldson: 4 estudios [&hellip;]","og_url":"https:\/\/www.eldiario.net\/portal\/2021\/08\/17\/concierto-de-piano-los-fuegos-perpetuos-de-la-tierra-chopin\/","og_site_name":"El Diario - Bolivia","article_publisher":"https:\/\/www.facebook.com\/eldiario.bolivia\/","article_published_time":"2021-08-17T09:38:26+00:00","author":"Jeanette","twitter_card":"summary_large_image","twitter_creator":"@eldiario_net","twitter_site":"@eldiario_net","twitter_misc":{"Escrito por":"Jeanette","Tiempo de lectura":"1 minuto"},"schema":{"@context":"https:\/\/schema.org","@graph":[{"@type":"Article","@id":"https:\/\/www.eldiario.net\/portal\/2021\/08\/17\/concierto-de-piano-los-fuegos-perpetuos-de-la-tierra-chopin\/#article","isPartOf":{"@id":"https:\/\/www.eldiario.net\/portal\/2021\/08\/17\/concierto-de-piano-los-fuegos-perpetuos-de-la-tierra-chopin\/"},"author":{"name":"Jeanette","@id":"https:\/\/www.eldiario.net\/portal\/#\/schema\/person\/f46445640444750d7d753ccd04ae01b7"},"headline":"Concierto de piano: \u201cLos Fuegos Perpetuos de la Tierra\u201d Chopin","datePublished":"2021-08-17T09:38:26+00:00","mainEntityOfPage":{"@id":"https:\/\/www.eldiario.net\/portal\/2021\/08\/17\/concierto-de-piano-los-fuegos-perpetuos-de-la-tierra-chopin\/"},"wordCount":220,"publisher":{"@id":"https:\/\/www.eldiario.net\/portal\/#organization"},"image":{"@id":"https:\/\/www.eldiario.net\/portal\/2021\/08\/17\/concierto-de-piano-los-fuegos-perpetuos-de-la-tierra-chopin\/#primaryimage"},"thumbnailUrl":"","articleSection":["Cultural"],"inLanguage":"es"},{"@type":"WebPage","@id":"https:\/\/www.eldiario.net\/portal\/2021\/08\/17\/concierto-de-piano-los-fuegos-perpetuos-de-la-tierra-chopin\/","url":"https:\/\/www.eldiario.net\/portal\/2021\/08\/17\/concierto-de-piano-los-fuegos-perpetuos-de-la-tierra-chopin\/","name":"Concierto de piano: \u201cLos Fuegos Perpetuos de la Tierra\u201d Chopin - El Diario - Bolivia","isPartOf":{"@id":"https:\/\/www.eldiario.net\/portal\/#website"},"primaryImageOfPage":{"@id":"https:\/\/www.eldiario.net\/portal\/2021\/08\/17\/concierto-de-piano-los-fuegos-perpetuos-de-la-tierra-chopin\/#primaryimage"},"image":{"@id":"https:\/\/www.eldiario.net\/portal\/2021\/08\/17\/concierto-de-piano-los-fuegos-perpetuos-de-la-tierra-chopin\/#primaryimage"},"thumbnailUrl":"","datePublished":"2021-08-17T09:38:26+00:00","breadcrumb":{"@id":"https:\/\/www.eldiario.net\/portal\/2021\/08\/17\/concierto-de-piano-los-fuegos-perpetuos-de-la-tierra-chopin\/#breadcrumb"},"inLanguage":"es","potentialAction":[{"@type":"ReadAction","target":["https:\/\/www.eldiario.net\/portal\/2021\/08\/17\/concierto-de-piano-los-fuegos-perpetuos-de-la-tierra-chopin\/"]}]},{"@type":"ImageObject","inLanguage":"es","@id":"https:\/\/www.eldiario.net\/portal\/2021\/08\/17\/concierto-de-piano-los-fuegos-perpetuos-de-la-tierra-chopin\/#primaryimage","url":"","contentUrl":""},{"@type":"BreadcrumbList","@id":"https:\/\/www.eldiario.net\/portal\/2021\/08\/17\/concierto-de-piano-los-fuegos-perpetuos-de-la-tierra-chopin\/#breadcrumb","itemListElement":[{"@type":"ListItem","position":1,"name":"Portada","item":"https:\/\/www.eldiario.net\/portal\/"},{"@type":"ListItem","position":2,"name":"Concierto de piano: \u201cLos Fuegos Perpetuos de la Tierra\u201d Chopin"}]},{"@type":"WebSite","@id":"https:\/\/www.eldiario.net\/portal\/#website","url":"https:\/\/www.eldiario.net\/portal\/","name":"El Diario - Decano de la prensa nacional","description":"El Diario - Decano de la prensa nacional","publisher":{"@id":"https:\/\/www.eldiario.net\/portal\/#organization"},"potentialAction":[{"@type":"SearchAction","target":{"@type":"EntryPoint","urlTemplate":"https:\/\/www.eldiario.net\/portal\/?s={search_term_string}"},"query-input":{"@type":"PropertyValueSpecification","valueRequired":true,"valueName":"search_term_string"}}],"inLanguage":"es"},{"@type":"Organization","@id":"https:\/\/www.eldiario.net\/portal\/#organization","name":"El Diario - Decano de la prensa nacional","url":"https:\/\/www.eldiario.net\/portal\/","logo":{"@type":"ImageObject","inLanguage":"es","@id":"https:\/\/www.eldiario.net\/portal\/#\/schema\/logo\/image\/","url":"https:\/\/www.eldiario.net\/portal\/wp-content\/uploads\/2023\/07\/logo_ED.jpg","contentUrl":"https:\/\/www.eldiario.net\/portal\/wp-content\/uploads\/2023\/07\/logo_ED.jpg","width":272,"height":52,"caption":"El Diario - Decano de la prensa nacional"},"image":{"@id":"https:\/\/www.eldiario.net\/portal\/#\/schema\/logo\/image\/"},"sameAs":["https:\/\/www.facebook.com\/eldiario.bolivia\/","https:\/\/x.com\/eldiario_net"]},{"@type":"Person","@id":"https:\/\/www.eldiario.net\/portal\/#\/schema\/person\/f46445640444750d7d753ccd04ae01b7","name":"Jeanette","image":{"@type":"ImageObject","inLanguage":"es","@id":"https:\/\/secure.gravatar.com\/avatar\/3ea2118a5f7dad2b7138b1187a6b7ee55f160b9968b66013c3a3ef39dd7e5798?s=96&d=mm&r=g","url":"https:\/\/secure.gravatar.com\/avatar\/3ea2118a5f7dad2b7138b1187a6b7ee55f160b9968b66013c3a3ef39dd7e5798?s=96&d=mm&r=g","contentUrl":"https:\/\/secure.gravatar.com\/avatar\/3ea2118a5f7dad2b7138b1187a6b7ee55f160b9968b66013c3a3ef39dd7e5798?s=96&d=mm&r=g","caption":"Jeanette"},"sameAs":["https:\/\/www.eldiario.net\/portal"],"url":"https:\/\/www.eldiario.net\/portal\/author\/jeanette\/"}]}},"_links":{"self":[{"href":"https:\/\/www.eldiario.net\/portal\/wp-json\/wp\/v2\/posts\/23859","targetHints":{"allow":["GET"]}}],"collection":[{"href":"https:\/\/www.eldiario.net\/portal\/wp-json\/wp\/v2\/posts"}],"about":[{"href":"https:\/\/www.eldiario.net\/portal\/wp-json\/wp\/v2\/types\/post"}],"author":[{"embeddable":true,"href":"https:\/\/www.eldiario.net\/portal\/wp-json\/wp\/v2\/users\/1"}],"replies":[{"embeddable":true,"href":"https:\/\/www.eldiario.net\/portal\/wp-json\/wp\/v2\/comments?post=23859"}],"version-history":[{"count":0,"href":"https:\/\/www.eldiario.net\/portal\/wp-json\/wp\/v2\/posts\/23859\/revisions"}],"wp:attachment":[{"href":"https:\/\/www.eldiario.net\/portal\/wp-json\/wp\/v2\/media?parent=23859"}],"wp:term":[{"taxonomy":"category","embeddable":true,"href":"https:\/\/www.eldiario.net\/portal\/wp-json\/wp\/v2\/categories?post=23859"},{"taxonomy":"post_tag","embeddable":true,"href":"https:\/\/www.eldiario.net\/portal\/wp-json\/wp\/v2\/tags?post=23859"}],"curies":[{"name":"wp","href":"https:\/\/api.w.org\/{rel}","templated":true}]}}