{"id":23849,"date":"2021-08-17T05:32:05","date_gmt":"2021-08-17T09:32:05","guid":{"rendered":"https:\/\/www.eldiario.net\/portal\/?p=23849"},"modified":"2021-08-17T05:32:05","modified_gmt":"2021-08-17T09:32:05","slug":"neurociencias-aplicadas-a-la-vida-diaria-2","status":"publish","type":"post","link":"https:\/\/www.eldiario.net\/portal\/2021\/08\/17\/neurociencias-aplicadas-a-la-vida-diaria-2\/","title":{"rendered":"Neurociencias aplicadas a la vida diaria"},"content":{"rendered":"<p>Continuando con la mejor forma de introducir la aplicaci\u00f3n de las neurociencias en la vida de cada persona, con la finalidad de hacer m\u00e1s real y m\u00e1s cotidiana este enfoque y estas herramientas. Veamos la segunda acci\u00f3n.<\/p>\n<p>&nbsp;<\/p>\n<p><strong>2\u00b0 Acci\u00f3n &#8211; Valerse de las artes para favorecer procesos cognitivos y generar atenci\u00f3n hacia el aprendizaje<\/strong><\/p>\n<p>&nbsp;<\/p>\n<p>Las necesidades educativas actuales dieron un brindo muy significativo hacia adelante, marcando un desaf\u00edo para responder con innovaci\u00f3n al proceso ense\u00f1anza\u2013aprendizaje, tanto para docentes como para estudiantes. Este nuevo enfoque educativo, debe partir desde la capacitaci\u00f3n inicial en ciertos temas poco estudiados o ignorados por mucho tiempo, hasta la actualizaci\u00f3n profesional a mano de la ciencia sobre otros temas tan esenciales y urgentes para encarar la vida. Estamos ante un nuevo paradigma educativo que est\u00e1 evolucionando y tomando distancia de las tradiciones educativas profundamente enraizadas en la ense\u00f1anza y que tienen lamentables influencias negativas en el aprendizaje.<\/p>\n<p>&nbsp;<\/p>\n<p>Las metodolog\u00edas de ense\u00f1anza-aprendizaje adoptadas habitualmente en los diferentes niveles de la educaci\u00f3n, desde la formaci\u00f3n preescolar hasta la educaci\u00f3n superior, est\u00e1n llamadas en efecto, a sufrir cambios profundos o ser eliminadas al interior de las pr\u00e1cticas docentes. Hoy, gracias a las investigaciones y el dialogo interdisciplinario entre las ciencias cognitivas y las neurociencias, la educaci\u00f3n est\u00e1 gestando un verdadero cambio.<\/p>\n<p>&nbsp;<\/p>\n<p>El neuroaprendizaje es una disciplina que combina la psicolog\u00eda, la pedagog\u00eda y la neurociencia para explicar c\u00f3mo funciona el cerebro en los procesos de aprendizaje. En la actualidad, se cuenta con elementos para saber c\u00f3mo aprende el cerebro humano en general y se tienen herramientas para descubrir c\u00f3mo aprende cada cerebro individual. Estas herramientas posibilitan cubrir todos los estilos de aprendizaje, todas las inteligencias, los distintos canales de representaci\u00f3n sensorial y formas de enfrentar desaf\u00edos. Existen per\u00edodos sensibles en el desarrollo cognitivo del ser humano relacionados con el aprendizaje, el cual se da en las primeras etapas de la vida, que van desde el nacimiento hasta los tres a\u00f1os donde se considera que se crean m\u00e1s conexiones sin\u00e1pticas, sin embargo, este per\u00edodo se extiende hasta los diez a\u00f1os. Agrega\u00a0<a href=\"https:\/\/www.redalyc.org\/jatsRepo\/1002\/100258345012\/html\/index.html#B28\">Loja (2015)<\/a>\u00a0que un ejemplo de esto es la facilidad para aprender los diferentes idiomas entre otros, sin embargo la neurog\u00e9nesis ha demostrado que todos pueden aprender en cualquier momento de la vida.<\/p>\n<p>&nbsp;<\/p>\n<p>Como punto de partida para vincular cerebro y aprendizaje, se debe empezar por conocer algunas caracter\u00edsticas fundamentales del cerebro humano. El proceso de aprendizaje involucra todo el cuerpo y el cerebro, quien act\u00faa como una estaci\u00f3n receptora de est\u00edmulos y se encarga de seleccionar, priorizar, procesar informaci\u00f3n, registrar, evocar, emitir respuestas motoras, consolidar capacidades, entre otras miles de funciones. El proceso de desarrollo cerebral es gradual y por ello las propuestas de aprendizaje deben ir de lo m\u00e1s simple y concreto a lo m\u00e1s abstracto y complejo.\u00a0Dentro de los procesos cerebrales implicados en el aprendizaje que se ponen en funcionamiento cuando el hombre observa, lee, escucha, mira son: percepci\u00f3n, atenci\u00f3n, pensamiento, memoria, lenguaje. Al respecto\u00a0<a href=\"https:\/\/www.redalyc.org\/jatsRepo\/1002\/100258345012\/html\/index.html#B13\">Fuenmayor (2008)<\/a>, aclara que los procesos cognitivos desempe\u00f1an un papel fundamental en la vida diaria. El hombre, todo el tiempo, est\u00e1 percibiendo, atendiendo, pensando y utilizando la memoria y el lenguaje. Juntos, estos procesos cognitivos constituyen la base a partir de la cual se entiende el mundo. Tambi\u00e9n subyacen al funcionamiento cognitivo m\u00e1s sofisticado como lo es la lectura, la comprensi\u00f3n social o las creencias.<\/p>\n<p>&nbsp;<\/p>\n<p>Cuando se habla de neuroaprendizaje no se puede dejar de hablar de las emociones, y espec\u00edficamente, de la inteligencia emocional (IE), t\u00e9rmino propuesto por\u00a0<a href=\"https:\/\/www.redalyc.org\/jatsRepo\/1002\/100258345012\/html\/index.html#B19\">Goleman (2009)<\/a>. Este concepto va en contraposici\u00f3n con el de cociente intelectual (CI), puesto que la IE prepara al individuo para las situaciones de convivencia, adaptaci\u00f3n, regulaci\u00f3n del humor, manejo de los impulsos entre otros, mientras que el CI, es la inteligencia acad\u00e9mica. No obstante, las dos son b\u00e1sicas para el aprendizaje y no se debe desconocer especialmente la IE, en los procesos de ense\u00f1anza. Lo que importa no es solo el Coeficiente Intelectual sino la Inteligencia Emocional.<\/p>\n<p>&nbsp;<\/p>\n<p>En la educaci\u00f3n el arte tiene un papel fundamental, ya que es una de las expresiones esenciales que reflejan la capacidad creadora del hombre para expresar y comunicar su sentir y pensar mediante diversas expresiones art\u00edsticas. De acuerdo con Eisner E. (2002) el arte es una manera de crear nuestras vidas ampliando nuestra conciencia, conformando nuestras actitudes, satisfaciendo nuestra b\u00fasqueda de significado y compartiendo una cultura con los dem\u00e1s. Por eso la experiencia est\u00e9tica posibilita una reconstrucci\u00f3n de la realidad propia a trav\u00e9s de la manera en que afloran sentimientos, sensaciones y pensamientos, como parte de la experiencia de vida.<\/p>\n<p>&nbsp;<\/p>\n<p>El arte en la educaci\u00f3n demanda una gran importancia, ya que se puede lograr que las actividades art\u00edsticas propicien conocer y explorar nuevas posibilidades de expresarse y aprender de s\u00ed mismo y de los otros. Para que los docentes comprendan la riqueza que representa incluir en sus estrategias pedag\u00f3gicas actividades de expresi\u00f3n art\u00edstica, es importante que ellos mismos experimenten procesos creativos en situaciones de formaci\u00f3n, de manera que vivan la experiencia de apreciar obras art\u00edsticas y poner a prueba sus posibilidades como conocimiento y percepci\u00f3n de la realidad cotidiana que viven sus alumnos.<\/p>\n<p>&nbsp;<\/p>\n<p>El arte como medio generador de gozo y asombro permite vivir naturalmente en el espacio ilimi\u00adtado de una dimensi\u00f3n m\u00e1gica sin tiempo, en donde todo es posible ya que no diferencia realidad, sue\u00f1o y fantas\u00eda. El dibujo, la m\u00fasica, la danza y otras expresiones art\u00edsticas ofrecen ese espacio m\u00e1gico donde alguien es capaz de descubrir el mundo interior de sus emociones.<\/p>\n<p>&nbsp;<\/p>\n<p>La construcci\u00f3n de experiencias relacionadas con el arte requieren de un facilitador con destre\u00adza: en el tema, pero sobre todo, con sensibilidad art\u00edstica. El gozo y el asombro, dig\u00e1moslo as\u00ed, son transmisibles. La inteligencia musical, espacial y corporal kinest\u00e9sica destacan entre las inteligencias m\u00faltiples asociadas a las bellas artes.<\/p>\n<p>&nbsp;<\/p>\n<p>La Pedagog\u00eda que utiliza la m\u00fasica, el canto, el dibujo, la pintura, el modelado, la danza, el mimo o teatro, entre otros como un medio de ense\u00f1anza y crecimiento personal. La educaci\u00f3n por el arte se contrapone a la educaci\u00f3n para el arte, la cual enfatiza el desarrollo de destrezas vinculadas a la expresi\u00f3n art\u00edstica.<\/p>\n<p>&nbsp;<\/p>\n<p><strong>La expresi\u00f3n personal por medio del arte<\/strong><\/p>\n<p>&nbsp;<\/p>\n<ul>\n<li>Los diferentes medios de expresi\u00f3n art\u00edstica son lenguajes de sentimientos, anhelos y deseos que permiten identificarse con aspectos de la sensibi\u00adlidad perceptiva.<\/li>\n<li>La m\u00fasica es un lenguaje universal de melod\u00edas, ritmos y sonidos.<\/li>\n<li>El dibujo y la escultura son lenguajes de formas, dimensiones, proporciones, colores y texturas.<\/li>\n<li>La danza es un lenguaje corporal y anest\u00e9sico.<\/li>\n<li>Expresar la misma idea o emoci\u00f3n, en diferentes lenguajes art\u00edsticos, desarrollar\u00e1 la creatividad e ima\u00adginaci\u00f3n de cualquier persona, pero principalmente de los ni\u00f1os.<\/li>\n<\/ul>\n<p>&nbsp;<\/p>\n<p><strong>Pasos pedag\u00f3gicos para la educaci\u00f3n por el arte<\/strong><\/p>\n<p>&nbsp;<\/p>\n<p>Se\u00f1alaremos tres principios b\u00e1sicos de la educa\u00adci\u00f3n por el arte:<\/p>\n<p>&nbsp;<\/p>\n<ol>\n<li><strong>Desarrollo de la sensibilidad<\/strong> para percibir, eva\u00adluar, diferenciar y disfrutar formas, tama\u00f1os, colores, texturas, melod\u00edas, movimientos y espacios. En este proceso de sensibilizaci\u00f3n juegan un papel fundamental los facilitadores, quienes deber\u00e1n tener la capacidad de trans\u00admitir, gozar y asombrarse de las expresiones art\u00edsticas.<\/li>\n<\/ol>\n<p>&nbsp;<\/p>\n<ol start=\"2\">\n<li><strong>Desarrollo de la capacidad<\/strong> de expresar y comunicar a trav\u00e9s de los distintos medios art\u00edsticos. Para ello, se requiere disponer de un espacio, materiales y est\u00edmulos necesarios, para que por medio de la pr\u00e1ctica se perfeccionen las destre\u00adzas, y finalmente pueda expresarse y comunicarse con fluidez.<\/li>\n<\/ol>\n<p>&nbsp;<\/p>\n<ol start=\"3\">\n<li><strong>Desarrollo de facultades creadoras<\/strong> relacionadas con determinadas expresiones art\u00edsticas. Una vez que se conoce el resultado de la com\u00adbinaci\u00f3n de varias destrezas, se puede experimen\u00adtar con ellas, d\u00e1ndoles una nueva forma a su expresi\u00f3n art\u00edstica. En el desarrollo de estas facultades creadoras juega un papel fundamen\u00adtal el juego.<\/li>\n<\/ol>\n<p>&nbsp;<\/p>\n<p>Las consideraciones anteriores son importan\u00adtes, pues no hay educaci\u00f3n por el arte sin una sensibilizaci\u00f3n previa, y no hay creaci\u00f3n posible si antes no se desarrollan la capacidad de expresi\u00f3n y comunicaci\u00f3n. Pero ante todo es necesario tener siempre en cuenta que el arte es recreaci\u00f3n y creatividad que nace en espacios l\u00fadicos y ambientes alegres.<\/p>\n<p>&nbsp;<\/p>\n<p>En conclusi\u00f3n \u201cal propiciar nuevas formas de ver el mundo, el arte fortalece las habilidades sociales y cognitivas, pues el en aprecio de expresiones art\u00edsticas con registros diferenciados se ponen en juego valores y significados compartidos; as\u00ed como un pensamiento m\u00e1s flexible para construir formas de relaci\u00f3n m\u00e1s creativas, en la intersubjetividad\u201d.\u00a0 (Hern\u00e1ndez 2007)<\/p>\n<p>&nbsp;<\/p>\n<p>El arte se elabora en la producci\u00f3n, reconocimiento y negociaci\u00f3n de significados que provoca una experiencia art\u00edstica, con todos los valores educativos, simb\u00f3licos y performativos que posee para integrarse en cada historia de vida y en cada biograf\u00eda personal, transformando la manera de sentir y de pensar, de mirarse y de mirar como forma de presentar y entender una educaci\u00f3n, en la que los alumnos aprendan a dar cuenta de las indagaciones en las que dan sentido al mundo y a sus relaciones rec\u00edprocas con otros y consigo mismos.<\/p>\n<p>&nbsp;<\/p>\n<p>En otras palabras, en el campo de la educaci\u00f3n el proceso creador es formativo porque supone un proceso de de-codificaci\u00f3n de saberes, de reelaboraci\u00f3n de significados y creencias en una perspectiva transformada del quehacer docente, y si bien el arte no es la v\u00eda directa a los conocimientos pedag\u00f3gicos que los docentes requieren, s\u00ed puede ser un detonante, al despertar el inter\u00e9s sobre otras perspectivas de conocimiento, de enriquecimiento de su capital cultural, donde la fuerza del elemento est\u00e9tico puede desatar procesos de reflexi\u00f3n y cambio en su pr\u00e1ctica cotidiana.<\/p>\n<p>&nbsp;<\/p>\n<p>\u201cLa educaci\u00f3n por el arte proporciona espacios para la utilizaci\u00f3n de los recursos cognitivos-afectivos y conductuales que un ni\u00f1o requiere para resolver situaciones cotidianas de interacci\u00f3n social, ello depender\u00e1 de la percepci\u00f3n de sus propias habilidades para generar alternativas de soluci\u00f3n frente a un problema, para regular sus emociones, para pensar en las consecuencias de cada acci\u00f3n y, finalmente, para adoptar la mejor decisi\u00f3n\u201d. (Eisner, 2002)<\/p>\n<p><a href=\"https:\/\/www.eldiario.net\/portal\/wp-content\/uploads\/2021\/08\/IE-Mas.png\"><img loading=\"lazy\" decoding=\"async\" class=\"aligncenter size-large wp-image-23853\" src=\"https:\/\/www.eldiario.net\/portal\/wp-content\/uploads\/2021\/08\/IE-Mas-525x1024.png\" alt=\"\" width=\"525\" height=\"1024\" \/><\/a><\/p>\n","protected":false},"excerpt":{"rendered":"<p>Continuando con la mejor forma de introducir la aplicaci\u00f3n de las neurociencias en la vida de cada persona, con la finalidad de hacer m\u00e1s real y m\u00e1s cotidiana este enfoque y estas herramientas. Veamos la segunda acci\u00f3n. &nbsp; 2\u00b0 Acci\u00f3n &#8211; Valerse de las artes para favorecer procesos cognitivos y generar atenci\u00f3n hacia el aprendizaje [&hellip;]<\/p>\n","protected":false},"author":1,"featured_media":23850,"comment_status":"closed","ping_status":"closed","sticky":false,"template":"","format":"standard","meta":{"_acf_changed":false,"footnotes":""},"categories":[43],"tags":[],"class_list":["post-23849","post","type-post","status-publish","format-standard","has-post-thumbnail","category-nuevos-horizontes"],"acf":{"antetitulo":""},"yoast_head":"<!-- This site is optimized with the Yoast SEO plugin v28.4 - https:\/\/yoast.com\/product\/yoast-seo-wordpress\/ -->\n<title>Neurociencias aplicadas a la vida diaria - El Diario - Bolivia<\/title>\n<meta name=\"robots\" content=\"index, follow, max-snippet:-1, max-image-preview:large, max-video-preview:-1\" \/>\n<link rel=\"canonical\" href=\"https:\/\/www.eldiario.net\/portal\/2021\/08\/17\/neurociencias-aplicadas-a-la-vida-diaria-2\/\" \/>\n<meta property=\"og:locale\" content=\"es_ES\" \/>\n<meta property=\"og:type\" content=\"article\" \/>\n<meta property=\"og:title\" content=\"Neurociencias aplicadas a la vida diaria - El Diario - Bolivia\" \/>\n<meta property=\"og:description\" content=\"Continuando con la mejor forma de introducir la aplicaci\u00f3n de las neurociencias en la vida de cada persona, con la finalidad de hacer m\u00e1s real y m\u00e1s cotidiana este enfoque y estas herramientas. Veamos la segunda acci\u00f3n. &nbsp; 2\u00b0 Acci\u00f3n &#8211; Valerse de las artes para favorecer procesos cognitivos y generar atenci\u00f3n hacia el aprendizaje [&hellip;]\" \/>\n<meta property=\"og:url\" content=\"https:\/\/www.eldiario.net\/portal\/2021\/08\/17\/neurociencias-aplicadas-a-la-vida-diaria-2\/\" \/>\n<meta property=\"og:site_name\" content=\"El Diario - Bolivia\" \/>\n<meta property=\"article:publisher\" content=\"https:\/\/www.facebook.com\/eldiario.bolivia\/\" \/>\n<meta property=\"article:published_time\" content=\"2021-08-17T09:32:05+00:00\" \/>\n<meta name=\"author\" content=\"Jeanette\" \/>\n<meta name=\"twitter:card\" content=\"summary_large_image\" \/>\n<meta name=\"twitter:creator\" content=\"@eldiario_net\" \/>\n<meta name=\"twitter:site\" content=\"@eldiario_net\" \/>\n<meta name=\"twitter:label1\" content=\"Escrito por\" \/>\n\t<meta name=\"twitter:data1\" content=\"Jeanette\" \/>\n\t<meta name=\"twitter:label2\" content=\"Tiempo de lectura\" \/>\n\t<meta name=\"twitter:data2\" content=\"8 minutos\" \/>\n<script type=\"application\/ld+json\" class=\"yoast-schema-graph\">{\"@context\":\"https:\\\/\\\/schema.org\",\"@graph\":[{\"@type\":\"Article\",\"@id\":\"https:\\\/\\\/www.eldiario.net\\\/portal\\\/2021\\\/08\\\/17\\\/neurociencias-aplicadas-a-la-vida-diaria-2\\\/#article\",\"isPartOf\":{\"@id\":\"https:\\\/\\\/www.eldiario.net\\\/portal\\\/2021\\\/08\\\/17\\\/neurociencias-aplicadas-a-la-vida-diaria-2\\\/\"},\"author\":{\"name\":\"Jeanette\",\"@id\":\"https:\\\/\\\/www.eldiario.net\\\/portal\\\/#\\\/schema\\\/person\\\/f46445640444750d7d753ccd04ae01b7\"},\"headline\":\"Neurociencias aplicadas a la vida diaria\",\"datePublished\":\"2021-08-17T09:32:05+00:00\",\"mainEntityOfPage\":{\"@id\":\"https:\\\/\\\/www.eldiario.net\\\/portal\\\/2021\\\/08\\\/17\\\/neurociencias-aplicadas-a-la-vida-diaria-2\\\/\"},\"wordCount\":1800,\"publisher\":{\"@id\":\"https:\\\/\\\/www.eldiario.net\\\/portal\\\/#organization\"},\"image\":{\"@id\":\"https:\\\/\\\/www.eldiario.net\\\/portal\\\/2021\\\/08\\\/17\\\/neurociencias-aplicadas-a-la-vida-diaria-2\\\/#primaryimage\"},\"thumbnailUrl\":\"\",\"articleSection\":[\"Nuevos Horizontes\"],\"inLanguage\":\"es\"},{\"@type\":\"WebPage\",\"@id\":\"https:\\\/\\\/www.eldiario.net\\\/portal\\\/2021\\\/08\\\/17\\\/neurociencias-aplicadas-a-la-vida-diaria-2\\\/\",\"url\":\"https:\\\/\\\/www.eldiario.net\\\/portal\\\/2021\\\/08\\\/17\\\/neurociencias-aplicadas-a-la-vida-diaria-2\\\/\",\"name\":\"Neurociencias aplicadas a la vida diaria - El Diario - Bolivia\",\"isPartOf\":{\"@id\":\"https:\\\/\\\/www.eldiario.net\\\/portal\\\/#website\"},\"primaryImageOfPage\":{\"@id\":\"https:\\\/\\\/www.eldiario.net\\\/portal\\\/2021\\\/08\\\/17\\\/neurociencias-aplicadas-a-la-vida-diaria-2\\\/#primaryimage\"},\"image\":{\"@id\":\"https:\\\/\\\/www.eldiario.net\\\/portal\\\/2021\\\/08\\\/17\\\/neurociencias-aplicadas-a-la-vida-diaria-2\\\/#primaryimage\"},\"thumbnailUrl\":\"\",\"datePublished\":\"2021-08-17T09:32:05+00:00\",\"breadcrumb\":{\"@id\":\"https:\\\/\\\/www.eldiario.net\\\/portal\\\/2021\\\/08\\\/17\\\/neurociencias-aplicadas-a-la-vida-diaria-2\\\/#breadcrumb\"},\"inLanguage\":\"es\",\"potentialAction\":[{\"@type\":\"ReadAction\",\"target\":[\"https:\\\/\\\/www.eldiario.net\\\/portal\\\/2021\\\/08\\\/17\\\/neurociencias-aplicadas-a-la-vida-diaria-2\\\/\"]}]},{\"@type\":\"ImageObject\",\"inLanguage\":\"es\",\"@id\":\"https:\\\/\\\/www.eldiario.net\\\/portal\\\/2021\\\/08\\\/17\\\/neurociencias-aplicadas-a-la-vida-diaria-2\\\/#primaryimage\",\"url\":\"\",\"contentUrl\":\"\"},{\"@type\":\"BreadcrumbList\",\"@id\":\"https:\\\/\\\/www.eldiario.net\\\/portal\\\/2021\\\/08\\\/17\\\/neurociencias-aplicadas-a-la-vida-diaria-2\\\/#breadcrumb\",\"itemListElement\":[{\"@type\":\"ListItem\",\"position\":1,\"name\":\"Portada\",\"item\":\"https:\\\/\\\/www.eldiario.net\\\/portal\\\/\"},{\"@type\":\"ListItem\",\"position\":2,\"name\":\"Neurociencias aplicadas a la vida diaria\"}]},{\"@type\":\"WebSite\",\"@id\":\"https:\\\/\\\/www.eldiario.net\\\/portal\\\/#website\",\"url\":\"https:\\\/\\\/www.eldiario.net\\\/portal\\\/\",\"name\":\"El Diario - Decano de la prensa nacional\",\"description\":\"El Diario - Decano de la prensa nacional\",\"publisher\":{\"@id\":\"https:\\\/\\\/www.eldiario.net\\\/portal\\\/#organization\"},\"potentialAction\":[{\"@type\":\"SearchAction\",\"target\":{\"@type\":\"EntryPoint\",\"urlTemplate\":\"https:\\\/\\\/www.eldiario.net\\\/portal\\\/?s={search_term_string}\"},\"query-input\":{\"@type\":\"PropertyValueSpecification\",\"valueRequired\":true,\"valueName\":\"search_term_string\"}}],\"inLanguage\":\"es\"},{\"@type\":\"Organization\",\"@id\":\"https:\\\/\\\/www.eldiario.net\\\/portal\\\/#organization\",\"name\":\"El Diario - Decano de la prensa nacional\",\"url\":\"https:\\\/\\\/www.eldiario.net\\\/portal\\\/\",\"logo\":{\"@type\":\"ImageObject\",\"inLanguage\":\"es\",\"@id\":\"https:\\\/\\\/www.eldiario.net\\\/portal\\\/#\\\/schema\\\/logo\\\/image\\\/\",\"url\":\"https:\\\/\\\/www.eldiario.net\\\/portal\\\/wp-content\\\/uploads\\\/2023\\\/07\\\/logo_ED.jpg\",\"contentUrl\":\"https:\\\/\\\/www.eldiario.net\\\/portal\\\/wp-content\\\/uploads\\\/2023\\\/07\\\/logo_ED.jpg\",\"width\":272,\"height\":52,\"caption\":\"El Diario - Decano de la prensa nacional\"},\"image\":{\"@id\":\"https:\\\/\\\/www.eldiario.net\\\/portal\\\/#\\\/schema\\\/logo\\\/image\\\/\"},\"sameAs\":[\"https:\\\/\\\/www.facebook.com\\\/eldiario.bolivia\\\/\",\"https:\\\/\\\/x.com\\\/eldiario_net\"]},{\"@type\":\"Person\",\"@id\":\"https:\\\/\\\/www.eldiario.net\\\/portal\\\/#\\\/schema\\\/person\\\/f46445640444750d7d753ccd04ae01b7\",\"name\":\"Jeanette\",\"image\":{\"@type\":\"ImageObject\",\"inLanguage\":\"es\",\"@id\":\"https:\\\/\\\/secure.gravatar.com\\\/avatar\\\/3ea2118a5f7dad2b7138b1187a6b7ee55f160b9968b66013c3a3ef39dd7e5798?s=96&d=mm&r=g\",\"url\":\"https:\\\/\\\/secure.gravatar.com\\\/avatar\\\/3ea2118a5f7dad2b7138b1187a6b7ee55f160b9968b66013c3a3ef39dd7e5798?s=96&d=mm&r=g\",\"contentUrl\":\"https:\\\/\\\/secure.gravatar.com\\\/avatar\\\/3ea2118a5f7dad2b7138b1187a6b7ee55f160b9968b66013c3a3ef39dd7e5798?s=96&d=mm&r=g\",\"caption\":\"Jeanette\"},\"sameAs\":[\"https:\\\/\\\/www.eldiario.net\\\/portal\"],\"url\":\"https:\\\/\\\/www.eldiario.net\\\/portal\\\/author\\\/jeanette\\\/\"}]}<\/script>\n<!-- \/ Yoast SEO plugin. -->","yoast_head_json":{"title":"Neurociencias aplicadas a la vida diaria - El Diario - Bolivia","robots":{"index":"index","follow":"follow","max-snippet":"max-snippet:-1","max-image-preview":"max-image-preview:large","max-video-preview":"max-video-preview:-1"},"canonical":"https:\/\/www.eldiario.net\/portal\/2021\/08\/17\/neurociencias-aplicadas-a-la-vida-diaria-2\/","og_locale":"es_ES","og_type":"article","og_title":"Neurociencias aplicadas a la vida diaria - El Diario - Bolivia","og_description":"Continuando con la mejor forma de introducir la aplicaci\u00f3n de las neurociencias en la vida de cada persona, con la finalidad de hacer m\u00e1s real y m\u00e1s cotidiana este enfoque y estas herramientas. Veamos la segunda acci\u00f3n. &nbsp; 2\u00b0 Acci\u00f3n &#8211; Valerse de las artes para favorecer procesos cognitivos y generar atenci\u00f3n hacia el aprendizaje [&hellip;]","og_url":"https:\/\/www.eldiario.net\/portal\/2021\/08\/17\/neurociencias-aplicadas-a-la-vida-diaria-2\/","og_site_name":"El Diario - Bolivia","article_publisher":"https:\/\/www.facebook.com\/eldiario.bolivia\/","article_published_time":"2021-08-17T09:32:05+00:00","author":"Jeanette","twitter_card":"summary_large_image","twitter_creator":"@eldiario_net","twitter_site":"@eldiario_net","twitter_misc":{"Escrito por":"Jeanette","Tiempo de lectura":"8 minutos"},"schema":{"@context":"https:\/\/schema.org","@graph":[{"@type":"Article","@id":"https:\/\/www.eldiario.net\/portal\/2021\/08\/17\/neurociencias-aplicadas-a-la-vida-diaria-2\/#article","isPartOf":{"@id":"https:\/\/www.eldiario.net\/portal\/2021\/08\/17\/neurociencias-aplicadas-a-la-vida-diaria-2\/"},"author":{"name":"Jeanette","@id":"https:\/\/www.eldiario.net\/portal\/#\/schema\/person\/f46445640444750d7d753ccd04ae01b7"},"headline":"Neurociencias aplicadas a la vida diaria","datePublished":"2021-08-17T09:32:05+00:00","mainEntityOfPage":{"@id":"https:\/\/www.eldiario.net\/portal\/2021\/08\/17\/neurociencias-aplicadas-a-la-vida-diaria-2\/"},"wordCount":1800,"publisher":{"@id":"https:\/\/www.eldiario.net\/portal\/#organization"},"image":{"@id":"https:\/\/www.eldiario.net\/portal\/2021\/08\/17\/neurociencias-aplicadas-a-la-vida-diaria-2\/#primaryimage"},"thumbnailUrl":"","articleSection":["Nuevos Horizontes"],"inLanguage":"es"},{"@type":"WebPage","@id":"https:\/\/www.eldiario.net\/portal\/2021\/08\/17\/neurociencias-aplicadas-a-la-vida-diaria-2\/","url":"https:\/\/www.eldiario.net\/portal\/2021\/08\/17\/neurociencias-aplicadas-a-la-vida-diaria-2\/","name":"Neurociencias aplicadas a la vida diaria - El Diario - Bolivia","isPartOf":{"@id":"https:\/\/www.eldiario.net\/portal\/#website"},"primaryImageOfPage":{"@id":"https:\/\/www.eldiario.net\/portal\/2021\/08\/17\/neurociencias-aplicadas-a-la-vida-diaria-2\/#primaryimage"},"image":{"@id":"https:\/\/www.eldiario.net\/portal\/2021\/08\/17\/neurociencias-aplicadas-a-la-vida-diaria-2\/#primaryimage"},"thumbnailUrl":"","datePublished":"2021-08-17T09:32:05+00:00","breadcrumb":{"@id":"https:\/\/www.eldiario.net\/portal\/2021\/08\/17\/neurociencias-aplicadas-a-la-vida-diaria-2\/#breadcrumb"},"inLanguage":"es","potentialAction":[{"@type":"ReadAction","target":["https:\/\/www.eldiario.net\/portal\/2021\/08\/17\/neurociencias-aplicadas-a-la-vida-diaria-2\/"]}]},{"@type":"ImageObject","inLanguage":"es","@id":"https:\/\/www.eldiario.net\/portal\/2021\/08\/17\/neurociencias-aplicadas-a-la-vida-diaria-2\/#primaryimage","url":"","contentUrl":""},{"@type":"BreadcrumbList","@id":"https:\/\/www.eldiario.net\/portal\/2021\/08\/17\/neurociencias-aplicadas-a-la-vida-diaria-2\/#breadcrumb","itemListElement":[{"@type":"ListItem","position":1,"name":"Portada","item":"https:\/\/www.eldiario.net\/portal\/"},{"@type":"ListItem","position":2,"name":"Neurociencias aplicadas a la vida diaria"}]},{"@type":"WebSite","@id":"https:\/\/www.eldiario.net\/portal\/#website","url":"https:\/\/www.eldiario.net\/portal\/","name":"El Diario - Decano de la prensa nacional","description":"El Diario - Decano de la prensa nacional","publisher":{"@id":"https:\/\/www.eldiario.net\/portal\/#organization"},"potentialAction":[{"@type":"SearchAction","target":{"@type":"EntryPoint","urlTemplate":"https:\/\/www.eldiario.net\/portal\/?s={search_term_string}"},"query-input":{"@type":"PropertyValueSpecification","valueRequired":true,"valueName":"search_term_string"}}],"inLanguage":"es"},{"@type":"Organization","@id":"https:\/\/www.eldiario.net\/portal\/#organization","name":"El Diario - Decano de la prensa nacional","url":"https:\/\/www.eldiario.net\/portal\/","logo":{"@type":"ImageObject","inLanguage":"es","@id":"https:\/\/www.eldiario.net\/portal\/#\/schema\/logo\/image\/","url":"https:\/\/www.eldiario.net\/portal\/wp-content\/uploads\/2023\/07\/logo_ED.jpg","contentUrl":"https:\/\/www.eldiario.net\/portal\/wp-content\/uploads\/2023\/07\/logo_ED.jpg","width":272,"height":52,"caption":"El Diario - Decano de la prensa nacional"},"image":{"@id":"https:\/\/www.eldiario.net\/portal\/#\/schema\/logo\/image\/"},"sameAs":["https:\/\/www.facebook.com\/eldiario.bolivia\/","https:\/\/x.com\/eldiario_net"]},{"@type":"Person","@id":"https:\/\/www.eldiario.net\/portal\/#\/schema\/person\/f46445640444750d7d753ccd04ae01b7","name":"Jeanette","image":{"@type":"ImageObject","inLanguage":"es","@id":"https:\/\/secure.gravatar.com\/avatar\/3ea2118a5f7dad2b7138b1187a6b7ee55f160b9968b66013c3a3ef39dd7e5798?s=96&d=mm&r=g","url":"https:\/\/secure.gravatar.com\/avatar\/3ea2118a5f7dad2b7138b1187a6b7ee55f160b9968b66013c3a3ef39dd7e5798?s=96&d=mm&r=g","contentUrl":"https:\/\/secure.gravatar.com\/avatar\/3ea2118a5f7dad2b7138b1187a6b7ee55f160b9968b66013c3a3ef39dd7e5798?s=96&d=mm&r=g","caption":"Jeanette"},"sameAs":["https:\/\/www.eldiario.net\/portal"],"url":"https:\/\/www.eldiario.net\/portal\/author\/jeanette\/"}]}},"_links":{"self":[{"href":"https:\/\/www.eldiario.net\/portal\/wp-json\/wp\/v2\/posts\/23849","targetHints":{"allow":["GET"]}}],"collection":[{"href":"https:\/\/www.eldiario.net\/portal\/wp-json\/wp\/v2\/posts"}],"about":[{"href":"https:\/\/www.eldiario.net\/portal\/wp-json\/wp\/v2\/types\/post"}],"author":[{"embeddable":true,"href":"https:\/\/www.eldiario.net\/portal\/wp-json\/wp\/v2\/users\/1"}],"replies":[{"embeddable":true,"href":"https:\/\/www.eldiario.net\/portal\/wp-json\/wp\/v2\/comments?post=23849"}],"version-history":[{"count":0,"href":"https:\/\/www.eldiario.net\/portal\/wp-json\/wp\/v2\/posts\/23849\/revisions"}],"wp:attachment":[{"href":"https:\/\/www.eldiario.net\/portal\/wp-json\/wp\/v2\/media?parent=23849"}],"wp:term":[{"taxonomy":"category","embeddable":true,"href":"https:\/\/www.eldiario.net\/portal\/wp-json\/wp\/v2\/categories?post=23849"},{"taxonomy":"post_tag","embeddable":true,"href":"https:\/\/www.eldiario.net\/portal\/wp-json\/wp\/v2\/tags?post=23849"}],"curies":[{"name":"wp","href":"https:\/\/api.w.org\/{rel}","templated":true}]}}