{"id":238470,"date":"2024-08-04T07:29:50","date_gmt":"2024-08-04T11:29:50","guid":{"rendered":"https:\/\/www.eldiario.net\/portal\/?p=238470"},"modified":"2024-08-04T07:29:50","modified_gmt":"2024-08-04T11:29:50","slug":"maria-jose-ribera-lo-di-todo-estoy-muy-contenta","status":"publish","type":"post","link":"https:\/\/www.eldiario.net\/portal\/2024\/08\/04\/maria-jose-ribera-lo-di-todo-estoy-muy-contenta\/","title":{"rendered":"Mar\u00eda Jos\u00e9 Ribera: \u00abLo di todo. Estoy muy contenta\u00bb."},"content":{"rendered":"<p>La cruce\u00f1a Mar\u00eda Jos\u00e9 Ribera, de 27 a\u00f1os, expres\u00f3 tras competir en los Juegos Ol\u00edmpicos de Par\u00eds 2024 su sentimiento al debutar en la prueba de los 50 metros libres. \u201cLo di todo, me emocion\u00f3 mucho ver el apoyo de los bolivianos. Estoy muy contenta; quiz\u00e1s no fue el resultado que quer\u00eda, pero estuve cerca de mis marcas y seguir\u00e9 entrenando fuerte pensando en lo que se viene\u201d, manifest\u00f3 en una entrevista para la red Bolivisi\u00f3n.<br \/>\nRibera, quien lidera la nataci\u00f3n nacional, represent\u00f3 a Bolivia en la prueba de 50 metros libres, convirti\u00e9ndose en la tercera atleta boliviana en entrar en acci\u00f3n en el evento ol\u00edmpico. A pesar de quedar cuarta en su serie con un tiempo de 26 segundos y 7 cent\u00e9simas, no le alcanz\u00f3 para acceder a la siguiente instancia, donde solo avanzaron las 16 mejores posicionadas. Este desempe\u00f1o, aunque no le permiti\u00f3 avanzar, la coloc\u00f3 en el puesto 28 entre 79 competidoras, destacando su esfuerzo en una competencia de alto nivel.<br \/>\nLa nadadora cruce\u00f1a tambi\u00e9n revel\u00f3 que ha estado lidiando con un dolor en la espalda desde hace meses, aunque no lo considera una excusa. \u201cTengo una lesi\u00f3n desde hace tiempo; se acercaba la competici\u00f3n y el dolor aumentaba un poco m\u00e1s. Me imagino que es por el estr\u00e9s, pero no creo que me haya perjudicado mucho a la hora de la prueba\u201d, a\u00f1adi\u00f3, mostrando su determinaci\u00f3n y fortaleza mental.<br \/>\nRibera habl\u00f3 sobre los desaf\u00edos que se avecinan en los pr\u00f3ximos meses. \u201cHay un Mundial en Hungr\u00eda, y mi fuerte ahora son las pruebas de 25 metros. En esa modalidad estoy dentro de las 20 mejores\u00bb.<\/p>\n","protected":false},"excerpt":{"rendered":"<p>La cruce\u00f1a Mar\u00eda Jos\u00e9 Ribera, de 27 a\u00f1os, expres\u00f3 tras competir en los Juegos Ol\u00edmpicos de Par\u00eds 2024 su sentimiento al debutar en la prueba de los 50 metros libres. \u201cLo di todo, me emocion\u00f3 mucho ver el apoyo de los bolivianos. Estoy muy contenta; quiz\u00e1s no fue el resultado que quer\u00eda, pero estuve cerca [&hellip;]<\/p>\n","protected":false},"author":1,"featured_media":238471,"comment_status":"open","ping_status":"open","sticky":false,"template":"","format":"standard","meta":{"_acf_changed":false,"footnotes":""},"categories":[6,54],"tags":[],"class_list":["post-238470","post","type-post","status-publish","format-standard","has-post-thumbnail","category-deportes","category-olimpiadas-paris-2024"],"acf":{"antetitulo":""},"yoast_head":"<!-- This site is optimized with the Yoast SEO plugin v28.3 - https:\/\/yoast.com\/product\/yoast-seo-wordpress\/ -->\n<title>Mar\u00eda Jos\u00e9 Ribera: &quot;Lo di todo. Estoy muy contenta&quot;. - El Diario - Bolivia<\/title>\n<meta name=\"robots\" content=\"index, follow, max-snippet:-1, max-image-preview:large, max-video-preview:-1\" \/>\n<link rel=\"canonical\" href=\"https:\/\/www.eldiario.net\/portal\/2024\/08\/04\/maria-jose-ribera-lo-di-todo-estoy-muy-contenta\/\" \/>\n<meta property=\"og:locale\" content=\"es_ES\" \/>\n<meta property=\"og:type\" content=\"article\" \/>\n<meta property=\"og:title\" content=\"Mar\u00eda Jos\u00e9 Ribera: &quot;Lo di todo. Estoy muy contenta&quot;. - El Diario - Bolivia\" \/>\n<meta property=\"og:description\" content=\"La cruce\u00f1a Mar\u00eda Jos\u00e9 Ribera, de 27 a\u00f1os, expres\u00f3 tras competir en los Juegos Ol\u00edmpicos de Par\u00eds 2024 su sentimiento al debutar en la prueba de los 50 metros libres. \u201cLo di todo, me emocion\u00f3 mucho ver el apoyo de los bolivianos. Estoy muy contenta; quiz\u00e1s no fue el resultado que quer\u00eda, pero estuve cerca [&hellip;]\" \/>\n<meta property=\"og:url\" content=\"https:\/\/www.eldiario.net\/portal\/2024\/08\/04\/maria-jose-ribera-lo-di-todo-estoy-muy-contenta\/\" \/>\n<meta property=\"og:site_name\" content=\"El Diario - Bolivia\" \/>\n<meta property=\"article:publisher\" content=\"https:\/\/www.facebook.com\/eldiario.bolivia\/\" \/>\n<meta property=\"article:published_time\" content=\"2024-08-04T11:29:50+00:00\" \/>\n<meta property=\"og:image\" content=\"https:\/\/www.eldiario.net\/portal\/wp-content\/uploads\/2024\/08\/RIBERA.jpg\" \/>\n\t<meta property=\"og:image:width\" content=\"1200\" \/>\n\t<meta property=\"og:image:height\" content=\"911\" \/>\n\t<meta property=\"og:image:type\" content=\"image\/jpeg\" \/>\n<meta name=\"author\" content=\"Jeanette\" \/>\n<meta name=\"twitter:card\" content=\"summary_large_image\" \/>\n<meta name=\"twitter:creator\" content=\"@eldiario_net\" \/>\n<meta name=\"twitter:site\" content=\"@eldiario_net\" \/>\n<meta name=\"twitter:label1\" content=\"Escrito por\" \/>\n\t<meta name=\"twitter:data1\" content=\"Jeanette\" \/>\n\t<meta name=\"twitter:label2\" content=\"Tiempo de lectura\" \/>\n\t<meta name=\"twitter:data2\" content=\"2 minutos\" \/>\n<script type=\"application\/ld+json\" class=\"yoast-schema-graph\">{\"@context\":\"https:\\\/\\\/schema.org\",\"@graph\":[{\"@type\":\"Article\",\"@id\":\"https:\\\/\\\/www.eldiario.net\\\/portal\\\/2024\\\/08\\\/04\\\/maria-jose-ribera-lo-di-todo-estoy-muy-contenta\\\/#article\",\"isPartOf\":{\"@id\":\"https:\\\/\\\/www.eldiario.net\\\/portal\\\/2024\\\/08\\\/04\\\/maria-jose-ribera-lo-di-todo-estoy-muy-contenta\\\/\"},\"author\":{\"name\":\"Jeanette\",\"@id\":\"https:\\\/\\\/www.eldiario.net\\\/portal\\\/#\\\/schema\\\/person\\\/f46445640444750d7d753ccd04ae01b7\"},\"headline\":\"Mar\u00eda Jos\u00e9 Ribera: \u00abLo di todo. Estoy muy contenta\u00bb.\",\"datePublished\":\"2024-08-04T11:29:50+00:00\",\"mainEntityOfPage\":{\"@id\":\"https:\\\/\\\/www.eldiario.net\\\/portal\\\/2024\\\/08\\\/04\\\/maria-jose-ribera-lo-di-todo-estoy-muy-contenta\\\/\"},\"wordCount\":293,\"commentCount\":0,\"publisher\":{\"@id\":\"https:\\\/\\\/www.eldiario.net\\\/portal\\\/#organization\"},\"image\":{\"@id\":\"https:\\\/\\\/www.eldiario.net\\\/portal\\\/2024\\\/08\\\/04\\\/maria-jose-ribera-lo-di-todo-estoy-muy-contenta\\\/#primaryimage\"},\"thumbnailUrl\":\"https:\\\/\\\/www.eldiario.net\\\/portal\\\/wp-content\\\/uploads\\\/2024\\\/08\\\/RIBERA.jpg\",\"articleSection\":[\"Deportes\",\"Olimpiadas Paris 2024\"],\"inLanguage\":\"es\",\"potentialAction\":[{\"@type\":\"CommentAction\",\"name\":\"Comment\",\"target\":[\"https:\\\/\\\/www.eldiario.net\\\/portal\\\/2024\\\/08\\\/04\\\/maria-jose-ribera-lo-di-todo-estoy-muy-contenta\\\/#respond\"]}]},{\"@type\":\"WebPage\",\"@id\":\"https:\\\/\\\/www.eldiario.net\\\/portal\\\/2024\\\/08\\\/04\\\/maria-jose-ribera-lo-di-todo-estoy-muy-contenta\\\/\",\"url\":\"https:\\\/\\\/www.eldiario.net\\\/portal\\\/2024\\\/08\\\/04\\\/maria-jose-ribera-lo-di-todo-estoy-muy-contenta\\\/\",\"name\":\"Mar\u00eda Jos\u00e9 Ribera: \\\"Lo di todo. Estoy muy contenta\\\". - El Diario - Bolivia\",\"isPartOf\":{\"@id\":\"https:\\\/\\\/www.eldiario.net\\\/portal\\\/#website\"},\"primaryImageOfPage\":{\"@id\":\"https:\\\/\\\/www.eldiario.net\\\/portal\\\/2024\\\/08\\\/04\\\/maria-jose-ribera-lo-di-todo-estoy-muy-contenta\\\/#primaryimage\"},\"image\":{\"@id\":\"https:\\\/\\\/www.eldiario.net\\\/portal\\\/2024\\\/08\\\/04\\\/maria-jose-ribera-lo-di-todo-estoy-muy-contenta\\\/#primaryimage\"},\"thumbnailUrl\":\"https:\\\/\\\/www.eldiario.net\\\/portal\\\/wp-content\\\/uploads\\\/2024\\\/08\\\/RIBERA.jpg\",\"datePublished\":\"2024-08-04T11:29:50+00:00\",\"breadcrumb\":{\"@id\":\"https:\\\/\\\/www.eldiario.net\\\/portal\\\/2024\\\/08\\\/04\\\/maria-jose-ribera-lo-di-todo-estoy-muy-contenta\\\/#breadcrumb\"},\"inLanguage\":\"es\",\"potentialAction\":[{\"@type\":\"ReadAction\",\"target\":[\"https:\\\/\\\/www.eldiario.net\\\/portal\\\/2024\\\/08\\\/04\\\/maria-jose-ribera-lo-di-todo-estoy-muy-contenta\\\/\"]}]},{\"@type\":\"ImageObject\",\"inLanguage\":\"es\",\"@id\":\"https:\\\/\\\/www.eldiario.net\\\/portal\\\/2024\\\/08\\\/04\\\/maria-jose-ribera-lo-di-todo-estoy-muy-contenta\\\/#primaryimage\",\"url\":\"https:\\\/\\\/www.eldiario.net\\\/portal\\\/wp-content\\\/uploads\\\/2024\\\/08\\\/RIBERA.jpg\",\"contentUrl\":\"https:\\\/\\\/www.eldiario.net\\\/portal\\\/wp-content\\\/uploads\\\/2024\\\/08\\\/RIBERA.jpg\",\"width\":1200,\"height\":911},{\"@type\":\"BreadcrumbList\",\"@id\":\"https:\\\/\\\/www.eldiario.net\\\/portal\\\/2024\\\/08\\\/04\\\/maria-jose-ribera-lo-di-todo-estoy-muy-contenta\\\/#breadcrumb\",\"itemListElement\":[{\"@type\":\"ListItem\",\"position\":1,\"name\":\"Portada\",\"item\":\"https:\\\/\\\/www.eldiario.net\\\/portal\\\/\"},{\"@type\":\"ListItem\",\"position\":2,\"name\":\"Mar\u00eda Jos\u00e9 Ribera: \u00abLo di todo. Estoy muy contenta\u00bb.\"}]},{\"@type\":\"WebSite\",\"@id\":\"https:\\\/\\\/www.eldiario.net\\\/portal\\\/#website\",\"url\":\"https:\\\/\\\/www.eldiario.net\\\/portal\\\/\",\"name\":\"El Diario - Decano de la prensa nacional\",\"description\":\"El Diario - Decano de la prensa nacional\",\"publisher\":{\"@id\":\"https:\\\/\\\/www.eldiario.net\\\/portal\\\/#organization\"},\"potentialAction\":[{\"@type\":\"SearchAction\",\"target\":{\"@type\":\"EntryPoint\",\"urlTemplate\":\"https:\\\/\\\/www.eldiario.net\\\/portal\\\/?s={search_term_string}\"},\"query-input\":{\"@type\":\"PropertyValueSpecification\",\"valueRequired\":true,\"valueName\":\"search_term_string\"}}],\"inLanguage\":\"es\"},{\"@type\":\"Organization\",\"@id\":\"https:\\\/\\\/www.eldiario.net\\\/portal\\\/#organization\",\"name\":\"El Diario - Decano de la prensa nacional\",\"url\":\"https:\\\/\\\/www.eldiario.net\\\/portal\\\/\",\"logo\":{\"@type\":\"ImageObject\",\"inLanguage\":\"es\",\"@id\":\"https:\\\/\\\/www.eldiario.net\\\/portal\\\/#\\\/schema\\\/logo\\\/image\\\/\",\"url\":\"https:\\\/\\\/www.eldiario.net\\\/portal\\\/wp-content\\\/uploads\\\/2023\\\/07\\\/logo_ED.jpg\",\"contentUrl\":\"https:\\\/\\\/www.eldiario.net\\\/portal\\\/wp-content\\\/uploads\\\/2023\\\/07\\\/logo_ED.jpg\",\"width\":272,\"height\":52,\"caption\":\"El Diario - Decano de la prensa nacional\"},\"image\":{\"@id\":\"https:\\\/\\\/www.eldiario.net\\\/portal\\\/#\\\/schema\\\/logo\\\/image\\\/\"},\"sameAs\":[\"https:\\\/\\\/www.facebook.com\\\/eldiario.bolivia\\\/\",\"https:\\\/\\\/x.com\\\/eldiario_net\"]},{\"@type\":\"Person\",\"@id\":\"https:\\\/\\\/www.eldiario.net\\\/portal\\\/#\\\/schema\\\/person\\\/f46445640444750d7d753ccd04ae01b7\",\"name\":\"Jeanette\",\"image\":{\"@type\":\"ImageObject\",\"inLanguage\":\"es\",\"@id\":\"https:\\\/\\\/secure.gravatar.com\\\/avatar\\\/3ea2118a5f7dad2b7138b1187a6b7ee55f160b9968b66013c3a3ef39dd7e5798?s=96&d=mm&r=g\",\"url\":\"https:\\\/\\\/secure.gravatar.com\\\/avatar\\\/3ea2118a5f7dad2b7138b1187a6b7ee55f160b9968b66013c3a3ef39dd7e5798?s=96&d=mm&r=g\",\"contentUrl\":\"https:\\\/\\\/secure.gravatar.com\\\/avatar\\\/3ea2118a5f7dad2b7138b1187a6b7ee55f160b9968b66013c3a3ef39dd7e5798?s=96&d=mm&r=g\",\"caption\":\"Jeanette\"},\"sameAs\":[\"https:\\\/\\\/www.eldiario.net\\\/portal\"],\"url\":\"https:\\\/\\\/www.eldiario.net\\\/portal\\\/author\\\/jeanette\\\/\"}]}<\/script>\n<!-- \/ Yoast SEO plugin. -->","yoast_head_json":{"title":"Mar\u00eda Jos\u00e9 Ribera: \"Lo di todo. Estoy muy contenta\". - El Diario - Bolivia","robots":{"index":"index","follow":"follow","max-snippet":"max-snippet:-1","max-image-preview":"max-image-preview:large","max-video-preview":"max-video-preview:-1"},"canonical":"https:\/\/www.eldiario.net\/portal\/2024\/08\/04\/maria-jose-ribera-lo-di-todo-estoy-muy-contenta\/","og_locale":"es_ES","og_type":"article","og_title":"Mar\u00eda Jos\u00e9 Ribera: \"Lo di todo. Estoy muy contenta\". - El Diario - Bolivia","og_description":"La cruce\u00f1a Mar\u00eda Jos\u00e9 Ribera, de 27 a\u00f1os, expres\u00f3 tras competir en los Juegos Ol\u00edmpicos de Par\u00eds 2024 su sentimiento al debutar en la prueba de los 50 metros libres. \u201cLo di todo, me emocion\u00f3 mucho ver el apoyo de los bolivianos. Estoy muy contenta; quiz\u00e1s no fue el resultado que quer\u00eda, pero estuve cerca [&hellip;]","og_url":"https:\/\/www.eldiario.net\/portal\/2024\/08\/04\/maria-jose-ribera-lo-di-todo-estoy-muy-contenta\/","og_site_name":"El Diario - Bolivia","article_publisher":"https:\/\/www.facebook.com\/eldiario.bolivia\/","article_published_time":"2024-08-04T11:29:50+00:00","og_image":[{"width":1200,"height":911,"url":"https:\/\/www.eldiario.net\/portal\/wp-content\/uploads\/2024\/08\/RIBERA.jpg","type":"image\/jpeg"}],"author":"Jeanette","twitter_card":"summary_large_image","twitter_creator":"@eldiario_net","twitter_site":"@eldiario_net","twitter_misc":{"Escrito por":"Jeanette","Tiempo de lectura":"2 minutos"},"schema":{"@context":"https:\/\/schema.org","@graph":[{"@type":"Article","@id":"https:\/\/www.eldiario.net\/portal\/2024\/08\/04\/maria-jose-ribera-lo-di-todo-estoy-muy-contenta\/#article","isPartOf":{"@id":"https:\/\/www.eldiario.net\/portal\/2024\/08\/04\/maria-jose-ribera-lo-di-todo-estoy-muy-contenta\/"},"author":{"name":"Jeanette","@id":"https:\/\/www.eldiario.net\/portal\/#\/schema\/person\/f46445640444750d7d753ccd04ae01b7"},"headline":"Mar\u00eda Jos\u00e9 Ribera: \u00abLo di todo. Estoy muy contenta\u00bb.","datePublished":"2024-08-04T11:29:50+00:00","mainEntityOfPage":{"@id":"https:\/\/www.eldiario.net\/portal\/2024\/08\/04\/maria-jose-ribera-lo-di-todo-estoy-muy-contenta\/"},"wordCount":293,"commentCount":0,"publisher":{"@id":"https:\/\/www.eldiario.net\/portal\/#organization"},"image":{"@id":"https:\/\/www.eldiario.net\/portal\/2024\/08\/04\/maria-jose-ribera-lo-di-todo-estoy-muy-contenta\/#primaryimage"},"thumbnailUrl":"https:\/\/www.eldiario.net\/portal\/wp-content\/uploads\/2024\/08\/RIBERA.jpg","articleSection":["Deportes","Olimpiadas Paris 2024"],"inLanguage":"es","potentialAction":[{"@type":"CommentAction","name":"Comment","target":["https:\/\/www.eldiario.net\/portal\/2024\/08\/04\/maria-jose-ribera-lo-di-todo-estoy-muy-contenta\/#respond"]}]},{"@type":"WebPage","@id":"https:\/\/www.eldiario.net\/portal\/2024\/08\/04\/maria-jose-ribera-lo-di-todo-estoy-muy-contenta\/","url":"https:\/\/www.eldiario.net\/portal\/2024\/08\/04\/maria-jose-ribera-lo-di-todo-estoy-muy-contenta\/","name":"Mar\u00eda Jos\u00e9 Ribera: \"Lo di todo. Estoy muy contenta\". - El Diario - Bolivia","isPartOf":{"@id":"https:\/\/www.eldiario.net\/portal\/#website"},"primaryImageOfPage":{"@id":"https:\/\/www.eldiario.net\/portal\/2024\/08\/04\/maria-jose-ribera-lo-di-todo-estoy-muy-contenta\/#primaryimage"},"image":{"@id":"https:\/\/www.eldiario.net\/portal\/2024\/08\/04\/maria-jose-ribera-lo-di-todo-estoy-muy-contenta\/#primaryimage"},"thumbnailUrl":"https:\/\/www.eldiario.net\/portal\/wp-content\/uploads\/2024\/08\/RIBERA.jpg","datePublished":"2024-08-04T11:29:50+00:00","breadcrumb":{"@id":"https:\/\/www.eldiario.net\/portal\/2024\/08\/04\/maria-jose-ribera-lo-di-todo-estoy-muy-contenta\/#breadcrumb"},"inLanguage":"es","potentialAction":[{"@type":"ReadAction","target":["https:\/\/www.eldiario.net\/portal\/2024\/08\/04\/maria-jose-ribera-lo-di-todo-estoy-muy-contenta\/"]}]},{"@type":"ImageObject","inLanguage":"es","@id":"https:\/\/www.eldiario.net\/portal\/2024\/08\/04\/maria-jose-ribera-lo-di-todo-estoy-muy-contenta\/#primaryimage","url":"https:\/\/www.eldiario.net\/portal\/wp-content\/uploads\/2024\/08\/RIBERA.jpg","contentUrl":"https:\/\/www.eldiario.net\/portal\/wp-content\/uploads\/2024\/08\/RIBERA.jpg","width":1200,"height":911},{"@type":"BreadcrumbList","@id":"https:\/\/www.eldiario.net\/portal\/2024\/08\/04\/maria-jose-ribera-lo-di-todo-estoy-muy-contenta\/#breadcrumb","itemListElement":[{"@type":"ListItem","position":1,"name":"Portada","item":"https:\/\/www.eldiario.net\/portal\/"},{"@type":"ListItem","position":2,"name":"Mar\u00eda Jos\u00e9 Ribera: \u00abLo di todo. Estoy muy contenta\u00bb."}]},{"@type":"WebSite","@id":"https:\/\/www.eldiario.net\/portal\/#website","url":"https:\/\/www.eldiario.net\/portal\/","name":"El Diario - Decano de la prensa nacional","description":"El Diario - Decano de la prensa nacional","publisher":{"@id":"https:\/\/www.eldiario.net\/portal\/#organization"},"potentialAction":[{"@type":"SearchAction","target":{"@type":"EntryPoint","urlTemplate":"https:\/\/www.eldiario.net\/portal\/?s={search_term_string}"},"query-input":{"@type":"PropertyValueSpecification","valueRequired":true,"valueName":"search_term_string"}}],"inLanguage":"es"},{"@type":"Organization","@id":"https:\/\/www.eldiario.net\/portal\/#organization","name":"El Diario - Decano de la prensa nacional","url":"https:\/\/www.eldiario.net\/portal\/","logo":{"@type":"ImageObject","inLanguage":"es","@id":"https:\/\/www.eldiario.net\/portal\/#\/schema\/logo\/image\/","url":"https:\/\/www.eldiario.net\/portal\/wp-content\/uploads\/2023\/07\/logo_ED.jpg","contentUrl":"https:\/\/www.eldiario.net\/portal\/wp-content\/uploads\/2023\/07\/logo_ED.jpg","width":272,"height":52,"caption":"El Diario - Decano de la prensa nacional"},"image":{"@id":"https:\/\/www.eldiario.net\/portal\/#\/schema\/logo\/image\/"},"sameAs":["https:\/\/www.facebook.com\/eldiario.bolivia\/","https:\/\/x.com\/eldiario_net"]},{"@type":"Person","@id":"https:\/\/www.eldiario.net\/portal\/#\/schema\/person\/f46445640444750d7d753ccd04ae01b7","name":"Jeanette","image":{"@type":"ImageObject","inLanguage":"es","@id":"https:\/\/secure.gravatar.com\/avatar\/3ea2118a5f7dad2b7138b1187a6b7ee55f160b9968b66013c3a3ef39dd7e5798?s=96&d=mm&r=g","url":"https:\/\/secure.gravatar.com\/avatar\/3ea2118a5f7dad2b7138b1187a6b7ee55f160b9968b66013c3a3ef39dd7e5798?s=96&d=mm&r=g","contentUrl":"https:\/\/secure.gravatar.com\/avatar\/3ea2118a5f7dad2b7138b1187a6b7ee55f160b9968b66013c3a3ef39dd7e5798?s=96&d=mm&r=g","caption":"Jeanette"},"sameAs":["https:\/\/www.eldiario.net\/portal"],"url":"https:\/\/www.eldiario.net\/portal\/author\/jeanette\/"}]}},"_links":{"self":[{"href":"https:\/\/www.eldiario.net\/portal\/wp-json\/wp\/v2\/posts\/238470","targetHints":{"allow":["GET"]}}],"collection":[{"href":"https:\/\/www.eldiario.net\/portal\/wp-json\/wp\/v2\/posts"}],"about":[{"href":"https:\/\/www.eldiario.net\/portal\/wp-json\/wp\/v2\/types\/post"}],"author":[{"embeddable":true,"href":"https:\/\/www.eldiario.net\/portal\/wp-json\/wp\/v2\/users\/1"}],"replies":[{"embeddable":true,"href":"https:\/\/www.eldiario.net\/portal\/wp-json\/wp\/v2\/comments?post=238470"}],"version-history":[{"count":1,"href":"https:\/\/www.eldiario.net\/portal\/wp-json\/wp\/v2\/posts\/238470\/revisions"}],"predecessor-version":[{"id":238472,"href":"https:\/\/www.eldiario.net\/portal\/wp-json\/wp\/v2\/posts\/238470\/revisions\/238472"}],"wp:featuredmedia":[{"embeddable":true,"href":"https:\/\/www.eldiario.net\/portal\/wp-json\/wp\/v2\/media\/238471"}],"wp:attachment":[{"href":"https:\/\/www.eldiario.net\/portal\/wp-json\/wp\/v2\/media?parent=238470"}],"wp:term":[{"taxonomy":"category","embeddable":true,"href":"https:\/\/www.eldiario.net\/portal\/wp-json\/wp\/v2\/categories?post=238470"},{"taxonomy":"post_tag","embeddable":true,"href":"https:\/\/www.eldiario.net\/portal\/wp-json\/wp\/v2\/tags?post=238470"}],"curies":[{"name":"wp","href":"https:\/\/api.w.org\/{rel}","templated":true}]}}